{"id":64543,"date":"2024-09-08T10:13:49","date_gmt":"2024-09-08T13:13:49","guid":{"rendered":"https:\/\/ismaelcolosi.com.br\/index.php\/2024\/09\/08\/atleta-da-regiao-de-ribeirao-preto-garante-bronze-nos-jogos-paralimpicos-de-paris\/"},"modified":"2024-09-08T10:13:49","modified_gmt":"2024-09-08T13:13:49","slug":"atleta-da-regiao-de-ribeirao-preto-garante-bronze-nos-jogos-paralimpicos-de-paris","status":"publish","type":"post","link":"https:\/\/ismaelcolosi.com.br\/index.php\/2024\/09\/08\/atleta-da-regiao-de-ribeirao-preto-garante-bronze-nos-jogos-paralimpicos-de-paris\/","title":{"rendered":"Atleta da regi\u00e3o de Ribeir\u00e3o Preto garante bronze nos Jogos Paral\u00edmpicos de Paris"},"content":{"rendered":"<p> <br \/>\n<\/p>\n<div data-td-block-uid=\"tdi_106\">\n<div class=\"tdb-block-inner td-fix-index\">\n<p>O atleta <strong>Christian Gabriel<\/strong>, natural de <strong>Sert\u00e3ozinho<\/strong>, cidade na <strong>regi\u00e3o de Ribeir\u00e3o Preto<\/strong>, ficou com a <strong>medalha de bronze<\/strong> nos <strong>Jogos Paral\u00edmpicos de Paris 2024<\/strong>, nos 200m da classe T37 (paralisados cerebrais).<\/p>\n<p>A prova foi disputada neste s\u00e1bado (7), na pista do Stade de Francem. Christian tem 22 anos e fez a marca de <strong>22s74<\/strong>. <mark style=\"background-color:#fcb900\" class=\"has-inline-color\">Outro brasileiro que subiu ao p\u00f3dio foi fluminense Ricardo Mendon\u00e7a, que <strong>ganhou a medalha de prata<\/strong> ap\u00f3s correr em 22s71.<\/mark><\/p>\n<p>O <strong>ouro <\/strong>ficou com Andrei Vdovin, que est\u00e1 no time de <strong>atletas paral\u00edmpicos neutros <\/strong>e fez a marca de 22s69.<\/p>\n<p><strong>Paralisia<\/strong><\/p>\n<p>Conforme o <strong><a href=\"https:\/\/cpb.org.br\/\" target=\"_blank\" rel=\"noreferrer noopener\">Comit\u00ea Paral\u00edmpico Brasileiro<\/a><\/strong>, a paralisia cerebral de Christian se manifestou <strong>ao longo da sua inf\u00e2ncia<\/strong>, sem diagn\u00f3stico exato.<\/p>\n<p>O rapaz<strong> come\u00e7ou no atletismo em 2018<\/strong>, atrav\u00e9s de um amigo que era atleta convencional e o apresentou \u00e0 modalidade.<\/p>\n<hr class=\"wp-block-separator has-alpha-channel-opacity\"\/>\n<p>SAIBA MAIS<\/p>\n<p>Goleiro do Monte Azul denuncia racismo ap\u00f3s jogo contra Comercial em Ribeir\u00e3o Preto<\/p>\n<h4 class=\"wp-block-heading\"><strong>FIQUE ON<\/strong><\/h4>\n<p>Fique ligado em tudo que acontece em Ribeir\u00e3o Preto e regi\u00e3o. Siga os perfis do\u00a0<strong>acidade on<\/strong>\u00a0no\u00a0<a href=\"https:\/\/www.instagram.com\/acidadeonribeirao\" target=\"_blank\" rel=\"noreferrer noopener\">Instagram\u00a0<\/a>e no\u00a0<a href=\"https:\/\/www.facebook.com\/acidadeonribeirao\/\" target=\"_blank\" rel=\"noreferrer noopener\">Facebook<\/a>.<\/p>\n<p>Receba not\u00edcias do\u00a0<strong>acidade on<\/strong>\u00a0no WhatsApp.\u00a0<a href=\"https:\/\/chat.whatsapp.com\/Dtv9mxhy6V5BJBotM2OQ5k\" target=\"_blank\" rel=\"noreferrer noopener\">Para entrar no grupo, basta clicar aqui.<\/a><\/p>\n<p>Fa\u00e7a uma den\u00fancia ou sugira uma reportagem sobre Ribeir\u00e3o Preto e regi\u00e3o pelo WhatsApp: 16 99117 7802.<\/p>\n<p>VEJA TAMB\u00c9M<\/p>\n<p>Qual a hist\u00f3ria do filme \u2018A Garota de Miller\u2019?<\/p>\n<p><!-- CONTENT END 1 -->\n<\/div>\n<\/div>\n<p><script async src=\"\/\/www.instagram.com\/embed.js\"><\/script><br \/>\n<br \/><br \/>\n<br \/><a href=\"https:\/\/www.acidadeon.com\/ribeiraopreto\/esportes\/atleta-da-regiao-de-ribeirao-preto-garante-bronze-nos-jogos-paralimpicos-de-paris\/\">Source link <\/a><\/p>\n","protected":false},"excerpt":{"rendered":"<p>O atleta Christian Gabriel, natural de Sert\u00e3ozinho, cidade na regi\u00e3o de Ribeir\u00e3o Preto, ficou com a medalha de bronze nos Jogos Paral\u00edmpicos de Paris 2024,&#8230;<\/p>\n","protected":false},"author":1,"featured_media":64544,"comment_status":"open","ping_status":"open","sticky":false,"template":"","format":"standard","meta":{"_uag_custom_page_level_css":"","advanced_seo_description":"","jetpack_seo_html_title":"","jetpack_seo_noindex":false,"jetpack_post_was_ever_published":false,"_jetpack_newsletter_access":"","_jetpack_dont_email_post_to_subs":false,"_jetpack_newsletter_tier_id":0,"_jetpack_memberships_contains_paywalled_content":false,"_jetpack_memberships_contains_paid_content":false,"footnotes":"","jetpack_publicize_message":"","jetpack_publicize_feature_enabled":true,"jetpack_social_post_already_shared":true,"jetpack_social_options":{"image_generator_settings":{"template":"highway","default_image_id":0,"font":"","enabled":false},"version":2}},"categories":[11],"tags":[],"class_list":["post-64543","post","type-post","status-publish","format-standard","has-post-thumbnail","hentry","category-noticias-de-ribeirao-preto-sp-e-regiao-ismael-colosi"],"jetpack_publicize_connections":[],"jetpack_featured_media_url":"https:\/\/i0.wp.com\/ismaelcolosi.com.br\/wp-content\/uploads\/2024\/09\/Atletismo_SA_038_2024-09-08_12-43-55_jpeg_2024-09-08_12-43-56.webp.webp?fit=2560%2C1706&ssl=1","uagb_featured_image_src":{"full":["https:\/\/i0.wp.com\/ismaelcolosi.com.br\/wp-content\/uploads\/2024\/09\/Atletismo_SA_038_2024-09-08_12-43-55_jpeg_2024-09-08_12-43-56.webp.webp?fit=2560%2C1706&ssl=1",2560,1706,false],"thumbnail":["https:\/\/i0.wp.com\/ismaelcolosi.com.br\/wp-content\/uploads\/2024\/09\/Atletismo_SA_038_2024-09-08_12-43-55_jpeg_2024-09-08_12-43-56.webp.webp?resize=150%2C150&ssl=1",150,150,true],"medium":["https:\/\/i0.wp.com\/ismaelcolosi.com.br\/wp-content\/uploads\/2024\/09\/Atletismo_SA_038_2024-09-08_12-43-55_jpeg_2024-09-08_12-43-56.webp.webp?fit=300%2C200&ssl=1",300,200,true],"medium_large":["https:\/\/i0.wp.com\/ismaelcolosi.com.br\/wp-content\/uploads\/2024\/09\/Atletismo_SA_038_2024-09-08_12-43-55_jpeg_2024-09-08_12-43-56.webp.webp?fit=768%2C512&ssl=1",768,512,true],"large":["https:\/\/i0.wp.com\/ismaelcolosi.com.br\/wp-content\/uploads\/2024\/09\/Atletismo_SA_038_2024-09-08_12-43-55_jpeg_2024-09-08_12-43-56.webp.webp?fit=1024%2C682&ssl=1",1024,682,true],"1536x1536":["https:\/\/i0.wp.com\/ismaelcolosi.com.br\/wp-content\/uploads\/2024\/09\/Atletismo_SA_038_2024-09-08_12-43-55_jpeg_2024-09-08_12-43-56.webp.webp?fit=1536%2C1024&ssl=1",1536,1024,true],"2048x2048":["https:\/\/i0.wp.com\/ismaelcolosi.com.br\/wp-content\/uploads\/2024\/09\/Atletismo_SA_038_2024-09-08_12-43-55_jpeg_2024-09-08_12-43-56.webp.webp?fit=2048%2C1365&ssl=1",2048,1365,true],"really-simple-thumb":["https:\/\/i0.wp.com\/ismaelcolosi.com.br\/wp-content\/uploads\/2024\/09\/Atletismo_SA_038_2024-09-08_12-43-55_jpeg_2024-09-08_12-43-56.webp.webp?resize=370%2C247&ssl=1",370,247,true]},"uagb_author_info":{"display_name":"ismaelcolosi.com.br","author_link":"https:\/\/ismaelcolosi.com.br\/index.php\/author\/vidareal-online\/"},"uagb_comment_info":0,"uagb_excerpt":"O atleta Christian Gabriel, natural de Sert\u00e3ozinho, cidade na regi\u00e3o de Ribeir\u00e3o Preto, ficou com a medalha de bronze nos Jogos Paral\u00edmpicos de Paris 2024,...","jetpack-related-posts":[{"id":64339,"url":"https:\/\/ismaelcolosi.com.br\/index.php\/2024\/09\/06\/atleta-de-ribeirao-preto-fica-com-a-prata-nos-jogos-paralimpicos-de-paris\/","url_meta":{"origin":64543,"position":0},"title":"Atleta de Ribeir\u00e3o Preto fica com a prata nos Jogos Paral\u00edmpicos de Paris","author":"ismaelcolosi.com.br","date":"6 de September de 2024","format":false,"excerpt":"A atleta Zileide Cassiano, de Ribeir\u00e3o Preto, ficou com a medalha de prata nos Jogos Paral\u00edmpicos de Paris 2024, na prova do salto em dist\u00e2ncia T20 (para atletas de pista com defici\u00eancia intelectual). Zileide fez a marca de 5,76 metros na prova disputada na tarde desta sexta-feira (6), no est\u00e1dio\u2026","rel":"","context":"In &quot;Not\u00edcias de Ribeir\u00e3o Preto-SP e Regi\u00e3o&quot;","block_context":{"text":"Not\u00edcias de Ribeir\u00e3o Preto-SP e Regi\u00e3o","link":"https:\/\/ismaelcolosi.com.br\/index.php\/category\/noticias-de-ribeirao-preto-sp-e-regiao-ismael-colosi\/"},"img":{"alt_text":"","src":"https:\/\/i0.wp.com\/ismaelcolosi.com.br\/wp-content\/uploads\/2024\/09\/zileide-cassiano_2024-09-06_20-40-53_jpg_2024-09-06_20-40-53.webp.webp?fit=980%2C632&ssl=1&resize=350%2C200","width":350,"height":200,"srcset":"https:\/\/i0.wp.com\/ismaelcolosi.com.br\/wp-content\/uploads\/2024\/09\/zileide-cassiano_2024-09-06_20-40-53_jpg_2024-09-06_20-40-53.webp.webp?fit=980%2C632&ssl=1&resize=350%2C200 1x, https:\/\/i0.wp.com\/ismaelcolosi.com.br\/wp-content\/uploads\/2024\/09\/zileide-cassiano_2024-09-06_20-40-53_jpg_2024-09-06_20-40-53.webp.webp?fit=980%2C632&ssl=1&resize=525%2C300 1.5x, https:\/\/i0.wp.com\/ismaelcolosi.com.br\/wp-content\/uploads\/2024\/09\/zileide-cassiano_2024-09-06_20-40-53_jpg_2024-09-06_20-40-53.webp.webp?fit=980%2C632&ssl=1&resize=700%2C400 2x"},"classes":[]},{"id":50654,"url":"https:\/\/ismaelcolosi.com.br\/index.php\/2024\/05\/17\/atleta-de-ribeirao-vence-mundial-e-conquista-vaga-nos-jogos-paralimpicos-de-paris\/","url_meta":{"origin":64543,"position":1},"title":"Atleta de Ribeir\u00e3o vence Mundial e conquista vaga nos Jogos Paral\u00edmpicos de Paris","author":"ismaelcolosi.com.br","date":"17 de May de 2024","format":false,"excerpt":"A atleta de Ribeir\u00e3o Preto Zileide Cassiano conquistou o t\u00edtulo do salto em dist\u00e2ncia classe T20 do Mundial de Atletismo Paral\u00edmpico, que acontece em Kobe, no Jap\u00e3o. A medalha de ouro veio nesta sexta-feira (17), quando Zileide saltou 5,80 metros. Com o resultado, a atleta de Ribeir\u00e3o Preto tamb\u00e9m garantiu\u2026","rel":"","context":"In &quot;Not\u00edcias de Ribeir\u00e3o Preto-SP e Regi\u00e3o&quot;","block_context":{"text":"Not\u00edcias de Ribeir\u00e3o Preto-SP e Regi\u00e3o","link":"https:\/\/ismaelcolosi.com.br\/index.php\/category\/noticias-de-ribeirao-preto-sp-e-regiao-ismael-colosi\/"},"img":{"alt_text":"","src":"https:\/\/i0.wp.com\/ismaelcolosi.com.br\/wp-content\/uploads\/2024\/05\/zileide-cassiano_2024-05-17_18-34-56_jpg_2024-05-17_18-34-56.webp.webp?fit=994%2C661&ssl=1&resize=350%2C200","width":350,"height":200,"srcset":"https:\/\/i0.wp.com\/ismaelcolosi.com.br\/wp-content\/uploads\/2024\/05\/zileide-cassiano_2024-05-17_18-34-56_jpg_2024-05-17_18-34-56.webp.webp?fit=994%2C661&ssl=1&resize=350%2C200 1x, https:\/\/i0.wp.com\/ismaelcolosi.com.br\/wp-content\/uploads\/2024\/05\/zileide-cassiano_2024-05-17_18-34-56_jpg_2024-05-17_18-34-56.webp.webp?fit=994%2C661&ssl=1&resize=525%2C300 1.5x, https:\/\/i0.wp.com\/ismaelcolosi.com.br\/wp-content\/uploads\/2024\/05\/zileide-cassiano_2024-05-17_18-34-56_jpg_2024-05-17_18-34-56.webp.webp?fit=994%2C661&ssl=1&resize=700%2C400 2x"},"classes":[]},{"id":62899,"url":"https:\/\/ismaelcolosi.com.br\/index.php\/2024\/08\/29\/atleta-paralimpica-da-regiao-de-ribeirao-disputa-o-triatlo-em-paris-veja-quando\/","url_meta":{"origin":64543,"position":2},"title":"Atleta paral\u00edmpica da regi\u00e3o de Ribeir\u00e3o disputa o Triatlo em Paris; Veja quando","author":"ismaelcolosi.com.br","date":"29 de August de 2024","format":false,"excerpt":"A triatleta brasileira J\u00e9ssica Messali, natural de Jaboticabal, cidade na regi\u00e3o de Ribeir\u00e3o Preto, disputa neste domingo (1\u00ba), o triatlo classe PTWC1 (para cadeirantes) nas Paral\u00edmpiadas de Paris. Em 2021, a brasileira de 36 anos conseguiu o quarto lugar e ficou a 1m24s de garantir medalha ao Brasil nos Jogos\u2026","rel":"","context":"In &quot;Not\u00edcias de Ribeir\u00e3o Preto-SP e Regi\u00e3o&quot;","block_context":{"text":"Not\u00edcias de Ribeir\u00e3o Preto-SP e Regi\u00e3o","link":"https:\/\/ismaelcolosi.com.br\/index.php\/category\/noticias-de-ribeirao-preto-sp-e-regiao-ismael-colosi\/"},"img":{"alt_text":"","src":"https:\/\/i0.wp.com\/ismaelcolosi.com.br\/wp-content\/uploads\/2024\/08\/51408623662_977167cff4_k-1-1024x684-1_2024-08-29_22-05-48.webp.webp?fit=1024%2C684&ssl=1&resize=350%2C200","width":350,"height":200,"srcset":"https:\/\/i0.wp.com\/ismaelcolosi.com.br\/wp-content\/uploads\/2024\/08\/51408623662_977167cff4_k-1-1024x684-1_2024-08-29_22-05-48.webp.webp?fit=1024%2C684&ssl=1&resize=350%2C200 1x, https:\/\/i0.wp.com\/ismaelcolosi.com.br\/wp-content\/uploads\/2024\/08\/51408623662_977167cff4_k-1-1024x684-1_2024-08-29_22-05-48.webp.webp?fit=1024%2C684&ssl=1&resize=525%2C300 1.5x, https:\/\/i0.wp.com\/ismaelcolosi.com.br\/wp-content\/uploads\/2024\/08\/51408623662_977167cff4_k-1-1024x684-1_2024-08-29_22-05-48.webp.webp?fit=1024%2C684&ssl=1&resize=700%2C400 2x"},"classes":[]},{"id":59593,"url":"https:\/\/ismaelcolosi.com.br\/index.php\/2024\/08\/09\/alison-dos-santos-e-bronze-nos-400-metros-com-barreiras-nas-olimpiadas-de-paris\/","url_meta":{"origin":64543,"position":3},"title":"Alison dos Santos \u00e9 bronze nos 400 metros com barreiras nas Olimp\u00edadas de Paris","author":"ismaelcolosi.com.br","date":"9 de August de 2024","format":false,"excerpt":"Alison dos Santos, o Piu, ficou em terceiro lugar e garantiu medalha de bronze na final dos 400 metros com barreiras, nos Jogos Ol\u00edmpicos de Paris 2024, nesta sexta-feira (9). O atleta \u00e9 nascido em S\u00e3o Joaquim da Barra, na regi\u00e3o de Ribeir\u00e3o Preto e era um dos favoritos na\u2026","rel":"","context":"In &quot;Not\u00edcias de Ribeir\u00e3o Preto-SP e Regi\u00e3o&quot;","block_context":{"text":"Not\u00edcias de Ribeir\u00e3o Preto-SP e Regi\u00e3o","link":"https:\/\/ismaelcolosi.com.br\/index.php\/category\/noticias-de-ribeirao-preto-sp-e-regiao-ismael-colosi\/"},"img":{"alt_text":"","src":"https:\/\/i0.wp.com\/ismaelcolosi.com.br\/wp-content\/uploads\/2024\/08\/alison-dos-santos-piu_2024-08-08_19-02-19_jpg_2024-08-08_19-02-19.webp.webp?fit=1080%2C717&ssl=1&resize=350%2C200","width":350,"height":200,"srcset":"https:\/\/i0.wp.com\/ismaelcolosi.com.br\/wp-content\/uploads\/2024\/08\/alison-dos-santos-piu_2024-08-08_19-02-19_jpg_2024-08-08_19-02-19.webp.webp?fit=1080%2C717&ssl=1&resize=350%2C200 1x, https:\/\/i0.wp.com\/ismaelcolosi.com.br\/wp-content\/uploads\/2024\/08\/alison-dos-santos-piu_2024-08-08_19-02-19_jpg_2024-08-08_19-02-19.webp.webp?fit=1080%2C717&ssl=1&resize=525%2C300 1.5x, https:\/\/i0.wp.com\/ismaelcolosi.com.br\/wp-content\/uploads\/2024\/08\/alison-dos-santos-piu_2024-08-08_19-02-19_jpg_2024-08-08_19-02-19.webp.webp?fit=1080%2C717&ssl=1&resize=700%2C400 2x, https:\/\/i0.wp.com\/ismaelcolosi.com.br\/wp-content\/uploads\/2024\/08\/alison-dos-santos-piu_2024-08-08_19-02-19_jpg_2024-08-08_19-02-19.webp.webp?fit=1080%2C717&ssl=1&resize=1050%2C600 3x"},"classes":[]},{"id":45332,"url":"https:\/\/ismaelcolosi.com.br\/index.php\/2024\/04\/03\/atleta-da-regiao-de-ribeirao-preto-sonha-com-a-medalha-de-ouro-nos-jogos-de-paris-2024\/","url_meta":{"origin":64543,"position":4},"title":"Atleta da regi\u00e3o de Ribeir\u00e3o Preto sonha com a medalha de ouro nos Jogos de Paris 2024","author":"ismaelcolosi.com.br","date":"3 de April de 2024","format":false,"excerpt":"O atleta Alisson dos Santos, o Piu, de S\u00e3o Joaquim da Barra, na regi\u00e3o de Ribeir\u00e3o Preto, sonha com a medalha de ouro nos Jogos Ol\u00edmpicos de Paris 2024. Em T\u00f3quio 2020, ele foi bronze na prova dos 400 metros com barreiras. Piu \u00e9 o terceiro melhor atleta do mundo\u2026","rel":"","context":"In &quot;Not\u00edcias de Ribeir\u00e3o Preto-SP e Regi\u00e3o&quot;","block_context":{"text":"Not\u00edcias de Ribeir\u00e3o Preto-SP e Regi\u00e3o","link":"https:\/\/ismaelcolosi.com.br\/index.php\/category\/noticias-de-ribeirao-preto-sp-e-regiao-ismael-colosi\/"},"img":{"alt_text":"","src":"https:\/\/i0.wp.com\/ismaelcolosi.com.br\/wp-content\/uploads\/2024\/04\/5dd3c926-f759-44b3-852f-8bc8a2a45920.jpeg?fit=760%2C507&ssl=1&resize=350%2C200","width":350,"height":200,"srcset":"https:\/\/i0.wp.com\/ismaelcolosi.com.br\/wp-content\/uploads\/2024\/04\/5dd3c926-f759-44b3-852f-8bc8a2a45920.jpeg?fit=760%2C507&ssl=1&resize=350%2C200 1x, https:\/\/i0.wp.com\/ismaelcolosi.com.br\/wp-content\/uploads\/2024\/04\/5dd3c926-f759-44b3-852f-8bc8a2a45920.jpeg?fit=760%2C507&ssl=1&resize=525%2C300 1.5x, https:\/\/i0.wp.com\/ismaelcolosi.com.br\/wp-content\/uploads\/2024\/04\/5dd3c926-f759-44b3-852f-8bc8a2a45920.jpeg?fit=760%2C507&ssl=1&resize=700%2C400 2x"},"classes":[]},{"id":46056,"url":"https:\/\/ismaelcolosi.com.br\/index.php\/2024\/04\/09\/atleta-de-ribeirao-preto-e-convocada-para-o-mundial-paralimpico-do-japao\/","url_meta":{"origin":64543,"position":5},"title":"Atleta de Ribeir\u00e3o Preto \u00e9 convocada para o Mundial Paral\u00edmpico do Jap\u00e3o","author":"ismaelcolosi.com.br","date":"9 de April de 2024","format":false,"excerpt":"A atleta Zileide Cassiano da Silva, de Ribeir\u00e3o Preto, foi convocada pelo Comit\u00ea Paral\u00edmpico Brasileiro para o Mundial de Atletismo Paral\u00edmpico, que ser\u00e1 disputado em Kobe, no Jap\u00e3o. O evento acontece entre 17 a 25 de maio. Zileide Cassiano vai disputar no salto em dist\u00e2ncia, na categoria T20. A competi\u00e7\u00e3o\u2026","rel":"","context":"In &quot;Not\u00edcias de Ribeir\u00e3o Preto-SP e Regi\u00e3o&quot;","block_context":{"text":"Not\u00edcias de Ribeir\u00e3o Preto-SP e Regi\u00e3o","link":"https:\/\/ismaelcolosi.com.br\/index.php\/category\/noticias-de-ribeirao-preto-sp-e-regiao-ismael-colosi\/"},"img":{"alt_text":"","src":"https:\/\/i0.wp.com\/ismaelcolosi.com.br\/wp-content\/uploads\/2024\/04\/AnyConv.com__ZILEIDE.webp.webp?fit=960%2C550&ssl=1&resize=350%2C200","width":350,"height":200,"srcset":"https:\/\/i0.wp.com\/ismaelcolosi.com.br\/wp-content\/uploads\/2024\/04\/AnyConv.com__ZILEIDE.webp.webp?fit=960%2C550&ssl=1&resize=350%2C200 1x, https:\/\/i0.wp.com\/ismaelcolosi.com.br\/wp-content\/uploads\/2024\/04\/AnyConv.com__ZILEIDE.webp.webp?fit=960%2C550&ssl=1&resize=525%2C300 1.5x, https:\/\/i0.wp.com\/ismaelcolosi.com.br\/wp-content\/uploads\/2024\/04\/AnyConv.com__ZILEIDE.webp.webp?fit=960%2C550&ssl=1&resize=700%2C400 2x"},"classes":[]}],"jetpack_sharing_enabled":true,"jetpack_shortlink":"https:\/\/wp.me\/pfMlyK-gN1","_links":{"self":[{"href":"https:\/\/ismaelcolosi.com.br\/index.php\/wp-json\/wp\/v2\/posts\/64543","targetHints":{"allow":["GET"]}}],"collection":[{"href":"https:\/\/ismaelcolosi.com.br\/index.php\/wp-json\/wp\/v2\/posts"}],"about":[{"href":"https:\/\/ismaelcolosi.com.br\/index.php\/wp-json\/wp\/v2\/types\/post"}],"author":[{"embeddable":true,"href":"https:\/\/ismaelcolosi.com.br\/index.php\/wp-json\/wp\/v2\/users\/1"}],"replies":[{"embeddable":true,"href":"https:\/\/ismaelcolosi.com.br\/index.php\/wp-json\/wp\/v2\/comments?post=64543"}],"version-history":[{"count":0,"href":"https:\/\/ismaelcolosi.com.br\/index.php\/wp-json\/wp\/v2\/posts\/64543\/revisions"}],"wp:featuredmedia":[{"embeddable":true,"href":"https:\/\/ismaelcolosi.com.br\/index.php\/wp-json\/wp\/v2\/media\/64544"}],"wp:attachment":[{"href":"https:\/\/ismaelcolosi.com.br\/index.php\/wp-json\/wp\/v2\/media?parent=64543"}],"wp:term":[{"taxonomy":"category","embeddable":true,"href":"https:\/\/ismaelcolosi.com.br\/index.php\/wp-json\/wp\/v2\/categories?post=64543"},{"taxonomy":"post_tag","embeddable":true,"href":"https:\/\/ismaelcolosi.com.br\/index.php\/wp-json\/wp\/v2\/tags?post=64543"}],"curies":[{"name":"wp","href":"https:\/\/api.w.org\/{rel}","templated":true}]}}