{"id":64216,"date":"2024-09-06T10:15:20","date_gmt":"2024-09-06T13:15:20","guid":{"rendered":"https:\/\/ismaelcolosi.com.br\/index.php\/2024\/09\/06\/trio-tenta-assaltar-policial-e-um-acaba-morto-em-ribeirao-preto\/"},"modified":"2024-09-06T10:15:20","modified_gmt":"2024-09-06T13:15:20","slug":"trio-tenta-assaltar-policial-e-um-acaba-morto-em-ribeirao-preto","status":"publish","type":"post","link":"https:\/\/ismaelcolosi.com.br\/index.php\/2024\/09\/06\/trio-tenta-assaltar-policial-e-um-acaba-morto-em-ribeirao-preto\/","title":{"rendered":"Trio tenta assaltar policial e um acaba morto em Ribeir\u00e3o Preto"},"content":{"rendered":"<p> <br \/>\n<\/p>\n<div data-td-block-uid=\"tdi_106\">\n<div class=\"tdb-block-inner td-fix-index\">\n<p><strong>Um policial militar reagiu a uma tentativa de assalto e matou um suspeito na noite desta quinta-feira (5), no Parque dos Servidores, zona Leste de Ribeir\u00e3o Preto.<\/strong><\/p>\n<p>Segundo o <strong>boletim de ocorr\u00eancia (BO)<\/strong>, o <strong>policial <\/strong>afrmou que fazia <strong>caminhada <\/strong>pela r<strong>otat\u00f3ria das avenidas Jos\u00e9 Ant\u00f4nio Ferrarezi e Marco Ant\u00f4nio Macario dos Santos<\/strong>, quando um <strong>carro <\/strong>com\u00a0<strong>tr\u00eas ocupantes<\/strong> parou, dois deles desceram e um <strong>apontou <\/strong>uma <strong>arma <\/strong>de <strong>fogo <\/strong>\u00e0 <strong>v\u00edtima<\/strong>. <\/p>\n<p><mark style=\"background-color:#fcb900\" class=\"has-inline-color has-black-color\">Em seguida, conforme o relato, o policial sacou sua arma e disparou contra o que estava armado, que morreu no local, apesar de o socorro ter sido acionado. O suspeito, contudo, n\u00e3o havia sido identificado.<\/mark><\/p>\n<p>Os outros dois conseguiram <strong>fugir <\/strong>e <strong>ningu\u00e9m <\/strong>foi <strong>preso<\/strong>.<\/p>\n<p>Uma <strong>arma <\/strong>de <strong>fogo similar, <\/strong>que seria do suspeito, foi <strong>apreendida<\/strong>, al\u00e9m da <strong>arma calibre 9 mil\u00edmetros<\/strong> do <strong>policial<\/strong>.<\/p>\n<p>O <strong>BO <\/strong>foi registrado na <strong>CPJ (Central de Pol\u00edcia Judici\u00e1ria) Permanente<\/strong> como <strong>homic\u00eddio decorrente de oposi\u00e7\u00e3o \u00e0 interven\u00e7\u00e3o policial, leg\u00edtima defesa e tentativa roubo<\/strong> para <strong>investiga\u00e7\u00e3o <\/strong>da <strong>Pol\u00edcia Civil<\/strong>.<\/p>\n<p>SAIBA MAIS<\/p>\n<p>Mais um homem \u00e9 preso por inc\u00eandio criminoso na regi\u00e3o de Ribeir\u00e3o Preto<\/p>\n<h4 class=\"wp-block-heading\"><strong>FIQUE ON<\/strong><\/h4>\n<p>Fique ligado em tudo que acontece em Ribeir\u00e3o Preto e regi\u00e3o. Siga os perfis do\u00a0<strong>acidade on<\/strong>\u00a0no\u00a0<a href=\"https:\/\/www.instagram.com\/acidadeonribeirao\" target=\"_blank\" rel=\"noreferrer noopener\">Instagram\u00a0<\/a>e no\u00a0<a href=\"https:\/\/www.facebook.com\/acidadeonribeirao\/\" target=\"_blank\" rel=\"noreferrer noopener\">Facebook<\/a>.<\/p>\n<p>Receba not\u00edcias do\u00a0<strong>acidade on<\/strong>\u00a0no WhatsApp.\u00a0<a href=\"https:\/\/chat.whatsapp.com\/Dtv9mxhy6V5BJBotM2OQ5k\" target=\"_blank\" rel=\"noreferrer noopener\">Para entrar no grupo, basta clicar aqui.<\/a><\/p>\n<p>Fa\u00e7a uma den\u00fancia ou sugira uma reportagem sobre Ribeir\u00e3o Preto e regi\u00e3o pelo WhatsApp: 16 99117 7802.<\/p>\n<p>VEJA TAMB\u00c9M<\/p>\n<p>O que acontece quando a umidade relativa do ar chega a 0%?<\/p>\n<p><!-- CONTENT END 1 -->\n<\/div>\n<\/div>\n<p><script async src=\"\/\/www.instagram.com\/embed.js\"><\/script><br \/>\n<br \/><br \/>\n<br \/><a href=\"https:\/\/www.acidadeon.com\/ribeiraopreto\/cotidiano\/trio-tenta-assaltar-policial-e-um-acaba-morto-em-ribeirao-preto\/\">Source link <\/a><\/p>\n","protected":false},"excerpt":{"rendered":"<p>Um policial militar reagiu a uma tentativa de assalto e matou um suspeito na noite desta quinta-feira (5), no Parque dos Servidores, zona Leste de&#8230;<\/p>\n","protected":false},"author":1,"featured_media":64217,"comment_status":"open","ping_status":"open","sticky":false,"template":"","format":"standard","meta":{"_uag_custom_page_level_css":"","advanced_seo_description":"","jetpack_seo_html_title":"","jetpack_seo_noindex":false,"jetpack_post_was_ever_published":false,"_jetpack_newsletter_access":"","_jetpack_dont_email_post_to_subs":false,"_jetpack_newsletter_tier_id":0,"_jetpack_memberships_contains_paywalled_content":false,"_jetpack_memberships_contains_paid_content":false,"footnotes":"","jetpack_publicize_message":"","jetpack_publicize_feature_enabled":true,"jetpack_social_post_already_shared":true,"jetpack_social_options":{"image_generator_settings":{"template":"highway","default_image_id":0,"font":"","enabled":false},"version":2}},"categories":[11],"tags":[],"class_list":["post-64216","post","type-post","status-publish","format-standard","has-post-thumbnail","hentry","category-noticias-de-ribeirao-preto-sp-e-regiao-ismael-colosi"],"jetpack_publicize_connections":[],"jetpack_featured_media_url":"https:\/\/i0.wp.com\/ismaelcolosi.com.br\/wp-content\/uploads\/2024\/09\/sirene_giroflex_1024x576_11032021085153.jpg?fit=1024%2C576&ssl=1","uagb_featured_image_src":{"full":["https:\/\/i0.wp.com\/ismaelcolosi.com.br\/wp-content\/uploads\/2024\/09\/sirene_giroflex_1024x576_11032021085153.jpg?fit=1024%2C576&ssl=1",1024,576,false],"thumbnail":["https:\/\/i0.wp.com\/ismaelcolosi.com.br\/wp-content\/uploads\/2024\/09\/sirene_giroflex_1024x576_11032021085153.jpg?resize=150%2C150&ssl=1",150,150,true],"medium":["https:\/\/i0.wp.com\/ismaelcolosi.com.br\/wp-content\/uploads\/2024\/09\/sirene_giroflex_1024x576_11032021085153.jpg?fit=300%2C169&ssl=1",300,169,true],"medium_large":["https:\/\/i0.wp.com\/ismaelcolosi.com.br\/wp-content\/uploads\/2024\/09\/sirene_giroflex_1024x576_11032021085153.jpg?fit=768%2C432&ssl=1",768,432,true],"large":["https:\/\/i0.wp.com\/ismaelcolosi.com.br\/wp-content\/uploads\/2024\/09\/sirene_giroflex_1024x576_11032021085153.jpg?fit=1024%2C576&ssl=1",1024,576,true],"1536x1536":["https:\/\/i0.wp.com\/ismaelcolosi.com.br\/wp-content\/uploads\/2024\/09\/sirene_giroflex_1024x576_11032021085153.jpg?fit=1024%2C576&ssl=1",1024,576,true],"2048x2048":["https:\/\/i0.wp.com\/ismaelcolosi.com.br\/wp-content\/uploads\/2024\/09\/sirene_giroflex_1024x576_11032021085153.jpg?fit=1024%2C576&ssl=1",1024,576,true],"really-simple-thumb":["https:\/\/i0.wp.com\/ismaelcolosi.com.br\/wp-content\/uploads\/2024\/09\/sirene_giroflex_1024x576_11032021085153.jpg?resize=370%2C247&ssl=1",370,247,true]},"uagb_author_info":{"display_name":"ismaelcolosi.com.br","author_link":"https:\/\/ismaelcolosi.com.br\/index.php\/author\/vidareal-online\/"},"uagb_comment_info":0,"uagb_excerpt":"Um policial militar reagiu a uma tentativa de assalto e matou um suspeito na noite desta quinta-feira (5), no Parque dos Servidores, zona Leste de...","jetpack-related-posts":[{"id":57365,"url":"https:\/\/ismaelcolosi.com.br\/index.php\/2024\/07\/19\/preso-segundo-suspeito-de-invadir-casa-e-roubar-arma-de-policial-em-ribeirao-preto\/","url_meta":{"origin":64216,"position":0},"title":"Preso segundo suspeito de invadir casa e roubar arma de policial em Ribeir\u00e3o Preto","author":"ismaelcolosi.com.br","date":"19 de July de 2024","format":false,"excerpt":"A Pol\u00edcia Civil prendeu, no fim desta sexta-feira (19), o segundo suspeito de invadir a casa de um policial e roubar, entre outros objetos, uma arma de fogo de uso pessoal. O assalto ocorreu no \u00faltimo dia 13, no bairro Jardim Recreio, na zona Oeste de Ribeir\u00e3o Preto. Segundo a\u2026","rel":"","context":"In &quot;Not\u00edcias de Ribeir\u00e3o Preto-SP e Regi\u00e3o&quot;","block_context":{"text":"Not\u00edcias de Ribeir\u00e3o Preto-SP e Regi\u00e3o","link":"https:\/\/ismaelcolosi.com.br\/index.php\/category\/noticias-de-ribeirao-preto-sp-e-regiao-ismael-colosi\/"},"img":{"alt_text":"","src":"https:\/\/i0.wp.com\/ismaelcolosi.com.br\/wp-content\/uploads\/2024\/07\/Copia-de-Copia-de-TAMANHO-EXATO-PARA-FOTOS-NO-SISTEMA-NOVO-3_2024-07-19_23-09-30_jpg_2024-07-19_23-09-30.webp.webp?fit=1200%2C675&ssl=1&resize=350%2C200","width":350,"height":200,"srcset":"https:\/\/i0.wp.com\/ismaelcolosi.com.br\/wp-content\/uploads\/2024\/07\/Copia-de-Copia-de-TAMANHO-EXATO-PARA-FOTOS-NO-SISTEMA-NOVO-3_2024-07-19_23-09-30_jpg_2024-07-19_23-09-30.webp.webp?fit=1200%2C675&ssl=1&resize=350%2C200 1x, https:\/\/i0.wp.com\/ismaelcolosi.com.br\/wp-content\/uploads\/2024\/07\/Copia-de-Copia-de-TAMANHO-EXATO-PARA-FOTOS-NO-SISTEMA-NOVO-3_2024-07-19_23-09-30_jpg_2024-07-19_23-09-30.webp.webp?fit=1200%2C675&ssl=1&resize=525%2C300 1.5x, https:\/\/i0.wp.com\/ismaelcolosi.com.br\/wp-content\/uploads\/2024\/07\/Copia-de-Copia-de-TAMANHO-EXATO-PARA-FOTOS-NO-SISTEMA-NOVO-3_2024-07-19_23-09-30_jpg_2024-07-19_23-09-30.webp.webp?fit=1200%2C675&ssl=1&resize=700%2C400 2x, https:\/\/i0.wp.com\/ismaelcolosi.com.br\/wp-content\/uploads\/2024\/07\/Copia-de-Copia-de-TAMANHO-EXATO-PARA-FOTOS-NO-SISTEMA-NOVO-3_2024-07-19_23-09-30_jpg_2024-07-19_23-09-30.webp.webp?fit=1200%2C675&ssl=1&resize=1050%2C600 3x"},"classes":[]},{"id":56807,"url":"https:\/\/ismaelcolosi.com.br\/index.php\/2024\/07\/15\/assaltante-invade-casa-de-policial-militar-e-rouba-arma-em-ribeirao-preto\/","url_meta":{"origin":64216,"position":1},"title":"Assaltante invade casa de policial militar e rouba arma em Ribeir\u00e3o Preto","author":"ismaelcolosi.com.br","date":"15 de July de 2024","format":false,"excerpt":"Um policial militar foi rendido por um assaltante em casa e teve uma arma de fogo de uso pessoal roubada na madrugada de s\u00e1bado (13), no Jardim Recreio, zona Oeste de Ribeir\u00e3o Preto. A v\u00edtima, de 45 anos, disse no boletim de ocorr\u00eancia (BO) que dormia na companhia da namorada,\u2026","rel":"","context":"In &quot;Not\u00edcias de Ribeir\u00e3o Preto-SP e Regi\u00e3o&quot;","block_context":{"text":"Not\u00edcias de Ribeir\u00e3o Preto-SP e Regi\u00e3o","link":"https:\/\/ismaelcolosi.com.br\/index.php\/category\/noticias-de-ribeirao-preto-sp-e-regiao-ismael-colosi\/"},"img":{"alt_text":"","src":"https:\/\/i0.wp.com\/ismaelcolosi.com.br\/wp-content\/uploads\/2024\/07\/1721066051_cpj_policia_1024x576_21012021082231.jpg?fit=1024%2C576&ssl=1&resize=350%2C200","width":350,"height":200,"srcset":"https:\/\/i0.wp.com\/ismaelcolosi.com.br\/wp-content\/uploads\/2024\/07\/1721066051_cpj_policia_1024x576_21012021082231.jpg?fit=1024%2C576&ssl=1&resize=350%2C200 1x, https:\/\/i0.wp.com\/ismaelcolosi.com.br\/wp-content\/uploads\/2024\/07\/1721066051_cpj_policia_1024x576_21012021082231.jpg?fit=1024%2C576&ssl=1&resize=525%2C300 1.5x, https:\/\/i0.wp.com\/ismaelcolosi.com.br\/wp-content\/uploads\/2024\/07\/1721066051_cpj_policia_1024x576_21012021082231.jpg?fit=1024%2C576&ssl=1&resize=700%2C400 2x"},"classes":[]},{"id":32431,"url":"https:\/\/ismaelcolosi.com.br\/index.php\/2024\/01\/25\/homem-e-preso-por-se-passar-por-policial-em-ribeirao-preto\/","url_meta":{"origin":64216,"position":2},"title":"Homem \u00e9 preso por se passar por policial em Ribeir\u00e3o Preto","author":"ismaelcolosi.com.br","date":"25 de January de 2024","format":false,"excerpt":"Um homem foi preso na tarde desta quarta-feira (24) por se passar por policial civil em Ribeir\u00e3o Preto. De acordo com os investigadores, o acusado estaria cobrando dinheiro de traficantes em pontos de venda de drogas. O suspeito foi detido pelos agentes em um posto de combust\u00edveis no Parque Ribeir\u00e3o,\u2026","rel":"","context":"In &quot;Not\u00edcias de Ribeir\u00e3o Preto-SP e Regi\u00e3o&quot;","block_context":{"text":"Not\u00edcias de Ribeir\u00e3o Preto-SP e Regi\u00e3o","link":"https:\/\/ismaelcolosi.com.br\/index.php\/category\/noticias-de-ribeirao-preto-sp-e-regiao-ismael-colosi\/"},"img":{"alt_text":"","src":"https:\/\/i0.wp.com\/ismaelcolosi.com.br\/wp-content\/uploads\/2024\/01\/falso-policial-scaled.jpeg?fit=1200%2C900&ssl=1&resize=350%2C200","width":350,"height":200,"srcset":"https:\/\/i0.wp.com\/ismaelcolosi.com.br\/wp-content\/uploads\/2024\/01\/falso-policial-scaled.jpeg?fit=1200%2C900&ssl=1&resize=350%2C200 1x, https:\/\/i0.wp.com\/ismaelcolosi.com.br\/wp-content\/uploads\/2024\/01\/falso-policial-scaled.jpeg?fit=1200%2C900&ssl=1&resize=525%2C300 1.5x, https:\/\/i0.wp.com\/ismaelcolosi.com.br\/wp-content\/uploads\/2024\/01\/falso-policial-scaled.jpeg?fit=1200%2C900&ssl=1&resize=700%2C400 2x, https:\/\/i0.wp.com\/ismaelcolosi.com.br\/wp-content\/uploads\/2024\/01\/falso-policial-scaled.jpeg?fit=1200%2C900&ssl=1&resize=1050%2C600 3x"},"classes":[]},{"id":57259,"url":"https:\/\/ismaelcolosi.com.br\/index.php\/2024\/07\/19\/policia-mata-suspeito-de-roubar-carro-de-test-drive-em-concessionaria-de-ribeirao-preto\/","url_meta":{"origin":64216,"position":3},"title":"Pol\u00edcia mata suspeito de roubar carro de test drive em concession\u00e1ria de Ribeir\u00e3o Preto","author":"ismaelcolosi.com.br","date":"19 de July de 2024","format":false,"excerpt":"Um homem suspeito de roubar um carro foi morto em uma a\u00e7\u00e3o da PMR (Pol\u00edcia Militar Rodovi\u00e1ria) nesta quinta-feira (18), na rodovia Anhanguera (SP-330), entre S\u00e3o Sim\u00e3o e Luiz Ant\u00f4nio, na regi\u00e3o de Ribeir\u00e3o Preto. Segundo o boletim de ocorr\u00eancia (BO), Israel de Carvalho Santos, de 51 anos, teria apontado\u2026","rel":"","context":"In &quot;Not\u00edcias de Ribeir\u00e3o Preto-SP e Regi\u00e3o&quot;","block_context":{"text":"Not\u00edcias de Ribeir\u00e3o Preto-SP e Regi\u00e3o","link":"https:\/\/ismaelcolosi.com.br\/index.php\/category\/noticias-de-ribeirao-preto-sp-e-regiao-ismael-colosi\/"},"img":{"alt_text":"","src":"https:\/\/i0.wp.com\/ismaelcolosi.com.br\/wp-content\/uploads\/2024\/07\/20220809_065618844_policia_rodoviaria_1200x675_21062022083038.jpg?fit=1200%2C675&ssl=1&resize=350%2C200","width":350,"height":200,"srcset":"https:\/\/i0.wp.com\/ismaelcolosi.com.br\/wp-content\/uploads\/2024\/07\/20220809_065618844_policia_rodoviaria_1200x675_21062022083038.jpg?fit=1200%2C675&ssl=1&resize=350%2C200 1x, https:\/\/i0.wp.com\/ismaelcolosi.com.br\/wp-content\/uploads\/2024\/07\/20220809_065618844_policia_rodoviaria_1200x675_21062022083038.jpg?fit=1200%2C675&ssl=1&resize=525%2C300 1.5x, https:\/\/i0.wp.com\/ismaelcolosi.com.br\/wp-content\/uploads\/2024\/07\/20220809_065618844_policia_rodoviaria_1200x675_21062022083038.jpg?fit=1200%2C675&ssl=1&resize=700%2C400 2x, https:\/\/i0.wp.com\/ismaelcolosi.com.br\/wp-content\/uploads\/2024\/07\/20220809_065618844_policia_rodoviaria_1200x675_21062022083038.jpg?fit=1200%2C675&ssl=1&resize=1050%2C600 3x"},"classes":[]},{"id":46060,"url":"https:\/\/ismaelcolosi.com.br\/index.php\/2024\/04\/09\/justica-marca-audiencia-sobre-caso-de-mulher-morta-ao-sair-de-bar-em-ribeirao-preto\/","url_meta":{"origin":64216,"position":4},"title":"Justi\u00e7a marca audi\u00eancia sobre caso de mulher morta ao sair de bar em Ribeir\u00e3o Preto","author":"ismaelcolosi.com.br","date":"9 de April de 2024","format":false,"excerpt":"O TJ-SP (Tribunal de Justi\u00e7a de S\u00e3o Paulo) marcou a audi\u00eancia para ouvir o policial Militar Maicon de Oliveira dos Santos, de 35 anos, suspeito de ter atirado contra dois homens em uma moto, para se defender de uma suposta tentativa de assalto. Segundo a Pol\u00edcia Civil, um dos disparos\u2026","rel":"","context":"In &quot;Not\u00edcias de Ribeir\u00e3o Preto-SP e Regi\u00e3o&quot;","block_context":{"text":"Not\u00edcias de Ribeir\u00e3o Preto-SP e Regi\u00e3o","link":"https:\/\/ismaelcolosi.com.br\/index.php\/category\/noticias-de-ribeirao-preto-sp-e-regiao-ismael-colosi\/"},"img":{"alt_text":"","src":"https:\/\/i0.wp.com\/ismaelcolosi.com.br\/wp-content\/uploads\/2024\/04\/Capturar-4.jpg?fit=781%2C474&ssl=1&resize=350%2C200","width":350,"height":200,"srcset":"https:\/\/i0.wp.com\/ismaelcolosi.com.br\/wp-content\/uploads\/2024\/04\/Capturar-4.jpg?fit=781%2C474&ssl=1&resize=350%2C200 1x, https:\/\/i0.wp.com\/ismaelcolosi.com.br\/wp-content\/uploads\/2024\/04\/Capturar-4.jpg?fit=781%2C474&ssl=1&resize=525%2C300 1.5x, https:\/\/i0.wp.com\/ismaelcolosi.com.br\/wp-content\/uploads\/2024\/04\/Capturar-4.jpg?fit=781%2C474&ssl=1&resize=700%2C400 2x"},"classes":[]},{"id":68994,"url":"https:\/\/ismaelcolosi.com.br\/index.php\/2024\/10\/02\/justica-concede-liberdade-para-pm-suspeito-de-matar-comerciante-na-regiao-de-ribeirao\/","url_meta":{"origin":64216,"position":5},"title":"Justi\u00e7a concede liberdade para PM suspeito de matar comerciante na regi\u00e3o de Ribeir\u00e3o","author":"ismaelcolosi.com.br","date":"2 de October de 2024","format":false,"excerpt":"A Justi\u00e7a concedeu liberdade provis\u00f3ria ao policial militar suspeito de atirar e matar um comerciante de 27 anos, em Orl\u00e2ndia, cidade na regi\u00e3o de Ribeir\u00e3o Preto, na madrugada desta quarta-feira (2). Conforme o Tribunal de Justi\u00e7a de S\u00e3o Paulo (TJ-SP), o cabo Artur Filgueiras Cintra, de 28 anos, obteve o\u2026","rel":"","context":"In &quot;Not\u00edcias de Ribeir\u00e3o Preto-SP e Regi\u00e3o&quot;","block_context":{"text":"Not\u00edcias de Ribeir\u00e3o Preto-SP e Regi\u00e3o","link":"https:\/\/ismaelcolosi.com.br\/index.php\/category\/noticias-de-ribeirao-preto-sp-e-regiao-ismael-colosi\/"},"img":{"alt_text":"","src":"https:\/\/i0.wp.com\/ismaelcolosi.com.br\/wp-content\/uploads\/2024\/10\/Copia-de-Copia-de-Copia-de-TAMANHO-EXATO-PARA-FOTOS-NO-SISTEMA-NOVO-90_2024-10-02_22-14-04_png_2024-10-02_22-14-04.webp.webp?fit=1200%2C675&ssl=1&resize=350%2C200","width":350,"height":200,"srcset":"https:\/\/i0.wp.com\/ismaelcolosi.com.br\/wp-content\/uploads\/2024\/10\/Copia-de-Copia-de-Copia-de-TAMANHO-EXATO-PARA-FOTOS-NO-SISTEMA-NOVO-90_2024-10-02_22-14-04_png_2024-10-02_22-14-04.webp.webp?fit=1200%2C675&ssl=1&resize=350%2C200 1x, https:\/\/i0.wp.com\/ismaelcolosi.com.br\/wp-content\/uploads\/2024\/10\/Copia-de-Copia-de-Copia-de-TAMANHO-EXATO-PARA-FOTOS-NO-SISTEMA-NOVO-90_2024-10-02_22-14-04_png_2024-10-02_22-14-04.webp.webp?fit=1200%2C675&ssl=1&resize=525%2C300 1.5x, https:\/\/i0.wp.com\/ismaelcolosi.com.br\/wp-content\/uploads\/2024\/10\/Copia-de-Copia-de-Copia-de-TAMANHO-EXATO-PARA-FOTOS-NO-SISTEMA-NOVO-90_2024-10-02_22-14-04_png_2024-10-02_22-14-04.webp.webp?fit=1200%2C675&ssl=1&resize=700%2C400 2x, https:\/\/i0.wp.com\/ismaelcolosi.com.br\/wp-content\/uploads\/2024\/10\/Copia-de-Copia-de-Copia-de-TAMANHO-EXATO-PARA-FOTOS-NO-SISTEMA-NOVO-90_2024-10-02_22-14-04_png_2024-10-02_22-14-04.webp.webp?fit=1200%2C675&ssl=1&resize=1050%2C600 3x"},"classes":[]}],"jetpack_sharing_enabled":true,"jetpack_shortlink":"https:\/\/wp.me\/pfMlyK-gHK","_links":{"self":[{"href":"https:\/\/ismaelcolosi.com.br\/index.php\/wp-json\/wp\/v2\/posts\/64216","targetHints":{"allow":["GET"]}}],"collection":[{"href":"https:\/\/ismaelcolosi.com.br\/index.php\/wp-json\/wp\/v2\/posts"}],"about":[{"href":"https:\/\/ismaelcolosi.com.br\/index.php\/wp-json\/wp\/v2\/types\/post"}],"author":[{"embeddable":true,"href":"https:\/\/ismaelcolosi.com.br\/index.php\/wp-json\/wp\/v2\/users\/1"}],"replies":[{"embeddable":true,"href":"https:\/\/ismaelcolosi.com.br\/index.php\/wp-json\/wp\/v2\/comments?post=64216"}],"version-history":[{"count":0,"href":"https:\/\/ismaelcolosi.com.br\/index.php\/wp-json\/wp\/v2\/posts\/64216\/revisions"}],"wp:featuredmedia":[{"embeddable":true,"href":"https:\/\/ismaelcolosi.com.br\/index.php\/wp-json\/wp\/v2\/media\/64217"}],"wp:attachment":[{"href":"https:\/\/ismaelcolosi.com.br\/index.php\/wp-json\/wp\/v2\/media?parent=64216"}],"wp:term":[{"taxonomy":"category","embeddable":true,"href":"https:\/\/ismaelcolosi.com.br\/index.php\/wp-json\/wp\/v2\/categories?post=64216"},{"taxonomy":"post_tag","embeddable":true,"href":"https:\/\/ismaelcolosi.com.br\/index.php\/wp-json\/wp\/v2\/tags?post=64216"}],"curies":[{"name":"wp","href":"https:\/\/api.w.org\/{rel}","templated":true}]}}