{"id":64202,"date":"2024-09-06T08:33:57","date_gmt":"2024-09-06T11:33:57","guid":{"rendered":"https:\/\/ismaelcolosi.com.br\/index.php\/2024\/09\/06\/mais-um-homem-e-preso-por-incendio-criminoso-na-regiao-de-ribeirao-preto\/"},"modified":"2024-09-06T08:33:57","modified_gmt":"2024-09-06T11:33:57","slug":"mais-um-homem-e-preso-por-incendio-criminoso-na-regiao-de-ribeirao-preto","status":"publish","type":"post","link":"https:\/\/ismaelcolosi.com.br\/index.php\/2024\/09\/06\/mais-um-homem-e-preso-por-incendio-criminoso-na-regiao-de-ribeirao-preto\/","title":{"rendered":"Mais um homem \u00e9 preso por inc\u00eandio criminoso na regi\u00e3o de Ribeir\u00e3o Preto"},"content":{"rendered":"<p> <br \/>\n<\/p>\n<div data-td-block-uid=\"tdi_106\">\n<div class=\"tdb-block-inner td-fix-index\">\n<p><strong>Um homem de 34 anos foi preso nesta quinta-feira (5) suspeito de atear fogo no mato em um terreno baldio de Franca, cidade a aproximadamente 80 quil\u00f4metros de Ribeir\u00e3o Preto. <\/strong>Outros dois suspeitos consegiram fugir. <\/p>\n<p><mark style=\"background-color:#fcb900\" class=\"has-inline-color has-black-color\">Em todo o\u00a0estado de S\u00e3o Paulo foram efetuadas 13 pris\u00f5es de suspeitos de inc\u00eandios criminosos, das quais seis na regi\u00e3o de Ribeir\u00e3o \u2013 tr\u00eas e Franca e outras tr\u00eas em\u00a0Batatais.<\/mark><\/p>\n<p>Segundo o <strong>boletim de ocorr\u00eancia (BO)<\/strong> do caso mais recente, <strong>Higino Rommel Teixeira da Silva<\/strong> chegou a se passar por um <strong>primo <\/strong>e informou o nome do parente \u00e0 equipe da <strong>GCM (Guarda Civil Municipal)<\/strong>.<\/p>\n<p>As <strong>chamas <\/strong>que atingiram o <strong>terreno <\/strong>pela <strong>rua Homero Pach\u00eaco Alves<\/strong>, na regi\u00e3o central de <strong>Franca<\/strong>, foram <strong>apagadas <\/strong>pela <strong>GCM <\/strong>com a ajuda de <strong>vizinhos<\/strong>. O local fica nos fundos de uma loja de utlilidades.<\/p>\n<p>Os <strong>suspeitos <\/strong>teriam <strong>utlizado peda\u00e7os <\/strong>de <strong>palha <\/strong>de <strong>a\u00e7o <\/strong>para dar in\u00edcio ao <strong>fogo<\/strong>.<\/p>\n<p>O caso foi registrado no <strong>plant\u00e3o <\/strong>da <strong>Delegacia Seccional <\/strong>de <strong>Franca <\/strong>como <strong>inc\u00eandio<\/strong>.<\/p>\n<p>SAIBA MAIS<\/p>\n<p>Inmet emite alerta de perigo para o interior de SP; Veja previs\u00e3o no fim de semana<\/p>\n<h4 class=\"wp-block-heading\"><strong>FIQUE ON<\/strong><\/h4>\n<p>Fique ligado em tudo que acontece em Ribeir\u00e3o Preto e regi\u00e3o. Siga os perfis do\u00a0<strong>acidade on<\/strong>\u00a0no\u00a0<a href=\"https:\/\/www.instagram.com\/acidadeonribeirao\" target=\"_blank\" rel=\"noreferrer noopener\">Instagram\u00a0<\/a>e no\u00a0<a href=\"https:\/\/www.facebook.com\/acidadeonribeirao\/\" target=\"_blank\" rel=\"noreferrer noopener\">Facebook<\/a>.<\/p>\n<p>Receba not\u00edcias do\u00a0<strong>acidade on<\/strong>\u00a0no WhatsApp.\u00a0<a href=\"https:\/\/chat.whatsapp.com\/Dtv9mxhy6V5BJBotM2OQ5k\" target=\"_blank\" rel=\"noreferrer noopener\">Para entrar no grupo, basta clicar aqui.<\/a><\/p>\n<p>Fa\u00e7a uma den\u00fancia ou sugira uma reportagem sobre Ribeir\u00e3o Preto e regi\u00e3o pelo WhatsApp: 16 99117 7802.<\/p>\n<p>VEJA TAMB\u00c9M<\/p>\n<p>O que acontece quando a umidade relativa do ar chega a 0%?<\/p>\n<p><!-- CONTENT END 3 -->\n<\/div>\n<\/div>\n<p><script async src=\"\/\/www.instagram.com\/embed.js\"><\/script><br \/>\n<br \/><br \/>\n<br \/><a href=\"https:\/\/www.acidadeon.com\/ribeiraopreto\/cotidiano\/mais-um-homem-e-preso-por-incendio-criminoso-na-regiao-de-ribeirao-preto\/\">Source link <\/a><\/p>\n","protected":false},"excerpt":{"rendered":"<p>Um homem de 34 anos foi preso nesta quinta-feira (5) suspeito de atear fogo no mato em um terreno baldio de Franca, cidade a aproximadamente&#8230;<\/p>\n","protected":false},"author":1,"featured_media":64203,"comment_status":"open","ping_status":"open","sticky":false,"template":"","format":"standard","meta":{"_uag_custom_page_level_css":"","advanced_seo_description":"","jetpack_seo_html_title":"","jetpack_seo_noindex":false,"jetpack_post_was_ever_published":false,"_jetpack_newsletter_access":"","_jetpack_dont_email_post_to_subs":false,"_jetpack_newsletter_tier_id":0,"_jetpack_memberships_contains_paywalled_content":false,"_jetpack_memberships_contains_paid_content":false,"footnotes":"","jetpack_publicize_message":"","jetpack_publicize_feature_enabled":true,"jetpack_social_post_already_shared":true,"jetpack_social_options":{"image_generator_settings":{"template":"highway","default_image_id":0,"font":"","enabled":false},"version":2}},"categories":[11],"tags":[],"class_list":["post-64202","post","type-post","status-publish","format-standard","has-post-thumbnail","hentry","category-noticias-de-ribeirao-preto-sp-e-regiao-ismael-colosi"],"jetpack_publicize_connections":[],"jetpack_featured_media_url":"https:\/\/i0.wp.com\/ismaelcolosi.com.br\/wp-content\/uploads\/2024\/09\/WhatsApp-Image-2024-09-05-at-18.55.41_2024-09-06_11-23-47_jpeg_2024-09-06_11-23-47.webp.webp?fit=1600%2C1200&ssl=1","uagb_featured_image_src":{"full":["https:\/\/i0.wp.com\/ismaelcolosi.com.br\/wp-content\/uploads\/2024\/09\/WhatsApp-Image-2024-09-05-at-18.55.41_2024-09-06_11-23-47_jpeg_2024-09-06_11-23-47.webp.webp?fit=1600%2C1200&ssl=1",1600,1200,false],"thumbnail":["https:\/\/i0.wp.com\/ismaelcolosi.com.br\/wp-content\/uploads\/2024\/09\/WhatsApp-Image-2024-09-05-at-18.55.41_2024-09-06_11-23-47_jpeg_2024-09-06_11-23-47.webp.webp?resize=150%2C150&ssl=1",150,150,true],"medium":["https:\/\/i0.wp.com\/ismaelcolosi.com.br\/wp-content\/uploads\/2024\/09\/WhatsApp-Image-2024-09-05-at-18.55.41_2024-09-06_11-23-47_jpeg_2024-09-06_11-23-47.webp.webp?fit=300%2C225&ssl=1",300,225,true],"medium_large":["https:\/\/i0.wp.com\/ismaelcolosi.com.br\/wp-content\/uploads\/2024\/09\/WhatsApp-Image-2024-09-05-at-18.55.41_2024-09-06_11-23-47_jpeg_2024-09-06_11-23-47.webp.webp?fit=768%2C576&ssl=1",768,576,true],"large":["https:\/\/i0.wp.com\/ismaelcolosi.com.br\/wp-content\/uploads\/2024\/09\/WhatsApp-Image-2024-09-05-at-18.55.41_2024-09-06_11-23-47_jpeg_2024-09-06_11-23-47.webp.webp?fit=1024%2C768&ssl=1",1024,768,true],"1536x1536":["https:\/\/i0.wp.com\/ismaelcolosi.com.br\/wp-content\/uploads\/2024\/09\/WhatsApp-Image-2024-09-05-at-18.55.41_2024-09-06_11-23-47_jpeg_2024-09-06_11-23-47.webp.webp?fit=1536%2C1152&ssl=1",1536,1152,true],"2048x2048":["https:\/\/i0.wp.com\/ismaelcolosi.com.br\/wp-content\/uploads\/2024\/09\/WhatsApp-Image-2024-09-05-at-18.55.41_2024-09-06_11-23-47_jpeg_2024-09-06_11-23-47.webp.webp?fit=1600%2C1200&ssl=1",1600,1200,true],"really-simple-thumb":["https:\/\/i0.wp.com\/ismaelcolosi.com.br\/wp-content\/uploads\/2024\/09\/WhatsApp-Image-2024-09-05-at-18.55.41_2024-09-06_11-23-47_jpeg_2024-09-06_11-23-47.webp.webp?resize=370%2C247&ssl=1",370,247,true]},"uagb_author_info":{"display_name":"ismaelcolosi.com.br","author_link":"https:\/\/ismaelcolosi.com.br\/index.php\/author\/vidareal-online\/"},"uagb_comment_info":0,"uagb_excerpt":"Um homem de 34 anos foi preso nesta quinta-feira (5) suspeito de atear fogo no mato em um terreno baldio de Franca, cidade a aproximadamente...","jetpack-related-posts":[{"id":62816,"url":"https:\/\/ismaelcolosi.com.br\/index.php\/2024\/08\/29\/mais-dois-suspeitos-sao-presos-por-incendios-na-regiao-de-ribeirao\/","url_meta":{"origin":64202,"position":0},"title":"Mais dois suspeitos s\u00e3o presos por inc\u00eandios na regi\u00e3o de Ribeir\u00e3o","author":"ismaelcolosi.com.br","date":"29 de August de 2024","format":false,"excerpt":"Dois homens foram presos pela Pol\u00edcia Militar suspeitos de atear fogo em uma \u00e1rea de vegeta\u00e7\u00e3o na regi\u00e3o de Ribeir\u00e3o. A pris\u00e3o aconteceu \u00e0s margens da Rodovia F\u00e1bio Talarico, em\u00a0Franca, na noite desta quarta-feira (29). Com isso, chega a nove o n\u00famero de pris\u00f5es de pessoas suspeitas de participar de\u2026","rel":"","context":"In &quot;Not\u00edcias de Ribeir\u00e3o Preto-SP e Regi\u00e3o&quot;","block_context":{"text":"Not\u00edcias de Ribeir\u00e3o Preto-SP e Regi\u00e3o","link":"https:\/\/ismaelcolosi.com.br\/index.php\/category\/noticias-de-ribeirao-preto-sp-e-regiao-ismael-colosi\/"},"img":{"alt_text":"","src":"https:\/\/i0.wp.com\/ismaelcolosi.com.br\/wp-content\/uploads\/2024\/08\/INCENDIO_2024-08-23_18-57-32_jpg_2024-08-23_18-57-32.webp.webp?fit=1200%2C784&ssl=1&resize=350%2C200","width":350,"height":200,"srcset":"https:\/\/i0.wp.com\/ismaelcolosi.com.br\/wp-content\/uploads\/2024\/08\/INCENDIO_2024-08-23_18-57-32_jpg_2024-08-23_18-57-32.webp.webp?fit=1200%2C784&ssl=1&resize=350%2C200 1x, https:\/\/i0.wp.com\/ismaelcolosi.com.br\/wp-content\/uploads\/2024\/08\/INCENDIO_2024-08-23_18-57-32_jpg_2024-08-23_18-57-32.webp.webp?fit=1200%2C784&ssl=1&resize=525%2C300 1.5x, https:\/\/i0.wp.com\/ismaelcolosi.com.br\/wp-content\/uploads\/2024\/08\/INCENDIO_2024-08-23_18-57-32_jpg_2024-08-23_18-57-32.webp.webp?fit=1200%2C784&ssl=1&resize=700%2C400 2x, https:\/\/i0.wp.com\/ismaelcolosi.com.br\/wp-content\/uploads\/2024\/08\/INCENDIO_2024-08-23_18-57-32_jpg_2024-08-23_18-57-32.webp.webp?fit=1200%2C784&ssl=1&resize=1050%2C600 3x"},"classes":[]},{"id":48606,"url":"https:\/\/ismaelcolosi.com.br\/index.php\/2024\/05\/04\/homem-e-preso-por-furto-de-cadeira-de-rodas-em-pronto-socorro-na-regiao-de-ribeirao\/","url_meta":{"origin":64202,"position":1},"title":"Homem \u00e9 preso por furto de cadeira de rodas em pronto-socorro na regi\u00e3o de Ribeir\u00e3o","author":"ismaelcolosi.com.br","date":"4 de May de 2024","format":false,"excerpt":"Um homem foi preso na madrugada deste s\u00e1bado (4), suspeito de furtar uma cadeira de rodas do Pronto-socorro \u00c1lvaro Azzuz, em Franca, cidade a aproximadamente 80 quil\u00f4metros de Ribeir\u00e3o Preto. Segundo a GCM (Guarda Civil Municipal), o homem foi flagrado pela central de monitoramento com a cadeira pela avenida Chico\u2026","rel":"","context":"In &quot;Not\u00edcias de Ribeir\u00e3o Preto-SP e Regi\u00e3o&quot;","block_context":{"text":"Not\u00edcias de Ribeir\u00e3o Preto-SP e Regi\u00e3o","link":"https:\/\/ismaelcolosi.com.br\/index.php\/category\/noticias-de-ribeirao-preto-sp-e-regiao-ismael-colosi\/"},"img":{"alt_text":"","src":"https:\/\/i0.wp.com\/ismaelcolosi.com.br\/wp-content\/uploads\/2024\/05\/WhatsApp-Image-2024-05-04-at-10.27.22_2024-05-04_13-27-38_jpeg_2024-05-04_13-27-39.webp.webp?fit=1200%2C675&ssl=1&resize=350%2C200","width":350,"height":200,"srcset":"https:\/\/i0.wp.com\/ismaelcolosi.com.br\/wp-content\/uploads\/2024\/05\/WhatsApp-Image-2024-05-04-at-10.27.22_2024-05-04_13-27-38_jpeg_2024-05-04_13-27-39.webp.webp?fit=1200%2C675&ssl=1&resize=350%2C200 1x, https:\/\/i0.wp.com\/ismaelcolosi.com.br\/wp-content\/uploads\/2024\/05\/WhatsApp-Image-2024-05-04-at-10.27.22_2024-05-04_13-27-38_jpeg_2024-05-04_13-27-39.webp.webp?fit=1200%2C675&ssl=1&resize=525%2C300 1.5x, https:\/\/i0.wp.com\/ismaelcolosi.com.br\/wp-content\/uploads\/2024\/05\/WhatsApp-Image-2024-05-04-at-10.27.22_2024-05-04_13-27-38_jpeg_2024-05-04_13-27-39.webp.webp?fit=1200%2C675&ssl=1&resize=700%2C400 2x, https:\/\/i0.wp.com\/ismaelcolosi.com.br\/wp-content\/uploads\/2024\/05\/WhatsApp-Image-2024-05-04-at-10.27.22_2024-05-04_13-27-38_jpeg_2024-05-04_13-27-39.webp.webp?fit=1200%2C675&ssl=1&resize=1050%2C600 3x"},"classes":[]},{"id":49664,"url":"https:\/\/ismaelcolosi.com.br\/index.php\/2024\/05\/12\/suspeitos-de-aplicar-golpe-de-r-240-mil-em-idoso-sao-presos-em-ribeirao-preto\/","url_meta":{"origin":64202,"position":2},"title":"Suspeitos de aplicar golpe de R$ 240 mil em idoso s\u00e3o presos em Ribeir\u00e3o Preto","author":"ismaelcolosi.com.br","date":"12 de May de 2024","format":false,"excerpt":"A Pol\u00edcia Civil de Sert\u00e3ozinho prendeu, na manh\u00e3 deste domingo (12), tr\u00eas suspeitos de aplicarem o golpe do bilhete premiado em um idoso, de 77 anos, em Jaboticabal, na regi\u00e3o de Ribeir\u00e3o Preto. Na ocasi\u00e3o, a v\u00edtima perdeu R$ 240 mil. Segundo o delegado DIG\/Dise Rodrigo Bortoletto, eles receberam den\u00fancia\u2026","rel":"","context":"In &quot;Not\u00edcias de Ribeir\u00e3o Preto-SP e Regi\u00e3o&quot;","block_context":{"text":"Not\u00edcias de Ribeir\u00e3o Preto-SP e Regi\u00e3o","link":"https:\/\/ismaelcolosi.com.br\/index.php\/category\/noticias-de-ribeirao-preto-sp-e-regiao-ismael-colosi\/"},"img":{"alt_text":"","src":"https:\/\/i0.wp.com\/ismaelcolosi.com.br\/wp-content\/uploads\/2024\/05\/Capturar_2024-05-12_18-15-42_jpg_2024-05-12_18-15-42.webp.webp?fit=790%2C475&ssl=1&resize=350%2C200","width":350,"height":200,"srcset":"https:\/\/i0.wp.com\/ismaelcolosi.com.br\/wp-content\/uploads\/2024\/05\/Capturar_2024-05-12_18-15-42_jpg_2024-05-12_18-15-42.webp.webp?fit=790%2C475&ssl=1&resize=350%2C200 1x, https:\/\/i0.wp.com\/ismaelcolosi.com.br\/wp-content\/uploads\/2024\/05\/Capturar_2024-05-12_18-15-42_jpg_2024-05-12_18-15-42.webp.webp?fit=790%2C475&ssl=1&resize=525%2C300 1.5x, https:\/\/i0.wp.com\/ismaelcolosi.com.br\/wp-content\/uploads\/2024\/05\/Capturar_2024-05-12_18-15-42_jpg_2024-05-12_18-15-42.webp.webp?fit=790%2C475&ssl=1&resize=700%2C400 2x"},"classes":[]},{"id":66909,"url":"https:\/\/ismaelcolosi.com.br\/index.php\/2024\/09\/19\/identificado-homem-que-morreu-baleado-apos-descer-de-um-camaro-na-regiao-de-ribeirao\/","url_meta":{"origin":64202,"position":3},"title":"Identificado homem que morreu baleado ap\u00f3s descer de um Camaro na regi\u00e3o de Ribeir\u00e3o","author":"ismaelcolosi.com.br","date":"19 de September de 2024","format":false,"excerpt":"Foi identificado como Lucas Alves da Silva, de 36 anos, o homem que morreu baleado ap\u00f3s descer de um Chevrolet Camaro em Franca, cidade na regi\u00e3o de Ribeir\u00e3o Preto, na tarde desta quinta-feira (19). O crime aconteceu em frente a uma loja de carros no cruzamento da avenida Major Nic\u00e1cio\u2026","rel":"","context":"In &quot;Not\u00edcias de Ribeir\u00e3o Preto-SP e Regi\u00e3o&quot;","block_context":{"text":"Not\u00edcias de Ribeir\u00e3o Preto-SP e Regi\u00e3o","link":"https:\/\/ismaelcolosi.com.br\/index.php\/category\/noticias-de-ribeirao-preto-sp-e-regiao-ismael-colosi\/"},"img":{"alt_text":"","src":"https:\/\/i0.wp.com\/ismaelcolosi.com.br\/wp-content\/uploads\/2024\/09\/Copia-de-Copia-de-Copia-de-TAMANHO-EXATO-PARA-FOTOS-NO-SISTEMA-NOVO-61_2024-09-20_00-25-35_png_2024-09-20_00-25-35.webp.webp?fit=1200%2C675&ssl=1&resize=350%2C200","width":350,"height":200,"srcset":"https:\/\/i0.wp.com\/ismaelcolosi.com.br\/wp-content\/uploads\/2024\/09\/Copia-de-Copia-de-Copia-de-TAMANHO-EXATO-PARA-FOTOS-NO-SISTEMA-NOVO-61_2024-09-20_00-25-35_png_2024-09-20_00-25-35.webp.webp?fit=1200%2C675&ssl=1&resize=350%2C200 1x, https:\/\/i0.wp.com\/ismaelcolosi.com.br\/wp-content\/uploads\/2024\/09\/Copia-de-Copia-de-Copia-de-TAMANHO-EXATO-PARA-FOTOS-NO-SISTEMA-NOVO-61_2024-09-20_00-25-35_png_2024-09-20_00-25-35.webp.webp?fit=1200%2C675&ssl=1&resize=525%2C300 1.5x, https:\/\/i0.wp.com\/ismaelcolosi.com.br\/wp-content\/uploads\/2024\/09\/Copia-de-Copia-de-Copia-de-TAMANHO-EXATO-PARA-FOTOS-NO-SISTEMA-NOVO-61_2024-09-20_00-25-35_png_2024-09-20_00-25-35.webp.webp?fit=1200%2C675&ssl=1&resize=700%2C400 2x, https:\/\/i0.wp.com\/ismaelcolosi.com.br\/wp-content\/uploads\/2024\/09\/Copia-de-Copia-de-Copia-de-TAMANHO-EXATO-PARA-FOTOS-NO-SISTEMA-NOVO-61_2024-09-20_00-25-35_png_2024-09-20_00-25-35.webp.webp?fit=1200%2C675&ssl=1&resize=1050%2C600 3x"},"classes":[]},{"id":77788,"url":"https:\/\/ismaelcolosi.com.br\/index.php\/2024\/11\/28\/homem-preso-apos-ataque-a-carro-forte-e-denunciado-pelo-mp\/","url_meta":{"origin":64202,"position":4},"title":"Homem preso ap\u00f3s ataque a carro-forte \u00e9 denunciado pelo MP","author":"ismaelcolosi.com.br","date":"28 de November de 2024","format":false,"excerpt":"Por: Adalberto Luque O Minist\u00e9rio P\u00fablico de S\u00e3o Paulo (MPSP) denunciou Roberto Marques Trov\u00e3o Lafaeff, de 36 anos, por roubo e falsidade ideol\u00f3gica, relativos ao ataque a um carro-forte ocorrido na Rodovia C\u00e2ndido Portinari (SP-334) no dia 9 de setembro deste ano. Lafaeff foi preso quando procurou atendimento m\u00e9dico em\u2026","rel":"","context":"In &quot;Not\u00edcias de Ribeir\u00e3o Preto-SP e Regi\u00e3o&quot;","block_context":{"text":"Not\u00edcias de Ribeir\u00e3o Preto-SP e Regi\u00e3o","link":"https:\/\/ismaelcolosi.com.br\/index.php\/category\/noticias-de-ribeirao-preto-sp-e-regiao-ismael-colosi\/"},"img":{"alt_text":"","src":"https:\/\/i0.wp.com\/ismaelcolosi.com.br\/wp-content\/uploads\/2024\/11\/13set2024suspeitovalinhos-scaled.jpg?fit=800%2C400&ssl=1&resize=350%2C200","width":350,"height":200,"srcset":"https:\/\/i0.wp.com\/ismaelcolosi.com.br\/wp-content\/uploads\/2024\/11\/13set2024suspeitovalinhos-scaled.jpg?fit=800%2C400&ssl=1&resize=350%2C200 1x, https:\/\/i0.wp.com\/ismaelcolosi.com.br\/wp-content\/uploads\/2024\/11\/13set2024suspeitovalinhos-scaled.jpg?fit=800%2C400&ssl=1&resize=525%2C300 1.5x, https:\/\/i0.wp.com\/ismaelcolosi.com.br\/wp-content\/uploads\/2024\/11\/13set2024suspeitovalinhos-scaled.jpg?fit=800%2C400&ssl=1&resize=700%2C400 2x"},"classes":[]},{"id":43355,"url":"https:\/\/ismaelcolosi.com.br\/index.php\/2024\/03\/20\/homem-cai-em-corrego-e-e-arrastado-por-tres-quilometros-na-regiao-de-ribeirao-veja-video\/","url_meta":{"origin":64202,"position":5},"title":"Homem cai em c\u00f3rrego e \u00e9 arrastado por tr\u00eas quil\u00f4metros na regi\u00e3o de Ribeir\u00e3o; Veja v\u00eddeo","author":"ismaelcolosi.com.br","date":"20 de March de 2024","format":false,"excerpt":"Um homem, de 41 anos, caiu dentro do c\u00f3rrego dos Bagres, em Franca, cidade na regi\u00e3o de Ribeir\u00e3o Preto, e foi arrastado na tarde desta quarta-feira (20). Chovia forte na cidade no momento do ocorrido. De acordo com as informa\u00e7\u00f5es do Corpo de Bombeiros (CB), a v\u00edtima foi arrastada por\u2026","rel":"","context":"In &quot;Not\u00edcias de Ribeir\u00e3o Preto-SP e Regi\u00e3o&quot;","block_context":{"text":"Not\u00edcias de Ribeir\u00e3o Preto-SP e Regi\u00e3o","link":"https:\/\/ismaelcolosi.com.br\/index.php\/category\/noticias-de-ribeirao-preto-sp-e-regiao-ismael-colosi\/"},"img":{"alt_text":"","src":"https:\/\/i0.wp.com\/ismaelcolosi.com.br\/wp-content\/uploads\/2024\/03\/AnyConv.com__Copia-de-Copia-de-TAMANHO-EXATO-PARA-FOTOS-NO-SISTEMA-NOVO-14.webp.webp?fit=1200%2C675&ssl=1&resize=350%2C200","width":350,"height":200,"srcset":"https:\/\/i0.wp.com\/ismaelcolosi.com.br\/wp-content\/uploads\/2024\/03\/AnyConv.com__Copia-de-Copia-de-TAMANHO-EXATO-PARA-FOTOS-NO-SISTEMA-NOVO-14.webp.webp?fit=1200%2C675&ssl=1&resize=350%2C200 1x, https:\/\/i0.wp.com\/ismaelcolosi.com.br\/wp-content\/uploads\/2024\/03\/AnyConv.com__Copia-de-Copia-de-TAMANHO-EXATO-PARA-FOTOS-NO-SISTEMA-NOVO-14.webp.webp?fit=1200%2C675&ssl=1&resize=525%2C300 1.5x, https:\/\/i0.wp.com\/ismaelcolosi.com.br\/wp-content\/uploads\/2024\/03\/AnyConv.com__Copia-de-Copia-de-TAMANHO-EXATO-PARA-FOTOS-NO-SISTEMA-NOVO-14.webp.webp?fit=1200%2C675&ssl=1&resize=700%2C400 2x, https:\/\/i0.wp.com\/ismaelcolosi.com.br\/wp-content\/uploads\/2024\/03\/AnyConv.com__Copia-de-Copia-de-TAMANHO-EXATO-PARA-FOTOS-NO-SISTEMA-NOVO-14.webp.webp?fit=1200%2C675&ssl=1&resize=1050%2C600 3x"},"classes":[]}],"jetpack_sharing_enabled":true,"jetpack_shortlink":"https:\/\/wp.me\/pfMlyK-gHw","_links":{"self":[{"href":"https:\/\/ismaelcolosi.com.br\/index.php\/wp-json\/wp\/v2\/posts\/64202","targetHints":{"allow":["GET"]}}],"collection":[{"href":"https:\/\/ismaelcolosi.com.br\/index.php\/wp-json\/wp\/v2\/posts"}],"about":[{"href":"https:\/\/ismaelcolosi.com.br\/index.php\/wp-json\/wp\/v2\/types\/post"}],"author":[{"embeddable":true,"href":"https:\/\/ismaelcolosi.com.br\/index.php\/wp-json\/wp\/v2\/users\/1"}],"replies":[{"embeddable":true,"href":"https:\/\/ismaelcolosi.com.br\/index.php\/wp-json\/wp\/v2\/comments?post=64202"}],"version-history":[{"count":0,"href":"https:\/\/ismaelcolosi.com.br\/index.php\/wp-json\/wp\/v2\/posts\/64202\/revisions"}],"wp:featuredmedia":[{"embeddable":true,"href":"https:\/\/ismaelcolosi.com.br\/index.php\/wp-json\/wp\/v2\/media\/64203"}],"wp:attachment":[{"href":"https:\/\/ismaelcolosi.com.br\/index.php\/wp-json\/wp\/v2\/media?parent=64202"}],"wp:term":[{"taxonomy":"category","embeddable":true,"href":"https:\/\/ismaelcolosi.com.br\/index.php\/wp-json\/wp\/v2\/categories?post=64202"},{"taxonomy":"post_tag","embeddable":true,"href":"https:\/\/ismaelcolosi.com.br\/index.php\/wp-json\/wp\/v2\/tags?post=64202"}],"curies":[{"name":"wp","href":"https:\/\/api.w.org\/{rel}","templated":true}]}}