{"id":64198,"date":"2024-09-06T07:38:08","date_gmt":"2024-09-06T10:38:08","guid":{"rendered":"https:\/\/ismaelcolosi.com.br\/index.php\/2024\/09\/06\/inmet-emite-alerta-de-perigo-para-o-interior-de-sp-veja-previsao-no-fim-de-semana\/"},"modified":"2024-09-06T07:38:08","modified_gmt":"2024-09-06T10:38:08","slug":"inmet-emite-alerta-de-perigo-para-o-interior-de-sp-veja-previsao-no-fim-de-semana","status":"publish","type":"post","link":"https:\/\/ismaelcolosi.com.br\/index.php\/2024\/09\/06\/inmet-emite-alerta-de-perigo-para-o-interior-de-sp-veja-previsao-no-fim-de-semana\/","title":{"rendered":"Inmet emite alerta de perigo para o interior de SP; Veja previs\u00e3o no fim de semana"},"content":{"rendered":"<p> <br \/>\n<\/p>\n<div>\n<p><strong>O <\/strong><a href=\"https:\/\/portal.inmet.gov.br\/\" target=\"_blank\" rel=\"noreferrer noopener\"><strong>Inmet (Instituto Nacional de Meteorologia)<\/strong><\/a><strong> emitou um alerta de \u201cperigo\u201d para onda de calor em parte do interior de S\u00e3o Paulo.<\/strong><\/p>\n<p>O aviso, que e inclui a regi\u00e3o de Ribeir\u00e3o Preto, teve in\u00edcio \u00e0 0h e segue at\u00e9 as 23h59 desta sexta-feira (6).<\/p>\n<p>Este alerta \u00e9 na cor laranja \u2013 a segunda em uma escala at\u00e9 tr\u00eas n\u00edveis \u2013 indica risco \u00e0 sa\u00fade com a temperaturas 5\u00baC acima da m\u00e9dia por um per\u00edodo de tr\u00eas a cinco dias.<\/p>\n<h4 class=\"wp-block-heading\"><strong>Veja as regi\u00f5es paulistas em alerta:<\/strong><\/h4>\n<p>\u2022 Campinas<\/p>\n<p>\u2022 S\u00e3o Jos\u00e9 do Rio Preto<\/p>\n<p>\u2022 Ribeir\u00e3o Preto<\/p>\n<p>\u2022 Macro Metropolitana Paulista<\/p>\n<p><a href=\"https:\/\/alertas2.inmet.gov.br\/48344\" target=\"_blank\" rel=\"noreferrer noopener\">Clique aqui<\/a> e confira todos os munic\u00edpios<\/p>\n<h4 class=\"wp-block-heading\"><strong>Baixa umidade<\/strong><\/h4>\n<p>O Inmet tamb\u00e9m emitiu alerta de \u201cperigo potencial\u201d para baixa umidade do ar do interior de S\u00e3o Paulo. O aviso, que indica \u00edndices entre 30% e 20%, tem validade entre 10h e 21h nesta sexta.<\/p>\n<p><a href=\"https:\/\/alertas2.inmet.gov.br\/48350\" target=\"_blank\" rel=\"noreferrer noopener\">Clique aqui<\/a> e confira as cidades<\/p>\n<h4 class=\"wp-block-heading\"><strong>Em Ribeir\u00e3o<\/strong><\/h4>\n<p>A regi\u00e3o de Ribeir\u00e3o Preto tem predom\u00ednio de sol, sem previs\u00e3o de chuva nesta sexta-feira, de acordo com a Climatempo.<\/p>\n<p>A regi\u00e3o pode ter rajadas de vento entre 40 km\/h e 50 km\/h hoje.<\/p>\n<p>No s\u00e1bado (7), feriado da Independ\u00eancia, a meteorologia indica tempo firme e temperaturas elevadas na regi\u00e3o por causa da massa de ar seco. A umidade volta a cair para n\u00edveis cr\u00edticos com o fortalecimento da alta press\u00e3o, segundo a Climatempo.<\/p>\n<p>Nos pr\u00f3ximos dias a tend\u00eancia \u00e9 de tempo firme na regi\u00e3o, com n\u00edveis cr\u00edticos de umidade. Na regi\u00e3o de Ribeir\u00e3o o \u00edndice pode ficar abaixo de 12%.\u00a0<\/p>\n<p>SAIBA MAIS<\/p>\n<p>Interior de SP recebe alerta para queda de temperatura; Veja regi\u00f5es afetadas<\/p>\n<h4 class=\"wp-block-heading\"><strong>FIQUE ON<\/strong><\/h4>\n<p>Fique ligado em tudo que acontece em Ribeir\u00e3o Preto e regi\u00e3o. Siga os perfis do\u00a0<strong>acidade on<\/strong>\u00a0no\u00a0<a href=\"https:\/\/www.instagram.com\/acidadeonribeirao\" target=\"_blank\" rel=\"noreferrer noopener\">Instagram\u00a0<\/a>e no\u00a0<a href=\"https:\/\/www.facebook.com\/acidadeonribeirao\/\" target=\"_blank\" rel=\"noreferrer noopener\">Facebook<\/a>.<\/p>\n<p>Receba not\u00edcias do\u00a0<strong>acidade on<\/strong>\u00a0no WhatsApp.\u00a0<a href=\"https:\/\/chat.whatsapp.com\/Dtv9mxhy6V5BJBotM2OQ5k\" target=\"_blank\" rel=\"noreferrer noopener\">Para entrar no grupo, basta clicar aqui.<\/a><\/p>\n<p>Fa\u00e7a uma den\u00fancia ou sugira uma reportagem sobre Ribeir\u00e3o Preto e regi\u00e3o pelo WhatsApp: 16 99117 7802.<\/p>\n<p>VEJA TAMB\u00c9M<\/p>\n<p>O que acontece quando a umidade relativa do ar chega a 0%?<\/p>\n<p><!-- CONTENT END 3 -->\n<\/div>\n<p><script async src=\"\/\/www.instagram.com\/embed.js\"><\/script><br \/>\n<br \/><br \/>\n<br \/><a href=\"https:\/\/www.acidadeon.com\/ribeiraopreto\/cotidiano\/inmet-emite-alerta-de-perigo-para-o-interior-de-sp-veja-previsao-no-fim-de-semana\/\">Source link <\/a><\/p>\n","protected":false},"excerpt":{"rendered":"<p>O Inmet (Instituto Nacional de Meteorologia) emitou um alerta de \u201cperigo\u201d para onda de calor em parte do interior de S\u00e3o Paulo. O aviso, que&#8230;<\/p>\n","protected":false},"author":1,"featured_media":64199,"comment_status":"open","ping_status":"open","sticky":false,"template":"","format":"standard","meta":{"_uag_custom_page_level_css":"","advanced_seo_description":"","jetpack_seo_html_title":"","jetpack_seo_noindex":false,"jetpack_post_was_ever_published":false,"_jetpack_newsletter_access":"","_jetpack_dont_email_post_to_subs":false,"_jetpack_newsletter_tier_id":0,"_jetpack_memberships_contains_paywalled_content":false,"_jetpack_memberships_contains_paid_content":false,"footnotes":"","jetpack_publicize_message":"","jetpack_publicize_feature_enabled":true,"jetpack_social_post_already_shared":true,"jetpack_social_options":{"image_generator_settings":{"template":"highway","default_image_id":0,"font":"","enabled":false},"version":2}},"categories":[11],"tags":[],"class_list":["post-64198","post","type-post","status-publish","format-standard","has-post-thumbnail","hentry","category-noticias-de-ribeirao-preto-sp-e-regiao-ismael-colosi"],"jetpack_publicize_connections":[],"jetpack_featured_media_url":"https:\/\/i0.wp.com\/ismaelcolosi.com.br\/wp-content\/uploads\/2024\/09\/WhatsApp-Image-2023-11-10-at-08.08.42.jpeg?fit=1600%2C720&ssl=1","uagb_featured_image_src":{"full":["https:\/\/i0.wp.com\/ismaelcolosi.com.br\/wp-content\/uploads\/2024\/09\/WhatsApp-Image-2023-11-10-at-08.08.42.jpeg?fit=1600%2C720&ssl=1",1600,720,false],"thumbnail":["https:\/\/i0.wp.com\/ismaelcolosi.com.br\/wp-content\/uploads\/2024\/09\/WhatsApp-Image-2023-11-10-at-08.08.42.jpeg?resize=150%2C150&ssl=1",150,150,true],"medium":["https:\/\/i0.wp.com\/ismaelcolosi.com.br\/wp-content\/uploads\/2024\/09\/WhatsApp-Image-2023-11-10-at-08.08.42.jpeg?fit=300%2C135&ssl=1",300,135,true],"medium_large":["https:\/\/i0.wp.com\/ismaelcolosi.com.br\/wp-content\/uploads\/2024\/09\/WhatsApp-Image-2023-11-10-at-08.08.42.jpeg?fit=768%2C346&ssl=1",768,346,true],"large":["https:\/\/i0.wp.com\/ismaelcolosi.com.br\/wp-content\/uploads\/2024\/09\/WhatsApp-Image-2023-11-10-at-08.08.42.jpeg?fit=1024%2C461&ssl=1",1024,461,true],"1536x1536":["https:\/\/i0.wp.com\/ismaelcolosi.com.br\/wp-content\/uploads\/2024\/09\/WhatsApp-Image-2023-11-10-at-08.08.42.jpeg?fit=1536%2C691&ssl=1",1536,691,true],"2048x2048":["https:\/\/i0.wp.com\/ismaelcolosi.com.br\/wp-content\/uploads\/2024\/09\/WhatsApp-Image-2023-11-10-at-08.08.42.jpeg?fit=1600%2C720&ssl=1",1600,720,true],"really-simple-thumb":["https:\/\/i0.wp.com\/ismaelcolosi.com.br\/wp-content\/uploads\/2024\/09\/WhatsApp-Image-2023-11-10-at-08.08.42.jpeg?resize=370%2C247&ssl=1",370,247,true]},"uagb_author_info":{"display_name":"ismaelcolosi.com.br","author_link":"https:\/\/ismaelcolosi.com.br\/index.php\/author\/vidareal-online\/"},"uagb_comment_info":0,"uagb_excerpt":"O Inmet (Instituto Nacional de Meteorologia) emitou um alerta de \u201cperigo\u201d para onda de calor em parte do interior de S\u00e3o Paulo. O aviso, que...","jetpack-related-posts":[{"id":57477,"url":"https:\/\/ismaelcolosi.com.br\/index.php\/2024\/07\/22\/inmet-emite-alerta-laranja-de-perigo-para-o-interior-de-sp-veja-cidades-afetadas\/","url_meta":{"origin":64198,"position":0},"title":"Inmet emite alerta laranja de perigo para o interior de SP; Veja cidades afetadas","author":"ismaelcolosi.com.br","date":"22 de July de 2024","format":false,"excerpt":"O Inmet (Instituto Nacional de Meteorologia) emitiu dois alertas para baixa umidade do ar em parte do interior de S\u00e3o Paulo. Todos os avisos incluem Ribeir\u00e3o Preto e cidades da regi\u00e3o. O primeiro, das 11h \u00e0s 19h, \u00e9 na cor amarela \u2013 a primeira em uma escala at\u00e9 tr\u00eas n\u00edveis\u2026","rel":"","context":"In &quot;Not\u00edcias de Ribeir\u00e3o Preto-SP e Regi\u00e3o&quot;","block_context":{"text":"Not\u00edcias de Ribeir\u00e3o Preto-SP e Regi\u00e3o","link":"https:\/\/ismaelcolosi.com.br\/index.php\/category\/noticias-de-ribeirao-preto-sp-e-regiao-ismael-colosi\/"},"img":{"alt_text":"","src":"https:\/\/i0.wp.com\/ismaelcolosi.com.br\/wp-content\/uploads\/2024\/07\/por_do_1024x576_21042020072407.jpg?fit=1024%2C576&ssl=1&resize=350%2C200","width":350,"height":200,"srcset":"https:\/\/i0.wp.com\/ismaelcolosi.com.br\/wp-content\/uploads\/2024\/07\/por_do_1024x576_21042020072407.jpg?fit=1024%2C576&ssl=1&resize=350%2C200 1x, https:\/\/i0.wp.com\/ismaelcolosi.com.br\/wp-content\/uploads\/2024\/07\/por_do_1024x576_21042020072407.jpg?fit=1024%2C576&ssl=1&resize=525%2C300 1.5x, https:\/\/i0.wp.com\/ismaelcolosi.com.br\/wp-content\/uploads\/2024\/07\/por_do_1024x576_21042020072407.jpg?fit=1024%2C576&ssl=1&resize=700%2C400 2x"},"classes":[]},{"id":61957,"url":"https:\/\/ismaelcolosi.com.br\/index.php\/2024\/08\/24\/inmet-alerta-para-perigo-potencial-de-queda-de-temperatura-no-estado-de-sp-veja-cidades\/","url_meta":{"origin":64198,"position":1},"title":"Inmet alerta para perigo potencial de queda de temperatura no estado de SP; Veja cidades","author":"ismaelcolosi.com.br","date":"24 de August de 2024","format":false,"excerpt":"O Inmet (Instituto Nacional de Meteorologia) emitiu um alerta de perigo potencial para a decl\u00ednio de temperatura em parte do estado de S\u00e3o Paulo. O aviso tem in\u00edcio \u00e0s 10h deste s\u00e1bado (24) e segue at\u00e9 as 10h de domingo (25), e inclui algumas cidades da regi\u00e3o de Ribeir\u00e3o Preto.\u2026","rel":"","context":"In &quot;Not\u00edcias de Ribeir\u00e3o Preto-SP e Regi\u00e3o&quot;","block_context":{"text":"Not\u00edcias de Ribeir\u00e3o Preto-SP e Regi\u00e3o","link":"https:\/\/ismaelcolosi.com.br\/index.php\/category\/noticias-de-ribeirao-preto-sp-e-regiao-ismael-colosi\/"},"img":{"alt_text":"","src":"https:\/\/i0.wp.com\/ismaelcolosi.com.br\/wp-content\/uploads\/2024\/07\/WhatsApp-Image-2024-07-13-at-19.42.17_2024-07-13_22-42-51_jpeg_2024-07-13_22-42-51.webp.webp?fit=1200%2C553&ssl=1&resize=350%2C200","width":350,"height":200,"srcset":"https:\/\/i0.wp.com\/ismaelcolosi.com.br\/wp-content\/uploads\/2024\/07\/WhatsApp-Image-2024-07-13-at-19.42.17_2024-07-13_22-42-51_jpeg_2024-07-13_22-42-51.webp.webp?fit=1200%2C553&ssl=1&resize=350%2C200 1x, https:\/\/i0.wp.com\/ismaelcolosi.com.br\/wp-content\/uploads\/2024\/07\/WhatsApp-Image-2024-07-13-at-19.42.17_2024-07-13_22-42-51_jpeg_2024-07-13_22-42-51.webp.webp?fit=1200%2C553&ssl=1&resize=525%2C300 1.5x, https:\/\/i0.wp.com\/ismaelcolosi.com.br\/wp-content\/uploads\/2024\/07\/WhatsApp-Image-2024-07-13-at-19.42.17_2024-07-13_22-42-51_jpeg_2024-07-13_22-42-51.webp.webp?fit=1200%2C553&ssl=1&resize=700%2C400 2x, https:\/\/i0.wp.com\/ismaelcolosi.com.br\/wp-content\/uploads\/2024\/07\/WhatsApp-Image-2024-07-13-at-19.42.17_2024-07-13_22-42-51_jpeg_2024-07-13_22-42-51.webp.webp?fit=1200%2C553&ssl=1&resize=1050%2C600 3x"},"classes":[]},{"id":61961,"url":"https:\/\/ismaelcolosi.com.br\/index.php\/2024\/08\/24\/inmet-alerta-para-perigo-potencial-no-estado-de-sp-veja-cidades-atingidas\/","url_meta":{"origin":64198,"position":2},"title":"Inmet alerta para perigo potencial no estado de SP; Veja cidades atingidas","author":"ismaelcolosi.com.br","date":"24 de August de 2024","format":false,"excerpt":"O Inmet (Instituto Nacional de Meteorologia) emitiu um alerta de perigo potencial para a decl\u00ednio de temperatura em parte do estado de S\u00e3o Paulo. O aviso tem in\u00edcio \u00e0s 10h deste s\u00e1bado (24) e segue at\u00e9 as 10h de domingo (25), e inclui algumas cidades da regi\u00e3o de Ribeir\u00e3o Preto.\u2026","rel":"","context":"In &quot;Not\u00edcias de Ribeir\u00e3o Preto-SP e Regi\u00e3o&quot;","block_context":{"text":"Not\u00edcias de Ribeir\u00e3o Preto-SP e Regi\u00e3o","link":"https:\/\/ismaelcolosi.com.br\/index.php\/category\/noticias-de-ribeirao-preto-sp-e-regiao-ismael-colosi\/"},"img":{"alt_text":"","src":"https:\/\/i0.wp.com\/ismaelcolosi.com.br\/wp-content\/uploads\/2024\/07\/WhatsApp-Image-2024-07-13-at-19.42.17_2024-07-13_22-42-51_jpeg_2024-07-13_22-42-51.webp.webp?fit=1200%2C553&ssl=1&resize=350%2C200","width":350,"height":200,"srcset":"https:\/\/i0.wp.com\/ismaelcolosi.com.br\/wp-content\/uploads\/2024\/07\/WhatsApp-Image-2024-07-13-at-19.42.17_2024-07-13_22-42-51_jpeg_2024-07-13_22-42-51.webp.webp?fit=1200%2C553&ssl=1&resize=350%2C200 1x, https:\/\/i0.wp.com\/ismaelcolosi.com.br\/wp-content\/uploads\/2024\/07\/WhatsApp-Image-2024-07-13-at-19.42.17_2024-07-13_22-42-51_jpeg_2024-07-13_22-42-51.webp.webp?fit=1200%2C553&ssl=1&resize=525%2C300 1.5x, https:\/\/i0.wp.com\/ismaelcolosi.com.br\/wp-content\/uploads\/2024\/07\/WhatsApp-Image-2024-07-13-at-19.42.17_2024-07-13_22-42-51_jpeg_2024-07-13_22-42-51.webp.webp?fit=1200%2C553&ssl=1&resize=700%2C400 2x, https:\/\/i0.wp.com\/ismaelcolosi.com.br\/wp-content\/uploads\/2024\/07\/WhatsApp-Image-2024-07-13-at-19.42.17_2024-07-13_22-42-51_jpeg_2024-07-13_22-42-51.webp.webp?fit=1200%2C553&ssl=1&resize=1050%2C600 3x"},"classes":[]},{"id":57243,"url":"https:\/\/ismaelcolosi.com.br\/index.php\/2024\/07\/18\/inmet-coloca-interior-de-sp-mais-uma-vez-em-alerta-de-perigo-potencial-veja-as-cidades\/","url_meta":{"origin":64198,"position":3},"title":"Inmet coloca interior de SP mais uma vez em alerta de perigo potencial; Veja as cidades","author":"ismaelcolosi.com.br","date":"18 de July de 2024","format":false,"excerpt":"O Inmet (Instituto Nacional de Meteorologia) emitiu, nesta quinta-feira (18), um novo alerta de perigo potencial por conta da baixa umidade do ar. O aviso de cor amarela, inclui cidades do interior de S\u00e3o Paulo, entre elas, Ribeir\u00e3o Preto (veja abaixo). De acordo com o instituto, o alerta \u00e9 v\u00e1lido\u2026","rel":"","context":"In &quot;Not\u00edcias de Ribeir\u00e3o Preto-SP e Regi\u00e3o&quot;","block_context":{"text":"Not\u00edcias de Ribeir\u00e3o Preto-SP e Regi\u00e3o","link":"https:\/\/ismaelcolosi.com.br\/index.php\/category\/noticias-de-ribeirao-preto-sp-e-regiao-ismael-colosi\/"},"img":{"alt_text":"","src":"https:\/\/i0.wp.com\/ismaelcolosi.com.br\/wp-content\/uploads\/2024\/07\/Copia-de-Copia-de-TAMANHO-EXATO-PARA-FOTOS-NO-SISTEMA-NOVO-5_2024-07-18_23-18-12_png_2024-07-18_23-18-12.webp.webp?fit=1200%2C675&ssl=1&resize=350%2C200","width":350,"height":200,"srcset":"https:\/\/i0.wp.com\/ismaelcolosi.com.br\/wp-content\/uploads\/2024\/07\/Copia-de-Copia-de-TAMANHO-EXATO-PARA-FOTOS-NO-SISTEMA-NOVO-5_2024-07-18_23-18-12_png_2024-07-18_23-18-12.webp.webp?fit=1200%2C675&ssl=1&resize=350%2C200 1x, https:\/\/i0.wp.com\/ismaelcolosi.com.br\/wp-content\/uploads\/2024\/07\/Copia-de-Copia-de-TAMANHO-EXATO-PARA-FOTOS-NO-SISTEMA-NOVO-5_2024-07-18_23-18-12_png_2024-07-18_23-18-12.webp.webp?fit=1200%2C675&ssl=1&resize=525%2C300 1.5x, https:\/\/i0.wp.com\/ismaelcolosi.com.br\/wp-content\/uploads\/2024\/07\/Copia-de-Copia-de-TAMANHO-EXATO-PARA-FOTOS-NO-SISTEMA-NOVO-5_2024-07-18_23-18-12_png_2024-07-18_23-18-12.webp.webp?fit=1200%2C675&ssl=1&resize=700%2C400 2x, https:\/\/i0.wp.com\/ismaelcolosi.com.br\/wp-content\/uploads\/2024\/07\/Copia-de-Copia-de-TAMANHO-EXATO-PARA-FOTOS-NO-SISTEMA-NOVO-5_2024-07-18_23-18-12_png_2024-07-18_23-18-12.webp.webp?fit=1200%2C675&ssl=1&resize=1050%2C600 3x"},"classes":[]},{"id":53346,"url":"https:\/\/ismaelcolosi.com.br\/index.php\/2024\/06\/16\/novo-alerta-do-inmet-coloca-interior-de-sp-em-estado-de-perigo-devido-a-baixa-umidade-do-ar\/","url_meta":{"origin":64198,"position":4},"title":"Novo alerta do Inmet coloca interior de SP em estado de perigo devido a baixa umidade do ar","author":"ismaelcolosi.com.br","date":"16 de June de 2024","format":false,"excerpt":"Um novo alerta do Inmet (Instituto Nacional de Meteorologia) emitido neste domingo (16) coloca cidades do interior de S\u00e3o Paulo, entre elas, Ribeir\u00e3o Preto (veja abaixo) em aten\u00e7\u00e3o devido ao perigo potencial causado pela baixa umidade do ar. O alerta \u00e9 v\u00e1lido a partir do meio-dia at\u00e9 \u00e0s 19h deste\u2026","rel":"","context":"In &quot;Not\u00edcias de Ribeir\u00e3o Preto-SP e Regi\u00e3o&quot;","block_context":{"text":"Not\u00edcias de Ribeir\u00e3o Preto-SP e Regi\u00e3o","link":"https:\/\/ismaelcolosi.com.br\/index.php\/category\/noticias-de-ribeirao-preto-sp-e-regiao-ismael-colosi\/"},"img":{"alt_text":"","src":"https:\/\/i0.wp.com\/ismaelcolosi.com.br\/wp-content\/uploads\/2024\/06\/Copia-de-Copia-de-TAMANHO-EXATO-PARA-FOTOS-NO-SISTEMA-NOVO_2024-06-16_13-49-57_png_2024-06-16_13-49-57.webp.webp?fit=1200%2C675&ssl=1&resize=350%2C200","width":350,"height":200,"srcset":"https:\/\/i0.wp.com\/ismaelcolosi.com.br\/wp-content\/uploads\/2024\/06\/Copia-de-Copia-de-TAMANHO-EXATO-PARA-FOTOS-NO-SISTEMA-NOVO_2024-06-16_13-49-57_png_2024-06-16_13-49-57.webp.webp?fit=1200%2C675&ssl=1&resize=350%2C200 1x, https:\/\/i0.wp.com\/ismaelcolosi.com.br\/wp-content\/uploads\/2024\/06\/Copia-de-Copia-de-TAMANHO-EXATO-PARA-FOTOS-NO-SISTEMA-NOVO_2024-06-16_13-49-57_png_2024-06-16_13-49-57.webp.webp?fit=1200%2C675&ssl=1&resize=525%2C300 1.5x, https:\/\/i0.wp.com\/ismaelcolosi.com.br\/wp-content\/uploads\/2024\/06\/Copia-de-Copia-de-TAMANHO-EXATO-PARA-FOTOS-NO-SISTEMA-NOVO_2024-06-16_13-49-57_png_2024-06-16_13-49-57.webp.webp?fit=1200%2C675&ssl=1&resize=700%2C400 2x, https:\/\/i0.wp.com\/ismaelcolosi.com.br\/wp-content\/uploads\/2024\/06\/Copia-de-Copia-de-TAMANHO-EXATO-PARA-FOTOS-NO-SISTEMA-NOVO_2024-06-16_13-49-57_png_2024-06-16_13-49-57.webp.webp?fit=1200%2C675&ssl=1&resize=1050%2C600 3x"},"classes":[]},{"id":58005,"url":"https:\/\/ismaelcolosi.com.br\/index.php\/2024\/07\/26\/interior-de-sp-tem-novo-alerta-laranja-de-perigo-veja-as-regioes-afetadas\/","url_meta":{"origin":64198,"position":5},"title":"Interior de SP tem novo alerta laranja de perigo; Veja as regi\u00f5es afetadas","author":"ismaelcolosi.com.br","date":"26 de July de 2024","format":false,"excerpt":"O Inmet (Instituto Nacional de Meteorologia) emitiu um novo alerta de perigo para a baixa umidade do ar em parte do interior de S\u00e3o Paulo. O aviso tem validade entre 12h e 17h desta sexta-feira (26), e inclui Ribeir\u00e3o Preto e cidades da regi\u00e3o. O alerta \u00e9 na cor laranja\u2026","rel":"","context":"In &quot;Not\u00edcias de Ribeir\u00e3o Preto-SP e Regi\u00e3o&quot;","block_context":{"text":"Not\u00edcias de Ribeir\u00e3o Preto-SP e Regi\u00e3o","link":"https:\/\/ismaelcolosi.com.br\/index.php\/category\/noticias-de-ribeirao-preto-sp-e-regiao-ismael-colosi\/"},"img":{"alt_text":"","src":"https:\/\/i0.wp.com\/ismaelcolosi.com.br\/wp-content\/uploads\/2024\/07\/20230711_174150-scaled.jpg?fit=1200%2C540&ssl=1&resize=350%2C200","width":350,"height":200,"srcset":"https:\/\/i0.wp.com\/ismaelcolosi.com.br\/wp-content\/uploads\/2024\/07\/20230711_174150-scaled.jpg?fit=1200%2C540&ssl=1&resize=350%2C200 1x, https:\/\/i0.wp.com\/ismaelcolosi.com.br\/wp-content\/uploads\/2024\/07\/20230711_174150-scaled.jpg?fit=1200%2C540&ssl=1&resize=525%2C300 1.5x, https:\/\/i0.wp.com\/ismaelcolosi.com.br\/wp-content\/uploads\/2024\/07\/20230711_174150-scaled.jpg?fit=1200%2C540&ssl=1&resize=700%2C400 2x, https:\/\/i0.wp.com\/ismaelcolosi.com.br\/wp-content\/uploads\/2024\/07\/20230711_174150-scaled.jpg?fit=1200%2C540&ssl=1&resize=1050%2C600 3x"},"classes":[]}],"jetpack_sharing_enabled":true,"jetpack_shortlink":"https:\/\/wp.me\/pfMlyK-gHs","_links":{"self":[{"href":"https:\/\/ismaelcolosi.com.br\/index.php\/wp-json\/wp\/v2\/posts\/64198","targetHints":{"allow":["GET"]}}],"collection":[{"href":"https:\/\/ismaelcolosi.com.br\/index.php\/wp-json\/wp\/v2\/posts"}],"about":[{"href":"https:\/\/ismaelcolosi.com.br\/index.php\/wp-json\/wp\/v2\/types\/post"}],"author":[{"embeddable":true,"href":"https:\/\/ismaelcolosi.com.br\/index.php\/wp-json\/wp\/v2\/users\/1"}],"replies":[{"embeddable":true,"href":"https:\/\/ismaelcolosi.com.br\/index.php\/wp-json\/wp\/v2\/comments?post=64198"}],"version-history":[{"count":0,"href":"https:\/\/ismaelcolosi.com.br\/index.php\/wp-json\/wp\/v2\/posts\/64198\/revisions"}],"wp:featuredmedia":[{"embeddable":true,"href":"https:\/\/ismaelcolosi.com.br\/index.php\/wp-json\/wp\/v2\/media\/64199"}],"wp:attachment":[{"href":"https:\/\/ismaelcolosi.com.br\/index.php\/wp-json\/wp\/v2\/media?parent=64198"}],"wp:term":[{"taxonomy":"category","embeddable":true,"href":"https:\/\/ismaelcolosi.com.br\/index.php\/wp-json\/wp\/v2\/categories?post=64198"},{"taxonomy":"post_tag","embeddable":true,"href":"https:\/\/ismaelcolosi.com.br\/index.php\/wp-json\/wp\/v2\/tags?post=64198"}],"curies":[{"name":"wp","href":"https:\/\/api.w.org\/{rel}","templated":true}]}}