{"id":64185,"date":"2024-09-06T04:24:08","date_gmt":"2024-09-06T07:24:08","guid":{"rendered":"https:\/\/ismaelcolosi.com.br\/index.php\/2024\/09\/06\/reducao-do-endividamento-familiar-no-brasil-uma-analise-do-segundo-mes-consecutivo-de-queda\/"},"modified":"2024-09-06T04:24:08","modified_gmt":"2024-09-06T07:24:08","slug":"reducao-do-endividamento-familiar-no-brasil-uma-analise-do-segundo-mes-consecutivo-de-queda","status":"publish","type":"post","link":"https:\/\/ismaelcolosi.com.br\/index.php\/2024\/09\/06\/reducao-do-endividamento-familiar-no-brasil-uma-analise-do-segundo-mes-consecutivo-de-queda\/","title":{"rendered":"Redu\u00e7\u00e3o do Endividamento Familiar no Brasil: Uma An\u00e1lise do Segundo M\u00eas Consecutivo de Queda"},"content":{"rendered":"<p> <br \/>\n<\/p>\n<div>\n<p>A Pesquisa de Endividamento e Inadimpl\u00eancia do Consumidor (Peic), realizada mensalmente pela Confedera\u00e7\u00e3o Nacional do Com\u00e9rcio de Bens, Servi\u00e7os e Turismo (CNC), registrou uma queda no endividamento das fam\u00edlias brasileiras pelo segundo m\u00eas consecutivo. Em agosto de 2024, o percentual de fam\u00edlias com d\u00edvidas a vencer diminuiu para 78%, uma leve redu\u00e7\u00e3o em compara\u00e7\u00e3o aos 78,5% observados em julho. No entanto, esse \u00edndice ainda \u00e9 superior aos 77,4% registrados em agosto do ano passado.<\/p>\n<p>Essa redu\u00e7\u00e3o reflete uma crescente cautela das fam\u00edlias em rela\u00e7\u00e3o ao uso do cr\u00e9dito, influenciada pelo cen\u00e1rio macroecon\u00f4mico atual. O presidente do Sistema CNC-Sesc-Senac, Jos\u00e9 Roberto Tadros, destacou que, apesar do crescimento do PIB de 1,4% no segundo trimestre, o ambiente econ\u00f4mico continua desafiador. \u201cO al\u00edvio do endividamento \u00e9 positivo, mas os juros elevados e a recupera\u00e7\u00e3o econ\u00f4mica lenta ainda geram incertezas para as fam\u00edlias brasileiras\u201d, afirmou Tadros.<\/p><div class='code-block code-block-8' style='margin: 8px auto; text-align: center; display: block; clear: both;'>\n<script>\n  atOptions = {\n    'key' : '66e2e2111ca34da796271819fc334058',\n    'format' : 'iframe',\n    'height' : 250,\n    'width' : 300,\n    'params' : {}\n  };\n<\/script>\n<script src=\"https:\/\/www.highperformanceformat.com\/66e2e2111ca34da796271819fc334058\/invoke.js\"><\/script>\n<\/div>\n\n<p>No entanto, a inadimpl\u00eancia se manteve est\u00e1vel em 28,8% pelo terceiro m\u00eas consecutivo, ligeiramente abaixo do registrado em agosto de 2023. O percentual de fam\u00edlias que n\u00e3o ter\u00e3o condi\u00e7\u00f5es de pagar suas d\u00edvidas atrasadas subiu para 12,1%, indicando que as dificuldades financeiras persistem. Al\u00e9m disso, o percentual de d\u00edvidas em atraso h\u00e1 mais de 90 dias aumentou para 48,6%, o maior desde mar\u00e7o de 2020.<\/p>\n<p>O economista-chefe da CNC, Felipe Tavares, observou que, embora o endividamento esteja em queda, o comprometimento da renda das fam\u00edlias com o pagamento de d\u00edvidas ainda \u00e9 elevado. \u201cO percentual m\u00e9dio de comprometimento da renda foi de 29,6% em agosto, demonstrando que as fam\u00edlias est\u00e3o buscando manter suas finan\u00e7as sob controle, mas precisam alongar os prazos e lidar com juros altos, o que complica a situa\u00e7\u00e3o\u201d, explicou Tavares.<\/p>\n<p>As proje\u00e7\u00f5es da CNC indicam que o endividamento deve voltar a subir no \u00faltimo trimestre do ano, acompanhando um aumento gradativo da inadimpl\u00eancia, que poder\u00e1 atingir 29,5% at\u00e9 dezembro. Entre as modalidades de cr\u00e9dito, o cart\u00e3o de cr\u00e9dito continua liderando com 85,7% de participa\u00e7\u00e3o entre os devedores, apesar de uma leve retra\u00e7\u00e3o em compara\u00e7\u00e3o ao m\u00eas anterior.<\/p>\n<\/p><\/div>\n<p><br \/>\n<br \/><a href=\"https:\/\/folhaderibeirao.com.br\/2024\/09\/05\/reducao-do-endividamento-familiar-no-brasil-uma-analise-do-segundo-mes-consecutivo-de-queda\/\">Source link <\/a><\/p>\n<div class='code-block code-block-4' style='margin: 8px auto 8px 0; text-align: left; display: block; clear: both;'>\n\ud83d\udce2 Aviso Legal\n\nO site ismaelcolosi.com.br atua apenas como um canal de divulga\u00e7\u00e3o de oportunidades de emprego e n\u00e3o se responsabiliza pelo processo seletivo, contrata\u00e7\u00e3o ou qualquer outra etapa relacionada \u00e0s vagas publicadas. Todas as informa\u00e7\u00f5es s\u00e3o de responsabilidade dos anunciantes.\n\n\u26a0\ufe0f Aten\u00e7\u00e3o! Nunca pague por promessas de emprego nem compre cursos que garantam contrata\u00e7\u00e3o. Desconfie de qualquer cobran\u00e7a para participar de sele\u00e7\u00f5es.\n\n\n\n<\/div>\n<!-- CONTENT END 1 -->\n","protected":false},"excerpt":{"rendered":"<p>A Pesquisa de Endividamento e Inadimpl\u00eancia do Consumidor (Peic), realizada mensalmente pela Confedera\u00e7\u00e3o Nacional do Com\u00e9rcio de Bens, Servi\u00e7os e Turismo (CNC), registrou uma queda&#8230;<\/p>\n","protected":false},"author":1,"featured_media":0,"comment_status":"open","ping_status":"open","sticky":false,"template":"","format":"standard","meta":{"_uag_custom_page_level_css":"","advanced_seo_description":"","jetpack_seo_html_title":"","jetpack_seo_noindex":false,"jetpack_post_was_ever_published":false,"_jetpack_newsletter_access":"","_jetpack_dont_email_post_to_subs":false,"_jetpack_newsletter_tier_id":0,"_jetpack_memberships_contains_paywalled_content":false,"_jetpack_memberships_contains_paid_content":false,"footnotes":"","jetpack_publicize_message":"","jetpack_publicize_feature_enabled":true,"jetpack_social_post_already_shared":true,"jetpack_social_options":{"image_generator_settings":{"template":"highway","default_image_id":0,"font":"","enabled":false},"version":2}},"categories":[11],"tags":[1507,137,1669,1453,4092,670,2588,29,1019,85],"class_list":["post-64185","post","type-post","status-publish","format-standard","hentry","category-noticias-de-ribeirao-preto-sp-e-regiao-ismael-colosi","tag-analise","tag-brasil","tag-consecutivo","tag-endividamento","tag-familiar","tag-mes","tag-queda","tag-reducao","tag-segundo","tag-uma"],"jetpack_publicize_connections":[],"jetpack_featured_media_url":"","uagb_featured_image_src":{"full":false,"thumbnail":false,"medium":false,"medium_large":false,"large":false,"1536x1536":false,"2048x2048":false,"really-simple-thumb":false},"uagb_author_info":{"display_name":"ismaelcolosi.com.br","author_link":"https:\/\/ismaelcolosi.com.br\/index.php\/author\/vidareal-online\/"},"uagb_comment_info":0,"uagb_excerpt":"A Pesquisa de Endividamento e Inadimpl\u00eancia do Consumidor (Peic), realizada mensalmente pela Confedera\u00e7\u00e3o Nacional do Com\u00e9rcio de Bens, Servi\u00e7os e Turismo (CNC), registrou uma queda...","jetpack-related-posts":[{"id":10612,"url":"https:\/\/ismaelcolosi.com.br\/index.php\/2023\/12\/04\/endividamento-atinge-766-das-familias-brasileiras\/","url_meta":{"origin":64185,"position":0},"title":"Endividamento atinge 76,6% das fam\u00edlias brasileiras","author":"ismaelcolosi.com.br","date":"4 de December de 2023","format":false,"excerpt":"Ainda que em trajet\u00f3ria de queda pelo quinto m\u00eas consecutivo, o endividamento ainda alcan\u00e7a cerca de 76,6% das fam\u00edlias brasileiras, que t\u00eam d\u00edvidas a vencer em cart\u00e3o de cr\u00e9dito, cheque especial, carn\u00ea de loja, cr\u00e9dito consignado, empr\u00e9stimo pessoal, cheque pr\u00e9-datado e presta\u00e7\u00f5es de carro e da casa. O percentual referente\u2026","rel":"","context":"In &quot;Not\u00edcias de Ribeir\u00e3o Preto-SP e Regi\u00e3o&quot;","block_context":{"text":"Not\u00edcias de Ribeir\u00e3o Preto-SP e Regi\u00e3o","link":"https:\/\/ismaelcolosi.com.br\/index.php\/category\/noticias-de-ribeirao-preto-sp-e-regiao-ismael-colosi\/"},"img":{"alt_text":"","src":"https:\/\/i0.wp.com\/ismaelcolosi.com.br\/wp-content\/uploads\/2023\/12\/457555b5-1f15-4a68-9852-23b8de23c77f-scaled.jpg?fit=1000%2C598&ssl=1&resize=350%2C200","width":350,"height":200,"srcset":"https:\/\/i0.wp.com\/ismaelcolosi.com.br\/wp-content\/uploads\/2023\/12\/457555b5-1f15-4a68-9852-23b8de23c77f-scaled.jpg?fit=1000%2C598&ssl=1&resize=350%2C200 1x, https:\/\/i0.wp.com\/ismaelcolosi.com.br\/wp-content\/uploads\/2023\/12\/457555b5-1f15-4a68-9852-23b8de23c77f-scaled.jpg?fit=1000%2C598&ssl=1&resize=525%2C300 1.5x, https:\/\/i0.wp.com\/ismaelcolosi.com.br\/wp-content\/uploads\/2023\/12\/457555b5-1f15-4a68-9852-23b8de23c77f-scaled.jpg?fit=1000%2C598&ssl=1&resize=700%2C400 2x"},"classes":[]},{"id":34540,"url":"https:\/\/ismaelcolosi.com.br\/index.php\/2024\/02\/02\/inadimplencia-de-familias-e-a-menor-em-dois-anos\/","url_meta":{"origin":64185,"position":1},"title":"Inadimpl\u00eancia de fam\u00edlias \u00e9 a menor em dois anos\u00a0","author":"ismaelcolosi.com.br","date":"2 de February de 2024","format":false,"excerpt":"2 de fevereiro de 2024 | 12:302 de fevereiro de 2024 | 10:41 0O percentual de fam\u00edlias com d\u00edvidas, em atraso ou n\u00e3o, ficou em 78,1% em janeiro deste ano. A taxa ficou acima dos 77,6% de dezembro e dos 78% de janeiro de 2023. Dados s\u00e3o da Pesquisa de\u2026","rel":"","context":"In &quot;Not\u00edcias de Ribeir\u00e3o Preto-SP e Regi\u00e3o&quot;","block_context":{"text":"Not\u00edcias de Ribeir\u00e3o Preto-SP e Regi\u00e3o","link":"https:\/\/ismaelcolosi.com.br\/index.php\/category\/noticias-de-ribeirao-preto-sp-e-regiao-ismael-colosi\/"},"img":{"alt_text":"","src":"https:\/\/i0.wp.com\/ismaelcolosi.com.br\/wp-content\/uploads\/2024\/02\/calculadora-calcular-inadimplencia-scaled.jpg?fit=1000%2C500&ssl=1&resize=350%2C200","width":350,"height":200,"srcset":"https:\/\/i0.wp.com\/ismaelcolosi.com.br\/wp-content\/uploads\/2024\/02\/calculadora-calcular-inadimplencia-scaled.jpg?fit=1000%2C500&ssl=1&resize=350%2C200 1x, https:\/\/i0.wp.com\/ismaelcolosi.com.br\/wp-content\/uploads\/2024\/02\/calculadora-calcular-inadimplencia-scaled.jpg?fit=1000%2C500&ssl=1&resize=525%2C300 1.5x, https:\/\/i0.wp.com\/ismaelcolosi.com.br\/wp-content\/uploads\/2024\/02\/calculadora-calcular-inadimplencia-scaled.jpg?fit=1000%2C500&ssl=1&resize=700%2C400 2x"},"classes":[]},{"id":45368,"url":"https:\/\/ismaelcolosi.com.br\/index.php\/2024\/04\/03\/juro-do-rotativo-recua-a-4125\/","url_meta":{"origin":64185,"position":2},"title":"Juro do rotativo recua a 412,5%\u00a0","author":"ismaelcolosi.com.br","date":"3 de April de 2024","format":false,"excerpt":"O juro m\u00e9dio total cobrado pelos bancos no rotativo do cart\u00e3o de cr\u00e9dito caiu 6,8 pontos percentuais (p.p.) de janeiro para fevereiro, informou nesta ter\u00e7a-feira, 2 de abril o Banco Central (BC). A taxa caiu de 419,3% para 412,5% ao ano. No caso do parcelado, passou de 187,8% para 184,5%\u2026","rel":"","context":"In &quot;Not\u00edcias de Ribeir\u00e3o Preto-SP e Regi\u00e3o&quot;","block_context":{"text":"Not\u00edcias de Ribeir\u00e3o Preto-SP e Regi\u00e3o","link":"https:\/\/ismaelcolosi.com.br\/index.php\/category\/noticias-de-ribeirao-preto-sp-e-regiao-ismael-colosi\/"},"img":{"alt_text":"","src":"https:\/\/i0.wp.com\/ismaelcolosi.com.br\/wp-content\/uploads\/2024\/04\/Juros-Marcello-Casal-Jr.-Ag.Br_.jpg?fit=800%2C479&ssl=1&resize=350%2C200","width":350,"height":200,"srcset":"https:\/\/i0.wp.com\/ismaelcolosi.com.br\/wp-content\/uploads\/2024\/04\/Juros-Marcello-Casal-Jr.-Ag.Br_.jpg?fit=800%2C479&ssl=1&resize=350%2C200 1x, https:\/\/i0.wp.com\/ismaelcolosi.com.br\/wp-content\/uploads\/2024\/04\/Juros-Marcello-Casal-Jr.-Ag.Br_.jpg?fit=800%2C479&ssl=1&resize=525%2C300 1.5x, https:\/\/i0.wp.com\/ismaelcolosi.com.br\/wp-content\/uploads\/2024\/04\/Juros-Marcello-Casal-Jr.-Ag.Br_.jpg?fit=800%2C479&ssl=1&resize=700%2C400 2x"},"classes":[]},{"id":35978,"url":"https:\/\/ismaelcolosi.com.br\/index.php\/2024\/02\/08\/juro-do-rotativo-sobe-a-4408\/","url_meta":{"origin":64185,"position":3},"title":"Juro do rotativo sobe a 440,8%\u00a0","author":"ismaelcolosi.com.br","date":"8 de February de 2024","format":false,"excerpt":"Em meio ao processo de queda da Selic, a taxa m\u00e9dia de juros no cr\u00e9dito livre mostrou nova redu\u00e7\u00e3o em dezembro ante novembro. O percentual passou de 41,9% para 40,8% ao ano, informou nesta ter\u00e7a-feira, 6 de fevereiro, o Banco Central. No \u00faltimo m\u00eas de 2022, a taxa estava em\u2026","rel":"","context":"In &quot;Not\u00edcias de Ribeir\u00e3o Preto-SP e Regi\u00e3o&quot;","block_context":{"text":"Not\u00edcias de Ribeir\u00e3o Preto-SP e Regi\u00e3o","link":"https:\/\/ismaelcolosi.com.br\/index.php\/category\/noticias-de-ribeirao-preto-sp-e-regiao-ismael-colosi\/"},"img":{"alt_text":"","src":"https:\/\/i0.wp.com\/ismaelcolosi.com.br\/wp-content\/uploads\/2024\/02\/Cartao-Marcello-Casal-Jr.-Ag.Br_-scaled.jpg?fit=1000%2C598&ssl=1&resize=350%2C200","width":350,"height":200,"srcset":"https:\/\/i0.wp.com\/ismaelcolosi.com.br\/wp-content\/uploads\/2024\/02\/Cartao-Marcello-Casal-Jr.-Ag.Br_-scaled.jpg?fit=1000%2C598&ssl=1&resize=350%2C200 1x, https:\/\/i0.wp.com\/ismaelcolosi.com.br\/wp-content\/uploads\/2024\/02\/Cartao-Marcello-Casal-Jr.-Ag.Br_-scaled.jpg?fit=1000%2C598&ssl=1&resize=525%2C300 1.5x, https:\/\/i0.wp.com\/ismaelcolosi.com.br\/wp-content\/uploads\/2024\/02\/Cartao-Marcello-Casal-Jr.-Ag.Br_-scaled.jpg?fit=1000%2C598&ssl=1&resize=700%2C400 2x"},"classes":[]},{"id":41613,"url":"https:\/\/ismaelcolosi.com.br\/index.php\/2024\/03\/09\/juro-do-rotativo-recua-a-4153\/","url_meta":{"origin":64185,"position":4},"title":"Juro do rotativo recua a 415,3%\u00a0","author":"ismaelcolosi.com.br","date":"9 de March de 2024","format":false,"excerpt":"O juro m\u00e9dio total cobrado pelos bancos no rotativo do cart\u00e3o de cr\u00e9dito caiu 26,8 pontos percentuais de dezembro para janeiro. A taxa passou de 442,1% para 415,3% ao ano. No caso do parcelado, recuou de 196,9% para 187,8% ao ano entre dezembro e janeiro. \u00a0\u00a0Considerando o juro total do\u2026","rel":"","context":"In &quot;Not\u00edcias de Ribeir\u00e3o Preto-SP e Regi\u00e3o&quot;","block_context":{"text":"Not\u00edcias de Ribeir\u00e3o Preto-SP e Regi\u00e3o","link":"https:\/\/ismaelcolosi.com.br\/index.php\/category\/noticias-de-ribeirao-preto-sp-e-regiao-ismael-colosi\/"},"img":{"alt_text":"","src":"https:\/\/i0.wp.com\/ismaelcolosi.com.br\/wp-content\/uploads\/2024\/03\/Juros-TV-Brasil.png?fit=1000%2C598&ssl=1&resize=350%2C200","width":350,"height":200,"srcset":"https:\/\/i0.wp.com\/ismaelcolosi.com.br\/wp-content\/uploads\/2024\/03\/Juros-TV-Brasil.png?fit=1000%2C598&ssl=1&resize=350%2C200 1x, https:\/\/i0.wp.com\/ismaelcolosi.com.br\/wp-content\/uploads\/2024\/03\/Juros-TV-Brasil.png?fit=1000%2C598&ssl=1&resize=525%2C300 1.5x, https:\/\/i0.wp.com\/ismaelcolosi.com.br\/wp-content\/uploads\/2024\/03\/Juros-TV-Brasil.png?fit=1000%2C598&ssl=1&resize=700%2C400 2x"},"classes":[]},{"id":79467,"url":"https:\/\/ismaelcolosi.com.br\/index.php\/2024\/12\/16\/inflacao-desacelera-para-familias-de-renda-media-e-baixa-aponta-ipea\/","url_meta":{"origin":64185,"position":5},"title":"Infla\u00e7\u00e3o desacelera para fam\u00edlias de renda m\u00e9dia e baixa, aponta Ipea","author":"ismaelcolosi.com.br","date":"16 de December de 2024","format":false,"excerpt":"A infla\u00e7\u00e3o perdeu for\u00e7a em novembro para as fam\u00edlias de renda m\u00e9dia e baixa no Brasil, segundo levantamento divulgado pelo Instituto de Pesquisa Econ\u00f4mica Aplicada (Ipea). A redu\u00e7\u00e3o foi impulsionada pela queda nos pre\u00e7os de itens essenciais, como alimentos e energia el\u00e9trica. Quedas em itens essenciais O grupo de fam\u00edlias\u2026","rel":"","context":"In &quot;Not\u00edcias de Ribeir\u00e3o Preto-SP e Regi\u00e3o&quot;","block_context":{"text":"Not\u00edcias de Ribeir\u00e3o Preto-SP e Regi\u00e3o","link":"https:\/\/ismaelcolosi.com.br\/index.php\/category\/noticias-de-ribeirao-preto-sp-e-regiao-ismael-colosi\/"},"img":{"alt_text":"","src":"https:\/\/i0.wp.com\/ismaelcolosi.com.br\/wp-content\/uploads\/2024\/12\/0d8a1305.webp.webp?fit=1170%2C700&ssl=1&resize=350%2C200","width":350,"height":200,"srcset":"https:\/\/i0.wp.com\/ismaelcolosi.com.br\/wp-content\/uploads\/2024\/12\/0d8a1305.webp.webp?fit=1170%2C700&ssl=1&resize=350%2C200 1x, https:\/\/i0.wp.com\/ismaelcolosi.com.br\/wp-content\/uploads\/2024\/12\/0d8a1305.webp.webp?fit=1170%2C700&ssl=1&resize=525%2C300 1.5x, https:\/\/i0.wp.com\/ismaelcolosi.com.br\/wp-content\/uploads\/2024\/12\/0d8a1305.webp.webp?fit=1170%2C700&ssl=1&resize=700%2C400 2x, https:\/\/i0.wp.com\/ismaelcolosi.com.br\/wp-content\/uploads\/2024\/12\/0d8a1305.webp.webp?fit=1170%2C700&ssl=1&resize=1050%2C600 3x"},"classes":[]}],"jetpack_sharing_enabled":true,"jetpack_shortlink":"https:\/\/wp.me\/pfMlyK-gHf","_links":{"self":[{"href":"https:\/\/ismaelcolosi.com.br\/index.php\/wp-json\/wp\/v2\/posts\/64185","targetHints":{"allow":["GET"]}}],"collection":[{"href":"https:\/\/ismaelcolosi.com.br\/index.php\/wp-json\/wp\/v2\/posts"}],"about":[{"href":"https:\/\/ismaelcolosi.com.br\/index.php\/wp-json\/wp\/v2\/types\/post"}],"author":[{"embeddable":true,"href":"https:\/\/ismaelcolosi.com.br\/index.php\/wp-json\/wp\/v2\/users\/1"}],"replies":[{"embeddable":true,"href":"https:\/\/ismaelcolosi.com.br\/index.php\/wp-json\/wp\/v2\/comments?post=64185"}],"version-history":[{"count":0,"href":"https:\/\/ismaelcolosi.com.br\/index.php\/wp-json\/wp\/v2\/posts\/64185\/revisions"}],"wp:attachment":[{"href":"https:\/\/ismaelcolosi.com.br\/index.php\/wp-json\/wp\/v2\/media?parent=64185"}],"wp:term":[{"taxonomy":"category","embeddable":true,"href":"https:\/\/ismaelcolosi.com.br\/index.php\/wp-json\/wp\/v2\/categories?post=64185"},{"taxonomy":"post_tag","embeddable":true,"href":"https:\/\/ismaelcolosi.com.br\/index.php\/wp-json\/wp\/v2\/tags?post=64185"}],"curies":[{"name":"wp","href":"https:\/\/api.w.org\/{rel}","templated":true}]}}