{"id":64149,"date":"2024-09-05T18:33:06","date_gmt":"2024-09-05T21:33:06","guid":{"rendered":"https:\/\/ismaelcolosi.com.br\/index.php\/2024\/09\/05\/interior-de-sp-recebe-alerta-para-queda-de-temperatura-veja-regioes-afetadas\/"},"modified":"2024-09-05T18:33:06","modified_gmt":"2024-09-05T21:33:06","slug":"interior-de-sp-recebe-alerta-para-queda-de-temperatura-veja-regioes-afetadas","status":"publish","type":"post","link":"https:\/\/ismaelcolosi.com.br\/index.php\/2024\/09\/05\/interior-de-sp-recebe-alerta-para-queda-de-temperatura-veja-regioes-afetadas\/","title":{"rendered":"Interior de SP recebe alerta para queda de temperatura; Veja regi\u00f5es afetadas"},"content":{"rendered":"<p> <br \/>\n<\/p>\n<div data-td-block-uid=\"tdi_106\">\n<div class=\"tdb-block-inner td-fix-index\">\n<p>O<strong> Instituto Nacional de Meteorologia (<a href=\"https:\/\/alertas2.inmet.gov.br\/48349\" target=\"_blank\" rel=\"noreferrer noopener\">Inmet<\/a>)<\/strong> emitiu um alerta para <strong>queda de temperatura<\/strong> em parte <strong>interior de S\u00e3o Paulo<\/strong> na tarde desta quinta-feira (5).<\/p>\n<p>O deslocamento de uma <strong>frente fria<\/strong> ajuda a formar nuvens sobre parte do estado a partir de hoje e, segundo os meteorologistas, <mark style=\"background-color:#fcb900\" class=\"has-inline-color\">deve provocar um <strong>breve al\u00edvio<\/strong> para o calor registrado em algumas regi\u00f5es.<\/mark><\/p>\n<p>Conforme a <strong>Defesa Civil de S\u00e3o Paulo<\/strong>, <strong>ventos fortes de at\u00e9 70 km\/h<\/strong> podem atingir todo o estado paulista entre esta quinta-feira (5) e sexta-feira (6).<\/p>\n<h2 class=\"wp-block-heading\"><strong>O que diz o alerta de queda de temperatura?<\/strong><\/h2>\n<p>O <strong>alerta <\/strong>de perigo potencial do <strong>Inmet<\/strong> \u00e9 identificado pela cor amarela e <mark style=\"background-color:#fcb900\" class=\"has-inline-color\">indica <strong>queda de temperatura<\/strong> entre 3\u00baC e 5\u00baC. <\/mark>O comunicado \u00e9 v\u00e1lido das 0h desta <strong>sexta-feira (6)<\/strong> at\u00e9 \u00e0s 7h do <strong>s\u00e1bado (7)<\/strong>.<\/p>\n<p>Segundo a previs\u00e3o do <strong>meteorologista Matheus Manente<\/strong>, do <strong><a href=\"https:\/\/www.tempo.com\/noticias\/previsao\/apos-intensa-onda-de-calor-frente-fria-traz-um-breve-alivio-para-o-sudeste-confira-quais-regioes-serao-afetadas.html\" target=\"_blank\" rel=\"noreferrer noopener\">Meteored<\/a><\/strong>, esse sistema come\u00e7a a se afastar no s\u00e1bado e o <strong>tempo firme <\/strong>volta a predominar em todo o <strong>estado de S\u00e3o Paulo<\/strong>.<\/p>\n<figure class=\"wp-block-pullquote\">\n<blockquote>\n<p>O s\u00e1bado (07), o sistema frontal come\u00e7a a se afastar para o oceano Atl\u00e2ntico, o que significa que as condi\u00e7\u00f5es atmosf\u00e9ricas associadas, como a nebulosidade e as chuvas, come\u00e7am a se dissipar. O tempo seco e firme volta a predominar em todos os Estados do Sudeste<\/p>\n<p><cite> Matheus Manente, meteorologista do Meteored<\/cite><\/p><\/blockquote>\n<\/figure>\n<h3 class=\"wp-block-heading\"><strong>Confira as regi\u00f5es afetadas pelo alerta:<\/strong><\/h3>\n<hr class=\"wp-block-separator has-alpha-channel-opacity\"\/>\n<p>SAIBA MAIS<\/p>\n<p>Veja o hor\u00e1rio do com\u00e9rcio de Ribeir\u00e3o Preto durante feriado de 7 de Setembro<\/p>\n<h4 class=\"wp-block-heading\"><strong>FIQUE ON<\/strong><\/h4>\n<p>Fique ligado em tudo que acontece em Ribeir\u00e3o Preto e regi\u00e3o. Siga os perfis do\u00a0<strong>acidade on\u00a0<\/strong>no\u00a0<a href=\"https:\/\/www.instagram.com\/acidadeonribeirao\" target=\"_blank\" rel=\"noreferrer noopener\">Instagram<\/a>\u00a0e no\u00a0<a href=\"https:\/\/www.facebook.com\/acidadeonribeirao\/\" target=\"_blank\" rel=\"noreferrer noopener\">Facebook<\/a>.<\/p>\n<p>Receba not\u00edcias do<strong>\u00a0acidade on<\/strong>\u00a0no WhatsApp.\u00a0<a href=\"https:\/\/chat.whatsapp.com\/Dtv9mxhy6V5BJBotM2OQ5k\" target=\"_blank\" rel=\"noreferrer noopener\">Para entrar no grupo, basta clicar aqui.<\/a><\/p>\n<p>Fa\u00e7a uma den\u00fancia ou sugira uma reportagem sobre Ribeir\u00e3o Preto e regi\u00e3o pelo WhatsApp: 16 99117 7802.<\/p>\n<p>VEJA TAMB\u00c9M<\/p>\n<p>Nanan Premia\u00e7\u00f5es tem alguma liga\u00e7\u00e3o com Deolane?<\/p>\n<p><!-- CONTENT END 1 -->\n<\/div>\n<\/div>\n<p><script async src=\"\/\/www.instagram.com\/embed.js\"><\/script><br \/>\n<br \/><br \/>\n<br \/><a href=\"https:\/\/www.acidadeon.com\/ribeiraopreto\/cotidiano\/interior-de-sp-recebe-alerta-para-queda-de-temperatura-veja-regioes-afetadas\/\">Source link <\/a><\/p>\n","protected":false},"excerpt":{"rendered":"<p>O Instituto Nacional de Meteorologia (Inmet) emitiu um alerta para queda de temperatura em parte interior de S\u00e3o Paulo na tarde desta quinta-feira (5). O&#8230;<\/p>\n","protected":false},"author":1,"featured_media":64150,"comment_status":"open","ping_status":"open","sticky":false,"template":"","format":"standard","meta":{"_uag_custom_page_level_css":"","advanced_seo_description":"","jetpack_seo_html_title":"","jetpack_seo_noindex":false,"jetpack_post_was_ever_published":false,"_jetpack_newsletter_access":"","_jetpack_dont_email_post_to_subs":false,"_jetpack_newsletter_tier_id":0,"_jetpack_memberships_contains_paywalled_content":false,"_jetpack_memberships_contains_paid_content":false,"footnotes":"","jetpack_publicize_message":"","jetpack_publicize_feature_enabled":true,"jetpack_social_post_already_shared":true,"jetpack_social_options":{"image_generator_settings":{"template":"highway","default_image_id":0,"font":"","enabled":false},"version":2}},"categories":[11],"tags":[],"class_list":["post-64149","post","type-post","status-publish","format-standard","has-post-thumbnail","hentry","category-noticias-de-ribeirao-preto-sp-e-regiao-ismael-colosi"],"jetpack_publicize_connections":[],"jetpack_featured_media_url":"https:\/\/i0.wp.com\/ismaelcolosi.com.br\/wp-content\/uploads\/2024\/09\/20220724_110128.jpg?fit=2560%2C1440&ssl=1","uagb_featured_image_src":{"full":["https:\/\/i0.wp.com\/ismaelcolosi.com.br\/wp-content\/uploads\/2024\/09\/20220724_110128.jpg?fit=2560%2C1440&ssl=1",2560,1440,false],"thumbnail":["https:\/\/i0.wp.com\/ismaelcolosi.com.br\/wp-content\/uploads\/2024\/09\/20220724_110128.jpg?resize=150%2C150&ssl=1",150,150,true],"medium":["https:\/\/i0.wp.com\/ismaelcolosi.com.br\/wp-content\/uploads\/2024\/09\/20220724_110128.jpg?fit=300%2C169&ssl=1",300,169,true],"medium_large":["https:\/\/i0.wp.com\/ismaelcolosi.com.br\/wp-content\/uploads\/2024\/09\/20220724_110128.jpg?fit=768%2C432&ssl=1",768,432,true],"large":["https:\/\/i0.wp.com\/ismaelcolosi.com.br\/wp-content\/uploads\/2024\/09\/20220724_110128.jpg?fit=1024%2C576&ssl=1",1024,576,true],"1536x1536":["https:\/\/i0.wp.com\/ismaelcolosi.com.br\/wp-content\/uploads\/2024\/09\/20220724_110128.jpg?fit=1536%2C864&ssl=1",1536,864,true],"2048x2048":["https:\/\/i0.wp.com\/ismaelcolosi.com.br\/wp-content\/uploads\/2024\/09\/20220724_110128.jpg?fit=2048%2C1152&ssl=1",2048,1152,true],"really-simple-thumb":["https:\/\/i0.wp.com\/ismaelcolosi.com.br\/wp-content\/uploads\/2024\/09\/20220724_110128.jpg?resize=370%2C247&ssl=1",370,247,true]},"uagb_author_info":{"display_name":"ismaelcolosi.com.br","author_link":"https:\/\/ismaelcolosi.com.br\/index.php\/author\/vidareal-online\/"},"uagb_comment_info":0,"uagb_excerpt":"O Instituto Nacional de Meteorologia (Inmet) emitiu um alerta para queda de temperatura em parte interior de S\u00e3o Paulo na tarde desta quinta-feira (5). O...","jetpack-related-posts":[{"id":52067,"url":"https:\/\/ismaelcolosi.com.br\/index.php\/2024\/06\/03\/interior-de-sp-recebe-alerta-para-queda-de-temperatura-devido-a-nova-frente-fria-veja-regioes\/","url_meta":{"origin":64149,"position":0},"title":"Interior de SP recebe alerta para queda de temperatura devido a nova frente fria; veja regi\u00f5es","author":"ismaelcolosi.com.br","date":"3 de June de 2024","format":false,"excerpt":"Uma nova frente fria deve provocar uma \u2018virada no tempo\u2019 em diversos munic\u00edpios do estado de S\u00e3o Paulo, a partir desta ter\u00e7a-feira (04), de acordo com a meteorologia. Segundo a Climatempo, h\u00e1 condi\u00e7\u00f5es para pancadas de chuva isoladas no litoral paulista, enquanto no interior de S\u00e3o Paulo, as temperaturas devem\u2026","rel":"","context":"In &quot;Not\u00edcias de Ribeir\u00e3o Preto-SP e Regi\u00e3o&quot;","block_context":{"text":"Not\u00edcias de Ribeir\u00e3o Preto-SP e Regi\u00e3o","link":"https:\/\/ismaelcolosi.com.br\/index.php\/category\/noticias-de-ribeirao-preto-sp-e-regiao-ismael-colosi\/"},"img":{"alt_text":"","src":"https:\/\/i0.wp.com\/ismaelcolosi.com.br\/wp-content\/uploads\/2024\/06\/frio_deve_1024x576_26072021125814.jpg?fit=1024%2C576&ssl=1&resize=350%2C200","width":350,"height":200,"srcset":"https:\/\/i0.wp.com\/ismaelcolosi.com.br\/wp-content\/uploads\/2024\/06\/frio_deve_1024x576_26072021125814.jpg?fit=1024%2C576&ssl=1&resize=350%2C200 1x, https:\/\/i0.wp.com\/ismaelcolosi.com.br\/wp-content\/uploads\/2024\/06\/frio_deve_1024x576_26072021125814.jpg?fit=1024%2C576&ssl=1&resize=525%2C300 1.5x, https:\/\/i0.wp.com\/ismaelcolosi.com.br\/wp-content\/uploads\/2024\/06\/frio_deve_1024x576_26072021125814.jpg?fit=1024%2C576&ssl=1&resize=700%2C400 2x"},"classes":[]},{"id":51203,"url":"https:\/\/ismaelcolosi.com.br\/index.php\/2024\/05\/23\/interior-de-sp-recebe-alerta-para-baixas-temperaturas-veja-regioes-afetadas\/","url_meta":{"origin":64149,"position":1},"title":"Interior de SP recebe alerta para baixas temperaturas; Veja regi\u00f5es afetadas","author":"ismaelcolosi.com.br","date":"23 de May de 2024","format":false,"excerpt":"O interior do estado de S\u00e3o Paulo recebeu um alerta de perigo potencial para decl\u00ednio de temperatura, a partir desta quinta-feira (24). De acordo com a Climatempo, a chegada de uma nova frente fria no fim de semana ir\u00e1 proporcionar uma queda mais significativa de temperatura nos estados do Centro-Sul\u2026","rel":"","context":"In &quot;Not\u00edcias de Ribeir\u00e3o Preto-SP e Regi\u00e3o&quot;","block_context":{"text":"Not\u00edcias de Ribeir\u00e3o Preto-SP e Regi\u00e3o","link":"https:\/\/ismaelcolosi.com.br\/index.php\/category\/noticias-de-ribeirao-preto-sp-e-regiao-ismael-colosi\/"},"img":{"alt_text":"","src":"https:\/\/i0.wp.com\/ismaelcolosi.com.br\/wp-content\/uploads\/2024\/05\/1716501818_calcadao_ribeirao_1024x576_22052020190437.jpg?fit=1024%2C576&ssl=1&resize=350%2C200","width":350,"height":200,"srcset":"https:\/\/i0.wp.com\/ismaelcolosi.com.br\/wp-content\/uploads\/2024\/05\/1716501818_calcadao_ribeirao_1024x576_22052020190437.jpg?fit=1024%2C576&ssl=1&resize=350%2C200 1x, https:\/\/i0.wp.com\/ismaelcolosi.com.br\/wp-content\/uploads\/2024\/05\/1716501818_calcadao_ribeirao_1024x576_22052020190437.jpg?fit=1024%2C576&ssl=1&resize=525%2C300 1.5x, https:\/\/i0.wp.com\/ismaelcolosi.com.br\/wp-content\/uploads\/2024\/05\/1716501818_calcadao_ribeirao_1024x576_22052020190437.jpg?fit=1024%2C576&ssl=1&resize=700%2C400 2x"},"classes":[]},{"id":59453,"url":"https:\/\/ismaelcolosi.com.br\/index.php\/2024\/08\/08\/interior-de-sp-tem-alerta-de-queda-de-temperatura-veja-cidades-afetadas\/","url_meta":{"origin":64149,"position":2},"title":"Interior de SP tem alerta de queda de temperatura; Veja cidades afetadas","author":"ismaelcolosi.com.br","date":"8 de August de 2024","format":false,"excerpt":"Uma forte frente fria se formou na quarta-feira (07) no Sul do Brasil e come\u00e7ou a avan\u00e7ar em dire\u00e7\u00e3o ao Sudeste nesta quinta-feira (08), de acordo com os meteorologistas. Devido ao deslocamento desse sistema, o Instituto Nacional de Meteorologia (Inmet) publicou um alerta de perigo potencial para queda de temperatura\u2026","rel":"","context":"In &quot;Not\u00edcias de Ribeir\u00e3o Preto-SP e Regi\u00e3o&quot;","block_context":{"text":"Not\u00edcias de Ribeir\u00e3o Preto-SP e Regi\u00e3o","link":"https:\/\/ismaelcolosi.com.br\/index.php\/category\/noticias-de-ribeirao-preto-sp-e-regiao-ismael-colosi\/"},"img":{"alt_text":"","src":"https:\/\/i0.wp.com\/ismaelcolosi.com.br\/wp-content\/uploads\/2024\/08\/calcadao_ribeirao_1024x576_22052020190437.jpg?fit=1024%2C576&ssl=1&resize=350%2C200","width":350,"height":200,"srcset":"https:\/\/i0.wp.com\/ismaelcolosi.com.br\/wp-content\/uploads\/2024\/08\/calcadao_ribeirao_1024x576_22052020190437.jpg?fit=1024%2C576&ssl=1&resize=350%2C200 1x, https:\/\/i0.wp.com\/ismaelcolosi.com.br\/wp-content\/uploads\/2024\/08\/calcadao_ribeirao_1024x576_22052020190437.jpg?fit=1024%2C576&ssl=1&resize=525%2C300 1.5x, https:\/\/i0.wp.com\/ismaelcolosi.com.br\/wp-content\/uploads\/2024\/08\/calcadao_ribeirao_1024x576_22052020190437.jpg?fit=1024%2C576&ssl=1&resize=700%2C400 2x"},"classes":[]},{"id":56011,"url":"https:\/\/ismaelcolosi.com.br\/index.php\/2024\/07\/08\/interior-de-sp-tem-alerta-de-perigo-potencial-para-declinio-de-temperatura-veja-regioes\/","url_meta":{"origin":64149,"position":3},"title":"Interior de SP tem alerta de perigo potencial para decl\u00ednio de temperatura; Veja regi\u00f5es","author":"ismaelcolosi.com.br","date":"8 de July de 2024","format":false,"excerpt":"A passagem de uma nova frente fria deve aumentar a umidade no Estado de S\u00e3o Paulo, al\u00e9m de provocar queda nas temperaturas em algumas regi\u00f5es, de acordo com a Climatempo. Por conta desse cen\u00e1rio, o Instituto Nacional de Meteorologia (Inmet) emitiu um novo alerta para decl\u00ednio de temperatura em parte\u2026","rel":"","context":"In &quot;Not\u00edcias de Ribeir\u00e3o Preto-SP e Regi\u00e3o&quot;","block_context":{"text":"Not\u00edcias de Ribeir\u00e3o Preto-SP e Regi\u00e3o","link":"https:\/\/ismaelcolosi.com.br\/index.php\/category\/noticias-de-ribeirao-preto-sp-e-regiao-ismael-colosi\/"},"img":{"alt_text":"","src":"https:\/\/i0.wp.com\/ismaelcolosi.com.br\/wp-content\/uploads\/2024\/07\/frio-df_mcamgo_abr_110820221818-4_2024-07-08_17-50-52_jpg_2024-07-08_17-50-54-scaled.webp.webp?fit=1200%2C800&ssl=1&resize=350%2C200","width":350,"height":200,"srcset":"https:\/\/i0.wp.com\/ismaelcolosi.com.br\/wp-content\/uploads\/2024\/07\/frio-df_mcamgo_abr_110820221818-4_2024-07-08_17-50-52_jpg_2024-07-08_17-50-54-scaled.webp.webp?fit=1200%2C800&ssl=1&resize=350%2C200 1x, https:\/\/i0.wp.com\/ismaelcolosi.com.br\/wp-content\/uploads\/2024\/07\/frio-df_mcamgo_abr_110820221818-4_2024-07-08_17-50-52_jpg_2024-07-08_17-50-54-scaled.webp.webp?fit=1200%2C800&ssl=1&resize=525%2C300 1.5x, https:\/\/i0.wp.com\/ismaelcolosi.com.br\/wp-content\/uploads\/2024\/07\/frio-df_mcamgo_abr_110820221818-4_2024-07-08_17-50-52_jpg_2024-07-08_17-50-54-scaled.webp.webp?fit=1200%2C800&ssl=1&resize=700%2C400 2x, https:\/\/i0.wp.com\/ismaelcolosi.com.br\/wp-content\/uploads\/2024\/07\/frio-df_mcamgo_abr_110820221818-4_2024-07-08_17-50-52_jpg_2024-07-08_17-50-54-scaled.webp.webp?fit=1200%2C800&ssl=1&resize=1050%2C600 3x"},"classes":[]},{"id":63971,"url":"https:\/\/ismaelcolosi.com.br\/index.php\/2024\/09\/04\/interior-de-sp-pode-registrar-ventos-de-ate-50-km-h-veja-quando\/","url_meta":{"origin":64149,"position":4},"title":"Interior de SP pode registrar ventos de at\u00e9 50 km\/h; Veja quando","author":"ismaelcolosi.com.br","date":"4 de September de 2024","format":false,"excerpt":"Uma nova frente fria deve chegar nesta semana e mudar o tempo em algumas cidades do interior de S\u00e3o Paulo, da capital e litoral paulista, de acordo com os meteorologistas. Por conta desse cen\u00e1rio, a Defesa Civil publicou um aviso para ventos fortes em todo o estado de S\u00e3o Paulo.\u2026","rel":"","context":"In &quot;Not\u00edcias de Ribeir\u00e3o Preto-SP e Regi\u00e3o&quot;","block_context":{"text":"Not\u00edcias de Ribeir\u00e3o Preto-SP e Regi\u00e3o","link":"https:\/\/ismaelcolosi.com.br\/index.php\/category\/noticias-de-ribeirao-preto-sp-e-regiao-ismael-colosi\/"},"img":{"alt_text":"","src":"https:\/\/i0.wp.com\/ismaelcolosi.com.br\/wp-content\/uploads\/2024\/06\/WhatsApp-Image-2024-06-05-at-08.22.06_2024-06-05_11-29-47_jpeg_2024-06-05_11-29-48.webp.webp?fit=1200%2C540&ssl=1&resize=350%2C200","width":350,"height":200,"srcset":"https:\/\/i0.wp.com\/ismaelcolosi.com.br\/wp-content\/uploads\/2024\/06\/WhatsApp-Image-2024-06-05-at-08.22.06_2024-06-05_11-29-47_jpeg_2024-06-05_11-29-48.webp.webp?fit=1200%2C540&ssl=1&resize=350%2C200 1x, https:\/\/i0.wp.com\/ismaelcolosi.com.br\/wp-content\/uploads\/2024\/06\/WhatsApp-Image-2024-06-05-at-08.22.06_2024-06-05_11-29-47_jpeg_2024-06-05_11-29-48.webp.webp?fit=1200%2C540&ssl=1&resize=525%2C300 1.5x, https:\/\/i0.wp.com\/ismaelcolosi.com.br\/wp-content\/uploads\/2024\/06\/WhatsApp-Image-2024-06-05-at-08.22.06_2024-06-05_11-29-47_jpeg_2024-06-05_11-29-48.webp.webp?fit=1200%2C540&ssl=1&resize=700%2C400 2x, https:\/\/i0.wp.com\/ismaelcolosi.com.br\/wp-content\/uploads\/2024\/06\/WhatsApp-Image-2024-06-05-at-08.22.06_2024-06-05_11-29-47_jpeg_2024-06-05_11-29-48.webp.webp?fit=1200%2C540&ssl=1&resize=1050%2C600 3x"},"classes":[]},{"id":61957,"url":"https:\/\/ismaelcolosi.com.br\/index.php\/2024\/08\/24\/inmet-alerta-para-perigo-potencial-de-queda-de-temperatura-no-estado-de-sp-veja-cidades\/","url_meta":{"origin":64149,"position":5},"title":"Inmet alerta para perigo potencial de queda de temperatura no estado de SP; Veja cidades","author":"ismaelcolosi.com.br","date":"24 de August de 2024","format":false,"excerpt":"O Inmet (Instituto Nacional de Meteorologia) emitiu um alerta de perigo potencial para a decl\u00ednio de temperatura em parte do estado de S\u00e3o Paulo. O aviso tem in\u00edcio \u00e0s 10h deste s\u00e1bado (24) e segue at\u00e9 as 10h de domingo (25), e inclui algumas cidades da regi\u00e3o de Ribeir\u00e3o Preto.\u2026","rel":"","context":"In &quot;Not\u00edcias de Ribeir\u00e3o Preto-SP e Regi\u00e3o&quot;","block_context":{"text":"Not\u00edcias de Ribeir\u00e3o Preto-SP e Regi\u00e3o","link":"https:\/\/ismaelcolosi.com.br\/index.php\/category\/noticias-de-ribeirao-preto-sp-e-regiao-ismael-colosi\/"},"img":{"alt_text":"","src":"https:\/\/i0.wp.com\/ismaelcolosi.com.br\/wp-content\/uploads\/2024\/07\/WhatsApp-Image-2024-07-13-at-19.42.17_2024-07-13_22-42-51_jpeg_2024-07-13_22-42-51.webp.webp?fit=1200%2C553&ssl=1&resize=350%2C200","width":350,"height":200,"srcset":"https:\/\/i0.wp.com\/ismaelcolosi.com.br\/wp-content\/uploads\/2024\/07\/WhatsApp-Image-2024-07-13-at-19.42.17_2024-07-13_22-42-51_jpeg_2024-07-13_22-42-51.webp.webp?fit=1200%2C553&ssl=1&resize=350%2C200 1x, https:\/\/i0.wp.com\/ismaelcolosi.com.br\/wp-content\/uploads\/2024\/07\/WhatsApp-Image-2024-07-13-at-19.42.17_2024-07-13_22-42-51_jpeg_2024-07-13_22-42-51.webp.webp?fit=1200%2C553&ssl=1&resize=525%2C300 1.5x, https:\/\/i0.wp.com\/ismaelcolosi.com.br\/wp-content\/uploads\/2024\/07\/WhatsApp-Image-2024-07-13-at-19.42.17_2024-07-13_22-42-51_jpeg_2024-07-13_22-42-51.webp.webp?fit=1200%2C553&ssl=1&resize=700%2C400 2x, https:\/\/i0.wp.com\/ismaelcolosi.com.br\/wp-content\/uploads\/2024\/07\/WhatsApp-Image-2024-07-13-at-19.42.17_2024-07-13_22-42-51_jpeg_2024-07-13_22-42-51.webp.webp?fit=1200%2C553&ssl=1&resize=1050%2C600 3x"},"classes":[]}],"jetpack_sharing_enabled":true,"jetpack_shortlink":"https:\/\/wp.me\/pfMlyK-gGF","_links":{"self":[{"href":"https:\/\/ismaelcolosi.com.br\/index.php\/wp-json\/wp\/v2\/posts\/64149","targetHints":{"allow":["GET"]}}],"collection":[{"href":"https:\/\/ismaelcolosi.com.br\/index.php\/wp-json\/wp\/v2\/posts"}],"about":[{"href":"https:\/\/ismaelcolosi.com.br\/index.php\/wp-json\/wp\/v2\/types\/post"}],"author":[{"embeddable":true,"href":"https:\/\/ismaelcolosi.com.br\/index.php\/wp-json\/wp\/v2\/users\/1"}],"replies":[{"embeddable":true,"href":"https:\/\/ismaelcolosi.com.br\/index.php\/wp-json\/wp\/v2\/comments?post=64149"}],"version-history":[{"count":0,"href":"https:\/\/ismaelcolosi.com.br\/index.php\/wp-json\/wp\/v2\/posts\/64149\/revisions"}],"wp:featuredmedia":[{"embeddable":true,"href":"https:\/\/ismaelcolosi.com.br\/index.php\/wp-json\/wp\/v2\/media\/64150"}],"wp:attachment":[{"href":"https:\/\/ismaelcolosi.com.br\/index.php\/wp-json\/wp\/v2\/media?parent=64149"}],"wp:term":[{"taxonomy":"category","embeddable":true,"href":"https:\/\/ismaelcolosi.com.br\/index.php\/wp-json\/wp\/v2\/categories?post=64149"},{"taxonomy":"post_tag","embeddable":true,"href":"https:\/\/ismaelcolosi.com.br\/index.php\/wp-json\/wp\/v2\/tags?post=64149"}],"curies":[{"name":"wp","href":"https:\/\/api.w.org\/{rel}","templated":true}]}}