{"id":63980,"date":"2024-09-04T22:16:25","date_gmt":"2024-09-05T01:16:25","guid":{"rendered":"https:\/\/ismaelcolosi.com.br\/index.php\/2024\/09\/04\/incendio-bloqueia-estrada-e-atinge-sitio-na-regiao-de-ribeirao-preto\/"},"modified":"2024-09-04T22:16:25","modified_gmt":"2024-09-05T01:16:25","slug":"incendio-bloqueia-estrada-e-atinge-sitio-na-regiao-de-ribeirao-preto","status":"publish","type":"post","link":"https:\/\/ismaelcolosi.com.br\/index.php\/2024\/09\/04\/incendio-bloqueia-estrada-e-atinge-sitio-na-regiao-de-ribeirao-preto\/","title":{"rendered":"Inc\u00eandio bloqueia estrada e atinge s\u00edtio na regi\u00e3o de Ribeir\u00e3o Preto"},"content":{"rendered":"<p> <br \/>\n<\/p>\n<div>\n<p>Um <strong>inc\u00eandio de grandes propor\u00e7\u00f5es<\/strong> atingiu um <strong>canavial <\/strong>\u00e0s margens da estrada vicinal que liga <strong>Buritizal <\/strong>a <strong>Igarapava<\/strong>, na regi\u00e3o de <strong>Ribeir\u00e3o Preto<\/strong>, na tarde desta quarta-feira (4).<\/p>\n<p>Devido a fuma\u00e7a, foi necess\u00e1rio <strong>desviar o tr\u00e2nsito<\/strong> por causa da falta de visibilidade da pista. <strong><mark style=\"background-color:#fcb900\" class=\"has-inline-color\">Al\u00e9m disso, as chamas se alastraram e atingiram o s\u00edtio de uma fam\u00edlia.<\/mark><\/strong><\/p>\n<p>No local, o sitiante Jo\u00e3o L\u00facio Pinto tamb\u00e9m <strong>criava animais<\/strong> e <strong>mantinha uma horta <\/strong>para vender verduras e legumes, por\u00e9m, <strong>tudo foi consumido pelo fogo<\/strong>.<\/p>\n<figure class=\"wp-block-pullquote\">\n<blockquote>\n<p>Destrui\u00e7\u00e3o total. O fogo veio muito de repente. N\u00e3o deu tempo de acudir. Eu soltei alguns cachorros e dois porcos, mas o restante n\u00e3o deu. A roupa, tudo l\u00e1 dentro n\u00e3o deu para acudir nada, n\u00e3o deu para fazer nada<\/p>\n<p><cite>Jo\u00e3o L\u00facio Pinto, em entrevista a EPTV<\/cite><\/p><\/blockquote>\n<\/figure>\n<p>Jo\u00e3o L\u00facio tamb\u00e9m perdeu<strong> quatro ve\u00edculos que utilizava para trabalhar<\/strong>. \u201cAs verduras n\u00e3o tem jeito mais, tem de plantar de novo. Tem que recome\u00e7ar de novo. Deus d\u00e1 for\u00e7a pra gente e nesse momento tem muita gente boa que ajuda a gente. Gra\u00e7as a Deus estamos bem, importante \u00e9 a vida da gente\u201d.<\/p>\n<p>Equipes do Corpo de Bombeiros, da Defesa Civil de Buritizal e volunt\u00e1rios atuaram no local para conseguir controlar as chamas do inc\u00eandio. <\/p>\n<h4 class=\"wp-block-heading\"><strong>Tempo seco e falta de chuva<\/strong><\/h4>\n<p>Conforme o coordenador da <strong>Defesa Civil de Buritizal<\/strong>, v\u00e1rios fatores contribu\u00edram para o ocorrido, como por exemplo, os <strong>ventos a mais de 50 km\/h<\/strong>, o <strong>tempo seco<\/strong> e a <strong>falta de chuva<\/strong> na regi\u00e3o.<\/p>\n<p>\u201cA gente est\u00e1 vivendo uma situa\u00e7\u00e3o de ventos espor\u00e1dicos acima dos 50 km\/h, a umidade relativa do ar abaixo de 20%, a gente teve um dia que chegou a 12%, clima de deserto, e a quest\u00e3o da seca que est\u00e1 prolongando por quase 130 dias\u201d, explicou Gabriel Gomes.\u00a0<\/p>\n<p>Vale ressaltar que, de acordo com a <strong>Defesa Civil do Estado de S\u00e3o<\/strong> <strong>Paulo<\/strong>, diversas cidades no interior paulista podem registrar <strong>ventos fortes<\/strong> entre quinta (5) e sexta-feira (6).<\/p>\n<p><strong><em>*Com informa\u00e7\u00f5es da EPTV<\/em><\/strong><\/p>\n<hr class=\"wp-block-separator has-alpha-channel-opacity\"\/>\n<p>SAIBA MAIS<\/p>\n<p>Aneel reduz patamar de bandeira vermelha e reajuste pode ser menor<\/p>\n<h4 class=\"wp-block-heading\"><strong>FIQUE ON<\/strong><\/h4>\n<p>Fique ligado em tudo que acontece em Ribeir\u00e3o Preto e regi\u00e3o. Siga os perfis do\u00a0<strong>acidade on<\/strong>\u00a0no\u00a0<a href=\"https:\/\/www.instagram.com\/acidadeonribeirao\" target=\"_blank\" rel=\"noreferrer noopener\">Instagram\u00a0<\/a>e no\u00a0<a href=\"https:\/\/www.facebook.com\/acidadeonribeirao\/\" target=\"_blank\" rel=\"noreferrer noopener\">Facebook<\/a>.<\/p>\n<p>Receba not\u00edcias do<strong>\u00a0acidade on<\/strong>\u00a0no WhatsApp.\u00a0<a href=\"https:\/\/chat.whatsapp.com\/Dtv9mxhy6V5BJBotM2OQ5k\" target=\"_blank\" rel=\"noreferrer noopener\">Para entrar no grupo, basta clicar aqui.<\/a><\/p>\n<p>Fa\u00e7a uma den\u00fancia ou sugira uma reportagem sobre Ribeir\u00e3o Preto e regi\u00e3o pelo WhatsApp: 16 99117 7802.<\/p>\n<p>VEJA TAMB\u00c9M<\/p>\n<p>Deolane Bezerra publica carta sobre pris\u00e3o e faz desabafo<\/p>\n<p><!-- CONTENT END 1 -->\n<\/div>\n<p><script async src=\"\/\/www.instagram.com\/embed.js\"><\/script><br \/>\n<br \/><br \/>\n<br \/><a href=\"https:\/\/www.acidadeon.com\/ribeiraopreto\/cotidiano\/incendio-bloqueia-estrada-e-atinge-sitio-na-regiao-de-ribeirao-preto\/\">Source link <\/a><\/p>\n","protected":false},"excerpt":{"rendered":"<p>Um inc\u00eandio de grandes propor\u00e7\u00f5es atingiu um canavial \u00e0s margens da estrada vicinal que liga Buritizal a Igarapava, na regi\u00e3o de Ribeir\u00e3o Preto, na tarde&#8230;<\/p>\n","protected":false},"author":1,"featured_media":63981,"comment_status":"open","ping_status":"open","sticky":false,"template":"","format":"standard","meta":{"_uag_custom_page_level_css":"","advanced_seo_description":"","jetpack_seo_html_title":"","jetpack_seo_noindex":false,"jetpack_post_was_ever_published":false,"_jetpack_newsletter_access":"","_jetpack_dont_email_post_to_subs":false,"_jetpack_newsletter_tier_id":0,"_jetpack_memberships_contains_paywalled_content":false,"_jetpack_memberships_contains_paid_content":false,"footnotes":"","jetpack_publicize_message":"","jetpack_publicize_feature_enabled":true,"jetpack_social_post_already_shared":true,"jetpack_social_options":{"image_generator_settings":{"template":"highway","default_image_id":0,"font":"","enabled":false},"version":2}},"categories":[11],"tags":[],"class_list":["post-63980","post","type-post","status-publish","format-standard","has-post-thumbnail","hentry","category-noticias-de-ribeirao-preto-sp-e-regiao-ismael-colosi"],"jetpack_publicize_connections":[],"jetpack_featured_media_url":"https:\/\/i0.wp.com\/ismaelcolosi.com.br\/wp-content\/uploads\/2024\/09\/Copia-de-Copia-de-Copia-de-TAMANHO-EXATO-PARA-FOTOS-NO-SISTEMA-NOVO-33_2024-09-05_00-52-30_png_2024-09-05_00-52-30.webp.webp?fit=1200%2C675&ssl=1","uagb_featured_image_src":{"full":["https:\/\/i0.wp.com\/ismaelcolosi.com.br\/wp-content\/uploads\/2024\/09\/Copia-de-Copia-de-Copia-de-TAMANHO-EXATO-PARA-FOTOS-NO-SISTEMA-NOVO-33_2024-09-05_00-52-30_png_2024-09-05_00-52-30.webp.webp?fit=1200%2C675&ssl=1",1200,675,false],"thumbnail":["https:\/\/i0.wp.com\/ismaelcolosi.com.br\/wp-content\/uploads\/2024\/09\/Copia-de-Copia-de-Copia-de-TAMANHO-EXATO-PARA-FOTOS-NO-SISTEMA-NOVO-33_2024-09-05_00-52-30_png_2024-09-05_00-52-30.webp.webp?resize=150%2C150&ssl=1",150,150,true],"medium":["https:\/\/i0.wp.com\/ismaelcolosi.com.br\/wp-content\/uploads\/2024\/09\/Copia-de-Copia-de-Copia-de-TAMANHO-EXATO-PARA-FOTOS-NO-SISTEMA-NOVO-33_2024-09-05_00-52-30_png_2024-09-05_00-52-30.webp.webp?fit=300%2C169&ssl=1",300,169,true],"medium_large":["https:\/\/i0.wp.com\/ismaelcolosi.com.br\/wp-content\/uploads\/2024\/09\/Copia-de-Copia-de-Copia-de-TAMANHO-EXATO-PARA-FOTOS-NO-SISTEMA-NOVO-33_2024-09-05_00-52-30_png_2024-09-05_00-52-30.webp.webp?fit=768%2C432&ssl=1",768,432,true],"large":["https:\/\/i0.wp.com\/ismaelcolosi.com.br\/wp-content\/uploads\/2024\/09\/Copia-de-Copia-de-Copia-de-TAMANHO-EXATO-PARA-FOTOS-NO-SISTEMA-NOVO-33_2024-09-05_00-52-30_png_2024-09-05_00-52-30.webp.webp?fit=1024%2C576&ssl=1",1024,576,true],"1536x1536":["https:\/\/i0.wp.com\/ismaelcolosi.com.br\/wp-content\/uploads\/2024\/09\/Copia-de-Copia-de-Copia-de-TAMANHO-EXATO-PARA-FOTOS-NO-SISTEMA-NOVO-33_2024-09-05_00-52-30_png_2024-09-05_00-52-30.webp.webp?fit=1200%2C675&ssl=1",1200,675,true],"2048x2048":["https:\/\/i0.wp.com\/ismaelcolosi.com.br\/wp-content\/uploads\/2024\/09\/Copia-de-Copia-de-Copia-de-TAMANHO-EXATO-PARA-FOTOS-NO-SISTEMA-NOVO-33_2024-09-05_00-52-30_png_2024-09-05_00-52-30.webp.webp?fit=1200%2C675&ssl=1",1200,675,true],"really-simple-thumb":["https:\/\/i0.wp.com\/ismaelcolosi.com.br\/wp-content\/uploads\/2024\/09\/Copia-de-Copia-de-Copia-de-TAMANHO-EXATO-PARA-FOTOS-NO-SISTEMA-NOVO-33_2024-09-05_00-52-30_png_2024-09-05_00-52-30.webp.webp?resize=370%2C247&ssl=1",370,247,true]},"uagb_author_info":{"display_name":"ismaelcolosi.com.br","author_link":"https:\/\/ismaelcolosi.com.br\/index.php\/author\/vidareal-online\/"},"uagb_comment_info":0,"uagb_excerpt":"Um inc\u00eandio de grandes propor\u00e7\u00f5es atingiu um canavial \u00e0s margens da estrada vicinal que liga Buritizal a Igarapava, na regi\u00e3o de Ribeir\u00e3o Preto, na tarde...","jetpack-related-posts":[{"id":62156,"url":"https:\/\/ismaelcolosi.com.br\/index.php\/2024\/08\/26\/incendio-destroi-veiculos-em-patio-na-regiao-de-ribeirao-preto\/","url_meta":{"origin":63980,"position":0},"title":"Inc\u00eandio destr\u00f3i ve\u00edculos em p\u00e1tio na regi\u00e3o de Ribeir\u00e3o Preto","author":"ismaelcolosi.com.br","date":"26 de August de 2024","format":false,"excerpt":"Um inc\u00eandio destruiu ve\u00edculos em um p\u00e1tio utilizado pela Pol\u00edcia Civil na cidade de Dumont, a aproximadamente 20 quil\u00f4metros de Ribeir\u00e3o Preto. O fogo ocorreu na tarde do \u00faltimo s\u00e1bado (24) e as causas ainda est\u00e3o sob investiga\u00e7\u00e3o. O Corpo de Bombeiros foi acionado e ajudou a combater as chamas.\u2026","rel":"","context":"In &quot;Not\u00edcias de Ribeir\u00e3o Preto-SP e Regi\u00e3o&quot;","block_context":{"text":"Not\u00edcias de Ribeir\u00e3o Preto-SP e Regi\u00e3o","link":"https:\/\/ismaelcolosi.com.br\/index.php\/category\/noticias-de-ribeirao-preto-sp-e-regiao-ismael-colosi\/"},"img":{"alt_text":"","src":"https:\/\/i0.wp.com\/ismaelcolosi.com.br\/wp-content\/uploads\/2024\/08\/WhatsApp-Image-2024-08-26-at-06.48.10_2024-08-26_09-51-31_jpeg_2024-08-26_09-51-31.webp.webp?fit=1200%2C1000&ssl=1&resize=350%2C200","width":350,"height":200,"srcset":"https:\/\/i0.wp.com\/ismaelcolosi.com.br\/wp-content\/uploads\/2024\/08\/WhatsApp-Image-2024-08-26-at-06.48.10_2024-08-26_09-51-31_jpeg_2024-08-26_09-51-31.webp.webp?fit=1200%2C1000&ssl=1&resize=350%2C200 1x, https:\/\/i0.wp.com\/ismaelcolosi.com.br\/wp-content\/uploads\/2024\/08\/WhatsApp-Image-2024-08-26-at-06.48.10_2024-08-26_09-51-31_jpeg_2024-08-26_09-51-31.webp.webp?fit=1200%2C1000&ssl=1&resize=525%2C300 1.5x, https:\/\/i0.wp.com\/ismaelcolosi.com.br\/wp-content\/uploads\/2024\/08\/WhatsApp-Image-2024-08-26-at-06.48.10_2024-08-26_09-51-31_jpeg_2024-08-26_09-51-31.webp.webp?fit=1200%2C1000&ssl=1&resize=700%2C400 2x, https:\/\/i0.wp.com\/ismaelcolosi.com.br\/wp-content\/uploads\/2024\/08\/WhatsApp-Image-2024-08-26-at-06.48.10_2024-08-26_09-51-31_jpeg_2024-08-26_09-51-31.webp.webp?fit=1200%2C1000&ssl=1&resize=1050%2C600 3x"},"classes":[]},{"id":65661,"url":"https:\/\/ismaelcolosi.com.br\/index.php\/2024\/09\/13\/incendio-atinge-area-ao-lado-do-anel-viario-norte-de-ribeirao-video\/","url_meta":{"origin":63980,"position":1},"title":"Inc\u00eandio atinge \u00e1rea ao lado do Anel Vi\u00e1rio Norte de Ribeir\u00e3o; V\u00eddeo","author":"ismaelcolosi.com.br","date":"13 de September de 2024","format":false,"excerpt":"Um inc\u00eandio atinge uma \u00e1rea \u00e0s margens do Anel Vi\u00e1rio Norte (rodovia Alexandre Balbo, SP-328) na manh\u00e3 desta sexta (13), em Ribeir\u00e3o Preto. O fogo ocorre ao lado de uma estrada de terra, que liga ao Jardim Cristo Redentor, pr\u00f3ximo da antiga Usina Galo Bravo. Um caminh\u00e3o-pipa atua no combate\u2026","rel":"","context":"In &quot;Not\u00edcias de Ribeir\u00e3o Preto-SP e Regi\u00e3o&quot;","block_context":{"text":"Not\u00edcias de Ribeir\u00e3o Preto-SP e Regi\u00e3o","link":"https:\/\/ismaelcolosi.com.br\/index.php\/category\/noticias-de-ribeirao-preto-sp-e-regiao-ismael-colosi\/"},"img":{"alt_text":"","src":"https:\/\/i0.wp.com\/ismaelcolosi.com.br\/wp-content\/uploads\/2024\/09\/QUEIMADA_2024-09-13_12-03-54_jpg_2024-09-13_12-03-54.webp.webp?fit=1200%2C844&ssl=1&resize=350%2C200","width":350,"height":200,"srcset":"https:\/\/i0.wp.com\/ismaelcolosi.com.br\/wp-content\/uploads\/2024\/09\/QUEIMADA_2024-09-13_12-03-54_jpg_2024-09-13_12-03-54.webp.webp?fit=1200%2C844&ssl=1&resize=350%2C200 1x, https:\/\/i0.wp.com\/ismaelcolosi.com.br\/wp-content\/uploads\/2024\/09\/QUEIMADA_2024-09-13_12-03-54_jpg_2024-09-13_12-03-54.webp.webp?fit=1200%2C844&ssl=1&resize=525%2C300 1.5x, https:\/\/i0.wp.com\/ismaelcolosi.com.br\/wp-content\/uploads\/2024\/09\/QUEIMADA_2024-09-13_12-03-54_jpg_2024-09-13_12-03-54.webp.webp?fit=1200%2C844&ssl=1&resize=700%2C400 2x, https:\/\/i0.wp.com\/ismaelcolosi.com.br\/wp-content\/uploads\/2024\/09\/QUEIMADA_2024-09-13_12-03-54_jpg_2024-09-13_12-03-54.webp.webp?fit=1200%2C844&ssl=1&resize=1050%2C600 3x"},"classes":[]},{"id":49864,"url":"https:\/\/ismaelcolosi.com.br\/index.php\/2024\/05\/13\/cachorro-heroi-que-fugiu-apos-incendio-em-ribeirao-preto-e-encontrado\/","url_meta":{"origin":63980,"position":2},"title":"Cachorro \u2018her\u00f3i\u2019 que fugiu ap\u00f3s inc\u00eandio em Ribeir\u00e3o Preto \u00e9 encontrado","author":"ismaelcolosi.com.br","date":"13 de May de 2024","format":false,"excerpt":"Um inc\u00eandio destruiu uma casa, na noite de domingo (12), no bairro Marincek, na zona Norte de Ribeir\u00e3o Preto. No local, mora uma fam\u00edlia e um c\u00e3o da ra\u00e7a Pitbull, que foi quem alertou os tutores sobre as chamas e, em seguida, fugiu assustado. Segundo uma das moradoras, o caso\u2026","rel":"","context":"In &quot;Not\u00edcias de Ribeir\u00e3o Preto-SP e Regi\u00e3o&quot;","block_context":{"text":"Not\u00edcias de Ribeir\u00e3o Preto-SP e Regi\u00e3o","link":"https:\/\/ismaelcolosi.com.br\/index.php\/category\/noticias-de-ribeirao-preto-sp-e-regiao-ismael-colosi\/"},"img":{"alt_text":"","src":"https:\/\/i0.wp.com\/ismaelcolosi.com.br\/wp-content\/uploads\/2024\/05\/AnyConv.com__Copia-de-Copia-de-TAMANHO-EXATO-PARA-FOTOS-NO-SISTEMA-NOVO-3_2024-05-13_21-33-09.webp.webp?fit=1200%2C675&ssl=1&resize=350%2C200","width":350,"height":200,"srcset":"https:\/\/i0.wp.com\/ismaelcolosi.com.br\/wp-content\/uploads\/2024\/05\/AnyConv.com__Copia-de-Copia-de-TAMANHO-EXATO-PARA-FOTOS-NO-SISTEMA-NOVO-3_2024-05-13_21-33-09.webp.webp?fit=1200%2C675&ssl=1&resize=350%2C200 1x, https:\/\/i0.wp.com\/ismaelcolosi.com.br\/wp-content\/uploads\/2024\/05\/AnyConv.com__Copia-de-Copia-de-TAMANHO-EXATO-PARA-FOTOS-NO-SISTEMA-NOVO-3_2024-05-13_21-33-09.webp.webp?fit=1200%2C675&ssl=1&resize=525%2C300 1.5x, https:\/\/i0.wp.com\/ismaelcolosi.com.br\/wp-content\/uploads\/2024\/05\/AnyConv.com__Copia-de-Copia-de-TAMANHO-EXATO-PARA-FOTOS-NO-SISTEMA-NOVO-3_2024-05-13_21-33-09.webp.webp?fit=1200%2C675&ssl=1&resize=700%2C400 2x, https:\/\/i0.wp.com\/ismaelcolosi.com.br\/wp-content\/uploads\/2024\/05\/AnyConv.com__Copia-de-Copia-de-TAMANHO-EXATO-PARA-FOTOS-NO-SISTEMA-NOVO-3_2024-05-13_21-33-09.webp.webp?fit=1200%2C675&ssl=1&resize=1050%2C600 3x"},"classes":[]},{"id":67991,"url":"https:\/\/ismaelcolosi.com.br\/index.php\/2024\/09\/26\/incendio-atinge-ferro-velho-na-zona-norte-de-ribeirao-preto-veja-video\/","url_meta":{"origin":63980,"position":3},"title":"Inc\u00eandio atinge ferro velho na zona Norte de Ribeir\u00e3o Preto; Veja v\u00eddeo","author":"ismaelcolosi.com.br","date":"26 de September de 2024","format":false,"excerpt":"Um inc\u00eandio de grandes propor\u00e7\u00f5es destruiu um ferro velho na rua Orlando Gabriello, no Jardim Jandaia, zona Norte de Ribeir\u00e3o Preto, na tarde desta quinta-feira (26) \u2013 veja o v\u00eddeo abaixo. Nas imagens \u00e9 poss\u00edvel ver muito papel\u00e3o queimado e ferro retorcido. Uma caminhonete utilizada pelo ferro velho tamb\u00e9m foi\u2026","rel":"","context":"In &quot;Not\u00edcias de Ribeir\u00e3o Preto-SP e Regi\u00e3o&quot;","block_context":{"text":"Not\u00edcias de Ribeir\u00e3o Preto-SP e Regi\u00e3o","link":"https:\/\/ismaelcolosi.com.br\/index.php\/category\/noticias-de-ribeirao-preto-sp-e-regiao-ismael-colosi\/"},"img":{"alt_text":"","src":"https:\/\/i0.wp.com\/ismaelcolosi.com.br\/wp-content\/uploads\/2024\/09\/WhatsApp-Image-2024-09-26-at-13.40.14-3_2024-09-26_18-01-32_jpeg_2024-09-26_18-01-34-scaled.webp.webp?fit=1200%2C900&ssl=1&resize=350%2C200","width":350,"height":200,"srcset":"https:\/\/i0.wp.com\/ismaelcolosi.com.br\/wp-content\/uploads\/2024\/09\/WhatsApp-Image-2024-09-26-at-13.40.14-3_2024-09-26_18-01-32_jpeg_2024-09-26_18-01-34-scaled.webp.webp?fit=1200%2C900&ssl=1&resize=350%2C200 1x, https:\/\/i0.wp.com\/ismaelcolosi.com.br\/wp-content\/uploads\/2024\/09\/WhatsApp-Image-2024-09-26-at-13.40.14-3_2024-09-26_18-01-32_jpeg_2024-09-26_18-01-34-scaled.webp.webp?fit=1200%2C900&ssl=1&resize=525%2C300 1.5x, https:\/\/i0.wp.com\/ismaelcolosi.com.br\/wp-content\/uploads\/2024\/09\/WhatsApp-Image-2024-09-26-at-13.40.14-3_2024-09-26_18-01-32_jpeg_2024-09-26_18-01-34-scaled.webp.webp?fit=1200%2C900&ssl=1&resize=700%2C400 2x, https:\/\/i0.wp.com\/ismaelcolosi.com.br\/wp-content\/uploads\/2024\/09\/WhatsApp-Image-2024-09-26-at-13.40.14-3_2024-09-26_18-01-32_jpeg_2024-09-26_18-01-34-scaled.webp.webp?fit=1200%2C900&ssl=1&resize=1050%2C600 3x"},"classes":[]},{"id":22375,"url":"https:\/\/ismaelcolosi.com.br\/index.php\/2023\/12\/29\/caminhao-pega-fogo-e-interdita-rodovia-na-regiao-de-ribeirao-preto-veja-o-video\/","url_meta":{"origin":63980,"position":4},"title":"Caminh\u00e3o pega fogo e interdita rodovia na regi\u00e3o de Ribeir\u00e3o Preto; Veja o v\u00eddeo","author":"ismaelcolosi.com.br","date":"29 de December de 2023","format":false,"excerpt":"A parte traseira de um caminh\u00e3o ficou destru\u00edda ap\u00f3s pegar fogo na rodovia C\u00e2ndido Portinari (SP-334), pr\u00f3ximo ao km 319, entre Ribeir\u00e3o Preto e Brodowski, na tarde desta sexta-feira (29). De acordo com a Pol\u00edcia Militar Rodovi\u00e1ria (PMR), trata-se de um caminh\u00e3o trator com semirreboque. O equipamento que transportava sucata\u2026","rel":"","context":"In &quot;Not\u00edcias de Ribeir\u00e3o Preto-SP e Regi\u00e3o&quot;","block_context":{"text":"Not\u00edcias de Ribeir\u00e3o Preto-SP e Regi\u00e3o","link":"https:\/\/ismaelcolosi.com.br\/index.php\/category\/noticias-de-ribeirao-preto-sp-e-regiao-ismael-colosi\/"},"img":{"alt_text":"","src":"https:\/\/i0.wp.com\/ismaelcolosi.com.br\/wp-content\/uploads\/2023\/12\/WhatsApp-Image-2023-12-29-at-17.34.55-scaled.jpeg?fit=1200%2C900&ssl=1&resize=350%2C200","width":350,"height":200,"srcset":"https:\/\/i0.wp.com\/ismaelcolosi.com.br\/wp-content\/uploads\/2023\/12\/WhatsApp-Image-2023-12-29-at-17.34.55-scaled.jpeg?fit=1200%2C900&ssl=1&resize=350%2C200 1x, https:\/\/i0.wp.com\/ismaelcolosi.com.br\/wp-content\/uploads\/2023\/12\/WhatsApp-Image-2023-12-29-at-17.34.55-scaled.jpeg?fit=1200%2C900&ssl=1&resize=525%2C300 1.5x, https:\/\/i0.wp.com\/ismaelcolosi.com.br\/wp-content\/uploads\/2023\/12\/WhatsApp-Image-2023-12-29-at-17.34.55-scaled.jpeg?fit=1200%2C900&ssl=1&resize=700%2C400 2x, https:\/\/i0.wp.com\/ismaelcolosi.com.br\/wp-content\/uploads\/2023\/12\/WhatsApp-Image-2023-12-29-at-17.34.55-scaled.jpeg?fit=1200%2C900&ssl=1&resize=1050%2C600 3x"},"classes":[]},{"id":51949,"url":"https:\/\/ismaelcolosi.com.br\/index.php\/2024\/06\/02\/incendio-atinge-residencia-com-casal-de-idosos-na-regiao-de-ribeirao-preto\/","url_meta":{"origin":63980,"position":5},"title":"Inc\u00eandio atinge resid\u00eancia com casal de idosos na regi\u00e3o de Ribeir\u00e3o Preto","author":"ismaelcolosi.com.br","date":"2 de June de 2024","format":false,"excerpt":"Um inc\u00eandio atingiu uma resid\u00eancia onde estava um casal de idosos e um filho na tarde deste domingo (2), em Sert\u00e3ozinho, na regi\u00e3o de Ribeir\u00e3o Preto. Segundo informa\u00e7\u00f5es, os idosos foram retirados do im\u00f3vel pelo filho, que rapidamente percebeu as chamas na rua Carlos Gomes, no Jardim Nova Sert\u00e3ozinho. Apesar\u2026","rel":"","context":"In &quot;Not\u00edcias de Ribeir\u00e3o Preto-SP e Regi\u00e3o&quot;","block_context":{"text":"Not\u00edcias de Ribeir\u00e3o Preto-SP e Regi\u00e3o","link":"https:\/\/ismaelcolosi.com.br\/index.php\/category\/noticias-de-ribeirao-preto-sp-e-regiao-ismael-colosi\/"},"img":{"alt_text":"","src":"https:\/\/i0.wp.com\/ismaelcolosi.com.br\/wp-content\/uploads\/2024\/06\/viaturas_2024-06-02_21-54-54_jpg_2024-06-02_21-54-54.webp.webp?fit=1029%2C578&ssl=1&resize=350%2C200","width":350,"height":200,"srcset":"https:\/\/i0.wp.com\/ismaelcolosi.com.br\/wp-content\/uploads\/2024\/06\/viaturas_2024-06-02_21-54-54_jpg_2024-06-02_21-54-54.webp.webp?fit=1029%2C578&ssl=1&resize=350%2C200 1x, https:\/\/i0.wp.com\/ismaelcolosi.com.br\/wp-content\/uploads\/2024\/06\/viaturas_2024-06-02_21-54-54_jpg_2024-06-02_21-54-54.webp.webp?fit=1029%2C578&ssl=1&resize=525%2C300 1.5x, https:\/\/i0.wp.com\/ismaelcolosi.com.br\/wp-content\/uploads\/2024\/06\/viaturas_2024-06-02_21-54-54_jpg_2024-06-02_21-54-54.webp.webp?fit=1029%2C578&ssl=1&resize=700%2C400 2x"},"classes":[]}],"jetpack_sharing_enabled":true,"jetpack_shortlink":"https:\/\/wp.me\/pfMlyK-gDW","_links":{"self":[{"href":"https:\/\/ismaelcolosi.com.br\/index.php\/wp-json\/wp\/v2\/posts\/63980","targetHints":{"allow":["GET"]}}],"collection":[{"href":"https:\/\/ismaelcolosi.com.br\/index.php\/wp-json\/wp\/v2\/posts"}],"about":[{"href":"https:\/\/ismaelcolosi.com.br\/index.php\/wp-json\/wp\/v2\/types\/post"}],"author":[{"embeddable":true,"href":"https:\/\/ismaelcolosi.com.br\/index.php\/wp-json\/wp\/v2\/users\/1"}],"replies":[{"embeddable":true,"href":"https:\/\/ismaelcolosi.com.br\/index.php\/wp-json\/wp\/v2\/comments?post=63980"}],"version-history":[{"count":0,"href":"https:\/\/ismaelcolosi.com.br\/index.php\/wp-json\/wp\/v2\/posts\/63980\/revisions"}],"wp:featuredmedia":[{"embeddable":true,"href":"https:\/\/ismaelcolosi.com.br\/index.php\/wp-json\/wp\/v2\/media\/63981"}],"wp:attachment":[{"href":"https:\/\/ismaelcolosi.com.br\/index.php\/wp-json\/wp\/v2\/media?parent=63980"}],"wp:term":[{"taxonomy":"category","embeddable":true,"href":"https:\/\/ismaelcolosi.com.br\/index.php\/wp-json\/wp\/v2\/categories?post=63980"},{"taxonomy":"post_tag","embeddable":true,"href":"https:\/\/ismaelcolosi.com.br\/index.php\/wp-json\/wp\/v2\/tags?post=63980"}],"curies":[{"name":"wp","href":"https:\/\/api.w.org\/{rel}","templated":true}]}}