{"id":63957,"date":"2024-09-04T18:29:56","date_gmt":"2024-09-04T21:29:56","guid":{"rendered":"https:\/\/ismaelcolosi.com.br\/index.php\/2024\/09\/04\/campeao-mundial-de-surf-quer-construir-praia-em-ribeirao-preto\/"},"modified":"2024-09-04T18:29:56","modified_gmt":"2024-09-04T21:29:56","slug":"campeao-mundial-de-surf-quer-construir-praia-em-ribeirao-preto","status":"publish","type":"post","link":"https:\/\/ismaelcolosi.com.br\/index.php\/2024\/09\/04\/campeao-mundial-de-surf-quer-construir-praia-em-ribeirao-preto\/","title":{"rendered":"Campe\u00e3o mundial de surf quer construir &#8216;praia&#8217; em Ribeir\u00e3o Preto"},"content":{"rendered":"<p> <br \/>\n<\/p>\n<div data-td-block-uid=\"tdi_106\">\n<div class=\"tdb-block-inner td-fix-index\">\n<p><strong>Ribeir\u00e3o Preto<\/strong> foi a cidade escolhida para receber uma <strong>piscina de ondas<\/strong> <strong>coberta<\/strong>. Ela ser\u00e1 constru\u00edda em um <strong>novo bairro da zona Sul<\/strong> do munic\u00edpio.<\/p>\n<p>Com <strong>inaugura\u00e7\u00e3o <\/strong>prevista para <strong>2026<\/strong>, o Clube de Surf ter\u00e1 um espa\u00e7o de 6.200 m\u00b2, sendo 2 mil m\u00b2 de piscina e mais de <strong>700 m\u00b2 de praia artificial<\/strong>.<\/p>\n<p><mark style=\"background-color:#fcb900\" class=\"has-inline-color\">A <strong>piscina <\/strong>ser\u00e1 capaz de <strong>produzir ondas<\/strong> que devem variar entre meio e um metro, com dura\u00e7\u00e3o de 8 a 12 segundos e at\u00e9 240 ondas por hora. <\/mark><\/p>\n<p>Conforme a empresa respons\u00e1vel pelo empreendimento, o espa\u00e7o ser\u00e1 vai comportar desde uma competi\u00e7\u00e3o esportiva profissional at\u00e9 a pr\u00e1tica do surf por crian\u00e7as e adultos.<\/p>\n<h3 class=\"wp-block-heading\"><strong>Praia em Ribeir\u00e3o Preto<\/strong><\/h3>\n<p>O projeto da <strong>Surf Center<\/strong>, que tem o <strong>campe\u00e3o mundial de surf, Adriano de Souza, o Mineirinho<\/strong>, como um dos investidores, vai permitir que surfistas de <mark style=\"background-color:#fcb900\" class=\"has-inline-color\">diferentes n\u00edveis possam surfar no mesmo hor\u00e1rio.<\/mark><\/p>\n<figure class=\"wp-block-pullquote\">\n<blockquote>\n<p>Sempre ouvimos dizer que para Ribeir\u00e3o ser completa, s\u00f3 faltava a praia. Agora, n\u00e3o falta mais nada<\/p>\n<p><cite>Adriano de Souza, o Mineirinho<\/cite><\/p><\/blockquote>\n<\/figure>\n<p>Vale ressaltar que, ainda neste ano, a empresa respons\u00e1vel pelo empreendimento em <strong>Ribeir\u00e3o Preto<\/strong> vai inaugurar um <strong>Clube de Surf<\/strong> com \u00e1gua aquecida em <strong>Curitiba<\/strong>.<\/p>\n<hr class=\"wp-block-separator has-alpha-channel-opacity\"\/>\n<p>SAIBA MAIS<\/p>\n<p>Varejista abre 200 vagas de emprego na regi\u00e3o de Ribeir\u00e3o Preto; Veja como participar<\/p>\n<h4 class=\"wp-block-heading\"><strong>FIQUE ON<\/strong><\/h4>\n<p>Fique ligado em tudo que acontece em Ribeir\u00e3o Preto e regi\u00e3o. Siga os perfis do\u00a0<strong>acidade on<\/strong>\u00a0no\u00a0<a href=\"https:\/\/www.instagram.com\/acidadeonribeirao\" target=\"_blank\" rel=\"noreferrer noopener\">Instagram\u00a0<\/a>e no\u00a0<a href=\"https:\/\/www.facebook.com\/acidadeonribeirao\/\" target=\"_blank\" rel=\"noreferrer noopener\">Facebook<\/a>.<\/p>\n<p>Receba not\u00edcias do<strong>\u00a0acidade on<\/strong>\u00a0no WhatsApp.\u00a0<a href=\"https:\/\/chat.whatsapp.com\/Dtv9mxhy6V5BJBotM2OQ5k\" target=\"_blank\" rel=\"noreferrer noopener\">Para entrar no grupo, basta clicar aqui.<\/a><\/p>\n<p>Fa\u00e7a uma den\u00fancia ou sugira uma reportagem sobre Ribeir\u00e3o Preto e regi\u00e3o pelo WhatsApp: 16 99117 7802.<\/p>\n<p>VEJA TAMB\u00c9M<\/p>\n<p>O que Gabz falou sobre gravar com Adriana Esteves?<\/p>\n<p><!-- CONTENT END 1 -->\n<\/div>\n<\/div>\n<p><script async src=\"\/\/www.instagram.com\/embed.js\"><\/script><br \/>\n<br \/><br \/>\n<br \/><a href=\"https:\/\/www.acidadeon.com\/ribeiraopreto\/esportes\/campeao-mundial-de-surf-quer-construir-praia-em-ribeirao-preto\/\">Source link <\/a><\/p>\n","protected":false},"excerpt":{"rendered":"<p>Ribeir\u00e3o Preto foi a cidade escolhida para receber uma piscina de ondas coberta. Ela ser\u00e1 constru\u00edda em um novo bairro da zona Sul do munic\u00edpio&#8230;.<\/p>\n","protected":false},"author":1,"featured_media":63958,"comment_status":"open","ping_status":"open","sticky":false,"template":"","format":"standard","meta":{"_uag_custom_page_level_css":"","advanced_seo_description":"","jetpack_seo_html_title":"","jetpack_seo_noindex":false,"jetpack_post_was_ever_published":false,"_jetpack_newsletter_access":"","_jetpack_dont_email_post_to_subs":false,"_jetpack_newsletter_tier_id":0,"_jetpack_memberships_contains_paywalled_content":false,"_jetpack_memberships_contains_paid_content":false,"footnotes":"","jetpack_publicize_message":"","jetpack_publicize_feature_enabled":true,"jetpack_social_post_already_shared":true,"jetpack_social_options":{"image_generator_settings":{"template":"highway","default_image_id":0,"font":"","enabled":false},"version":2}},"categories":[11],"tags":[],"class_list":["post-63957","post","type-post","status-publish","format-standard","has-post-thumbnail","hentry","category-noticias-de-ribeirao-preto-sp-e-regiao-ismael-colosi"],"jetpack_publicize_connections":[],"jetpack_featured_media_url":"https:\/\/i0.wp.com\/ismaelcolosi.com.br\/wp-content\/uploads\/2024\/09\/Copia-de-Copia-de-Copia-de-TAMANHO-EXATO-PARA-FOTOS-NO-SISTEMA-NOVO-30_2024-09-04_21-09-12_png_2024-09-04_21-09-13.webp.webp?fit=1200%2C675&ssl=1","uagb_featured_image_src":{"full":["https:\/\/i0.wp.com\/ismaelcolosi.com.br\/wp-content\/uploads\/2024\/09\/Copia-de-Copia-de-Copia-de-TAMANHO-EXATO-PARA-FOTOS-NO-SISTEMA-NOVO-30_2024-09-04_21-09-12_png_2024-09-04_21-09-13.webp.webp?fit=1200%2C675&ssl=1",1200,675,false],"thumbnail":["https:\/\/i0.wp.com\/ismaelcolosi.com.br\/wp-content\/uploads\/2024\/09\/Copia-de-Copia-de-Copia-de-TAMANHO-EXATO-PARA-FOTOS-NO-SISTEMA-NOVO-30_2024-09-04_21-09-12_png_2024-09-04_21-09-13.webp.webp?resize=150%2C150&ssl=1",150,150,true],"medium":["https:\/\/i0.wp.com\/ismaelcolosi.com.br\/wp-content\/uploads\/2024\/09\/Copia-de-Copia-de-Copia-de-TAMANHO-EXATO-PARA-FOTOS-NO-SISTEMA-NOVO-30_2024-09-04_21-09-12_png_2024-09-04_21-09-13.webp.webp?fit=300%2C169&ssl=1",300,169,true],"medium_large":["https:\/\/i0.wp.com\/ismaelcolosi.com.br\/wp-content\/uploads\/2024\/09\/Copia-de-Copia-de-Copia-de-TAMANHO-EXATO-PARA-FOTOS-NO-SISTEMA-NOVO-30_2024-09-04_21-09-12_png_2024-09-04_21-09-13.webp.webp?fit=768%2C432&ssl=1",768,432,true],"large":["https:\/\/i0.wp.com\/ismaelcolosi.com.br\/wp-content\/uploads\/2024\/09\/Copia-de-Copia-de-Copia-de-TAMANHO-EXATO-PARA-FOTOS-NO-SISTEMA-NOVO-30_2024-09-04_21-09-12_png_2024-09-04_21-09-13.webp.webp?fit=1024%2C576&ssl=1",1024,576,true],"1536x1536":["https:\/\/i0.wp.com\/ismaelcolosi.com.br\/wp-content\/uploads\/2024\/09\/Copia-de-Copia-de-Copia-de-TAMANHO-EXATO-PARA-FOTOS-NO-SISTEMA-NOVO-30_2024-09-04_21-09-12_png_2024-09-04_21-09-13.webp.webp?fit=1200%2C675&ssl=1",1200,675,true],"2048x2048":["https:\/\/i0.wp.com\/ismaelcolosi.com.br\/wp-content\/uploads\/2024\/09\/Copia-de-Copia-de-Copia-de-TAMANHO-EXATO-PARA-FOTOS-NO-SISTEMA-NOVO-30_2024-09-04_21-09-12_png_2024-09-04_21-09-13.webp.webp?fit=1200%2C675&ssl=1",1200,675,true],"really-simple-thumb":["https:\/\/i0.wp.com\/ismaelcolosi.com.br\/wp-content\/uploads\/2024\/09\/Copia-de-Copia-de-Copia-de-TAMANHO-EXATO-PARA-FOTOS-NO-SISTEMA-NOVO-30_2024-09-04_21-09-12_png_2024-09-04_21-09-13.webp.webp?resize=370%2C247&ssl=1",370,247,true]},"uagb_author_info":{"display_name":"ismaelcolosi.com.br","author_link":"https:\/\/ismaelcolosi.com.br\/index.php\/author\/vidareal-online\/"},"uagb_comment_info":0,"uagb_excerpt":"Ribeir\u00e3o Preto foi a cidade escolhida para receber uma piscina de ondas coberta. Ela ser\u00e1 constru\u00edda em um novo bairro da zona Sul do munic\u00edpio....","jetpack-related-posts":[{"id":48783,"url":"https:\/\/ismaelcolosi.com.br\/index.php\/2024\/05\/06\/interior-de-sp-vai-ganhar-novo-parque-aquatico-veja-quando-e-o-local\/","url_meta":{"origin":63957,"position":0},"title":"Interior de SP vai ganhar novo parque aqu\u00e1tico; Veja quando e o local","author":"ismaelcolosi.com.br","date":"6 de May de 2024","format":false,"excerpt":"O interior de S\u00e3o Paulo vai ganhar um novo parque aqu\u00e1tico em 2025. O Acqua Thermas Park ser\u00e1 constru\u00eddo em Sorocaba, cidade a 90 quil\u00f4metros da capital. O novo parque aqu\u00e1tico vai receber investimentos de R$ 170 milh\u00f5es. O Grupo Thermas, respons\u00e1vel pelo projeto, diz que o parque ocupar\u00e1 uma\u2026","rel":"","context":"In &quot;Not\u00edcias de Ribeir\u00e3o Preto-SP e Regi\u00e3o&quot;","block_context":{"text":"Not\u00edcias de Ribeir\u00e3o Preto-SP e Regi\u00e3o","link":"https:\/\/ismaelcolosi.com.br\/index.php\/category\/noticias-de-ribeirao-preto-sp-e-regiao-ismael-colosi\/"},"img":{"alt_text":"","src":"https:\/\/i0.wp.com\/ismaelcolosi.com.br\/wp-content\/uploads\/2024\/05\/AnyConv.com__parque-aquatico_2024-05-06_18-29-39.webp.webp?fit=953%2C525&ssl=1&resize=350%2C200","width":350,"height":200,"srcset":"https:\/\/i0.wp.com\/ismaelcolosi.com.br\/wp-content\/uploads\/2024\/05\/AnyConv.com__parque-aquatico_2024-05-06_18-29-39.webp.webp?fit=953%2C525&ssl=1&resize=350%2C200 1x, https:\/\/i0.wp.com\/ismaelcolosi.com.br\/wp-content\/uploads\/2024\/05\/AnyConv.com__parque-aquatico_2024-05-06_18-29-39.webp.webp?fit=953%2C525&ssl=1&resize=525%2C300 1.5x, https:\/\/i0.wp.com\/ismaelcolosi.com.br\/wp-content\/uploads\/2024\/05\/AnyConv.com__parque-aquatico_2024-05-06_18-29-39.webp.webp?fit=953%2C525&ssl=1&resize=700%2C400 2x"},"classes":[]},{"id":13348,"url":"https:\/\/ismaelcolosi.com.br\/index.php\/2023\/12\/09\/goias-tem-a-maior-praia-artificial-da-america-do-sul\/","url_meta":{"origin":63957,"position":1},"title":"Goi\u00e1s tem a maior praia artificial da Am\u00e9rica do Sul","author":"ismaelcolosi.com.br","date":"9 de December de 2023","format":false,"excerpt":"Em meio a uma paisagem exuberante no Planalto Central, a 80 km do aeroporto internacional de Bras\u00edlia, o Bali Park \u00e9 uma op\u00e7\u00e3o divertida para refrescar a onda de calor intensa que afeta principalmente o Centro-Oeste do pa\u00eds. Inaugurado em novembro de 2022, o parque est\u00e1 localizado em uma \u00e1rea\u2026","rel":"","context":"In &quot;Variedades&quot;","block_context":{"text":"Variedades","link":"https:\/\/ismaelcolosi.com.br\/index.php\/category\/variedades\/"},"img":{"alt_text":"","src":"https:\/\/i0.wp.com\/ismaelcolosi.com.br\/wp-content\/uploads\/2023\/12\/bali-park-fotos-2023-11-scaled.jpg?fit=1200%2C638&ssl=1&resize=350%2C200","width":350,"height":200,"srcset":"https:\/\/i0.wp.com\/ismaelcolosi.com.br\/wp-content\/uploads\/2023\/12\/bali-park-fotos-2023-11-scaled.jpg?fit=1200%2C638&ssl=1&resize=350%2C200 1x, https:\/\/i0.wp.com\/ismaelcolosi.com.br\/wp-content\/uploads\/2023\/12\/bali-park-fotos-2023-11-scaled.jpg?fit=1200%2C638&ssl=1&resize=525%2C300 1.5x, https:\/\/i0.wp.com\/ismaelcolosi.com.br\/wp-content\/uploads\/2023\/12\/bali-park-fotos-2023-11-scaled.jpg?fit=1200%2C638&ssl=1&resize=700%2C400 2x, https:\/\/i0.wp.com\/ismaelcolosi.com.br\/wp-content\/uploads\/2023\/12\/bali-park-fotos-2023-11-scaled.jpg?fit=1200%2C638&ssl=1&resize=1050%2C600 3x"},"classes":[]},{"id":18839,"url":"https:\/\/ismaelcolosi.com.br\/index.php\/2023\/12\/21\/cvc-tem-pacotes-pe-na-areia-com-40-de-desconto\/","url_meta":{"origin":63957,"position":2},"title":"CVC tem pacotes &#8216;p\u00e9 na areia&#8217; com 40% de desconto","author":"ismaelcolosi.com.br","date":"21 de December de 2023","format":false,"excerpt":"Para celebrar o ver\u00e3o, a CVC lan\u00e7ou uma promo\u00e7\u00e3o imperd\u00edvel de pacotes de viagem \u201cp\u00e9 na areia\u201d com descontos de 40%. S\u00e3o op\u00e7\u00f5es de pacotes e hospedagem em destinos nacionais e internacionais, cruzeiros e produtos exclusivos. Cr\u00e9ditos: Divulga\u00e7\u00e3oPorto de Galinhas (PE) \u00e9 um dos destinos contemplados na campanha da CVC\u2026","rel":"","context":"In &quot;Variedades&quot;","block_context":{"text":"Variedades","link":"https:\/\/ismaelcolosi.com.br\/index.php\/category\/variedades\/"},"img":{"alt_text":"","src":"https:\/\/i0.wp.com\/ismaelcolosi.com.br\/wp-content\/uploads\/2023\/12\/porto-de-galinhas-cvc.jpg?fit=1200%2C638&ssl=1&resize=350%2C200","width":350,"height":200,"srcset":"https:\/\/i0.wp.com\/ismaelcolosi.com.br\/wp-content\/uploads\/2023\/12\/porto-de-galinhas-cvc.jpg?fit=1200%2C638&ssl=1&resize=350%2C200 1x, https:\/\/i0.wp.com\/ismaelcolosi.com.br\/wp-content\/uploads\/2023\/12\/porto-de-galinhas-cvc.jpg?fit=1200%2C638&ssl=1&resize=525%2C300 1.5x, https:\/\/i0.wp.com\/ismaelcolosi.com.br\/wp-content\/uploads\/2023\/12\/porto-de-galinhas-cvc.jpg?fit=1200%2C638&ssl=1&resize=700%2C400 2x, https:\/\/i0.wp.com\/ismaelcolosi.com.br\/wp-content\/uploads\/2023\/12\/porto-de-galinhas-cvc.jpg?fit=1200%2C638&ssl=1&resize=1050%2C600 3x"},"classes":[]},{"id":21719,"url":"https:\/\/ismaelcolosi.com.br\/index.php\/2023\/12\/28\/pool-party-pe-na-areia-show-pirotecnico-dj-e-muito-mais-saiba-como-sera-a-festa-da-virada-no-vale-encantado\/","url_meta":{"origin":63957,"position":3},"title":"Pool Party P\u00e9 na Areia, Show Pirot\u00e9cnico, DJ e muito mais. Saiba como ser\u00e1 a festa da virada no Vale Encantado","author":"ismaelcolosi.com.br","date":"28 de December de 2023","format":false,"excerpt":"Sabe aquele R\u00e9veillon que todo mundo sonha? Reformule! Pois o Vale Encantado est\u00e1 preparando uma virada completamente melhor e fora do comum na Praia da Alegria. Para come\u00e7ar o ano com explos\u00f5es de alegria, o parque vai oferecer um show pirot\u00e9cnico de 20 min, pool party com DJ durante toda\u2026","rel":"","context":"In &quot;Variedades&quot;","block_context":{"text":"Variedades","link":"https:\/\/ismaelcolosi.com.br\/index.php\/category\/variedades\/"},"img":{"alt_text":"","src":"https:\/\/i0.wp.com\/ismaelcolosi.com.br\/wp-content\/uploads\/2023\/12\/2-valeencantado-fotos-parque-aquatico-2-170220145521589-95.jpg?fit=1200%2C638&ssl=1&resize=350%2C200","width":350,"height":200,"srcset":"https:\/\/i0.wp.com\/ismaelcolosi.com.br\/wp-content\/uploads\/2023\/12\/2-valeencantado-fotos-parque-aquatico-2-170220145521589-95.jpg?fit=1200%2C638&ssl=1&resize=350%2C200 1x, https:\/\/i0.wp.com\/ismaelcolosi.com.br\/wp-content\/uploads\/2023\/12\/2-valeencantado-fotos-parque-aquatico-2-170220145521589-95.jpg?fit=1200%2C638&ssl=1&resize=525%2C300 1.5x, https:\/\/i0.wp.com\/ismaelcolosi.com.br\/wp-content\/uploads\/2023\/12\/2-valeencantado-fotos-parque-aquatico-2-170220145521589-95.jpg?fit=1200%2C638&ssl=1&resize=700%2C400 2x, https:\/\/i0.wp.com\/ismaelcolosi.com.br\/wp-content\/uploads\/2023\/12\/2-valeencantado-fotos-parque-aquatico-2-170220145521589-95.jpg?fit=1200%2C638&ssl=1&resize=1050%2C600 3x"},"classes":[]},{"id":48097,"url":"https:\/\/ismaelcolosi.com.br\/index.php\/2024\/04\/30\/veja-piscinas-gratuitas-para-aproveitar-em-ribeirao-preto-durante-onda-de-calor\/","url_meta":{"origin":63957,"position":4},"title":"Veja piscinas gratuitas para aproveitar em Ribeir\u00e3o Preto durante onda de calor","author":"ismaelcolosi.com.br","date":"30 de April de 2024","format":false,"excerpt":"Uma onda de calor afeta Ribeir\u00e3o Preto desde o dia 22 de abril. De acordo com a meteorologia, um sistema de alta press\u00e3o est\u00e1 bloqueando o avan\u00e7o das chuvas, al\u00e9m de intensificar a circula\u00e7\u00e3o do ar na regi\u00e3o, o que impede a forma\u00e7\u00e3o de nuvens de chuva intensas e eleva\u2026","rel":"","context":"In &quot;Not\u00edcias de Ribeir\u00e3o Preto-SP e Regi\u00e3o&quot;","block_context":{"text":"Not\u00edcias de Ribeir\u00e3o Preto-SP e Regi\u00e3o","link":"https:\/\/ismaelcolosi.com.br\/index.php\/category\/noticias-de-ribeirao-preto-sp-e-regiao-ismael-colosi\/"},"img":{"alt_text":"","src":"https:\/\/i0.wp.com\/ismaelcolosi.com.br\/wp-content\/uploads\/2024\/04\/piscina_da_1200x675_19042022181010.jpg?fit=1200%2C675&ssl=1&resize=350%2C200","width":350,"height":200,"srcset":"https:\/\/i0.wp.com\/ismaelcolosi.com.br\/wp-content\/uploads\/2024\/04\/piscina_da_1200x675_19042022181010.jpg?fit=1200%2C675&ssl=1&resize=350%2C200 1x, https:\/\/i0.wp.com\/ismaelcolosi.com.br\/wp-content\/uploads\/2024\/04\/piscina_da_1200x675_19042022181010.jpg?fit=1200%2C675&ssl=1&resize=525%2C300 1.5x, https:\/\/i0.wp.com\/ismaelcolosi.com.br\/wp-content\/uploads\/2024\/04\/piscina_da_1200x675_19042022181010.jpg?fit=1200%2C675&ssl=1&resize=700%2C400 2x, https:\/\/i0.wp.com\/ismaelcolosi.com.br\/wp-content\/uploads\/2024\/04\/piscina_da_1200x675_19042022181010.jpg?fit=1200%2C675&ssl=1&resize=1050%2C600 3x"},"classes":[]},{"id":18285,"url":"https:\/\/ismaelcolosi.com.br\/index.php\/2023\/12\/20\/litoral-norte-de-sp-tem-mais-de-200-praias-escolha-a-sua\/","url_meta":{"origin":63957,"position":5},"title":"Litoral norte de SP tem mais de 200 praias; escolha a sua","author":"ismaelcolosi.com.br","date":"20 de December de 2023","format":false,"excerpt":"Uma das costas mais bonitas do pa\u00eds, o litoral norte de S\u00e3o Paulo abriga quase 200 praias paradis\u00edacas envoltas \u00e0 muita natureza. A regi\u00e3o, que \u00e9 integrada pelo Circuito Litoral Norte e composta pelas cidades de Bertioga, Caraguatatuba, Ilhabela, S\u00e3o Sebasti\u00e3o e Ubatuba, conta com faixas de areia para todo\u2026","rel":"","context":"In &quot;Variedades&quot;","block_context":{"text":"Variedades","link":"https:\/\/ismaelcolosi.com.br\/index.php\/category\/variedades\/"},"img":{"alt_text":"","src":"https:\/\/i0.wp.com\/ismaelcolosi.com.br\/wp-content\/uploads\/2023\/12\/praia-do-bonete-mariana-sampaio-sectur-ilhabela.jpg?fit=1200%2C638&ssl=1&resize=350%2C200","width":350,"height":200,"srcset":"https:\/\/i0.wp.com\/ismaelcolosi.com.br\/wp-content\/uploads\/2023\/12\/praia-do-bonete-mariana-sampaio-sectur-ilhabela.jpg?fit=1200%2C638&ssl=1&resize=350%2C200 1x, https:\/\/i0.wp.com\/ismaelcolosi.com.br\/wp-content\/uploads\/2023\/12\/praia-do-bonete-mariana-sampaio-sectur-ilhabela.jpg?fit=1200%2C638&ssl=1&resize=525%2C300 1.5x, https:\/\/i0.wp.com\/ismaelcolosi.com.br\/wp-content\/uploads\/2023\/12\/praia-do-bonete-mariana-sampaio-sectur-ilhabela.jpg?fit=1200%2C638&ssl=1&resize=700%2C400 2x, https:\/\/i0.wp.com\/ismaelcolosi.com.br\/wp-content\/uploads\/2023\/12\/praia-do-bonete-mariana-sampaio-sectur-ilhabela.jpg?fit=1200%2C638&ssl=1&resize=1050%2C600 3x"},"classes":[]}],"jetpack_sharing_enabled":true,"jetpack_shortlink":"https:\/\/wp.me\/pfMlyK-gDz","_links":{"self":[{"href":"https:\/\/ismaelcolosi.com.br\/index.php\/wp-json\/wp\/v2\/posts\/63957","targetHints":{"allow":["GET"]}}],"collection":[{"href":"https:\/\/ismaelcolosi.com.br\/index.php\/wp-json\/wp\/v2\/posts"}],"about":[{"href":"https:\/\/ismaelcolosi.com.br\/index.php\/wp-json\/wp\/v2\/types\/post"}],"author":[{"embeddable":true,"href":"https:\/\/ismaelcolosi.com.br\/index.php\/wp-json\/wp\/v2\/users\/1"}],"replies":[{"embeddable":true,"href":"https:\/\/ismaelcolosi.com.br\/index.php\/wp-json\/wp\/v2\/comments?post=63957"}],"version-history":[{"count":0,"href":"https:\/\/ismaelcolosi.com.br\/index.php\/wp-json\/wp\/v2\/posts\/63957\/revisions"}],"wp:featuredmedia":[{"embeddable":true,"href":"https:\/\/ismaelcolosi.com.br\/index.php\/wp-json\/wp\/v2\/media\/63958"}],"wp:attachment":[{"href":"https:\/\/ismaelcolosi.com.br\/index.php\/wp-json\/wp\/v2\/media?parent=63957"}],"wp:term":[{"taxonomy":"category","embeddable":true,"href":"https:\/\/ismaelcolosi.com.br\/index.php\/wp-json\/wp\/v2\/categories?post=63957"},{"taxonomy":"post_tag","embeddable":true,"href":"https:\/\/ismaelcolosi.com.br\/index.php\/wp-json\/wp\/v2\/tags?post=63957"}],"curies":[{"name":"wp","href":"https:\/\/api.w.org\/{rel}","templated":true}]}}