{"id":63946,"date":"2024-09-04T17:34:42","date_gmt":"2024-09-04T20:34:42","guid":{"rendered":"https:\/\/ismaelcolosi.com.br\/index.php\/2024\/09\/04\/afonso-padilha-se-apresenta-no-theatro-pedro-ii-veja-como-comprar-ingressos\/"},"modified":"2024-09-04T17:34:42","modified_gmt":"2024-09-04T20:34:42","slug":"afonso-padilha-se-apresenta-no-theatro-pedro-ii-veja-como-comprar-ingressos","status":"publish","type":"post","link":"https:\/\/ismaelcolosi.com.br\/index.php\/2024\/09\/04\/afonso-padilha-se-apresenta-no-theatro-pedro-ii-veja-como-comprar-ingressos\/","title":{"rendered":"Afonso Padilha se apresenta no Theatro Pedro II; Veja como comprar ingressos"},"content":{"rendered":"<p> <br \/>\n<\/p>\n<div data-td-block-uid=\"tdi_106\">\n<div class=\"tdb-block-inner td-fix-index\">\n<p>O humorista curitibano <strong>Afonso Padilha<\/strong> ir\u00e1 apresentar o <em>stand-up<\/em> \u201c<strong>Ningu\u00e9m se Importa<\/strong>\u201d, no <strong>s\u00e1bado (14)<\/strong>, no <strong>Theatro Pedro II<\/strong>, \u00e0s <strong>21h<\/strong>, no<strong> Centro <\/strong>de <strong>Ribeir\u00e3o Preto<\/strong>.<\/p>\n<p>Ao logo de sua carreira, <strong>Padilha<\/strong> j\u00e1 integrou a equipe do<em> <strong>stand-up comedy<\/strong><\/em>, do grupo <strong>Santa Com\u00e9dia<\/strong> (primeiro grupo de<em> stand-up <\/em>do Sul do Brasil), e participou dos maiores festivais de com\u00e9dia do Pa\u00eds: <strong>Risol\u00f3gico, Risorama, Risadaria <\/strong>e<strong> Virada Cultural Paulista<\/strong>.<\/p>\n<p>Al\u00e9m de participa\u00e7\u00f5es em programas de televis\u00e3o, o humorista tamb\u00e9m j\u00e1 foi roteirista do <strong>Porta dos Fundos<\/strong> e <strong>Comedy Central<\/strong>. Tamb\u00e9m \u00e9 autor de <strong>tr\u00eas pe\u00e7as de teatro<\/strong> e <strong>tr\u00eas livros<\/strong>.<\/p>\n<h4 class=\"wp-block-heading\"><strong>Ingressos<\/strong><\/h4>\n<p>Os ingressos podem ser adquiridos <strong>on-line<\/strong>, na plataforma <strong>Sympla<\/strong> (<a href=\"https:\/\/ingressodigital.com\/ingresso\" target=\"_blank\" rel=\"noreferrer noopener\">clique aqui<\/a>). Os pre\u00e7os variam conforme o setor escolhido. <strong>Veja:<\/strong><\/p>\n<ul>\n<li><strong>Frisa:<\/strong> R$ 70 (meia-entrada) | R$ 90 (solid\u00e1rio) | R$ 140 (inteira)<\/li>\n<li><strong>Balc\u00e3o Nobre:<\/strong> R$ 60 (meia-entrada) | R$ 80 (solid\u00e1rio) | R$ 120 (inteira)<\/li>\n<li><strong>Balc\u00e3o Simples:<\/strong> R$ 50 (meia-entrada) | R$ 70 (solid\u00e1rio) | R$ 100 (inteira)<\/li>\n<\/ul>\n<p>Pelo site, \u00e9 poss\u00edvel visualizar o <strong>mapa de assentos <\/strong>do <strong>Theatro<\/strong>. A <strong>classifica\u00e7\u00e3o indicativa<\/strong> do evento \u00e9 de <strong>16 anos<\/strong>. A <strong>entrada<\/strong> ap\u00f3s o in\u00edcio do espet\u00e1culo <mark style=\"background-color:#fcb900\" class=\"has-inline-color has-black-color\">n\u00e3o \u00e9 permitida<\/mark>, os port\u00f5es devem abrir <strong>1 hora antes do evento<\/strong>.<\/p>\n<h4 class=\"wp-block-heading\"><strong>Servi\u00e7o<\/strong><\/h4>\n<p><strong>Afonso Padilha \u2013 Ningu\u00e9m se Importa<\/strong><\/p>\n<p><strong>Quando: <\/strong>14 de setembro, s\u00e1bado <br \/><strong>Hor\u00e1rio:<\/strong> 21h <br \/><strong>Local:<\/strong> Theatro Pedro II <br \/><strong>Ingressos:<\/strong> A partir de R$ 50 \u2013 no site (<a href=\"https:\/\/ingressodigital.com\/ingresso\" target=\"_blank\" rel=\"noreferrer noopener\">clique aqui<\/a>)<\/p>\n<p><!-- CONTENT END 1 -->\n<\/div>\n<\/div>\n<p><br \/>\n<br \/><a href=\"https:\/\/www.acidadeon.com\/ribeiraopreto\/lazer-e-cultura\/afonso-padilha-se-apresenta-no-theatro-pedro-ii-veja-como-comprar-ingressos\/\">Source link <\/a><\/p>\n","protected":false},"excerpt":{"rendered":"<p>O humorista curitibano Afonso Padilha ir\u00e1 apresentar o stand-up \u201cNingu\u00e9m se Importa\u201d, no s\u00e1bado (14), no Theatro Pedro II, \u00e0s 21h, no Centro de Ribeir\u00e3o&#8230;<\/p>\n","protected":false},"author":1,"featured_media":63947,"comment_status":"open","ping_status":"open","sticky":false,"template":"","format":"standard","meta":{"_uag_custom_page_level_css":"","advanced_seo_description":"","jetpack_seo_html_title":"","jetpack_seo_noindex":false,"jetpack_post_was_ever_published":false,"_jetpack_newsletter_access":"","_jetpack_dont_email_post_to_subs":false,"_jetpack_newsletter_tier_id":0,"_jetpack_memberships_contains_paywalled_content":false,"_jetpack_memberships_contains_paid_content":false,"footnotes":"","jetpack_publicize_message":"","jetpack_publicize_feature_enabled":true,"jetpack_social_post_already_shared":true,"jetpack_social_options":{"image_generator_settings":{"template":"highway","default_image_id":0,"font":"","enabled":false},"version":2}},"categories":[11],"tags":[],"class_list":["post-63946","post","type-post","status-publish","format-standard","has-post-thumbnail","hentry","category-noticias-de-ribeirao-preto-sp-e-regiao-ismael-colosi"],"jetpack_publicize_connections":[],"jetpack_featured_media_url":"https:\/\/i0.wp.com\/ismaelcolosi.com.br\/wp-content\/uploads\/2024\/09\/Afonso-Padilha-apresenta-novo-show-em-Braganca-Paulista-no-dia-21-de-julho_2024-09-04_16-08-07.webp.webp?fit=1200%2C750&ssl=1","uagb_featured_image_src":{"full":["https:\/\/i0.wp.com\/ismaelcolosi.com.br\/wp-content\/uploads\/2024\/09\/Afonso-Padilha-apresenta-novo-show-em-Braganca-Paulista-no-dia-21-de-julho_2024-09-04_16-08-07.webp.webp?fit=1200%2C750&ssl=1",1200,750,false],"thumbnail":["https:\/\/i0.wp.com\/ismaelcolosi.com.br\/wp-content\/uploads\/2024\/09\/Afonso-Padilha-apresenta-novo-show-em-Braganca-Paulista-no-dia-21-de-julho_2024-09-04_16-08-07.webp.webp?resize=150%2C150&ssl=1",150,150,true],"medium":["https:\/\/i0.wp.com\/ismaelcolosi.com.br\/wp-content\/uploads\/2024\/09\/Afonso-Padilha-apresenta-novo-show-em-Braganca-Paulista-no-dia-21-de-julho_2024-09-04_16-08-07.webp.webp?fit=300%2C188&ssl=1",300,188,true],"medium_large":["https:\/\/i0.wp.com\/ismaelcolosi.com.br\/wp-content\/uploads\/2024\/09\/Afonso-Padilha-apresenta-novo-show-em-Braganca-Paulista-no-dia-21-de-julho_2024-09-04_16-08-07.webp.webp?fit=768%2C480&ssl=1",768,480,true],"large":["https:\/\/i0.wp.com\/ismaelcolosi.com.br\/wp-content\/uploads\/2024\/09\/Afonso-Padilha-apresenta-novo-show-em-Braganca-Paulista-no-dia-21-de-julho_2024-09-04_16-08-07.webp.webp?fit=1024%2C640&ssl=1",1024,640,true],"1536x1536":["https:\/\/i0.wp.com\/ismaelcolosi.com.br\/wp-content\/uploads\/2024\/09\/Afonso-Padilha-apresenta-novo-show-em-Braganca-Paulista-no-dia-21-de-julho_2024-09-04_16-08-07.webp.webp?fit=1200%2C750&ssl=1",1200,750,true],"2048x2048":["https:\/\/i0.wp.com\/ismaelcolosi.com.br\/wp-content\/uploads\/2024\/09\/Afonso-Padilha-apresenta-novo-show-em-Braganca-Paulista-no-dia-21-de-julho_2024-09-04_16-08-07.webp.webp?fit=1200%2C750&ssl=1",1200,750,true],"really-simple-thumb":["https:\/\/i0.wp.com\/ismaelcolosi.com.br\/wp-content\/uploads\/2024\/09\/Afonso-Padilha-apresenta-novo-show-em-Braganca-Paulista-no-dia-21-de-julho_2024-09-04_16-08-07.webp.webp?resize=370%2C247&ssl=1",370,247,true]},"uagb_author_info":{"display_name":"ismaelcolosi.com.br","author_link":"https:\/\/ismaelcolosi.com.br\/index.php\/author\/vidareal-online\/"},"uagb_comment_info":0,"uagb_excerpt":"O humorista curitibano Afonso Padilha ir\u00e1 apresentar o stand-up \u201cNingu\u00e9m se Importa\u201d, no s\u00e1bado (14), no Theatro Pedro II, \u00e0s 21h, no Centro de Ribeir\u00e3o...","jetpack-related-posts":[{"id":46042,"url":"https:\/\/ismaelcolosi.com.br\/index.php\/2024\/04\/09\/veja-12-shows-de-comedia-confirmados-no-theatro-pedro-ii-em-ribeirao-preto\/","url_meta":{"origin":63946,"position":0},"title":"Veja 12 shows de com\u00e9dia confirmados no Theatro Pedro II em Ribeir\u00e3o Preto","author":"ismaelcolosi.com.br","date":"9 de April de 2024","format":false,"excerpt":"O Theatro Pedro II, em Ribeir\u00e3o Preto, conta com 12 shows de com\u00e9dia confirmados at\u00e9 o m\u00eas de setembro. Entre os nomes que v\u00e3o passar pelo palco, est\u00e3o Afonso Padilha, Thiago Ventura, Bruna Louise, Os Melhores do Mundo e Os Barbixas de Humor. Confira as atra\u00e7\u00f5es: Abril \u00a0 Tiago Santineli\u2026","rel":"","context":"In &quot;Not\u00edcias de Ribeir\u00e3o Preto-SP e Regi\u00e3o&quot;","block_context":{"text":"Not\u00edcias de Ribeir\u00e3o Preto-SP e Regi\u00e3o","link":"https:\/\/ismaelcolosi.com.br\/index.php\/category\/noticias-de-ribeirao-preto-sp-e-regiao-ismael-colosi\/"},"img":{"alt_text":"","src":"https:\/\/i0.wp.com\/ismaelcolosi.com.br\/wp-content\/uploads\/2024\/04\/26862-banner-uhuu-thiago-ventura.png?fit=1180%2C420&ssl=1&resize=350%2C200","width":350,"height":200,"srcset":"https:\/\/i0.wp.com\/ismaelcolosi.com.br\/wp-content\/uploads\/2024\/04\/26862-banner-uhuu-thiago-ventura.png?fit=1180%2C420&ssl=1&resize=350%2C200 1x, https:\/\/i0.wp.com\/ismaelcolosi.com.br\/wp-content\/uploads\/2024\/04\/26862-banner-uhuu-thiago-ventura.png?fit=1180%2C420&ssl=1&resize=525%2C300 1.5x, https:\/\/i0.wp.com\/ismaelcolosi.com.br\/wp-content\/uploads\/2024\/04\/26862-banner-uhuu-thiago-ventura.png?fit=1180%2C420&ssl=1&resize=700%2C400 2x, https:\/\/i0.wp.com\/ismaelcolosi.com.br\/wp-content\/uploads\/2024\/04\/26862-banner-uhuu-thiago-ventura.png?fit=1180%2C420&ssl=1&resize=1050%2C600 3x"},"classes":[]},{"id":3664,"url":"https:\/\/ismaelcolosi.com.br\/index.php\/2023\/11\/19\/mauricio-meirelles-faz-show-de-stand-up-comedy-em-ribeirao-ainda-ha-ingressos-disponiveis\/","url_meta":{"origin":63946,"position":1},"title":"Maur\u00edcio Meirelles faz show de stand-up comedy em Ribeir\u00e3o; Ainda h\u00e1 ingressos dispon\u00edveis","author":"ismaelcolosi.com.br","date":"19 de November de 2023","format":false,"excerpt":"O humorista e apresentador Maur\u00edcio Meirelles desembarca em Ribeir\u00e3o Preto, nesta quarta-feira (23), \u00e0s 21h, no Theatro Pedro II, com seu stand-up comedy \u201cWebbullying Gera\u00e7\u00e3o Z\u201d. Ainda h\u00e1 ingressos dispon\u00edveis para o espet\u00e1culo e eles podem ser adquiridos de forma on-line (clique aqui) ou atrav\u00e9s da bilheteria do Theatro (clique\u2026","rel":"","context":"In &quot;Not\u00edcias de Ribeir\u00e3o Preto-SP e Regi\u00e3o&quot;","block_context":{"text":"Not\u00edcias de Ribeir\u00e3o Preto-SP e Regi\u00e3o","link":"https:\/\/ismaelcolosi.com.br\/index.php\/category\/noticias-de-ribeirao-preto-sp-e-regiao-ismael-colosi\/"},"img":{"alt_text":"","src":"https:\/\/i0.wp.com\/ismaelcolosi.com.br\/wp-content\/uploads\/2023\/11\/theatro-pedro-ii-guilherme-sircili-2-1-1-1024x489.png?fit=1024%2C489&ssl=1&resize=350%2C200","width":350,"height":200,"srcset":"https:\/\/i0.wp.com\/ismaelcolosi.com.br\/wp-content\/uploads\/2023\/11\/theatro-pedro-ii-guilherme-sircili-2-1-1-1024x489.png?fit=1024%2C489&ssl=1&resize=350%2C200 1x, https:\/\/i0.wp.com\/ismaelcolosi.com.br\/wp-content\/uploads\/2023\/11\/theatro-pedro-ii-guilherme-sircili-2-1-1-1024x489.png?fit=1024%2C489&ssl=1&resize=525%2C300 1.5x, https:\/\/i0.wp.com\/ismaelcolosi.com.br\/wp-content\/uploads\/2023\/11\/theatro-pedro-ii-guilherme-sircili-2-1-1-1024x489.png?fit=1024%2C489&ssl=1&resize=700%2C400 2x"},"classes":[]},{"id":75154,"url":"https:\/\/ismaelcolosi.com.br\/index.php\/2024\/11\/04\/uma-decada-de-4-amigos-no-teatro-pedro-ii\/","url_meta":{"origin":63946,"position":2},"title":"Uma d\u00e9cada de \u20184 amigos\u2019\u00a0no Teatro Pedro II","author":"ismaelcolosi.com.br","date":"4 de November de 2024","format":false,"excerpt":"Voc\u00ea j\u00e1 imaginou como seria a possibilidade de unir trabalho, viagens pelo mundo e ainda fazer sucesso ao lado dos seus melhores amigos? Dihh Lopes, Thiago Ventura, Afonso Padilha e M\u00e1rcio Donato, conhecidos como os \u201c4 Amigos\u201d, vivem este sonho, n\u00e3o apenas compartilhando uma amizade s\u00f3lida, mas tamb\u00e9m a paix\u00e3o\u2026","rel":"","context":"In &quot;Not\u00edcias de Ribeir\u00e3o Preto-SP e Regi\u00e3o&quot;","block_context":{"text":"Not\u00edcias de Ribeir\u00e3o Preto-SP e Regi\u00e3o","link":"https:\/\/ismaelcolosi.com.br\/index.php\/category\/noticias-de-ribeirao-preto-sp-e-regiao-ismael-colosi\/"},"img":{"alt_text":"","src":"https:\/\/i0.wp.com\/ismaelcolosi.com.br\/wp-content\/uploads\/2024\/11\/Amigos04-Ami-Divulgacao-1-scaled.jpg?fit=749%2C500&ssl=1&resize=350%2C200","width":350,"height":200,"srcset":"https:\/\/i0.wp.com\/ismaelcolosi.com.br\/wp-content\/uploads\/2024\/11\/Amigos04-Ami-Divulgacao-1-scaled.jpg?fit=749%2C500&ssl=1&resize=350%2C200 1x, https:\/\/i0.wp.com\/ismaelcolosi.com.br\/wp-content\/uploads\/2024\/11\/Amigos04-Ami-Divulgacao-1-scaled.jpg?fit=749%2C500&ssl=1&resize=525%2C300 1.5x, https:\/\/i0.wp.com\/ismaelcolosi.com.br\/wp-content\/uploads\/2024\/11\/Amigos04-Ami-Divulgacao-1-scaled.jpg?fit=749%2C500&ssl=1&resize=700%2C400 2x"},"classes":[]},{"id":65720,"url":"https:\/\/ismaelcolosi.com.br\/index.php\/2024\/09\/13\/rp-folia-festival-de-cerveja-e-shows-de-comedia-veja-a-programacao-do-fim-de-semana-em-ribeirao\/","url_meta":{"origin":63946,"position":3},"title":"RP Folia, festival de cerveja e shows de com\u00e9dia: Veja a programa\u00e7\u00e3o do fim de semana em Ribeir\u00e3o","author":"ismaelcolosi.com.br","date":"13 de September de 2024","format":false,"excerpt":"Para quem n\u00e3o gosta de ficar parado no fim de semana, Ribeir\u00e3o Preto conta com uma programa\u00e7\u00e3o agitada. Entre os destaques est\u00e3o A micareta fora de \u00e9poca com RP Folia, show de F\u00e1bio Jr, a primeira edi\u00e7\u00e3o do festival de rock Tribos Rock Fest, festival de cerveja e shows de\u2026","rel":"","context":"In &quot;Not\u00edcias de Ribeir\u00e3o Preto-SP e Regi\u00e3o&quot;","block_context":{"text":"Not\u00edcias de Ribeir\u00e3o Preto-SP e Regi\u00e3o","link":"https:\/\/ismaelcolosi.com.br\/index.php\/category\/noticias-de-ribeirao-preto-sp-e-regiao-ismael-colosi\/"},"img":{"alt_text":"","src":"https:\/\/i0.wp.com\/ismaelcolosi.com.br\/wp-content\/uploads\/2024\/09\/bell-marques_2024-09-13_15-25-54_jpg_2024-09-13_15-25-54.webp.webp?fit=1200%2C874&ssl=1&resize=350%2C200","width":350,"height":200,"srcset":"https:\/\/i0.wp.com\/ismaelcolosi.com.br\/wp-content\/uploads\/2024\/09\/bell-marques_2024-09-13_15-25-54_jpg_2024-09-13_15-25-54.webp.webp?fit=1200%2C874&ssl=1&resize=350%2C200 1x, https:\/\/i0.wp.com\/ismaelcolosi.com.br\/wp-content\/uploads\/2024\/09\/bell-marques_2024-09-13_15-25-54_jpg_2024-09-13_15-25-54.webp.webp?fit=1200%2C874&ssl=1&resize=525%2C300 1.5x, https:\/\/i0.wp.com\/ismaelcolosi.com.br\/wp-content\/uploads\/2024\/09\/bell-marques_2024-09-13_15-25-54_jpg_2024-09-13_15-25-54.webp.webp?fit=1200%2C874&ssl=1&resize=700%2C400 2x, https:\/\/i0.wp.com\/ismaelcolosi.com.br\/wp-content\/uploads\/2024\/09\/bell-marques_2024-09-13_15-25-54_jpg_2024-09-13_15-25-54.webp.webp?fit=1200%2C874&ssl=1&resize=1050%2C600 3x"},"classes":[]},{"id":57568,"url":"https:\/\/ismaelcolosi.com.br\/index.php\/2024\/07\/22\/humorista-rodrigo-santanna-se-apresenta-no-theatro-pedro-ii-em-ribeirao-preto\/","url_meta":{"origin":63946,"position":4},"title":"Humorista Rodrigo Sant\u2019anna se apresenta no Theatro Pedro II em Ribeir\u00e3o Preto","author":"ismaelcolosi.com.br","date":"22 de July de 2024","format":false,"excerpt":"O humorista Rodrigo Sant\u2019anna apresenta o show \u201cAtazanado\u201d em Ribeir\u00e3o Preto, nesta sexta-feira (26). O stand up ser\u00e1 \u00e0s 20h, no Theatro Pedro II, na \u00e1rea Central da cidade. Os ingressos para a apresenta\u00e7\u00e3o est\u00e3o \u00e0 venda pelo site Ingresso Digital (clique aqui) ou na bilheteria do teatro. Os valores\u2026","rel":"","context":"In &quot;Not\u00edcias de Ribeir\u00e3o Preto-SP e Regi\u00e3o&quot;","block_context":{"text":"Not\u00edcias de Ribeir\u00e3o Preto-SP e Regi\u00e3o","link":"https:\/\/ismaelcolosi.com.br\/index.php\/category\/noticias-de-ribeirao-preto-sp-e-regiao-ismael-colosi\/"},"img":{"alt_text":"","src":"https:\/\/i0.wp.com\/ismaelcolosi.com.br\/wp-content\/uploads\/2024\/07\/Copia-de-Copia-de-TAMANHO-EXATO-PARA-FOTOS-NO-SISTEMA-NOVO-9_2024-07-22_23-27-02_jpg_2024-07-22_23-27-02.webp.webp?fit=1200%2C675&ssl=1&resize=350%2C200","width":350,"height":200,"srcset":"https:\/\/i0.wp.com\/ismaelcolosi.com.br\/wp-content\/uploads\/2024\/07\/Copia-de-Copia-de-TAMANHO-EXATO-PARA-FOTOS-NO-SISTEMA-NOVO-9_2024-07-22_23-27-02_jpg_2024-07-22_23-27-02.webp.webp?fit=1200%2C675&ssl=1&resize=350%2C200 1x, https:\/\/i0.wp.com\/ismaelcolosi.com.br\/wp-content\/uploads\/2024\/07\/Copia-de-Copia-de-TAMANHO-EXATO-PARA-FOTOS-NO-SISTEMA-NOVO-9_2024-07-22_23-27-02_jpg_2024-07-22_23-27-02.webp.webp?fit=1200%2C675&ssl=1&resize=525%2C300 1.5x, https:\/\/i0.wp.com\/ismaelcolosi.com.br\/wp-content\/uploads\/2024\/07\/Copia-de-Copia-de-TAMANHO-EXATO-PARA-FOTOS-NO-SISTEMA-NOVO-9_2024-07-22_23-27-02_jpg_2024-07-22_23-27-02.webp.webp?fit=1200%2C675&ssl=1&resize=700%2C400 2x, https:\/\/i0.wp.com\/ismaelcolosi.com.br\/wp-content\/uploads\/2024\/07\/Copia-de-Copia-de-TAMANHO-EXATO-PARA-FOTOS-NO-SISTEMA-NOVO-9_2024-07-22_23-27-02_jpg_2024-07-22_23-27-02.webp.webp?fit=1200%2C675&ssl=1&resize=1050%2C600 3x"},"classes":[]},{"id":40773,"url":"https:\/\/ismaelcolosi.com.br\/index.php\/2024\/03\/05\/danilo-gentilli-se-apresenta-no-theatro-pedro-ii\/","url_meta":{"origin":63946,"position":5},"title":"Danilo Gentilli se apresenta no Theatro Pedro II","author":"ismaelcolosi.com.br","date":"5 de March de 2024","format":false,"excerpt":"5 de mar\u00e7o de 2024 | 15:305 de mar\u00e7o de 2024 | 14:57 0O humorista Danilo Gentilli se apresenta no Teatro Pedro II, em Ribeir\u00e3o Preto, no s\u00e1bado, dia 9, \u00e0s 20h. Os pre\u00e7os dos ingressos variam de R$ 50,00 a R$ 160,00 e podem ser adquiridos na bilheteria do\u2026","rel":"","context":"In &quot;Not\u00edcias de Ribeir\u00e3o Preto-SP e Regi\u00e3o&quot;","block_context":{"text":"Not\u00edcias de Ribeir\u00e3o Preto-SP e Regi\u00e3o","link":"https:\/\/ismaelcolosi.com.br\/index.php\/category\/noticias-de-ribeirao-preto-sp-e-regiao-ismael-colosi\/"},"img":{"alt_text":"","src":"https:\/\/i0.wp.com\/ismaelcolosi.com.br\/wp-content\/uploads\/2024\/03\/danilo-gentilli-01-scaled.jpg?fit=1000%2C563&ssl=1&resize=350%2C200","width":350,"height":200,"srcset":"https:\/\/i0.wp.com\/ismaelcolosi.com.br\/wp-content\/uploads\/2024\/03\/danilo-gentilli-01-scaled.jpg?fit=1000%2C563&ssl=1&resize=350%2C200 1x, https:\/\/i0.wp.com\/ismaelcolosi.com.br\/wp-content\/uploads\/2024\/03\/danilo-gentilli-01-scaled.jpg?fit=1000%2C563&ssl=1&resize=525%2C300 1.5x, https:\/\/i0.wp.com\/ismaelcolosi.com.br\/wp-content\/uploads\/2024\/03\/danilo-gentilli-01-scaled.jpg?fit=1000%2C563&ssl=1&resize=700%2C400 2x"},"classes":[]}],"jetpack_sharing_enabled":true,"jetpack_shortlink":"https:\/\/wp.me\/pfMlyK-gDo","_links":{"self":[{"href":"https:\/\/ismaelcolosi.com.br\/index.php\/wp-json\/wp\/v2\/posts\/63946","targetHints":{"allow":["GET"]}}],"collection":[{"href":"https:\/\/ismaelcolosi.com.br\/index.php\/wp-json\/wp\/v2\/posts"}],"about":[{"href":"https:\/\/ismaelcolosi.com.br\/index.php\/wp-json\/wp\/v2\/types\/post"}],"author":[{"embeddable":true,"href":"https:\/\/ismaelcolosi.com.br\/index.php\/wp-json\/wp\/v2\/users\/1"}],"replies":[{"embeddable":true,"href":"https:\/\/ismaelcolosi.com.br\/index.php\/wp-json\/wp\/v2\/comments?post=63946"}],"version-history":[{"count":0,"href":"https:\/\/ismaelcolosi.com.br\/index.php\/wp-json\/wp\/v2\/posts\/63946\/revisions"}],"wp:featuredmedia":[{"embeddable":true,"href":"https:\/\/ismaelcolosi.com.br\/index.php\/wp-json\/wp\/v2\/media\/63947"}],"wp:attachment":[{"href":"https:\/\/ismaelcolosi.com.br\/index.php\/wp-json\/wp\/v2\/media?parent=63946"}],"wp:term":[{"taxonomy":"category","embeddable":true,"href":"https:\/\/ismaelcolosi.com.br\/index.php\/wp-json\/wp\/v2\/categories?post=63946"},{"taxonomy":"post_tag","embeddable":true,"href":"https:\/\/ismaelcolosi.com.br\/index.php\/wp-json\/wp\/v2\/tags?post=63946"}],"curies":[{"name":"wp","href":"https:\/\/api.w.org\/{rel}","templated":true}]}}