{"id":63941,"date":"2024-09-04T17:17:49","date_gmt":"2024-09-04T20:17:49","guid":{"rendered":"https:\/\/ismaelcolosi.com.br\/index.php\/2024\/09\/04\/natiruts-em-ribeirao-preto-veja-como-comprar-ingressos\/"},"modified":"2024-09-04T17:17:49","modified_gmt":"2024-09-04T20:17:49","slug":"natiruts-em-ribeirao-preto-veja-como-comprar-ingressos","status":"publish","type":"post","link":"https:\/\/ismaelcolosi.com.br\/index.php\/2024\/09\/04\/natiruts-em-ribeirao-preto-veja-como-comprar-ingressos\/","title":{"rendered":"Natiruts em Ribeir\u00e3o Preto: Veja como comprar ingressos"},"content":{"rendered":"<p> <br \/>\n<\/p>\n<div>\n<p>A banda de reggae <strong>Natiruts <\/strong>desembarca em <strong>Ribeir\u00e3o Preto<\/strong> no dia 12 de outubro com a turn\u00ea \u2018<strong>Leve Com Voc\u00ea<\/strong>\u2019, que marca o <strong>encerramento do grupo<\/strong> ap\u00f3s 28 anos de trajet\u00f3ria.<\/p>\n<p>A apresenta\u00e7\u00e3o acontece no<strong> est\u00e1dio do Palma Travassos<\/strong>, no bairro Jardim Paulista, zona Leste do munic\u00edpio. <\/p>\n<p>Respons\u00e1vel por grandes hits como \u201c<strong>Quero ser feliz tamb\u00e9m<\/strong>\u201d, \u201c<strong>Sorri, sou rei<\/strong>\u201d, \u201c<strong>Me Namora<\/strong>\u201d, \u201c<strong>Liberdade pra dentro da cabe\u00e7a<\/strong>\u201d, entre outros, a banda anunciou o encerramento em fevereiro deste ano.<\/p>\n<figure class=\"wp-block-pullquote\">\n<blockquote>\n<p>N\u00f3s estamos encerrando um ciclo maravilhoso e queremos todos voc\u00eas com a gente nesse momento t\u00e3o bonito e t\u00e3o importante para a gente. N\u00f3s acreditamos que a nossa miss\u00e3o at\u00e9 aqui foi cumprida<\/p>\n<\/blockquote>\n<\/figure>\n<p>Al\u00e9m de <strong>Ribeir\u00e3o Preto<\/strong>, a turn\u00ea de despedida tamb\u00e9m vai passar por Salvador-BA, Curitiba-PR, Belo Horizonte-MG, Bel\u00e9m-PA, Aracaju-SE, Porto Alegre-RS e Teresina-PI.<\/p>\n<h3 class=\"wp-block-heading\"><strong>Como comprar ingressos?<\/strong><\/h3>\n<p>Os ingressos para a apresenta\u00e7\u00e3o <strong>est\u00e3o dispon\u00edveis<\/strong> no site da <strong>Ticketmaster <\/strong>e podem ser adquiridos de <strong>forma on-line (<a href=\"https:\/\/www.eventim.com.br\/event\/natiruts-estadio-do-comercial-18332785\/?esid=3020411&amp;promo_id=136317\" target=\"_blank\" rel=\"noreferrer noopener\">clique aqui<\/a>)<\/strong> \u2013 veja os valores abaixo.<\/p>\n<ul>\n<li><strong>Pista <\/strong>\u2013 R$ 85,00 (meia estudante) | R$ 102 (ingresso social) | R$ 170 (inteira)<\/li>\n<\/ul>\n<ul>\n<li><strong>Pista Premium <\/strong>\u2013 R$ 170 (meia) | R$ 204 (ingresso social) | R$ 340 (inteira)<\/li>\n<\/ul>\n<h3 class=\"wp-block-heading\"><strong>Servi\u00e7o<\/strong><\/h3>\n<p><em>Turn\u00ea Leve com Voc\u00ea \u2013 Natiruts em Ribeir\u00e3o Preto<\/em><\/p>\n<p>Quando: 12 de outubro<\/p>\n<p>Hor\u00e1rio: 21h<\/p>\n<p>Abertura dos port\u00f5es: 19h<\/p>\n<p>Local: Est\u00e1dio do Palma Travassos (Comercial)<\/p>\n<p>Endere\u00e7o: avenida Dr. Pl\u00ednio de Castro Prado, 1000 \u2013 Jardim Paulista<\/p>\n<p>Ingressos: a partir de R$ 85 \u2013 <a href=\"https:\/\/www.eventim.com.br\/event\/natiruts-estadio-do-comercial-18332785\/?esid=3020411&amp;promo_id=136317\" target=\"_blank\" rel=\"noreferrer noopener\">clique aqui para adquirir<\/a><\/p>\n<hr class=\"wp-block-separator has-alpha-channel-opacity\"\/>\n<p>SAIBA MAIS<\/p>\n<p>Shows e mostra cinematogr\u00e1fica: veja a programa\u00e7\u00e3o gratuita do Sesi Ribeir\u00e3o<\/p>\n<h4 class=\"wp-block-heading\"><strong>FIQUE ON<\/strong><\/h4>\n<p>Fique ligado em tudo que acontece em Ribeir\u00e3o Preto e regi\u00e3o. Siga os perfis do<strong>\u00a0acidade on<\/strong>\u00a0no\u00a0<a href=\"https:\/\/www.instagram.com\/acidadeonribeirao\" target=\"_blank\" rel=\"noreferrer noopener\">Instagram\u00a0<\/a>e no\u00a0<a href=\"https:\/\/www.facebook.com\/acidadeonribeirao\/\" target=\"_blank\" rel=\"noreferrer noopener\">Facebook<\/a>.<\/p>\n<p>Receba not\u00edcias do<strong>\u00a0acidade on\u00a0<\/strong>no WhatsApp.\u00a0<a href=\"https:\/\/chat.whatsapp.com\/Dtv9mxhy6V5BJBotM2OQ5k\" target=\"_blank\" rel=\"noreferrer noopener\">Para entrar no grupo, basta clicar aqui.<\/a><\/p>\n<p>Fa\u00e7a uma den\u00fancia ou sugira uma reportagem sobre Ribeir\u00e3o Preto e regi\u00e3o pelo WhatsApp: 16 99117 7802.<\/p>\n<p>VEJA TAMB\u00c9M<\/p>\n<p>F\u00e1tima Bernardes voltou para globo?<\/p>\n<p><!-- CONTENT END 1 -->\n<\/div>\n<p><script async src=\"\/\/www.instagram.com\/embed.js\"><\/script><br \/>\n<br \/><br \/>\n<br \/><a href=\"https:\/\/www.acidadeon.com\/ribeiraopreto\/lazer-e-cultura\/natiruts-em-ribeirao-preto-veja-como-comprar-ingressos\/\">Source link <\/a><\/p>\n","protected":false},"excerpt":{"rendered":"<p>A banda de reggae Natiruts desembarca em Ribeir\u00e3o Preto no dia 12 de outubro com a turn\u00ea \u2018Leve Com Voc\u00ea\u2019, que marca o encerramento do&#8230;<\/p>\n","protected":false},"author":1,"featured_media":63942,"comment_status":"open","ping_status":"open","sticky":false,"template":"","format":"standard","meta":{"_uag_custom_page_level_css":"","advanced_seo_description":"","jetpack_seo_html_title":"","jetpack_seo_noindex":false,"jetpack_post_was_ever_published":false,"_jetpack_newsletter_access":"","_jetpack_dont_email_post_to_subs":false,"_jetpack_newsletter_tier_id":0,"_jetpack_memberships_contains_paywalled_content":false,"_jetpack_memberships_contains_paid_content":false,"footnotes":"","jetpack_publicize_message":"","jetpack_publicize_feature_enabled":true,"jetpack_social_post_already_shared":true,"jetpack_social_options":{"image_generator_settings":{"template":"highway","default_image_id":0,"font":"","enabled":false},"version":2}},"categories":[11],"tags":[],"class_list":["post-63941","post","type-post","status-publish","format-standard","has-post-thumbnail","hentry","category-noticias-de-ribeirao-preto-sp-e-regiao-ismael-colosi"],"jetpack_publicize_connections":[],"jetpack_featured_media_url":"https:\/\/i0.wp.com\/ismaelcolosi.com.br\/wp-content\/uploads\/2024\/09\/Copia-de-Copia-de-Copia-de-TAMANHO-EXATO-PARA-FOTOS-NO-SISTEMA-NOVO-29_2024-09-04_18-15-47_png_2024-09-04_18-15-47.webp.webp?fit=1200%2C675&ssl=1","uagb_featured_image_src":{"full":["https:\/\/i0.wp.com\/ismaelcolosi.com.br\/wp-content\/uploads\/2024\/09\/Copia-de-Copia-de-Copia-de-TAMANHO-EXATO-PARA-FOTOS-NO-SISTEMA-NOVO-29_2024-09-04_18-15-47_png_2024-09-04_18-15-47.webp.webp?fit=1200%2C675&ssl=1",1200,675,false],"thumbnail":["https:\/\/i0.wp.com\/ismaelcolosi.com.br\/wp-content\/uploads\/2024\/09\/Copia-de-Copia-de-Copia-de-TAMANHO-EXATO-PARA-FOTOS-NO-SISTEMA-NOVO-29_2024-09-04_18-15-47_png_2024-09-04_18-15-47.webp.webp?resize=150%2C150&ssl=1",150,150,true],"medium":["https:\/\/i0.wp.com\/ismaelcolosi.com.br\/wp-content\/uploads\/2024\/09\/Copia-de-Copia-de-Copia-de-TAMANHO-EXATO-PARA-FOTOS-NO-SISTEMA-NOVO-29_2024-09-04_18-15-47_png_2024-09-04_18-15-47.webp.webp?fit=300%2C169&ssl=1",300,169,true],"medium_large":["https:\/\/i0.wp.com\/ismaelcolosi.com.br\/wp-content\/uploads\/2024\/09\/Copia-de-Copia-de-Copia-de-TAMANHO-EXATO-PARA-FOTOS-NO-SISTEMA-NOVO-29_2024-09-04_18-15-47_png_2024-09-04_18-15-47.webp.webp?fit=768%2C432&ssl=1",768,432,true],"large":["https:\/\/i0.wp.com\/ismaelcolosi.com.br\/wp-content\/uploads\/2024\/09\/Copia-de-Copia-de-Copia-de-TAMANHO-EXATO-PARA-FOTOS-NO-SISTEMA-NOVO-29_2024-09-04_18-15-47_png_2024-09-04_18-15-47.webp.webp?fit=1024%2C576&ssl=1",1024,576,true],"1536x1536":["https:\/\/i0.wp.com\/ismaelcolosi.com.br\/wp-content\/uploads\/2024\/09\/Copia-de-Copia-de-Copia-de-TAMANHO-EXATO-PARA-FOTOS-NO-SISTEMA-NOVO-29_2024-09-04_18-15-47_png_2024-09-04_18-15-47.webp.webp?fit=1200%2C675&ssl=1",1200,675,true],"2048x2048":["https:\/\/i0.wp.com\/ismaelcolosi.com.br\/wp-content\/uploads\/2024\/09\/Copia-de-Copia-de-Copia-de-TAMANHO-EXATO-PARA-FOTOS-NO-SISTEMA-NOVO-29_2024-09-04_18-15-47_png_2024-09-04_18-15-47.webp.webp?fit=1200%2C675&ssl=1",1200,675,true],"really-simple-thumb":["https:\/\/i0.wp.com\/ismaelcolosi.com.br\/wp-content\/uploads\/2024\/09\/Copia-de-Copia-de-Copia-de-TAMANHO-EXATO-PARA-FOTOS-NO-SISTEMA-NOVO-29_2024-09-04_18-15-47_png_2024-09-04_18-15-47.webp.webp?resize=370%2C247&ssl=1",370,247,true]},"uagb_author_info":{"display_name":"ismaelcolosi.com.br","author_link":"https:\/\/ismaelcolosi.com.br\/index.php\/author\/vidareal-online\/"},"uagb_comment_info":0,"uagb_excerpt":"A banda de reggae Natiruts desembarca em Ribeir\u00e3o Preto no dia 12 de outubro com a turn\u00ea \u2018Leve Com Voc\u00ea\u2019, que marca o encerramento do...","jetpack-related-posts":[{"id":56046,"url":"https:\/\/ismaelcolosi.com.br\/index.php\/2024\/07\/08\/turne-de-despedida-da-banda-natiruts-ainda-tem-ingressos-disponiveis-em-ribeirao-preto\/","url_meta":{"origin":63941,"position":0},"title":"Turn\u00ea de despedida da banda Natiruts ainda tem ingressos dispon\u00edveis em Ribeir\u00e3o Preto","author":"ismaelcolosi.com.br","date":"8 de July de 2024","format":false,"excerpt":"Os ingressos para a turn\u00ea \u2018Leve Com Voc\u00ea\u2019, que marca o encerramento da banda de reggae Natiruts, ap\u00f3s 28 anos de trajet\u00f3ria, acontece no dia 12 de outubro em Ribeir\u00e3o Preto. A apresenta\u00e7\u00e3o ser\u00e1 realizada no est\u00e1dio Palma Travassos, na zona Leste da cidade. Os ingressos ainda est\u00e3o dispon\u00edveis e\u2026","rel":"","context":"In &quot;Not\u00edcias de Ribeir\u00e3o Preto-SP e Regi\u00e3o&quot;","block_context":{"text":"Not\u00edcias de Ribeir\u00e3o Preto-SP e Regi\u00e3o","link":"https:\/\/ismaelcolosi.com.br\/index.php\/category\/noticias-de-ribeirao-preto-sp-e-regiao-ismael-colosi\/"},"img":{"alt_text":"","src":"https:\/\/i0.wp.com\/ismaelcolosi.com.br\/wp-content\/uploads\/2024\/07\/Capturar-25.jpg?fit=915%2C621&ssl=1&resize=350%2C200","width":350,"height":200,"srcset":"https:\/\/i0.wp.com\/ismaelcolosi.com.br\/wp-content\/uploads\/2024\/07\/Capturar-25.jpg?fit=915%2C621&ssl=1&resize=350%2C200 1x, https:\/\/i0.wp.com\/ismaelcolosi.com.br\/wp-content\/uploads\/2024\/07\/Capturar-25.jpg?fit=915%2C621&ssl=1&resize=525%2C300 1.5x, https:\/\/i0.wp.com\/ismaelcolosi.com.br\/wp-content\/uploads\/2024\/07\/Capturar-25.jpg?fit=915%2C621&ssl=1&resize=700%2C400 2x"},"classes":[]},{"id":39604,"url":"https:\/\/ismaelcolosi.com.br\/index.php\/2024\/02\/27\/banda-natiruts-anuncia-show-em-ribeirao-com-turne-de-despedida\/","url_meta":{"origin":63941,"position":1},"title":"Banda Natiruts anuncia show em Ribeir\u00e3o com turn\u00ea de despedida","author":"ismaelcolosi.com.br","date":"27 de February de 2024","format":false,"excerpt":"Nesta segunda-feira (26), a banda de reggae Natiruts anunciou o fim do grupo e tour de despedida, a \u201cLeve Com Voc\u00ea\u201d, com shows confirmados em 18 cidades, entre as quais Ribeir\u00e3o Preto. Em um v\u00eddeo nas redes sociais, a banda disse acreditar que j\u00e1 cumpriu sua miss\u00e3o. Formada em 1996,\u2026","rel":"","context":"In &quot;Not\u00edcias de Ribeir\u00e3o Preto-SP e Regi\u00e3o&quot;","block_context":{"text":"Not\u00edcias de Ribeir\u00e3o Preto-SP e Regi\u00e3o","link":"https:\/\/ismaelcolosi.com.br\/index.php\/category\/noticias-de-ribeirao-preto-sp-e-regiao-ismael-colosi\/"},"img":{"alt_text":"","src":"https:\/\/i0.wp.com\/ismaelcolosi.com.br\/wp-content\/uploads\/2024\/02\/Capturar-25.jpg?fit=915%2C621&ssl=1&resize=350%2C200","width":350,"height":200,"srcset":"https:\/\/i0.wp.com\/ismaelcolosi.com.br\/wp-content\/uploads\/2024\/02\/Capturar-25.jpg?fit=915%2C621&ssl=1&resize=350%2C200 1x, https:\/\/i0.wp.com\/ismaelcolosi.com.br\/wp-content\/uploads\/2024\/02\/Capturar-25.jpg?fit=915%2C621&ssl=1&resize=525%2C300 1.5x, https:\/\/i0.wp.com\/ismaelcolosi.com.br\/wp-content\/uploads\/2024\/02\/Capturar-25.jpg?fit=915%2C621&ssl=1&resize=700%2C400 2x"},"classes":[]},{"id":68532,"url":"https:\/\/ismaelcolosi.com.br\/index.php\/2024\/09\/30\/tudo-sobre-o-show-do-natiruts-em-ribeirao-preto\/","url_meta":{"origin":63941,"position":2},"title":"Tudo sobre o show do Natiruts em Ribeir\u00e3o Preto","author":"ismaelcolosi.com.br","date":"30 de September de 2024","format":false,"excerpt":"A banda de reggae Natiruts se apresenta em Ribeir\u00e3o Preto no pr\u00f3ximo s\u00e1bado (12), no est\u00e1dio Palma Travassos, zona Leste do munic\u00edpio. Os ingressos ainda est\u00e3o dispon\u00edveis \u2013 veja abaixo. O show faz parte da turn\u00ea \u201cLeve Com Voc\u00ea\u201d que marca o encerramento do grupo, ap\u00f3s 28 anos de trajet\u00f3ria.\u2026","rel":"","context":"In &quot;Not\u00edcias de Ribeir\u00e3o Preto-SP e Regi\u00e3o&quot;","block_context":{"text":"Not\u00edcias de Ribeir\u00e3o Preto-SP e Regi\u00e3o","link":"https:\/\/ismaelcolosi.com.br\/index.php\/category\/noticias-de-ribeirao-preto-sp-e-regiao-ismael-colosi\/"},"img":{"alt_text":"","src":"https:\/\/i0.wp.com\/ismaelcolosi.com.br\/wp-content\/uploads\/2024\/09\/Copia-de-Copia-de-Copia-de-TAMANHO-EXATO-PARA-FOTOS-NO-SISTEMA-NOVO-29_2024-09-04_18-15-47_png_2024-09-04_18-15-47.webp.webp?fit=1200%2C675&ssl=1&resize=350%2C200","width":350,"height":200,"srcset":"https:\/\/i0.wp.com\/ismaelcolosi.com.br\/wp-content\/uploads\/2024\/09\/Copia-de-Copia-de-Copia-de-TAMANHO-EXATO-PARA-FOTOS-NO-SISTEMA-NOVO-29_2024-09-04_18-15-47_png_2024-09-04_18-15-47.webp.webp?fit=1200%2C675&ssl=1&resize=350%2C200 1x, https:\/\/i0.wp.com\/ismaelcolosi.com.br\/wp-content\/uploads\/2024\/09\/Copia-de-Copia-de-Copia-de-TAMANHO-EXATO-PARA-FOTOS-NO-SISTEMA-NOVO-29_2024-09-04_18-15-47_png_2024-09-04_18-15-47.webp.webp?fit=1200%2C675&ssl=1&resize=525%2C300 1.5x, https:\/\/i0.wp.com\/ismaelcolosi.com.br\/wp-content\/uploads\/2024\/09\/Copia-de-Copia-de-Copia-de-TAMANHO-EXATO-PARA-FOTOS-NO-SISTEMA-NOVO-29_2024-09-04_18-15-47_png_2024-09-04_18-15-47.webp.webp?fit=1200%2C675&ssl=1&resize=700%2C400 2x, https:\/\/i0.wp.com\/ismaelcolosi.com.br\/wp-content\/uploads\/2024\/09\/Copia-de-Copia-de-Copia-de-TAMANHO-EXATO-PARA-FOTOS-NO-SISTEMA-NOVO-29_2024-09-04_18-15-47_png_2024-09-04_18-15-47.webp.webp?fit=1200%2C675&ssl=1&resize=1050%2C600 3x"},"classes":[]},{"id":39679,"url":"https:\/\/ismaelcolosi.com.br\/index.php\/2024\/02\/27\/roberto-carlos-confirma-data-de-show-na-regiao-de-ribeirao-veja-como-comprar-ingressos\/","url_meta":{"origin":63941,"position":3},"title":"Roberto Carlos confirma data de show na regi\u00e3o de Ribeir\u00e3o; Veja como comprar ingressos","author":"ismaelcolosi.com.br","date":"27 de February de 2024","format":false,"excerpt":"O show do cantor Roberto Carlos em Franca, na regi\u00e3o de Ribeir\u00e3o Preto, ser\u00e1 realizado no gin\u00e1sio Pedroc\u00e3o, no dia 12 de abril, \u00e0s 21h. A venda de ingressos come\u00e7a na pr\u00f3xima quinta-feira (29), a partir das 12h. Os ingressos ser\u00e3o vendidos pela internet, no site da Eventim (clique aqui),\u2026","rel":"","context":"In &quot;Not\u00edcias de Ribeir\u00e3o Preto-SP e Regi\u00e3o&quot;","block_context":{"text":"Not\u00edcias de Ribeir\u00e3o Preto-SP e Regi\u00e3o","link":"https:\/\/ismaelcolosi.com.br\/index.php\/category\/noticias-de-ribeirao-preto-sp-e-regiao-ismael-colosi\/"},"img":{"alt_text":"","src":"https:\/\/i0.wp.com\/ismaelcolosi.com.br\/wp-content\/uploads\/2024\/02\/roberto-carlos-cantor.jpg?fit=1200%2C789&ssl=1&resize=350%2C200","width":350,"height":200,"srcset":"https:\/\/i0.wp.com\/ismaelcolosi.com.br\/wp-content\/uploads\/2024\/02\/roberto-carlos-cantor.jpg?fit=1200%2C789&ssl=1&resize=350%2C200 1x, https:\/\/i0.wp.com\/ismaelcolosi.com.br\/wp-content\/uploads\/2024\/02\/roberto-carlos-cantor.jpg?fit=1200%2C789&ssl=1&resize=525%2C300 1.5x, https:\/\/i0.wp.com\/ismaelcolosi.com.br\/wp-content\/uploads\/2024\/02\/roberto-carlos-cantor.jpg?fit=1200%2C789&ssl=1&resize=700%2C400 2x, https:\/\/i0.wp.com\/ismaelcolosi.com.br\/wp-content\/uploads\/2024\/02\/roberto-carlos-cantor.jpg?fit=1200%2C789&ssl=1&resize=1050%2C600 3x"},"classes":[]},{"id":70549,"url":"https:\/\/ismaelcolosi.com.br\/index.php\/2024\/10\/11\/fim-de-semana-em-ribeirao-preto-tem-shows-e-programacao-de-dia-das-criancas\/","url_meta":{"origin":63941,"position":4},"title":"Fim de semana em Ribeir\u00e3o Preto tem shows e programa\u00e7\u00e3o de Dia das Crian\u00e7as","author":"ismaelcolosi.com.br","date":"11 de October de 2024","format":false,"excerpt":"Este fim de semana \u00e9 marcado pelo feriado de Nossa Senhora Aparecida e o Dia das Crian\u00e7as. Entre as atra\u00e7\u00f5es da agenda cultural est\u00e3o o show da turn\u00ea de despedida da banda Natiruts e a Romaria de Nossa Senhora, que promete reunir diversos fi\u00e9is, al\u00e9m de diversas atividades para a\u2026","rel":"","context":"In &quot;Not\u00edcias de Ribeir\u00e3o Preto-SP e Regi\u00e3o&quot;","block_context":{"text":"Not\u00edcias de Ribeir\u00e3o Preto-SP e Regi\u00e3o","link":"https:\/\/ismaelcolosi.com.br\/index.php\/category\/noticias-de-ribeirao-preto-sp-e-regiao-ismael-colosi\/"},"img":{"alt_text":"","src":"https:\/\/i0.wp.com\/ismaelcolosi.com.br\/wp-content\/uploads\/2024\/10\/children-playing-grass_2024-10-11_13-54-35_jpg_2024-10-11_13-54-38-scaled.webp.webp?fit=1200%2C800&ssl=1&resize=350%2C200","width":350,"height":200,"srcset":"https:\/\/i0.wp.com\/ismaelcolosi.com.br\/wp-content\/uploads\/2024\/10\/children-playing-grass_2024-10-11_13-54-35_jpg_2024-10-11_13-54-38-scaled.webp.webp?fit=1200%2C800&ssl=1&resize=350%2C200 1x, https:\/\/i0.wp.com\/ismaelcolosi.com.br\/wp-content\/uploads\/2024\/10\/children-playing-grass_2024-10-11_13-54-35_jpg_2024-10-11_13-54-38-scaled.webp.webp?fit=1200%2C800&ssl=1&resize=525%2C300 1.5x, https:\/\/i0.wp.com\/ismaelcolosi.com.br\/wp-content\/uploads\/2024\/10\/children-playing-grass_2024-10-11_13-54-35_jpg_2024-10-11_13-54-38-scaled.webp.webp?fit=1200%2C800&ssl=1&resize=700%2C400 2x, https:\/\/i0.wp.com\/ismaelcolosi.com.br\/wp-content\/uploads\/2024\/10\/children-playing-grass_2024-10-11_13-54-35_jpg_2024-10-11_13-54-38-scaled.webp.webp?fit=1200%2C800&ssl=1&resize=1050%2C600 3x"},"classes":[]},{"id":51068,"url":"https:\/\/ismaelcolosi.com.br\/index.php\/2024\/05\/22\/sepultura-traz-para-ribeirao-preto-turne-de-despedida-ingressos-ja-estao-disponiveis\/","url_meta":{"origin":63941,"position":5},"title":"Sepultura traz para Ribeir\u00e3o Preto turn\u00ea de despedida; Ingressos j\u00e1 est\u00e3o dispon\u00edveis","author":"ismaelcolosi.com.br","date":"22 de May de 2024","format":false,"excerpt":"A banda Sepultura anunciou que vai trazer para Ribeir\u00e3o Preto, no dia 24 de agosto, sua turn\u00ea de despedida Celebrating Life Through Death. A apresenta\u00e7\u00e3o vai acontecer no Alcans Halls (antigo Centro de Eventos Quinta Linda), localizado na rodovia Anhanguera (SP-330). Os ingressos j\u00e1 est\u00e3o dispon\u00edveis \u2013 veja abaixo. Ap\u00f3s\u2026","rel":"","context":"In &quot;Not\u00edcias de Ribeir\u00e3o Preto-SP e Regi\u00e3o&quot;","block_context":{"text":"Not\u00edcias de Ribeir\u00e3o Preto-SP e Regi\u00e3o","link":"https:\/\/ismaelcolosi.com.br\/index.php\/category\/noticias-de-ribeirao-preto-sp-e-regiao-ismael-colosi\/"},"img":{"alt_text":"","src":"https:\/\/i0.wp.com\/ismaelcolosi.com.br\/wp-content\/uploads\/2024\/05\/Copia-de-Copia-de-TAMANHO-EXATO-PARA-FOTOS-NO-SISTEMA-NOVO-48_2024-05-22_20-00-41_png_2024-05-22_20-00-41.webp.webp?fit=1200%2C675&ssl=1&resize=350%2C200","width":350,"height":200,"srcset":"https:\/\/i0.wp.com\/ismaelcolosi.com.br\/wp-content\/uploads\/2024\/05\/Copia-de-Copia-de-TAMANHO-EXATO-PARA-FOTOS-NO-SISTEMA-NOVO-48_2024-05-22_20-00-41_png_2024-05-22_20-00-41.webp.webp?fit=1200%2C675&ssl=1&resize=350%2C200 1x, https:\/\/i0.wp.com\/ismaelcolosi.com.br\/wp-content\/uploads\/2024\/05\/Copia-de-Copia-de-TAMANHO-EXATO-PARA-FOTOS-NO-SISTEMA-NOVO-48_2024-05-22_20-00-41_png_2024-05-22_20-00-41.webp.webp?fit=1200%2C675&ssl=1&resize=525%2C300 1.5x, https:\/\/i0.wp.com\/ismaelcolosi.com.br\/wp-content\/uploads\/2024\/05\/Copia-de-Copia-de-TAMANHO-EXATO-PARA-FOTOS-NO-SISTEMA-NOVO-48_2024-05-22_20-00-41_png_2024-05-22_20-00-41.webp.webp?fit=1200%2C675&ssl=1&resize=700%2C400 2x, https:\/\/i0.wp.com\/ismaelcolosi.com.br\/wp-content\/uploads\/2024\/05\/Copia-de-Copia-de-TAMANHO-EXATO-PARA-FOTOS-NO-SISTEMA-NOVO-48_2024-05-22_20-00-41_png_2024-05-22_20-00-41.webp.webp?fit=1200%2C675&ssl=1&resize=1050%2C600 3x"},"classes":[]}],"jetpack_sharing_enabled":true,"jetpack_shortlink":"https:\/\/wp.me\/pfMlyK-gDj","_links":{"self":[{"href":"https:\/\/ismaelcolosi.com.br\/index.php\/wp-json\/wp\/v2\/posts\/63941","targetHints":{"allow":["GET"]}}],"collection":[{"href":"https:\/\/ismaelcolosi.com.br\/index.php\/wp-json\/wp\/v2\/posts"}],"about":[{"href":"https:\/\/ismaelcolosi.com.br\/index.php\/wp-json\/wp\/v2\/types\/post"}],"author":[{"embeddable":true,"href":"https:\/\/ismaelcolosi.com.br\/index.php\/wp-json\/wp\/v2\/users\/1"}],"replies":[{"embeddable":true,"href":"https:\/\/ismaelcolosi.com.br\/index.php\/wp-json\/wp\/v2\/comments?post=63941"}],"version-history":[{"count":0,"href":"https:\/\/ismaelcolosi.com.br\/index.php\/wp-json\/wp\/v2\/posts\/63941\/revisions"}],"wp:featuredmedia":[{"embeddable":true,"href":"https:\/\/ismaelcolosi.com.br\/index.php\/wp-json\/wp\/v2\/media\/63942"}],"wp:attachment":[{"href":"https:\/\/ismaelcolosi.com.br\/index.php\/wp-json\/wp\/v2\/media?parent=63941"}],"wp:term":[{"taxonomy":"category","embeddable":true,"href":"https:\/\/ismaelcolosi.com.br\/index.php\/wp-json\/wp\/v2\/categories?post=63941"},{"taxonomy":"post_tag","embeddable":true,"href":"https:\/\/ismaelcolosi.com.br\/index.php\/wp-json\/wp\/v2\/tags?post=63941"}],"curies":[{"name":"wp","href":"https:\/\/api.w.org\/{rel}","templated":true}]}}