{"id":63937,"date":"2024-09-04T16:56:32","date_gmt":"2024-09-04T19:56:32","guid":{"rendered":"https:\/\/ismaelcolosi.com.br\/index.php\/2024\/09\/04\/varejista-abre-200-vagas-de-emprego-na-regiao-de-ribeirao-preto-veja-como-participar\/"},"modified":"2024-09-04T16:56:32","modified_gmt":"2024-09-04T19:56:32","slug":"varejista-abre-200-vagas-de-emprego-na-regiao-de-ribeirao-preto-veja-como-participar","status":"publish","type":"post","link":"https:\/\/ismaelcolosi.com.br\/index.php\/2024\/09\/04\/varejista-abre-200-vagas-de-emprego-na-regiao-de-ribeirao-preto-veja-como-participar\/","title":{"rendered":"Varejista abre 200 vagas de emprego na regi\u00e3o de Ribeir\u00e3o Preto; Veja como participar"},"content":{"rendered":"<p> <br \/>\n<\/p>\n<div data-td-block-uid=\"tdi_106\">\n<div class=\"tdb-block-inner td-fix-index\">\n<p>O <strong>Magalu<\/strong> abriu 200 vagas de emprego em <strong>Franca<\/strong>, na regi\u00e3o de <strong>Ribeir\u00e3o Preto<\/strong>. As oportunidades s\u00e3o para o cargo de atendente de <em>call center <\/em>no<strong> SAC (Servi\u00e7o de Atendimento ao Cliente)<\/strong> da companhia, o Luiza Resolve.<\/p>\n<p>Para participar, \u00e9 preciso ter facilidade com inform\u00e1tica para busca em sites, manuseio em sistemas internos e digita\u00e7\u00e3o. Al\u00e9m disso,<mark style=\"background-color:#fcb900\" class=\"has-inline-color has-black-color\"> \u00e9 necess\u00e1rio ter no m\u00ednimo 18 anos, ensino m\u00e9dio completo e disponibilidade para trabalhar 6 horas por dia.<\/mark><\/p>\n<p>O processo seletivo ser\u00e1 em modelo presencial. Desta forma, al\u00e9m das provas e conversas com os recrutadores, os candidatos poder\u00e3o conhecer um pouco mais sobre como funciona a opera\u00e7\u00e3o.<\/p>\n<p>Os profissionais trabalhar\u00e3o no escrit\u00f3rio da empresa em Franca, localizado na rua Arnulfo de Lima, 2385, no bairro Vila Santa Cruz.<\/p>\n<p><a href=\"https:\/\/carreiras.magazineluiza.com.br\/vagas\/388928-atendente-de-call-center-resolve-franca-sp?preview=true\" target=\"_blank\" rel=\"noreferrer noopener nofollow\">Clique aqui e veja como se candidatar.<\/a><\/p>\n<p>SAIBA MAIS<br \/>Vestibular Unesp 2025; saiba como se inscrever<\/p>\n<h4 class=\"wp-block-heading\"><strong>FIQUE ON<\/strong><\/h4>\n<p>Fique ligado em tudo que acontece em Ribeir\u00e3o Preto e regi\u00e3o. Siga os perfis do <strong>acidade on<\/strong> no <a href=\"https:\/\/www.instagram.com\/acidadeonribeirao\" target=\"_blank\" rel=\"noreferrer noopener nofollow\">Instagram <\/a>e no <a href=\"https:\/\/www.facebook.com\/acidadeonribeirao\/\" target=\"_blank\" rel=\"noreferrer noopener\">Facebook<\/a>.<\/p>\n<p>Receba not\u00edcias do<strong> acidade on<\/strong> no WhatsApp. <a href=\"https:\/\/chat.whatsapp.com\/Dtv9mxhy6V5BJBotM2OQ5k\" target=\"_blank\" rel=\"noreferrer noopener nofollow\">Para entrar no grupo, basta clicar aqui.<\/a><\/p>\n<p>Fa\u00e7a uma den\u00fancia ou sugira uma reportagem sobre Ribeir\u00e3o Preto e regi\u00e3o pelo WhatsApp: 16 99117 7802.<\/p>\n<p>VEJA TAMB\u00c9M<br \/>Spotify lan\u00e7a Daylist: j\u00e1 testou a fun\u00e7\u00e3o que entende seu humor?<\/p>\n<p><!-- CONTENT END 1 -->\n<\/div>\n<\/div>\n<p><script async src=\"\/\/www.instagram.com\/embed.js\"><\/script><br \/>\n<br \/><br \/>\n<br \/><a href=\"https:\/\/www.acidadeon.com\/ribeiraopreto\/economia\/varejista-abre-200-vagas-de-emprego-na-regiao-de-ribeirao-preto-veja-como-participar\/\">Source link <\/a><\/p>\n","protected":false},"excerpt":{"rendered":"<p>O Magalu abriu 200 vagas de emprego em Franca, na regi\u00e3o de Ribeir\u00e3o Preto. As oportunidades s\u00e3o para o cargo de atendente de call center&#8230;<\/p>\n","protected":false},"author":1,"featured_media":43101,"comment_status":"open","ping_status":"open","sticky":false,"template":"","format":"standard","meta":{"_uag_custom_page_level_css":"","advanced_seo_description":"","jetpack_seo_html_title":"","jetpack_seo_noindex":false,"jetpack_post_was_ever_published":false,"_jetpack_newsletter_access":"","_jetpack_dont_email_post_to_subs":false,"_jetpack_newsletter_tier_id":0,"_jetpack_memberships_contains_paywalled_content":false,"_jetpack_memberships_contains_paid_content":false,"footnotes":"","jetpack_publicize_message":"","jetpack_publicize_feature_enabled":true,"jetpack_social_post_already_shared":true,"jetpack_social_options":{"image_generator_settings":{"template":"highway","default_image_id":0,"font":"","enabled":false},"version":2}},"categories":[11],"tags":[],"class_list":["post-63937","post","type-post","status-publish","format-standard","has-post-thumbnail","hentry","category-noticias-de-ribeirao-preto-sp-e-regiao-ismael-colosi"],"jetpack_publicize_connections":[],"jetpack_featured_media_url":"https:\/\/i0.wp.com\/ismaelcolosi.com.br\/wp-content\/uploads\/2024\/03\/AnyConv.com__vaga-emprego.webp.webp?fit=1500%2C1001&ssl=1","uagb_featured_image_src":{"full":["https:\/\/i0.wp.com\/ismaelcolosi.com.br\/wp-content\/uploads\/2024\/03\/AnyConv.com__vaga-emprego.webp.webp?fit=1500%2C1001&ssl=1",1500,1001,false],"thumbnail":["https:\/\/i0.wp.com\/ismaelcolosi.com.br\/wp-content\/uploads\/2024\/03\/AnyConv.com__vaga-emprego.webp.webp?resize=150%2C150&ssl=1",150,150,true],"medium":["https:\/\/i0.wp.com\/ismaelcolosi.com.br\/wp-content\/uploads\/2024\/03\/AnyConv.com__vaga-emprego.webp.webp?fit=300%2C200&ssl=1",300,200,true],"medium_large":["https:\/\/i0.wp.com\/ismaelcolosi.com.br\/wp-content\/uploads\/2024\/03\/AnyConv.com__vaga-emprego.webp.webp?fit=768%2C513&ssl=1",768,513,true],"large":["https:\/\/i0.wp.com\/ismaelcolosi.com.br\/wp-content\/uploads\/2024\/03\/AnyConv.com__vaga-emprego.webp.webp?fit=1024%2C683&ssl=1",1024,683,true],"1536x1536":["https:\/\/i0.wp.com\/ismaelcolosi.com.br\/wp-content\/uploads\/2024\/03\/AnyConv.com__vaga-emprego.webp.webp?fit=1500%2C1001&ssl=1",1500,1001,true],"2048x2048":["https:\/\/i0.wp.com\/ismaelcolosi.com.br\/wp-content\/uploads\/2024\/03\/AnyConv.com__vaga-emprego.webp.webp?fit=1500%2C1001&ssl=1",1500,1001,true],"really-simple-thumb":["https:\/\/i0.wp.com\/ismaelcolosi.com.br\/wp-content\/uploads\/2024\/03\/AnyConv.com__vaga-emprego.webp.webp?resize=370%2C247&ssl=1",370,247,true]},"uagb_author_info":{"display_name":"ismaelcolosi.com.br","author_link":"https:\/\/ismaelcolosi.com.br\/index.php\/author\/vidareal-online\/"},"uagb_comment_info":0,"uagb_excerpt":"O Magalu abriu 200 vagas de emprego em Franca, na regi\u00e3o de Ribeir\u00e3o Preto. As oportunidades s\u00e3o para o cargo de atendente de call center...","jetpack-related-posts":[{"id":31966,"url":"https:\/\/ismaelcolosi.com.br\/index.php\/2024\/01\/23\/empresa-realiza-selecao-com-200-vagas-de-emprego-em-ribeirao-veja-como-participar\/","url_meta":{"origin":63937,"position":0},"title":"Empresa realiza sele\u00e7\u00e3o com 200 vagas de emprego em Ribeir\u00e3o; Veja como participar","author":"ismaelcolosi.com.br","date":"23 de January de 2024","format":false,"excerpt":"A empresa Paschoalotto realizar\u00e1, nesta quarta-feira (24), uma sele\u00e7\u00e3o aberta com 200 vagas, para contrata\u00e7\u00e3o de Operadores de Telesservi\u00e7os, em Ribeir\u00e3o Preto. Para participar os interessados precisam ter mais de 18 anos e ensino m\u00e9dio completo. Eles devem comparecer na rua Ant\u00f4nio Fernandes Figuer\u00f4a, 1400, no Parque Industrial Lagoinha, zona\u2026","rel":"","context":"In &quot;Not\u00edcias de Ribeir\u00e3o Preto-SP e Regi\u00e3o&quot;","block_context":{"text":"Not\u00edcias de Ribeir\u00e3o Preto-SP e Regi\u00e3o","link":"https:\/\/ismaelcolosi.com.br\/index.php\/category\/noticias-de-ribeirao-preto-sp-e-regiao-ismael-colosi\/"},"img":{"alt_text":"","src":"https:\/\/i0.wp.com\/ismaelcolosi.com.br\/wp-content\/uploads\/2024\/01\/call-center.jpg?fit=1200%2C800&ssl=1&resize=350%2C200","width":350,"height":200,"srcset":"https:\/\/i0.wp.com\/ismaelcolosi.com.br\/wp-content\/uploads\/2024\/01\/call-center.jpg?fit=1200%2C800&ssl=1&resize=350%2C200 1x, https:\/\/i0.wp.com\/ismaelcolosi.com.br\/wp-content\/uploads\/2024\/01\/call-center.jpg?fit=1200%2C800&ssl=1&resize=525%2C300 1.5x, https:\/\/i0.wp.com\/ismaelcolosi.com.br\/wp-content\/uploads\/2024\/01\/call-center.jpg?fit=1200%2C800&ssl=1&resize=700%2C400 2x, https:\/\/i0.wp.com\/ismaelcolosi.com.br\/wp-content\/uploads\/2024\/01\/call-center.jpg?fit=1200%2C800&ssl=1&resize=1050%2C600 3x"},"classes":[]},{"id":43100,"url":"https:\/\/ismaelcolosi.com.br\/index.php\/2024\/03\/19\/empresa-abre-20-vagas-de-emprego-em-ribeirao-preto-veja-como-participar\/","url_meta":{"origin":63937,"position":1},"title":"Empresa abre 20 vagas de emprego em Ribeir\u00e3o Preto; Veja como participar","author":"ismaelcolosi.com.br","date":"19 de March de 2024","format":false,"excerpt":"A VVR Estacionamentos conta com 20 vagas de emprego em Ribeir\u00e3o Preto para as fun\u00e7\u00f5es de manobrista e operador de caixa. Os interessados devem enviar o curr\u00edculo pelo e-mail novasvagas@vvrestacionamentos.com.br. Para concorrer a uma das vagas de manobrista, \u00e9 preciso ter mais de 18 anos e CNH (Carteira Nacional de\u2026","rel":"","context":"In &quot;Not\u00edcias de Ribeir\u00e3o Preto-SP e Regi\u00e3o&quot;","block_context":{"text":"Not\u00edcias de Ribeir\u00e3o Preto-SP e Regi\u00e3o","link":"https:\/\/ismaelcolosi.com.br\/index.php\/category\/noticias-de-ribeirao-preto-sp-e-regiao-ismael-colosi\/"},"img":{"alt_text":"","src":"https:\/\/i0.wp.com\/ismaelcolosi.com.br\/wp-content\/uploads\/2024\/03\/AnyConv.com__vaga-emprego.webp.webp?fit=1200%2C801&ssl=1&resize=350%2C200","width":350,"height":200,"srcset":"https:\/\/i0.wp.com\/ismaelcolosi.com.br\/wp-content\/uploads\/2024\/03\/AnyConv.com__vaga-emprego.webp.webp?fit=1200%2C801&ssl=1&resize=350%2C200 1x, https:\/\/i0.wp.com\/ismaelcolosi.com.br\/wp-content\/uploads\/2024\/03\/AnyConv.com__vaga-emprego.webp.webp?fit=1200%2C801&ssl=1&resize=525%2C300 1.5x, https:\/\/i0.wp.com\/ismaelcolosi.com.br\/wp-content\/uploads\/2024\/03\/AnyConv.com__vaga-emprego.webp.webp?fit=1200%2C801&ssl=1&resize=700%2C400 2x, https:\/\/i0.wp.com\/ismaelcolosi.com.br\/wp-content\/uploads\/2024\/03\/AnyConv.com__vaga-emprego.webp.webp?fit=1200%2C801&ssl=1&resize=1050%2C600 3x"},"classes":[]},{"id":12253,"url":"https:\/\/ismaelcolosi.com.br\/index.php\/2023\/12\/07\/empresas-de-ribeirao-realizam-mutiroes-de-vagas-de-emprego-veja-como-participar\/","url_meta":{"origin":63937,"position":2},"title":"Empresas de Ribeir\u00e3o realizam mutir\u00f5es de vagas de emprego; Veja como participar","author":"ismaelcolosi.com.br","date":"7 de December de 2023","format":false,"excerpt":"Empresas de Ribeir\u00e3o Preto realizam mutir\u00e3o de vagas de emprego na pr\u00f3xima semana. S\u00e3o oportunidades para profissionais com n\u00edvel fundamental e n\u00edvel m\u00e9dio completo. Veja as oportunidades dispon\u00edveis: Telhanorte A Telhanorte conta com cinco vagas de emprego para os cargos de assessor de loja e oficial de manuten\u00e7\u00e3o eletricista. S\u00e3o\u2026","rel":"","context":"In &quot;Not\u00edcias de Ribeir\u00e3o Preto-SP e Regi\u00e3o&quot;","block_context":{"text":"Not\u00edcias de Ribeir\u00e3o Preto-SP e Regi\u00e3o","link":"https:\/\/ismaelcolosi.com.br\/index.php\/category\/noticias-de-ribeirao-preto-sp-e-regiao-ismael-colosi\/"},"img":{"alt_text":"","src":"https:\/\/i0.wp.com\/ismaelcolosi.com.br\/wp-content\/uploads\/2023\/12\/entrevista-de-emprego.jpg?fit=1200%2C800&ssl=1&resize=350%2C200","width":350,"height":200,"srcset":"https:\/\/i0.wp.com\/ismaelcolosi.com.br\/wp-content\/uploads\/2023\/12\/entrevista-de-emprego.jpg?fit=1200%2C800&ssl=1&resize=350%2C200 1x, https:\/\/i0.wp.com\/ismaelcolosi.com.br\/wp-content\/uploads\/2023\/12\/entrevista-de-emprego.jpg?fit=1200%2C800&ssl=1&resize=525%2C300 1.5x, https:\/\/i0.wp.com\/ismaelcolosi.com.br\/wp-content\/uploads\/2023\/12\/entrevista-de-emprego.jpg?fit=1200%2C800&ssl=1&resize=700%2C400 2x, https:\/\/i0.wp.com\/ismaelcolosi.com.br\/wp-content\/uploads\/2023\/12\/entrevista-de-emprego.jpg?fit=1200%2C800&ssl=1&resize=1050%2C600 3x"},"classes":[]},{"id":35135,"url":"https:\/\/ismaelcolosi.com.br\/index.php\/2024\/02\/05\/empresa-de-ribeirao-preto-tem-mutirao-de-emprego-com-60-vagas\/","url_meta":{"origin":63937,"position":3},"title":"Empresa de Ribeir\u00e3o Preto tem mutir\u00e3o de emprego com 60 vagas","author":"ismaelcolosi.com.br","date":"5 de February de 2024","format":false,"excerpt":"A empresa Resolv de Ribeir\u00e3o Preto tem mutir\u00e3o com 60 vagas de emprego dispon\u00edveis. As vagas s\u00e3o para as \u00e1reas de seguran\u00e7a e limpeza e os interessados podem levar o curr\u00edculo at\u00e9 a pr\u00f3xima sexta-feira (9), em dias alternados. Veja as vagas \u00c1rea de seguran\u00e7a Fiscal de patrim\u00f4nio Para concorrer,\u2026","rel":"","context":"In &quot;Not\u00edcias de Ribeir\u00e3o Preto-SP e Regi\u00e3o&quot;","block_context":{"text":"Not\u00edcias de Ribeir\u00e3o Preto-SP e Regi\u00e3o","link":"https:\/\/ismaelcolosi.com.br\/index.php\/category\/noticias-de-ribeirao-preto-sp-e-regiao-ismael-colosi\/"},"img":{"alt_text":"","src":"https:\/\/i0.wp.com\/ismaelcolosi.com.br\/wp-content\/uploads\/2024\/02\/entrevista-de-emprego.jpg?fit=1200%2C800&ssl=1&resize=350%2C200","width":350,"height":200,"srcset":"https:\/\/i0.wp.com\/ismaelcolosi.com.br\/wp-content\/uploads\/2024\/02\/entrevista-de-emprego.jpg?fit=1200%2C800&ssl=1&resize=350%2C200 1x, https:\/\/i0.wp.com\/ismaelcolosi.com.br\/wp-content\/uploads\/2024\/02\/entrevista-de-emprego.jpg?fit=1200%2C800&ssl=1&resize=525%2C300 1.5x, https:\/\/i0.wp.com\/ismaelcolosi.com.br\/wp-content\/uploads\/2024\/02\/entrevista-de-emprego.jpg?fit=1200%2C800&ssl=1&resize=700%2C400 2x, https:\/\/i0.wp.com\/ismaelcolosi.com.br\/wp-content\/uploads\/2024\/02\/entrevista-de-emprego.jpg?fit=1200%2C800&ssl=1&resize=1050%2C600 3x"},"classes":[]},{"id":37506,"url":"https:\/\/ismaelcolosi.com.br\/index.php\/2024\/02\/16\/santander-abre-vagas-de-emprego-em-ribeirao-preto-veja-como-participar\/","url_meta":{"origin":63937,"position":4},"title":"Santander abre vagas de emprego em Ribeir\u00e3o Preto; Veja como participar","author":"ismaelcolosi.com.br","date":"16 de February de 2024","format":false,"excerpt":"O Santander conta com vagas de emprego para assessores de investimentos em Ribeir\u00e3o Preto e Jaboticabal. As vagas s\u00e3o para fazer parte do projeto AAA, em regime CLT e com contrata\u00e7\u00e3o imediata. As inscri\u00e7\u00f5es para concorrer a vagas do Santander AAA devem ser realizadas por meio do site (clique aqui).\u2026","rel":"","context":"In &quot;Not\u00edcias de Ribeir\u00e3o Preto-SP e Regi\u00e3o&quot;","block_context":{"text":"Not\u00edcias de Ribeir\u00e3o Preto-SP e Regi\u00e3o","link":"https:\/\/ismaelcolosi.com.br\/index.php\/category\/noticias-de-ribeirao-preto-sp-e-regiao-ismael-colosi\/"},"img":{"alt_text":"","src":"https:\/\/i0.wp.com\/ismaelcolosi.com.br\/wp-content\/uploads\/2024\/02\/santander.jpg?fit=1200%2C800&ssl=1&resize=350%2C200","width":350,"height":200,"srcset":"https:\/\/i0.wp.com\/ismaelcolosi.com.br\/wp-content\/uploads\/2024\/02\/santander.jpg?fit=1200%2C800&ssl=1&resize=350%2C200 1x, https:\/\/i0.wp.com\/ismaelcolosi.com.br\/wp-content\/uploads\/2024\/02\/santander.jpg?fit=1200%2C800&ssl=1&resize=525%2C300 1.5x, https:\/\/i0.wp.com\/ismaelcolosi.com.br\/wp-content\/uploads\/2024\/02\/santander.jpg?fit=1200%2C800&ssl=1&resize=700%2C400 2x, https:\/\/i0.wp.com\/ismaelcolosi.com.br\/wp-content\/uploads\/2024\/02\/santander.jpg?fit=1200%2C800&ssl=1&resize=1050%2C600 3x"},"classes":[]},{"id":69700,"url":"https:\/\/ismaelcolosi.com.br\/index.php\/2024\/10\/07\/empresa-de-tecnologia-oferece-64-vagas-de-emprego-em-ribeirao-preto\/","url_meta":{"origin":63937,"position":5},"title":"Empresa de tecnologia oferece 64 vagas de emprego em Ribeir\u00e3o Preto","author":"ismaelcolosi.com.br","date":"7 de October de 2024","format":false,"excerpt":"Uma empresa de tecnologia oferece 64 vagas de emprego tempor\u00e1rias para Ribeir\u00e3o Preto. As vagas s\u00e3o para a equipe de produ\u00e7\u00e3o tempor\u00e1ria, onde \u00e9 feito impress\u00e3o de carn\u00eas de tributos, como IPTU e INSS. N\u00e3o \u00e9 necess\u00e1rio ter experi\u00eancia na \u00e1rea e a contrata\u00e7\u00e3o est\u00e1 prevista para novembro. Os sal\u00e1rios\u2026","rel":"","context":"In &quot;Not\u00edcias de Ribeir\u00e3o Preto-SP e Regi\u00e3o&quot;","block_context":{"text":"Not\u00edcias de Ribeir\u00e3o Preto-SP e Regi\u00e3o","link":"https:\/\/ismaelcolosi.com.br\/index.php\/category\/noticias-de-ribeirao-preto-sp-e-regiao-ismael-colosi\/"},"img":{"alt_text":"","src":"https:\/\/i0.wp.com\/ismaelcolosi.com.br\/wp-content\/uploads\/2024\/10\/shutterstock_1855311790-scaled-1_2024-10-07_15-09-14_jpg_2024-10-07_15-09-15.webp.webp?fit=1200%2C719&ssl=1&resize=350%2C200","width":350,"height":200,"srcset":"https:\/\/i0.wp.com\/ismaelcolosi.com.br\/wp-content\/uploads\/2024\/10\/shutterstock_1855311790-scaled-1_2024-10-07_15-09-14_jpg_2024-10-07_15-09-15.webp.webp?fit=1200%2C719&ssl=1&resize=350%2C200 1x, https:\/\/i0.wp.com\/ismaelcolosi.com.br\/wp-content\/uploads\/2024\/10\/shutterstock_1855311790-scaled-1_2024-10-07_15-09-14_jpg_2024-10-07_15-09-15.webp.webp?fit=1200%2C719&ssl=1&resize=525%2C300 1.5x, https:\/\/i0.wp.com\/ismaelcolosi.com.br\/wp-content\/uploads\/2024\/10\/shutterstock_1855311790-scaled-1_2024-10-07_15-09-14_jpg_2024-10-07_15-09-15.webp.webp?fit=1200%2C719&ssl=1&resize=700%2C400 2x, https:\/\/i0.wp.com\/ismaelcolosi.com.br\/wp-content\/uploads\/2024\/10\/shutterstock_1855311790-scaled-1_2024-10-07_15-09-14_jpg_2024-10-07_15-09-15.webp.webp?fit=1200%2C719&ssl=1&resize=1050%2C600 3x"},"classes":[]}],"jetpack_sharing_enabled":true,"jetpack_shortlink":"https:\/\/wp.me\/pfMlyK-gDf","_links":{"self":[{"href":"https:\/\/ismaelcolosi.com.br\/index.php\/wp-json\/wp\/v2\/posts\/63937","targetHints":{"allow":["GET"]}}],"collection":[{"href":"https:\/\/ismaelcolosi.com.br\/index.php\/wp-json\/wp\/v2\/posts"}],"about":[{"href":"https:\/\/ismaelcolosi.com.br\/index.php\/wp-json\/wp\/v2\/types\/post"}],"author":[{"embeddable":true,"href":"https:\/\/ismaelcolosi.com.br\/index.php\/wp-json\/wp\/v2\/users\/1"}],"replies":[{"embeddable":true,"href":"https:\/\/ismaelcolosi.com.br\/index.php\/wp-json\/wp\/v2\/comments?post=63937"}],"version-history":[{"count":0,"href":"https:\/\/ismaelcolosi.com.br\/index.php\/wp-json\/wp\/v2\/posts\/63937\/revisions"}],"wp:featuredmedia":[{"embeddable":true,"href":"https:\/\/ismaelcolosi.com.br\/index.php\/wp-json\/wp\/v2\/media\/43101"}],"wp:attachment":[{"href":"https:\/\/ismaelcolosi.com.br\/index.php\/wp-json\/wp\/v2\/media?parent=63937"}],"wp:term":[{"taxonomy":"category","embeddable":true,"href":"https:\/\/ismaelcolosi.com.br\/index.php\/wp-json\/wp\/v2\/categories?post=63937"},{"taxonomy":"post_tag","embeddable":true,"href":"https:\/\/ismaelcolosi.com.br\/index.php\/wp-json\/wp\/v2\/tags?post=63937"}],"curies":[{"name":"wp","href":"https:\/\/api.w.org\/{rel}","templated":true}]}}