{"id":63934,"date":"2024-09-04T16:37:45","date_gmt":"2024-09-04T19:37:45","guid":{"rendered":"https:\/\/ismaelcolosi.com.br\/index.php\/2024\/09\/04\/queimada-provoca-queda-de-energia-na-regiao-de-ribeirao\/"},"modified":"2024-09-04T16:37:45","modified_gmt":"2024-09-04T19:37:45","slug":"queimada-provoca-queda-de-energia-na-regiao-de-ribeirao","status":"publish","type":"post","link":"https:\/\/ismaelcolosi.com.br\/index.php\/2024\/09\/04\/queimada-provoca-queda-de-energia-na-regiao-de-ribeirao\/","title":{"rendered":"Queimada provoca queda de energia na regi\u00e3o de Ribeir\u00e3o"},"content":{"rendered":"<p> <br \/>\n<\/p>\n<div data-td-block-uid=\"tdi_106\">\n<div class=\"tdb-block-inner td-fix-index\">\n<p>A<strong> CPFL Paulista<\/strong> informou que uma<strong> queimada<\/strong> registrada na regi\u00e3o provocou <strong>interrup\u00e7\u00f5es moment\u00e2neas<\/strong> <strong>de energia<\/strong> para alguns moradores das cidades de <strong>Ribeir\u00e3o Preto<\/strong>, <strong>Brodowski <\/strong>e <strong>Jardin\u00f3polis<\/strong>, na tarde desta quarta-feira (4).<\/p>\n<p>De acordo com a concession\u00e1ria, foi registrado um <mark style=\"background-color:#fcb900\" class=\"has-inline-color\">ponto de grande queimada em uma \u00e1rea de vegeta\u00e7\u00e3o pr\u00f3xima a linhas de subtransmiss\u00e3o de <strong>Brodowski<\/strong>.<\/mark><\/p>\n<figure class=\"wp-block-pullquote\">\n<blockquote>\n<p>Equipes da distribuidora foram prontamente acionadas e o fornecimento j\u00e1 foi normalizado<\/p>\n<p><cite>diz nota da CPFL<\/cite><\/p><\/blockquote>\n<\/figure>\n<p>Conforme o comunicado, o fogo foi respons\u00e1vel por <strong>51 ocorr\u00eancias de interrup\u00e7\u00e3o no fornecimento de energia<\/strong> no primeiro semestre deste ano na <strong>regi\u00e3o de Ribeir\u00e3o Preto<\/strong>.<\/p>\n<p>Segundo a<strong> Secretaria de Seguran\u00e7a P\u00fabica (SSP)<\/strong>, 12 pessoas j\u00e1 foram detidas por envolvimentos nos inc\u00eandios criminosos que afetam o <strong>interior do estado de S\u00e3o Paulo<\/strong> desde o dia 22 de agosto.<\/p>\n<h3 class=\"wp-block-heading\"><strong>O que fazer?<\/strong><\/h3>\n<p>Mesmo com a <strong>normaliza\u00e7\u00e3o do fornecimento de energia<\/strong>, a <strong>CPFL <\/strong>explica que em caso de falta de energia ou de inc\u00eandio sob a rede el\u00e9trica, a popula\u00e7\u00e3o deve entrar em contato com os canais de atendimento da <strong>CPFL Paulista<\/strong>:<\/p>\n<ul>\n<li>Call-center (0800 010 10 10)<\/li>\n<\/ul>\n<ul>\n<li>WhatsApp: (19) 99908-8888<\/li>\n<\/ul>\n<hr class=\"wp-block-separator has-alpha-channel-opacity\"\/>\n<p>SAIBA MAIS<\/p>\n<p>Varejista abre 200 vagas de emprego na regi\u00e3o de Ribeir\u00e3o Preto; Veja como participar<\/p>\n<h4 class=\"wp-block-heading\"><strong>FIQUE ON<\/strong><\/h4>\n<p>Fique ligado em tudo que acontece em Ribeir\u00e3o Preto e regi\u00e3o. Siga os perfis do\u00a0<strong>acidade on<\/strong>\u00a0no\u00a0<a href=\"https:\/\/www.instagram.com\/acidadeonribeirao\" target=\"_blank\" rel=\"noreferrer noopener\">Instagram\u00a0<\/a>e no\u00a0<a href=\"https:\/\/www.facebook.com\/acidadeonribeirao\/\" target=\"_blank\" rel=\"noreferrer noopener\">Facebook<\/a>.<\/p>\n<p>Receba not\u00edcias do<strong>\u00a0acidade on<\/strong>\u00a0no WhatsApp.\u00a0<a href=\"https:\/\/chat.whatsapp.com\/Dtv9mxhy6V5BJBotM2OQ5k\" target=\"_blank\" rel=\"noreferrer noopener\">Para entrar no grupo, basta clicar aqui.<\/a><\/p>\n<p>Fa\u00e7a uma den\u00fancia ou sugira uma reportagem sobre Ribeir\u00e3o Preto e regi\u00e3o pelo WhatsApp: 16 99117 7802.<\/p>\n<p>VEJA TAMB\u00c9M<\/p>\n<p>Quem \u00e9 o dono da \u2018Vai de Bet\u2019?<\/p>\n<p><!-- CONTENT END 1 -->\n<\/div>\n<\/div>\n<p><script async src=\"\/\/www.instagram.com\/embed.js\"><\/script><br \/>\n<br \/><br \/>\n<br \/><a href=\"https:\/\/www.acidadeon.com\/ribeiraopreto\/cotidiano\/queimada-provoca-queda-de-energia-na-regiao-de-ribeirao\/\">Source link <\/a><\/p>\n","protected":false},"excerpt":{"rendered":"<p>A CPFL Paulista informou que uma queimada registrada na regi\u00e3o provocou interrup\u00e7\u00f5es moment\u00e2neas de energia para alguns moradores das cidades de Ribeir\u00e3o Preto, Brodowski e&#8230;<\/p>\n","protected":false},"author":1,"featured_media":61601,"comment_status":"open","ping_status":"open","sticky":false,"template":"","format":"standard","meta":{"_uag_custom_page_level_css":"","advanced_seo_description":"","jetpack_seo_html_title":"","jetpack_seo_noindex":false,"jetpack_post_was_ever_published":false,"_jetpack_newsletter_access":"","_jetpack_dont_email_post_to_subs":false,"_jetpack_newsletter_tier_id":0,"_jetpack_memberships_contains_paywalled_content":false,"_jetpack_memberships_contains_paid_content":false,"footnotes":"","jetpack_publicize_message":"","jetpack_publicize_feature_enabled":true,"jetpack_social_post_already_shared":true,"jetpack_social_options":{"image_generator_settings":{"template":"highway","default_image_id":0,"font":"","enabled":false},"version":2}},"categories":[11],"tags":[],"class_list":["post-63934","post","type-post","status-publish","format-standard","has-post-thumbnail","hentry","category-noticias-de-ribeirao-preto-sp-e-regiao-ismael-colosi"],"jetpack_publicize_connections":[],"jetpack_featured_media_url":"https:\/\/i0.wp.com\/ismaelcolosi.com.br\/wp-content\/uploads\/2024\/08\/queimada-pitangueiras-sertaozinho_2024-08-22_16-55-50_jpeg_2024-08-22_16-55-50.webp.webp?fit=1280%2C720&ssl=1","uagb_featured_image_src":{"full":["https:\/\/i0.wp.com\/ismaelcolosi.com.br\/wp-content\/uploads\/2024\/08\/queimada-pitangueiras-sertaozinho_2024-08-22_16-55-50_jpeg_2024-08-22_16-55-50.webp.webp?fit=1280%2C720&ssl=1",1280,720,false],"thumbnail":["https:\/\/i0.wp.com\/ismaelcolosi.com.br\/wp-content\/uploads\/2024\/08\/queimada-pitangueiras-sertaozinho_2024-08-22_16-55-50_jpeg_2024-08-22_16-55-50.webp.webp?resize=150%2C150&ssl=1",150,150,true],"medium":["https:\/\/i0.wp.com\/ismaelcolosi.com.br\/wp-content\/uploads\/2024\/08\/queimada-pitangueiras-sertaozinho_2024-08-22_16-55-50_jpeg_2024-08-22_16-55-50.webp.webp?fit=300%2C169&ssl=1",300,169,true],"medium_large":["https:\/\/i0.wp.com\/ismaelcolosi.com.br\/wp-content\/uploads\/2024\/08\/queimada-pitangueiras-sertaozinho_2024-08-22_16-55-50_jpeg_2024-08-22_16-55-50.webp.webp?fit=768%2C432&ssl=1",768,432,true],"large":["https:\/\/i0.wp.com\/ismaelcolosi.com.br\/wp-content\/uploads\/2024\/08\/queimada-pitangueiras-sertaozinho_2024-08-22_16-55-50_jpeg_2024-08-22_16-55-50.webp.webp?fit=1024%2C576&ssl=1",1024,576,true],"1536x1536":["https:\/\/i0.wp.com\/ismaelcolosi.com.br\/wp-content\/uploads\/2024\/08\/queimada-pitangueiras-sertaozinho_2024-08-22_16-55-50_jpeg_2024-08-22_16-55-50.webp.webp?fit=1280%2C720&ssl=1",1280,720,true],"2048x2048":["https:\/\/i0.wp.com\/ismaelcolosi.com.br\/wp-content\/uploads\/2024\/08\/queimada-pitangueiras-sertaozinho_2024-08-22_16-55-50_jpeg_2024-08-22_16-55-50.webp.webp?fit=1280%2C720&ssl=1",1280,720,true],"really-simple-thumb":["https:\/\/i0.wp.com\/ismaelcolosi.com.br\/wp-content\/uploads\/2024\/08\/queimada-pitangueiras-sertaozinho_2024-08-22_16-55-50_jpeg_2024-08-22_16-55-50.webp.webp?resize=370%2C247&ssl=1",370,247,true]},"uagb_author_info":{"display_name":"ismaelcolosi.com.br","author_link":"https:\/\/ismaelcolosi.com.br\/index.php\/author\/vidareal-online\/"},"uagb_comment_info":0,"uagb_excerpt":"A CPFL Paulista informou que uma queimada registrada na regi\u00e3o provocou interrup\u00e7\u00f5es moment\u00e2neas de energia para alguns moradores das cidades de Ribeir\u00e3o Preto, Brodowski e...","jetpack-related-posts":[{"id":61600,"url":"https:\/\/ismaelcolosi.com.br\/index.php\/2024\/08\/22\/queimadas-provocam-queda-de-energia-na-regiao-de-ribeirao-preto\/","url_meta":{"origin":63934,"position":0},"title":"Queimadas provocam queda de energia na regi\u00e3o de Ribeir\u00e3o Preto","author":"ismaelcolosi.com.br","date":"22 de August de 2024","format":false,"excerpt":"A CPFL Paulista informou que as queimadas registradas na tarde desta quinta-feira (22) afetaram as linhas de transmiss\u00e3o, o que ocasionou em oscila\u00e7\u00f5es no fornecimento de energia em Pitangueiras e Viradouro, na regi\u00e3o de Ribeir\u00e3o Preto. Segundo a concession\u00e1ria, foram registrados v\u00e1rios pontos de grandes queimadas em \u00e1reas de vegeta\u00e7\u00e3o\u2026","rel":"","context":"In &quot;Not\u00edcias de Ribeir\u00e3o Preto-SP e Regi\u00e3o&quot;","block_context":{"text":"Not\u00edcias de Ribeir\u00e3o Preto-SP e Regi\u00e3o","link":"https:\/\/ismaelcolosi.com.br\/index.php\/category\/noticias-de-ribeirao-preto-sp-e-regiao-ismael-colosi\/"},"img":{"alt_text":"","src":"https:\/\/i0.wp.com\/ismaelcolosi.com.br\/wp-content\/uploads\/2024\/08\/queimada-pitangueiras-sertaozinho_2024-08-22_16-55-50_jpeg_2024-08-22_16-55-50.webp.webp?fit=1200%2C675&ssl=1&resize=350%2C200","width":350,"height":200,"srcset":"https:\/\/i0.wp.com\/ismaelcolosi.com.br\/wp-content\/uploads\/2024\/08\/queimada-pitangueiras-sertaozinho_2024-08-22_16-55-50_jpeg_2024-08-22_16-55-50.webp.webp?fit=1200%2C675&ssl=1&resize=350%2C200 1x, https:\/\/i0.wp.com\/ismaelcolosi.com.br\/wp-content\/uploads\/2024\/08\/queimada-pitangueiras-sertaozinho_2024-08-22_16-55-50_jpeg_2024-08-22_16-55-50.webp.webp?fit=1200%2C675&ssl=1&resize=525%2C300 1.5x, https:\/\/i0.wp.com\/ismaelcolosi.com.br\/wp-content\/uploads\/2024\/08\/queimada-pitangueiras-sertaozinho_2024-08-22_16-55-50_jpeg_2024-08-22_16-55-50.webp.webp?fit=1200%2C675&ssl=1&resize=700%2C400 2x, https:\/\/i0.wp.com\/ismaelcolosi.com.br\/wp-content\/uploads\/2024\/08\/queimada-pitangueiras-sertaozinho_2024-08-22_16-55-50_jpeg_2024-08-22_16-55-50.webp.webp?fit=1200%2C675&ssl=1&resize=1050%2C600 3x"},"classes":[]},{"id":22580,"url":"https:\/\/ismaelcolosi.com.br\/index.php\/2023\/12\/30\/moradores-de-ribeirao-ficam-sem-energia-apos-caminhonete-derrubar-poste\/","url_meta":{"origin":63934,"position":1},"title":"Moradores de Ribeir\u00e3o ficam sem energia ap\u00f3s caminhonete derrubar poste","author":"ismaelcolosi.com.br","date":"30 de December de 2023","format":false,"excerpt":"Moradores do bairro Ipiranga, em Ribeir\u00e3o Preto, est\u00e3o sem energia el\u00e9trica desde a noite de sexta-feira (29) por conta de uma caminhonete que bateu e derrubou um poste com transformador. O acidente foi no cruzamento das ruas Javari e Salvador Neves. De acordo com apura\u00e7\u00e3o da EPTV, o ve\u00edculo ficou\u2026","rel":"","context":"In &quot;Not\u00edcias de Ribeir\u00e3o Preto-SP e Regi\u00e3o&quot;","block_context":{"text":"Not\u00edcias de Ribeir\u00e3o Preto-SP e Regi\u00e3o","link":"https:\/\/ismaelcolosi.com.br\/index.php\/category\/noticias-de-ribeirao-preto-sp-e-regiao-ismael-colosi\/"},"img":{"alt_text":"","src":"https:\/\/i0.wp.com\/ismaelcolosi.com.br\/wp-content\/uploads\/2023\/12\/queda-poste.jpeg?fit=1024%2C768&ssl=1&resize=350%2C200","width":350,"height":200,"srcset":"https:\/\/i0.wp.com\/ismaelcolosi.com.br\/wp-content\/uploads\/2023\/12\/queda-poste.jpeg?fit=1024%2C768&ssl=1&resize=350%2C200 1x, https:\/\/i0.wp.com\/ismaelcolosi.com.br\/wp-content\/uploads\/2023\/12\/queda-poste.jpeg?fit=1024%2C768&ssl=1&resize=525%2C300 1.5x, https:\/\/i0.wp.com\/ismaelcolosi.com.br\/wp-content\/uploads\/2023\/12\/queda-poste.jpeg?fit=1024%2C768&ssl=1&resize=700%2C400 2x"},"classes":[]},{"id":62091,"url":"https:\/\/ismaelcolosi.com.br\/index.php\/2024\/08\/25\/preso-por-queimada-na-regiao-de-ribeirao-preto-teria-comemorado-outros-incendios\/","url_meta":{"origin":63934,"position":2},"title":"Preso por queimada na regi\u00e3o de Ribeir\u00e3o Preto teria comemorado outros inc\u00eandios","author":"ismaelcolosi.com.br","date":"25 de August de 2024","format":false,"excerpt":"Um homem foi preso na manh\u00e3 deste domingo (25) em Batatais, na regi\u00e3o de Ribeir\u00e3o Preto, acusado de provocar um inc\u00eandio criminoso \u2013 veja o v\u00eddeo abaixo. Segundo v\u00eddeos encontrados pela pol\u00edcia no celular do criminoso, ele teria comemorado outros inc\u00eandios de grandes propor\u00e7\u00f5es. Mais cedo, a pris\u00e3o dele havia\u2026","rel":"","context":"In &quot;Not\u00edcias de Ribeir\u00e3o Preto-SP e Regi\u00e3o&quot;","block_context":{"text":"Not\u00edcias de Ribeir\u00e3o Preto-SP e Regi\u00e3o","link":"https:\/\/ismaelcolosi.com.br\/index.php\/category\/noticias-de-ribeirao-preto-sp-e-regiao-ismael-colosi\/"},"img":{"alt_text":"","src":"https:\/\/i0.wp.com\/ismaelcolosi.com.br\/wp-content\/uploads\/2024\/08\/batatais-incendio_2024-08-25_16-53-25_jpg_2024-08-25_16-53-25.webp.webp?fit=1200%2C746&ssl=1&resize=350%2C200","width":350,"height":200,"srcset":"https:\/\/i0.wp.com\/ismaelcolosi.com.br\/wp-content\/uploads\/2024\/08\/batatais-incendio_2024-08-25_16-53-25_jpg_2024-08-25_16-53-25.webp.webp?fit=1200%2C746&ssl=1&resize=350%2C200 1x, https:\/\/i0.wp.com\/ismaelcolosi.com.br\/wp-content\/uploads\/2024\/08\/batatais-incendio_2024-08-25_16-53-25_jpg_2024-08-25_16-53-25.webp.webp?fit=1200%2C746&ssl=1&resize=525%2C300 1.5x, https:\/\/i0.wp.com\/ismaelcolosi.com.br\/wp-content\/uploads\/2024\/08\/batatais-incendio_2024-08-25_16-53-25_jpg_2024-08-25_16-53-25.webp.webp?fit=1200%2C746&ssl=1&resize=700%2C400 2x, https:\/\/i0.wp.com\/ismaelcolosi.com.br\/wp-content\/uploads\/2024\/08\/batatais-incendio_2024-08-25_16-53-25_jpg_2024-08-25_16-53-25.webp.webp?fit=1200%2C746&ssl=1&resize=1050%2C600 3x"},"classes":[]},{"id":16773,"url":"https:\/\/ismaelcolosi.com.br\/index.php\/2023\/12\/16\/cpfl-corta-energia-de-servico-publico\/","url_meta":{"origin":63934,"position":3},"title":"CPFL corta energia de servi\u00e7o p\u00fablico\u00a0","author":"ismaelcolosi.com.br","date":"16 de December de 2023","format":false,"excerpt":"16 de dezembro de 2023 | 12:0016 de dezembro de 2023 | 11:28 0Em nota enviada \u00e0 reda\u00e7\u00e3o do Tribuna, a CPFL Paulista esclarece que informou, no dia 24 de novembro aos representantes do Servi\u00e7o Aut\u00f4nomo de \u00c1gua e Esgoto de Brodowski e \u00e0s autoridades competentes do munic\u00edpio sobre a\u2026","rel":"","context":"In &quot;Not\u00edcias de Ribeir\u00e3o Preto-SP e Regi\u00e3o&quot;","block_context":{"text":"Not\u00edcias de Ribeir\u00e3o Preto-SP e Regi\u00e3o","link":"https:\/\/ismaelcolosi.com.br\/index.php\/category\/noticias-de-ribeirao-preto-sp-e-regiao-ismael-colosi\/"},"img":{"alt_text":"","src":"https:\/\/i0.wp.com\/ismaelcolosi.com.br\/wp-content\/uploads\/2023\/12\/imagem-129.jpg?fit=800%2C500&ssl=1&resize=350%2C200","width":350,"height":200,"srcset":"https:\/\/i0.wp.com\/ismaelcolosi.com.br\/wp-content\/uploads\/2023\/12\/imagem-129.jpg?fit=800%2C500&ssl=1&resize=350%2C200 1x, https:\/\/i0.wp.com\/ismaelcolosi.com.br\/wp-content\/uploads\/2023\/12\/imagem-129.jpg?fit=800%2C500&ssl=1&resize=525%2C300 1.5x, https:\/\/i0.wp.com\/ismaelcolosi.com.br\/wp-content\/uploads\/2023\/12\/imagem-129.jpg?fit=800%2C500&ssl=1&resize=700%2C400 2x"},"classes":[]},{"id":15689,"url":"https:\/\/ismaelcolosi.com.br\/index.php\/2023\/12\/14\/rede-de-mercado-da-regiao-e-flagrada-furtando-energia\/","url_meta":{"origin":63934,"position":4},"title":"Rede de mercado da regi\u00e3o \u00e9 flagrada furtando energia","author":"ismaelcolosi.com.br","date":"14 de December de 2023","format":false,"excerpt":"Tr\u00eas lojas da rede de supermercados foram autuadas por furto de energia el\u00e9trica, o popular gato 14 de dezembro de 2023 | 7:0614 de dezembro de 2023 | 7:04 1Por: Adalberto LuqueUma opera\u00e7\u00e3o da Pol\u00edcia Civil, em parceria com a CPFL Paulista (distribuidora de energia el\u00e9trica na regi\u00e3o) flagrou, nesta\u2026","rel":"","context":"In &quot;Not\u00edcias de Ribeir\u00e3o Preto-SP e Regi\u00e3o&quot;","block_context":{"text":"Not\u00edcias de Ribeir\u00e3o Preto-SP e Regi\u00e3o","link":"https:\/\/ismaelcolosi.com.br\/index.php\/category\/noticias-de-ribeirao-preto-sp-e-regiao-ismael-colosi\/"},"img":{"alt_text":"","src":"https:\/\/i0.wp.com\/ismaelcolosi.com.br\/wp-content\/uploads\/2023\/12\/00-14-dez-2023-gato-cajuru-foto-cpfl-divulgacao-scaled.jpg?fit=963%2C645&ssl=1&resize=350%2C200","width":350,"height":200,"srcset":"https:\/\/i0.wp.com\/ismaelcolosi.com.br\/wp-content\/uploads\/2023\/12\/00-14-dez-2023-gato-cajuru-foto-cpfl-divulgacao-scaled.jpg?fit=963%2C645&ssl=1&resize=350%2C200 1x, https:\/\/i0.wp.com\/ismaelcolosi.com.br\/wp-content\/uploads\/2023\/12\/00-14-dez-2023-gato-cajuru-foto-cpfl-divulgacao-scaled.jpg?fit=963%2C645&ssl=1&resize=525%2C300 1.5x, https:\/\/i0.wp.com\/ismaelcolosi.com.br\/wp-content\/uploads\/2023\/12\/00-14-dez-2023-gato-cajuru-foto-cpfl-divulgacao-scaled.jpg?fit=963%2C645&ssl=1&resize=700%2C400 2x"},"classes":[]},{"id":41590,"url":"https:\/\/ismaelcolosi.com.br\/index.php\/2024\/03\/09\/rp-desfez-2-983-gatos-em-2023\/","url_meta":{"origin":63934,"position":5},"title":"RP desfez 2.983\u00a0 \u2018gatos\u2019 em 2023 \u00a0","author":"ismaelcolosi.com.br","date":"9 de March de 2024","format":false,"excerpt":"As a\u00e7\u00f5es de inspe\u00e7\u00e3o contra fraudes e furtos de energia, os populares \u201cgatos\u201d, permitiram \u00e0 CPFL Paulista regularizar 8.332 liga\u00e7\u00f5es clandestinas em resid\u00eancias, com\u00e9rcios e ind\u00fastrias nas regi\u00f5es de Ribeir\u00e3o Preto e Franca no ano passado, resultando na recupera\u00e7\u00e3o de 33.000 megawatts (MWh) desviados ilegalmente. Com o uso de tecnologia\u2026","rel":"","context":"In &quot;Not\u00edcias de Ribeir\u00e3o Preto-SP e Regi\u00e3o&quot;","block_context":{"text":"Not\u00edcias de Ribeir\u00e3o Preto-SP e Regi\u00e3o","link":"https:\/\/ismaelcolosi.com.br\/index.php\/category\/noticias-de-ribeirao-preto-sp-e-regiao-ismael-colosi\/"},"img":{"alt_text":"","src":"https:\/\/i0.wp.com\/ismaelcolosi.com.br\/wp-content\/uploads\/2024\/03\/GatoCPFL-Detalhe-Divulgacao-CPFL.jpg?fit=684%2C645&ssl=1&resize=350%2C200","width":350,"height":200,"srcset":"https:\/\/i0.wp.com\/ismaelcolosi.com.br\/wp-content\/uploads\/2024\/03\/GatoCPFL-Detalhe-Divulgacao-CPFL.jpg?fit=684%2C645&ssl=1&resize=350%2C200 1x, https:\/\/i0.wp.com\/ismaelcolosi.com.br\/wp-content\/uploads\/2024\/03\/GatoCPFL-Detalhe-Divulgacao-CPFL.jpg?fit=684%2C645&ssl=1&resize=525%2C300 1.5x"},"classes":[]}],"jetpack_sharing_enabled":true,"jetpack_shortlink":"https:\/\/wp.me\/pfMlyK-gDc","_links":{"self":[{"href":"https:\/\/ismaelcolosi.com.br\/index.php\/wp-json\/wp\/v2\/posts\/63934","targetHints":{"allow":["GET"]}}],"collection":[{"href":"https:\/\/ismaelcolosi.com.br\/index.php\/wp-json\/wp\/v2\/posts"}],"about":[{"href":"https:\/\/ismaelcolosi.com.br\/index.php\/wp-json\/wp\/v2\/types\/post"}],"author":[{"embeddable":true,"href":"https:\/\/ismaelcolosi.com.br\/index.php\/wp-json\/wp\/v2\/users\/1"}],"replies":[{"embeddable":true,"href":"https:\/\/ismaelcolosi.com.br\/index.php\/wp-json\/wp\/v2\/comments?post=63934"}],"version-history":[{"count":0,"href":"https:\/\/ismaelcolosi.com.br\/index.php\/wp-json\/wp\/v2\/posts\/63934\/revisions"}],"wp:featuredmedia":[{"embeddable":true,"href":"https:\/\/ismaelcolosi.com.br\/index.php\/wp-json\/wp\/v2\/media\/61601"}],"wp:attachment":[{"href":"https:\/\/ismaelcolosi.com.br\/index.php\/wp-json\/wp\/v2\/media?parent=63934"}],"wp:term":[{"taxonomy":"category","embeddable":true,"href":"https:\/\/ismaelcolosi.com.br\/index.php\/wp-json\/wp\/v2\/categories?post=63934"},{"taxonomy":"post_tag","embeddable":true,"href":"https:\/\/ismaelcolosi.com.br\/index.php\/wp-json\/wp\/v2\/tags?post=63934"}],"curies":[{"name":"wp","href":"https:\/\/api.w.org\/{rel}","templated":true}]}}