{"id":63906,"date":"2024-09-04T14:17:44","date_gmt":"2024-09-04T17:17:44","guid":{"rendered":"https:\/\/ismaelcolosi.com.br\/index.php\/2024\/09\/04\/homem-morre-apos-ser-agredido-com-golpe-de-facao-no-centro-de-ribeirao\/"},"modified":"2024-09-04T14:17:44","modified_gmt":"2024-09-04T17:17:44","slug":"homem-morre-apos-ser-agredido-com-golpe-de-facao-no-centro-de-ribeirao","status":"publish","type":"post","link":"https:\/\/ismaelcolosi.com.br\/index.php\/2024\/09\/04\/homem-morre-apos-ser-agredido-com-golpe-de-facao-no-centro-de-ribeirao\/","title":{"rendered":"Homem morre ap\u00f3s ser agredido com golpe de fac\u00e3o no Centro de Ribeir\u00e3o"},"content":{"rendered":"<p> <br \/>\n<\/p>\n<div>\n<p><strong>Um homem de 29 anos morreu nesta ter\u00e7a-feira (3), depois de ser atingido por um golpe de fac\u00e3o, no Centro de Ribeir\u00e3o Preto. <\/strong>Um suspeito foi preso pelo crime, ocorrido na madrugada do \u00faltimo dia 29 de julho.<\/p>\n<p>Segundo o <strong>boletim de ocorr\u00eancia (BO)<\/strong>, a <strong>v\u00edtima<\/strong>, identificada como <strong>Shesler Eduardo de Oliveira Pimenta<\/strong>, chegou a ser <strong>socorrida <\/strong>por um <strong>amigo<\/strong>, que a <strong>levou <\/strong>at\u00e9 a <strong>Pra\u00e7a Francisco Schmidt<\/strong>, na <strong>Vila Tib\u00e9rio<\/strong>, zona Oeste. De l\u00e1, foi encaminhada pelo <strong>Samu <\/strong>ao <strong>Hospital das Cl\u00ednicas \u2013 Unidade de Emerg\u00eancia (HC-UE)<\/strong>. <\/p>\n<p>O <strong>suspeito <\/strong>do <strong>crime<\/strong>, um homem, tamb\u00e9m com 29 anos, foi abordado na entrada da <strong>CPJ (Central de Pol\u00edcia Judici\u00e1ria) Permanente<\/strong>, na <strong>rua Duque de Caxias<\/strong>. Ele disse que iria se apresentar \u00e0 pol\u00edcia.<\/p>\n<h4 class=\"wp-block-heading\"><strong>Agress\u00e3o em bar<\/strong><\/h4>\n<p>Ainda conforme o BO, o <strong>suspeito <\/strong>alegou ter sido <strong>agredido <\/strong>pela <strong>atendente <\/strong>em um <strong>bar <\/strong>na <strong>rua Duque de Caxias<\/strong> e por <strong>tr\u00eas pessoas <\/strong>que estavam na <strong>cal\u00e7ada<\/strong>. A <strong>confus\u00e3o <\/strong>teria ocorrido por <strong>diverg\u00eancia <\/strong>no <strong>valor <\/strong>da <strong>conta <\/strong>do <strong>estabelecimento<\/strong>. Ele, contudo, n\u00e3o soube indicar o n\u00famero onde fica o bar na via. <\/p>\n<p>Em seguida, conforme o registro, o <strong>homem <\/strong>disse que foi at\u00e9 a sua <strong>moto<\/strong>, pegou um <strong>fac\u00e3o <\/strong>para se <strong>defender <\/strong>e <strong>golpeou <\/strong>um dessas <strong>pessoas <\/strong>que o <strong>agrediu<\/strong>.<\/p>\n<p>Ele tamb\u00e9m relatou \u00e0 <strong>pol\u00edcia <\/strong>que <strong>jogou <\/strong>o <strong>fac\u00e3o <\/strong>no <strong>ribeir\u00e3o Preto<\/strong>, na <strong>avenida Jer\u00f4nimo Gon\u00e7alves<\/strong>, ao lado do <strong>Parque Maur\u00edlio Biagi<\/strong>. Ainda contou que se <strong>arrependeu <\/strong>do <strong>crime <\/strong>e ligou para a <strong>PM (Pol\u00edcia Milirar)<\/strong> no <strong>190<\/strong>, quando foi orientado a se apresentar na delegacia.<\/p>\n<p>A <strong>v\u00edtima <\/strong>permaneceu internada no <strong>Hospital das Cl\u00ednicas \u2013 Unidade de Emerg\u00eancia (HC-UE)<\/strong>, mas n\u00e3o <strong>resistiu <\/strong>e <strong>faleceu <\/strong>no in\u00edcio da tarde desta ter\u00e7a.<\/p>\n<p>O <strong>caso <\/strong>foi registrado como <strong>homic\u00eddio e comunica\u00e7\u00e3o de \u00f3bito<\/strong> para <strong>investiga\u00e7\u00e3o <\/strong>da <strong>Pol\u00edcia Civil<\/strong>.<\/p>\n<p>SAIBA MAIS<\/p>\n<p>Motociclista morre ap\u00f3s batida com caminh\u00e3o em Ribeir\u00e3o Preto<\/p>\n<h4 class=\"wp-block-heading\"><strong>FIQUE ON<\/strong><\/h4>\n<p>Fique ligado em tudo que acontece em Ribeir\u00e3o Preto e regi\u00e3o. Siga os perfis do<strong>\u00a0acidade on<\/strong>\u00a0no\u00a0<a href=\"https:\/\/www.instagram.com\/acidadeonribeirao\" target=\"_blank\" rel=\"noreferrer noopener\">Instagram<\/a>\u00a0e no<a href=\"https:\/\/www.facebook.com\/acidadeonribeirao\/\" target=\"_blank\" rel=\"noreferrer noopener\">\u00a0Facebook<\/a>.<\/p>\n<p>Receba not\u00edcias do<strong>\u00a0acidade on\u00a0<\/strong>no WhatsApp.\u00a0<a href=\"https:\/\/chat.whatsapp.com\/Dtv9mxhy6V5BJBotM2OQ5k\" target=\"_blank\" rel=\"noreferrer noopener\">Para entrar no grupo, basta clicar aqui<\/a>.<\/p>\n<p>Fa\u00e7a uma den\u00fancia ou sugira uma reportagem sobre Ribeir\u00e3o Preto e regi\u00e3o pelo WhatsApp: 16 99117 7802.<\/p>\n<p>VEJA TAMB\u00c9M<\/p>\n<p>Nova cultivar de trigo \u00e9 adaptada a regi\u00f5es mais quentes\u00a0<\/p>\n<p><!-- CONTENT END 1 -->\n<\/div>\n<p><script async src=\"\/\/www.instagram.com\/embed.js\"><\/script><br \/>\n<br \/><br \/>\n<br \/><a href=\"https:\/\/www.acidadeon.com\/ribeiraopreto\/cotidiano\/homem-morre-apos-ser-agredido-com-golpe-de-facao-no-centro-de-ribeirao\/\">Source link <\/a><\/p>\n","protected":false},"excerpt":{"rendered":"<p>Um homem de 29 anos morreu nesta ter\u00e7a-feira (3), depois de ser atingido por um golpe de fac\u00e3o, no Centro de Ribeir\u00e3o Preto. Um suspeito&#8230;<\/p>\n","protected":false},"author":1,"featured_media":63907,"comment_status":"open","ping_status":"open","sticky":false,"template":"","format":"standard","meta":{"_uag_custom_page_level_css":"","advanced_seo_description":"","jetpack_seo_html_title":"","jetpack_seo_noindex":false,"jetpack_post_was_ever_published":false,"_jetpack_newsletter_access":"","_jetpack_dont_email_post_to_subs":false,"_jetpack_newsletter_tier_id":0,"_jetpack_memberships_contains_paywalled_content":false,"_jetpack_memberships_contains_paid_content":false,"footnotes":"","jetpack_publicize_message":"","jetpack_publicize_feature_enabled":true,"jetpack_social_post_already_shared":true,"jetpack_social_options":{"image_generator_settings":{"template":"highway","default_image_id":0,"font":"","enabled":false},"version":2}},"categories":[11],"tags":[],"class_list":["post-63906","post","type-post","status-publish","format-standard","has-post-thumbnail","hentry","category-noticias-de-ribeirao-preto-sp-e-regiao-ismael-colosi"],"jetpack_publicize_connections":[],"jetpack_featured_media_url":"https:\/\/i0.wp.com\/ismaelcolosi.com.br\/wp-content\/uploads\/2024\/09\/cpj_policia_1200x675_30012022162443.jpg?fit=1200%2C675&ssl=1","uagb_featured_image_src":{"full":["https:\/\/i0.wp.com\/ismaelcolosi.com.br\/wp-content\/uploads\/2024\/09\/cpj_policia_1200x675_30012022162443.jpg?fit=1200%2C675&ssl=1",1200,675,false],"thumbnail":["https:\/\/i0.wp.com\/ismaelcolosi.com.br\/wp-content\/uploads\/2024\/09\/cpj_policia_1200x675_30012022162443.jpg?resize=150%2C150&ssl=1",150,150,true],"medium":["https:\/\/i0.wp.com\/ismaelcolosi.com.br\/wp-content\/uploads\/2024\/09\/cpj_policia_1200x675_30012022162443.jpg?fit=300%2C169&ssl=1",300,169,true],"medium_large":["https:\/\/i0.wp.com\/ismaelcolosi.com.br\/wp-content\/uploads\/2024\/09\/cpj_policia_1200x675_30012022162443.jpg?fit=768%2C432&ssl=1",768,432,true],"large":["https:\/\/i0.wp.com\/ismaelcolosi.com.br\/wp-content\/uploads\/2024\/09\/cpj_policia_1200x675_30012022162443.jpg?fit=1024%2C576&ssl=1",1024,576,true],"1536x1536":["https:\/\/i0.wp.com\/ismaelcolosi.com.br\/wp-content\/uploads\/2024\/09\/cpj_policia_1200x675_30012022162443.jpg?fit=1200%2C675&ssl=1",1200,675,true],"2048x2048":["https:\/\/i0.wp.com\/ismaelcolosi.com.br\/wp-content\/uploads\/2024\/09\/cpj_policia_1200x675_30012022162443.jpg?fit=1200%2C675&ssl=1",1200,675,true],"really-simple-thumb":["https:\/\/i0.wp.com\/ismaelcolosi.com.br\/wp-content\/uploads\/2024\/09\/cpj_policia_1200x675_30012022162443.jpg?resize=370%2C247&ssl=1",370,247,true]},"uagb_author_info":{"display_name":"ismaelcolosi.com.br","author_link":"https:\/\/ismaelcolosi.com.br\/index.php\/author\/vidareal-online\/"},"uagb_comment_info":0,"uagb_excerpt":"Um homem de 29 anos morreu nesta ter\u00e7a-feira (3), depois de ser atingido por um golpe de fac\u00e3o, no Centro de Ribeir\u00e3o Preto. Um suspeito...","jetpack-related-posts":[{"id":64025,"url":"https:\/\/ismaelcolosi.com.br\/index.php\/2024\/09\/05\/assaltantes-fazem-casal-refem-agridem-vitima-e-roubam-cofre-vazio-em-ribeirao\/","url_meta":{"origin":63906,"position":0},"title":"Assaltantes fazem casal ref\u00e9m, agridem v\u00edtima e roubam cofre vazio em Ribeir\u00e3o","author":"ismaelcolosi.com.br","date":"5 de September de 2024","format":false,"excerpt":"Dois criminosos, um dos quais com uma arma de fogo, fizeram um casal ref\u00e9m e agrediram uma das v\u00edtimas durante um assalto no in\u00edcio da noite desta quarta-feira (4), no bairro Campos El\u00edseos, zona Norte de Ribeir\u00e3o Preto. Segundo o boletim de ocorr\u00eancia (BO), a v\u00edtima \u2013 um homem de\u2026","rel":"","context":"In &quot;Not\u00edcias de Ribeir\u00e3o Preto-SP e Regi\u00e3o&quot;","block_context":{"text":"Not\u00edcias de Ribeir\u00e3o Preto-SP e Regi\u00e3o","link":"https:\/\/ismaelcolosi.com.br\/index.php\/category\/noticias-de-ribeirao-preto-sp-e-regiao-ismael-colosi\/"},"img":{"alt_text":"","src":"https:\/\/i0.wp.com\/ismaelcolosi.com.br\/wp-content\/uploads\/2024\/09\/pm_qru_1024x576_25052021184558.jpg?fit=1024%2C576&ssl=1&resize=350%2C200","width":350,"height":200,"srcset":"https:\/\/i0.wp.com\/ismaelcolosi.com.br\/wp-content\/uploads\/2024\/09\/pm_qru_1024x576_25052021184558.jpg?fit=1024%2C576&ssl=1&resize=350%2C200 1x, https:\/\/i0.wp.com\/ismaelcolosi.com.br\/wp-content\/uploads\/2024\/09\/pm_qru_1024x576_25052021184558.jpg?fit=1024%2C576&ssl=1&resize=525%2C300 1.5x, https:\/\/i0.wp.com\/ismaelcolosi.com.br\/wp-content\/uploads\/2024\/09\/pm_qru_1024x576_25052021184558.jpg?fit=1024%2C576&ssl=1&resize=700%2C400 2x"},"classes":[]},{"id":56775,"url":"https:\/\/ismaelcolosi.com.br\/index.php\/2024\/07\/15\/briga-de-vizinhos-termina-com-esfaqueado-na-cabeca-em-ribeirao-preto\/","url_meta":{"origin":63906,"position":1},"title":"Briga de vizinhos termina com esfaqueado na cabe\u00e7a em Ribeir\u00e3o Preto","author":"ismaelcolosi.com.br","date":"15 de July de 2024","format":false,"excerpt":"Um homem de 39 anos foi esfaqueado durante uma briga entre vizinhos na noite do \u00faltimo s\u00e1bado (13), no bairro Recanto Cruzeiro do Sul, zona Leste de Ribeir\u00e3o Preto. Segundo a GCM (Guarda Civil Metropolitana) informou no boletim de ocorr\u00eancia (BO), o motivo da confus\u00e3o seria a fuma\u00e7a causada depois\u2026","rel":"","context":"In &quot;Not\u00edcias de Ribeir\u00e3o Preto-SP e Regi\u00e3o&quot;","block_context":{"text":"Not\u00edcias de Ribeir\u00e3o Preto-SP e Regi\u00e3o","link":"https:\/\/ismaelcolosi.com.br\/index.php\/category\/noticias-de-ribeirao-preto-sp-e-regiao-ismael-colosi\/"},"img":{"alt_text":"","src":"https:\/\/i0.wp.com\/ismaelcolosi.com.br\/wp-content\/uploads\/2024\/07\/policia__1024x576_14102020122543.jpg?fit=1024%2C576&ssl=1&resize=350%2C200","width":350,"height":200,"srcset":"https:\/\/i0.wp.com\/ismaelcolosi.com.br\/wp-content\/uploads\/2024\/07\/policia__1024x576_14102020122543.jpg?fit=1024%2C576&ssl=1&resize=350%2C200 1x, https:\/\/i0.wp.com\/ismaelcolosi.com.br\/wp-content\/uploads\/2024\/07\/policia__1024x576_14102020122543.jpg?fit=1024%2C576&ssl=1&resize=525%2C300 1.5x, https:\/\/i0.wp.com\/ismaelcolosi.com.br\/wp-content\/uploads\/2024\/07\/policia__1024x576_14102020122543.jpg?fit=1024%2C576&ssl=1&resize=700%2C400 2x"},"classes":[]},{"id":31640,"url":"https:\/\/ismaelcolosi.com.br\/index.php\/2024\/01\/22\/video-homem-e-morto-a-golpes-de-facao-em-rp\/","url_meta":{"origin":63906,"position":2},"title":"V\u00cdDEO &#8211; Homem \u00e9 morto a golpes de fac\u00e3o em RP","author":"ismaelcolosi.com.br","date":"22 de January de 2024","format":false,"excerpt":"V\u00edtima passeava com c\u00e3ozinho quando homem se aproximou armado de pod\u00e3o e iniciou a briga; outro homem teria ajudado no crime 22 de janeiro de 2024 | 16:4822 de janeiro de 2024 | 16:49 2Por: Adalberto LuqueRobson Aparecido Neto Fiori, de 43 anos, foi assassinado na tarde do s\u00e1bado, enquanto\u2026","rel":"","context":"In &quot;Not\u00edcias de Ribeir\u00e3o Preto-SP e Regi\u00e3o&quot;","block_context":{"text":"Not\u00edcias de Ribeir\u00e3o Preto-SP e Regi\u00e3o","link":"https:\/\/ismaelcolosi.com.br\/index.php\/category\/noticias-de-ribeirao-preto-sp-e-regiao-ismael-colosi\/"},"img":{"alt_text":"","src":"https:\/\/i0.wp.com\/ismaelcolosi.com.br\/wp-content\/uploads\/2024\/01\/z-miniatura-scaled.jpg?fit=1000%2C520&ssl=1&resize=350%2C200","width":350,"height":200,"srcset":"https:\/\/i0.wp.com\/ismaelcolosi.com.br\/wp-content\/uploads\/2024\/01\/z-miniatura-scaled.jpg?fit=1000%2C520&ssl=1&resize=350%2C200 1x, https:\/\/i0.wp.com\/ismaelcolosi.com.br\/wp-content\/uploads\/2024\/01\/z-miniatura-scaled.jpg?fit=1000%2C520&ssl=1&resize=525%2C300 1.5x, https:\/\/i0.wp.com\/ismaelcolosi.com.br\/wp-content\/uploads\/2024\/01\/z-miniatura-scaled.jpg?fit=1000%2C520&ssl=1&resize=700%2C400 2x"},"classes":[]},{"id":67116,"url":"https:\/\/ismaelcolosi.com.br\/index.php\/2024\/09\/20\/golpe-da-bencao-entenda-o-crime-que-levou-a-prisao-de-um-casal-suspeito-na-regiao-de-ribeirao\/","url_meta":{"origin":63906,"position":3},"title":"Golpe da ben\u00e7\u00e3o: Entenda o crime que levou \u00e0 pris\u00e3o de um casal suspeito na regi\u00e3o de Ribeir\u00e3o","author":"ismaelcolosi.com.br","date":"20 de September de 2024","format":false,"excerpt":"A Pol\u00edcia Civil prendeu em Barretos, cidade na regi\u00e3o de Ribeir\u00e3o Preto, um casal suspeito de aplicar o \u2018golpe da ben\u00e7\u00e3o\u2018 em munic\u00edpios do interior de S\u00e3o Paulo, nesta sexta-feira (20). \u00c0 apreens\u00e3o em flagrante aconteceu no Centro de Barretos, quando os dois tentavam entrar em uma caminhonete Volkswagen Amarok,\u2026","rel":"","context":"In &quot;Not\u00edcias de Ribeir\u00e3o Preto-SP e Regi\u00e3o&quot;","block_context":{"text":"Not\u00edcias de Ribeir\u00e3o Preto-SP e Regi\u00e3o","link":"https:\/\/ismaelcolosi.com.br\/index.php\/category\/noticias-de-ribeirao-preto-sp-e-regiao-ismael-colosi\/"},"img":{"alt_text":"","src":"https:\/\/i0.wp.com\/ismaelcolosi.com.br\/wp-content\/uploads\/2024\/09\/WhatsApp-Image-2024-09-20-at-17.28.03_2024-09-20_21-44-50_jpeg_2024-09-20_21-44-50.webp.webp?fit=1200%2C900&ssl=1&resize=350%2C200","width":350,"height":200,"srcset":"https:\/\/i0.wp.com\/ismaelcolosi.com.br\/wp-content\/uploads\/2024\/09\/WhatsApp-Image-2024-09-20-at-17.28.03_2024-09-20_21-44-50_jpeg_2024-09-20_21-44-50.webp.webp?fit=1200%2C900&ssl=1&resize=350%2C200 1x, https:\/\/i0.wp.com\/ismaelcolosi.com.br\/wp-content\/uploads\/2024\/09\/WhatsApp-Image-2024-09-20-at-17.28.03_2024-09-20_21-44-50_jpeg_2024-09-20_21-44-50.webp.webp?fit=1200%2C900&ssl=1&resize=525%2C300 1.5x, https:\/\/i0.wp.com\/ismaelcolosi.com.br\/wp-content\/uploads\/2024\/09\/WhatsApp-Image-2024-09-20-at-17.28.03_2024-09-20_21-44-50_jpeg_2024-09-20_21-44-50.webp.webp?fit=1200%2C900&ssl=1&resize=700%2C400 2x, https:\/\/i0.wp.com\/ismaelcolosi.com.br\/wp-content\/uploads\/2024\/09\/WhatsApp-Image-2024-09-20-at-17.28.03_2024-09-20_21-44-50_jpeg_2024-09-20_21-44-50.webp.webp?fit=1200%2C900&ssl=1&resize=1050%2C600 3x"},"classes":[]},{"id":78105,"url":"https:\/\/ismaelcolosi.com.br\/index.php\/2024\/12\/02\/homem-e-preso-por-feminicidio-na-regiao\/","url_meta":{"origin":63906,"position":4},"title":"Homem \u00e9 preso por feminic\u00eddio na regi\u00e3o","author":"ismaelcolosi.com.br","date":"2 de December de 2024","format":false,"excerpt":"Por: Adalberto Luque Um homem de 46 anos foi preso, na noite de sexta-feira (29), suspeito de atropelar propositalmente sua ex-companheira, de 27 anos. O crime, registrado como feminic\u00eddio, ocorreu no cruzamento das ruas Em\u00edlia Marcondes com Paulo Balbu\u00edno Cintra Mendes, no Jardim Paulistano, em Franca, a 80 km de\u2026","rel":"","context":"In &quot;Not\u00edcias de Ribeir\u00e3o Preto-SP e Regi\u00e3o&quot;","block_context":{"text":"Not\u00edcias de Ribeir\u00e3o Preto-SP e Regi\u00e3o","link":"https:\/\/ismaelcolosi.com.br\/index.php\/category\/noticias-de-ribeirao-preto-sp-e-regiao-ismael-colosi\/"},"img":{"alt_text":"","src":"https:\/\/i0.wp.com\/ismaelcolosi.com.br\/wp-content\/uploads\/2024\/12\/02dez2024-feminicidiofranca2-scaled.jpg?fit=716%2C500&ssl=1&resize=350%2C200","width":350,"height":200,"srcset":"https:\/\/i0.wp.com\/ismaelcolosi.com.br\/wp-content\/uploads\/2024\/12\/02dez2024-feminicidiofranca2-scaled.jpg?fit=716%2C500&ssl=1&resize=350%2C200 1x, https:\/\/i0.wp.com\/ismaelcolosi.com.br\/wp-content\/uploads\/2024\/12\/02dez2024-feminicidiofranca2-scaled.jpg?fit=716%2C500&ssl=1&resize=525%2C300 1.5x, https:\/\/i0.wp.com\/ismaelcolosi.com.br\/wp-content\/uploads\/2024\/12\/02dez2024-feminicidiofranca2-scaled.jpg?fit=716%2C500&ssl=1&resize=700%2C400 2x"},"classes":[]},{"id":55102,"url":"https:\/\/ismaelcolosi.com.br\/index.php\/2024\/06\/30\/homem-e-morto-apos-ser-esfaqueado-na-frente-do-filho-em-ribeirao-preto\/","url_meta":{"origin":63906,"position":5},"title":"Homem \u00e9 morto ap\u00f3s ser esfaqueado na frente do filho em Ribeir\u00e3o Preto","author":"ismaelcolosi.com.br","date":"30 de June de 2024","format":false,"excerpt":"Um homem de 47 anos foi morto na noite deste s\u00e1bado (29), ap\u00f3s ser esfaqueado no Jardim Jandaia, zona Norte de Ribeir\u00e3o Preto. Segundo o boletim de ocorr\u00eancia (BO), a v\u00edtima, identificada como David Paulo Gon\u00e7alves, foi atingida por dois golpes de faca na regi\u00e3o frontal do corpo, enquanto chegava\u2026","rel":"","context":"In &quot;Not\u00edcias de Ribeir\u00e3o Preto-SP e Regi\u00e3o&quot;","block_context":{"text":"Not\u00edcias de Ribeir\u00e3o Preto-SP e Regi\u00e3o","link":"https:\/\/ismaelcolosi.com.br\/index.php\/category\/noticias-de-ribeirao-preto-sp-e-regiao-ismael-colosi\/"},"img":{"alt_text":"","src":"https:\/\/i0.wp.com\/ismaelcolosi.com.br\/wp-content\/uploads\/2024\/06\/1719773067_policia_qru_1024x576_05012021161940.jpg?fit=1024%2C576&ssl=1&resize=350%2C200","width":350,"height":200,"srcset":"https:\/\/i0.wp.com\/ismaelcolosi.com.br\/wp-content\/uploads\/2024\/06\/1719773067_policia_qru_1024x576_05012021161940.jpg?fit=1024%2C576&ssl=1&resize=350%2C200 1x, https:\/\/i0.wp.com\/ismaelcolosi.com.br\/wp-content\/uploads\/2024\/06\/1719773067_policia_qru_1024x576_05012021161940.jpg?fit=1024%2C576&ssl=1&resize=525%2C300 1.5x, https:\/\/i0.wp.com\/ismaelcolosi.com.br\/wp-content\/uploads\/2024\/06\/1719773067_policia_qru_1024x576_05012021161940.jpg?fit=1024%2C576&ssl=1&resize=700%2C400 2x"},"classes":[]}],"jetpack_sharing_enabled":true,"jetpack_shortlink":"https:\/\/wp.me\/pfMlyK-gCK","_links":{"self":[{"href":"https:\/\/ismaelcolosi.com.br\/index.php\/wp-json\/wp\/v2\/posts\/63906","targetHints":{"allow":["GET"]}}],"collection":[{"href":"https:\/\/ismaelcolosi.com.br\/index.php\/wp-json\/wp\/v2\/posts"}],"about":[{"href":"https:\/\/ismaelcolosi.com.br\/index.php\/wp-json\/wp\/v2\/types\/post"}],"author":[{"embeddable":true,"href":"https:\/\/ismaelcolosi.com.br\/index.php\/wp-json\/wp\/v2\/users\/1"}],"replies":[{"embeddable":true,"href":"https:\/\/ismaelcolosi.com.br\/index.php\/wp-json\/wp\/v2\/comments?post=63906"}],"version-history":[{"count":0,"href":"https:\/\/ismaelcolosi.com.br\/index.php\/wp-json\/wp\/v2\/posts\/63906\/revisions"}],"wp:featuredmedia":[{"embeddable":true,"href":"https:\/\/ismaelcolosi.com.br\/index.php\/wp-json\/wp\/v2\/media\/63907"}],"wp:attachment":[{"href":"https:\/\/ismaelcolosi.com.br\/index.php\/wp-json\/wp\/v2\/media?parent=63906"}],"wp:term":[{"taxonomy":"category","embeddable":true,"href":"https:\/\/ismaelcolosi.com.br\/index.php\/wp-json\/wp\/v2\/categories?post=63906"},{"taxonomy":"post_tag","embeddable":true,"href":"https:\/\/ismaelcolosi.com.br\/index.php\/wp-json\/wp\/v2\/tags?post=63906"}],"curies":[{"name":"wp","href":"https:\/\/api.w.org\/{rel}","templated":true}]}}