{"id":63897,"date":"2024-09-04T13:47:36","date_gmt":"2024-09-04T16:47:36","guid":{"rendered":"https:\/\/ismaelcolosi.com.br\/index.php\/2024\/09\/04\/vestibular-unesp-2025-saiba-como-se-inscrever\/"},"modified":"2024-09-04T13:47:36","modified_gmt":"2024-09-04T16:47:36","slug":"vestibular-unesp-2025-saiba-como-se-inscrever","status":"publish","type":"post","link":"https:\/\/ismaelcolosi.com.br\/index.php\/2024\/09\/04\/vestibular-unesp-2025-saiba-como-se-inscrever\/","title":{"rendered":"Vestibular Unesp 2025; saiba como se inscrever"},"content":{"rendered":"<p> <br \/>\n<\/p>\n<div data-td-block-uid=\"tdi_106\">\n<div class=\"tdb-block-inner td-fix-index\">\n<p>Nesta quarta-feira (4), <strong>come\u00e7aram as inscri\u00e7\u00f5es para o vestibular 2025 da Universidade Estadual Paulista (Unesp)<\/strong>, com 6.596 vagas em 24 cidades do estado, <strong>incluindo Franca e Jaboticabal<\/strong>, na regi\u00e3o de Ribeir\u00e3o Preto.<\/p>\n<p>Estudantes interessados devem <strong>realizar <\/strong>a <strong>inscri\u00e7\u00e3o <\/strong>pelo site da\u00a0<a class=\"\" href=\"https:\/\/www.vunesp.com.br\/\" target=\"_blank\" rel=\"noreferrer noopener\"><strong>Funda\u00e7\u00e3o Vunesp<\/strong><\/a>, <strong>at\u00e9 o dia 10 de outubro<\/strong> e pagar a <strong>taxa de inscri\u00e7\u00e3o de R$ 210<\/strong>.<\/p>\n<p>As provas da <strong>primeira fase <\/strong>ser\u00e3o realizadas em\u00a0<strong>15 de novembro,<\/strong> j\u00e1 as da <strong>segunda fase <\/strong>ser\u00e3o em\u00a0<strong>8 e 9 de dezembro<\/strong>. O <strong>resultado <\/strong>deve ser divulgado dia <mark style=\"background-color:#fcb900\" class=\"has-inline-color\">31 de janeiro de 2025.<\/mark><\/p>\n<h4 class=\"wp-block-heading\">Insen\u00e7\u00e3o da taxa<\/h4>\n<p>Os resultados dos requerimentos dos benef\u00edcios daqueles que solicitaram insen\u00e7\u00e3o total ou parcial da taxa de pagamento ser\u00e3o divulgados em<strong> 26 de setembro<\/strong>, nos sites da\u00a0<a class=\"\" href=\"https:\/\/vestibular.unesp.br\/\" target=\"_blank\" rel=\"noreferrer noopener\"><strong>Unesp<\/strong><\/a>\u00a0e da Vunesp.<\/p>\n<p>SAIBA MAIS<br \/>IFSP de Sert\u00e3ozinho abre processo seletivo com sal\u00e1rios de R$ 4 mil<\/p>\n<h4 class=\"wp-block-heading\"><strong>FIQUE ON<\/strong><\/h4>\n<p>Fique ligado em tudo que acontece em Ribeir\u00e3o Preto e regi\u00e3o. Siga os perfis do<strong> acidade on<\/strong> no <a href=\"https:\/\/www.instagram.com\/acidadeonribeirao\" target=\"_blank\" rel=\"noreferrer noopener nofollow\">Instagram <\/a>e no <a href=\"https:\/\/www.facebook.com\/acidadeonribeirao\/\" target=\"_blank\" rel=\"noreferrer noopener nofollow\">Facebook<\/a>.<\/p>\n<p>Receba not\u00edcias do<strong> acidade on <\/strong>no WhatsApp. <a href=\"https:\/\/chat.whatsapp.com\/Dtv9mxhy6V5BJBotM2OQ5k\" target=\"_blank\" rel=\"noreferrer noopener nofollow\">Para entrar no grupo, basta clicar aqui.<\/a><\/p>\n<p>Fa\u00e7a uma den\u00fancia ou sugira uma reportagem sobre Ribeir\u00e3o Preto e regi\u00e3o pelo WhatsApp: 16 99117 7802.<\/p>\n<p>VEJA TAMB\u00c9M<br \/>Como funciona o \u2018Golpe do Amor\u2019?<\/p>\n<p><!-- CONTENT END 1 -->\n<\/div>\n<\/div>\n<p><script async src=\"\/\/www.instagram.com\/embed.js\"><\/script><br \/>\n<br \/><br \/>\n<br \/><a href=\"https:\/\/www.acidadeon.com\/ribeiraopreto\/cotidiano\/vestibular-unesp-2025-saiba-como-se-inscrever\/\">Source link <\/a><\/p>\n","protected":false},"excerpt":{"rendered":"<p>Nesta quarta-feira (4), come\u00e7aram as inscri\u00e7\u00f5es para o vestibular 2025 da Universidade Estadual Paulista (Unesp), com 6.596 vagas em 24 cidades do estado, incluindo Franca&#8230;<\/p>\n","protected":false},"author":1,"featured_media":63898,"comment_status":"open","ping_status":"open","sticky":false,"template":"","format":"standard","meta":{"_uag_custom_page_level_css":"","advanced_seo_description":"","jetpack_seo_html_title":"","jetpack_seo_noindex":false,"jetpack_post_was_ever_published":false,"_jetpack_newsletter_access":"","_jetpack_dont_email_post_to_subs":false,"_jetpack_newsletter_tier_id":0,"_jetpack_memberships_contains_paywalled_content":false,"_jetpack_memberships_contains_paid_content":false,"footnotes":"","jetpack_publicize_message":"","jetpack_publicize_feature_enabled":true,"jetpack_social_post_already_shared":true,"jetpack_social_options":{"image_generator_settings":{"template":"highway","default_image_id":0,"font":"","enabled":false},"version":2}},"categories":[11],"tags":[],"class_list":["post-63897","post","type-post","status-publish","format-standard","has-post-thumbnail","hentry","category-noticias-de-ribeirao-preto-sp-e-regiao-ismael-colosi"],"jetpack_publicize_connections":[],"jetpack_featured_media_url":"https:\/\/i0.wp.com\/ismaelcolosi.com.br\/wp-content\/uploads\/2024\/09\/unesp-jab_2024-09-04_16-14-53_png_2024-09-04_16-14-54.webp.webp?fit=982%2C619&ssl=1","uagb_featured_image_src":{"full":["https:\/\/i0.wp.com\/ismaelcolosi.com.br\/wp-content\/uploads\/2024\/09\/unesp-jab_2024-09-04_16-14-53_png_2024-09-04_16-14-54.webp.webp?fit=982%2C619&ssl=1",982,619,false],"thumbnail":["https:\/\/i0.wp.com\/ismaelcolosi.com.br\/wp-content\/uploads\/2024\/09\/unesp-jab_2024-09-04_16-14-53_png_2024-09-04_16-14-54.webp.webp?resize=150%2C150&ssl=1",150,150,true],"medium":["https:\/\/i0.wp.com\/ismaelcolosi.com.br\/wp-content\/uploads\/2024\/09\/unesp-jab_2024-09-04_16-14-53_png_2024-09-04_16-14-54.webp.webp?fit=300%2C189&ssl=1",300,189,true],"medium_large":["https:\/\/i0.wp.com\/ismaelcolosi.com.br\/wp-content\/uploads\/2024\/09\/unesp-jab_2024-09-04_16-14-53_png_2024-09-04_16-14-54.webp.webp?fit=768%2C484&ssl=1",768,484,true],"large":["https:\/\/i0.wp.com\/ismaelcolosi.com.br\/wp-content\/uploads\/2024\/09\/unesp-jab_2024-09-04_16-14-53_png_2024-09-04_16-14-54.webp.webp?fit=982%2C619&ssl=1",982,619,true],"1536x1536":["https:\/\/i0.wp.com\/ismaelcolosi.com.br\/wp-content\/uploads\/2024\/09\/unesp-jab_2024-09-04_16-14-53_png_2024-09-04_16-14-54.webp.webp?fit=982%2C619&ssl=1",982,619,true],"2048x2048":["https:\/\/i0.wp.com\/ismaelcolosi.com.br\/wp-content\/uploads\/2024\/09\/unesp-jab_2024-09-04_16-14-53_png_2024-09-04_16-14-54.webp.webp?fit=982%2C619&ssl=1",982,619,true],"really-simple-thumb":["https:\/\/i0.wp.com\/ismaelcolosi.com.br\/wp-content\/uploads\/2024\/09\/unesp-jab_2024-09-04_16-14-53_png_2024-09-04_16-14-54.webp.webp?resize=370%2C247&ssl=1",370,247,true]},"uagb_author_info":{"display_name":"ismaelcolosi.com.br","author_link":"https:\/\/ismaelcolosi.com.br\/index.php\/author\/vidareal-online\/"},"uagb_comment_info":0,"uagb_excerpt":"Nesta quarta-feira (4), come\u00e7aram as inscri\u00e7\u00f5es para o vestibular 2025 da Universidade Estadual Paulista (Unesp), com 6.596 vagas em 24 cidades do estado, incluindo Franca...","jetpack-related-posts":[{"id":31666,"url":"https:\/\/ismaelcolosi.com.br\/index.php\/2024\/01\/23\/cursinho-pre-vestibular-da-usp-ribeirao-esta-com-inscricoes-abertas-saiba-como-participar\/","url_meta":{"origin":63897,"position":0},"title":"Cursinho pr\u00e9-vestibular da USP Ribeir\u00e3o est\u00e1 com inscri\u00e7\u00f5es abertas; Saiba como participar","author":"ismaelcolosi.com.br","date":"23 de January de 2024","format":false,"excerpt":"Est\u00e3o abertas as inscri\u00e7\u00f5es para o cursinho popular da Faculdade de Ci\u00eancias Farmac\u00eauticas de Ribeir\u00e3o Preto (FCFRP) da USP (Universidade de S\u00e3o Paulo). As aulas s\u00e3o oferecidas de maneira extensiva e completamente gratuita. Podem participar da sele\u00e7\u00e3o estudantes que conclu\u00edram o ensino m\u00e9dio ou ainda est\u00e3o cursando, desde que n\u00e3o\u2026","rel":"","context":"In &quot;Not\u00edcias de Ribeir\u00e3o Preto-SP e Regi\u00e3o&quot;","block_context":{"text":"Not\u00edcias de Ribeir\u00e3o Preto-SP e Regi\u00e3o","link":"https:\/\/ismaelcolosi.com.br\/index.php\/category\/noticias-de-ribeirao-preto-sp-e-regiao-ismael-colosi\/"},"img":{"alt_text":"","src":"https:\/\/i0.wp.com\/ismaelcolosi.com.br\/wp-content\/uploads\/2024\/01\/escrevendo_aluno_1200x675_30062022170131.jpg?fit=1200%2C674&ssl=1&resize=350%2C200","width":350,"height":200,"srcset":"https:\/\/i0.wp.com\/ismaelcolosi.com.br\/wp-content\/uploads\/2024\/01\/escrevendo_aluno_1200x675_30062022170131.jpg?fit=1200%2C674&ssl=1&resize=350%2C200 1x, https:\/\/i0.wp.com\/ismaelcolosi.com.br\/wp-content\/uploads\/2024\/01\/escrevendo_aluno_1200x675_30062022170131.jpg?fit=1200%2C674&ssl=1&resize=525%2C300 1.5x, https:\/\/i0.wp.com\/ismaelcolosi.com.br\/wp-content\/uploads\/2024\/01\/escrevendo_aluno_1200x675_30062022170131.jpg?fit=1200%2C674&ssl=1&resize=700%2C400 2x, https:\/\/i0.wp.com\/ismaelcolosi.com.br\/wp-content\/uploads\/2024\/01\/escrevendo_aluno_1200x675_30062022170131.jpg?fit=1200%2C674&ssl=1&resize=1050%2C600 3x"},"classes":[]},{"id":58193,"url":"https:\/\/ismaelcolosi.com.br\/index.php\/2024\/07\/29\/unesp-reabre-concurso-publico-com-salarios-de-r-10-mil-na-regiao-de-ribeirao-preto\/","url_meta":{"origin":63897,"position":1},"title":"Unesp reabre concurso p\u00fablico com sal\u00e1rios de R$ 10 mil na regi\u00e3o de Ribeir\u00e3o Preto","author":"ismaelcolosi.com.br","date":"29 de July de 2024","format":false,"excerpt":"A Unesp (Universidade Estadual Paulista) publicou edital para reabertura do concurso p\u00fablico para o cargo de assistente de suporte acad\u00eamico com sal\u00e1rios de R$ 10.198,15. A oportunidade \u00e9 para o campus de Jaboticabal, na regi\u00e3o de Ribeir\u00e3o Preto. A vaga \u00e9 para \u00e1rea de atua\u00e7\u00e3o de Cole\u00e7\u00e3o Biol\u00f3gica e Patrim\u00f4nio\u2026","rel":"","context":"In &quot;Not\u00edcias de Ribeir\u00e3o Preto-SP e Regi\u00e3o&quot;","block_context":{"text":"Not\u00edcias de Ribeir\u00e3o Preto-SP e Regi\u00e3o","link":"https:\/\/ismaelcolosi.com.br\/index.php\/category\/noticias-de-ribeirao-preto-sp-e-regiao-ismael-colosi\/"},"img":{"alt_text":"","src":"https:\/\/i0.wp.com\/ismaelcolosi.com.br\/wp-content\/uploads\/2024\/07\/concurso-publico-nacional-unificado-cesgranrio.jpg?fit=1200%2C798&ssl=1&resize=350%2C200","width":350,"height":200,"srcset":"https:\/\/i0.wp.com\/ismaelcolosi.com.br\/wp-content\/uploads\/2024\/07\/concurso-publico-nacional-unificado-cesgranrio.jpg?fit=1200%2C798&ssl=1&resize=350%2C200 1x, https:\/\/i0.wp.com\/ismaelcolosi.com.br\/wp-content\/uploads\/2024\/07\/concurso-publico-nacional-unificado-cesgranrio.jpg?fit=1200%2C798&ssl=1&resize=525%2C300 1.5x, https:\/\/i0.wp.com\/ismaelcolosi.com.br\/wp-content\/uploads\/2024\/07\/concurso-publico-nacional-unificado-cesgranrio.jpg?fit=1200%2C798&ssl=1&resize=700%2C400 2x, https:\/\/i0.wp.com\/ismaelcolosi.com.br\/wp-content\/uploads\/2024\/07\/concurso-publico-nacional-unificado-cesgranrio.jpg?fit=1200%2C798&ssl=1&resize=1050%2C600 3x"},"classes":[]},{"id":55486,"url":"https:\/\/ismaelcolosi.com.br\/index.php\/2024\/07\/03\/inscricoes-para-concurso-publico-da-unesp-com-salario-de-ate-r-10-mil-terminam-amanha\/","url_meta":{"origin":63897,"position":2},"title":"Inscri\u00e7\u00f5es para concurso p\u00fablico da Unesp com sal\u00e1rio de at\u00e9 R$ 10 mil\u00a0terminam amanh\u00e3","author":"ismaelcolosi.com.br","date":"3 de July de 2024","format":false,"excerpt":"A Unesp (Universidade Estadual Paulista) est\u00e1 com inscri\u00e7\u00f5es abertas at\u00e9 \u00e0s 23h59 desta quinta-feira (4), em seis campus no estado de S\u00e3o Paulo, entre eles, em Franca e Jaboticabal, na regi\u00e3o de Ribeir\u00e3o Preto. Os sal\u00e1rios v\u00e3o de R$ 3.486,23 a R$ 10.198,15. Os interessados podem se inscrever no site\u2026","rel":"","context":"In &quot;Not\u00edcias de Ribeir\u00e3o Preto-SP e Regi\u00e3o&quot;","block_context":{"text":"Not\u00edcias de Ribeir\u00e3o Preto-SP e Regi\u00e3o","link":"https:\/\/ismaelcolosi.com.br\/index.php\/category\/noticias-de-ribeirao-preto-sp-e-regiao-ismael-colosi\/"},"img":{"alt_text":"","src":"https:\/\/i0.wp.com\/ismaelcolosi.com.br\/wp-content\/uploads\/2024\/07\/Copia-de-Copia-de-TAMANHO-EXATO-PARA-FOTOS-NO-SISTEMA-NOVO-3_2024-07-03_15-28-29_jpg_2024-07-03_15-28-29.webp.webp?fit=1200%2C675&ssl=1&resize=350%2C200","width":350,"height":200,"srcset":"https:\/\/i0.wp.com\/ismaelcolosi.com.br\/wp-content\/uploads\/2024\/07\/Copia-de-Copia-de-TAMANHO-EXATO-PARA-FOTOS-NO-SISTEMA-NOVO-3_2024-07-03_15-28-29_jpg_2024-07-03_15-28-29.webp.webp?fit=1200%2C675&ssl=1&resize=350%2C200 1x, https:\/\/i0.wp.com\/ismaelcolosi.com.br\/wp-content\/uploads\/2024\/07\/Copia-de-Copia-de-TAMANHO-EXATO-PARA-FOTOS-NO-SISTEMA-NOVO-3_2024-07-03_15-28-29_jpg_2024-07-03_15-28-29.webp.webp?fit=1200%2C675&ssl=1&resize=525%2C300 1.5x, https:\/\/i0.wp.com\/ismaelcolosi.com.br\/wp-content\/uploads\/2024\/07\/Copia-de-Copia-de-TAMANHO-EXATO-PARA-FOTOS-NO-SISTEMA-NOVO-3_2024-07-03_15-28-29_jpg_2024-07-03_15-28-29.webp.webp?fit=1200%2C675&ssl=1&resize=700%2C400 2x, https:\/\/i0.wp.com\/ismaelcolosi.com.br\/wp-content\/uploads\/2024\/07\/Copia-de-Copia-de-TAMANHO-EXATO-PARA-FOTOS-NO-SISTEMA-NOVO-3_2024-07-03_15-28-29_jpg_2024-07-03_15-28-29.webp.webp?fit=1200%2C675&ssl=1&resize=1050%2C600 3x"},"classes":[]},{"id":76663,"url":"https:\/\/ismaelcolosi.com.br\/index.php\/2024\/11\/15\/unesp-aplica-hoje-prova-da-1a-fase-do-vestibular-para-64-mil-candidatos\/","url_meta":{"origin":63897,"position":3},"title":"Unesp aplica hoje prova da 1\u00aa fase do vestibular para 64 mil candidatos","author":"ismaelcolosi.com.br","date":"15 de November de 2024","format":false,"excerpt":"15 de novembro de 202415 de novembro de 202454 Compartilhar0 A Universidade Estadual Paulista (Unesp) realiza nesta sexta-feira (15) a prova da primeira fase do Vestibular 2025, com 64.834 inscritos para 6.596 vagas em cursos de 24 cidades de todas as regi\u00f5es do estado. Os candidatos podem consultar o local\u2026","rel":"","context":"In &quot;Not\u00edcias de Ribeir\u00e3o Preto-SP e Regi\u00e3o&quot;","block_context":{"text":"Not\u00edcias de Ribeir\u00e3o Preto-SP e Regi\u00e3o","link":"https:\/\/ismaelcolosi.com.br\/index.php\/category\/noticias-de-ribeirao-preto-sp-e-regiao-ismael-colosi\/"},"img":{"alt_text":"","src":"https:\/\/i0.wp.com\/ismaelcolosi.com.br\/wp-content\/uploads\/2024\/11\/Unesp-scaled.jpg?fit=699%2C500&ssl=1&resize=350%2C200","width":350,"height":200,"srcset":"https:\/\/i0.wp.com\/ismaelcolosi.com.br\/wp-content\/uploads\/2024\/11\/Unesp-scaled.jpg?fit=699%2C500&ssl=1&resize=350%2C200 1x, https:\/\/i0.wp.com\/ismaelcolosi.com.br\/wp-content\/uploads\/2024\/11\/Unesp-scaled.jpg?fit=699%2C500&ssl=1&resize=525%2C300 1.5x"},"classes":[]},{"id":71641,"url":"https:\/\/ismaelcolosi.com.br\/index.php\/2024\/10\/17\/unesp-abre-concurso-publico-com-salarios-de-ate-r-8-mil-no-interior-de-sp\/","url_meta":{"origin":63897,"position":4},"title":"Unesp abre concurso p\u00fablico com sal\u00e1rios de at\u00e9 R$ 8 mil no interior de SP","author":"ismaelcolosi.com.br","date":"17 de October de 2024","format":false,"excerpt":"A Unesp (Universidade Estadual Paulista) publicou edital de concurso p\u00fablico para o cargo de professor substituto para o campus de Franca, no interior de S\u00e3o Paulo. Os sal\u00e1rios para o cargo variam entre R$ 4,8 mil e R$ 8,1 mil, conforme a titula\u00e7\u00e3o do profissional aprovado. A vaga \u00e9 para\u2026","rel":"","context":"In &quot;Not\u00edcias de Ribeir\u00e3o Preto-SP e Regi\u00e3o&quot;","block_context":{"text":"Not\u00edcias de Ribeir\u00e3o Preto-SP e Regi\u00e3o","link":"https:\/\/ismaelcolosi.com.br\/index.php\/category\/noticias-de-ribeirao-preto-sp-e-regiao-ismael-colosi\/"},"img":{"alt_text":"","src":"https:\/\/i0.wp.com\/ismaelcolosi.com.br\/wp-content\/uploads\/2024\/10\/concurso-publico.jpg?fit=1200%2C800&ssl=1&resize=350%2C200","width":350,"height":200,"srcset":"https:\/\/i0.wp.com\/ismaelcolosi.com.br\/wp-content\/uploads\/2024\/10\/concurso-publico.jpg?fit=1200%2C800&ssl=1&resize=350%2C200 1x, https:\/\/i0.wp.com\/ismaelcolosi.com.br\/wp-content\/uploads\/2024\/10\/concurso-publico.jpg?fit=1200%2C800&ssl=1&resize=525%2C300 1.5x, https:\/\/i0.wp.com\/ismaelcolosi.com.br\/wp-content\/uploads\/2024\/10\/concurso-publico.jpg?fit=1200%2C800&ssl=1&resize=700%2C400 2x, https:\/\/i0.wp.com\/ismaelcolosi.com.br\/wp-content\/uploads\/2024\/10\/concurso-publico.jpg?fit=1200%2C800&ssl=1&resize=1050%2C600 3x"},"classes":[]},{"id":68680,"url":"https:\/\/ismaelcolosi.com.br\/index.php\/2024\/10\/01\/quer-estudar-na-usp-ribeirao-preto-veja-como-fazer-a-inscricao-na-fuvest\/","url_meta":{"origin":63897,"position":5},"title":"Quer estudar na USP Ribeir\u00e3o Preto? Veja como fazer a inscri\u00e7\u00e3o na Fuvest","author":"ismaelcolosi.com.br","date":"1 de October de 2024","format":false,"excerpt":"As inscri\u00e7\u00f5es para a Fuvest 2025, principal vestibular de acesso \u00e0 USP (Universidade de S\u00e3o Paulo) terminam ao meio-dia da ter\u00e7a-feira (8). A universidade conta com campus em sete cidades do Estado de S\u00e3o Paulo, incluindo Ribeir\u00e3o Preto \u2013 al\u00e9m de Bauru, Lorena, Piracicaba, Pirassununga, S\u00e3o Carlos e S\u00e3o Paulo.\u2026","rel":"","context":"In &quot;Not\u00edcias de Ribeir\u00e3o Preto-SP e Regi\u00e3o&quot;","block_context":{"text":"Not\u00edcias de Ribeir\u00e3o Preto-SP e Regi\u00e3o","link":"https:\/\/ismaelcolosi.com.br\/index.php\/category\/noticias-de-ribeirao-preto-sp-e-regiao-ismael-colosi\/"},"img":{"alt_text":"","src":"https:\/\/i0.wp.com\/ismaelcolosi.com.br\/wp-content\/uploads\/2024\/10\/CAMPUS-DA-USP-DE-RIBEIRAO-PRETO-1024x683.jpg?fit=1024%2C683&ssl=1&resize=350%2C200","width":350,"height":200,"srcset":"https:\/\/i0.wp.com\/ismaelcolosi.com.br\/wp-content\/uploads\/2024\/10\/CAMPUS-DA-USP-DE-RIBEIRAO-PRETO-1024x683.jpg?fit=1024%2C683&ssl=1&resize=350%2C200 1x, https:\/\/i0.wp.com\/ismaelcolosi.com.br\/wp-content\/uploads\/2024\/10\/CAMPUS-DA-USP-DE-RIBEIRAO-PRETO-1024x683.jpg?fit=1024%2C683&ssl=1&resize=525%2C300 1.5x, https:\/\/i0.wp.com\/ismaelcolosi.com.br\/wp-content\/uploads\/2024\/10\/CAMPUS-DA-USP-DE-RIBEIRAO-PRETO-1024x683.jpg?fit=1024%2C683&ssl=1&resize=700%2C400 2x"},"classes":[]}],"jetpack_sharing_enabled":true,"jetpack_shortlink":"https:\/\/wp.me\/pfMlyK-gCB","_links":{"self":[{"href":"https:\/\/ismaelcolosi.com.br\/index.php\/wp-json\/wp\/v2\/posts\/63897","targetHints":{"allow":["GET"]}}],"collection":[{"href":"https:\/\/ismaelcolosi.com.br\/index.php\/wp-json\/wp\/v2\/posts"}],"about":[{"href":"https:\/\/ismaelcolosi.com.br\/index.php\/wp-json\/wp\/v2\/types\/post"}],"author":[{"embeddable":true,"href":"https:\/\/ismaelcolosi.com.br\/index.php\/wp-json\/wp\/v2\/users\/1"}],"replies":[{"embeddable":true,"href":"https:\/\/ismaelcolosi.com.br\/index.php\/wp-json\/wp\/v2\/comments?post=63897"}],"version-history":[{"count":0,"href":"https:\/\/ismaelcolosi.com.br\/index.php\/wp-json\/wp\/v2\/posts\/63897\/revisions"}],"wp:featuredmedia":[{"embeddable":true,"href":"https:\/\/ismaelcolosi.com.br\/index.php\/wp-json\/wp\/v2\/media\/63898"}],"wp:attachment":[{"href":"https:\/\/ismaelcolosi.com.br\/index.php\/wp-json\/wp\/v2\/media?parent=63897"}],"wp:term":[{"taxonomy":"category","embeddable":true,"href":"https:\/\/ismaelcolosi.com.br\/index.php\/wp-json\/wp\/v2\/categories?post=63897"},{"taxonomy":"post_tag","embeddable":true,"href":"https:\/\/ismaelcolosi.com.br\/index.php\/wp-json\/wp\/v2\/tags?post=63897"}],"curies":[{"name":"wp","href":"https:\/\/api.w.org\/{rel}","templated":true}]}}