{"id":63890,"date":"2024-09-04T13:09:39","date_gmt":"2024-09-04T16:09:39","guid":{"rendered":"https:\/\/ismaelcolosi.com.br\/index.php\/2024\/09\/04\/eleicoes-2024-saiba-como-consultar-o-seu-local-de-votacao\/"},"modified":"2024-09-04T13:09:39","modified_gmt":"2024-09-04T16:09:39","slug":"eleicoes-2024-saiba-como-consultar-o-seu-local-de-votacao","status":"publish","type":"post","link":"https:\/\/ismaelcolosi.com.br\/index.php\/2024\/09\/04\/eleicoes-2024-saiba-como-consultar-o-seu-local-de-votacao\/","title":{"rendered":"Elei\u00e7\u00f5es 2024: Saiba como consultar o seu local de vota\u00e7\u00e3o"},"content":{"rendered":"<p> <br \/>\n<\/p>\n<div>\n<p>As eleitoras e eleitores que solicitaram a transfer\u00eancia tempor\u00e1ria do local de vota\u00e7\u00e3o j\u00e1 podem consultar, por meio do<strong> <a href=\"https:\/\/www.tse.jus.br\/eleicoes\/eleicoes-2024-content\/aplicativos-justica-eleitoral\/\" target=\"_blank\" rel=\"noreferrer noopener nofollow\">e-T\u00edtulo<\/a><\/strong>, o aplicativo da <strong><a href=\"https:\/\/www.tse.jus.br\/servicos-eleitorais\/servicos\" target=\"_blank\" rel=\"noreferrer noopener nofollow\">Justi\u00e7a Eleitoral<\/a><\/strong>, onde v\u00e3o votar nas <strong>Elei\u00e7\u00f5es Municipais de 2024<\/strong>.\u00a0\u00a0<\/p>\n<p>Tamb\u00e9m \u00e9 poss\u00edvel fazer a pesquisa pelo <a href=\"https:\/\/www.tse.jus.br\/servicos-eleitorais\/servicos\" target=\"_blank\" rel=\"noreferrer noopener nofollow\">Portal do <strong>TSE (Tribunal Superior Eleitoral)<\/strong>, no link \u201cLocal de Vota\u00e7\u00e3o\u201d, no menu lateral \u201cServi\u00e7os\u201d, \u00e0 direta da p\u00e1gina.<\/a><\/p>\n<p>O servi\u00e7o de consulta j\u00e1 est\u00e1 atualizado com as informa\u00e7\u00f5es sobre a transfer\u00eancia tempor\u00e1ria da eleitora ou do eleitor, atendendo ao que estabelece a Resolu\u00e7\u00e3o TSE n\u00ba 23.736, de 2024, que trata dos atos gerais do processo eleitoral para as elei\u00e7\u00f5es deste ano.\u00a0 \u202f\u00a0\u00a0\u00a0<\/p>\n<h4 class=\"wp-block-heading\"><strong>Passo a passo pelo e-T\u00edtulo\u00a0<\/strong><\/h4>\n<p>No aplicativo, logo no in\u00edcio, aparecem as informa\u00e7\u00f5es completas da eleitora e do eleitor, como o nome, o n\u00famero do t\u00edtulo, se a pessoa j\u00e1 tem a biometria coletada, a data de nascimento e a filia\u00e7\u00e3o (nome do pai e da m\u00e3e), assim como a zona e a se\u00e7\u00e3o eleitorais. Tudo isso pode ser conferido com o c\u00f3digo de valida\u00e7\u00e3o, por meio de um QR Code.<\/p>\n<p>O e-T\u00edtulo tamb\u00e9m oferece a op\u00e7\u00e3o \u201cOnde Votar\u201d. Nela, h\u00e1 informa\u00e7\u00f5es completas sobre o local de vota\u00e7\u00e3o e a possibilidade de serem consultadas as melhores rotas para se chegar ao destino, por meio do uso de aplicativos de mobilidade urbana (Waze, Moovit, Uber e Google Maps).\u00a0\u00a0\u00a0<\/p>\n<h4 class=\"wp-block-heading\"><strong>Passo a passo pela p\u00e1gina do TSE\u00a0\u00a0\u00a0<\/strong><\/h4>\n<p>Por\u00e9m, se a eleitora e o eleitor preferirem fazer a pesquisa do local de vota\u00e7\u00e3o pelo site do TSE, s\u00f3 \u00e9 preciso clicar em \u201cServi\u00e7os Eleitorais\u201d, na aba superior, e selecionar \u201cAutoatendimento Eleitoral\u201d.<\/p>\n<p>Clicando no \u00edcone \u201cT\u00edtulo de Eleitor\u201d, \u00e9 poss\u00edvel confirmar o local de vota\u00e7\u00e3o. J\u00e1 em \u201cTransfer\u00eancia Tempor\u00e1ria\u201d, \u00e9 poss\u00edvel consultar o novo local solicitado para a vota\u00e7\u00e3o tempor\u00e1ria.\u00a0\u00a0<\/p>\n<h4 class=\"wp-block-heading\"><strong>Vota\u00e7\u00e3o tempor\u00e1ria\u00a0\u00a0\u00a0<\/strong><\/h4>\n<p>Em algumas situa\u00e7\u00f5es, a Resolu\u00e7\u00e3o TSE n\u00ba 23.736, de 2024 permitiu \u00e0 eleitora e ao eleitor a transfer\u00eancia tempor\u00e1ria da se\u00e7\u00e3o eleitoral para facilitar a vota\u00e7\u00e3o no 1\u00ba e no 2\u00ba turno das Elei\u00e7\u00f5es 2024. Os prazos para os pedidos de transfer\u00eancia tempor\u00e1ria terminaram em agosto.\u00a0\u00a0\u00a0<\/p>\n<p>A transfer\u00eancia tempor\u00e1ria possibilita que as pessoas que t\u00eam dificuldade de locomo\u00e7\u00e3o, que estejam privadas provisoriamente de liberdade ou que ir\u00e3o trabalhar no dia do pleito votem em se\u00e7\u00f5es eleitorais diferentes daquelas em que estejam originalmente registradas. No entanto, essa transfer\u00eancia s\u00f3 abrange se\u00e7\u00f5es no mesmo munic\u00edpio.\u00a0\u00a0\u00a0\u00a0<\/p>\n<p>A possibilidade de transfer\u00eancia tempor\u00e1ria do local de vota\u00e7\u00e3o vigorou para:\u00a0\u00a0<\/p>\n<ul>\n<li>militares, agentes de seguran\u00e7a e guardas municipais em servi\u00e7o no dia da elei\u00e7\u00e3o;\u00a0\u00a0\u00a0\u00a0<\/li>\n<\/ul>\n<ul>\n<li> pessoas com defici\u00eancia ou com mobilidade reduzida, ind\u00edgenas, quilombolas, integrantes de comunidades tradicionais e residentes de assentamentos rurais;\u00a0\u00a0\u00a0<\/li>\n<\/ul>\n<ul>\n<li> mes\u00e1rias e mes\u00e1rios e pessoas convocadas para apoio log\u00edstico no dia das elei\u00e7\u00f5es;\u00a0\u00a0\u00a0\u00a0<\/li>\n<\/ul>\n<ul>\n<li> ju\u00edzas e ju\u00edzes eleitorais, ju\u00edzas e ju\u00edzes auxiliares, servidoras e servidores da Justi\u00e7a Eleitoral e promotoras e promotores eleitorais em servi\u00e7o no dia das elei\u00e7\u00f5es;\u00a0\u00a0\u00a0\u00a0<\/li>\n<\/ul>\n<ul>\n<li> presas e presos provis\u00f3rios, adolescentes em unidades de interna\u00e7\u00e3o;\u00a0<\/li>\n<\/ul>\n<ul>\n<li> agentes penitenci\u00e1rios, policiais penais e servidoras e servidores de estabelecimentos penais e de unidades de interna\u00e7\u00e3o de adolescentes custodiados nos quais haver\u00e1 instala\u00e7\u00e3o de servi\u00e7os eleitorais.\u00a0\u00a0\u00a0<\/li>\n<\/ul>\n<p>SAIBA MAIS<br \/>Bebedouro ter\u00e1 debate de candidatos a prefeito em evento promovido pelo Grupo EP<\/p>\n<h4 class=\"wp-block-heading\"><strong>FIQUE ON<\/strong><\/h4>\n<p>Fique ligado em tudo que acontece em Ribeir\u00e3o Preto e regi\u00e3o. Siga os perfis do <strong>acidade on<\/strong> no <a href=\"https:\/\/www.instagram.com\/acidadeonribeirao\" target=\"_blank\" rel=\"noreferrer noopener nofollow\">Instagram<\/a> e no <a href=\"https:\/\/www.facebook.com\/acidadeonribeirao\/\" target=\"_blank\" rel=\"noreferrer noopener nofollow\">Facebook<\/a>.<\/p>\n<p>Receba not\u00edcias do <strong>acidade on<\/strong> no WhatsApp. <a href=\"https:\/\/chat.whatsapp.com\/Dtv9mxhy6V5BJBotM2OQ5k\" target=\"_blank\" rel=\"noreferrer noopener nofollow\">Para entrar no grupo, basta clicar aqui.<\/a><\/p>\n<p>Fa\u00e7a uma den\u00fancia ou sugira uma reportagem sobre Ribeir\u00e3o Preto e regi\u00e3o pelo WhatsApp: 16 99117 7802.<\/p>\n<p>VEJA TAMB\u00c9M<br \/>Como usar a calculadora de simula\u00e7\u00e3o do INSS?<\/p>\n<p><!-- CONTENT END 1 -->\n<\/div>\n<p><script async src=\"\/\/www.instagram.com\/embed.js\"><\/script><br \/>\n<br \/><br \/>\n<br \/><a href=\"https:\/\/www.acidadeon.com\/ribeiraopreto\/politica\/eleicoes\/eleicoes-2024-saiba-como-consultar-o-seu-local-de-votacao\/\">Source link <\/a><\/p>\n","protected":false},"excerpt":{"rendered":"<p>As eleitoras e eleitores que solicitaram a transfer\u00eancia tempor\u00e1ria do local de vota\u00e7\u00e3o j\u00e1 podem consultar, por meio do e-T\u00edtulo, o aplicativo da Justi\u00e7a Eleitoral,&#8230;<\/p>\n","protected":false},"author":1,"featured_media":57405,"comment_status":"open","ping_status":"open","sticky":false,"template":"","format":"standard","meta":{"_uag_custom_page_level_css":"","advanced_seo_description":"","jetpack_seo_html_title":"","jetpack_seo_noindex":false,"jetpack_post_was_ever_published":false,"_jetpack_newsletter_access":"","_jetpack_dont_email_post_to_subs":false,"_jetpack_newsletter_tier_id":0,"_jetpack_memberships_contains_paywalled_content":false,"_jetpack_memberships_contains_paid_content":false,"footnotes":"","jetpack_publicize_message":"","jetpack_publicize_feature_enabled":true,"jetpack_social_post_already_shared":true,"jetpack_social_options":{"image_generator_settings":{"template":"highway","default_image_id":0,"font":"","enabled":false},"version":2}},"categories":[11],"tags":[],"class_list":["post-63890","post","type-post","status-publish","format-standard","has-post-thumbnail","hentry","category-noticias-de-ribeirao-preto-sp-e-regiao-ismael-colosi"],"jetpack_publicize_connections":[],"jetpack_featured_media_url":"https:\/\/i0.wp.com\/ismaelcolosi.com.br\/wp-content\/uploads\/2024\/07\/urna-eletronica_2024-07-20_21-25-53_jpg_2024-07-20_21-25-53.webp.webp?fit=1170%2C700&ssl=1","uagb_featured_image_src":{"full":["https:\/\/i0.wp.com\/ismaelcolosi.com.br\/wp-content\/uploads\/2024\/07\/urna-eletronica_2024-07-20_21-25-53_jpg_2024-07-20_21-25-53.webp.webp?fit=1170%2C700&ssl=1",1170,700,false],"thumbnail":["https:\/\/i0.wp.com\/ismaelcolosi.com.br\/wp-content\/uploads\/2024\/07\/urna-eletronica_2024-07-20_21-25-53_jpg_2024-07-20_21-25-53.webp.webp?resize=150%2C150&ssl=1",150,150,true],"medium":["https:\/\/i0.wp.com\/ismaelcolosi.com.br\/wp-content\/uploads\/2024\/07\/urna-eletronica_2024-07-20_21-25-53_jpg_2024-07-20_21-25-53.webp.webp?fit=300%2C179&ssl=1",300,179,true],"medium_large":["https:\/\/i0.wp.com\/ismaelcolosi.com.br\/wp-content\/uploads\/2024\/07\/urna-eletronica_2024-07-20_21-25-53_jpg_2024-07-20_21-25-53.webp.webp?fit=768%2C459&ssl=1",768,459,true],"large":["https:\/\/i0.wp.com\/ismaelcolosi.com.br\/wp-content\/uploads\/2024\/07\/urna-eletronica_2024-07-20_21-25-53_jpg_2024-07-20_21-25-53.webp.webp?fit=1024%2C613&ssl=1",1024,613,true],"1536x1536":["https:\/\/i0.wp.com\/ismaelcolosi.com.br\/wp-content\/uploads\/2024\/07\/urna-eletronica_2024-07-20_21-25-53_jpg_2024-07-20_21-25-53.webp.webp?fit=1170%2C700&ssl=1",1170,700,true],"2048x2048":["https:\/\/i0.wp.com\/ismaelcolosi.com.br\/wp-content\/uploads\/2024\/07\/urna-eletronica_2024-07-20_21-25-53_jpg_2024-07-20_21-25-53.webp.webp?fit=1170%2C700&ssl=1",1170,700,true],"really-simple-thumb":["https:\/\/i0.wp.com\/ismaelcolosi.com.br\/wp-content\/uploads\/2024\/07\/urna-eletronica_2024-07-20_21-25-53_jpg_2024-07-20_21-25-53.webp.webp?resize=370%2C247&ssl=1",370,247,true]},"uagb_author_info":{"display_name":"ismaelcolosi.com.br","author_link":"https:\/\/ismaelcolosi.com.br\/index.php\/author\/vidareal-online\/"},"uagb_comment_info":0,"uagb_excerpt":"As eleitoras e eleitores que solicitaram a transfer\u00eancia tempor\u00e1ria do local de vota\u00e7\u00e3o j\u00e1 podem consultar, por meio do e-T\u00edtulo, o aplicativo da Justi\u00e7a Eleitoral,...","jetpack-related-posts":[{"id":68514,"url":"https:\/\/ismaelcolosi.com.br\/index.php\/2024\/09\/30\/veja-mapa-interativo-com-todos-os-locais-de-votacao-em-ribeirao-preto\/","url_meta":{"origin":63890,"position":0},"title":"Veja mapa interativo com todos os locais de vota\u00e7\u00e3o em Ribeir\u00e3o Preto","author":"ismaelcolosi.com.br","date":"30 de September de 2024","format":false,"excerpt":"O 1\u00ba turno das Elei\u00e7\u00f5es Municipais de 2024 acontece neste domingo (6), das 8h \u00e0s 17h, em diversas institui\u00e7\u00f5es de Ribeir\u00e3o Preto. Com isso, o portal acidade on preparou um mapa com todos os locais de vota\u00e7\u00e3o na cidade. Os locais foram agrupados conforme rela\u00e7\u00e3o enviada a reportagem pelas zonas\u2026","rel":"","context":"In &quot;Not\u00edcias de Ribeir\u00e3o Preto-SP e Regi\u00e3o&quot;","block_context":{"text":"Not\u00edcias de Ribeir\u00e3o Preto-SP e Regi\u00e3o","link":"https:\/\/ismaelcolosi.com.br\/index.php\/category\/noticias-de-ribeirao-preto-sp-e-regiao-ismael-colosi\/"},"img":{"alt_text":"","src":"https:\/\/i0.wp.com\/ismaelcolosi.com.br\/wp-content\/uploads\/2024\/09\/Copia-de-Copia-de-Copia-de-TAMANHO-EXATO-PARA-FOTOS-NO-SISTEMA-NOVO-82_2024-09-30_17-21-38_png_2024-09-30_17-21-38.webp.webp?fit=1200%2C675&ssl=1&resize=350%2C200","width":350,"height":200,"srcset":"https:\/\/i0.wp.com\/ismaelcolosi.com.br\/wp-content\/uploads\/2024\/09\/Copia-de-Copia-de-Copia-de-TAMANHO-EXATO-PARA-FOTOS-NO-SISTEMA-NOVO-82_2024-09-30_17-21-38_png_2024-09-30_17-21-38.webp.webp?fit=1200%2C675&ssl=1&resize=350%2C200 1x, https:\/\/i0.wp.com\/ismaelcolosi.com.br\/wp-content\/uploads\/2024\/09\/Copia-de-Copia-de-Copia-de-TAMANHO-EXATO-PARA-FOTOS-NO-SISTEMA-NOVO-82_2024-09-30_17-21-38_png_2024-09-30_17-21-38.webp.webp?fit=1200%2C675&ssl=1&resize=525%2C300 1.5x, https:\/\/i0.wp.com\/ismaelcolosi.com.br\/wp-content\/uploads\/2024\/09\/Copia-de-Copia-de-Copia-de-TAMANHO-EXATO-PARA-FOTOS-NO-SISTEMA-NOVO-82_2024-09-30_17-21-38_png_2024-09-30_17-21-38.webp.webp?fit=1200%2C675&ssl=1&resize=700%2C400 2x, https:\/\/i0.wp.com\/ismaelcolosi.com.br\/wp-content\/uploads\/2024\/09\/Copia-de-Copia-de-Copia-de-TAMANHO-EXATO-PARA-FOTOS-NO-SISTEMA-NOVO-82_2024-09-30_17-21-38_png_2024-09-30_17-21-38.webp.webp?fit=1200%2C675&ssl=1&resize=1050%2C600 3x"},"classes":[]},{"id":57532,"url":"https:\/\/ismaelcolosi.com.br\/index.php\/2024\/07\/22\/tse-libera-prazo-para-transferencia-temporaria-de-locais-de-votacao-veja-quem-pode-solicitar\/","url_meta":{"origin":63890,"position":1},"title":"TSE libera prazo para transfer\u00eancia tempor\u00e1ria de locais de vota\u00e7\u00e3o; Veja quem pode solicitar","author":"ismaelcolosi.com.br","date":"22 de July de 2024","format":false,"excerpt":"O TSE (Tribunal Eleitoral Superior) liberou, nesta segunda-feira (22), o prazo para que eleitores que precisam alterar a se\u00e7\u00e3o ou local de vota\u00e7\u00e3o, no mesmo munic\u00edpio, para as elei\u00e7\u00f5es deste ano, possam solicitar a transfer\u00eancia tempor\u00e1ria. A solicita\u00e7\u00e3o pode ser feita at\u00e9 o dia 22 de agosto. O objetivo da\u2026","rel":"","context":"In &quot;Not\u00edcias de Ribeir\u00e3o Preto-SP e Regi\u00e3o&quot;","block_context":{"text":"Not\u00edcias de Ribeir\u00e3o Preto-SP e Regi\u00e3o","link":"https:\/\/ismaelcolosi.com.br\/index.php\/category\/noticias-de-ribeirao-preto-sp-e-regiao-ismael-colosi\/"},"img":{"alt_text":"","src":"https:\/\/i0.wp.com\/ismaelcolosi.com.br\/wp-content\/uploads\/2024\/07\/Copia-de-Copia-de-TAMANHO-EXATO-PARA-FOTOS-NO-SISTEMA-NOVO-5_2024-07-22_17-58-13_jpg_2024-07-22_17-58-13.webp.webp?fit=1200%2C675&ssl=1&resize=350%2C200","width":350,"height":200,"srcset":"https:\/\/i0.wp.com\/ismaelcolosi.com.br\/wp-content\/uploads\/2024\/07\/Copia-de-Copia-de-TAMANHO-EXATO-PARA-FOTOS-NO-SISTEMA-NOVO-5_2024-07-22_17-58-13_jpg_2024-07-22_17-58-13.webp.webp?fit=1200%2C675&ssl=1&resize=350%2C200 1x, https:\/\/i0.wp.com\/ismaelcolosi.com.br\/wp-content\/uploads\/2024\/07\/Copia-de-Copia-de-TAMANHO-EXATO-PARA-FOTOS-NO-SISTEMA-NOVO-5_2024-07-22_17-58-13_jpg_2024-07-22_17-58-13.webp.webp?fit=1200%2C675&ssl=1&resize=525%2C300 1.5x, https:\/\/i0.wp.com\/ismaelcolosi.com.br\/wp-content\/uploads\/2024\/07\/Copia-de-Copia-de-TAMANHO-EXATO-PARA-FOTOS-NO-SISTEMA-NOVO-5_2024-07-22_17-58-13_jpg_2024-07-22_17-58-13.webp.webp?fit=1200%2C675&ssl=1&resize=700%2C400 2x, https:\/\/i0.wp.com\/ismaelcolosi.com.br\/wp-content\/uploads\/2024\/07\/Copia-de-Copia-de-TAMANHO-EXATO-PARA-FOTOS-NO-SISTEMA-NOVO-5_2024-07-22_17-58-13_jpg_2024-07-22_17-58-13.webp.webp?fit=1200%2C675&ssl=1&resize=1050%2C600 3x"},"classes":[]},{"id":69422,"url":"https:\/\/ismaelcolosi.com.br\/index.php\/2024\/10\/05\/saiba-como-consultar-o-local-de-votacao-em-ribeirao-preto-nas-eleicoes-2024\/","url_meta":{"origin":63890,"position":2},"title":"Saiba como consultar o local de vota\u00e7\u00e3o em Ribeir\u00e3o Preto nas elei\u00e7\u00f5es 2024","author":"ismaelcolosi.com.br","date":"5 de October de 2024","format":false,"excerpt":"O 1\u00ba turno das elei\u00e7\u00f5es municipais de 2024 acontece neste domingo (6), das 8h \u00e0s 17h. E, Ribeir\u00e3o Preto conta 115 locais de vota\u00e7\u00e3o e mais de 477 mil eleitores registrados para escolher o pr\u00f3ximo prefeito e os 22 vereadores a partir de 1\u00ba de janeiro de 2025. A Justi\u00e7a\u2026","rel":"","context":"In &quot;Not\u00edcias de Ribeir\u00e3o Preto-SP e Regi\u00e3o&quot;","block_context":{"text":"Not\u00edcias de Ribeir\u00e3o Preto-SP e Regi\u00e3o","link":"https:\/\/ismaelcolosi.com.br\/index.php\/category\/noticias-de-ribeirao-preto-sp-e-regiao-ismael-colosi\/"},"img":{"alt_text":"","src":"https:\/\/i0.wp.com\/ismaelcolosi.com.br\/wp-content\/uploads\/2024\/10\/urna-eletronica.jpg?fit=1170%2C700&ssl=1&resize=350%2C200","width":350,"height":200,"srcset":"https:\/\/i0.wp.com\/ismaelcolosi.com.br\/wp-content\/uploads\/2024\/10\/urna-eletronica.jpg?fit=1170%2C700&ssl=1&resize=350%2C200 1x, https:\/\/i0.wp.com\/ismaelcolosi.com.br\/wp-content\/uploads\/2024\/10\/urna-eletronica.jpg?fit=1170%2C700&ssl=1&resize=525%2C300 1.5x, https:\/\/i0.wp.com\/ismaelcolosi.com.br\/wp-content\/uploads\/2024\/10\/urna-eletronica.jpg?fit=1170%2C700&ssl=1&resize=700%2C400 2x, https:\/\/i0.wp.com\/ismaelcolosi.com.br\/wp-content\/uploads\/2024\/10\/urna-eletronica.jpg?fit=1170%2C700&ssl=1&resize=1050%2C600 3x"},"classes":[]},{"id":73513,"url":"https:\/\/ismaelcolosi.com.br\/index.php\/2024\/10\/27\/eleitores-voltam-as-urnas-para-o-2o-turno-das-eleicoes-regras-e-orientacoes-essenciais\/","url_meta":{"origin":63890,"position":3},"title":"Eleitores Voltam \u00e0s Urnas para o 2\u00ba Turno das Elei\u00e7\u00f5es: Regras e Orienta\u00e7\u00f5es Essenciais","author":"ismaelcolosi.com.br","date":"27 de October de 2024","format":false,"excerpt":"Neste domingo, milh\u00f5es de brasileiros voltar\u00e3o \u00e0s urnas para decidir o 2\u00ba turno das elei\u00e7\u00f5es municipais e estaduais. Em disputa, est\u00e3o as prefeituras de diversas capitais e cidades importantes, al\u00e9m do cargo de governador em estados onde nenhum candidato atingiu mais de 50% dos votos no primeiro turno. Com um\u2026","rel":"","context":"In &quot;Not\u00edcias de Ribeir\u00e3o Preto-SP e Regi\u00e3o&quot;","block_context":{"text":"Not\u00edcias de Ribeir\u00e3o Preto-SP e Regi\u00e3o","link":"https:\/\/ismaelcolosi.com.br\/index.php\/category\/noticias-de-ribeirao-preto-sp-e-regiao-ismael-colosi\/"},"img":{"alt_text":"","src":"https:\/\/i0.wp.com\/ismaelcolosi.com.br\/wp-content\/uploads\/2024\/10\/mg_2141_01.webp.webp?fit=1170%2C700&ssl=1&resize=350%2C200","width":350,"height":200,"srcset":"https:\/\/i0.wp.com\/ismaelcolosi.com.br\/wp-content\/uploads\/2024\/10\/mg_2141_01.webp.webp?fit=1170%2C700&ssl=1&resize=350%2C200 1x, https:\/\/i0.wp.com\/ismaelcolosi.com.br\/wp-content\/uploads\/2024\/10\/mg_2141_01.webp.webp?fit=1170%2C700&ssl=1&resize=525%2C300 1.5x, https:\/\/i0.wp.com\/ismaelcolosi.com.br\/wp-content\/uploads\/2024\/10\/mg_2141_01.webp.webp?fit=1170%2C700&ssl=1&resize=700%2C400 2x, https:\/\/i0.wp.com\/ismaelcolosi.com.br\/wp-content\/uploads\/2024\/10\/mg_2141_01.webp.webp?fit=1170%2C700&ssl=1&resize=1050%2C600 3x"},"classes":[]},{"id":69441,"url":"https:\/\/ismaelcolosi.com.br\/index.php\/2024\/10\/05\/ribeirao-preto-tem-onibus-gratuito-neste-domingo-de-eleicoes-confira-horario\/","url_meta":{"origin":63890,"position":4},"title":"Ribeir\u00e3o Preto tem \u00f4nibus gratuito neste domingo de elei\u00e7\u00f5es; Confira hor\u00e1rio","author":"ismaelcolosi.com.br","date":"5 de October de 2024","format":false,"excerpt":"O transporte p\u00fablico de Ribeir\u00e3o Preto ser\u00e1 gratuito neste domingo (6), data do primeiro turno das elei\u00e7\u00f5es municipais de 2024. O decreto assinado pelo prefeito Duarte Nogueira (PSDB) estabelece o passe livre nos \u00f4nibus entre 6h e 20h. A medida determina que a frota seja suficiente para transportar todos os\u2026","rel":"","context":"In &quot;Not\u00edcias de Ribeir\u00e3o Preto-SP e Regi\u00e3o&quot;","block_context":{"text":"Not\u00edcias de Ribeir\u00e3o Preto-SP e Regi\u00e3o","link":"https:\/\/ismaelcolosi.com.br\/index.php\/category\/noticias-de-ribeirao-preto-sp-e-regiao-ismael-colosi\/"},"img":{"alt_text":"","src":"https:\/\/i0.wp.com\/ismaelcolosi.com.br\/wp-content\/uploads\/2024\/10\/Copia-de-Copia-de-TAMANHO-EXATO-PARA-FOTOS-NO-SISTEMA-NOVO-48.webp.webp?fit=1200%2C675&ssl=1&resize=350%2C200","width":350,"height":200,"srcset":"https:\/\/i0.wp.com\/ismaelcolosi.com.br\/wp-content\/uploads\/2024\/10\/Copia-de-Copia-de-TAMANHO-EXATO-PARA-FOTOS-NO-SISTEMA-NOVO-48.webp.webp?fit=1200%2C675&ssl=1&resize=350%2C200 1x, https:\/\/i0.wp.com\/ismaelcolosi.com.br\/wp-content\/uploads\/2024\/10\/Copia-de-Copia-de-TAMANHO-EXATO-PARA-FOTOS-NO-SISTEMA-NOVO-48.webp.webp?fit=1200%2C675&ssl=1&resize=525%2C300 1.5x, https:\/\/i0.wp.com\/ismaelcolosi.com.br\/wp-content\/uploads\/2024\/10\/Copia-de-Copia-de-TAMANHO-EXATO-PARA-FOTOS-NO-SISTEMA-NOVO-48.webp.webp?fit=1200%2C675&ssl=1&resize=700%2C400 2x, https:\/\/i0.wp.com\/ismaelcolosi.com.br\/wp-content\/uploads\/2024\/10\/Copia-de-Copia-de-TAMANHO-EXATO-PARA-FOTOS-NO-SISTEMA-NOVO-48.webp.webp?fit=1200%2C675&ssl=1&resize=1050%2C600 3x"},"classes":[]},{"id":39537,"url":"https:\/\/ismaelcolosi.com.br\/index.php\/2024\/02\/26\/tse-vota-nesta-terca-regra-para-inteligencia-artificial-nas-eleicoes\/","url_meta":{"origin":63890,"position":5},"title":"TSE vota nesta ter\u00e7a regra para intelig\u00eancia artificial nas elei\u00e7\u00f5es","author":"ismaelcolosi.com.br","date":"26 de February de 2024","format":false,"excerpt":"26 de fevereiro de 2024 | 16:47 0O plen\u00e1rio do Tribunal Superior Eleitoral (TSE) marcou para a sess\u00e3o desta ter\u00e7a-feira (27) a vota\u00e7\u00e3o das regras para a elei\u00e7\u00e3o municipal de outubro, com destaque para a resolu\u00e7\u00e3o sobre propaganda eleitoral, que deve disciplinar o uso de tecnologias de intelig\u00eancia artificial (IA)\u2026","rel":"","context":"In &quot;Not\u00edcias de Ribeir\u00e3o Preto-SP e Regi\u00e3o&quot;","block_context":{"text":"Not\u00edcias de Ribeir\u00e3o Preto-SP e Regi\u00e3o","link":"https:\/\/ismaelcolosi.com.br\/index.php\/category\/noticias-de-ribeirao-preto-sp-e-regiao-ismael-colosi\/"},"img":{"alt_text":"","src":"https:\/\/i0.wp.com\/ismaelcolosi.com.br\/wp-content\/uploads\/2024\/02\/f7995f4d-71b2-4df9-91c1-3a5673449f4c-scaled.jpg?fit=1000%2C598&ssl=1&resize=350%2C200","width":350,"height":200,"srcset":"https:\/\/i0.wp.com\/ismaelcolosi.com.br\/wp-content\/uploads\/2024\/02\/f7995f4d-71b2-4df9-91c1-3a5673449f4c-scaled.jpg?fit=1000%2C598&ssl=1&resize=350%2C200 1x, https:\/\/i0.wp.com\/ismaelcolosi.com.br\/wp-content\/uploads\/2024\/02\/f7995f4d-71b2-4df9-91c1-3a5673449f4c-scaled.jpg?fit=1000%2C598&ssl=1&resize=525%2C300 1.5x, https:\/\/i0.wp.com\/ismaelcolosi.com.br\/wp-content\/uploads\/2024\/02\/f7995f4d-71b2-4df9-91c1-3a5673449f4c-scaled.jpg?fit=1000%2C598&ssl=1&resize=700%2C400 2x"},"classes":[]}],"jetpack_sharing_enabled":true,"jetpack_shortlink":"https:\/\/wp.me\/pfMlyK-gCu","_links":{"self":[{"href":"https:\/\/ismaelcolosi.com.br\/index.php\/wp-json\/wp\/v2\/posts\/63890","targetHints":{"allow":["GET"]}}],"collection":[{"href":"https:\/\/ismaelcolosi.com.br\/index.php\/wp-json\/wp\/v2\/posts"}],"about":[{"href":"https:\/\/ismaelcolosi.com.br\/index.php\/wp-json\/wp\/v2\/types\/post"}],"author":[{"embeddable":true,"href":"https:\/\/ismaelcolosi.com.br\/index.php\/wp-json\/wp\/v2\/users\/1"}],"replies":[{"embeddable":true,"href":"https:\/\/ismaelcolosi.com.br\/index.php\/wp-json\/wp\/v2\/comments?post=63890"}],"version-history":[{"count":0,"href":"https:\/\/ismaelcolosi.com.br\/index.php\/wp-json\/wp\/v2\/posts\/63890\/revisions"}],"wp:featuredmedia":[{"embeddable":true,"href":"https:\/\/ismaelcolosi.com.br\/index.php\/wp-json\/wp\/v2\/media\/57405"}],"wp:attachment":[{"href":"https:\/\/ismaelcolosi.com.br\/index.php\/wp-json\/wp\/v2\/media?parent=63890"}],"wp:term":[{"taxonomy":"category","embeddable":true,"href":"https:\/\/ismaelcolosi.com.br\/index.php\/wp-json\/wp\/v2\/categories?post=63890"},{"taxonomy":"post_tag","embeddable":true,"href":"https:\/\/ismaelcolosi.com.br\/index.php\/wp-json\/wp\/v2\/tags?post=63890"}],"curies":[{"name":"wp","href":"https:\/\/api.w.org\/{rel}","templated":true}]}}