{"id":63880,"date":"2024-09-04T12:30:13","date_gmt":"2024-09-04T15:30:13","guid":{"rendered":"https:\/\/ismaelcolosi.com.br\/index.php\/2024\/09\/04\/alemanha-aprova-reforma-da-previdencia-entenda\/"},"modified":"2024-09-04T12:30:13","modified_gmt":"2024-09-04T15:30:13","slug":"alemanha-aprova-reforma-da-previdencia-entenda","status":"publish","type":"post","link":"https:\/\/ismaelcolosi.com.br\/index.php\/2024\/09\/04\/alemanha-aprova-reforma-da-previdencia-entenda\/","title":{"rendered":"Alemanha aprova reforma da previd\u00eancia; entenda"},"content":{"rendered":"<p> <br \/>\n<\/p>\n<div>\n<p>\u00a0<\/p>\n<div class=\"accessibility\">\n<p>Acessibilidade<\/p>\n<p>\n<button onclick=\"alterFont1()\" id=\"btn1\" class=\"btn\">L<\/button><br \/>\n<button onclick=\"alterFont2()\" id=\"btn2\" class=\"btn\" style=\"font-family: Merriweather\">L<\/button><br \/>\n<button onclick=\"alterFontSmallerSize()\" id=\"btn3\" class=\"btn\">A-<\/button><br \/>\n<button onclick=\"alterFontBiggerSize()\" id=\"btn4\" class=\"btn\">A+<\/button><\/p>\n<p><button onclick=\"alterBackground()\" id=\"btn6\" class=\"btn\">\u25d0<\/button><\/p>\n<\/div>\n<p>O gabinete da Alemanha aprovou nesta quarta-feira (4) uma reforma previdenci\u00e1ria que inclui incentivos para manter os trabalhadores no mercado de trabalho por mais tempo, como parte de medidas para promover o crescimento na maior economia da zona do euro.<\/p>\n<p>A medida ocorre em um momento em que os governos de toda a Europa tentam lidar com a escassez de trabalhadores e aliviar a carga sobre seus sistemas de aposentadoria \u00e0 medida que a popula\u00e7\u00e3o envelhece.<\/p>\n<h2>Leia tamb\u00e9m<\/h2>\n<div id=\"attachment_632438\" class=\"wp-caption alignnone style=\" max-width:=\"\"><img data-recalc-dims=\"1\" fetchpriority=\"high\" decoding=\"async\" class=\"alignnone wp-image-632438 size-full\" src=\"https:\/\/i0.wp.com\/forbes.com.br\/wp-content\/uploads\/2024\/09\/money-bandeira-alemanha-768x512.jpg?resize=678%2C452&#038;ssl=1\" alt=\"Getty Images\" width=\"678\" height=\"452\"\/><\/p>\n<p>Getty Images<\/p>\n<p class=\"wp-caption-text\">A idade de aposentadoria na Alemanha vai passar de 65,8 para 67 anos em 2031<\/p>\n<\/div>\n<p>Em 2030, a popula\u00e7\u00e3o ativa da Alemanha provavelmente ter\u00e1 diminu\u00eddo em 6,3 milh\u00f5es de pessoas em rela\u00e7\u00e3o a 2010, de acordo com um relat\u00f3rio demogr\u00e1fico do Minist\u00e9rio do Interior. Isso reduzir\u00e1 o PIB por pessoa, pois haver\u00e1 menos trabalhadores para cada aposentado.<\/p>\n<p>A idade da aposentadoria, a provis\u00e3o de creches e as pol\u00edticas de imigra\u00e7\u00e3o s\u00e3o todas decis\u00f5es pol\u00edticas que podem influenciar o grau em que a baixa taxa de natalidade afeta a economia, disse Holger Schmieding, economista-chefe da Berenberg, \u00e0 Reuters.<\/p>\n<p>Na Alemanha, a idade legal de aposentadoria est\u00e1 programada para aumentar de 65,8 para 67 anos em 2031.<\/p>\n<p>Um novo aumento na idade de aposentadoria foi altamente controverso entre os parceiros de coaliz\u00e3o governista da Alemanha, ent\u00e3o a \u00fanica op\u00e7\u00e3o foi torn\u00e1-la volunt\u00e1ria, oferecendo incentivos para que as pessoas trabalhem por mais tempo se sentirem-se saud\u00e1veis e capazes.<\/p>\n<p>De acordo com a reforma, qualquer pessoa que adiar o in\u00edcio de sua aposentadoria e estiver empregada por pelo menos doze meses receber\u00e1 um pagamento \u00fanico equivalente aos pagamentos de pens\u00e3o perdidos.<\/p>\n<ul>\n<li>\n<h4>Siga o canal da <a href=\"https:\/\/whatsapp.com\/channel\/0029Va9gQKwBFLgM96cJnu0u\" target=\"_blank\" rel=\"noopener\">Forbes<\/a> e de <a href=\"https:\/\/whatsapp.com\/channel\/0029VaAZk57JuyA9F4UwQc2I\" target=\"_blank\" rel=\"noopener\">Forbes Money<\/a> no WhatsApp e receba as principais not\u00edcias sobre neg\u00f3cios, carreira, tecnologia e estilo de vida<\/h4>\n<\/li>\n<\/ul>\n<p>Al\u00e9m disso, as contribui\u00e7\u00f5es do empregador para a pens\u00e3o e o seguro-desemprego ser\u00e3o pagas diretamente aos funcion\u00e1rios que decidirem continuar trabalhando, al\u00e9m de seus sal\u00e1rios. Isso corresponderia a um aumento salarial bruto de 10,6%.<\/p>\n<p>O pesquisador do mercado de trabalho, Enzo Weber, disse \u00e0 Reuters que, se a participa\u00e7\u00e3o no mercado de trabalho de pessoas com mais de 60 anos de idade fosse aumentada para a mesma taxa das pessoas cinco anos mais jovens, a Alemanha poderia ter 2,5 milh\u00f5es de trabalhadores adicionais.<\/p>\n<p>\u201cEsse \u00e9 claramente um grande potencial\u201d, disse Weber.<\/p>\n<h2>Escolhas do editor<\/h2>\n<\/div>\n<p><script type=\"rocketlazyloadscript\">\n\t\t\t\t(function(d, s, id){\n\t\t\t\t\tvar js, fjs = d.getElementsByTagName(s)[0];\n\t\t\t\t\tif (d.getElementById(id)) return;\n\t\t\t\t\tjs = d.createElement(s); js.id = id;\n\t\t\t\t\tjs.src = \"\/\/connect.facebook.net\/pt_BR\/sdk.js#xfbml=1&version=v2.9\";\n\t\t\t\t\tfjs.parentNode.insertBefore(js, fjs);\n\t\t\t\t}(document, 'script', 'facebook-jssdk'));\n\t\t\t<\/script><br \/>\n<br \/><br \/>\n<br \/><a href=\"https:\/\/forbes.com.br\/forbes-money\/2024\/09\/alemanha-aprova-reforma-previdenciaria-para-incentivar-aposentadoria-mais-tardia\/\">Source link <\/a><\/p>\n<div class='code-block code-block-4' style='margin: 8px auto 8px 0; text-align: left; display: block; clear: both;'>\n\ud83d\udce2 Aviso Legal\n\nO site ismaelcolosi.com.br atua apenas como um canal de divulga\u00e7\u00e3o de oportunidades de emprego e n\u00e3o se responsabiliza pelo processo seletivo, contrata\u00e7\u00e3o ou qualquer outra etapa relacionada \u00e0s vagas publicadas. Todas as informa\u00e7\u00f5es s\u00e3o de responsabilidade dos anunciantes.\n\n\u26a0\ufe0f Aten\u00e7\u00e3o! Nunca pague por promessas de emprego nem compre cursos que garantam contrata\u00e7\u00e3o. Desconfie de qualquer cobran\u00e7a para participar de sele\u00e7\u00f5es.\n\n\n\n<\/div>\n<!-- CONTENT END 1 -->\n","protected":false},"excerpt":{"rendered":"<p>\u00a0 Acessibilidade L L A- A+ \u25d0 O gabinete da Alemanha aprovou nesta quarta-feira (4) uma reforma previdenci\u00e1ria que inclui incentivos para manter os trabalhadores&#8230;<\/p>\n","protected":false},"author":1,"featured_media":63881,"comment_status":"open","ping_status":"open","sticky":false,"template":"","format":"standard","meta":{"_uag_custom_page_level_css":"","advanced_seo_description":"","jetpack_seo_html_title":"","jetpack_seo_noindex":false,"jetpack_post_was_ever_published":false,"_jetpack_newsletter_access":"","_jetpack_dont_email_post_to_subs":false,"_jetpack_newsletter_tier_id":0,"_jetpack_memberships_contains_paywalled_content":false,"_jetpack_memberships_contains_paid_content":false,"footnotes":"","jetpack_publicize_message":"","jetpack_publicize_feature_enabled":true,"jetpack_social_post_already_shared":true,"jetpack_social_options":{"image_generator_settings":{"template":"highway","default_image_id":0,"font":"","enabled":false},"version":2}},"categories":[1964],"tags":[],"class_list":["post-63880","post","type-post","status-publish","format-standard","has-post-thumbnail","hentry","category-carreira-e-sucesso-dicas-para-carreira"],"jetpack_publicize_connections":[],"jetpack_featured_media_url":"https:\/\/i0.wp.com\/ismaelcolosi.com.br\/wp-content\/uploads\/2024\/09\/money-bandeira-alemanha-1024x683.jpg?fit=1024%2C683&ssl=1","uagb_featured_image_src":{"full":["https:\/\/i0.wp.com\/ismaelcolosi.com.br\/wp-content\/uploads\/2024\/09\/money-bandeira-alemanha-1024x683.jpg?fit=1024%2C683&ssl=1",1024,683,false],"thumbnail":["https:\/\/i0.wp.com\/ismaelcolosi.com.br\/wp-content\/uploads\/2024\/09\/money-bandeira-alemanha-1024x683.jpg?resize=150%2C150&ssl=1",150,150,true],"medium":["https:\/\/i0.wp.com\/ismaelcolosi.com.br\/wp-content\/uploads\/2024\/09\/money-bandeira-alemanha-1024x683.jpg?fit=300%2C200&ssl=1",300,200,true],"medium_large":["https:\/\/i0.wp.com\/ismaelcolosi.com.br\/wp-content\/uploads\/2024\/09\/money-bandeira-alemanha-1024x683.jpg?fit=768%2C512&ssl=1",768,512,true],"large":["https:\/\/i0.wp.com\/ismaelcolosi.com.br\/wp-content\/uploads\/2024\/09\/money-bandeira-alemanha-1024x683.jpg?fit=1024%2C683&ssl=1",1024,683,true],"1536x1536":["https:\/\/i0.wp.com\/ismaelcolosi.com.br\/wp-content\/uploads\/2024\/09\/money-bandeira-alemanha-1024x683.jpg?fit=1024%2C683&ssl=1",1024,683,true],"2048x2048":["https:\/\/i0.wp.com\/ismaelcolosi.com.br\/wp-content\/uploads\/2024\/09\/money-bandeira-alemanha-1024x683.jpg?fit=1024%2C683&ssl=1",1024,683,true],"really-simple-thumb":["https:\/\/i0.wp.com\/ismaelcolosi.com.br\/wp-content\/uploads\/2024\/09\/money-bandeira-alemanha-1024x683.jpg?resize=370%2C247&ssl=1",370,247,true]},"uagb_author_info":{"display_name":"ismaelcolosi.com.br","author_link":"https:\/\/ismaelcolosi.com.br\/index.php\/author\/vidareal-online\/"},"uagb_comment_info":0,"uagb_excerpt":"\u00a0 Acessibilidade L L A- A+ \u25d0 O gabinete da Alemanha aprovou nesta quarta-feira (4) uma reforma previdenci\u00e1ria que inclui incentivos para manter os trabalhadores...","jetpack-related-posts":[{"id":20100,"url":"https:\/\/ismaelcolosi.com.br\/index.php\/2023\/12\/24\/novas-regras-de-aposentadoria-do-inss-desafiam-trabalhadores\/","url_meta":{"origin":63880,"position":0},"title":"Novas regras de aposentadoria do INSS desafiam trabalhadores","author":"ismaelcolosi.com.br","date":"24 de December de 2023","format":false,"excerpt":"Cr\u00e9ditos: Depositphotos\/rmcarvalhobsb\u00c9 poss\u00edvel consultar o extrato do INSS A Reforma da Previd\u00eancia, em vigor desde 2019, tem sido um ponto de constante debate e altera\u00e7\u00f5es que afetam diretamente os trabalhadores em todo o pa\u00eds. No cen\u00e1rio atual, com a chegada de 2024, novas regras de aposentadoria pelo INSS s\u00e3o anunciadas,\u2026","rel":"","context":"In &quot;Variedades&quot;","block_context":{"text":"Variedades","link":"https:\/\/ismaelcolosi.com.br\/index.php\/category\/variedades\/"},"img":{"alt_text":"","src":"https:\/\/i0.wp.com\/ismaelcolosi.com.br\/wp-content\/uploads\/2023\/12\/1703414610_depositphotos-413145286-l.jpg?fit=1200%2C638&ssl=1&resize=350%2C200","width":350,"height":200,"srcset":"https:\/\/i0.wp.com\/ismaelcolosi.com.br\/wp-content\/uploads\/2023\/12\/1703414610_depositphotos-413145286-l.jpg?fit=1200%2C638&ssl=1&resize=350%2C200 1x, https:\/\/i0.wp.com\/ismaelcolosi.com.br\/wp-content\/uploads\/2023\/12\/1703414610_depositphotos-413145286-l.jpg?fit=1200%2C638&ssl=1&resize=525%2C300 1.5x, https:\/\/i0.wp.com\/ismaelcolosi.com.br\/wp-content\/uploads\/2023\/12\/1703414610_depositphotos-413145286-l.jpg?fit=1200%2C638&ssl=1&resize=700%2C400 2x, https:\/\/i0.wp.com\/ismaelcolosi.com.br\/wp-content\/uploads\/2023\/12\/1703414610_depositphotos-413145286-l.jpg?fit=1200%2C638&ssl=1&resize=1050%2C600 3x"},"classes":[]},{"id":51408,"url":"https:\/\/ismaelcolosi.com.br\/index.php\/2024\/05\/27\/migracao-de-enfermeiros-para-o-exterior-gera-atrito-entre-brasil-e-alemanha-entenda\/","url_meta":{"origin":63880,"position":1},"title":"Migra\u00e7\u00e3o de enfermeiros para o exterior gera atrito entre Brasil e Alemanha; entenda","author":"ismaelcolosi.com.br","date":"27 de May de 2024","format":false,"excerpt":"Deutsche Wellei Deutsche Welle 27\/05\/2024 - 13:32 A visita do presidente Luiz In\u00e1cio Lula da Silva e uma comitiva de ministros a Berlim, em dezembro, teve elogios rec\u00edprocos e aprofundamento de parcerias, mas um tema provocou mal-estar entre os dois pa\u00edses: os esfor\u00e7os da Alemanha para atrair enfermeiros brasileiros.O pa\u00eds\u2026","rel":"","context":"In &quot;Empregos - Classificados&quot;","block_context":{"text":"Empregos - Classificados","link":"https:\/\/ismaelcolosi.com.br\/index.php\/category\/empregos-classificados-vagas-trabalho\/"},"img":{"alt_text":"","src":"https:\/\/i0.wp.com\/ismaelcolosi.com.br\/wp-content\/uploads\/2024\/05\/69143267_303.jpg?fit=700%2C394&ssl=1&resize=350%2C200","width":350,"height":200,"srcset":"https:\/\/i0.wp.com\/ismaelcolosi.com.br\/wp-content\/uploads\/2024\/05\/69143267_303.jpg?fit=700%2C394&ssl=1&resize=350%2C200 1x, https:\/\/i0.wp.com\/ismaelcolosi.com.br\/wp-content\/uploads\/2024\/05\/69143267_303.jpg?fit=700%2C394&ssl=1&resize=525%2C300 1.5x, https:\/\/i0.wp.com\/ismaelcolosi.com.br\/wp-content\/uploads\/2024\/05\/69143267_303.jpg?fit=700%2C394&ssl=1&resize=700%2C400 2x"},"classes":[]},{"id":76363,"url":"https:\/\/ismaelcolosi.com.br\/index.php\/2024\/11\/12\/o-que-diz-texto-da-proposta-de-pec-sobre-fim-da-escala-6x1-e-como-e-a-regra-atual\/","url_meta":{"origin":63880,"position":2},"title":"O que diz texto da proposta de PEC sobre fim da escala 6\u00d71 e como \u00e9 a regra atual","author":"ismaelcolosi.com.br","date":"12 de November de 2024","format":false,"excerpt":"Deutsche Wellei Deutsche Welle 12\/11\/2024 - 13:47 Muito debatida nas redes sociais nos \u00faltimos dias, a Proposta de Emenda \u00e0 Constitui\u00e7\u00e3o (PEC) que pretende acabar com a jornada de trabalho 6\u00d71 no Brasil alcan\u00e7ou nesta ter\u00e7a-feira, 12, o endosso de 134 dos 171 parlamentares necess\u00e1rios para que comece a tramitar\u2026","rel":"","context":"In &quot;Empregos - Classificados&quot;","block_context":{"text":"Empregos - Classificados","link":"https:\/\/ismaelcolosi.com.br\/index.php\/category\/empregos-classificados-vagas-trabalho\/"},"img":{"alt_text":"","src":"https:\/\/i0.wp.com\/ismaelcolosi.com.br\/wp-content\/uploads\/2024\/11\/70452762_303.jpg?fit=700%2C394&ssl=1&resize=350%2C200","width":350,"height":200,"srcset":"https:\/\/i0.wp.com\/ismaelcolosi.com.br\/wp-content\/uploads\/2024\/11\/70452762_303.jpg?fit=700%2C394&ssl=1&resize=350%2C200 1x, https:\/\/i0.wp.com\/ismaelcolosi.com.br\/wp-content\/uploads\/2024\/11\/70452762_303.jpg?fit=700%2C394&ssl=1&resize=525%2C300 1.5x, https:\/\/i0.wp.com\/ismaelcolosi.com.br\/wp-content\/uploads\/2024\/11\/70452762_303.jpg?fit=700%2C394&ssl=1&resize=700%2C400 2x"},"classes":[]},{"id":88406,"url":"https:\/\/ismaelcolosi.com.br\/index.php\/2025\/12\/03\/com-nivel-de-ocupacao-recorde-1-em-cada-4-idosos-trabalhava-em-2024\/","url_meta":{"origin":63880,"position":3},"title":"Com N\u00edvel de Ocupa\u00e7\u00e3o Recorde, 1 em Cada 4 Idosos Trabalhava em 2024","author":"ismaelcolosi.com.br","date":"3 de December de 2025","format":false,"excerpt":"\r Getty Images\r Mais da metade dos idosos (51,1%) trabalhava por conta pr\u00f3pria (43,3%) ou como empregador (7,8%)\r Acessibilidade \r L\r L\r A-\r A+\r \r \u25d0\r \r Cerca de 8,3 milh\u00f5es de pessoas com 60 anos ou mais estavam trabalhando em 2024. Com esse contingente, o Brasil alcan\u00e7ou o recorde\u2026","rel":"","context":"In &quot;Carreira e Sucesso&quot;","block_context":{"text":"Carreira e Sucesso","link":"https:\/\/ismaelcolosi.com.br\/index.php\/category\/carreira-e-sucesso-dicas-para-carreira\/"},"img":{"alt_text":"","src":"https:\/\/i0.wp.com\/ismaelcolosi.com.br\/wp-content\/uploads\/2025\/12\/carreira-idoso-trabalho-1200x675.jpg?fit=1200%2C675&ssl=1&resize=350%2C200","width":350,"height":200,"srcset":"https:\/\/i0.wp.com\/ismaelcolosi.com.br\/wp-content\/uploads\/2025\/12\/carreira-idoso-trabalho-1200x675.jpg?fit=1200%2C675&ssl=1&resize=350%2C200 1x, https:\/\/i0.wp.com\/ismaelcolosi.com.br\/wp-content\/uploads\/2025\/12\/carreira-idoso-trabalho-1200x675.jpg?fit=1200%2C675&ssl=1&resize=525%2C300 1.5x, https:\/\/i0.wp.com\/ismaelcolosi.com.br\/wp-content\/uploads\/2025\/12\/carreira-idoso-trabalho-1200x675.jpg?fit=1200%2C675&ssl=1&resize=700%2C400 2x, https:\/\/i0.wp.com\/ismaelcolosi.com.br\/wp-content\/uploads\/2025\/12\/carreira-idoso-trabalho-1200x675.jpg?fit=1200%2C675&ssl=1&resize=1050%2C600 3x"},"classes":[]},{"id":86979,"url":"https:\/\/ismaelcolosi.com.br\/index.php\/2025\/08\/09\/presencial-ou-remoto-veja-a-preferencia-de-trabalhadores-de-diferentes-paises\/","url_meta":{"origin":63880,"position":4},"title":"Presencial ou remoto? Veja a prefer\u00eancia de trabalhadores de diferentes pa\u00edses","author":"ismaelcolosi.com.br","date":"9 de August de 2025","format":false,"excerpt":"Da reda\u00e7\u00e3oi Da reda\u00e7\u00e3o 09\/08\/2025 - 8:00 Um estudo trazido pela consultoria de gest\u00e3o organizacional Korn Ferry apontou que 12% dos trabalhadores brasileiros se dizem satisfeitos com o trabalho em tempo integral no escrit\u00f3rio. No Jap\u00e3o, esse \u00edndice \u00e9 significativamente maior, chegando a 36%.+Trabalhadores da Boeing que fabricam jatos militares\u2026","rel":"","context":"In &quot;Empregos - Classificados&quot;","block_context":{"text":"Empregos - Classificados","link":"https:\/\/ismaelcolosi.com.br\/index.php\/category\/empregos-classificados-vagas-trabalho\/"},"img":{"alt_text":"","src":"https:\/\/i0.wp.com\/ismaelcolosi.com.br\/wp-content\/uploads\/2025\/08\/4005.jpg?fit=800%2C533&ssl=1&resize=350%2C200","width":350,"height":200,"srcset":"https:\/\/i0.wp.com\/ismaelcolosi.com.br\/wp-content\/uploads\/2025\/08\/4005.jpg?fit=800%2C533&ssl=1&resize=350%2C200 1x, https:\/\/i0.wp.com\/ismaelcolosi.com.br\/wp-content\/uploads\/2025\/08\/4005.jpg?fit=800%2C533&ssl=1&resize=525%2C300 1.5x, https:\/\/i0.wp.com\/ismaelcolosi.com.br\/wp-content\/uploads\/2025\/08\/4005.jpg?fit=800%2C533&ssl=1&resize=700%2C400 2x"},"classes":[]},{"id":66161,"url":"https:\/\/ismaelcolosi.com.br\/index.php\/2024\/09\/16\/entenda-como-a-alemanha-pode-ajudar-na-revitalizacao-de-patrimonio-de-ribeirao-preto\/","url_meta":{"origin":63880,"position":5},"title":"Entenda como a Alemanha pode ajudar na revitaliza\u00e7\u00e3o de patrim\u00f4nio de Ribeir\u00e3o Preto","author":"ismaelcolosi.com.br","date":"16 de September de 2024","format":false,"excerpt":"A Santa Casa de Ribeir\u00e3o Preto, dona do Edif\u00edcio Diederichsen, no Centro, encaminhou para o governo da Alemanha um projeto para revitaliza\u00e7\u00e3o do pr\u00e9dio, um dos patrim\u00f4nios hist\u00f3ricos da cidade. Segundo a entidade, essa \u00e9 uma das possibilidades analisadas pela Santa Casa para reforma do edif\u00edcio, considerado o mais antigo\u2026","rel":"","context":"In &quot;Not\u00edcias de Ribeir\u00e3o Preto-SP e Regi\u00e3o&quot;","block_context":{"text":"Not\u00edcias de Ribeir\u00e3o Preto-SP e Regi\u00e3o","link":"https:\/\/ismaelcolosi.com.br\/index.php\/category\/noticias-de-ribeirao-preto-sp-e-regiao-ismael-colosi\/"},"img":{"alt_text":"","src":"https:\/\/i0.wp.com\/ismaelcolosi.com.br\/wp-content\/uploads\/2024\/09\/edificio-diederichsen_2024-09-16_15-52-40_jpg_2024-09-16_15-52-40.webp.webp?fit=1175%2C769&ssl=1&resize=350%2C200","width":350,"height":200,"srcset":"https:\/\/i0.wp.com\/ismaelcolosi.com.br\/wp-content\/uploads\/2024\/09\/edificio-diederichsen_2024-09-16_15-52-40_jpg_2024-09-16_15-52-40.webp.webp?fit=1175%2C769&ssl=1&resize=350%2C200 1x, https:\/\/i0.wp.com\/ismaelcolosi.com.br\/wp-content\/uploads\/2024\/09\/edificio-diederichsen_2024-09-16_15-52-40_jpg_2024-09-16_15-52-40.webp.webp?fit=1175%2C769&ssl=1&resize=525%2C300 1.5x, https:\/\/i0.wp.com\/ismaelcolosi.com.br\/wp-content\/uploads\/2024\/09\/edificio-diederichsen_2024-09-16_15-52-40_jpg_2024-09-16_15-52-40.webp.webp?fit=1175%2C769&ssl=1&resize=700%2C400 2x, https:\/\/i0.wp.com\/ismaelcolosi.com.br\/wp-content\/uploads\/2024\/09\/edificio-diederichsen_2024-09-16_15-52-40_jpg_2024-09-16_15-52-40.webp.webp?fit=1175%2C769&ssl=1&resize=1050%2C600 3x"},"classes":[]}],"jetpack_sharing_enabled":true,"jetpack_shortlink":"https:\/\/wp.me\/pfMlyK-gCk","_links":{"self":[{"href":"https:\/\/ismaelcolosi.com.br\/index.php\/wp-json\/wp\/v2\/posts\/63880","targetHints":{"allow":["GET"]}}],"collection":[{"href":"https:\/\/ismaelcolosi.com.br\/index.php\/wp-json\/wp\/v2\/posts"}],"about":[{"href":"https:\/\/ismaelcolosi.com.br\/index.php\/wp-json\/wp\/v2\/types\/post"}],"author":[{"embeddable":true,"href":"https:\/\/ismaelcolosi.com.br\/index.php\/wp-json\/wp\/v2\/users\/1"}],"replies":[{"embeddable":true,"href":"https:\/\/ismaelcolosi.com.br\/index.php\/wp-json\/wp\/v2\/comments?post=63880"}],"version-history":[{"count":0,"href":"https:\/\/ismaelcolosi.com.br\/index.php\/wp-json\/wp\/v2\/posts\/63880\/revisions"}],"wp:featuredmedia":[{"embeddable":true,"href":"https:\/\/ismaelcolosi.com.br\/index.php\/wp-json\/wp\/v2\/media\/63881"}],"wp:attachment":[{"href":"https:\/\/ismaelcolosi.com.br\/index.php\/wp-json\/wp\/v2\/media?parent=63880"}],"wp:term":[{"taxonomy":"category","embeddable":true,"href":"https:\/\/ismaelcolosi.com.br\/index.php\/wp-json\/wp\/v2\/categories?post=63880"},{"taxonomy":"post_tag","embeddable":true,"href":"https:\/\/ismaelcolosi.com.br\/index.php\/wp-json\/wp\/v2\/tags?post=63880"}],"curies":[{"name":"wp","href":"https:\/\/api.w.org\/{rel}","templated":true}]}}