{"id":63875,"date":"2024-09-04T12:12:43","date_gmt":"2024-09-04T15:12:43","guid":{"rendered":"https:\/\/ismaelcolosi.com.br\/index.php\/2024\/09\/04\/shows-e-mostra-cinematografica-veja-a-programacao-gratuita-do-sesi-ribeirao\/"},"modified":"2024-09-04T12:12:43","modified_gmt":"2024-09-04T15:12:43","slug":"shows-e-mostra-cinematografica-veja-a-programacao-gratuita-do-sesi-ribeirao","status":"publish","type":"post","link":"https:\/\/ismaelcolosi.com.br\/index.php\/2024\/09\/04\/shows-e-mostra-cinematografica-veja-a-programacao-gratuita-do-sesi-ribeirao\/","title":{"rendered":"Shows e mostra cinematogr\u00e1fica: veja a programa\u00e7\u00e3o gratuita do Sesi Ribeir\u00e3o"},"content":{"rendered":"<p> <br \/>\n<\/p>\n<div>\n<p>A <strong>programa\u00e7\u00e3o cultural gratuita<\/strong> do <strong>Sesi Ribeir\u00e3o Preto<\/strong> come\u00e7a nesta <strong>quarta-feira (4)<\/strong> e segue at\u00e9 <strong>domingo (8)<\/strong>. Embora as atividades sejam <strong>gratuitas<\/strong>, ainda \u00e9 necess\u00e1rio <strong>reservar os ingressos<\/strong> on-line atrav\u00e9s do sistema <a href=\"https:\/\/click.cse360.com.br\/Click\/AddCampaignEmailClick\/b9ae7c70-3638-4ff1-4b27-08dcc68f1ad5\/https%253a%252f%252fwww.sesisp.org.br%252feventos%253fdata%253d0%2526codigoUnidade%253d1d2a9687-9384-41c5-9e4b-cf87cb38236e%2526search%253d\/025cfe0f-1360-4860-7e9d-08dc0893b4ba\/leonardo.santos@acidadeon.com\/False\" target=\"_blank\" rel=\"noreferrer noopener\"><strong>Meu Sesi<\/strong><\/a>.<\/p>\n<h4 class=\"wp-block-heading\"><strong>Confira a programa\u00e7\u00e3o completa do Sesi Ribeir\u00e3o Preto:<\/strong><\/h4>\n<p><strong>O Melhor Est\u00e1 Por Vir | <\/strong><strong>Il sol dell\u2019avvenire<\/strong><\/p>\n<p>Esta <strong>com\u00e9dia italiana<\/strong> que estreou em <strong>2023<\/strong>, conta a hist\u00f3ria de <strong>Giovanni<\/strong>, um cineasta que tenta desesperadamente terminar um filme ambientado em <strong>Roma<\/strong>, na <strong>d\u00e9cada<\/strong> de <strong>1950<\/strong>, sobre comunistas italianos. Quando uma s\u00e9rie de obst\u00e1culos entra em seu caminho, ele ter\u00e1 que repensar sua maneira de agir e acreditar que o melhor est\u00e1 por vir.<\/p>\n<p>A exibi\u00e7\u00e3o do filme integra a<strong> Mostra Cine SESI-SP<\/strong> <strong>no Mundo<\/strong>.\u00a0 O evento acontece nesta <strong>quarta-feira (4)<\/strong>, \u00e0s<strong> 19h30<\/strong>. A <strong>classifica\u00e7\u00e3o indicativa<\/strong> \u00e9 de <strong>12 anos<\/strong>. Reserve seu ingresso <a href=\"https:\/\/www.sesisp.org.br\/evento\/96969c09-d7b2-4198-86bd-7ca068978509\/mostra-cine-sesi-sp-no-mundo-filme-o-melhor-esta-por-vir\" target=\"_blank\" rel=\"noreferrer noopener\"><strong>aqui<\/strong><\/a>.<\/p>\n<p><strong>Visita Guiada \u2013 Exposi\u00e7\u00e3o \u201cTerra, Terreno, Territ\u00f3rio\u201d<\/strong><\/p>\n<p>Nesta atividade, os educadores <strong>Gabriel Azarias<\/strong> e <strong>Betto Souza<\/strong> guiam o p\u00fablico pela exposi\u00e7\u00e3o, que prop\u00f5e uma reflex\u00e3o sobre como \u00e9 ser ind\u00edgena nas grandes cidades no <strong>s\u00e9culo XXI<\/strong>, a partir de fotografias imprensas em<strong> folhas de plantas<\/strong> com pigmento extra\u00eddo do<strong> fruto jenipapo<\/strong>.<\/p>\n<p>A visita acontece na <strong>sexta-feira (6)<\/strong>, \u00e0s <strong>10h<\/strong>. E ainda conta com uma oficina pr\u00e1tica, com t\u00e9cnicas que dialogam com a pesquisa da artista <strong>Dani Sandrini<\/strong>. Reserve seu ingresso <a href=\"https:\/\/www.sesisp.org.br\/evento\/c017ff0c-7140-426a-9b20-d8732fc47f6a\/terra-terreno-territorio-circulacao-2024\" target=\"_blank\" rel=\"noreferrer noopener\"><strong>aqui<\/strong><\/a>.<\/p>\n<p><strong>Isadora Melo \u2013 Anagrama<\/strong><\/p>\n<p>O show de <strong>Isadora<\/strong> marca sua estreia como letrista de suas pr\u00f3prias can\u00e7\u00f5es. A artista foi indicada ao <strong>Pr\u00eamio da M\u00fasica Brasileira<\/strong>, tamb\u00e9m \u00e9 int\u00e9rprete na pe\u00e7a \u2018<strong>O Baile do Menino Deus<\/strong>\u2018, que encanta na trilha do seriado \u2018<strong>Amorteamo<\/strong>\u2018 e protagoniza o emocionante espet\u00e1culo \u2018<strong>Dorinha meu amor<\/strong>\u2018, obra de <strong>Jo\u00e3o Falc\u00e3o<\/strong>.<\/p>\n<p>O show acontece no <strong>s\u00e1bado (7)<\/strong>, \u00e0s <strong>20h<\/strong>. A <strong>classifica\u00e7\u00e3o indicativa<\/strong> \u00e9 de <strong>12 anos<\/strong>. Reserve seu ingresso <a href=\"https:\/\/www.sesisp.org.br\/evento\/a7669282-b297-4df3-966a-8156fede28f9\/isadora-melo-anagrama\" target=\"_blank\" rel=\"noreferrer noopener\"><strong>aqui<\/strong><\/a>.<\/p>\n<p><strong>Banda Cataia \u2013 Mesti\u00e7o<\/strong><\/p>\n<p>O show \u201c<strong>Mesti\u00e7o<\/strong>\u201d, une diversos ritmos da <strong>cultura brasileira<\/strong> \u00e0s novas tend\u00eancias da m\u00fasica atual com arranjos que recebem desde <em>pads<\/em> eletr\u00f4nicos \u00e0s percuss\u00f5es africanas e guitarras, chegando \u00e0 viola caipira. Repert\u00f3rio passeia por obras de Gonzag\u00e3o, Gilberto Gil e inclui ritmos como bumba meu boi, cirandas e coco de roda.<\/p>\n<p>O evento acontece no <strong>domingo (8)<\/strong>, \u00e0s <strong>19h<\/strong>. A <strong>classifica\u00e7\u00e3o \u00e9 livre<\/strong> para todos os p\u00fablicos. Reserve o ingresso <strong><a href=\"https:\/\/www.sesisp.org.br\/evento\/b9d6a506-2a72-4609-a40e-1c7ac640cfef\/mestico\" target=\"_blank\" rel=\"noreferrer noopener\">aqui<\/a><\/strong>.<\/p>\n<p>SAIBA MAIS<br \/>IFSP de Sert\u00e3ozinho abre processo seletivo com sal\u00e1rios de R$ 4 mil<\/p>\n<h4 class=\"wp-block-heading\"><strong>FIQUE ON<\/strong><\/h4>\n<p>Fique ligado em tudo que acontece em Ribeir\u00e3o Preto e regi\u00e3o. Siga os perfis do<strong> acidade on<\/strong> no <a href=\"https:\/\/www.instagram.com\/acidadeonribeirao\" target=\"_blank\" rel=\"noreferrer noopener nofollow\">Instagram <\/a>e no <a href=\"https:\/\/www.facebook.com\/acidadeonribeirao\/\" target=\"_blank\" rel=\"noreferrer noopener nofollow\">Facebook<\/a>.<\/p>\n<p>Receba not\u00edcias do<strong> acidade on <\/strong>no WhatsApp. <a href=\"https:\/\/chat.whatsapp.com\/Dtv9mxhy6V5BJBotM2OQ5k\" target=\"_blank\" rel=\"noreferrer noopener nofollow\">Para entrar no grupo, basta clicar aqui.<\/a><\/p>\n<p>Fa\u00e7a uma den\u00fancia ou sugira uma reportagem sobre Ribeir\u00e3o Preto e regi\u00e3o pelo WhatsApp: 16 99117 7802.<\/p>\n<p>VEJA TAMB\u00c9M<br \/>Como funciona o \u2018Golpe do Amor\u2019?<\/p>\n<p><!-- CONTENT END 1 -->\n<\/div>\n<p><script async src=\"\/\/www.instagram.com\/embed.js\"><\/script><br \/>\n<br \/><br \/>\n<br \/><a href=\"https:\/\/www.acidadeon.com\/ribeiraopreto\/lazer-e-cultura\/shows-e-mostra-cinematografica-veja-a-programacao-gratuita-do-sesi-ribeirao\/\">Source link <\/a><\/p>\n","protected":false},"excerpt":{"rendered":"<p>A programa\u00e7\u00e3o cultural gratuita do Sesi Ribeir\u00e3o Preto come\u00e7a nesta quarta-feira (4) e segue at\u00e9 domingo (8). Embora as atividades sejam gratuitas, ainda \u00e9 necess\u00e1rio&#8230;<\/p>\n","protected":false},"author":1,"featured_media":63876,"comment_status":"open","ping_status":"open","sticky":false,"template":"","format":"standard","meta":{"_uag_custom_page_level_css":"","advanced_seo_description":"","jetpack_seo_html_title":"","jetpack_seo_noindex":false,"jetpack_post_was_ever_published":false,"_jetpack_newsletter_access":"","_jetpack_dont_email_post_to_subs":false,"_jetpack_newsletter_tier_id":0,"_jetpack_memberships_contains_paywalled_content":false,"_jetpack_memberships_contains_paid_content":false,"footnotes":"","jetpack_publicize_message":"","jetpack_publicize_feature_enabled":true,"jetpack_social_post_already_shared":true,"jetpack_social_options":{"image_generator_settings":{"template":"highway","default_image_id":0,"font":"","enabled":false},"version":2}},"categories":[11],"tags":[],"class_list":["post-63875","post","type-post","status-publish","format-standard","has-post-thumbnail","hentry","category-noticias-de-ribeirao-preto-sp-e-regiao-ismael-colosi"],"jetpack_publicize_connections":[],"jetpack_featured_media_url":"https:\/\/i0.wp.com\/ismaelcolosi.com.br\/wp-content\/uploads\/2024\/09\/55122355-0702-4156-8254-7540069ba906_2024-09-04_14-24-48_png_2024-09-04_14-24-48.webp.webp?fit=1066%2C600&ssl=1","uagb_featured_image_src":{"full":["https:\/\/i0.wp.com\/ismaelcolosi.com.br\/wp-content\/uploads\/2024\/09\/55122355-0702-4156-8254-7540069ba906_2024-09-04_14-24-48_png_2024-09-04_14-24-48.webp.webp?fit=1066%2C600&ssl=1",1066,600,false],"thumbnail":["https:\/\/i0.wp.com\/ismaelcolosi.com.br\/wp-content\/uploads\/2024\/09\/55122355-0702-4156-8254-7540069ba906_2024-09-04_14-24-48_png_2024-09-04_14-24-48.webp.webp?resize=150%2C150&ssl=1",150,150,true],"medium":["https:\/\/i0.wp.com\/ismaelcolosi.com.br\/wp-content\/uploads\/2024\/09\/55122355-0702-4156-8254-7540069ba906_2024-09-04_14-24-48_png_2024-09-04_14-24-48.webp.webp?fit=300%2C169&ssl=1",300,169,true],"medium_large":["https:\/\/i0.wp.com\/ismaelcolosi.com.br\/wp-content\/uploads\/2024\/09\/55122355-0702-4156-8254-7540069ba906_2024-09-04_14-24-48_png_2024-09-04_14-24-48.webp.webp?fit=768%2C432&ssl=1",768,432,true],"large":["https:\/\/i0.wp.com\/ismaelcolosi.com.br\/wp-content\/uploads\/2024\/09\/55122355-0702-4156-8254-7540069ba906_2024-09-04_14-24-48_png_2024-09-04_14-24-48.webp.webp?fit=1024%2C576&ssl=1",1024,576,true],"1536x1536":["https:\/\/i0.wp.com\/ismaelcolosi.com.br\/wp-content\/uploads\/2024\/09\/55122355-0702-4156-8254-7540069ba906_2024-09-04_14-24-48_png_2024-09-04_14-24-48.webp.webp?fit=1066%2C600&ssl=1",1066,600,true],"2048x2048":["https:\/\/i0.wp.com\/ismaelcolosi.com.br\/wp-content\/uploads\/2024\/09\/55122355-0702-4156-8254-7540069ba906_2024-09-04_14-24-48_png_2024-09-04_14-24-48.webp.webp?fit=1066%2C600&ssl=1",1066,600,true],"really-simple-thumb":["https:\/\/i0.wp.com\/ismaelcolosi.com.br\/wp-content\/uploads\/2024\/09\/55122355-0702-4156-8254-7540069ba906_2024-09-04_14-24-48_png_2024-09-04_14-24-48.webp.webp?resize=370%2C247&ssl=1",370,247,true]},"uagb_author_info":{"display_name":"ismaelcolosi.com.br","author_link":"https:\/\/ismaelcolosi.com.br\/index.php\/author\/vidareal-online\/"},"uagb_comment_info":0,"uagb_excerpt":"A programa\u00e7\u00e3o cultural gratuita do Sesi Ribeir\u00e3o Preto come\u00e7a nesta quarta-feira (4) e segue at\u00e9 domingo (8). Embora as atividades sejam gratuitas, ainda \u00e9 necess\u00e1rio...","jetpack-related-posts":[{"id":40716,"url":"https:\/\/ismaelcolosi.com.br\/index.php\/2024\/03\/05\/sesi-divulga-programacao-gratuita-de-teatro-em-ribeirao-preto-confira\/","url_meta":{"origin":63875,"position":0},"title":"Sesi divulga programa\u00e7\u00e3o gratuita de teatro em Ribeir\u00e3o Preto; Confira","author":"ismaelcolosi.com.br","date":"5 de March de 2024","format":false,"excerpt":"O Sesi anunciou a programa\u00e7\u00e3o gratuita de teatro para o pr\u00f3ximo final de semana, em Ribeir\u00e3o Preto. Conta\u00e7\u00e3o de hist\u00f3ria e musical infantil ser\u00e3o apresentados no Teatro Sesi. Confira: A partir de sexta-feira (8), o grupo Teatro D\u2019Aldeia apresenta a pe\u00e7a musical \u201cThe Bichos\u201d em dois finais de semana. Os\u2026","rel":"","context":"In &quot;Not\u00edcias de Ribeir\u00e3o Preto-SP e Regi\u00e3o&quot;","block_context":{"text":"Not\u00edcias de Ribeir\u00e3o Preto-SP e Regi\u00e3o","link":"https:\/\/ismaelcolosi.com.br\/index.php\/category\/noticias-de-ribeirao-preto-sp-e-regiao-ismael-colosi\/"},"img":{"alt_text":"","src":"https:\/\/i0.wp.com\/ismaelcolosi.com.br\/wp-content\/uploads\/2024\/03\/AnyConv.com__The-Bichos_Foto01-scaled.webp.webp?fit=1200%2C800&ssl=1&resize=350%2C200","width":350,"height":200,"srcset":"https:\/\/i0.wp.com\/ismaelcolosi.com.br\/wp-content\/uploads\/2024\/03\/AnyConv.com__The-Bichos_Foto01-scaled.webp.webp?fit=1200%2C800&ssl=1&resize=350%2C200 1x, https:\/\/i0.wp.com\/ismaelcolosi.com.br\/wp-content\/uploads\/2024\/03\/AnyConv.com__The-Bichos_Foto01-scaled.webp.webp?fit=1200%2C800&ssl=1&resize=525%2C300 1.5x, https:\/\/i0.wp.com\/ismaelcolosi.com.br\/wp-content\/uploads\/2024\/03\/AnyConv.com__The-Bichos_Foto01-scaled.webp.webp?fit=1200%2C800&ssl=1&resize=700%2C400 2x, https:\/\/i0.wp.com\/ismaelcolosi.com.br\/wp-content\/uploads\/2024\/03\/AnyConv.com__The-Bichos_Foto01-scaled.webp.webp?fit=1200%2C800&ssl=1&resize=1050%2C600 3x"},"classes":[]},{"id":65169,"url":"https:\/\/ismaelcolosi.com.br\/index.php\/2024\/09\/11\/cinema-troca-de-livros-e-contacao-de-historias-sesi-ribeirao-tem-programacao-gratuita\/","url_meta":{"origin":63875,"position":1},"title":"Cinema, troca de livros e conta\u00e7\u00e3o de hist\u00f3rias: Sesi Ribeir\u00e3o tem programa\u00e7\u00e3o gratuita","author":"ismaelcolosi.com.br","date":"11 de September de 2024","format":false,"excerpt":"O Sesi Ribeir\u00e3o Preto oferece uma programa\u00e7\u00e3o cultural com cinema, feira para troca de livros e conta\u00e7\u00e3o de hist\u00f3rias. As atividades t\u00eam inicio nesta quarta-feira (11), a partir das 19h30. Embora as atividades sejam\u00a0gratuitas, ainda \u00e9 necess\u00e1rio\u00a0reservar os ingressos\u00a0on-line atrav\u00e9s do sistema\u00a0Meu Sesi. Confira a programa\u00e7\u00e3o cultural completa: Mostra Cine\u2026","rel":"","context":"In &quot;Not\u00edcias de Ribeir\u00e3o Preto-SP e Regi\u00e3o&quot;","block_context":{"text":"Not\u00edcias de Ribeir\u00e3o Preto-SP e Regi\u00e3o","link":"https:\/\/ismaelcolosi.com.br\/index.php\/category\/noticias-de-ribeirao-preto-sp-e-regiao-ismael-colosi\/"},"img":{"alt_text":"","src":"https:\/\/i0.wp.com\/ismaelcolosi.com.br\/wp-content\/uploads\/2024\/09\/b1485220-e35f-41ef-ba0a-ac1a202d66f9_2024-09-11_12-14-48_png_2024-09-11_12-14-48.webp.webp?fit=1066%2C600&ssl=1&resize=350%2C200","width":350,"height":200,"srcset":"https:\/\/i0.wp.com\/ismaelcolosi.com.br\/wp-content\/uploads\/2024\/09\/b1485220-e35f-41ef-ba0a-ac1a202d66f9_2024-09-11_12-14-48_png_2024-09-11_12-14-48.webp.webp?fit=1066%2C600&ssl=1&resize=350%2C200 1x, https:\/\/i0.wp.com\/ismaelcolosi.com.br\/wp-content\/uploads\/2024\/09\/b1485220-e35f-41ef-ba0a-ac1a202d66f9_2024-09-11_12-14-48_png_2024-09-11_12-14-48.webp.webp?fit=1066%2C600&ssl=1&resize=525%2C300 1.5x, https:\/\/i0.wp.com\/ismaelcolosi.com.br\/wp-content\/uploads\/2024\/09\/b1485220-e35f-41ef-ba0a-ac1a202d66f9_2024-09-11_12-14-48_png_2024-09-11_12-14-48.webp.webp?fit=1066%2C600&ssl=1&resize=700%2C400 2x, https:\/\/i0.wp.com\/ismaelcolosi.com.br\/wp-content\/uploads\/2024\/09\/b1485220-e35f-41ef-ba0a-ac1a202d66f9_2024-09-11_12-14-48_png_2024-09-11_12-14-48.webp.webp?fit=1066%2C600&ssl=1&resize=1050%2C600 3x"},"classes":[]},{"id":69849,"url":"https:\/\/ismaelcolosi.com.br\/index.php\/2024\/10\/08\/sesi-ribeirao-preto-tem-programacao-especial-para-o-dia-das-criancas\/","url_meta":{"origin":63875,"position":2},"title":"Sesi Ribeir\u00e3o Preto tem programa\u00e7\u00e3o especial para o Dia das Crian\u00e7as","author":"ismaelcolosi.com.br","date":"8 de October de 2024","format":false,"excerpt":"Mais uma edi\u00e7\u00e3o do \u201cBrincadeira & Cia\u201d retorna ao Sesi Ribeir\u00e3o Preto neste domingo (13), das 9h \u00e0s 17h, no Centro de Atividades (CAT), localizado na rua Arthur Jos\u00e9 Suzana s\/n\u00ba, no Jardim Castelo Branco. O evento foi criado especialmente para comemorar o Dia das Crian\u00e7as e oferece atividades gratuitas\u2026","rel":"","context":"In &quot;Not\u00edcias de Ribeir\u00e3o Preto-SP e Regi\u00e3o&quot;","block_context":{"text":"Not\u00edcias de Ribeir\u00e3o Preto-SP e Regi\u00e3o","link":"https:\/\/ismaelcolosi.com.br\/index.php\/category\/noticias-de-ribeirao-preto-sp-e-regiao-ismael-colosi\/"},"img":{"alt_text":"","src":"https:\/\/i0.wp.com\/ismaelcolosi.com.br\/wp-content\/uploads\/2024\/10\/medium-shot-kids-holding-balloons_2024-10-08_14-15-02_jpg_2024-10-08_14-15-05-scaled.webp.webp?fit=1200%2C800&ssl=1&resize=350%2C200","width":350,"height":200,"srcset":"https:\/\/i0.wp.com\/ismaelcolosi.com.br\/wp-content\/uploads\/2024\/10\/medium-shot-kids-holding-balloons_2024-10-08_14-15-02_jpg_2024-10-08_14-15-05-scaled.webp.webp?fit=1200%2C800&ssl=1&resize=350%2C200 1x, https:\/\/i0.wp.com\/ismaelcolosi.com.br\/wp-content\/uploads\/2024\/10\/medium-shot-kids-holding-balloons_2024-10-08_14-15-02_jpg_2024-10-08_14-15-05-scaled.webp.webp?fit=1200%2C800&ssl=1&resize=525%2C300 1.5x, https:\/\/i0.wp.com\/ismaelcolosi.com.br\/wp-content\/uploads\/2024\/10\/medium-shot-kids-holding-balloons_2024-10-08_14-15-02_jpg_2024-10-08_14-15-05-scaled.webp.webp?fit=1200%2C800&ssl=1&resize=700%2C400 2x, https:\/\/i0.wp.com\/ismaelcolosi.com.br\/wp-content\/uploads\/2024\/10\/medium-shot-kids-holding-balloons_2024-10-08_14-15-02_jpg_2024-10-08_14-15-05-scaled.webp.webp?fit=1200%2C800&ssl=1&resize=1050%2C600 3x"},"classes":[]},{"id":44239,"url":"https:\/\/ismaelcolosi.com.br\/index.php\/2024\/03\/26\/musica-teatro-e-troca-de-livros-confira-a-programacao-do-sesi-ribeirao-preto\/","url_meta":{"origin":63875,"position":3},"title":"M\u00fasica, teatro e troca de livros: Confira a programa\u00e7\u00e3o do Sesi Ribeir\u00e3o Preto","author":"ismaelcolosi.com.br","date":"26 de March de 2024","format":false,"excerpt":"Neste fim de semana, o Sesi Ribeir\u00e3o Preto conta com uma programa\u00e7\u00e3o para toda fam\u00edlia. Entre as atra\u00e7\u00f5es est\u00e3o m\u00fasica, teatro \u201clambe-lambe\u201d, feira de troca de livros e at\u00e9 hora do lanche para o p\u00fablico. No s\u00e1bado (30), das 9h \u00e0s 16h acontece \u00e0 quarta edi\u00e7\u00e3o da \u201cLivro por Livro\u201d\u2026","rel":"","context":"In &quot;Not\u00edcias de Ribeir\u00e3o Preto-SP e Regi\u00e3o&quot;","block_context":{"text":"Not\u00edcias de Ribeir\u00e3o Preto-SP e Regi\u00e3o","link":"https:\/\/ismaelcolosi.com.br\/index.php\/category\/noticias-de-ribeirao-preto-sp-e-regiao-ismael-colosi\/"},"img":{"alt_text":"","src":"https:\/\/i0.wp.com\/ismaelcolosi.com.br\/wp-content\/uploads\/2024\/03\/Copia-de-Copia-de-TAMANHO-EXATO-PARA-FOTOS-NO-SISTEMA-NOVO-5-1.jpg?fit=1200%2C675&ssl=1&resize=350%2C200","width":350,"height":200,"srcset":"https:\/\/i0.wp.com\/ismaelcolosi.com.br\/wp-content\/uploads\/2024\/03\/Copia-de-Copia-de-TAMANHO-EXATO-PARA-FOTOS-NO-SISTEMA-NOVO-5-1.jpg?fit=1200%2C675&ssl=1&resize=350%2C200 1x, https:\/\/i0.wp.com\/ismaelcolosi.com.br\/wp-content\/uploads\/2024\/03\/Copia-de-Copia-de-TAMANHO-EXATO-PARA-FOTOS-NO-SISTEMA-NOVO-5-1.jpg?fit=1200%2C675&ssl=1&resize=525%2C300 1.5x, https:\/\/i0.wp.com\/ismaelcolosi.com.br\/wp-content\/uploads\/2024\/03\/Copia-de-Copia-de-TAMANHO-EXATO-PARA-FOTOS-NO-SISTEMA-NOVO-5-1.jpg?fit=1200%2C675&ssl=1&resize=700%2C400 2x, https:\/\/i0.wp.com\/ismaelcolosi.com.br\/wp-content\/uploads\/2024\/03\/Copia-de-Copia-de-TAMANHO-EXATO-PARA-FOTOS-NO-SISTEMA-NOVO-5-1.jpg?fit=1200%2C675&ssl=1&resize=1050%2C600 3x"},"classes":[]},{"id":47621,"url":"https:\/\/ismaelcolosi.com.br\/index.php\/2024\/04\/26\/sesi-sp-expande-sua-programacao-cultural-para-ribeirao-preto\/","url_meta":{"origin":63875,"position":4},"title":"SESI-SP expande sua programa\u00e7\u00e3o cultural para Ribeir\u00e3o Preto","author":"ismaelcolosi.com.br","date":"26 de April de 2024","format":false,"excerpt":"O SESI-SP est\u00e1 levando sua programa\u00e7\u00e3o cultural para novos horizontes, com a expans\u00e3o de suas atividades para mais cidades do estado de S\u00e3o Paulo, entre elas Ribeir\u00e3o Preto. Em algumas unidades do SESI, os espa\u00e7os que j\u00e1 eram conhecidos por receberem shows, pe\u00e7as teatrais e exposi\u00e7\u00f5es agora se transformam em\u2026","rel":"","context":"In &quot;Not\u00edcias de Ribeir\u00e3o Preto-SP e Regi\u00e3o&quot;","block_context":{"text":"Not\u00edcias de Ribeir\u00e3o Preto-SP e Regi\u00e3o","link":"https:\/\/ismaelcolosi.com.br\/index.php\/category\/noticias-de-ribeirao-preto-sp-e-regiao-ismael-colosi\/"},"img":{"alt_text":"","src":"https:\/\/i0.wp.com\/ismaelcolosi.com.br\/wp-content\/uploads\/2024\/04\/1_2024-04-26_18-39-50_png.webp.webp?fit=1200%2C800&ssl=1&resize=350%2C200","width":350,"height":200,"srcset":"https:\/\/i0.wp.com\/ismaelcolosi.com.br\/wp-content\/uploads\/2024\/04\/1_2024-04-26_18-39-50_png.webp.webp?fit=1200%2C800&ssl=1&resize=350%2C200 1x, https:\/\/i0.wp.com\/ismaelcolosi.com.br\/wp-content\/uploads\/2024\/04\/1_2024-04-26_18-39-50_png.webp.webp?fit=1200%2C800&ssl=1&resize=525%2C300 1.5x, https:\/\/i0.wp.com\/ismaelcolosi.com.br\/wp-content\/uploads\/2024\/04\/1_2024-04-26_18-39-50_png.webp.webp?fit=1200%2C800&ssl=1&resize=700%2C400 2x, https:\/\/i0.wp.com\/ismaelcolosi.com.br\/wp-content\/uploads\/2024\/04\/1_2024-04-26_18-39-50_png.webp.webp?fit=1200%2C800&ssl=1&resize=1050%2C600 3x"},"classes":[]},{"id":36474,"url":"https:\/\/ismaelcolosi.com.br\/index.php\/2024\/02\/09\/confira-a-programacao-de-carnaval-em-ribeirao-preto-neste-sabado\/","url_meta":{"origin":63875,"position":5},"title":"Confira a programa\u00e7\u00e3o de Carnaval em Ribeir\u00e3o Preto neste s\u00e1bado","author":"ismaelcolosi.com.br","date":"9 de February de 2024","format":false,"excerpt":"Ribeir\u00e3o Preto se prepara para o final de semana de Carnaval com diversas op\u00e7\u00f5es de lazer, atividades tem\u00e1ticas, blocos e mais. Confira o que \u00e9 destaque na programa\u00e7\u00e3o de Carnaval neste s\u00e1bado (10): Shoppings em Ribeir\u00e3o e Franca A partir do deste s\u00e1bado (10), os shoppings de Ribeir\u00e3o Preto e\u2026","rel":"","context":"In &quot;Not\u00edcias de Ribeir\u00e3o Preto-SP e Regi\u00e3o&quot;","block_context":{"text":"Not\u00edcias de Ribeir\u00e3o Preto-SP e Regi\u00e3o","link":"https:\/\/ismaelcolosi.com.br\/index.php\/category\/noticias-de-ribeirao-preto-sp-e-regiao-ismael-colosi\/"},"img":{"alt_text":"","src":"https:\/\/i0.wp.com\/ismaelcolosi.com.br\/wp-content\/uploads\/2024\/02\/Capturar-6.jpg?fit=935%2C621&ssl=1&resize=350%2C200","width":350,"height":200,"srcset":"https:\/\/i0.wp.com\/ismaelcolosi.com.br\/wp-content\/uploads\/2024\/02\/Capturar-6.jpg?fit=935%2C621&ssl=1&resize=350%2C200 1x, https:\/\/i0.wp.com\/ismaelcolosi.com.br\/wp-content\/uploads\/2024\/02\/Capturar-6.jpg?fit=935%2C621&ssl=1&resize=525%2C300 1.5x, https:\/\/i0.wp.com\/ismaelcolosi.com.br\/wp-content\/uploads\/2024\/02\/Capturar-6.jpg?fit=935%2C621&ssl=1&resize=700%2C400 2x"},"classes":[]}],"jetpack_sharing_enabled":true,"jetpack_shortlink":"https:\/\/wp.me\/pfMlyK-gCf","_links":{"self":[{"href":"https:\/\/ismaelcolosi.com.br\/index.php\/wp-json\/wp\/v2\/posts\/63875","targetHints":{"allow":["GET"]}}],"collection":[{"href":"https:\/\/ismaelcolosi.com.br\/index.php\/wp-json\/wp\/v2\/posts"}],"about":[{"href":"https:\/\/ismaelcolosi.com.br\/index.php\/wp-json\/wp\/v2\/types\/post"}],"author":[{"embeddable":true,"href":"https:\/\/ismaelcolosi.com.br\/index.php\/wp-json\/wp\/v2\/users\/1"}],"replies":[{"embeddable":true,"href":"https:\/\/ismaelcolosi.com.br\/index.php\/wp-json\/wp\/v2\/comments?post=63875"}],"version-history":[{"count":0,"href":"https:\/\/ismaelcolosi.com.br\/index.php\/wp-json\/wp\/v2\/posts\/63875\/revisions"}],"wp:featuredmedia":[{"embeddable":true,"href":"https:\/\/ismaelcolosi.com.br\/index.php\/wp-json\/wp\/v2\/media\/63876"}],"wp:attachment":[{"href":"https:\/\/ismaelcolosi.com.br\/index.php\/wp-json\/wp\/v2\/media?parent=63875"}],"wp:term":[{"taxonomy":"category","embeddable":true,"href":"https:\/\/ismaelcolosi.com.br\/index.php\/wp-json\/wp\/v2\/categories?post=63875"},{"taxonomy":"post_tag","embeddable":true,"href":"https:\/\/ismaelcolosi.com.br\/index.php\/wp-json\/wp\/v2\/tags?post=63875"}],"curies":[{"name":"wp","href":"https:\/\/api.w.org\/{rel}","templated":true}]}}