{"id":63866,"date":"2024-09-04T11:38:57","date_gmt":"2024-09-04T14:38:57","guid":{"rendered":"https:\/\/ismaelcolosi.com.br\/index.php\/2024\/09\/04\/boliviana-desaparecida-e-encontrada-morta-no-interior-de-sao-paulo\/"},"modified":"2024-09-04T11:38:57","modified_gmt":"2024-09-04T14:38:57","slug":"boliviana-desaparecida-e-encontrada-morta-no-interior-de-sao-paulo","status":"publish","type":"post","link":"https:\/\/ismaelcolosi.com.br\/index.php\/2024\/09\/04\/boliviana-desaparecida-e-encontrada-morta-no-interior-de-sao-paulo\/","title":{"rendered":"Boliviana desaparecida \u00e9 encontrada morta no interior de S\u00e3o Paulo"},"content":{"rendered":"<p> <br \/>\n<\/p>\n<div data-td-block-uid=\"tdi_106\">\n<div class=\"tdb-block-inner td-fix-index\">\n<p>Na tarde de ter\u00e7a-feira (3), a <strong>Pol\u00edcia Civil de Barretos<\/strong>, no interior de S\u00e3o Paulo, recebeu uma den\u00fancia an\u00f4nima sobre um <strong>corpo de uma mulher<\/strong> que foi encontrado. Ao chegar no local, identificaram que se tratava da <strong>boliviana Lucinda Veizaga Cuellar<\/strong>, <mark style=\"background-color:#fcb900\" class=\"has-inline-color\">desaparecida desde o dia 21 do m\u00eas passado.<\/mark><\/p>\n<p>Vinda de Santa Cruz de La Sierra, Lucinda chegou em Barretos em julho deste ano para tratar de um c\u00e2ncer no c\u00e9rebro, no <strong>Hospital do Amor<\/strong>. No dia <strong>21 de agosto<\/strong>, por volta das 7h15, ela disse que iria at\u00e9 uma ag\u00eancia da Caixa Econ\u00f4mica Federal para sacar um dinheiro e pagar algumas contas, <strong><mark style=\"background-color:#fcb900\" class=\"has-inline-color\">desde ent\u00e3o n\u00e3o foi mais vista<\/mark><\/strong>.<\/p>\n<p><strong>De acordo com o delegado Rafael Faria<\/strong>, os pertences pessoais de Lucinda estavam junto ao corpo. Uma pasta com documentos pessoais, dois celulares e a carteira. Al\u00e9m disso, <strong><mark style=\"background-color:#fcb900\" class=\"has-inline-color\">n\u00e3o foi encontrado sinais de viol\u00eancia no corpo. <\/mark><\/strong><\/p>\n<p>\u201cAgora o corpo segue para o IML que vai concluir pela causa da morte, e as investiga\u00e7\u00f5es prosseguem. Tudo indica que a morte foi relativamente recente.\u201d <strong>afirmou o delegado<\/strong>.<\/p>\n<p>SAIBA MAIS<br \/>Apostadores do interior de SP s\u00e3o premiados na Mega-Sena; Veja n\u00fameros<\/p>\n<h4 class=\"wp-block-heading\"><strong>FIQUE ON<\/strong><\/h4>\n<p>Fique ligado em tudo que acontece em Ribeir\u00e3o Preto e regi\u00e3o. Siga os perfis do <strong>acidade on<\/strong> no <a href=\"https:\/\/www.instagram.com\/acidadeonribeirao\" target=\"_blank\" rel=\"noreferrer noopener nofollow\">Instagram<\/a> e no <a href=\"https:\/\/www.facebook.com\/acidadeonribeirao\/\" target=\"_blank\" rel=\"noreferrer noopener nofollow\">Facebook<\/a>.<\/p>\n<p>Receba not\u00edcias do<strong> acidade on<\/strong> no WhatsApp. <a href=\"https:\/\/chat.whatsapp.com\/Dtv9mxhy6V5BJBotM2OQ5k\" target=\"_blank\" rel=\"noreferrer noopener nofollow\">Para entrar no grupo, basta clicar aqui.<\/a><\/p>\n<p>Fa\u00e7a uma den\u00fancia ou sugira uma reportagem sobre Ribeir\u00e3o Preto e regi\u00e3o pelo WhatsApp: 16 99117 7802.<\/p>\n<p>VEJA TAMB\u00c9M<br \/>Como usar a calculadora de simula\u00e7\u00e3o do INSS?<\/p>\n<p><!-- CONTENT END 1 -->\n<\/div>\n<\/div>\n<p><script async src=\"\/\/www.instagram.com\/embed.js\"><\/script><br \/>\n<br \/><br \/>\n<br \/><a href=\"https:\/\/www.acidadeon.com\/ribeiraopreto\/cotidiano\/boliviana-desaparecida-e-encontrada-morta-no-interior-de-sp\/\">Source link <\/a><\/p>\n","protected":false},"excerpt":{"rendered":"<p>Na tarde de ter\u00e7a-feira (3), a Pol\u00edcia Civil de Barretos, no interior de S\u00e3o Paulo, recebeu uma den\u00fancia an\u00f4nima sobre um corpo de uma mulher&#8230;<\/p>\n","protected":false},"author":1,"featured_media":63867,"comment_status":"open","ping_status":"open","sticky":false,"template":"","format":"standard","meta":{"_uag_custom_page_level_css":"","advanced_seo_description":"","jetpack_seo_html_title":"","jetpack_seo_noindex":false,"jetpack_post_was_ever_published":false,"_jetpack_newsletter_access":"","_jetpack_dont_email_post_to_subs":false,"_jetpack_newsletter_tier_id":0,"_jetpack_memberships_contains_paywalled_content":false,"_jetpack_memberships_contains_paid_content":false,"footnotes":"","jetpack_publicize_message":"","jetpack_publicize_feature_enabled":true,"jetpack_social_post_already_shared":true,"jetpack_social_options":{"image_generator_settings":{"template":"highway","default_image_id":0,"font":"","enabled":false},"version":2}},"categories":[11],"tags":[],"class_list":["post-63866","post","type-post","status-publish","format-standard","has-post-thumbnail","hentry","category-noticias-de-ribeirao-preto-sp-e-regiao-ismael-colosi"],"jetpack_publicize_connections":[],"jetpack_featured_media_url":"https:\/\/i0.wp.com\/ismaelcolosi.com.br\/wp-content\/uploads\/2024\/09\/Copia-de-Copia-de-Copia-de-TAMANHO-EXATO-PARA-FOTOS-NO-SISTEMA-NOVO-6_2024-09-04_13-49-29_png_2024-09-04_13-49-29.webp.webp?fit=1200%2C675&ssl=1","uagb_featured_image_src":{"full":["https:\/\/i0.wp.com\/ismaelcolosi.com.br\/wp-content\/uploads\/2024\/09\/Copia-de-Copia-de-Copia-de-TAMANHO-EXATO-PARA-FOTOS-NO-SISTEMA-NOVO-6_2024-09-04_13-49-29_png_2024-09-04_13-49-29.webp.webp?fit=1200%2C675&ssl=1",1200,675,false],"thumbnail":["https:\/\/i0.wp.com\/ismaelcolosi.com.br\/wp-content\/uploads\/2024\/09\/Copia-de-Copia-de-Copia-de-TAMANHO-EXATO-PARA-FOTOS-NO-SISTEMA-NOVO-6_2024-09-04_13-49-29_png_2024-09-04_13-49-29.webp.webp?resize=150%2C150&ssl=1",150,150,true],"medium":["https:\/\/i0.wp.com\/ismaelcolosi.com.br\/wp-content\/uploads\/2024\/09\/Copia-de-Copia-de-Copia-de-TAMANHO-EXATO-PARA-FOTOS-NO-SISTEMA-NOVO-6_2024-09-04_13-49-29_png_2024-09-04_13-49-29.webp.webp?fit=300%2C169&ssl=1",300,169,true],"medium_large":["https:\/\/i0.wp.com\/ismaelcolosi.com.br\/wp-content\/uploads\/2024\/09\/Copia-de-Copia-de-Copia-de-TAMANHO-EXATO-PARA-FOTOS-NO-SISTEMA-NOVO-6_2024-09-04_13-49-29_png_2024-09-04_13-49-29.webp.webp?fit=768%2C432&ssl=1",768,432,true],"large":["https:\/\/i0.wp.com\/ismaelcolosi.com.br\/wp-content\/uploads\/2024\/09\/Copia-de-Copia-de-Copia-de-TAMANHO-EXATO-PARA-FOTOS-NO-SISTEMA-NOVO-6_2024-09-04_13-49-29_png_2024-09-04_13-49-29.webp.webp?fit=1024%2C576&ssl=1",1024,576,true],"1536x1536":["https:\/\/i0.wp.com\/ismaelcolosi.com.br\/wp-content\/uploads\/2024\/09\/Copia-de-Copia-de-Copia-de-TAMANHO-EXATO-PARA-FOTOS-NO-SISTEMA-NOVO-6_2024-09-04_13-49-29_png_2024-09-04_13-49-29.webp.webp?fit=1200%2C675&ssl=1",1200,675,true],"2048x2048":["https:\/\/i0.wp.com\/ismaelcolosi.com.br\/wp-content\/uploads\/2024\/09\/Copia-de-Copia-de-Copia-de-TAMANHO-EXATO-PARA-FOTOS-NO-SISTEMA-NOVO-6_2024-09-04_13-49-29_png_2024-09-04_13-49-29.webp.webp?fit=1200%2C675&ssl=1",1200,675,true],"really-simple-thumb":["https:\/\/i0.wp.com\/ismaelcolosi.com.br\/wp-content\/uploads\/2024\/09\/Copia-de-Copia-de-Copia-de-TAMANHO-EXATO-PARA-FOTOS-NO-SISTEMA-NOVO-6_2024-09-04_13-49-29_png_2024-09-04_13-49-29.webp.webp?resize=370%2C247&ssl=1",370,247,true]},"uagb_author_info":{"display_name":"ismaelcolosi.com.br","author_link":"https:\/\/ismaelcolosi.com.br\/index.php\/author\/vidareal-online\/"},"uagb_comment_info":0,"uagb_excerpt":"Na tarde de ter\u00e7a-feira (3), a Pol\u00edcia Civil de Barretos, no interior de S\u00e3o Paulo, recebeu uma den\u00fancia an\u00f4nima sobre um corpo de uma mulher...","jetpack-related-posts":[{"id":25634,"url":"https:\/\/ismaelcolosi.com.br\/index.php\/2024\/01\/08\/em-cena-de-cortar-o-coracao-lucinda-abre-os-olhos-apos-coma-profundo-e-tem-desfecho-inesperado\/","url_meta":{"origin":63866,"position":0},"title":"Em cena de cortar o cora\u00e7\u00e3o, Lucinda abre os olhos ap\u00f3s coma profundo e tem desfecho inesperado","author":"ismaelcolosi.com.br","date":"8 de January de 2024","format":false,"excerpt":"Ant\u00f4nio La Selva n\u00e3o tem limites e desta vez foi Lucinda que pagou caro por sua ira e sede de poder. Ap\u00f3s ser preso por causa do sequestro de Aline, o rei da soja, jurou que se vingaria de Marino e contratou um assassino para tirar a vida de Lucinda.A\u2026","rel":"","context":"In &quot;Blog&quot;","block_context":{"text":"Blog","link":"https:\/\/ismaelcolosi.com.br\/index.php\/category\/blog\/"},"img":{"alt_text":"","src":"https:\/\/i0.wp.com\/ismaelcolosi.com.br\/wp-content\/uploads\/2024\/01\/postimg-659b340666ad99263.jpg?fit=1200%2C628&ssl=1&resize=350%2C200","width":350,"height":200,"srcset":"https:\/\/i0.wp.com\/ismaelcolosi.com.br\/wp-content\/uploads\/2024\/01\/postimg-659b340666ad99263.jpg?fit=1200%2C628&ssl=1&resize=350%2C200 1x, https:\/\/i0.wp.com\/ismaelcolosi.com.br\/wp-content\/uploads\/2024\/01\/postimg-659b340666ad99263.jpg?fit=1200%2C628&ssl=1&resize=525%2C300 1.5x, https:\/\/i0.wp.com\/ismaelcolosi.com.br\/wp-content\/uploads\/2024\/01\/postimg-659b340666ad99263.jpg?fit=1200%2C628&ssl=1&resize=700%2C400 2x, https:\/\/i0.wp.com\/ismaelcolosi.com.br\/wp-content\/uploads\/2024\/01\/postimg-659b340666ad99263.jpg?fit=1200%2C628&ssl=1&resize=1050%2C600 3x"},"classes":[]},{"id":24221,"url":"https:\/\/ismaelcolosi.com.br\/index.php\/2024\/01\/03\/meu-medo-e-nao-encontrar-minha-filha-viva-desabafa-pai-de-adolescente-que-esta-desaparecida-em-sp\/","url_meta":{"origin":63866,"position":1},"title":"&#8220;Meu medo \u00e9 n\u00e3o encontrar minha filha viva&#8221;, desabafa pai de adolescente que est\u00e1 desaparecida em SP","author":"ismaelcolosi.com.br","date":"3 de January de 2024","format":false,"excerpt":"Na regi\u00e3o de Itapevi, no interior de S\u00e3o Paulo, uma jovem de apenas 17 anos de idade desapareceu e todo o caso est\u00e1 gerando muita preocupa\u00e7\u00e3o e mist\u00e9rios. A jovem, que saiu de casa dizendo que iria comprar maquiagem, n\u00e3o foi mais vista desde ent\u00e3o.Imagens capturadas por uma c\u00e2mera de\u2026","rel":"","context":"In &quot;Blog&quot;","block_context":{"text":"Blog","link":"https:\/\/ismaelcolosi.com.br\/index.php\/category\/blog\/"},"img":{"alt_text":"","src":"https:\/\/i0.wp.com\/ismaelcolosi.com.br\/wp-content\/uploads\/2024\/01\/postimg-6595d80939aef8975.jpg?fit=1200%2C628&ssl=1&resize=350%2C200","width":350,"height":200,"srcset":"https:\/\/i0.wp.com\/ismaelcolosi.com.br\/wp-content\/uploads\/2024\/01\/postimg-6595d80939aef8975.jpg?fit=1200%2C628&ssl=1&resize=350%2C200 1x, https:\/\/i0.wp.com\/ismaelcolosi.com.br\/wp-content\/uploads\/2024\/01\/postimg-6595d80939aef8975.jpg?fit=1200%2C628&ssl=1&resize=525%2C300 1.5x, https:\/\/i0.wp.com\/ismaelcolosi.com.br\/wp-content\/uploads\/2024\/01\/postimg-6595d80939aef8975.jpg?fit=1200%2C628&ssl=1&resize=700%2C400 2x, https:\/\/i0.wp.com\/ismaelcolosi.com.br\/wp-content\/uploads\/2024\/01\/postimg-6595d80939aef8975.jpg?fit=1200%2C628&ssl=1&resize=1050%2C600 3x"},"classes":[]},{"id":43331,"url":"https:\/\/ismaelcolosi.com.br\/index.php\/2024\/03\/20\/mariah-carey-e-confirmada-no-rock-in-rio-relembre-a-passagem-da-cantora-pela-regiao-de-ribeirao-preto\/","url_meta":{"origin":63866,"position":2},"title":"Mariah Carey \u00e9 confirmada no Rock in Rio; Relembre a passagem da cantora pela regi\u00e3o de Ribeir\u00e3o Preto","author":"ismaelcolosi.com.br","date":"20 de March de 2024","format":false,"excerpt":"Mariah Carey \u00e9 uma das novas atra\u00e7\u00f5es confirmadas no Rock in Rio 2024, que acontece entre os dias 13 e 22 de setembro, na Cidade do Rock, zona Oeste do Rio de Janeiro. A artista \u00e9 a principal atra\u00e7\u00e3o do Palco Sunset, no dia \u00faltimo dia de festival. A apresenta\u00e7\u00e3o\u2026","rel":"","context":"In &quot;Not\u00edcias de Ribeir\u00e3o Preto-SP e Regi\u00e3o&quot;","block_context":{"text":"Not\u00edcias de Ribeir\u00e3o Preto-SP e Regi\u00e3o","link":"https:\/\/ismaelcolosi.com.br\/index.php\/category\/noticias-de-ribeirao-preto-sp-e-regiao-ismael-colosi\/"},"img":{"alt_text":"","src":"https:\/\/i0.wp.com\/ismaelcolosi.com.br\/wp-content\/uploads\/2024\/03\/Copia-de-Copia-de-TAMANHO-EXATO-PARA-FOTOS-NO-SISTEMA-NOVO-13.jpg?fit=1200%2C675&ssl=1&resize=350%2C200","width":350,"height":200,"srcset":"https:\/\/i0.wp.com\/ismaelcolosi.com.br\/wp-content\/uploads\/2024\/03\/Copia-de-Copia-de-TAMANHO-EXATO-PARA-FOTOS-NO-SISTEMA-NOVO-13.jpg?fit=1200%2C675&ssl=1&resize=350%2C200 1x, https:\/\/i0.wp.com\/ismaelcolosi.com.br\/wp-content\/uploads\/2024\/03\/Copia-de-Copia-de-TAMANHO-EXATO-PARA-FOTOS-NO-SISTEMA-NOVO-13.jpg?fit=1200%2C675&ssl=1&resize=525%2C300 1.5x, https:\/\/i0.wp.com\/ismaelcolosi.com.br\/wp-content\/uploads\/2024\/03\/Copia-de-Copia-de-TAMANHO-EXATO-PARA-FOTOS-NO-SISTEMA-NOVO-13.jpg?fit=1200%2C675&ssl=1&resize=700%2C400 2x, https:\/\/i0.wp.com\/ismaelcolosi.com.br\/wp-content\/uploads\/2024\/03\/Copia-de-Copia-de-TAMANHO-EXATO-PARA-FOTOS-NO-SISTEMA-NOVO-13.jpg?fit=1200%2C675&ssl=1&resize=1050%2C600 3x"},"classes":[]},{"id":28160,"url":"https:\/\/ismaelcolosi.com.br\/index.php\/2024\/01\/15\/terminam-as-buscas-pela-adolescente-que-estava-ha-quase-um-mes-desaparecida-desfecho-e-exposto-pela-policia\/","url_meta":{"origin":63866,"position":3},"title":"Terminam as buscas pela adolescente que estava h\u00e1 quase um m\u00eas desaparecida, desfecho \u00e9 exposto pela pol\u00edcia","author":"ismaelcolosi.com.br","date":"15 de January de 2024","format":false,"excerpt":"A jovem Gabriele de Almeida Rodrigues foi encontrada no \u00faltimo s\u00e1bado (13) na cidade de Itapema, localizada no Litoral Norte do estado de Santa Catarina.A adolescente estava desaparecida desde o dia 18 de dezembro, quando foi avistada pela \u00faltima vez em Cambori\u00fa. O pai da menina recebeu uma mensagem que\u2026","rel":"","context":"In &quot;Blog&quot;","block_context":{"text":"Blog","link":"https:\/\/ismaelcolosi.com.br\/index.php\/category\/blog\/"},"img":{"alt_text":"","src":"https:\/\/i0.wp.com\/ismaelcolosi.com.br\/wp-content\/uploads\/2024\/01\/postimg-65a4cf47e962d6651.jpg?fit=1200%2C628&ssl=1&resize=350%2C200","width":350,"height":200,"srcset":"https:\/\/i0.wp.com\/ismaelcolosi.com.br\/wp-content\/uploads\/2024\/01\/postimg-65a4cf47e962d6651.jpg?fit=1200%2C628&ssl=1&resize=350%2C200 1x, https:\/\/i0.wp.com\/ismaelcolosi.com.br\/wp-content\/uploads\/2024\/01\/postimg-65a4cf47e962d6651.jpg?fit=1200%2C628&ssl=1&resize=525%2C300 1.5x, https:\/\/i0.wp.com\/ismaelcolosi.com.br\/wp-content\/uploads\/2024\/01\/postimg-65a4cf47e962d6651.jpg?fit=1200%2C628&ssl=1&resize=700%2C400 2x, https:\/\/i0.wp.com\/ismaelcolosi.com.br\/wp-content\/uploads\/2024\/01\/postimg-65a4cf47e962d6651.jpg?fit=1200%2C628&ssl=1&resize=1050%2C600 3x"},"classes":[]},{"id":27943,"url":"https:\/\/ismaelcolosi.com.br\/index.php\/2024\/01\/13\/videos-trazem-imagens-do-resgate-dos-corpos-e-do-helicoptero-completamente-destruido-aeronave-ficou-12-dias-desaparecida\/","url_meta":{"origin":63866,"position":4},"title":"V\u00eddeos trazem imagens do resgate dos corpos e do helic\u00f3ptero completamente destru\u00eddo \u2013 Aeronave ficou 12 dias desaparecida","author":"ismaelcolosi.com.br","date":"13 de January de 2024","format":false,"excerpt":"O helic\u00f3ptero que se acidentou em uma regi\u00e3o de mata fechada que fica no munic\u00edpio de Paraibuna, localizada no interior do estado de S\u00e3o Paulo, sofreu danos irrepar\u00e1veis. As imagens divulgadas neste s\u00e1bado (13) exibem destro\u00e7os da aeronave e pertences das v\u00edtimas no local do ocorrido.Na manh\u00e3 da \u00faltima sexta-feira\u2026","rel":"","context":"In &quot;Blog&quot;","block_context":{"text":"Blog","link":"https:\/\/ismaelcolosi.com.br\/index.php\/category\/blog\/"},"img":{"alt_text":"","src":"https:\/\/i0.wp.com\/ismaelcolosi.com.br\/wp-content\/uploads\/2024\/01\/postimg-65a343a5c3e7a8242.jpg?fit=1200%2C628&ssl=1&resize=350%2C200","width":350,"height":200,"srcset":"https:\/\/i0.wp.com\/ismaelcolosi.com.br\/wp-content\/uploads\/2024\/01\/postimg-65a343a5c3e7a8242.jpg?fit=1200%2C628&ssl=1&resize=350%2C200 1x, https:\/\/i0.wp.com\/ismaelcolosi.com.br\/wp-content\/uploads\/2024\/01\/postimg-65a343a5c3e7a8242.jpg?fit=1200%2C628&ssl=1&resize=525%2C300 1.5x, https:\/\/i0.wp.com\/ismaelcolosi.com.br\/wp-content\/uploads\/2024\/01\/postimg-65a343a5c3e7a8242.jpg?fit=1200%2C628&ssl=1&resize=700%2C400 2x, https:\/\/i0.wp.com\/ismaelcolosi.com.br\/wp-content\/uploads\/2024\/01\/postimg-65a343a5c3e7a8242.jpg?fit=1200%2C628&ssl=1&resize=1050%2C600 3x"},"classes":[]},{"id":23013,"url":"https:\/\/ismaelcolosi.com.br\/index.php\/2023\/12\/31\/homem-que-veio-visitar-familia-em-rp-e-encontrado-morto\/","url_meta":{"origin":63866,"position":5},"title":"Homem que veio visitar fam\u00edlia em RP \u00e9 encontrado morto","author":"ismaelcolosi.com.br","date":"31 de December de 2023","format":false,"excerpt":"31 de dezembro de 2023 | 11:5931 de dezembro de 2023 | 14:27 0A Pol\u00edcia Civil encontrou na noite deste s\u00e1bado (30), o corpo do homem que estava desaparecido h\u00e1 dois dias em Ribeir\u00e3o Preto.Ap\u00f3s investiga\u00e7\u00f5es, o corpo de Paulo Roberto Carvalho Pena Braga Filho, de 34 anos, foi localizado\u2026","rel":"","context":"In &quot;Not\u00edcias de Ribeir\u00e3o Preto-SP e Regi\u00e3o&quot;","block_context":{"text":"Not\u00edcias de Ribeir\u00e3o Preto-SP e Regi\u00e3o","link":"https:\/\/ismaelcolosi.com.br\/index.php\/category\/noticias-de-ribeirao-preto-sp-e-regiao-ismael-colosi\/"},"img":{"alt_text":"","src":"https:\/\/i0.wp.com\/ismaelcolosi.com.br\/wp-content\/uploads\/2023\/12\/416099194_682035960664762_8467959815340802390_n.jpg?fit=632%2C855&ssl=1&resize=350%2C200","width":350,"height":200,"srcset":"https:\/\/i0.wp.com\/ismaelcolosi.com.br\/wp-content\/uploads\/2023\/12\/416099194_682035960664762_8467959815340802390_n.jpg?fit=632%2C855&ssl=1&resize=350%2C200 1x, https:\/\/i0.wp.com\/ismaelcolosi.com.br\/wp-content\/uploads\/2023\/12\/416099194_682035960664762_8467959815340802390_n.jpg?fit=632%2C855&ssl=1&resize=525%2C300 1.5x"},"classes":[]}],"jetpack_sharing_enabled":true,"jetpack_shortlink":"https:\/\/wp.me\/pfMlyK-gC6","_links":{"self":[{"href":"https:\/\/ismaelcolosi.com.br\/index.php\/wp-json\/wp\/v2\/posts\/63866","targetHints":{"allow":["GET"]}}],"collection":[{"href":"https:\/\/ismaelcolosi.com.br\/index.php\/wp-json\/wp\/v2\/posts"}],"about":[{"href":"https:\/\/ismaelcolosi.com.br\/index.php\/wp-json\/wp\/v2\/types\/post"}],"author":[{"embeddable":true,"href":"https:\/\/ismaelcolosi.com.br\/index.php\/wp-json\/wp\/v2\/users\/1"}],"replies":[{"embeddable":true,"href":"https:\/\/ismaelcolosi.com.br\/index.php\/wp-json\/wp\/v2\/comments?post=63866"}],"version-history":[{"count":0,"href":"https:\/\/ismaelcolosi.com.br\/index.php\/wp-json\/wp\/v2\/posts\/63866\/revisions"}],"wp:featuredmedia":[{"embeddable":true,"href":"https:\/\/ismaelcolosi.com.br\/index.php\/wp-json\/wp\/v2\/media\/63867"}],"wp:attachment":[{"href":"https:\/\/ismaelcolosi.com.br\/index.php\/wp-json\/wp\/v2\/media?parent=63866"}],"wp:term":[{"taxonomy":"category","embeddable":true,"href":"https:\/\/ismaelcolosi.com.br\/index.php\/wp-json\/wp\/v2\/categories?post=63866"},{"taxonomy":"post_tag","embeddable":true,"href":"https:\/\/ismaelcolosi.com.br\/index.php\/wp-json\/wp\/v2\/tags?post=63866"}],"curies":[{"name":"wp","href":"https:\/\/api.w.org\/{rel}","templated":true}]}}