{"id":63861,"date":"2024-09-04T11:22:34","date_gmt":"2024-09-04T14:22:34","guid":{"rendered":"https:\/\/ismaelcolosi.com.br\/index.php\/2024\/09\/04\/homem-e-preso-por-incendio-criminoso-em-mata-na-regiao-de-ribeirao-preto\/"},"modified":"2024-09-04T11:22:34","modified_gmt":"2024-09-04T14:22:34","slug":"homem-e-preso-por-incendio-criminoso-em-mata-na-regiao-de-ribeirao-preto","status":"publish","type":"post","link":"https:\/\/ismaelcolosi.com.br\/index.php\/2024\/09\/04\/homem-e-preso-por-incendio-criminoso-em-mata-na-regiao-de-ribeirao-preto\/","title":{"rendered":"Homem \u00e9 preso por inc\u00eandio criminoso em mata na regi\u00e3o de Ribeir\u00e3o Preto"},"content":{"rendered":"<p> <br \/>\n<\/p>\n<div data-td-block-uid=\"tdi_106\">\n<div class=\"tdb-block-inner td-fix-index\">\n<p><strong>Um homem de 50 anos foi preso nesta ter\u00e7a-feira (3) suspeito de atear fogo em uma mata de Batatais, cidade a aproximadamente 40 quil\u00f4metros de Ribeir\u00e3o Preto.<\/strong> <\/p>\n<p>A Secretaria da <strong>Seguran\u00e7a P\u00fablica de S\u00e3o Paulo (SSP-SP)<\/strong> havia informado no <strong>domingo (1\u00ba) <\/strong>que, at\u00e9 ent\u00e3o, tinha registrado 11 pris\u00f5es de suspeitos de inc\u00eandios criminosos em todo o <strong>estado de S\u00e3o Paulo<\/strong>, entre as quais duas efetuadas em <strong>Batatais<\/strong>.<\/p>\n<p>Segundo o <strong>boletim de ocorr\u00eancia (BO)<\/strong>, <strong>Julio C\u00e9sar Dos Santos<\/strong> teria utilizado um <strong>isqueiro <\/strong>para dar in\u00edcio ao <strong>inc\u00eandio <\/strong>em <strong>vegeta\u00e7\u00e3o nativa <\/strong>no <strong>Jardim Alvorada<\/strong>.<\/p>\n<p>Um morador disse \u00e0 <strong>GCM (Guarda Civil Municipal)<\/strong> ter visto o <strong>homem <\/strong>ateando <strong>fogo <\/strong>na <strong>mata <\/strong>e que o <strong>deteve <\/strong>at\u00e9 a chegada da equipe.<\/p>\n<p>O <strong>Corpo de Bombeiros<\/strong> atuou no <strong>combate <\/strong>\u00e0s <strong>chamas<\/strong>, que atingiram parte da <strong>mata<\/strong>.<\/p>\n<p>O <strong>homem <\/strong>foi conduzido \u00e0 <strong>CPJ (Central de Pol\u00edcia Judici\u00e1ria) de Batatais<\/strong>, onde foi atuado em flagrante pelo <strong>crime <\/strong>de <strong>causar inc\u00eandio<\/strong>.<\/p>\n<p>SAIBA MAIS<\/p>\n<p>Motociclista morre ap\u00f3s batida com caminh\u00e3o em Ribeir\u00e3o Preto<\/p>\n<h4 class=\"wp-block-heading\"><strong>FIQUE ON<\/strong><\/h4>\n<p>Fique ligado em tudo que acontece em Ribeir\u00e3o Preto e regi\u00e3o. Siga os perfis do<strong>\u00a0acidade on<\/strong>\u00a0no\u00a0<a href=\"https:\/\/www.instagram.com\/acidadeonribeirao\" target=\"_blank\" rel=\"noreferrer noopener\">Instagram<\/a>\u00a0e no<a href=\"https:\/\/www.facebook.com\/acidadeonribeirao\/\" target=\"_blank\" rel=\"noreferrer noopener\">\u00a0Facebook<\/a>.<\/p>\n<p>Receba not\u00edcias do<strong>\u00a0acidade on\u00a0<\/strong>no WhatsApp.\u00a0<a href=\"https:\/\/chat.whatsapp.com\/Dtv9mxhy6V5BJBotM2OQ5k\" target=\"_blank\" rel=\"noreferrer noopener\">Para entrar no grupo, basta clicar aqui<\/a>.<\/p>\n<p>Fa\u00e7a uma den\u00fancia ou sugira uma reportagem sobre Ribeir\u00e3o Preto e regi\u00e3o pelo WhatsApp: 16 99117 7802.<\/p>\n<p>VEJA TAMB\u00c9M<\/p>\n<p>Nova cultivar de trigo \u00e9 adaptada a regi\u00f5es mais quentes<\/p>\n<p><!-- CONTENT END 1 -->\n<\/div>\n<\/div>\n<p><script async src=\"\/\/www.instagram.com\/embed.js\"><\/script><br \/>\n<br \/><br \/>\n<br \/><a href=\"https:\/\/www.acidadeon.com\/ribeiraopreto\/cotidiano\/homem-e-preso-por-incendio-criminoso-em-mata-na-regiao-de-ribeirao-preto\/\">Source link <\/a><\/p>\n","protected":false},"excerpt":{"rendered":"<p>Um homem de 50 anos foi preso nesta ter\u00e7a-feira (3) suspeito de atear fogo em uma mata de Batatais, cidade a aproximadamente 40 quil\u00f4metros de&#8230;<\/p>\n","protected":false},"author":1,"featured_media":63862,"comment_status":"open","ping_status":"open","sticky":false,"template":"","format":"standard","meta":{"_uag_custom_page_level_css":"","advanced_seo_description":"","jetpack_seo_html_title":"","jetpack_seo_noindex":false,"jetpack_post_was_ever_published":false,"_jetpack_newsletter_access":"","_jetpack_dont_email_post_to_subs":false,"_jetpack_newsletter_tier_id":0,"_jetpack_memberships_contains_paywalled_content":false,"_jetpack_memberships_contains_paid_content":false,"footnotes":"","jetpack_publicize_message":"","jetpack_publicize_feature_enabled":true,"jetpack_social_post_already_shared":true,"jetpack_social_options":{"image_generator_settings":{"template":"highway","default_image_id":0,"font":"","enabled":false},"version":2}},"categories":[11],"tags":[],"class_list":["post-63861","post","type-post","status-publish","format-standard","has-post-thumbnail","hentry","category-noticias-de-ribeirao-preto-sp-e-regiao-ismael-colosi"],"jetpack_publicize_connections":[],"jetpack_featured_media_url":"https:\/\/i0.wp.com\/ismaelcolosi.com.br\/wp-content\/uploads\/2024\/09\/WhatsApp-Image-2024-09-04-at-10.35.30_2024-09-04_13-39-17_jpeg_2024-09-04_13-39-17.webp.webp?fit=1599%2C1269&ssl=1","uagb_featured_image_src":{"full":["https:\/\/i0.wp.com\/ismaelcolosi.com.br\/wp-content\/uploads\/2024\/09\/WhatsApp-Image-2024-09-04-at-10.35.30_2024-09-04_13-39-17_jpeg_2024-09-04_13-39-17.webp.webp?fit=1599%2C1269&ssl=1",1599,1269,false],"thumbnail":["https:\/\/i0.wp.com\/ismaelcolosi.com.br\/wp-content\/uploads\/2024\/09\/WhatsApp-Image-2024-09-04-at-10.35.30_2024-09-04_13-39-17_jpeg_2024-09-04_13-39-17.webp.webp?resize=150%2C150&ssl=1",150,150,true],"medium":["https:\/\/i0.wp.com\/ismaelcolosi.com.br\/wp-content\/uploads\/2024\/09\/WhatsApp-Image-2024-09-04-at-10.35.30_2024-09-04_13-39-17_jpeg_2024-09-04_13-39-17.webp.webp?fit=300%2C238&ssl=1",300,238,true],"medium_large":["https:\/\/i0.wp.com\/ismaelcolosi.com.br\/wp-content\/uploads\/2024\/09\/WhatsApp-Image-2024-09-04-at-10.35.30_2024-09-04_13-39-17_jpeg_2024-09-04_13-39-17.webp.webp?fit=768%2C610&ssl=1",768,610,true],"large":["https:\/\/i0.wp.com\/ismaelcolosi.com.br\/wp-content\/uploads\/2024\/09\/WhatsApp-Image-2024-09-04-at-10.35.30_2024-09-04_13-39-17_jpeg_2024-09-04_13-39-17.webp.webp?fit=1024%2C813&ssl=1",1024,813,true],"1536x1536":["https:\/\/i0.wp.com\/ismaelcolosi.com.br\/wp-content\/uploads\/2024\/09\/WhatsApp-Image-2024-09-04-at-10.35.30_2024-09-04_13-39-17_jpeg_2024-09-04_13-39-17.webp.webp?fit=1536%2C1219&ssl=1",1536,1219,true],"2048x2048":["https:\/\/i0.wp.com\/ismaelcolosi.com.br\/wp-content\/uploads\/2024\/09\/WhatsApp-Image-2024-09-04-at-10.35.30_2024-09-04_13-39-17_jpeg_2024-09-04_13-39-17.webp.webp?fit=1599%2C1269&ssl=1",1599,1269,true],"really-simple-thumb":["https:\/\/i0.wp.com\/ismaelcolosi.com.br\/wp-content\/uploads\/2024\/09\/WhatsApp-Image-2024-09-04-at-10.35.30_2024-09-04_13-39-17_jpeg_2024-09-04_13-39-17.webp.webp?resize=370%2C247&ssl=1",370,247,true]},"uagb_author_info":{"display_name":"ismaelcolosi.com.br","author_link":"https:\/\/ismaelcolosi.com.br\/index.php\/author\/vidareal-online\/"},"uagb_comment_info":0,"uagb_excerpt":"Um homem de 50 anos foi preso nesta ter\u00e7a-feira (3) suspeito de atear fogo em uma mata de Batatais, cidade a aproximadamente 40 quil\u00f4metros de...","jetpack-related-posts":[{"id":62491,"url":"https:\/\/ismaelcolosi.com.br\/index.php\/2024\/08\/27\/policia-prende-6o-suspeito-de-atear-fogo-em-vegetacao-no-interior-de-sp\/","url_meta":{"origin":63861,"position":0},"title":"Pol\u00edcia prende 6\u00ba suspeito de atear fogo em vegeta\u00e7\u00e3o no interior de SP","author":"ismaelcolosi.com.br","date":"27 de August de 2024","format":false,"excerpt":"Um homem de 49 anos foi preso sob a suspeita de incendiar uma \u00e1rea de mata em Jales, no interior de S\u00e3o Paulo, nesta segunda-feira (26). Ele \u00e9 o sexto suspeito detido no Estado em menos de uma semana por ocorr\u00eancias semelhantes. A a\u00e7\u00e3o dele fez com que as chamas\u2026","rel":"","context":"In &quot;Not\u00edcias de Ribeir\u00e3o Preto-SP e Regi\u00e3o&quot;","block_context":{"text":"Not\u00edcias de Ribeir\u00e3o Preto-SP e Regi\u00e3o","link":"https:\/\/ismaelcolosi.com.br\/index.php\/category\/noticias-de-ribeirao-preto-sp-e-regiao-ismael-colosi\/"},"img":{"alt_text":"","src":"https:\/\/i0.wp.com\/ismaelcolosi.com.br\/wp-content\/uploads\/2024\/08\/interdicao-antonio-machado-santana_2024-08-23_21-32-23_jpg_2024-08-23_21-32-23.webp.webp?fit=1200%2C921&ssl=1&resize=350%2C200","width":350,"height":200,"srcset":"https:\/\/i0.wp.com\/ismaelcolosi.com.br\/wp-content\/uploads\/2024\/08\/interdicao-antonio-machado-santana_2024-08-23_21-32-23_jpg_2024-08-23_21-32-23.webp.webp?fit=1200%2C921&ssl=1&resize=350%2C200 1x, https:\/\/i0.wp.com\/ismaelcolosi.com.br\/wp-content\/uploads\/2024\/08\/interdicao-antonio-machado-santana_2024-08-23_21-32-23_jpg_2024-08-23_21-32-23.webp.webp?fit=1200%2C921&ssl=1&resize=525%2C300 1.5x, https:\/\/i0.wp.com\/ismaelcolosi.com.br\/wp-content\/uploads\/2024\/08\/interdicao-antonio-machado-santana_2024-08-23_21-32-23_jpg_2024-08-23_21-32-23.webp.webp?fit=1200%2C921&ssl=1&resize=700%2C400 2x, https:\/\/i0.wp.com\/ismaelcolosi.com.br\/wp-content\/uploads\/2024\/08\/interdicao-antonio-machado-santana_2024-08-23_21-32-23_jpg_2024-08-23_21-32-23.webp.webp?fit=1200%2C921&ssl=1&resize=1050%2C600 3x"},"classes":[]},{"id":64202,"url":"https:\/\/ismaelcolosi.com.br\/index.php\/2024\/09\/06\/mais-um-homem-e-preso-por-incendio-criminoso-na-regiao-de-ribeirao-preto\/","url_meta":{"origin":63861,"position":1},"title":"Mais um homem \u00e9 preso por inc\u00eandio criminoso na regi\u00e3o de Ribeir\u00e3o Preto","author":"ismaelcolosi.com.br","date":"6 de September de 2024","format":false,"excerpt":"Um homem de 34 anos foi preso nesta quinta-feira (5) suspeito de atear fogo no mato em um terreno baldio de Franca, cidade a aproximadamente 80 quil\u00f4metros de Ribeir\u00e3o Preto. Outros dois suspeitos consegiram fugir. Em todo o\u00a0estado de S\u00e3o Paulo foram efetuadas 13 pris\u00f5es de suspeitos de inc\u00eandios criminosos,\u2026","rel":"","context":"In &quot;Not\u00edcias de Ribeir\u00e3o Preto-SP e Regi\u00e3o&quot;","block_context":{"text":"Not\u00edcias de Ribeir\u00e3o Preto-SP e Regi\u00e3o","link":"https:\/\/ismaelcolosi.com.br\/index.php\/category\/noticias-de-ribeirao-preto-sp-e-regiao-ismael-colosi\/"},"img":{"alt_text":"","src":"https:\/\/i0.wp.com\/ismaelcolosi.com.br\/wp-content\/uploads\/2024\/09\/WhatsApp-Image-2024-09-05-at-18.55.41_2024-09-06_11-23-47_jpeg_2024-09-06_11-23-47.webp.webp?fit=1200%2C900&ssl=1&resize=350%2C200","width":350,"height":200,"srcset":"https:\/\/i0.wp.com\/ismaelcolosi.com.br\/wp-content\/uploads\/2024\/09\/WhatsApp-Image-2024-09-05-at-18.55.41_2024-09-06_11-23-47_jpeg_2024-09-06_11-23-47.webp.webp?fit=1200%2C900&ssl=1&resize=350%2C200 1x, https:\/\/i0.wp.com\/ismaelcolosi.com.br\/wp-content\/uploads\/2024\/09\/WhatsApp-Image-2024-09-05-at-18.55.41_2024-09-06_11-23-47_jpeg_2024-09-06_11-23-47.webp.webp?fit=1200%2C900&ssl=1&resize=525%2C300 1.5x, https:\/\/i0.wp.com\/ismaelcolosi.com.br\/wp-content\/uploads\/2024\/09\/WhatsApp-Image-2024-09-05-at-18.55.41_2024-09-06_11-23-47_jpeg_2024-09-06_11-23-47.webp.webp?fit=1200%2C900&ssl=1&resize=700%2C400 2x, https:\/\/i0.wp.com\/ismaelcolosi.com.br\/wp-content\/uploads\/2024\/09\/WhatsApp-Image-2024-09-05-at-18.55.41_2024-09-06_11-23-47_jpeg_2024-09-06_11-23-47.webp.webp?fit=1200%2C900&ssl=1&resize=1050%2C600 3x"},"classes":[]},{"id":62091,"url":"https:\/\/ismaelcolosi.com.br\/index.php\/2024\/08\/25\/preso-por-queimada-na-regiao-de-ribeirao-preto-teria-comemorado-outros-incendios\/","url_meta":{"origin":63861,"position":2},"title":"Preso por queimada na regi\u00e3o de Ribeir\u00e3o Preto teria comemorado outros inc\u00eandios","author":"ismaelcolosi.com.br","date":"25 de August de 2024","format":false,"excerpt":"Um homem foi preso na manh\u00e3 deste domingo (25) em Batatais, na regi\u00e3o de Ribeir\u00e3o Preto, acusado de provocar um inc\u00eandio criminoso \u2013 veja o v\u00eddeo abaixo. Segundo v\u00eddeos encontrados pela pol\u00edcia no celular do criminoso, ele teria comemorado outros inc\u00eandios de grandes propor\u00e7\u00f5es. Mais cedo, a pris\u00e3o dele havia\u2026","rel":"","context":"In &quot;Not\u00edcias de Ribeir\u00e3o Preto-SP e Regi\u00e3o&quot;","block_context":{"text":"Not\u00edcias de Ribeir\u00e3o Preto-SP e Regi\u00e3o","link":"https:\/\/ismaelcolosi.com.br\/index.php\/category\/noticias-de-ribeirao-preto-sp-e-regiao-ismael-colosi\/"},"img":{"alt_text":"","src":"https:\/\/i0.wp.com\/ismaelcolosi.com.br\/wp-content\/uploads\/2024\/08\/batatais-incendio_2024-08-25_16-53-25_jpg_2024-08-25_16-53-25.webp.webp?fit=1200%2C746&ssl=1&resize=350%2C200","width":350,"height":200,"srcset":"https:\/\/i0.wp.com\/ismaelcolosi.com.br\/wp-content\/uploads\/2024\/08\/batatais-incendio_2024-08-25_16-53-25_jpg_2024-08-25_16-53-25.webp.webp?fit=1200%2C746&ssl=1&resize=350%2C200 1x, https:\/\/i0.wp.com\/ismaelcolosi.com.br\/wp-content\/uploads\/2024\/08\/batatais-incendio_2024-08-25_16-53-25_jpg_2024-08-25_16-53-25.webp.webp?fit=1200%2C746&ssl=1&resize=525%2C300 1.5x, https:\/\/i0.wp.com\/ismaelcolosi.com.br\/wp-content\/uploads\/2024\/08\/batatais-incendio_2024-08-25_16-53-25_jpg_2024-08-25_16-53-25.webp.webp?fit=1200%2C746&ssl=1&resize=700%2C400 2x, https:\/\/i0.wp.com\/ismaelcolosi.com.br\/wp-content\/uploads\/2024\/08\/batatais-incendio_2024-08-25_16-53-25_jpg_2024-08-25_16-53-25.webp.webp?fit=1200%2C746&ssl=1&resize=1050%2C600 3x"},"classes":[]},{"id":52328,"url":"https:\/\/ismaelcolosi.com.br\/index.php\/2024\/06\/05\/homem-mata-esposa-e-avisa-vizinho-sobre-o-crime-na-regiao-de-ribeirao-preto\/","url_meta":{"origin":63861,"position":3},"title":"Homem mata esposa e avisa vizinho sobre o crime na regi\u00e3o de Ribeir\u00e3o Preto","author":"ismaelcolosi.com.br","date":"5 de June de 2024","format":false,"excerpt":"Um homem de 46 anos matou a esposa de 30 anos, na tarde desta quarta-feira (5), no bairro Jorge Nazar, em Batatais, na regi\u00e3o de Ribeir\u00e3o Preto. Ap\u00f3s cometer o crime, o suspeito avisou um vizinho sobre o ocorrido. Segundo a Pol\u00edcia Militar, o homem disse ao vizinho que havia\u2026","rel":"","context":"In &quot;Not\u00edcias de Ribeir\u00e3o Preto-SP e Regi\u00e3o&quot;","block_context":{"text":"Not\u00edcias de Ribeir\u00e3o Preto-SP e Regi\u00e3o","link":"https:\/\/ismaelcolosi.com.br\/index.php\/category\/noticias-de-ribeirao-preto-sp-e-regiao-ismael-colosi\/"},"img":{"alt_text":"","src":"https:\/\/i0.wp.com\/ismaelcolosi.com.br\/wp-content\/uploads\/2024\/06\/WhatsApp-Image-2024-06-05-at-16.58.42_2024-06-05_20-34-15_jpeg_2024-06-05_20-34-15.webp.webp?fit=1200%2C675&ssl=1&resize=350%2C200","width":350,"height":200,"srcset":"https:\/\/i0.wp.com\/ismaelcolosi.com.br\/wp-content\/uploads\/2024\/06\/WhatsApp-Image-2024-06-05-at-16.58.42_2024-06-05_20-34-15_jpeg_2024-06-05_20-34-15.webp.webp?fit=1200%2C675&ssl=1&resize=350%2C200 1x, https:\/\/i0.wp.com\/ismaelcolosi.com.br\/wp-content\/uploads\/2024\/06\/WhatsApp-Image-2024-06-05-at-16.58.42_2024-06-05_20-34-15_jpeg_2024-06-05_20-34-15.webp.webp?fit=1200%2C675&ssl=1&resize=525%2C300 1.5x, https:\/\/i0.wp.com\/ismaelcolosi.com.br\/wp-content\/uploads\/2024\/06\/WhatsApp-Image-2024-06-05-at-16.58.42_2024-06-05_20-34-15_jpeg_2024-06-05_20-34-15.webp.webp?fit=1200%2C675&ssl=1&resize=700%2C400 2x, https:\/\/i0.wp.com\/ismaelcolosi.com.br\/wp-content\/uploads\/2024\/06\/WhatsApp-Image-2024-06-05-at-16.58.42_2024-06-05_20-34-15_jpeg_2024-06-05_20-34-15.webp.webp?fit=1200%2C675&ssl=1&resize=1050%2C600 3x"},"classes":[]},{"id":63096,"url":"https:\/\/ismaelcolosi.com.br\/index.php\/2024\/08\/30\/incendio-destroi-parte-de-mata-na-zona-leste-de-ribeirao-veja-imagens-aereas\/","url_meta":{"origin":63861,"position":4},"title":"Inc\u00eandio destr\u00f3i parte de mata na zona Leste de Ribeir\u00e3o; Veja imagens a\u00e9reas","author":"ismaelcolosi.com.br","date":"30 de August de 2024","format":false,"excerpt":"Um inc\u00eandio de grandes propor\u00e7\u00f5es destruiu parte de uma reserva florestal localizada no Parque dos Flamboyans, na zona Leste de Ribeir\u00e3o Preto, no come\u00e7o da tarde desta sexta-feira (30) \u2013 veja as imagens a\u00e9reas logo abaixo. De acordo com a Guarda Civil Metropolitana (GCM) de Ribeir\u00e3o Preto, o inc\u00eandio foi\u2026","rel":"","context":"In &quot;Not\u00edcias de Ribeir\u00e3o Preto-SP e Regi\u00e3o&quot;","block_context":{"text":"Not\u00edcias de Ribeir\u00e3o Preto-SP e Regi\u00e3o","link":"https:\/\/ismaelcolosi.com.br\/index.php\/category\/noticias-de-ribeirao-preto-sp-e-regiao-ismael-colosi\/"},"img":{"alt_text":"","src":"https:\/\/i0.wp.com\/ismaelcolosi.com.br\/wp-content\/uploads\/2024\/08\/WhatsApp-Image-2024-08-30-at-18.18.00_2024-08-30_21-42-45_jpeg_2024-08-30_21-42-46.webp.webp?fit=1200%2C675&ssl=1&resize=350%2C200","width":350,"height":200,"srcset":"https:\/\/i0.wp.com\/ismaelcolosi.com.br\/wp-content\/uploads\/2024\/08\/WhatsApp-Image-2024-08-30-at-18.18.00_2024-08-30_21-42-45_jpeg_2024-08-30_21-42-46.webp.webp?fit=1200%2C675&ssl=1&resize=350%2C200 1x, https:\/\/i0.wp.com\/ismaelcolosi.com.br\/wp-content\/uploads\/2024\/08\/WhatsApp-Image-2024-08-30-at-18.18.00_2024-08-30_21-42-45_jpeg_2024-08-30_21-42-46.webp.webp?fit=1200%2C675&ssl=1&resize=525%2C300 1.5x, https:\/\/i0.wp.com\/ismaelcolosi.com.br\/wp-content\/uploads\/2024\/08\/WhatsApp-Image-2024-08-30-at-18.18.00_2024-08-30_21-42-45_jpeg_2024-08-30_21-42-46.webp.webp?fit=1200%2C675&ssl=1&resize=700%2C400 2x, https:\/\/i0.wp.com\/ismaelcolosi.com.br\/wp-content\/uploads\/2024\/08\/WhatsApp-Image-2024-08-30-at-18.18.00_2024-08-30_21-42-45_jpeg_2024-08-30_21-42-46.webp.webp?fit=1200%2C675&ssl=1&resize=1050%2C600 3x"},"classes":[]},{"id":62315,"url":"https:\/\/ismaelcolosi.com.br\/index.php\/2024\/08\/26\/o-que-se-sabe-sobre-presos-por-incendios-na-regiao-de-ribeirao-preto\/","url_meta":{"origin":63861,"position":5},"title":"O que se sabe sobre presos por inc\u00eandios na regi\u00e3o de Ribeir\u00e3o Preto","author":"ismaelcolosi.com.br","date":"26 de August de 2024","format":false,"excerpt":"At\u00e9 a noite desta segunda-feira (26), ao menos quatro pessoas foram presas suspeitas de terem iniciados inc\u00eandios em \u00e1reas de vegeta\u00e7\u00e3o no interior de S\u00e3o Paulo, sendo dois deles em Batatais, na regi\u00e3o de Ribeir\u00e3o Preto. Um deles \u00e9 Alessandro Arantes, de 42 anos, preso no domingo (25). Segundo a\u2026","rel":"","context":"In &quot;Not\u00edcias de Ribeir\u00e3o Preto-SP e Regi\u00e3o&quot;","block_context":{"text":"Not\u00edcias de Ribeir\u00e3o Preto-SP e Regi\u00e3o","link":"https:\/\/ismaelcolosi.com.br\/index.php\/category\/noticias-de-ribeirao-preto-sp-e-regiao-ismael-colosi\/"},"img":{"alt_text":"","src":"https:\/\/i0.wp.com\/ismaelcolosi.com.br\/wp-content\/uploads\/2024\/08\/alessandro_2024-08-26_23-13-14_jpg_2024-08-26_23-13-14.webp.webp?fit=942%2C663&ssl=1&resize=350%2C200","width":350,"height":200,"srcset":"https:\/\/i0.wp.com\/ismaelcolosi.com.br\/wp-content\/uploads\/2024\/08\/alessandro_2024-08-26_23-13-14_jpg_2024-08-26_23-13-14.webp.webp?fit=942%2C663&ssl=1&resize=350%2C200 1x, https:\/\/i0.wp.com\/ismaelcolosi.com.br\/wp-content\/uploads\/2024\/08\/alessandro_2024-08-26_23-13-14_jpg_2024-08-26_23-13-14.webp.webp?fit=942%2C663&ssl=1&resize=525%2C300 1.5x, https:\/\/i0.wp.com\/ismaelcolosi.com.br\/wp-content\/uploads\/2024\/08\/alessandro_2024-08-26_23-13-14_jpg_2024-08-26_23-13-14.webp.webp?fit=942%2C663&ssl=1&resize=700%2C400 2x"},"classes":[]}],"jetpack_sharing_enabled":true,"jetpack_shortlink":"https:\/\/wp.me\/pfMlyK-gC1","_links":{"self":[{"href":"https:\/\/ismaelcolosi.com.br\/index.php\/wp-json\/wp\/v2\/posts\/63861","targetHints":{"allow":["GET"]}}],"collection":[{"href":"https:\/\/ismaelcolosi.com.br\/index.php\/wp-json\/wp\/v2\/posts"}],"about":[{"href":"https:\/\/ismaelcolosi.com.br\/index.php\/wp-json\/wp\/v2\/types\/post"}],"author":[{"embeddable":true,"href":"https:\/\/ismaelcolosi.com.br\/index.php\/wp-json\/wp\/v2\/users\/1"}],"replies":[{"embeddable":true,"href":"https:\/\/ismaelcolosi.com.br\/index.php\/wp-json\/wp\/v2\/comments?post=63861"}],"version-history":[{"count":0,"href":"https:\/\/ismaelcolosi.com.br\/index.php\/wp-json\/wp\/v2\/posts\/63861\/revisions"}],"wp:featuredmedia":[{"embeddable":true,"href":"https:\/\/ismaelcolosi.com.br\/index.php\/wp-json\/wp\/v2\/media\/63862"}],"wp:attachment":[{"href":"https:\/\/ismaelcolosi.com.br\/index.php\/wp-json\/wp\/v2\/media?parent=63861"}],"wp:term":[{"taxonomy":"category","embeddable":true,"href":"https:\/\/ismaelcolosi.com.br\/index.php\/wp-json\/wp\/v2\/categories?post=63861"},{"taxonomy":"post_tag","embeddable":true,"href":"https:\/\/ismaelcolosi.com.br\/index.php\/wp-json\/wp\/v2\/tags?post=63861"}],"curies":[{"name":"wp","href":"https:\/\/api.w.org\/{rel}","templated":true}]}}