{"id":63859,"date":"2024-09-04T11:06:15","date_gmt":"2024-09-04T14:06:15","guid":{"rendered":"https:\/\/ismaelcolosi.com.br\/index.php\/2024\/09\/04\/ifsp-de-sertaozinho-abre-processo-seletivo-com-salarios-de-r-4-mil-2\/"},"modified":"2024-09-04T11:06:15","modified_gmt":"2024-09-04T14:06:15","slug":"ifsp-de-sertaozinho-abre-processo-seletivo-com-salarios-de-r-4-mil-2","status":"publish","type":"post","link":"https:\/\/ismaelcolosi.com.br\/index.php\/2024\/09\/04\/ifsp-de-sertaozinho-abre-processo-seletivo-com-salarios-de-r-4-mil-2\/","title":{"rendered":"IFSP de Sert\u00e3ozinho abre processo seletivo com sal\u00e1rios de R$ 4 mil"},"content":{"rendered":"<p> <br \/>\n<\/p>\n<p>O<strong><a href=\"https:\/\/srt.ifsp.edu.br\/component\/content\/article?id=1123\" target=\"_blank\" rel=\"noreferrer noopener nofollow\"> IFSP (Instituto Federal de S\u00e3o Paulo)<\/a><\/strong> abriu processo seletivo para contrata\u00e7\u00e3o, por tempo determinado, um t\u00e9cnico especializado em linguagem de sinais. <mark style=\"background-color:#fcb900\" class=\"has-inline-color has-black-color\">Os sal\u00e1rios para o cargo s\u00e3o de R$ 4.556,92.<\/mark><\/p>\n<p>As inscri\u00e7\u00f5es devem ser realizadas no<a href=\"https:\/\/concursopublico.ifsp.edu.br\/\" target=\"_blank\" rel=\"noreferrer noopener nofollow\"> site do <strong>IFSP<\/strong> (clique aqui)<\/a> at\u00e9 o dia 18 de setembro. A taxa de inscri\u00e7\u00e3o custa R$ 75.<\/p>\n<p>Al\u00e9m dos sal\u00e1rios, o contratado ter\u00e1 direito ao aux\u00edlio-alimenta\u00e7\u00e3o de R$ 1 mil, aux\u00edlio-pr\u00e9-escola de R$ 484,90 e aux\u00edlio transporte.<\/p>\n<p>A vaga pretende atender os alunos deficientes auditivos matriculados em cursos no IFSP, que n\u00e3o se comunicam oralmente, o acesso ao curr\u00edculo por interm\u00e9dio da tradu\u00e7\u00e3o\/interpreta\u00e7\u00e3o da Libras (L\u00edngua Brasileira de Sinais).<\/p>\n<p>SAIBA MAIS<br \/>Apostadores do interior de SP s\u00e3o premiados na Mega-Sena; Veja n\u00fameros<\/p>\n<h4 class=\"wp-block-heading\"><strong>FIQUE ON<\/strong><\/h4>\n<p>Fique ligado em tudo que acontece em Ribeir\u00e3o Preto e regi\u00e3o. Siga os perfis do <strong>acidade on<\/strong> no <a href=\"https:\/\/www.instagram.com\/acidadeonribeirao\" target=\"_blank\" rel=\"noreferrer noopener nofollow\">Instagram<\/a> e no <a href=\"https:\/\/www.facebook.com\/acidadeonribeirao\/\" target=\"_blank\" rel=\"noreferrer noopener nofollow\">Facebook<\/a>.<\/p>\n<p>Receba not\u00edcias do<strong> acidade on<\/strong> no WhatsApp. <a href=\"https:\/\/chat.whatsapp.com\/Dtv9mxhy6V5BJBotM2OQ5k\" target=\"_blank\" rel=\"noreferrer noopener nofollow\">Para entrar no grupo, basta clicar aqui.<\/a><\/p>\n<p>Fa\u00e7a uma den\u00fancia ou sugira uma reportagem sobre Ribeir\u00e3o Preto e regi\u00e3o pelo WhatsApp: 16 99117 7802.<\/p>\n<p>VEJA TAMB\u00c9M<br \/>Como usar a calculadora de simula\u00e7\u00e3o do INSS?<\/p>\n<p>O post IFSP de Sert\u00e3ozinho abre processo seletivo com sal\u00e1rios de R$ 4 mil apareceu primeiro em ACidade ON Ribeir\u00e3o Preto.<\/p>\n<p><script async src=\"\/\/www.instagram.com\/embed.js\"><\/script><br \/>\n<br \/><br \/>\n<br \/><a href=\"https:\/\/www.acidadeon.com\/ribeiraopreto\/economia\/ifsp-sertaozinho-abre-processo-seletivo-com-salarios-de-r-4-mil\/\">Source link <\/a><\/p>\n<div class='code-block code-block-4' style='margin: 8px auto 8px 0; text-align: left; display: block; clear: both;'>\n\ud83d\udce2 Aviso Legal\n\nO site ismaelcolosi.com.br atua apenas como um canal de divulga\u00e7\u00e3o de oportunidades de emprego e n\u00e3o se responsabiliza pelo processo seletivo, contrata\u00e7\u00e3o ou qualquer outra etapa relacionada \u00e0s vagas publicadas. Todas as informa\u00e7\u00f5es s\u00e3o de responsabilidade dos anunciantes.\n\n\u26a0\ufe0f Aten\u00e7\u00e3o! Nunca pague por promessas de emprego nem compre cursos que garantam contrata\u00e7\u00e3o. Desconfie de qualquer cobran\u00e7a para participar de sele\u00e7\u00f5es.\n\n\n\n<\/div>\n<!-- CONTENT END 1 -->\n","protected":false},"excerpt":{"rendered":"<p>O IFSP (Instituto Federal de S\u00e3o Paulo) abriu processo seletivo para contrata\u00e7\u00e3o, por tempo determinado, um t\u00e9cnico especializado em linguagem de sinais. Os sal\u00e1rios para&#8230;<\/p>\n","protected":false},"author":1,"featured_media":59877,"comment_status":"open","ping_status":"open","sticky":false,"template":"","format":"standard","meta":{"_uag_custom_page_level_css":"","advanced_seo_description":"","jetpack_seo_html_title":"","jetpack_seo_noindex":false,"jetpack_post_was_ever_published":false,"_jetpack_newsletter_access":"","_jetpack_dont_email_post_to_subs":false,"_jetpack_newsletter_tier_id":0,"_jetpack_memberships_contains_paywalled_content":false,"_jetpack_memberships_contains_paid_content":false,"footnotes":"","jetpack_publicize_message":"","jetpack_publicize_feature_enabled":true,"jetpack_social_post_already_shared":true,"jetpack_social_options":{"image_generator_settings":{"template":"highway","default_image_id":0,"font":"","enabled":false},"version":2}},"categories":[11],"tags":[],"class_list":["post-63859","post","type-post","status-publish","format-standard","has-post-thumbnail","hentry","category-noticias-de-ribeirao-preto-sp-e-regiao-ismael-colosi"],"jetpack_publicize_connections":[],"jetpack_featured_media_url":"https:\/\/i0.wp.com\/ismaelcolosi.com.br\/wp-content\/uploads\/2024\/08\/concurso-publico-ribeirao-preto_2024-08-13_10-44-40_jpg_2024-08-13_10-44-40.webp.webp?fit=1200%2C800&ssl=1","uagb_featured_image_src":{"full":["https:\/\/i0.wp.com\/ismaelcolosi.com.br\/wp-content\/uploads\/2024\/08\/concurso-publico-ribeirao-preto_2024-08-13_10-44-40_jpg_2024-08-13_10-44-40.webp.webp?fit=1200%2C800&ssl=1",1200,800,false],"thumbnail":["https:\/\/i0.wp.com\/ismaelcolosi.com.br\/wp-content\/uploads\/2024\/08\/concurso-publico-ribeirao-preto_2024-08-13_10-44-40_jpg_2024-08-13_10-44-40.webp.webp?resize=150%2C150&ssl=1",150,150,true],"medium":["https:\/\/i0.wp.com\/ismaelcolosi.com.br\/wp-content\/uploads\/2024\/08\/concurso-publico-ribeirao-preto_2024-08-13_10-44-40_jpg_2024-08-13_10-44-40.webp.webp?fit=300%2C200&ssl=1",300,200,true],"medium_large":["https:\/\/i0.wp.com\/ismaelcolosi.com.br\/wp-content\/uploads\/2024\/08\/concurso-publico-ribeirao-preto_2024-08-13_10-44-40_jpg_2024-08-13_10-44-40.webp.webp?fit=768%2C512&ssl=1",768,512,true],"large":["https:\/\/i0.wp.com\/ismaelcolosi.com.br\/wp-content\/uploads\/2024\/08\/concurso-publico-ribeirao-preto_2024-08-13_10-44-40_jpg_2024-08-13_10-44-40.webp.webp?fit=1024%2C683&ssl=1",1024,683,true],"1536x1536":["https:\/\/i0.wp.com\/ismaelcolosi.com.br\/wp-content\/uploads\/2024\/08\/concurso-publico-ribeirao-preto_2024-08-13_10-44-40_jpg_2024-08-13_10-44-40.webp.webp?fit=1200%2C800&ssl=1",1200,800,true],"2048x2048":["https:\/\/i0.wp.com\/ismaelcolosi.com.br\/wp-content\/uploads\/2024\/08\/concurso-publico-ribeirao-preto_2024-08-13_10-44-40_jpg_2024-08-13_10-44-40.webp.webp?fit=1200%2C800&ssl=1",1200,800,true],"really-simple-thumb":["https:\/\/i0.wp.com\/ismaelcolosi.com.br\/wp-content\/uploads\/2024\/08\/concurso-publico-ribeirao-preto_2024-08-13_10-44-40_jpg_2024-08-13_10-44-40.webp.webp?resize=370%2C247&ssl=1",370,247,true]},"uagb_author_info":{"display_name":"ismaelcolosi.com.br","author_link":"https:\/\/ismaelcolosi.com.br\/index.php\/author\/vidareal-online\/"},"uagb_comment_info":0,"uagb_excerpt":"O IFSP (Instituto Federal de S\u00e3o Paulo) abriu processo seletivo para contrata\u00e7\u00e3o, por tempo determinado, um t\u00e9cnico especializado em linguagem de sinais. Os sal\u00e1rios para...","jetpack-related-posts":[{"id":63851,"url":"https:\/\/ismaelcolosi.com.br\/index.php\/2024\/09\/04\/ifsp-de-sertaozinho-abre-processo-seletivo-com-salarios-de-r-4-mil\/","url_meta":{"origin":63859,"position":0},"title":"IFSP de Sert\u00e3ozinho abre processo seletivo com sal\u00e1rios de R$ 4 mil","author":"ismaelcolosi.com.br","date":"4 de September de 2024","format":false,"excerpt":"O IFSP (Instituto Federal de S\u00e3o Paulo) abriu processo seletivo para contrata\u00e7\u00e3o, por tempo determinado, um t\u00e9cnico especializado em linguagem de sinais. Os sal\u00e1rios para o cargo s\u00e3o de R$ 4.556,92. As inscri\u00e7\u00f5es devem ser realizadas no site do IFSP (clique aqui) at\u00e9 o dia 18 de setembro. A taxa\u2026","rel":"","context":"In &quot;Not\u00edcias de Ribeir\u00e3o Preto-SP e Regi\u00e3o&quot;","block_context":{"text":"Not\u00edcias de Ribeir\u00e3o Preto-SP e Regi\u00e3o","link":"https:\/\/ismaelcolosi.com.br\/index.php\/category\/noticias-de-ribeirao-preto-sp-e-regiao-ismael-colosi\/"},"img":{"alt_text":"","src":"https:\/\/i0.wp.com\/ismaelcolosi.com.br\/wp-content\/uploads\/2024\/09\/ifsp_sertaozinho_1024x576_04062021110105.jpg?fit=1024%2C576&ssl=1&resize=350%2C200","width":350,"height":200,"srcset":"https:\/\/i0.wp.com\/ismaelcolosi.com.br\/wp-content\/uploads\/2024\/09\/ifsp_sertaozinho_1024x576_04062021110105.jpg?fit=1024%2C576&ssl=1&resize=350%2C200 1x, https:\/\/i0.wp.com\/ismaelcolosi.com.br\/wp-content\/uploads\/2024\/09\/ifsp_sertaozinho_1024x576_04062021110105.jpg?fit=1024%2C576&ssl=1&resize=525%2C300 1.5x, https:\/\/i0.wp.com\/ismaelcolosi.com.br\/wp-content\/uploads\/2024\/09\/ifsp_sertaozinho_1024x576_04062021110105.jpg?fit=1024%2C576&ssl=1&resize=700%2C400 2x"},"classes":[]},{"id":74283,"url":"https:\/\/ismaelcolosi.com.br\/index.php\/2024\/10\/30\/ifsp-abre-processo-seletivo-com-salarios-de-r-4-mil-veja-como-participar\/","url_meta":{"origin":63859,"position":1},"title":"IFSP abre processo seletivo com sal\u00e1rios de R$ 4 mil; Veja como participar","author":"ismaelcolosi.com.br","date":"30 de October de 2024","format":false,"excerpt":"O IFSP (Instituto Federal de Educa\u00e7\u00e3o, Ci\u00eancia e Tecnologia de S\u00e3o Paulo) publicou edital de processo seletivo para contrata\u00e7\u00e3o de professor substituto. Os sal\u00e1rios para o cargo variam entre R$ 2.290,28 e R$ 4.580,67. Ao todo, s\u00e3o 54 vagas para diversos campi no interior de S\u00e3o Paulo, da capital e\u2026","rel":"","context":"In &quot;Not\u00edcias de Ribeir\u00e3o Preto-SP e Regi\u00e3o&quot;","block_context":{"text":"Not\u00edcias de Ribeir\u00e3o Preto-SP e Regi\u00e3o","link":"https:\/\/ismaelcolosi.com.br\/index.php\/category\/noticias-de-ribeirao-preto-sp-e-regiao-ismael-colosi\/"},"img":{"alt_text":"","src":"https:\/\/i0.wp.com\/ismaelcolosi.com.br\/wp-content\/uploads\/2024\/05\/Copia-de-Copia-de-TAMANHO-EXATO-PARA-FOTOS-NO-SISTEMA-NOVO-33_2024-05-23_13-39-05_jpg_2024-05-23_13-39-05.webp.webp?fit=1200%2C675&ssl=1&resize=350%2C200","width":350,"height":200,"srcset":"https:\/\/i0.wp.com\/ismaelcolosi.com.br\/wp-content\/uploads\/2024\/05\/Copia-de-Copia-de-TAMANHO-EXATO-PARA-FOTOS-NO-SISTEMA-NOVO-33_2024-05-23_13-39-05_jpg_2024-05-23_13-39-05.webp.webp?fit=1200%2C675&ssl=1&resize=350%2C200 1x, https:\/\/i0.wp.com\/ismaelcolosi.com.br\/wp-content\/uploads\/2024\/05\/Copia-de-Copia-de-TAMANHO-EXATO-PARA-FOTOS-NO-SISTEMA-NOVO-33_2024-05-23_13-39-05_jpg_2024-05-23_13-39-05.webp.webp?fit=1200%2C675&ssl=1&resize=525%2C300 1.5x, https:\/\/i0.wp.com\/ismaelcolosi.com.br\/wp-content\/uploads\/2024\/05\/Copia-de-Copia-de-TAMANHO-EXATO-PARA-FOTOS-NO-SISTEMA-NOVO-33_2024-05-23_13-39-05_jpg_2024-05-23_13-39-05.webp.webp?fit=1200%2C675&ssl=1&resize=700%2C400 2x, https:\/\/i0.wp.com\/ismaelcolosi.com.br\/wp-content\/uploads\/2024\/05\/Copia-de-Copia-de-TAMANHO-EXATO-PARA-FOTOS-NO-SISTEMA-NOVO-33_2024-05-23_13-39-05_jpg_2024-05-23_13-39-05.webp.webp?fit=1200%2C675&ssl=1&resize=1050%2C600 3x"},"classes":[]},{"id":13718,"url":"https:\/\/ismaelcolosi.com.br\/index.php\/2023\/12\/11\/instituto-federal-de-sp-tem-vagas-em-cursos-gratuitos-da-eja\/","url_meta":{"origin":63859,"position":2},"title":"Instituto Federal de SP tem vagas em cursos gratuitos da EJA","author":"ismaelcolosi.com.br","date":"11 de December de 2023","format":false,"excerpt":"O Instituto Federal de Educa\u00e7\u00e3o, Ci\u00eancia e Tecnologia de S\u00e3o Paulo (IFSP) recebe inscri\u00e7\u00f5es para o processo seletivo dos cursos gratuitos no programa Educa\u00e7\u00e3o de Jovens e Adultos (EJA) para o 1\u00ba semestre de 2024. As inscri\u00e7\u00f5es est\u00e3o abertas at\u00e9 11 de janeiro e devem ser feitas exclusivamente de forma\u2026","rel":"","context":"In &quot;Variedades&quot;","block_context":{"text":"Variedades","link":"https:\/\/ismaelcolosi.com.br\/index.php\/category\/variedades\/"},"img":{"alt_text":"","src":"https:\/\/i0.wp.com\/ismaelcolosi.com.br\/wp-content\/uploads\/2023\/12\/ifsp-cursos-tecnicos-gratuitos.jpg?fit=1200%2C638&ssl=1&resize=350%2C200","width":350,"height":200,"srcset":"https:\/\/i0.wp.com\/ismaelcolosi.com.br\/wp-content\/uploads\/2023\/12\/ifsp-cursos-tecnicos-gratuitos.jpg?fit=1200%2C638&ssl=1&resize=350%2C200 1x, https:\/\/i0.wp.com\/ismaelcolosi.com.br\/wp-content\/uploads\/2023\/12\/ifsp-cursos-tecnicos-gratuitos.jpg?fit=1200%2C638&ssl=1&resize=525%2C300 1.5x, https:\/\/i0.wp.com\/ismaelcolosi.com.br\/wp-content\/uploads\/2023\/12\/ifsp-cursos-tecnicos-gratuitos.jpg?fit=1200%2C638&ssl=1&resize=700%2C400 2x, https:\/\/i0.wp.com\/ismaelcolosi.com.br\/wp-content\/uploads\/2023\/12\/ifsp-cursos-tecnicos-gratuitos.jpg?fit=1200%2C638&ssl=1&resize=1050%2C600 3x"},"classes":[]},{"id":56411,"url":"https:\/\/ismaelcolosi.com.br\/index.php\/2024\/07\/11\/veja-ate-quando-vao-inscricoes-para-processo-seletivo-de-prefeitura-no-interior-de-sp\/","url_meta":{"origin":63859,"position":3},"title":"Veja at\u00e9 quando v\u00e3o inscri\u00e7\u00f5es para processo seletivo de Prefeitura no interior de SP","author":"ismaelcolosi.com.br","date":"11 de July de 2024","format":false,"excerpt":"A Prefeitura de Sales Oliveira, no interior de S\u00e3o Paulo, est\u00e1 com inscri\u00e7\u00f5es abertas para processo seletivo que pretende contratar sete profissionais de n\u00edvel superior, al\u00e9m da forma\u00e7\u00e3o de cadastro reserva. As oportunidades s\u00e3o para as fun\u00e7\u00f5es de professor em diferentes \u00e1reas do conhecimento. Os sal\u00e1rios variam entre R$ 3,3\u2026","rel":"","context":"In &quot;Not\u00edcias de Ribeir\u00e3o Preto-SP e Regi\u00e3o&quot;","block_context":{"text":"Not\u00edcias de Ribeir\u00e3o Preto-SP e Regi\u00e3o","link":"https:\/\/ismaelcolosi.com.br\/index.php\/category\/noticias-de-ribeirao-preto-sp-e-regiao-ismael-colosi\/"},"img":{"alt_text":"","src":"https:\/\/i0.wp.com\/ismaelcolosi.com.br\/wp-content\/uploads\/2024\/07\/SubsidiriadaPetrobrascontacomvagasdeestgioemRibeiroVejacomoparticipar_Tamanho_2_image.jpg?fit=1200%2C900&ssl=1&resize=350%2C200","width":350,"height":200,"srcset":"https:\/\/i0.wp.com\/ismaelcolosi.com.br\/wp-content\/uploads\/2024\/07\/SubsidiriadaPetrobrascontacomvagasdeestgioemRibeiroVejacomoparticipar_Tamanho_2_image.jpg?fit=1200%2C900&ssl=1&resize=350%2C200 1x, https:\/\/i0.wp.com\/ismaelcolosi.com.br\/wp-content\/uploads\/2024\/07\/SubsidiriadaPetrobrascontacomvagasdeestgioemRibeiroVejacomoparticipar_Tamanho_2_image.jpg?fit=1200%2C900&ssl=1&resize=525%2C300 1.5x, https:\/\/i0.wp.com\/ismaelcolosi.com.br\/wp-content\/uploads\/2024\/07\/SubsidiriadaPetrobrascontacomvagasdeestgioemRibeiroVejacomoparticipar_Tamanho_2_image.jpg?fit=1200%2C900&ssl=1&resize=700%2C400 2x, https:\/\/i0.wp.com\/ismaelcolosi.com.br\/wp-content\/uploads\/2024\/07\/SubsidiriadaPetrobrascontacomvagasdeestgioemRibeiroVejacomoparticipar_Tamanho_2_image.jpg?fit=1200%2C900&ssl=1&resize=1050%2C600 3x"},"classes":[]},{"id":47949,"url":"https:\/\/ismaelcolosi.com.br\/index.php\/2024\/04\/29\/confira-ate-quando-vao-as-inscricoes-para-os-cursos-do-ifsp-com-vagas-na-regiao-de-ribeirao\/","url_meta":{"origin":63859,"position":4},"title":"Confira at\u00e9 quando v\u00e3o as inscri\u00e7\u00f5es para os cursos do IFSP com vagas na regi\u00e3o de Ribeir\u00e3o","author":"ismaelcolosi.com.br","date":"29 de April de 2024","format":false,"excerpt":"As inscri\u00e7\u00f5es para os cursos t\u00e9cnicos gratuitos do IFSP (Instituto Federal de S\u00e3o Paulo) v\u00e3o at\u00e9 \u00e0s 23h59 do dia 5 de maio. Os interessados devem se inscrever no site do instituto (clique aqui). A taxa \u00e9 de R$ 20 e pode ser paga com pix, cart\u00e3o de cr\u00e9dito ou\u2026","rel":"","context":"In &quot;Not\u00edcias de Ribeir\u00e3o Preto-SP e Regi\u00e3o&quot;","block_context":{"text":"Not\u00edcias de Ribeir\u00e3o Preto-SP e Regi\u00e3o","link":"https:\/\/ismaelcolosi.com.br\/index.php\/category\/noticias-de-ribeirao-preto-sp-e-regiao-ismael-colosi\/"},"img":{"alt_text":"","src":"https:\/\/i0.wp.com\/ismaelcolosi.com.br\/wp-content\/uploads\/2024\/04\/ifsp-de-sertaozinho.jpg?fit=1200%2C751&ssl=1&resize=350%2C200","width":350,"height":200,"srcset":"https:\/\/i0.wp.com\/ismaelcolosi.com.br\/wp-content\/uploads\/2024\/04\/ifsp-de-sertaozinho.jpg?fit=1200%2C751&ssl=1&resize=350%2C200 1x, https:\/\/i0.wp.com\/ismaelcolosi.com.br\/wp-content\/uploads\/2024\/04\/ifsp-de-sertaozinho.jpg?fit=1200%2C751&ssl=1&resize=525%2C300 1.5x, https:\/\/i0.wp.com\/ismaelcolosi.com.br\/wp-content\/uploads\/2024\/04\/ifsp-de-sertaozinho.jpg?fit=1200%2C751&ssl=1&resize=700%2C400 2x, https:\/\/i0.wp.com\/ismaelcolosi.com.br\/wp-content\/uploads\/2024\/04\/ifsp-de-sertaozinho.jpg?fit=1200%2C751&ssl=1&resize=1050%2C600 3x"},"classes":[]},{"id":71278,"url":"https:\/\/ismaelcolosi.com.br\/index.php\/2024\/10\/15\/faepa-abre-processo-seletivo-com-salarios-de-r-10-mil-em-ribeirao-preto\/","url_meta":{"origin":63859,"position":5},"title":"Faepa abre processo seletivo com sal\u00e1rios de R$ 10 mil em Ribeir\u00e3o Preto","author":"ismaelcolosi.com.br","date":"15 de October de 2024","format":false,"excerpt":"A Faepa (Funda\u00e7\u00e3o de Apoio ao Ensino, Pesquisa e Assist\u00eancia do Hospital das Cl\u00ednicas de Ribeir\u00e3o Preto) est\u00e1 com as inscri\u00e7\u00f5es abertas para processo seletivo com uma vaga para o cargo de m\u00e9dico de fam\u00edlia e comunidade. Os sal\u00e1rios para o cargo s\u00e3o de R$ 10.526,47. As vagas s\u00e3o tempor\u00e1rias\u2026","rel":"","context":"In &quot;Not\u00edcias de Ribeir\u00e3o Preto-SP e Regi\u00e3o&quot;","block_context":{"text":"Not\u00edcias de Ribeir\u00e3o Preto-SP e Regi\u00e3o","link":"https:\/\/ismaelcolosi.com.br\/index.php\/category\/noticias-de-ribeirao-preto-sp-e-regiao-ismael-colosi\/"},"img":{"alt_text":"","src":"https:\/\/i0.wp.com\/ismaelcolosi.com.br\/wp-content\/uploads\/2024\/10\/entrevista-de-emprego.jpg?fit=1200%2C800&ssl=1&resize=350%2C200","width":350,"height":200,"srcset":"https:\/\/i0.wp.com\/ismaelcolosi.com.br\/wp-content\/uploads\/2024\/10\/entrevista-de-emprego.jpg?fit=1200%2C800&ssl=1&resize=350%2C200 1x, https:\/\/i0.wp.com\/ismaelcolosi.com.br\/wp-content\/uploads\/2024\/10\/entrevista-de-emprego.jpg?fit=1200%2C800&ssl=1&resize=525%2C300 1.5x, https:\/\/i0.wp.com\/ismaelcolosi.com.br\/wp-content\/uploads\/2024\/10\/entrevista-de-emprego.jpg?fit=1200%2C800&ssl=1&resize=700%2C400 2x, https:\/\/i0.wp.com\/ismaelcolosi.com.br\/wp-content\/uploads\/2024\/10\/entrevista-de-emprego.jpg?fit=1200%2C800&ssl=1&resize=1050%2C600 3x"},"classes":[]}],"jetpack_sharing_enabled":true,"jetpack_shortlink":"https:\/\/wp.me\/pfMlyK-gBZ","_links":{"self":[{"href":"https:\/\/ismaelcolosi.com.br\/index.php\/wp-json\/wp\/v2\/posts\/63859","targetHints":{"allow":["GET"]}}],"collection":[{"href":"https:\/\/ismaelcolosi.com.br\/index.php\/wp-json\/wp\/v2\/posts"}],"about":[{"href":"https:\/\/ismaelcolosi.com.br\/index.php\/wp-json\/wp\/v2\/types\/post"}],"author":[{"embeddable":true,"href":"https:\/\/ismaelcolosi.com.br\/index.php\/wp-json\/wp\/v2\/users\/1"}],"replies":[{"embeddable":true,"href":"https:\/\/ismaelcolosi.com.br\/index.php\/wp-json\/wp\/v2\/comments?post=63859"}],"version-history":[{"count":0,"href":"https:\/\/ismaelcolosi.com.br\/index.php\/wp-json\/wp\/v2\/posts\/63859\/revisions"}],"wp:featuredmedia":[{"embeddable":true,"href":"https:\/\/ismaelcolosi.com.br\/index.php\/wp-json\/wp\/v2\/media\/59877"}],"wp:attachment":[{"href":"https:\/\/ismaelcolosi.com.br\/index.php\/wp-json\/wp\/v2\/media?parent=63859"}],"wp:term":[{"taxonomy":"category","embeddable":true,"href":"https:\/\/ismaelcolosi.com.br\/index.php\/wp-json\/wp\/v2\/categories?post=63859"},{"taxonomy":"post_tag","embeddable":true,"href":"https:\/\/ismaelcolosi.com.br\/index.php\/wp-json\/wp\/v2\/tags?post=63859"}],"curies":[{"name":"wp","href":"https:\/\/api.w.org\/{rel}","templated":true}]}}