{"id":63846,"date":"2024-09-04T10:19:30","date_gmt":"2024-09-04T13:19:30","guid":{"rendered":"https:\/\/ismaelcolosi.com.br\/index.php\/2024\/09\/04\/motociclista-morre-apos-batida-com-caminhao-em-ribeirao-preto\/"},"modified":"2024-09-04T10:19:30","modified_gmt":"2024-09-04T13:19:30","slug":"motociclista-morre-apos-batida-com-caminhao-em-ribeirao-preto","status":"publish","type":"post","link":"https:\/\/ismaelcolosi.com.br\/index.php\/2024\/09\/04\/motociclista-morre-apos-batida-com-caminhao-em-ribeirao-preto\/","title":{"rendered":"Motociclista morre ap\u00f3s batida com caminh\u00e3o em Ribeir\u00e3o Preto"},"content":{"rendered":"<p> <br \/>\n<\/p>\n<div data-td-block-uid=\"tdi_106\">\n<div class=\"tdb-block-inner td-fix-index\">\n<p><strong>Um motociclista de 45 anos morreu nesta ter\u00e7a-feira (3), depois de se envolver em uma  batida com um caminh\u00e3o no Jardim Independ\u00eancia, zona Norte de Ribeir\u00e3o Preto.<\/strong><\/p>\n<p>Segundo o boletim de ocorr\u00eancia (BO), a <strong>v\u00edtima<\/strong>, identificada como <strong>Jeova Cardoso dos Anjos<\/strong>, n\u00e3o resistiu e <strong>faleceu <\/strong>no <strong>local <\/strong>da <strong>colis\u00e3o<\/strong>.<\/p>\n<p>Ainda conforme o registro, o <strong>motorista <\/strong>afirmou \u00e0 <strong>PM (Pol\u00edcia Militar)<\/strong> que trafegava pela <strong>rua Daniel Solera<\/strong> e <strong>parou <\/strong>na <strong>esquina <\/strong>da com a <strong>rua Bol\u00edvia<\/strong> por onde vinha o <strong>motociclista<\/strong>. Ao avan\u00e7ar no cruzamento, o condutor disse que sentiu o impacto na parte lateral traseira do caminh\u00e3o e viu a v\u00edtima ca\u00edda no ch\u00e3o.<\/p>\n<p>Tamb\u00e9m consta no <strong>BO <\/strong>que populares passaram a <strong>amea\u00e7ar atear fogo <\/strong>no <strong>caminh\u00e3o <\/strong>e o motorista precisou ser retirado do local.<\/p>\n<p>As <strong>causas<\/strong>, contudo, ainda dever\u00e3o ser <strong>investigadas<\/strong>.<\/p>\n<p>O <strong>BO <\/strong>foi registrado na <strong>CPJ (Central de Pol\u00edcia Judici\u00e1ria) Permanente<\/strong> como <strong>homic\u00eddio culposo (sem inten\u00e7\u00e3o) na dire\u00e7\u00e3o de ve\u00edculo autormotor<\/strong>.<\/p>\n<p>SAIBA MAIS<\/p>\n<p>\u00d4nibus, caminh\u00e3o e motocicleta se envolvem em acidente na regi\u00e3o de Ribeir\u00e3o<\/p>\n<h4 class=\"wp-block-heading\"><strong>FIQUE ON<\/strong><\/h4>\n<p>Fique ligado em tudo que acontece em Ribeir\u00e3o Preto e regi\u00e3o. Siga os perfis do<strong>\u00a0acidade on<\/strong>\u00a0no\u00a0<a href=\"https:\/\/www.instagram.com\/acidadeonribeirao\" target=\"_blank\" rel=\"noreferrer noopener\">Instagram<\/a>\u00a0e no<a href=\"https:\/\/www.facebook.com\/acidadeonribeirao\/\" target=\"_blank\" rel=\"noreferrer noopener\">\u00a0Facebook<\/a>.<\/p>\n<p>Receba not\u00edcias do<strong>\u00a0acidade on\u00a0<\/strong>no WhatsApp.\u00a0<a href=\"https:\/\/chat.whatsapp.com\/Dtv9mxhy6V5BJBotM2OQ5k\" target=\"_blank\" rel=\"noreferrer noopener\">Para entrar no grupo, basta clicar aqui<\/a>.<\/p>\n<p>Fa\u00e7a uma den\u00fancia ou sugira uma reportagem sobre Ribeir\u00e3o Preto e regi\u00e3o pelo WhatsApp: 16 99117 7802.<\/p>\n<p>VEJA TAMB\u00c9M<\/p>\n<p>Nova cultivar de trigo \u00e9 adaptada a regi\u00f5es mais quentes\u00a0<\/p>\n<p><!-- CONTENT END 1 -->\n<\/div>\n<\/div>\n<p><script async src=\"\/\/www.instagram.com\/embed.js\"><\/script><br \/>\n<br \/><br \/>\n<br \/><a href=\"https:\/\/www.acidadeon.com\/ribeiraopreto\/cotidiano\/motociclista-morre-apos-batida-com-caminhao-em-ribeirao-preto-2\/\">Source link <\/a><\/p>\n","protected":false},"excerpt":{"rendered":"<p>Um motociclista de 45 anos morreu nesta ter\u00e7a-feira (3), depois de se envolver em uma batida com um caminh\u00e3o no Jardim Independ\u00eancia, zona Norte de&#8230;<\/p>\n","protected":false},"author":1,"featured_media":63847,"comment_status":"open","ping_status":"open","sticky":false,"template":"","format":"standard","meta":{"_uag_custom_page_level_css":"","advanced_seo_description":"","jetpack_seo_html_title":"","jetpack_seo_noindex":false,"jetpack_post_was_ever_published":false,"_jetpack_newsletter_access":"","_jetpack_dont_email_post_to_subs":false,"_jetpack_newsletter_tier_id":0,"_jetpack_memberships_contains_paywalled_content":false,"_jetpack_memberships_contains_paid_content":false,"footnotes":"","jetpack_publicize_message":"","jetpack_publicize_feature_enabled":true,"jetpack_social_post_already_shared":true,"jetpack_social_options":{"image_generator_settings":{"template":"highway","default_image_id":0,"font":"","enabled":false},"version":2}},"categories":[11],"tags":[],"class_list":["post-63846","post","type-post","status-publish","format-standard","has-post-thumbnail","hentry","category-noticias-de-ribeirao-preto-sp-e-regiao-ismael-colosi"],"jetpack_publicize_connections":[],"jetpack_featured_media_url":"https:\/\/i0.wp.com\/ismaelcolosi.com.br\/wp-content\/uploads\/2024\/09\/policia_2.jpg?fit=1200%2C900&ssl=1","uagb_featured_image_src":{"full":["https:\/\/i0.wp.com\/ismaelcolosi.com.br\/wp-content\/uploads\/2024\/09\/policia_2.jpg?fit=1200%2C900&ssl=1",1200,900,false],"thumbnail":["https:\/\/i0.wp.com\/ismaelcolosi.com.br\/wp-content\/uploads\/2024\/09\/policia_2.jpg?resize=150%2C150&ssl=1",150,150,true],"medium":["https:\/\/i0.wp.com\/ismaelcolosi.com.br\/wp-content\/uploads\/2024\/09\/policia_2.jpg?fit=300%2C225&ssl=1",300,225,true],"medium_large":["https:\/\/i0.wp.com\/ismaelcolosi.com.br\/wp-content\/uploads\/2024\/09\/policia_2.jpg?fit=768%2C576&ssl=1",768,576,true],"large":["https:\/\/i0.wp.com\/ismaelcolosi.com.br\/wp-content\/uploads\/2024\/09\/policia_2.jpg?fit=1024%2C768&ssl=1",1024,768,true],"1536x1536":["https:\/\/i0.wp.com\/ismaelcolosi.com.br\/wp-content\/uploads\/2024\/09\/policia_2.jpg?fit=1200%2C900&ssl=1",1200,900,true],"2048x2048":["https:\/\/i0.wp.com\/ismaelcolosi.com.br\/wp-content\/uploads\/2024\/09\/policia_2.jpg?fit=1200%2C900&ssl=1",1200,900,true],"really-simple-thumb":["https:\/\/i0.wp.com\/ismaelcolosi.com.br\/wp-content\/uploads\/2024\/09\/policia_2.jpg?resize=370%2C247&ssl=1",370,247,true]},"uagb_author_info":{"display_name":"ismaelcolosi.com.br","author_link":"https:\/\/ismaelcolosi.com.br\/index.php\/author\/vidareal-online\/"},"uagb_comment_info":0,"uagb_excerpt":"Um motociclista de 45 anos morreu nesta ter\u00e7a-feira (3), depois de se envolver em uma batida com um caminh\u00e3o no Jardim Independ\u00eancia, zona Norte de...","jetpack-related-posts":[{"id":56635,"url":"https:\/\/ismaelcolosi.com.br\/index.php\/2024\/07\/13\/motociclista-fica-gravemente-ferido-apos-batida-com-caminhao-guincho-em-ribeirao-preto\/","url_meta":{"origin":63846,"position":0},"title":"Motociclista fica gravemente ferido ap\u00f3s batida com caminh\u00e3o guincho em Ribeir\u00e3o Preto","author":"ismaelcolosi.com.br","date":"13 de July de 2024","format":false,"excerpt":"Um motociclista ficou gravemente ferido na tarde deste s\u00e1bado (13), depois de se envolver em uma batida com um caminh\u00e3o guincho, no Planalto Verde, zona Oeste de Ribeir\u00e3o Preto. A colis\u00e3o ocorreu no cruzamento das ruas Maria Tereza Braga Cerri e Senador Teotonio Vilela. A v\u00edtima foi socorrida pelo Corpo\u2026","rel":"","context":"In &quot;Not\u00edcias de Ribeir\u00e3o Preto-SP e Regi\u00e3o&quot;","block_context":{"text":"Not\u00edcias de Ribeir\u00e3o Preto-SP e Regi\u00e3o","link":"https:\/\/ismaelcolosi.com.br\/index.php\/category\/noticias-de-ribeirao-preto-sp-e-regiao-ismael-colosi\/"},"img":{"alt_text":"","src":"https:\/\/i0.wp.com\/ismaelcolosi.com.br\/wp-content\/uploads\/2024\/05\/BOMBEIROS-1024x575-1_2024-05-31_13-44-44_jpg_2024-05-31_13-44-44.webp.webp?fit=1024%2C575&ssl=1&resize=350%2C200","width":350,"height":200,"srcset":"https:\/\/i0.wp.com\/ismaelcolosi.com.br\/wp-content\/uploads\/2024\/05\/BOMBEIROS-1024x575-1_2024-05-31_13-44-44_jpg_2024-05-31_13-44-44.webp.webp?fit=1024%2C575&ssl=1&resize=350%2C200 1x, https:\/\/i0.wp.com\/ismaelcolosi.com.br\/wp-content\/uploads\/2024\/05\/BOMBEIROS-1024x575-1_2024-05-31_13-44-44_jpg_2024-05-31_13-44-44.webp.webp?fit=1024%2C575&ssl=1&resize=525%2C300 1.5x, https:\/\/i0.wp.com\/ismaelcolosi.com.br\/wp-content\/uploads\/2024\/05\/BOMBEIROS-1024x575-1_2024-05-31_13-44-44_jpg_2024-05-31_13-44-44.webp.webp?fit=1024%2C575&ssl=1&resize=700%2C400 2x"},"classes":[]},{"id":56657,"url":"https:\/\/ismaelcolosi.com.br\/index.php\/2024\/07\/13\/morre-motociclista-socorrido-apos-batida-com-caminhao-guincho-em-ribeirao-preto\/","url_meta":{"origin":63846,"position":1},"title":"Morre motociclista socorrido ap\u00f3s batida com caminh\u00e3o guincho em Ribeir\u00e3o Preto","author":"ismaelcolosi.com.br","date":"13 de July de 2024","format":false,"excerpt":"O motociclista que ficou gravemente ferido na tarde deste s\u00e1bado (13), em Ribeir\u00e3o Preto, depois de se envolver em uma batida de moto com um caminh\u00e3o guincho, n\u00e3o resistiu e morreu. A fam\u00edlia confirmou o falecimento de Jos\u00e9 F\u00e1bio Batista Freire, de 36 anos. A colis\u00e3o ocorreu no cruzamento das\u2026","rel":"","context":"In &quot;Not\u00edcias de Ribeir\u00e3o Preto-SP e Regi\u00e3o&quot;","block_context":{"text":"Not\u00edcias de Ribeir\u00e3o Preto-SP e Regi\u00e3o","link":"https:\/\/ismaelcolosi.com.br\/index.php\/category\/noticias-de-ribeirao-preto-sp-e-regiao-ismael-colosi\/"},"img":{"alt_text":"","src":"https:\/\/i0.wp.com\/ismaelcolosi.com.br\/wp-content\/uploads\/2024\/07\/WhatsApp-Image-2024-07-13-at-18.16.17_2024-07-13_21-20-17_jpeg_2024-07-13_21-20-17.webp.webp?fit=1200%2C675&ssl=1&resize=350%2C200","width":350,"height":200,"srcset":"https:\/\/i0.wp.com\/ismaelcolosi.com.br\/wp-content\/uploads\/2024\/07\/WhatsApp-Image-2024-07-13-at-18.16.17_2024-07-13_21-20-17_jpeg_2024-07-13_21-20-17.webp.webp?fit=1200%2C675&ssl=1&resize=350%2C200 1x, https:\/\/i0.wp.com\/ismaelcolosi.com.br\/wp-content\/uploads\/2024\/07\/WhatsApp-Image-2024-07-13-at-18.16.17_2024-07-13_21-20-17_jpeg_2024-07-13_21-20-17.webp.webp?fit=1200%2C675&ssl=1&resize=525%2C300 1.5x, https:\/\/i0.wp.com\/ismaelcolosi.com.br\/wp-content\/uploads\/2024\/07\/WhatsApp-Image-2024-07-13-at-18.16.17_2024-07-13_21-20-17_jpeg_2024-07-13_21-20-17.webp.webp?fit=1200%2C675&ssl=1&resize=700%2C400 2x, https:\/\/i0.wp.com\/ismaelcolosi.com.br\/wp-content\/uploads\/2024\/07\/WhatsApp-Image-2024-07-13-at-18.16.17_2024-07-13_21-20-17_jpeg_2024-07-13_21-20-17.webp.webp?fit=1200%2C675&ssl=1&resize=1050%2C600 3x"},"classes":[]},{"id":45868,"url":"https:\/\/ismaelcolosi.com.br\/index.php\/2024\/04\/08\/motociclista-morre-apos-batida-com-caminhao-em-avenida-de-ribeirao-preto\/","url_meta":{"origin":63846,"position":2},"title":"Motociclista morre ap\u00f3s batida com caminh\u00e3o em avenida de Ribeir\u00e3o Preto","author":"ismaelcolosi.com.br","date":"8 de April de 2024","format":false,"excerpt":"Um motociclista morreu na manh\u00e3 desta segunda-feira (8), depois de se envolver em uma batida de moto com um caminh\u00e3o na avenida Rio Pardo, zona Norte de Ribeir\u00e3o Preto. Segundo informa\u00e7\u00f5es, a suspeita \u00e9 que o motociclista teria tentado desviar de um buraco na via, quando ocorreu a batida com\u2026","rel":"","context":"In &quot;Not\u00edcias de Ribeir\u00e3o Preto-SP e Regi\u00e3o&quot;","block_context":{"text":"Not\u00edcias de Ribeir\u00e3o Preto-SP e Regi\u00e3o","link":"https:\/\/ismaelcolosi.com.br\/index.php\/category\/noticias-de-ribeirao-preto-sp-e-regiao-ismael-colosi\/"},"img":{"alt_text":"","src":"https:\/\/i0.wp.com\/ismaelcolosi.com.br\/wp-content\/uploads\/2024\/04\/ACIDENTE-1.jpg?fit=1200%2C870&ssl=1&resize=350%2C200","width":350,"height":200,"srcset":"https:\/\/i0.wp.com\/ismaelcolosi.com.br\/wp-content\/uploads\/2024\/04\/ACIDENTE-1.jpg?fit=1200%2C870&ssl=1&resize=350%2C200 1x, https:\/\/i0.wp.com\/ismaelcolosi.com.br\/wp-content\/uploads\/2024\/04\/ACIDENTE-1.jpg?fit=1200%2C870&ssl=1&resize=525%2C300 1.5x, https:\/\/i0.wp.com\/ismaelcolosi.com.br\/wp-content\/uploads\/2024\/04\/ACIDENTE-1.jpg?fit=1200%2C870&ssl=1&resize=700%2C400 2x, https:\/\/i0.wp.com\/ismaelcolosi.com.br\/wp-content\/uploads\/2024\/04\/ACIDENTE-1.jpg?fit=1200%2C870&ssl=1&resize=1050%2C600 3x"},"classes":[]},{"id":66424,"url":"https:\/\/ismaelcolosi.com.br\/index.php\/2024\/09\/17\/motociclista-morre-apos-ser-prensado-entre-onibus-e-caminhao-na-regiao-de-ribeirao\/","url_meta":{"origin":63846,"position":3},"title":"Motociclista morre ap\u00f3s ser prensado entre \u00f4nibus e caminh\u00e3o na regi\u00e3o de Ribeir\u00e3o","author":"ismaelcolosi.com.br","date":"17 de September de 2024","format":false,"excerpt":"Um motociclista de 35 anos morreu nesta ter\u00e7a-feira (17), depois de se envolver em um acidente com um \u00f4nibus e um caminh\u00e3o no \u00faltimo dia 3 de setembro, no km 40 da rodovia Abr\u00e3o Assed (SP-333), entre Serrana e Serra Azul. Segundo o boletim de ocorr\u00eancia (BO), Mario Gerson dos\u2026","rel":"","context":"In &quot;Not\u00edcias de Ribeir\u00e3o Preto-SP e Regi\u00e3o&quot;","block_context":{"text":"Not\u00edcias de Ribeir\u00e3o Preto-SP e Regi\u00e3o","link":"https:\/\/ismaelcolosi.com.br\/index.php\/category\/noticias-de-ribeirao-preto-sp-e-regiao-ismael-colosi\/"},"img":{"alt_text":"","src":"https:\/\/i0.wp.com\/ismaelcolosi.com.br\/wp-content\/uploads\/2024\/09\/Copia-de-Copia-de-Copia-de-TAMANHO-EXATO-PARA-FOTOS-NO-SISTEMA-NOVO-28_2024-09-03_23-06-02_png_2024-09-03_23-06-02.webp.webp?fit=1200%2C675&ssl=1&resize=350%2C200","width":350,"height":200,"srcset":"https:\/\/i0.wp.com\/ismaelcolosi.com.br\/wp-content\/uploads\/2024\/09\/Copia-de-Copia-de-Copia-de-TAMANHO-EXATO-PARA-FOTOS-NO-SISTEMA-NOVO-28_2024-09-03_23-06-02_png_2024-09-03_23-06-02.webp.webp?fit=1200%2C675&ssl=1&resize=350%2C200 1x, https:\/\/i0.wp.com\/ismaelcolosi.com.br\/wp-content\/uploads\/2024\/09\/Copia-de-Copia-de-Copia-de-TAMANHO-EXATO-PARA-FOTOS-NO-SISTEMA-NOVO-28_2024-09-03_23-06-02_png_2024-09-03_23-06-02.webp.webp?fit=1200%2C675&ssl=1&resize=525%2C300 1.5x, https:\/\/i0.wp.com\/ismaelcolosi.com.br\/wp-content\/uploads\/2024\/09\/Copia-de-Copia-de-Copia-de-TAMANHO-EXATO-PARA-FOTOS-NO-SISTEMA-NOVO-28_2024-09-03_23-06-02_png_2024-09-03_23-06-02.webp.webp?fit=1200%2C675&ssl=1&resize=700%2C400 2x, https:\/\/i0.wp.com\/ismaelcolosi.com.br\/wp-content\/uploads\/2024\/09\/Copia-de-Copia-de-Copia-de-TAMANHO-EXATO-PARA-FOTOS-NO-SISTEMA-NOVO-28_2024-09-03_23-06-02_png_2024-09-03_23-06-02.webp.webp?fit=1200%2C675&ssl=1&resize=1050%2C600 3x"},"classes":[]},{"id":72946,"url":"https:\/\/ismaelcolosi.com.br\/index.php\/2024\/10\/24\/motociclista-morre-em-acidente-na-francisco-junqueira-em-ribeirao\/","url_meta":{"origin":63846,"position":4},"title":"Motociclista morre em acidente na Francisco Junqueira em Ribeir\u00e3o","author":"ismaelcolosi.com.br","date":"24 de October de 2024","format":false,"excerpt":"Uma motociclista de 37 anos morreu em um acidente na manh\u00e3 desta quinta-feira (24), na avenida Francisco Junqueira, em Ribeir\u00e3o Preto. Segundo as primeiras informa\u00e7\u00f5es, a v\u00edtima teria ca\u00eddo na via ap\u00f3s uma batida com um carro. Na sequ\u00eancia, um caminh\u00e3o teria atropelado a motociclista. O Samu foi acionado, mas\u2026","rel":"","context":"In &quot;Not\u00edcias de Ribeir\u00e3o Preto-SP e Regi\u00e3o&quot;","block_context":{"text":"Not\u00edcias de Ribeir\u00e3o Preto-SP e Regi\u00e3o","link":"https:\/\/ismaelcolosi.com.br\/index.php\/category\/noticias-de-ribeirao-preto-sp-e-regiao-ismael-colosi\/"},"img":{"alt_text":"","src":"https:\/\/i0.wp.com\/ismaelcolosi.com.br\/wp-content\/uploads\/2024\/10\/ACIDENTE_2024-10-24_11-27-08_jpg_2024-10-24_11-27-09.webp.webp?fit=1200%2C811&ssl=1&resize=350%2C200","width":350,"height":200,"srcset":"https:\/\/i0.wp.com\/ismaelcolosi.com.br\/wp-content\/uploads\/2024\/10\/ACIDENTE_2024-10-24_11-27-08_jpg_2024-10-24_11-27-09.webp.webp?fit=1200%2C811&ssl=1&resize=350%2C200 1x, https:\/\/i0.wp.com\/ismaelcolosi.com.br\/wp-content\/uploads\/2024\/10\/ACIDENTE_2024-10-24_11-27-08_jpg_2024-10-24_11-27-09.webp.webp?fit=1200%2C811&ssl=1&resize=525%2C300 1.5x, https:\/\/i0.wp.com\/ismaelcolosi.com.br\/wp-content\/uploads\/2024\/10\/ACIDENTE_2024-10-24_11-27-08_jpg_2024-10-24_11-27-09.webp.webp?fit=1200%2C811&ssl=1&resize=700%2C400 2x, https:\/\/i0.wp.com\/ismaelcolosi.com.br\/wp-content\/uploads\/2024\/10\/ACIDENTE_2024-10-24_11-27-08_jpg_2024-10-24_11-27-09.webp.webp?fit=1200%2C811&ssl=1&resize=1050%2C600 3x"},"classes":[]},{"id":73024,"url":"https:\/\/ismaelcolosi.com.br\/index.php\/2024\/10\/24\/motociclista-morta-em-acidente-e-identificada-em-ribeirao-preto\/","url_meta":{"origin":63846,"position":5},"title":"Motociclista morta em acidente \u00e9 identificada em Ribeir\u00e3o Preto","author":"ismaelcolosi.com.br","date":"24 de October de 2024","format":false,"excerpt":"A motociclista que morreu em um acidente na manh\u00e3 desta quinta-feira (24), na avenida Francisco Junqueira, em Ribeir\u00e3o Preto, foi identificada. A v\u00edtima Daiana Veloso Meira, de 37 anos, n\u00e3o resistiu e faleceu ainda no local, apesar do socorro prestado pelo Samu. Segundo a PM (Pol\u00edcia Militar), a motociclista teria\u2026","rel":"","context":"In &quot;Not\u00edcias de Ribeir\u00e3o Preto-SP e Regi\u00e3o&quot;","block_context":{"text":"Not\u00edcias de Ribeir\u00e3o Preto-SP e Regi\u00e3o","link":"https:\/\/ismaelcolosi.com.br\/index.php\/category\/noticias-de-ribeirao-preto-sp-e-regiao-ismael-colosi\/"},"img":{"alt_text":"","src":"https:\/\/i0.wp.com\/ismaelcolosi.com.br\/wp-content\/uploads\/2024\/10\/WhatsApp-Image-2024-10-24-at-12.25.21-1_2024-10-24_15-26-59_jpeg_2024-10-24_15-27-00.webp.webp?fit=1200%2C675&ssl=1&resize=350%2C200","width":350,"height":200,"srcset":"https:\/\/i0.wp.com\/ismaelcolosi.com.br\/wp-content\/uploads\/2024\/10\/WhatsApp-Image-2024-10-24-at-12.25.21-1_2024-10-24_15-26-59_jpeg_2024-10-24_15-27-00.webp.webp?fit=1200%2C675&ssl=1&resize=350%2C200 1x, https:\/\/i0.wp.com\/ismaelcolosi.com.br\/wp-content\/uploads\/2024\/10\/WhatsApp-Image-2024-10-24-at-12.25.21-1_2024-10-24_15-26-59_jpeg_2024-10-24_15-27-00.webp.webp?fit=1200%2C675&ssl=1&resize=525%2C300 1.5x, https:\/\/i0.wp.com\/ismaelcolosi.com.br\/wp-content\/uploads\/2024\/10\/WhatsApp-Image-2024-10-24-at-12.25.21-1_2024-10-24_15-26-59_jpeg_2024-10-24_15-27-00.webp.webp?fit=1200%2C675&ssl=1&resize=700%2C400 2x, https:\/\/i0.wp.com\/ismaelcolosi.com.br\/wp-content\/uploads\/2024\/10\/WhatsApp-Image-2024-10-24-at-12.25.21-1_2024-10-24_15-26-59_jpeg_2024-10-24_15-27-00.webp.webp?fit=1200%2C675&ssl=1&resize=1050%2C600 3x"},"classes":[]}],"jetpack_sharing_enabled":true,"jetpack_shortlink":"https:\/\/wp.me\/pfMlyK-gBM","_links":{"self":[{"href":"https:\/\/ismaelcolosi.com.br\/index.php\/wp-json\/wp\/v2\/posts\/63846","targetHints":{"allow":["GET"]}}],"collection":[{"href":"https:\/\/ismaelcolosi.com.br\/index.php\/wp-json\/wp\/v2\/posts"}],"about":[{"href":"https:\/\/ismaelcolosi.com.br\/index.php\/wp-json\/wp\/v2\/types\/post"}],"author":[{"embeddable":true,"href":"https:\/\/ismaelcolosi.com.br\/index.php\/wp-json\/wp\/v2\/users\/1"}],"replies":[{"embeddable":true,"href":"https:\/\/ismaelcolosi.com.br\/index.php\/wp-json\/wp\/v2\/comments?post=63846"}],"version-history":[{"count":0,"href":"https:\/\/ismaelcolosi.com.br\/index.php\/wp-json\/wp\/v2\/posts\/63846\/revisions"}],"wp:featuredmedia":[{"embeddable":true,"href":"https:\/\/ismaelcolosi.com.br\/index.php\/wp-json\/wp\/v2\/media\/63847"}],"wp:attachment":[{"href":"https:\/\/ismaelcolosi.com.br\/index.php\/wp-json\/wp\/v2\/media?parent=63846"}],"wp:term":[{"taxonomy":"category","embeddable":true,"href":"https:\/\/ismaelcolosi.com.br\/index.php\/wp-json\/wp\/v2\/categories?post=63846"},{"taxonomy":"post_tag","embeddable":true,"href":"https:\/\/ismaelcolosi.com.br\/index.php\/wp-json\/wp\/v2\/tags?post=63846"}],"curies":[{"name":"wp","href":"https:\/\/api.w.org\/{rel}","templated":true}]}}