{"id":63841,"date":"2024-09-04T09:59:20","date_gmt":"2024-09-04T12:59:20","guid":{"rendered":"https:\/\/ismaelcolosi.com.br\/index.php\/2024\/09\/04\/veiculos-que-emitem-fumaca-preta-podem-ser-multados-em-r-2-mil\/"},"modified":"2024-09-04T09:59:20","modified_gmt":"2024-09-04T12:59:20","slug":"veiculos-que-emitem-fumaca-preta-podem-ser-multados-em-r-2-mil","status":"publish","type":"post","link":"https:\/\/ismaelcolosi.com.br\/index.php\/2024\/09\/04\/veiculos-que-emitem-fumaca-preta-podem-ser-multados-em-r-2-mil\/","title":{"rendered":"Ve\u00edculos que emitem fuma\u00e7a preta podem ser multados em R$ 2 mil"},"content":{"rendered":"<p> <br \/>\n<\/p>\n<div data-td-block-uid=\"tdi_106\">\n<div class=\"tdb-block-inner td-fix-index\">\n<p>A <a href=\"https:\/\/cetesb.sp.gov.br\/\" target=\"_blank\" rel=\"noreferrer noopener nofollow\">Companhia Ambiental do Estado de S\u00e3o Paulo (Cetesb)<\/a> iniciou, em <strong>Ribeir\u00e3o Preto<\/strong>, uma opera\u00e7\u00e3o para multar donos de ve\u00edculos que emitem poluentes acima do permitido por lei, <strong><mark style=\"background-color:#fcb900\" class=\"has-inline-color\">tamb\u00e9m conhecida como <em>fuma\u00e7a preta<\/em><\/mark><\/strong>. <strong>A multa \u00e9 de R$ 2.121,60<\/strong> para quem dirigir com o ve\u00edculo irregular.<\/p>\n<p>A iniciativa faz parte da <strong>Opera\u00e7\u00e3o Inverno 2024<\/strong> e foi intensificada <strong>por causa dos \u00edndices ruins de qualidade do ar da regi\u00e3o. <\/strong><\/p>\n<p><strong>A\u00a0Defesa Civil de S\u00e3o Paulo\u00a0prorrogou o alerta para risco de inc\u00eandios no estado de S\u00e3o Paulo at\u00e9 a pr\u00f3xima sexta-feira (6).<\/strong><\/p>\n<h4 class=\"wp-block-heading\">Opera\u00e7\u00e3o Inverno 2024<\/h4>\n<p>Esta \u00e9 a <strong>terceira opera\u00e7\u00e3o de fiscaliza\u00e7\u00e3o de emiss\u00e3o de fuma\u00e7a preta<\/strong>. Na primeira, realizada em <strong>junho<\/strong>, <strong>445 ve\u00edculos foram multados<\/strong> entre 35.021 monitorados. Na <strong>segunda<\/strong>, que aconteceu em <strong>agosto<\/strong>, 26.793 ve\u00edculos passaram pelos 20 pontos de monitoramento, e <strong>257 foram penalizados.<\/strong><\/p>\n<p>SAIBA MAIS<\/p>\n<p>Volunt\u00e1rios doam frutas para alimentar animais v\u00edtimas das queimadas<\/p>\n<h4 class=\"wp-block-heading\"><strong>FIQUE ON<\/strong><\/h4>\n<p>Fique ligado em tudo que acontece em Ribeir\u00e3o Preto e regi\u00e3o. Siga os perfis do<strong>\u00a0acidade on<\/strong>\u00a0no\u00a0<a href=\"https:\/\/www.instagram.com\/acidadeonribeirao\" target=\"_blank\" rel=\"noreferrer noopener\">Instagram<\/a>\u00a0e no<a href=\"https:\/\/www.facebook.com\/acidadeonribeirao\/\" target=\"_blank\" rel=\"noreferrer noopener\">\u00a0Facebook<\/a>.<\/p>\n<p>Receba not\u00edcias do<strong>\u00a0acidade on\u00a0<\/strong>no WhatsApp.\u00a0<a href=\"https:\/\/chat.whatsapp.com\/Dtv9mxhy6V5BJBotM2OQ5k\" target=\"_blank\" rel=\"noreferrer noopener\">Para entrar no grupo, basta clicar aqui<\/a>.<\/p>\n<p>Fa\u00e7a uma den\u00fancia ou sugira uma reportagem sobre Ribeir\u00e3o Preto e regi\u00e3o pelo WhatsApp: 16 99117 7802.<\/p>\n<p>VEJA TAMB\u00c9M<\/p>\n<p>Nova cultivar de trigo \u00e9 adaptada a regi\u00f5es mais quentes\u00a0<\/p>\n<p><!-- CONTENT END 1 -->\n<\/div>\n<\/div>\n<p><script async src=\"\/\/www.instagram.com\/embed.js\"><\/script><br \/>\n<br \/><br \/>\n<br \/><a href=\"https:\/\/www.acidadeon.com\/ribeiraopreto\/cotidiano\/veiculos-que-emitem-fumaca-preta-podem-ser-multados-em-r-2-mil\/\">Source link <\/a><\/p>\n","protected":false},"excerpt":{"rendered":"<p>A Companhia Ambiental do Estado de S\u00e3o Paulo (Cetesb) iniciou, em Ribeir\u00e3o Preto, uma opera\u00e7\u00e3o para multar donos de ve\u00edculos que emitem poluentes acima do&#8230;<\/p>\n","protected":false},"author":1,"featured_media":63842,"comment_status":"open","ping_status":"open","sticky":false,"template":"","format":"standard","meta":{"_uag_custom_page_level_css":"","advanced_seo_description":"","jetpack_seo_html_title":"","jetpack_seo_noindex":false,"jetpack_post_was_ever_published":false,"_jetpack_newsletter_access":"","_jetpack_dont_email_post_to_subs":false,"_jetpack_newsletter_tier_id":0,"_jetpack_memberships_contains_paywalled_content":false,"_jetpack_memberships_contains_paid_content":false,"footnotes":"","jetpack_publicize_message":"","jetpack_publicize_feature_enabled":true,"jetpack_social_post_already_shared":true,"jetpack_social_options":{"image_generator_settings":{"template":"highway","default_image_id":0,"font":"","enabled":false},"version":2}},"categories":[11],"tags":[],"class_list":["post-63841","post","type-post","status-publish","format-standard","has-post-thumbnail","hentry","category-noticias-de-ribeirao-preto-sp-e-regiao-ismael-colosi"],"jetpack_publicize_connections":[],"jetpack_featured_media_url":"https:\/\/i0.wp.com\/ismaelcolosi.com.br\/wp-content\/uploads\/2024\/09\/Cetesb-realiza-acao-de-fiscalizacao-de-veiculos-pesados-em-25-pontos-do-Estado-scaled-e1725406489397_2024-09-04_12-41-42_jpg_2024-09-04_12-41-42.webp.webp?fit=1024%2C683&ssl=1","uagb_featured_image_src":{"full":["https:\/\/i0.wp.com\/ismaelcolosi.com.br\/wp-content\/uploads\/2024\/09\/Cetesb-realiza-acao-de-fiscalizacao-de-veiculos-pesados-em-25-pontos-do-Estado-scaled-e1725406489397_2024-09-04_12-41-42_jpg_2024-09-04_12-41-42.webp.webp?fit=1024%2C683&ssl=1",1024,683,false],"thumbnail":["https:\/\/i0.wp.com\/ismaelcolosi.com.br\/wp-content\/uploads\/2024\/09\/Cetesb-realiza-acao-de-fiscalizacao-de-veiculos-pesados-em-25-pontos-do-Estado-scaled-e1725406489397_2024-09-04_12-41-42_jpg_2024-09-04_12-41-42.webp.webp?resize=150%2C150&ssl=1",150,150,true],"medium":["https:\/\/i0.wp.com\/ismaelcolosi.com.br\/wp-content\/uploads\/2024\/09\/Cetesb-realiza-acao-de-fiscalizacao-de-veiculos-pesados-em-25-pontos-do-Estado-scaled-e1725406489397_2024-09-04_12-41-42_jpg_2024-09-04_12-41-42.webp.webp?fit=300%2C200&ssl=1",300,200,true],"medium_large":["https:\/\/i0.wp.com\/ismaelcolosi.com.br\/wp-content\/uploads\/2024\/09\/Cetesb-realiza-acao-de-fiscalizacao-de-veiculos-pesados-em-25-pontos-do-Estado-scaled-e1725406489397_2024-09-04_12-41-42_jpg_2024-09-04_12-41-42.webp.webp?fit=768%2C512&ssl=1",768,512,true],"large":["https:\/\/i0.wp.com\/ismaelcolosi.com.br\/wp-content\/uploads\/2024\/09\/Cetesb-realiza-acao-de-fiscalizacao-de-veiculos-pesados-em-25-pontos-do-Estado-scaled-e1725406489397_2024-09-04_12-41-42_jpg_2024-09-04_12-41-42.webp.webp?fit=1024%2C683&ssl=1",1024,683,true],"1536x1536":["https:\/\/i0.wp.com\/ismaelcolosi.com.br\/wp-content\/uploads\/2024\/09\/Cetesb-realiza-acao-de-fiscalizacao-de-veiculos-pesados-em-25-pontos-do-Estado-scaled-e1725406489397_2024-09-04_12-41-42_jpg_2024-09-04_12-41-42.webp.webp?fit=1024%2C683&ssl=1",1024,683,true],"2048x2048":["https:\/\/i0.wp.com\/ismaelcolosi.com.br\/wp-content\/uploads\/2024\/09\/Cetesb-realiza-acao-de-fiscalizacao-de-veiculos-pesados-em-25-pontos-do-Estado-scaled-e1725406489397_2024-09-04_12-41-42_jpg_2024-09-04_12-41-42.webp.webp?fit=1024%2C683&ssl=1",1024,683,true],"really-simple-thumb":["https:\/\/i0.wp.com\/ismaelcolosi.com.br\/wp-content\/uploads\/2024\/09\/Cetesb-realiza-acao-de-fiscalizacao-de-veiculos-pesados-em-25-pontos-do-Estado-scaled-e1725406489397_2024-09-04_12-41-42_jpg_2024-09-04_12-41-42.webp.webp?resize=370%2C247&ssl=1",370,247,true]},"uagb_author_info":{"display_name":"ismaelcolosi.com.br","author_link":"https:\/\/ismaelcolosi.com.br\/index.php\/author\/vidareal-online\/"},"uagb_comment_info":0,"uagb_excerpt":"A Companhia Ambiental do Estado de S\u00e3o Paulo (Cetesb) iniciou, em Ribeir\u00e3o Preto, uma opera\u00e7\u00e3o para multar donos de ve\u00edculos que emitem poluentes acima do...","jetpack-related-posts":[{"id":65358,"url":"https:\/\/ismaelcolosi.com.br\/index.php\/2024\/09\/11\/entenda-o-que-e-a-chuva-preta-que-pode-atingir-o-interior-de-sp\/","url_meta":{"origin":63841,"position":0},"title":"Entenda o que \u00e9 a chuva preta que pode atingir o interior de SP","author":"ismaelcolosi.com.br","date":"11 de September de 2024","format":false,"excerpt":"Uma nova frente fria chegou ao Rio Grande do Sul nesta quarta-feira (11) e, conforme os meteorologistas, deve atingir o estado de SP nos pr\u00f3ximos dias. Isso pode provocar um al\u00edvio tempor\u00e1rio nas altas temperaturas e chuva preta \u2013 entenda baixo. Os ventos ganham um pouco mais de intensidade devido\u2026","rel":"","context":"In &quot;Not\u00edcias de Ribeir\u00e3o Preto-SP e Regi\u00e3o&quot;","block_context":{"text":"Not\u00edcias de Ribeir\u00e3o Preto-SP e Regi\u00e3o","link":"https:\/\/ismaelcolosi.com.br\/index.php\/category\/noticias-de-ribeirao-preto-sp-e-regiao-ismael-colosi\/"},"img":{"alt_text":"","src":"https:\/\/i0.wp.com\/ismaelcolosi.com.br\/wp-content\/uploads\/2024\/09\/chuva_guardachuva_500x320_12022019150254.jpg?fit=500%2C322&ssl=1&resize=350%2C200","width":350,"height":200},"classes":[]},{"id":65738,"url":"https:\/\/ismaelcolosi.com.br\/index.php\/2024\/09\/13\/veja-quando-ha-previsao-de-chuva-para-o-interior-de-sp\/","url_meta":{"origin":63841,"position":1},"title":"Veja quando h\u00e1 previs\u00e3o de chuva para o interior de SP","author":"ismaelcolosi.com.br","date":"13 de September de 2024","format":false,"excerpt":"A chegada de uma frente fria a partir deste fim de semana pode trazer chuva para o interior de S\u00e3o Paulo. Segundo a Climatempo, a virada no tempo est\u00e1 prevista para acontecer entre domingo (15) e segunda-feira (16). Contudo, a chuva ainda deve demorar alguns dias para chegar em Ribeir\u00e3o\u2026","rel":"","context":"In &quot;Not\u00edcias de Ribeir\u00e3o Preto-SP e Regi\u00e3o&quot;","block_context":{"text":"Not\u00edcias de Ribeir\u00e3o Preto-SP e Regi\u00e3o","link":"https:\/\/ismaelcolosi.com.br\/index.php\/category\/noticias-de-ribeirao-preto-sp-e-regiao-ismael-colosi\/"},"img":{"alt_text":"","src":"https:\/\/i0.wp.com\/ismaelcolosi.com.br\/wp-content\/uploads\/2024\/09\/WhatsApp-Image-2023-12-23-at-18.39.14.jpeg?fit=1200%2C844&ssl=1&resize=350%2C200","width":350,"height":200,"srcset":"https:\/\/i0.wp.com\/ismaelcolosi.com.br\/wp-content\/uploads\/2024\/09\/WhatsApp-Image-2023-12-23-at-18.39.14.jpeg?fit=1200%2C844&ssl=1&resize=350%2C200 1x, https:\/\/i0.wp.com\/ismaelcolosi.com.br\/wp-content\/uploads\/2024\/09\/WhatsApp-Image-2023-12-23-at-18.39.14.jpeg?fit=1200%2C844&ssl=1&resize=525%2C300 1.5x, https:\/\/i0.wp.com\/ismaelcolosi.com.br\/wp-content\/uploads\/2024\/09\/WhatsApp-Image-2023-12-23-at-18.39.14.jpeg?fit=1200%2C844&ssl=1&resize=700%2C400 2x, https:\/\/i0.wp.com\/ismaelcolosi.com.br\/wp-content\/uploads\/2024\/09\/WhatsApp-Image-2023-12-23-at-18.39.14.jpeg?fit=1200%2C844&ssl=1&resize=1050%2C600 3x"},"classes":[]},{"id":65097,"url":"https:\/\/ismaelcolosi.com.br\/index.php\/2024\/09\/10\/frente-fria-se-aproxima-e-deve-trazer-chuva-preta-ao-interior-de-sp-veja-previsao\/","url_meta":{"origin":63841,"position":2},"title":"Frente fria se aproxima e deve trazer chuva preta ao interior de SP; Veja previs\u00e3o","author":"ismaelcolosi.com.br","date":"10 de September de 2024","format":false,"excerpt":"Uma nova frente fria se desloca em dire\u00e7\u00e3o \u00e0 regi\u00e3o central do pa\u00eds nesta semana e pode provocar chuva preta em diversas regi\u00f5es do interior de S\u00e3o Paulo. Conforme a meteorologia, esse sistema pode trazer um al\u00edvio tempor\u00e1rio para algumas regi\u00f5es afetadas pelo calor extremo e fuma\u00e7a densa, contudo, n\u00e3o\u2026","rel":"","context":"In &quot;Not\u00edcias de Ribeir\u00e3o Preto-SP e Regi\u00e3o&quot;","block_context":{"text":"Not\u00edcias de Ribeir\u00e3o Preto-SP e Regi\u00e3o","link":"https:\/\/ismaelcolosi.com.br\/index.php\/category\/noticias-de-ribeirao-preto-sp-e-regiao-ismael-colosi\/"},"img":{"alt_text":"","src":"https:\/\/i0.wp.com\/ismaelcolosi.com.br\/wp-content\/uploads\/2024\/08\/NUVEM-POEIRA_2024-08-24_20-57-24_jpg_2024-08-24_20-57-24.webp.webp?fit=1200%2C913&ssl=1&resize=350%2C200","width":350,"height":200,"srcset":"https:\/\/i0.wp.com\/ismaelcolosi.com.br\/wp-content\/uploads\/2024\/08\/NUVEM-POEIRA_2024-08-24_20-57-24_jpg_2024-08-24_20-57-24.webp.webp?fit=1200%2C913&ssl=1&resize=350%2C200 1x, https:\/\/i0.wp.com\/ismaelcolosi.com.br\/wp-content\/uploads\/2024\/08\/NUVEM-POEIRA_2024-08-24_20-57-24_jpg_2024-08-24_20-57-24.webp.webp?fit=1200%2C913&ssl=1&resize=525%2C300 1.5x, https:\/\/i0.wp.com\/ismaelcolosi.com.br\/wp-content\/uploads\/2024\/08\/NUVEM-POEIRA_2024-08-24_20-57-24_jpg_2024-08-24_20-57-24.webp.webp?fit=1200%2C913&ssl=1&resize=700%2C400 2x, https:\/\/i0.wp.com\/ismaelcolosi.com.br\/wp-content\/uploads\/2024\/08\/NUVEM-POEIRA_2024-08-24_20-57-24_jpg_2024-08-24_20-57-24.webp.webp?fit=1200%2C913&ssl=1&resize=1050%2C600 3x"},"classes":[]},{"id":61674,"url":"https:\/\/ismaelcolosi.com.br\/index.php\/2024\/08\/22\/incendio-atinge-canavial-e-funcionarios-de-usina-na-regiao-de-ribeirao-preto-evacuam-o-local\/","url_meta":{"origin":63841,"position":3},"title":"Inc\u00eandio atinge canavial e funcion\u00e1rios de usina na regi\u00e3o de Ribeir\u00e3o Preto evacuam o local","author":"ismaelcolosi.com.br","date":"22 de August de 2024","format":false,"excerpt":"Um inc\u00eandio de grandes propor\u00e7\u00f5es atingiu uma regi\u00e3o de canavial pr\u00f3ximo \u00e0 rodovia Armando de Sales Oliveira (SP-322), em Sert\u00e3ozinho, cidade na regi\u00e3o de Ribeir\u00e3o Preto, e fez com que funcion\u00e1rios de uma usina deixassem o local na tarde desta quinta-feira (22). De acordo com a Ra\u00edzen, as chamas se\u2026","rel":"","context":"In &quot;Not\u00edcias de Ribeir\u00e3o Preto-SP e Regi\u00e3o&quot;","block_context":{"text":"Not\u00edcias de Ribeir\u00e3o Preto-SP e Regi\u00e3o","link":"https:\/\/ismaelcolosi.com.br\/index.php\/category\/noticias-de-ribeirao-preto-sp-e-regiao-ismael-colosi\/"},"img":{"alt_text":"","src":"https:\/\/i0.wp.com\/ismaelcolosi.com.br\/wp-content\/uploads\/2024\/08\/WhatsApp-Image-2024-08-22-at-19.11.40_2024-08-22_22-27-18_jpeg_2024-08-22_22-27-18.webp.webp?fit=750%2C427&ssl=1&resize=350%2C200","width":350,"height":200,"srcset":"https:\/\/i0.wp.com\/ismaelcolosi.com.br\/wp-content\/uploads\/2024\/08\/WhatsApp-Image-2024-08-22-at-19.11.40_2024-08-22_22-27-18_jpeg_2024-08-22_22-27-18.webp.webp?fit=750%2C427&ssl=1&resize=350%2C200 1x, https:\/\/i0.wp.com\/ismaelcolosi.com.br\/wp-content\/uploads\/2024\/08\/WhatsApp-Image-2024-08-22-at-19.11.40_2024-08-22_22-27-18_jpeg_2024-08-22_22-27-18.webp.webp?fit=750%2C427&ssl=1&resize=525%2C300 1.5x, https:\/\/i0.wp.com\/ismaelcolosi.com.br\/wp-content\/uploads\/2024\/08\/WhatsApp-Image-2024-08-22-at-19.11.40_2024-08-22_22-27-18_jpeg_2024-08-22_22-27-18.webp.webp?fit=750%2C427&ssl=1&resize=700%2C400 2x"},"classes":[]},{"id":19566,"url":"https:\/\/ismaelcolosi.com.br\/index.php\/2023\/12\/22\/operacao-da-lei-seca-autua-17-por-recusa-de-bafometro-em-ribeirao-preto\/","url_meta":{"origin":63841,"position":4},"title":"Opera\u00e7\u00e3o da Lei Seca autua 17 por recusa de baf\u00f4metro em Ribeir\u00e3o Preto","author":"ismaelcolosi.com.br","date":"22 de December de 2023","format":false,"excerpt":"Uma Opera\u00e7\u00e3o da Dire\u00e7\u00e3o Segura Integrada (ODSI) \u2013 que fiscaliza a Lei Seca, em Ribeir\u00e3o Preto, autuou 17 motoristas por recusas ao teste de baf\u00f4metro. As informa\u00e7\u00f5es s\u00e3o do Detran-SP. \u201cA fiscaliza\u00e7\u00e3o tem o objetivo de reduzir e prevenir os sinistros causados pelo consumo de bebida alco\u00f3lica combinado com dire\u00e7\u00e3o\u201d,\u2026","rel":"","context":"In &quot;Not\u00edcias de Ribeir\u00e3o Preto-SP e Regi\u00e3o&quot;","block_context":{"text":"Not\u00edcias de Ribeir\u00e3o Preto-SP e Regi\u00e3o","link":"https:\/\/ismaelcolosi.com.br\/index.php\/category\/noticias-de-ribeirao-preto-sp-e-regiao-ismael-colosi\/"},"img":{"alt_text":"","src":"https:\/\/i0.wp.com\/ismaelcolosi.com.br\/wp-content\/uploads\/2023\/12\/lei-seca.jpeg?fit=1200%2C900&ssl=1&resize=350%2C200","width":350,"height":200,"srcset":"https:\/\/i0.wp.com\/ismaelcolosi.com.br\/wp-content\/uploads\/2023\/12\/lei-seca.jpeg?fit=1200%2C900&ssl=1&resize=350%2C200 1x, https:\/\/i0.wp.com\/ismaelcolosi.com.br\/wp-content\/uploads\/2023\/12\/lei-seca.jpeg?fit=1200%2C900&ssl=1&resize=525%2C300 1.5x, https:\/\/i0.wp.com\/ismaelcolosi.com.br\/wp-content\/uploads\/2023\/12\/lei-seca.jpeg?fit=1200%2C900&ssl=1&resize=700%2C400 2x, https:\/\/i0.wp.com\/ismaelcolosi.com.br\/wp-content\/uploads\/2023\/12\/lei-seca.jpeg?fit=1200%2C900&ssl=1&resize=1050%2C600 3x"},"classes":[]},{"id":53935,"url":"https:\/\/ismaelcolosi.com.br\/index.php\/2024\/06\/20\/operacao-da-pf-na-regiao-de-ribeirao-apura-esquema-de-venda-de-decisoes-judiciais\/","url_meta":{"origin":63841,"position":5},"title":"Opera\u00e7\u00e3o da PF na regi\u00e3o de Ribeir\u00e3o apura esquema de venda de decis\u00f5es judiciais","author":"ismaelcolosi.com.br","date":"20 de June de 2024","format":false,"excerpt":"A Pol\u00edcia Federal realizou nesta quinta-feira (21) uma opera\u00e7\u00e3o em Santa Rosa de Viterbo, na regi\u00e3o de Ribeir\u00e3o Preto, para investigar um advogado suspeito de envolvimento em um esquema de venda de decis\u00f5es judiciais. A Opera\u00e7\u00e3o Churrascada tramita no STJ (Superior Tribunal de Justi\u00e7a) e tamb\u00e9m tem como alvo um\u2026","rel":"","context":"In &quot;Not\u00edcias de Ribeir\u00e3o Preto-SP e Regi\u00e3o&quot;","block_context":{"text":"Not\u00edcias de Ribeir\u00e3o Preto-SP e Regi\u00e3o","link":"https:\/\/ismaelcolosi.com.br\/index.php\/category\/noticias-de-ribeirao-preto-sp-e-regiao-ismael-colosi\/"},"img":{"alt_text":"","src":"https:\/\/i0.wp.com\/ismaelcolosi.com.br\/wp-content\/uploads\/2024\/06\/AnyConv.com__operacao-pf-1_2024-06-20_15-31-41.webp.webp?fit=1200%2C675&ssl=1&resize=350%2C200","width":350,"height":200,"srcset":"https:\/\/i0.wp.com\/ismaelcolosi.com.br\/wp-content\/uploads\/2024\/06\/AnyConv.com__operacao-pf-1_2024-06-20_15-31-41.webp.webp?fit=1200%2C675&ssl=1&resize=350%2C200 1x, https:\/\/i0.wp.com\/ismaelcolosi.com.br\/wp-content\/uploads\/2024\/06\/AnyConv.com__operacao-pf-1_2024-06-20_15-31-41.webp.webp?fit=1200%2C675&ssl=1&resize=525%2C300 1.5x, https:\/\/i0.wp.com\/ismaelcolosi.com.br\/wp-content\/uploads\/2024\/06\/AnyConv.com__operacao-pf-1_2024-06-20_15-31-41.webp.webp?fit=1200%2C675&ssl=1&resize=700%2C400 2x, https:\/\/i0.wp.com\/ismaelcolosi.com.br\/wp-content\/uploads\/2024\/06\/AnyConv.com__operacao-pf-1_2024-06-20_15-31-41.webp.webp?fit=1200%2C675&ssl=1&resize=1050%2C600 3x"},"classes":[]}],"jetpack_sharing_enabled":true,"jetpack_shortlink":"https:\/\/wp.me\/pfMlyK-gBH","_links":{"self":[{"href":"https:\/\/ismaelcolosi.com.br\/index.php\/wp-json\/wp\/v2\/posts\/63841","targetHints":{"allow":["GET"]}}],"collection":[{"href":"https:\/\/ismaelcolosi.com.br\/index.php\/wp-json\/wp\/v2\/posts"}],"about":[{"href":"https:\/\/ismaelcolosi.com.br\/index.php\/wp-json\/wp\/v2\/types\/post"}],"author":[{"embeddable":true,"href":"https:\/\/ismaelcolosi.com.br\/index.php\/wp-json\/wp\/v2\/users\/1"}],"replies":[{"embeddable":true,"href":"https:\/\/ismaelcolosi.com.br\/index.php\/wp-json\/wp\/v2\/comments?post=63841"}],"version-history":[{"count":0,"href":"https:\/\/ismaelcolosi.com.br\/index.php\/wp-json\/wp\/v2\/posts\/63841\/revisions"}],"wp:featuredmedia":[{"embeddable":true,"href":"https:\/\/ismaelcolosi.com.br\/index.php\/wp-json\/wp\/v2\/media\/63842"}],"wp:attachment":[{"href":"https:\/\/ismaelcolosi.com.br\/index.php\/wp-json\/wp\/v2\/media?parent=63841"}],"wp:term":[{"taxonomy":"category","embeddable":true,"href":"https:\/\/ismaelcolosi.com.br\/index.php\/wp-json\/wp\/v2\/categories?post=63841"},{"taxonomy":"post_tag","embeddable":true,"href":"https:\/\/ismaelcolosi.com.br\/index.php\/wp-json\/wp\/v2\/tags?post=63841"}],"curies":[{"name":"wp","href":"https:\/\/api.w.org\/{rel}","templated":true}]}}