{"id":63820,"date":"2024-09-04T07:41:48","date_gmt":"2024-09-04T10:41:48","guid":{"rendered":"https:\/\/ismaelcolosi.com.br\/index.php\/2024\/09\/04\/alerta-de-incendios-e-prorrogado-no-estado-de-sp-veja-quando-vem-chuva\/"},"modified":"2024-09-04T07:41:48","modified_gmt":"2024-09-04T10:41:48","slug":"alerta-de-incendios-e-prorrogado-no-estado-de-sp-veja-quando-vem-chuva","status":"publish","type":"post","link":"https:\/\/ismaelcolosi.com.br\/index.php\/2024\/09\/04\/alerta-de-incendios-e-prorrogado-no-estado-de-sp-veja-quando-vem-chuva\/","title":{"rendered":"Alerta de inc\u00eandios \u00e9 prorrogado no estado de SP; Veja quando vem chuva"},"content":{"rendered":"<p> <br \/>\n<\/p>\n<div>\n<p><strong>A\u00a0Defesa Civil de S\u00e3o Paulo\u00a0prorrogou o alerta para risco de inc\u00eandios no estado de S\u00e3o Paulo at\u00e9 a pr\u00f3xima sexta-feira (6).<\/strong><\/p>\n<p>Segundo o \u00f3rg\u00e3o, o <strong>cen\u00e1rio atual <\/strong>indica que as <strong>temperaturas <\/strong>podem atingir <strong>39\u00b0C<\/strong>, com <strong>umidade relativa do ar<\/strong> abaixo dos <strong>20%<\/strong> e <strong>fortes rajadas <\/strong>de <strong>vento<\/strong>.<\/p>\n<p><mark style=\"background-color:#fcb900\" class=\"has-inline-color has-black-color\">Estas condi\u00e7\u00f5es clim\u00e1ticas, conforme a Defesa Civil, favorecem o risco elevado para inc\u00eandios, principalmente nas regi\u00f5es Norte, Noroeste e Oeste do estado paulista.<\/mark><\/p>\n<p>Neste <strong>ter\u00e7a-feira (3)<\/strong>, a\u00a0rodovia Anhanguera (SP-330) voltou a ser interditada por causa da <strong>fuma\u00e7a <\/strong>de um <strong>inc\u00eandio <\/strong>na <strong>regi\u00e3o de\u00a0Ribeir\u00e3o Preto<\/strong>. A pista, na altura do km 273, foi liberada \u00e0s 16h no mesmo dia. <\/p>\n<p>De acordo com o <strong>Governo de S\u00e3o Paulo<\/strong>, a situa\u00e7\u00e3o das <strong>queimadas <\/strong>no estado se <strong>agravou <\/strong>entre <strong>2 de agosto e esta ter\u00e7a<\/strong>. Neste per\u00edodo, <mark style=\"background-color:#fcb900\" class=\"has-inline-color has-black-color\">245 munic\u00edpios foram atingidos pelos inc\u00eandios, dos quais 48 em alerta m\u00e1ximo.\u00a0<\/mark><\/p>\n<h4 class=\"wp-block-heading\"><strong>Vem chuva?<\/strong><\/h4>\n<p>A <strong>meteorologista <\/strong>da <strong>Defesa Civil de S\u00e3o Paulo<\/strong> <strong>Desiree Brant <\/strong>infirmou nesta ter\u00e7a-feira que a <mark style=\"background-color:#fcb900\" class=\"has-inline-color has-black-color\">previs\u00e3o \u00e9 de tempo seco pelo menos nos primeiros 20 dias do m\u00eas de setembro.<\/mark><\/p>\n<p>Uma <strong>massa <\/strong>de <strong>ar seco <\/strong>causa um bloqueio e deve impedir a <strong>chuva<\/strong>, favorecer <strong>temperaturas elevadas<\/strong>, reduzir a <strong>umidade <\/strong>do solo e aumentar o <strong>risco <\/strong>de <strong>fogo<\/strong>.<\/p>\n<blockquote class=\"wp-block-quote\">\n<p>\u201cA partir de meados de setembro, devemos ver os primeiros sinais de chuva. As precipita\u00e7\u00f5es n\u00e3o devem ser volumosas, mas ser\u00e3o os primeiros sinais, o que deve diminuir esse momento cr\u00edtico\u201d<\/p>\n<p><cite>Desiree Brant, meteorologista da Defesa Civil de S\u00e3o Paulo<\/cite><\/p><\/blockquote>\n<p>Ainda de acordo com a <strong>meteorologia<\/strong>, a <strong>expectativa <\/strong>para <strong>chuva <\/strong>somente deve melhorar no m\u00eas de <strong>outubro<\/strong>.<\/p>\n<h4 class=\"wp-block-heading\"><strong>Veja a previs\u00e3o do tempo para 5 dias em Ribeir\u00e3o Preto:<\/strong><\/h4>\n<p>19\u00b0C \/ 37\u00b0C<\/p>\n<p>Sol o dia todo sem nuvens no c\u00e9u. Noite de tempo aberto ainda sem nuvens.<\/p>\n<p>Chuva: 0 mm \/ 0%<\/p>\n<p>Umidade do ar: 15% \/ 51%<\/p>\n<p>17\u00b0C \/ 37\u00b0C<\/p>\n<p>Sol com algumas nuvens. N\u00e3o chove.<\/p>\n<p>Chuva: 0 mm \/ 0%<\/p>\n<p>Umidade do ar: 13% \/ 51%<\/p>\n<p>16\u00b0C \/ 35\u00b0C<\/p>\n<p>Sol com algumas nuvens. N\u00e3o chove.<\/p>\n<p>Chuva: 0 mm \/ 0%<\/p>\n<p>Umidade do ar: 22% \/ 84%<\/p>\n<p>19\u00b0C \/ 37\u00b0C<\/p>\n<p>Sol o dia todo sem nuvens no c\u00e9u. Noite de tempo aberto ainda sem nuvens.<\/p>\n<p>Chuva: 0 mm \/ 0%<\/p>\n<p>Umidade do ar: 21% \/ 67%<\/p>\n<p>21\u00b0C \/ 37\u00b0C<\/p>\n<p>Sol o dia todo sem nuvens no c\u00e9u. Noite de tempo aberto ainda sem nuvens.<\/p>\n<p>Chuva: 0 mm \/ 0%<\/p>\n<p>Umidade do ar: 16% \/ 51%<\/p>\n<p>Fonte: Climatempo<\/p>\n<p>SAIBA MAIS<\/p>\n<p>Volunt\u00e1rios doam frutas para alimentar animais v\u00edtimas das queimadas<\/p>\n<h4 class=\"wp-block-heading\"><strong>FIQUE ON<\/strong><\/h4>\n<p>Fique ligado em tudo que acontece em Ribeir\u00e3o Preto e regi\u00e3o. Siga os perfis do<strong>\u00a0acidade on<\/strong>\u00a0no\u00a0<a href=\"https:\/\/www.instagram.com\/acidadeonribeirao\" target=\"_blank\" rel=\"noreferrer noopener\">Instagram<\/a>\u00a0e no<a href=\"https:\/\/www.facebook.com\/acidadeonribeirao\/\" target=\"_blank\" rel=\"noreferrer noopener\">\u00a0Facebook<\/a>.<\/p>\n<p>Receba not\u00edcias do<strong>\u00a0acidade on\u00a0<\/strong>no WhatsApp.\u00a0<a href=\"https:\/\/chat.whatsapp.com\/Dtv9mxhy6V5BJBotM2OQ5k\" target=\"_blank\" rel=\"noreferrer noopener\">Para entrar no grupo, basta clicar aqui<\/a>.<\/p>\n<p>Fa\u00e7a uma den\u00fancia ou sugira uma reportagem sobre Ribeir\u00e3o Preto e regi\u00e3o pelo WhatsApp: 16 99117 7802.<\/p>\n<p>VEJA TAMB\u00c9M<\/p>\n<p>Nova cultivar de trigo \u00e9 adaptada a regi\u00f5es mais quentes\u00a0<\/p>\n<p><!-- CONTENT END 1 -->\n<\/div>\n<p><script async src=\"\/\/www.instagram.com\/embed.js\"><\/script><br \/>\n<br \/><br \/>\n<br \/><a href=\"https:\/\/www.acidadeon.com\/ribeiraopreto\/cotidiano\/alerta-de-incendios-e-prorrogado-no-estado-de-sp-veja-quando-vem-chuva\/\">Source link <\/a><\/p>\n","protected":false},"excerpt":{"rendered":"<p>A\u00a0Defesa Civil de S\u00e3o Paulo\u00a0prorrogou o alerta para risco de inc\u00eandios no estado de S\u00e3o Paulo at\u00e9 a pr\u00f3xima sexta-feira (6). Segundo o \u00f3rg\u00e3o, o&#8230;<\/p>\n","protected":false},"author":1,"featured_media":63821,"comment_status":"open","ping_status":"open","sticky":false,"template":"","format":"standard","meta":{"_uag_custom_page_level_css":"","advanced_seo_description":"","jetpack_seo_html_title":"","jetpack_seo_noindex":false,"jetpack_post_was_ever_published":false,"_jetpack_newsletter_access":"","_jetpack_dont_email_post_to_subs":false,"_jetpack_newsletter_tier_id":0,"_jetpack_memberships_contains_paywalled_content":false,"_jetpack_memberships_contains_paid_content":false,"footnotes":"","jetpack_publicize_message":"","jetpack_publicize_feature_enabled":true,"jetpack_social_post_already_shared":true,"jetpack_social_options":{"image_generator_settings":{"template":"highway","default_image_id":0,"font":"","enabled":false},"version":2}},"categories":[11],"tags":[],"class_list":["post-63820","post","type-post","status-publish","format-standard","has-post-thumbnail","hentry","category-noticias-de-ribeirao-preto-sp-e-regiao-ismael-colosi"],"jetpack_publicize_connections":[],"jetpack_featured_media_url":"https:\/\/i0.wp.com\/ismaelcolosi.com.br\/wp-content\/uploads\/2024\/09\/batatais_queimadas_1024x576_09092021114440.jpg?fit=1024%2C575&ssl=1","uagb_featured_image_src":{"full":["https:\/\/i0.wp.com\/ismaelcolosi.com.br\/wp-content\/uploads\/2024\/09\/batatais_queimadas_1024x576_09092021114440.jpg?fit=1024%2C575&ssl=1",1024,575,false],"thumbnail":["https:\/\/i0.wp.com\/ismaelcolosi.com.br\/wp-content\/uploads\/2024\/09\/batatais_queimadas_1024x576_09092021114440.jpg?resize=150%2C150&ssl=1",150,150,true],"medium":["https:\/\/i0.wp.com\/ismaelcolosi.com.br\/wp-content\/uploads\/2024\/09\/batatais_queimadas_1024x576_09092021114440.jpg?fit=300%2C168&ssl=1",300,168,true],"medium_large":["https:\/\/i0.wp.com\/ismaelcolosi.com.br\/wp-content\/uploads\/2024\/09\/batatais_queimadas_1024x576_09092021114440.jpg?fit=768%2C431&ssl=1",768,431,true],"large":["https:\/\/i0.wp.com\/ismaelcolosi.com.br\/wp-content\/uploads\/2024\/09\/batatais_queimadas_1024x576_09092021114440.jpg?fit=1024%2C575&ssl=1",1024,575,true],"1536x1536":["https:\/\/i0.wp.com\/ismaelcolosi.com.br\/wp-content\/uploads\/2024\/09\/batatais_queimadas_1024x576_09092021114440.jpg?fit=1024%2C575&ssl=1",1024,575,true],"2048x2048":["https:\/\/i0.wp.com\/ismaelcolosi.com.br\/wp-content\/uploads\/2024\/09\/batatais_queimadas_1024x576_09092021114440.jpg?fit=1024%2C575&ssl=1",1024,575,true],"really-simple-thumb":["https:\/\/i0.wp.com\/ismaelcolosi.com.br\/wp-content\/uploads\/2024\/09\/batatais_queimadas_1024x576_09092021114440.jpg?resize=370%2C247&ssl=1",370,247,true]},"uagb_author_info":{"display_name":"ismaelcolosi.com.br","author_link":"https:\/\/ismaelcolosi.com.br\/index.php\/author\/vidareal-online\/"},"uagb_comment_info":0,"uagb_excerpt":"A\u00a0Defesa Civil de S\u00e3o Paulo\u00a0prorrogou o alerta para risco de inc\u00eandios no estado de S\u00e3o Paulo at\u00e9 a pr\u00f3xima sexta-feira (6). Segundo o \u00f3rg\u00e3o, o...","jetpack-related-posts":[{"id":62791,"url":"https:\/\/ismaelcolosi.com.br\/index.php\/2024\/08\/29\/defesa-civil-emite-alerta-para-risco-de-incendios-no-estado-de-sp\/","url_meta":{"origin":63820,"position":0},"title":"Defesa Civil emite alerta para risco de inc\u00eandios no estado de SP","author":"ismaelcolosi.com.br","date":"29 de August de 2024","format":false,"excerpt":"A Defesa Civil\u00a0publicou um alerta para o risco elevado de inc\u00eandios em quase todo o estado de S\u00e3o Paulo nos pr\u00f3ximos dias. Segundo o \u00f3rg\u00e3o, por meio do Centro de Gerenciamento de Emerg\u00eancias (CGE), entre esta sexta-feira (30) e domingo (1\u00ba), as temperaturas devem voltar a subir e a umidade\u2026","rel":"","context":"In &quot;Not\u00edcias de Ribeir\u00e3o Preto-SP e Regi\u00e3o&quot;","block_context":{"text":"Not\u00edcias de Ribeir\u00e3o Preto-SP e Regi\u00e3o","link":"https:\/\/ismaelcolosi.com.br\/index.php\/category\/noticias-de-ribeirao-preto-sp-e-regiao-ismael-colosi\/"},"img":{"alt_text":"","src":"https:\/\/i0.wp.com\/ismaelcolosi.com.br\/wp-content\/uploads\/2024\/08\/FOGO_2024-08-23_15-53-56_jpg_2024-08-23_15-53-56.webp.webp?fit=1200%2C664&ssl=1&resize=350%2C200","width":350,"height":200,"srcset":"https:\/\/i0.wp.com\/ismaelcolosi.com.br\/wp-content\/uploads\/2024\/08\/FOGO_2024-08-23_15-53-56_jpg_2024-08-23_15-53-56.webp.webp?fit=1200%2C664&ssl=1&resize=350%2C200 1x, https:\/\/i0.wp.com\/ismaelcolosi.com.br\/wp-content\/uploads\/2024\/08\/FOGO_2024-08-23_15-53-56_jpg_2024-08-23_15-53-56.webp.webp?fit=1200%2C664&ssl=1&resize=525%2C300 1.5x, https:\/\/i0.wp.com\/ismaelcolosi.com.br\/wp-content\/uploads\/2024\/08\/FOGO_2024-08-23_15-53-56_jpg_2024-08-23_15-53-56.webp.webp?fit=1200%2C664&ssl=1&resize=700%2C400 2x, https:\/\/i0.wp.com\/ismaelcolosi.com.br\/wp-content\/uploads\/2024\/08\/FOGO_2024-08-23_15-53-56_jpg_2024-08-23_15-53-56.webp.webp?fit=1200%2C664&ssl=1&resize=1050%2C600 3x"},"classes":[]},{"id":64379,"url":"https:\/\/ismaelcolosi.com.br\/index.php\/2024\/09\/07\/sao-paulo-em-alerta-defesa-civil-amplia-aviso-de-risco-de-incendios\/","url_meta":{"origin":63820,"position":1},"title":"S\u00e3o Paulo em Alerta: Defesa Civil Amplia Aviso de Risco de Inc\u00eandios","author":"ismaelcolosi.com.br","date":"7 de September de 2024","format":false,"excerpt":"A Defesa Civil do Estado de S\u00e3o Paulo estendeu o alerta de risco elevado para inc\u00eandios florestais, abrangendo diversas regi\u00f5es do estado. A decis\u00e3o foi tomada devido \u00e0s condi\u00e7\u00f5es clim\u00e1ticas adversas, como a baixa umidade do ar e as altas temperaturas, que aumentam significativamente a probabilidade de inc\u00eandios. O coordenador\u2026","rel":"","context":"In &quot;Not\u00edcias de Ribeir\u00e3o Preto-SP e Regi\u00e3o&quot;","block_context":{"text":"Not\u00edcias de Ribeir\u00e3o Preto-SP e Regi\u00e3o","link":"https:\/\/ismaelcolosi.com.br\/index.php\/category\/noticias-de-ribeirao-preto-sp-e-regiao-ismael-colosi\/"},"img":{"alt_text":"","src":"","width":0,"height":0},"classes":[]},{"id":62239,"url":"https:\/\/ismaelcolosi.com.br\/index.php\/2024\/08\/26\/veja-se-as-condicoes-do-tempo-ajudam-a-evitar-novos-incendios-no-interior-de-sp\/","url_meta":{"origin":63820,"position":2},"title":"Veja se as condi\u00e7\u00f5es do tempo ajudam a evitar novos inc\u00eandios no interior de SP","author":"ismaelcolosi.com.br","date":"26 de August de 2024","format":false,"excerpt":"O sol retornou a partir desta segunda-feira (26), ap\u00f3s a chuva neste domingo (25), e deve prodominar entre nuvens na maior parte do estado de S\u00e3o Paulo. Segundo a Defesa Civil, o aumento gradual da temperatura e a baixa umidade criam um cen\u00e1rio elevado para risco de inc\u00eandios florestais, especialmente\u2026","rel":"","context":"In &quot;Not\u00edcias de Ribeir\u00e3o Preto-SP e Regi\u00e3o&quot;","block_context":{"text":"Not\u00edcias de Ribeir\u00e3o Preto-SP e Regi\u00e3o","link":"https:\/\/ismaelcolosi.com.br\/index.php\/category\/noticias-de-ribeirao-preto-sp-e-regiao-ismael-colosi\/"},"img":{"alt_text":"","src":"https:\/\/i0.wp.com\/ismaelcolosi.com.br\/wp-content\/uploads\/2024\/08\/INCENDIO_2024-08-23_18-57-32_jpg_2024-08-23_18-57-32.webp.webp?fit=1200%2C784&ssl=1&resize=350%2C200","width":350,"height":200,"srcset":"https:\/\/i0.wp.com\/ismaelcolosi.com.br\/wp-content\/uploads\/2024\/08\/INCENDIO_2024-08-23_18-57-32_jpg_2024-08-23_18-57-32.webp.webp?fit=1200%2C784&ssl=1&resize=350%2C200 1x, https:\/\/i0.wp.com\/ismaelcolosi.com.br\/wp-content\/uploads\/2024\/08\/INCENDIO_2024-08-23_18-57-32_jpg_2024-08-23_18-57-32.webp.webp?fit=1200%2C784&ssl=1&resize=525%2C300 1.5x, https:\/\/i0.wp.com\/ismaelcolosi.com.br\/wp-content\/uploads\/2024\/08\/INCENDIO_2024-08-23_18-57-32_jpg_2024-08-23_18-57-32.webp.webp?fit=1200%2C784&ssl=1&resize=700%2C400 2x, https:\/\/i0.wp.com\/ismaelcolosi.com.br\/wp-content\/uploads\/2024\/08\/INCENDIO_2024-08-23_18-57-32_jpg_2024-08-23_18-57-32.webp.webp?fit=1200%2C784&ssl=1&resize=1050%2C600 3x"},"classes":[]},{"id":64334,"url":"https:\/\/ismaelcolosi.com.br\/index.php\/2024\/09\/06\/alerta-de-emergencia-para-incendios-no-interior-de-sp-e-estendido-veja-regioes\/","url_meta":{"origin":63820,"position":3},"title":"Alerta de emerg\u00eancia para inc\u00eandios no interior de SP \u00e9 estendido; Veja regi\u00f5es","author":"ismaelcolosi.com.br","date":"6 de September de 2024","format":false,"excerpt":"Com temperaturas chegando aos 39\u00baC e baixos \u00edndices de unidade do ar, a Defesa Civil prorrogou o alerta de risco elevado para inc\u00eandios no interior de S\u00e3o Paulo at\u00e9 a pr\u00f3xima ter\u00e7a-feira (10). Conforme o Centro de Gerenciamento de Emerg\u00eancias (CGE), nos pr\u00f3ximos dias as regi\u00f5es norte, noroeste e oeste\u2026","rel":"","context":"In &quot;Not\u00edcias de Ribeir\u00e3o Preto-SP e Regi\u00e3o&quot;","block_context":{"text":"Not\u00edcias de Ribeir\u00e3o Preto-SP e Regi\u00e3o","link":"https:\/\/ismaelcolosi.com.br\/index.php\/category\/noticias-de-ribeirao-preto-sp-e-regiao-ismael-colosi\/"},"img":{"alt_text":"","src":"https:\/\/i0.wp.com\/ismaelcolosi.com.br\/wp-content\/uploads\/2024\/09\/51398024488_2b7ffe5e90_k-e1725551190532-1536x906-1_2024-09-06_21-04-11_jpg_2024-09-06_21-04-11.webp.webp?fit=1200%2C708&ssl=1&resize=350%2C200","width":350,"height":200,"srcset":"https:\/\/i0.wp.com\/ismaelcolosi.com.br\/wp-content\/uploads\/2024\/09\/51398024488_2b7ffe5e90_k-e1725551190532-1536x906-1_2024-09-06_21-04-11_jpg_2024-09-06_21-04-11.webp.webp?fit=1200%2C708&ssl=1&resize=350%2C200 1x, https:\/\/i0.wp.com\/ismaelcolosi.com.br\/wp-content\/uploads\/2024\/09\/51398024488_2b7ffe5e90_k-e1725551190532-1536x906-1_2024-09-06_21-04-11_jpg_2024-09-06_21-04-11.webp.webp?fit=1200%2C708&ssl=1&resize=525%2C300 1.5x, https:\/\/i0.wp.com\/ismaelcolosi.com.br\/wp-content\/uploads\/2024\/09\/51398024488_2b7ffe5e90_k-e1725551190532-1536x906-1_2024-09-06_21-04-11_jpg_2024-09-06_21-04-11.webp.webp?fit=1200%2C708&ssl=1&resize=700%2C400 2x, https:\/\/i0.wp.com\/ismaelcolosi.com.br\/wp-content\/uploads\/2024\/09\/51398024488_2b7ffe5e90_k-e1725551190532-1536x906-1_2024-09-06_21-04-11_jpg_2024-09-06_21-04-11.webp.webp?fit=1200%2C708&ssl=1&resize=1050%2C600 3x"},"classes":[]},{"id":63235,"url":"https:\/\/ismaelcolosi.com.br\/index.php\/2024\/08\/31\/regiao-de-ribeirao-preto-esta-com-novos-focos-ativos-de-incendio\/","url_meta":{"origin":63820,"position":4},"title":"Regi\u00e3o de Ribeir\u00e3o Preto est\u00e1 com novos focos ativos de inc\u00eandio","author":"ismaelcolosi.com.br","date":"31 de August de 2024","format":false,"excerpt":"A Defesa Civil do Estado de S\u00e3o Paulo informou que sete munic\u00edpios do interior paulista est\u00e3o com focos de inc\u00eandio ativos neste s\u00e1bado (31). Conforme o \u00f3rg\u00e3o, a maior parte dos focos est\u00e1 na regi\u00e3o de Ribeir\u00e3o Preto e Franca. Al\u00e9m disso, tamb\u00e9m h\u00e1 registros de inc\u00eandio na \u00e1rea de\u2026","rel":"","context":"In &quot;Not\u00edcias de Ribeir\u00e3o Preto-SP e Regi\u00e3o&quot;","block_context":{"text":"Not\u00edcias de Ribeir\u00e3o Preto-SP e Regi\u00e3o","link":"https:\/\/ismaelcolosi.com.br\/index.php\/category\/noticias-de-ribeirao-preto-sp-e-regiao-ismael-colosi\/"},"img":{"alt_text":"","src":"https:\/\/i0.wp.com\/ismaelcolosi.com.br\/wp-content\/uploads\/2024\/08\/Copia-de-Copia-de-Copia-de-TAMANHO-EXATO-PARA-FOTOS-NO-SISTEMA-NOVO-23_2024-08-31_21-14-53_png_2024-08-31_21-14-54.webp.webp?fit=1200%2C675&ssl=1&resize=350%2C200","width":350,"height":200,"srcset":"https:\/\/i0.wp.com\/ismaelcolosi.com.br\/wp-content\/uploads\/2024\/08\/Copia-de-Copia-de-Copia-de-TAMANHO-EXATO-PARA-FOTOS-NO-SISTEMA-NOVO-23_2024-08-31_21-14-53_png_2024-08-31_21-14-54.webp.webp?fit=1200%2C675&ssl=1&resize=350%2C200 1x, https:\/\/i0.wp.com\/ismaelcolosi.com.br\/wp-content\/uploads\/2024\/08\/Copia-de-Copia-de-Copia-de-TAMANHO-EXATO-PARA-FOTOS-NO-SISTEMA-NOVO-23_2024-08-31_21-14-53_png_2024-08-31_21-14-54.webp.webp?fit=1200%2C675&ssl=1&resize=525%2C300 1.5x, https:\/\/i0.wp.com\/ismaelcolosi.com.br\/wp-content\/uploads\/2024\/08\/Copia-de-Copia-de-Copia-de-TAMANHO-EXATO-PARA-FOTOS-NO-SISTEMA-NOVO-23_2024-08-31_21-14-53_png_2024-08-31_21-14-54.webp.webp?fit=1200%2C675&ssl=1&resize=700%2C400 2x, https:\/\/i0.wp.com\/ismaelcolosi.com.br\/wp-content\/uploads\/2024\/08\/Copia-de-Copia-de-Copia-de-TAMANHO-EXATO-PARA-FOTOS-NO-SISTEMA-NOVO-23_2024-08-31_21-14-53_png_2024-08-31_21-14-54.webp.webp?fit=1200%2C675&ssl=1&resize=1050%2C600 3x"},"classes":[]},{"id":67443,"url":"https:\/\/ismaelcolosi.com.br\/index.php\/2024\/09\/23\/helicoptero-e-utilizado-no-combate-a-incendio-na-regiao-de-ribeirao-preto-veja-o-video\/","url_meta":{"origin":63820,"position":5},"title":"Helic\u00f3ptero \u00e9 utilizado no combate a inc\u00eandio na regi\u00e3o de Ribeir\u00e3o Preto; Veja o v\u00eddeo","author":"ismaelcolosi.com.br","date":"23 de September de 2024","format":false,"excerpt":"A Defesa Civil de S\u00e3o Paulo segue nesta segunda-feira (23) no combate a um inc\u00eandio em Cajuru, na regi\u00e3o de Ribeir\u00e3o Preto \u2013 veja o v\u00eddeo abaixo. Um helic\u00f3ptero est\u00e1 sendo utilizado no combate ao fogo. N\u00e3o h\u00e1 informa\u00e7\u00f5es sobre feridos. VEJA O V\u00cdDEO Segundo o \u00f3rg\u00e3o, o Estado de\u2026","rel":"","context":"In &quot;Not\u00edcias de Ribeir\u00e3o Preto-SP e Regi\u00e3o&quot;","block_context":{"text":"Not\u00edcias de Ribeir\u00e3o Preto-SP e Regi\u00e3o","link":"https:\/\/ismaelcolosi.com.br\/index.php\/category\/noticias-de-ribeirao-preto-sp-e-regiao-ismael-colosi\/"},"img":{"alt_text":"","src":"https:\/\/i0.wp.com\/ismaelcolosi.com.br\/wp-content\/uploads\/2024\/09\/cajuru-fogo_2024-09-23_17-04-50_jpg_2024-09-23_17-04-50.webp.webp?fit=1200%2C744&ssl=1&resize=350%2C200","width":350,"height":200,"srcset":"https:\/\/i0.wp.com\/ismaelcolosi.com.br\/wp-content\/uploads\/2024\/09\/cajuru-fogo_2024-09-23_17-04-50_jpg_2024-09-23_17-04-50.webp.webp?fit=1200%2C744&ssl=1&resize=350%2C200 1x, https:\/\/i0.wp.com\/ismaelcolosi.com.br\/wp-content\/uploads\/2024\/09\/cajuru-fogo_2024-09-23_17-04-50_jpg_2024-09-23_17-04-50.webp.webp?fit=1200%2C744&ssl=1&resize=525%2C300 1.5x, https:\/\/i0.wp.com\/ismaelcolosi.com.br\/wp-content\/uploads\/2024\/09\/cajuru-fogo_2024-09-23_17-04-50_jpg_2024-09-23_17-04-50.webp.webp?fit=1200%2C744&ssl=1&resize=700%2C400 2x, https:\/\/i0.wp.com\/ismaelcolosi.com.br\/wp-content\/uploads\/2024\/09\/cajuru-fogo_2024-09-23_17-04-50_jpg_2024-09-23_17-04-50.webp.webp?fit=1200%2C744&ssl=1&resize=1050%2C600 3x"},"classes":[]}],"jetpack_sharing_enabled":true,"jetpack_shortlink":"https:\/\/wp.me\/pfMlyK-gBm","_links":{"self":[{"href":"https:\/\/ismaelcolosi.com.br\/index.php\/wp-json\/wp\/v2\/posts\/63820","targetHints":{"allow":["GET"]}}],"collection":[{"href":"https:\/\/ismaelcolosi.com.br\/index.php\/wp-json\/wp\/v2\/posts"}],"about":[{"href":"https:\/\/ismaelcolosi.com.br\/index.php\/wp-json\/wp\/v2\/types\/post"}],"author":[{"embeddable":true,"href":"https:\/\/ismaelcolosi.com.br\/index.php\/wp-json\/wp\/v2\/users\/1"}],"replies":[{"embeddable":true,"href":"https:\/\/ismaelcolosi.com.br\/index.php\/wp-json\/wp\/v2\/comments?post=63820"}],"version-history":[{"count":0,"href":"https:\/\/ismaelcolosi.com.br\/index.php\/wp-json\/wp\/v2\/posts\/63820\/revisions"}],"wp:featuredmedia":[{"embeddable":true,"href":"https:\/\/ismaelcolosi.com.br\/index.php\/wp-json\/wp\/v2\/media\/63821"}],"wp:attachment":[{"href":"https:\/\/ismaelcolosi.com.br\/index.php\/wp-json\/wp\/v2\/media?parent=63820"}],"wp:term":[{"taxonomy":"category","embeddable":true,"href":"https:\/\/ismaelcolosi.com.br\/index.php\/wp-json\/wp\/v2\/categories?post=63820"},{"taxonomy":"post_tag","embeddable":true,"href":"https:\/\/ismaelcolosi.com.br\/index.php\/wp-json\/wp\/v2\/tags?post=63820"}],"curies":[{"name":"wp","href":"https:\/\/api.w.org\/{rel}","templated":true}]}}