{"id":63813,"date":"2024-09-04T06:22:41","date_gmt":"2024-09-04T09:22:41","guid":{"rendered":"https:\/\/ismaelcolosi.com.br\/index.php\/2024\/09\/04\/1a-geracao-de-formados-enfrenta-preconceitos-ao-buscar-trabalho\/"},"modified":"2024-09-04T06:22:41","modified_gmt":"2024-09-04T09:22:41","slug":"1a-geracao-de-formados-enfrenta-preconceitos-ao-buscar-trabalho","status":"publish","type":"post","link":"https:\/\/ismaelcolosi.com.br\/index.php\/2024\/09\/04\/1a-geracao-de-formados-enfrenta-preconceitos-ao-buscar-trabalho\/","title":{"rendered":"1\u00aa gera\u00e7\u00e3o de formados enfrenta preconceitos ao buscar trabalho"},"content":{"rendered":"<p> <br \/>\n<\/p>\n<div>\n<p>\u00a0<\/p>\n<div class=\"accessibility\">\n<p>Acessibilidade<\/p>\n<p>\n<button onclick=\"alterFont1()\" id=\"btn1\" class=\"btn\">L<\/button><br \/>\n<button onclick=\"alterFont2()\" id=\"btn2\" class=\"btn\" style=\"font-family: Merriweather\">L<\/button><br \/>\n<button onclick=\"alterFontSmallerSize()\" id=\"btn3\" class=\"btn\">A-<\/button><br \/>\n<button onclick=\"alterFontBiggerSize()\" id=\"btn4\" class=\"btn\">A+<\/button><\/p>\n<p><button onclick=\"alterBackground()\" id=\"btn6\" class=\"btn\">\u25d0<\/button><\/p>\n<\/div>\n<p>\u00a0<\/p>\n<p>Grandes universidades americanas passaram a celebrar seus estudantes de primeira gera\u00e7\u00e3o, aqueles que s\u00e3o os primeiros de suas fam\u00edlias a frequentar o ensino superior. No entanto, depois da gradua\u00e7\u00e3o, esses profissionais enfrentam desafios adicionais na busca por emprego.<\/p>\n<p>Segundo um <a href=\"https:\/\/pubsonline.informs.org\/doi\/10.1287\/orsc.2023.1682\" target=\"_blank\" rel=\"noopener\">estudo<\/a> realizado por pesquisadores da Universidade da Virg\u00ednia, nos EUA, quando contam que s\u00e3o os primeiros da fam\u00edlia a completar a gradua\u00e7\u00e3o, os candidatos t\u00eam menos chances de serem contratados, mesmo quando seus curr\u00edculos s\u00e3o id\u00eanticos aos de outros concorrentes \u00e0 mesma vaga. Segundo a pesquisa, isso acontece tanto com candidatos brancos quanto com negros.<\/p>\n<h2>Leia tamb\u00e9m<\/h2>\n<div id=\"attachment_632210\" class=\"wp-caption alignnone style=\" max-width:=\"\"><img data-recalc-dims=\"1\" loading=\"lazy\" decoding=\"async\" class=\"alignnone wp-image-632210 size-medium\" src=\"https:\/\/i0.wp.com\/forbes.com.br\/wp-content\/uploads\/2024\/09\/carreira-universidade-aluno-formando-768x512.jpg?resize=678%2C452&#038;ssl=1\" http:=\"\" alt=\"Ap\u00f3s conquistarem o ensino superior, profissionais podem enfrentar discrimina\u00e7\u00e3o para conseguir um trabalho\" width=\"678\" height=\"452\" data-lazy-src=\"https:\/\/forbes.com.br\/wp-content\/uploads\/2024\/09\/carreira-universidade-aluno-formando-768x512.jpg\"\/><img data-recalc-dims=\"1\" loading=\"lazy\" decoding=\"async\" class=\"alignnone wp-image-632210 size-medium\" src=\"https:\/\/i0.wp.com\/forbes.com.br\/wp-content\/uploads\/2024\/09\/carreira-universidade-aluno-formando-768x512.jpg?resize=678%2C452&#038;ssl=1\" alt=\"Ap\u00f3s conquistarem o ensino superior, profissionais podem enfrentar discrimina\u00e7\u00e3o para conseguir um trabalho\" width=\"678\" height=\"452\"\/><\/p>\n<p>Getty Images<\/p>\n<p class=\"wp-caption-text\">Discrimina\u00e7\u00e3o por classe social no trabalho pode ser prejudicial para os neg\u00f3cios, al\u00e9m de afetar as carreiras dos rec\u00e9m-formados<\/p>\n<\/div>\n<p><span style=\"font-size: 16px;\">Presentes em <\/span><a style=\"font-size: 16px;\" href=\"https:\/\/journals.sagepub.com\/doi\/abs\/10.1177\/0003122416668154?casa_token=ntlVmmBJ-m4AAAAA%3AvRD8v305TbLlOlAQ-uN3qHSIvuHAz5eRBgeO-PvTqSMSrnpK77cU8YvdMZz92oUistiSswvEWqmV&amp;journalCode=asra\" target=\"_blank\" rel=\"noopener\">escrit\u00f3rios de advocacia<\/a><span style=\"font-size: 16px;\">, <\/span><a style=\"font-size: 16px;\" href=\"https:\/\/sociologicalscience.com\/download\/vol-5\/september\/SocSci_v5_562to595.pdf\" target=\"_blank\" rel=\"noopener\">fun\u00e7\u00f5es de atendimento ao cliente<\/a><span style=\"font-size: 16px;\"> e nos <\/span><a style=\"font-size: 16px;\" href=\"https:\/\/journals.sagepub.com\/doi\/abs\/10.1177\/0001839215616840?journalCode=asqa\" target=\"_blank\" rel=\"noopener\">setores criativos,<\/a><span style=\"font-size: 16px;\"> as evid\u00eancias dessa discrimina\u00e7\u00e3o no ambiente de trabalho aumentaram.<\/span><\/p>\n<p>Segundo o estudo, esse tratamento desigual resulta de preconceitos sobre como seria contratar uma pessoa cujos membros da fam\u00edlia n\u00e3o t\u00eam curso superior: eles poderiam ter menos conex\u00f5es ou n\u00e3o se encaixar na cultura corporativa.<\/p>\n<p>Os respons\u00e1veis pelas contrata\u00e7\u00f5es tamb\u00e9m utilizam crit\u00e9rios que desfavorecem candidatos de origens socioecon\u00f4micas menos privilegiadas. Alguns preferem contratar profissionais que tenham participado de atividades extracurriculares caras e que demandam muito tempo, ou que se sintam mais \u00e0 vontade no ambiente corporativo.<\/p>\n<p>Cada um desses crit\u00e9rios \u00e9 mais dif\u00edcil de ser atendido por candidatos que cresceram em fam\u00edlias com menos dinheiro, conex\u00f5es profissionais ou educa\u00e7\u00e3o.<\/p>\n<p>Esse tipo de tratamento diferenciado n\u00e3o \u00e9 prejudicial apenas para os profissionais, mas tamb\u00e9m para os neg\u00f3cios. Pessoas que v\u00eam de fam\u00edlias menos privilegiadas muitas vezes s\u00e3o melhores do que aqueles de origens mais favorecidas em algumas habilidades, como trabalho em equipe, de acordo com uma <a href=\"https:\/\/www.nicolemstephens.com\/uploads\/3\/9\/5\/9\/39596235\/dittmann_stephens_townsend_-_2020_jpsp_-_achievement_is_not_class-neutral.pdf\" target=\"_blank\" rel=\"noopener\">pesquisa da Associa\u00e7\u00e3o Americana de Psicologia<\/a>.<\/p>\n<h3>Diversidade no ambiente de trabalho<\/h3>\n<p>A busca por diversidade no ambiente de trabalho tamb\u00e9m precisa contemplar diferentes realidades sociais. H\u00e1 maneiras simples de criar um cen\u00e1rio mais equilibrado. Focar nas qualidades dos graduados de primeira gera\u00e7\u00e3o e de profissionais de origens menos privilegiadas pode levar a um processo de contrata\u00e7\u00e3o mais equitativo. Esses candidatos muitas vezes trazem novas perspectivas e se concentram mais nos objetivos da organiza\u00e7\u00e3o do que aqueles de origens mais favorecidas, segundo as pesquisas.<\/p>\n<p>Os empregadores tamb\u00e9m podem refletir se seus crit\u00e9rios de contrata\u00e7\u00e3o realmente importam para o trabalho. Os melhores candidatos s\u00e3o realmente todos formados nas mesmas universidades de elite? Ou ser\u00e1 que alguns podem ser igualmente (ou at\u00e9 mais) talentosos, mas n\u00e3o puderam frequentar as mesmas faculdades por terem menos dinheiro ou privil\u00e9gios?<\/p>\n<p>Os recrutadores e l\u00edderes precisam tomar cuidado para evitar favorecer pessoas semelhantes a eles mesmos e devem ampliar o olhar para candidatos diferentes. Para al\u00e9m do car\u00e1ter social, em \u00faltima inst\u00e2ncia essas pr\u00e1ticas podem trazer benef\u00edcios financeiros e mais inova\u00e7\u00e3o para a empresa.<\/p>\n<ul>\n<li>\n<h4>Siga a <a href=\"https:\/\/whatsapp.com\/channel\/0029Va9gQKwBFLgM96cJnu0u&gt;\" target=\"_blank\" rel=\"noopener\">Forbes<\/a> no WhatsApp e receba as principais not\u00edcias sobre neg\u00f3cios, carreira, tecnologia e estilo de vida<\/h4>\n<\/li>\n<\/ul>\n<p><em>*Jessi Streib \u00e9 professora de sociologia na Universidade de Duke.<\/em><\/p>\n<h2>Escolhas do editor<\/h2>\n<\/div>\n<p><script type=\"rocketlazyloadscript\">\n\t\t\t\t(function(d, s, id){\n\t\t\t\t\tvar js, fjs = d.getElementsByTagName(s)[0];\n\t\t\t\t\tif (d.getElementById(id)) return;\n\t\t\t\t\tjs = d.createElement(s); js.id = id;\n\t\t\t\t\tjs.src = \"\/\/connect.facebook.net\/pt_BR\/sdk.js#xfbml=1&version=v2.9\";\n\t\t\t\t\tfjs.parentNode.insertBefore(js, fjs);\n\t\t\t\t}(document, 'script', 'facebook-jssdk'));\n\t\t\t<\/script><br \/>\n<br \/><br \/>\n<br \/><a href=\"https:\/\/forbes.com.br\/carreira\/2024\/09\/primeira-geracao-de-formados-enfrenta-mais-discriminacao-no-mercado-de-trabalho\/\">Source link <\/a><\/p>\n<div class='code-block code-block-4' style='margin: 8px auto 8px 0; text-align: left; display: block; clear: both;'>\n\ud83d\udce2 Aviso Legal\n\nO site ismaelcolosi.com.br atua apenas como um canal de divulga\u00e7\u00e3o de oportunidades de emprego e n\u00e3o se responsabiliza pelo processo seletivo, contrata\u00e7\u00e3o ou qualquer outra etapa relacionada \u00e0s vagas publicadas. Todas as informa\u00e7\u00f5es s\u00e3o de responsabilidade dos anunciantes.\n\n\u26a0\ufe0f Aten\u00e7\u00e3o! Nunca pague por promessas de emprego nem compre cursos que garantam contrata\u00e7\u00e3o. Desconfie de qualquer cobran\u00e7a para participar de sele\u00e7\u00f5es.\n\n\n\n<\/div>\n<!-- CONTENT END 1 -->\n","protected":false},"excerpt":{"rendered":"<p>\u00a0 Acessibilidade L L A- A+ \u25d0 \u00a0 Grandes universidades americanas passaram a celebrar seus estudantes de primeira gera\u00e7\u00e3o, aqueles que s\u00e3o os primeiros de&#8230;<\/p>\n","protected":false},"author":1,"featured_media":63814,"comment_status":"open","ping_status":"open","sticky":false,"template":"","format":"standard","meta":{"_uag_custom_page_level_css":"","advanced_seo_description":"","jetpack_seo_html_title":"","jetpack_seo_noindex":false,"jetpack_post_was_ever_published":false,"_jetpack_newsletter_access":"","_jetpack_dont_email_post_to_subs":false,"_jetpack_newsletter_tier_id":0,"_jetpack_memberships_contains_paywalled_content":false,"_jetpack_memberships_contains_paid_content":false,"footnotes":"","jetpack_publicize_message":"","jetpack_publicize_feature_enabled":true,"jetpack_social_post_already_shared":true,"jetpack_social_options":{"image_generator_settings":{"template":"highway","default_image_id":0,"font":"","enabled":false},"version":2}},"categories":[1964],"tags":[],"class_list":["post-63813","post","type-post","status-publish","format-standard","has-post-thumbnail","hentry","category-carreira-e-sucesso-dicas-para-carreira"],"jetpack_publicize_connections":[],"jetpack_featured_media_url":"https:\/\/i0.wp.com\/ismaelcolosi.com.br\/wp-content\/uploads\/2024\/09\/carreira-universidade-aluno-formando-1024x683.jpg?fit=1024%2C683&ssl=1","uagb_featured_image_src":{"full":["https:\/\/i0.wp.com\/ismaelcolosi.com.br\/wp-content\/uploads\/2024\/09\/carreira-universidade-aluno-formando-1024x683.jpg?fit=1024%2C683&ssl=1",1024,683,false],"thumbnail":["https:\/\/i0.wp.com\/ismaelcolosi.com.br\/wp-content\/uploads\/2024\/09\/carreira-universidade-aluno-formando-1024x683.jpg?resize=150%2C150&ssl=1",150,150,true],"medium":["https:\/\/i0.wp.com\/ismaelcolosi.com.br\/wp-content\/uploads\/2024\/09\/carreira-universidade-aluno-formando-1024x683.jpg?fit=300%2C200&ssl=1",300,200,true],"medium_large":["https:\/\/i0.wp.com\/ismaelcolosi.com.br\/wp-content\/uploads\/2024\/09\/carreira-universidade-aluno-formando-1024x683.jpg?fit=768%2C512&ssl=1",768,512,true],"large":["https:\/\/i0.wp.com\/ismaelcolosi.com.br\/wp-content\/uploads\/2024\/09\/carreira-universidade-aluno-formando-1024x683.jpg?fit=1024%2C683&ssl=1",1024,683,true],"1536x1536":["https:\/\/i0.wp.com\/ismaelcolosi.com.br\/wp-content\/uploads\/2024\/09\/carreira-universidade-aluno-formando-1024x683.jpg?fit=1024%2C683&ssl=1",1024,683,true],"2048x2048":["https:\/\/i0.wp.com\/ismaelcolosi.com.br\/wp-content\/uploads\/2024\/09\/carreira-universidade-aluno-formando-1024x683.jpg?fit=1024%2C683&ssl=1",1024,683,true],"really-simple-thumb":["https:\/\/i0.wp.com\/ismaelcolosi.com.br\/wp-content\/uploads\/2024\/09\/carreira-universidade-aluno-formando-1024x683.jpg?resize=370%2C247&ssl=1",370,247,true]},"uagb_author_info":{"display_name":"ismaelcolosi.com.br","author_link":"https:\/\/ismaelcolosi.com.br\/index.php\/author\/vidareal-online\/"},"uagb_comment_info":0,"uagb_excerpt":"\u00a0 Acessibilidade L L A- A+ \u25d0 \u00a0 Grandes universidades americanas passaram a celebrar seus estudantes de primeira gera\u00e7\u00e3o, aqueles que s\u00e3o os primeiros de...","jetpack-related-posts":[{"id":82559,"url":"https:\/\/ismaelcolosi.com.br\/index.php\/2025\/02\/04\/gestores-preferem-ia-a-geracao-z-no-mercado-de-trabalho\/","url_meta":{"origin":63813,"position":0},"title":"Gestores Preferem IA a Gera\u00e7\u00e3o Z no Mercado de Trabalho","author":"ismaelcolosi.com.br","date":"4 de February de 2025","format":false,"excerpt":"\r Getty Images\r Maioria dos l\u00edderes acredita que o treinamento da gera\u00e7\u00e3o Z \u00e9 caro\r Acessibilidade \r L\r L\r A-\r A+\r \r \u25d0\r \r \u00a0 Profissionais da gera\u00e7\u00e3o Z que ingressam no mercado de trabalho podem ter um desafio inesperado: competir n\u00e3o apenas com outros candidatos, mas tamb\u00e9m com algoritmos.\u2026","rel":"","context":"In &quot;Carreira e Sucesso&quot;","block_context":{"text":"Carreira e Sucesso","link":"https:\/\/ismaelcolosi.com.br\/index.php\/category\/carreira-e-sucesso-dicas-para-carreira\/"},"img":{"alt_text":"","src":"https:\/\/i0.wp.com\/ismaelcolosi.com.br\/wp-content\/uploads\/2025\/02\/forbes-geracao-z-ia-2-1200x675.jpg?fit=1200%2C675&ssl=1&resize=350%2C200","width":350,"height":200,"srcset":"https:\/\/i0.wp.com\/ismaelcolosi.com.br\/wp-content\/uploads\/2025\/02\/forbes-geracao-z-ia-2-1200x675.jpg?fit=1200%2C675&ssl=1&resize=350%2C200 1x, https:\/\/i0.wp.com\/ismaelcolosi.com.br\/wp-content\/uploads\/2025\/02\/forbes-geracao-z-ia-2-1200x675.jpg?fit=1200%2C675&ssl=1&resize=525%2C300 1.5x, https:\/\/i0.wp.com\/ismaelcolosi.com.br\/wp-content\/uploads\/2025\/02\/forbes-geracao-z-ia-2-1200x675.jpg?fit=1200%2C675&ssl=1&resize=700%2C400 2x, https:\/\/i0.wp.com\/ismaelcolosi.com.br\/wp-content\/uploads\/2025\/02\/forbes-geracao-z-ia-2-1200x675.jpg?fit=1200%2C675&ssl=1&resize=1050%2C600 3x"},"classes":[]},{"id":76502,"url":"https:\/\/ismaelcolosi.com.br\/index.php\/2024\/11\/13\/universidades-publicas-paulistas-implantam-novo-modelo-na-pos-graduacao\/","url_meta":{"origin":63813,"position":1},"title":"Universidades p\u00fablicas paulistas implantam novo modelo na p\u00f3s-gradua\u00e7\u00e3o","author":"ismaelcolosi.com.br","date":"13 de November de 2024","format":false,"excerpt":"A partir de 2025, os programas de p\u00f3s-gradua\u00e7\u00e3o de excel\u00eancia das seis universidades p\u00fablicas paulistas, com notas 6 ou 7 na avalia\u00e7\u00e3o da Coordenadoria de Aperfei\u00e7oamento de Pessoal de N\u00edvel Superior (Capes), poder\u00e3o adotar mudan\u00e7as estruturantes no modelo de seus cursos de p\u00f3s-gradua\u00e7\u00e3o. Essas mudan\u00e7as t\u00eam o objetivo de tornar\u2026","rel":"","context":"In &quot;Not\u00edcias de Ribeir\u00e3o Preto-SP e Regi\u00e3o&quot;","block_context":{"text":"Not\u00edcias de Ribeir\u00e3o Preto-SP e Regi\u00e3o","link":"https:\/\/ismaelcolosi.com.br\/index.php\/category\/noticias-de-ribeirao-preto-sp-e-regiao-ismael-colosi\/"},"img":{"alt_text":"","src":"https:\/\/i0.wp.com\/ismaelcolosi.com.br\/wp-content\/uploads\/2024\/11\/20241111_pos-graduacao-scaled.jpg?fit=800%2C420&ssl=1&resize=350%2C200","width":350,"height":200,"srcset":"https:\/\/i0.wp.com\/ismaelcolosi.com.br\/wp-content\/uploads\/2024\/11\/20241111_pos-graduacao-scaled.jpg?fit=800%2C420&ssl=1&resize=350%2C200 1x, https:\/\/i0.wp.com\/ismaelcolosi.com.br\/wp-content\/uploads\/2024\/11\/20241111_pos-graduacao-scaled.jpg?fit=800%2C420&ssl=1&resize=525%2C300 1.5x, https:\/\/i0.wp.com\/ismaelcolosi.com.br\/wp-content\/uploads\/2024\/11\/20241111_pos-graduacao-scaled.jpg?fit=800%2C420&ssl=1&resize=700%2C400 2x"},"classes":[]},{"id":39401,"url":"https:\/\/ismaelcolosi.com.br\/index.php\/2024\/02\/26\/falta-de-etiqueta-prejudica-gen-z-no-mercado-de-trabalho\/","url_meta":{"origin":63813,"position":2},"title":"Falta de etiqueta prejudica Gen Z no mercado de trabalho","author":"ismaelcolosi.com.br","date":"26 de February de 2024","format":false,"excerpt":"Getty Images31% dos recrutadores preferem contratar trabalhadores mais velhos aos candidatos da Gera\u00e7\u00e3o Z Mais de 30% dos recrutadores preferem contratar trabalhadores mais velhos aos candidatos da Gera\u00e7\u00e3o Z, segundo um estudo realizado em janeiro pelo software para curr\u00edculos ResumeBuilder. A pesquisa tamb\u00e9m mostra que 30% tiveram que demitir um\u2026","rel":"","context":"In &quot;Carreira e Sucesso&quot;","block_context":{"text":"Carreira e Sucesso","link":"https:\/\/ismaelcolosi.com.br\/index.php\/category\/carreira-e-sucesso-dicas-para-carreira\/"},"img":{"alt_text":"","src":"https:\/\/i0.wp.com\/ismaelcolosi.com.br\/wp-content\/uploads\/2024\/02\/Carreira_Geracao-Z-Trabalho-1024x683.jpg?fit=1024%2C683&ssl=1&resize=350%2C200","width":350,"height":200,"srcset":"https:\/\/i0.wp.com\/ismaelcolosi.com.br\/wp-content\/uploads\/2024\/02\/Carreira_Geracao-Z-Trabalho-1024x683.jpg?fit=1024%2C683&ssl=1&resize=350%2C200 1x, https:\/\/i0.wp.com\/ismaelcolosi.com.br\/wp-content\/uploads\/2024\/02\/Carreira_Geracao-Z-Trabalho-1024x683.jpg?fit=1024%2C683&ssl=1&resize=525%2C300 1.5x, https:\/\/i0.wp.com\/ismaelcolosi.com.br\/wp-content\/uploads\/2024\/02\/Carreira_Geracao-Z-Trabalho-1024x683.jpg?fit=1024%2C683&ssl=1&resize=700%2C400 2x"},"classes":[]},{"id":78103,"url":"https:\/\/ismaelcolosi.com.br\/index.php\/2024\/12\/02\/ricardo-silva-anuncia-os-quatro-primeiros-secretarios\/","url_meta":{"origin":63813,"position":3},"title":"Ricardo Silva anuncia os quatro primeiros secret\u00e1rios","author":"ismaelcolosi.com.br","date":"2 de December de 2024","format":false,"excerpt":"An\u00fancio foi feito na manh\u00e3 desta segunda-feira O prefeito eleito Ricardo Silva (PSD) anunciou na manh\u00e3 desta segunda-feira, 2 de dezembro, os quatro primeiros nomes de seu secretariado que assumir\u00e3o os cargos, junto com ele, no dia 1\u00ba de janeiro. A Secretaria de Sa\u00fade ser\u00e1 comandada pelo m\u00e9dico Maur\u00edcio Godinho,\u2026","rel":"","context":"In &quot;Not\u00edcias de Ribeir\u00e3o Preto-SP e Regi\u00e3o&quot;","block_context":{"text":"Not\u00edcias de Ribeir\u00e3o Preto-SP e Regi\u00e3o","link":"https:\/\/ismaelcolosi.com.br\/index.php\/category\/noticias-de-ribeirao-preto-sp-e-regiao-ismael-colosi\/"},"img":{"alt_text":"","src":"https:\/\/i0.wp.com\/ismaelcolosi.com.br\/wp-content\/uploads\/2024\/12\/ricardo_silva1.jpg?fit=750%2C500&ssl=1&resize=350%2C200","width":350,"height":200,"srcset":"https:\/\/i0.wp.com\/ismaelcolosi.com.br\/wp-content\/uploads\/2024\/12\/ricardo_silva1.jpg?fit=750%2C500&ssl=1&resize=350%2C200 1x, https:\/\/i0.wp.com\/ismaelcolosi.com.br\/wp-content\/uploads\/2024\/12\/ricardo_silva1.jpg?fit=750%2C500&ssl=1&resize=525%2C300 1.5x, https:\/\/i0.wp.com\/ismaelcolosi.com.br\/wp-content\/uploads\/2024\/12\/ricardo_silva1.jpg?fit=750%2C500&ssl=1&resize=700%2C400 2x"},"classes":[]},{"id":72932,"url":"https:\/\/ismaelcolosi.com.br\/index.php\/2024\/10\/24\/3-motivos-explicam-por-que-a-geracao-z-e-demitida\/","url_meta":{"origin":63813,"position":4},"title":"3 Motivos Explicam Por Que a Gera\u00e7\u00e3o Z \u00c9 Demitida","author":"ismaelcolosi.com.br","date":"24 de October de 2024","format":false,"excerpt":"\u00a0 Acessibilidade L L A- A+ \u25d0 \u00a0 A Gera\u00e7\u00e3o Z deu seus primeiros passos no mercado de trabalho no auge da pandemia. No entanto, 60% dos empregadores admitiram ter demitido funcion\u00e1rios dessa gera\u00e7\u00e3o contratados este ano, de acordo com uma pesquisa da Resume Genius, plataforma de cria\u00e7\u00e3o de curr\u00edculos.\u2026","rel":"","context":"In &quot;Carreira e Sucesso&quot;","block_context":{"text":"Carreira e Sucesso","link":"https:\/\/ismaelcolosi.com.br\/index.php\/category\/carreira-e-sucesso-dicas-para-carreira\/"},"img":{"alt_text":"","src":"https:\/\/i0.wp.com\/ismaelcolosi.com.br\/wp-content\/uploads\/2024\/10\/carreira-geracao-z-trabalho-1024x683.jpg?fit=1024%2C683&ssl=1&resize=350%2C200","width":350,"height":200,"srcset":"https:\/\/i0.wp.com\/ismaelcolosi.com.br\/wp-content\/uploads\/2024\/10\/carreira-geracao-z-trabalho-1024x683.jpg?fit=1024%2C683&ssl=1&resize=350%2C200 1x, https:\/\/i0.wp.com\/ismaelcolosi.com.br\/wp-content\/uploads\/2024\/10\/carreira-geracao-z-trabalho-1024x683.jpg?fit=1024%2C683&ssl=1&resize=525%2C300 1.5x, https:\/\/i0.wp.com\/ismaelcolosi.com.br\/wp-content\/uploads\/2024\/10\/carreira-geracao-z-trabalho-1024x683.jpg?fit=1024%2C683&ssl=1&resize=700%2C400 2x"},"classes":[]},{"id":85358,"url":"https:\/\/ismaelcolosi.com.br\/index.php\/2025\/05\/09\/a-tendencia-da-geracao-z-para-equilibrio-no-trabalho\/","url_meta":{"origin":63813,"position":5},"title":"A Tend\u00eancia da Gera\u00e7\u00e3o Z para Equil\u00edbrio no Trabalho","author":"ismaelcolosi.com.br","date":"9 de May de 2025","format":false,"excerpt":"\r Getty Images\r Microturnos permitem que profissionais da Gera\u00e7\u00e3o Z adquiram novas compet\u00eancias, testem diferentes \u00e1reas e ganhem experi\u00eancia pr\u00e1tica sem abrir m\u00e3o da flexibilidade no in\u00edcio da carreira\r Acessibilidade \r L\r L\r A-\r A+\r \r \u25d0\r \r \u00a0 A Gera\u00e7\u00e3o Z est\u00e1 definindo mais uma tend\u00eancia no mundo do\u2026","rel":"","context":"In &quot;Carreira e Sucesso&quot;","block_context":{"text":"Carreira e Sucesso","link":"https:\/\/ismaelcolosi.com.br\/index.php\/category\/carreira-e-sucesso-dicas-para-carreira\/"},"img":{"alt_text":"","src":"https:\/\/i0.wp.com\/ismaelcolosi.com.br\/wp-content\/uploads\/2025\/05\/forbes-geracao-z-micro-turnos-1200x675.jpg?fit=1200%2C675&ssl=1&resize=350%2C200","width":350,"height":200,"srcset":"https:\/\/i0.wp.com\/ismaelcolosi.com.br\/wp-content\/uploads\/2025\/05\/forbes-geracao-z-micro-turnos-1200x675.jpg?fit=1200%2C675&ssl=1&resize=350%2C200 1x, https:\/\/i0.wp.com\/ismaelcolosi.com.br\/wp-content\/uploads\/2025\/05\/forbes-geracao-z-micro-turnos-1200x675.jpg?fit=1200%2C675&ssl=1&resize=525%2C300 1.5x, https:\/\/i0.wp.com\/ismaelcolosi.com.br\/wp-content\/uploads\/2025\/05\/forbes-geracao-z-micro-turnos-1200x675.jpg?fit=1200%2C675&ssl=1&resize=700%2C400 2x, https:\/\/i0.wp.com\/ismaelcolosi.com.br\/wp-content\/uploads\/2025\/05\/forbes-geracao-z-micro-turnos-1200x675.jpg?fit=1200%2C675&ssl=1&resize=1050%2C600 3x"},"classes":[]}],"jetpack_sharing_enabled":true,"jetpack_shortlink":"https:\/\/wp.me\/pfMlyK-gBf","_links":{"self":[{"href":"https:\/\/ismaelcolosi.com.br\/index.php\/wp-json\/wp\/v2\/posts\/63813","targetHints":{"allow":["GET"]}}],"collection":[{"href":"https:\/\/ismaelcolosi.com.br\/index.php\/wp-json\/wp\/v2\/posts"}],"about":[{"href":"https:\/\/ismaelcolosi.com.br\/index.php\/wp-json\/wp\/v2\/types\/post"}],"author":[{"embeddable":true,"href":"https:\/\/ismaelcolosi.com.br\/index.php\/wp-json\/wp\/v2\/users\/1"}],"replies":[{"embeddable":true,"href":"https:\/\/ismaelcolosi.com.br\/index.php\/wp-json\/wp\/v2\/comments?post=63813"}],"version-history":[{"count":0,"href":"https:\/\/ismaelcolosi.com.br\/index.php\/wp-json\/wp\/v2\/posts\/63813\/revisions"}],"wp:featuredmedia":[{"embeddable":true,"href":"https:\/\/ismaelcolosi.com.br\/index.php\/wp-json\/wp\/v2\/media\/63814"}],"wp:attachment":[{"href":"https:\/\/ismaelcolosi.com.br\/index.php\/wp-json\/wp\/v2\/media?parent=63813"}],"wp:term":[{"taxonomy":"category","embeddable":true,"href":"https:\/\/ismaelcolosi.com.br\/index.php\/wp-json\/wp\/v2\/categories?post=63813"},{"taxonomy":"post_tag","embeddable":true,"href":"https:\/\/ismaelcolosi.com.br\/index.php\/wp-json\/wp\/v2\/tags?post=63813"}],"curies":[{"name":"wp","href":"https:\/\/api.w.org\/{rel}","templated":true}]}}