{"id":63783,"date":"2024-09-03T22:44:01","date_gmt":"2024-09-04T01:44:01","guid":{"rendered":"https:\/\/ismaelcolosi.com.br\/index.php\/2024\/09\/03\/confira-a-agenda-dos-candidatos-a-prefeitura-de-ribeirao-preto-nesta-quarta-feira-4\/"},"modified":"2024-09-03T22:44:01","modified_gmt":"2024-09-04T01:44:01","slug":"confira-a-agenda-dos-candidatos-a-prefeitura-de-ribeirao-preto-nesta-quarta-feira-4","status":"publish","type":"post","link":"https:\/\/ismaelcolosi.com.br\/index.php\/2024\/09\/03\/confira-a-agenda-dos-candidatos-a-prefeitura-de-ribeirao-preto-nesta-quarta-feira-4\/","title":{"rendered":"Confira a agenda dos candidatos \u00e0 Prefeitura de Ribeir\u00e3o Preto nesta quarta-feira (4)"},"content":{"rendered":"<p> <br \/>\n<\/p>\n<div data-td-block-uid=\"tdi_106\">\n<div class=\"tdb-block-inner td-fix-index\">\n<p>Os\u00a0<strong>candidatos\u00a0<\/strong>\u00e0\u00a0<strong>Prefeitura de Ribeir\u00e3o Preto<\/strong>\u00a0divulgaram suas\u00a0<strong>agendas de campanha\u00a0<\/strong>para\u00a0<strong>esta quarta-feira (4).<\/strong><\/p>\n<p>O per\u00edodo de\u00a0<strong>propaganda eleitoral<\/strong>\u00a0come\u00e7ou no dia 16 de agosto, portanto, candidatos podem apresentar \u00e0s eleitoras e aos eleitores suas\u00a0<strong>ideias\u00a0<\/strong>e\u00a0<strong>propostas<\/strong>.<\/p>\n<p><mark style=\"background-color:#fcb900\" class=\"has-inline-color\">A\u00a0<strong>publicidade das candidaturas\u00a0<\/strong>pode ser feita na\u00a0<strong>internet<\/strong>, na\u00a0<strong>rua<\/strong>, na\u00a0<strong>imprensa escrita<\/strong>, em\u00a0<strong>casas<\/strong>,\u00a0<strong>ve\u00edculos\u00a0<\/strong>e\u00a0<strong>outros bens particulares<\/strong>.<\/mark><\/p>\n<p>Entre os dias 30 de agosto e 3 de outubro tamb\u00e9m ser\u00e1 veiculado o<strong>\u00a0hor\u00e1rio eleitoral gratuito<\/strong>, exibido nas emissoras de r\u00e1dio e de televis\u00e3o \u2013\u00a0clique aqui e veja o que pode e n\u00e3o pode durante o per\u00edodo de propaganda eleitoral.<\/p>\n<h3 class=\"wp-block-heading\"><strong>Veja a agenda dos candidatos \u00e0 Prefeitura de Ribeir\u00e3o Preto<\/strong>:<\/h3>\n<h4 class=\"wp-block-heading\"><strong>Jorge Roque (PT)<\/strong><\/h4>\n<ul>\n<li>Per\u00edodo da manh\u00e3: grava\u00e7\u00f5es para o programa de r\u00e1dio.<\/li>\n<\/ul>\n<ul>\n<li>Per\u00edodo da tarde: \u00e0s 15h participa do F\u00f3rum pela Erradica\u00e7\u00e3o do Trabalho Infantil, na C\u00e2mara, para assinar carta-compromisso.<\/li>\n<\/ul>\n<ul>\n<li>Per\u00edodo da noite: visita a apoiadoras (es).<\/li>\n<\/ul>\n<h4 class=\"wp-block-heading\"><strong>Marco Aur\u00e9lio (Novo)<\/strong><\/h4>\n<ul>\n<li>Per\u00edodo da manh\u00e3: entrevista no programa Manh\u00e3 CBN; Panfletagem na feira da rua Bonfim.<\/li>\n<\/ul>\n<ul>\n<li>Per\u00edodo da tarde: participa\u00e7\u00e3o no F\u00f3rum de Erradica\u00e7\u00e3o Infantil.<\/li>\n<\/ul>\n<ul>\n<li>Per\u00edodo da noite: grava\u00e7\u00e3o de conte\u00fado na produtora de v\u00eddeos.<\/li>\n<\/ul>\n<h4 class=\"wp-block-heading\"><strong>Ricardo Silva (PSD)<\/strong><\/h4>\n<ul>\n<li>Per\u00edodo da manh\u00e3: grava\u00e7\u00e3o de programa de TV e r\u00e1dio; Reuni\u00e3o setorial sobre a retomada do com\u00e9rcio.<\/li>\n<\/ul>\n<ul>\n<li>Per\u00edodo da tarde: visita a comerciantes da avenida Nove de Julho afetados pelo atraso das obras.<\/li>\n<\/ul>\n<ul>\n<li>Per\u00edodo da noite: encontro com empres\u00e1rios no Ciesp.<\/li>\n<\/ul>\n<h4 class=\"wp-block-heading\"><strong>Andr\u00e9 Trindade (Uni\u00e3o)<\/strong><\/h4>\n<ul>\n<li>Per\u00edodo da manh\u00e3: grava\u00e7\u00e3o externa para programas eleitorais de televis\u00e3o; logo ap\u00f3s, visita a uma empresa do setor de transportes na zona Oeste.<\/li>\n<\/ul>\n<ul>\n<li>Per\u00edodo da tarde: participa de um f\u00f3rum sobre erradica\u00e7\u00e3o do trabalho infantil.<\/li>\n<\/ul>\n<ul>\n<li>Per\u00edodo da noite: concede entrevista, ao vivo, a uma emissora de TV local.<\/li>\n<\/ul>\n<h4 class=\"wp-block-heading\"><strong>Douglas de Andrade (PCO)<\/strong><\/h4>\n<p>A reportagem procurou a equipe do candidato, contudo, at\u00e9 a publica\u00e7\u00e3o deste conte\u00fado, a agenda n\u00e3o havia sido divulgada.<\/p>\n<h4 class=\"wp-block-heading\"><strong>Ismar Menezes (Agir)<\/strong><\/h4>\n<p>De acordo com a equipe do candidato, a agenda desta quarta-feira (4) n\u00e3o ser\u00e1 divulgada.<\/p>\n<hr class=\"wp-block-separator has-alpha-channel-opacity\"\/>\n<p>SAIBA MAIS<\/p>\n<p>Justi\u00e7a indefere registro de candidatura de Ismar Menezes \u00e0 Prefeitura de Ribeir\u00e3o<\/p>\n<h4 class=\"wp-block-heading\"><strong>FIQUE ON<\/strong><\/h4>\n<p>Fique ligado em tudo que acontece em Ribeir\u00e3o Preto e regi\u00e3o. Siga os perfis do<strong>\u00a0acidade on<\/strong>\u00a0no\u00a0<a href=\"https:\/\/www.instagram.com\/acidadeonribeirao\" target=\"_blank\" rel=\"noreferrer noopener\">Instagram<\/a>\u00a0e no<a href=\"https:\/\/www.facebook.com\/acidadeonribeirao\/\" target=\"_blank\" rel=\"noreferrer noopener\">\u00a0Facebook<\/a>.<\/p>\n<p>Receba not\u00edcias do<strong>\u00a0acidade on\u00a0<\/strong>no WhatsApp.\u00a0<a href=\"https:\/\/chat.whatsapp.com\/Dtv9mxhy6V5BJBotM2OQ5k\" target=\"_blank\" rel=\"noreferrer noopener\">Para entrar no grupo, basta clicar aqui<\/a>.<\/p>\n<p>Fa\u00e7a uma den\u00fancia ou sugira uma reportagem sobre Ribeir\u00e3o Preto e regi\u00e3o pelo WhatsApp: 16 99117 7802.<\/p>\n<p>VEJA TAMB\u00c9M<\/p>\n<p>Quais s\u00e3o os ex-namorados de Yasmin Brunet?<\/p>\n<p><!-- CONTENT END 1 -->\n<\/div>\n<\/div>\n<p><script async src=\"\/\/www.instagram.com\/embed.js\"><\/script><br \/>\n<br \/><br \/>\n<br \/><a href=\"https:\/\/www.acidadeon.com\/ribeiraopreto\/politica\/eleicoes\/confira-a-agenda-dos-candidatos-a-prefeitura-de-ribeirao-preto-nesta-quarta-feira-4\/\">Source link <\/a><\/p>\n","protected":false},"excerpt":{"rendered":"<p>Os\u00a0candidatos\u00a0\u00e0\u00a0Prefeitura de Ribeir\u00e3o Preto\u00a0divulgaram suas\u00a0agendas de campanha\u00a0para\u00a0esta quarta-feira (4). O per\u00edodo de\u00a0propaganda eleitoral\u00a0come\u00e7ou no dia 16 de agosto, portanto, candidatos podem apresentar \u00e0s eleitoras e&#8230;<\/p>\n","protected":false},"author":1,"featured_media":63784,"comment_status":"open","ping_status":"open","sticky":false,"template":"","format":"standard","meta":{"_uag_custom_page_level_css":"","advanced_seo_description":"","jetpack_seo_html_title":"","jetpack_seo_noindex":false,"jetpack_post_was_ever_published":false,"_jetpack_newsletter_access":"","_jetpack_dont_email_post_to_subs":false,"_jetpack_newsletter_tier_id":0,"_jetpack_memberships_contains_paywalled_content":false,"_jetpack_memberships_contains_paid_content":false,"footnotes":"","jetpack_publicize_message":"","jetpack_publicize_feature_enabled":true,"jetpack_social_post_already_shared":true,"jetpack_social_options":{"image_generator_settings":{"template":"highway","default_image_id":0,"font":"","enabled":false},"version":2}},"categories":[11],"tags":[],"class_list":["post-63783","post","type-post","status-publish","format-standard","has-post-thumbnail","hentry","category-noticias-de-ribeirao-preto-sp-e-regiao-ismael-colosi"],"jetpack_publicize_connections":[],"jetpack_featured_media_url":"https:\/\/i0.wp.com\/ismaelcolosi.com.br\/wp-content\/uploads\/2024\/09\/VocsabiaqueaPraaSetedeSetembrojfoiumcemitrio_Tamanho_2_image.jpg?fit=1200%2C900&ssl=1","uagb_featured_image_src":{"full":["https:\/\/i0.wp.com\/ismaelcolosi.com.br\/wp-content\/uploads\/2024\/09\/VocsabiaqueaPraaSetedeSetembrojfoiumcemitrio_Tamanho_2_image.jpg?fit=1200%2C900&ssl=1",1200,900,false],"thumbnail":["https:\/\/i0.wp.com\/ismaelcolosi.com.br\/wp-content\/uploads\/2024\/09\/VocsabiaqueaPraaSetedeSetembrojfoiumcemitrio_Tamanho_2_image.jpg?resize=150%2C150&ssl=1",150,150,true],"medium":["https:\/\/i0.wp.com\/ismaelcolosi.com.br\/wp-content\/uploads\/2024\/09\/VocsabiaqueaPraaSetedeSetembrojfoiumcemitrio_Tamanho_2_image.jpg?fit=300%2C225&ssl=1",300,225,true],"medium_large":["https:\/\/i0.wp.com\/ismaelcolosi.com.br\/wp-content\/uploads\/2024\/09\/VocsabiaqueaPraaSetedeSetembrojfoiumcemitrio_Tamanho_2_image.jpg?fit=768%2C576&ssl=1",768,576,true],"large":["https:\/\/i0.wp.com\/ismaelcolosi.com.br\/wp-content\/uploads\/2024\/09\/VocsabiaqueaPraaSetedeSetembrojfoiumcemitrio_Tamanho_2_image.jpg?fit=1024%2C768&ssl=1",1024,768,true],"1536x1536":["https:\/\/i0.wp.com\/ismaelcolosi.com.br\/wp-content\/uploads\/2024\/09\/VocsabiaqueaPraaSetedeSetembrojfoiumcemitrio_Tamanho_2_image.jpg?fit=1200%2C900&ssl=1",1200,900,true],"2048x2048":["https:\/\/i0.wp.com\/ismaelcolosi.com.br\/wp-content\/uploads\/2024\/09\/VocsabiaqueaPraaSetedeSetembrojfoiumcemitrio_Tamanho_2_image.jpg?fit=1200%2C900&ssl=1",1200,900,true],"really-simple-thumb":["https:\/\/i0.wp.com\/ismaelcolosi.com.br\/wp-content\/uploads\/2024\/09\/VocsabiaqueaPraaSetedeSetembrojfoiumcemitrio_Tamanho_2_image.jpg?resize=370%2C247&ssl=1",370,247,true]},"uagb_author_info":{"display_name":"ismaelcolosi.com.br","author_link":"https:\/\/ismaelcolosi.com.br\/index.php\/author\/vidareal-online\/"},"uagb_comment_info":0,"uagb_excerpt":"Os\u00a0candidatos\u00a0\u00e0\u00a0Prefeitura de Ribeir\u00e3o Preto\u00a0divulgaram suas\u00a0agendas de campanha\u00a0para\u00a0esta quarta-feira (4). O per\u00edodo de\u00a0propaganda eleitoral\u00a0come\u00e7ou no dia 16 de agosto, portanto, candidatos podem apresentar \u00e0s eleitoras e...","jetpack-related-posts":[{"id":62513,"url":"https:\/\/ismaelcolosi.com.br\/index.php\/2024\/08\/27\/confira-a-agenda-dos-candidatos-a-prefeitura-de-ribeirao-preto-nesta-quarta-feira-28\/","url_meta":{"origin":63783,"position":0},"title":"Confira a agenda dos candidatos \u00e0 Prefeitura de Ribeir\u00e3o Preto nesta quarta-feira (28)","author":"ismaelcolosi.com.br","date":"27 de August de 2024","format":false,"excerpt":"Os\u00a0candidatos\u00a0\u00e0\u00a0Prefeitura de Ribeir\u00e3o Preto\u00a0divulgaram suas\u00a0agendas de campanha\u00a0para a\u00a0quarta-feira (28). O per\u00edodo de\u00a0propaganda eleitoral\u00a0come\u00e7ou no dia 16 de agosto, portanto, candidatos podem apresentar \u00e0s eleitoras e aos eleitores suas\u00a0ideias\u00a0e\u00a0propostas. A\u00a0publicidade das candidaturas\u00a0pode ser feita na\u00a0internet, na\u00a0rua, na\u00a0imprensa escrita, em\u00a0casas,\u00a0ve\u00edculos\u00a0e\u00a0outros bens particulares. Entre os dias 30 de agosto e 3 de outubro\u2026","rel":"","context":"In &quot;Not\u00edcias de Ribeir\u00e3o Preto-SP e Regi\u00e3o&quot;","block_context":{"text":"Not\u00edcias de Ribeir\u00e3o Preto-SP e Regi\u00e3o","link":"https:\/\/ismaelcolosi.com.br\/index.php\/category\/noticias-de-ribeirao-preto-sp-e-regiao-ismael-colosi\/"},"img":{"alt_text":"","src":"https:\/\/i0.wp.com\/ismaelcolosi.com.br\/wp-content\/uploads\/2024\/08\/eu_ano_1200x675_19102021131728.jpg?fit=1200%2C675&ssl=1&resize=350%2C200","width":350,"height":200,"srcset":"https:\/\/i0.wp.com\/ismaelcolosi.com.br\/wp-content\/uploads\/2024\/08\/eu_ano_1200x675_19102021131728.jpg?fit=1200%2C675&ssl=1&resize=350%2C200 1x, https:\/\/i0.wp.com\/ismaelcolosi.com.br\/wp-content\/uploads\/2024\/08\/eu_ano_1200x675_19102021131728.jpg?fit=1200%2C675&ssl=1&resize=525%2C300 1.5x, https:\/\/i0.wp.com\/ismaelcolosi.com.br\/wp-content\/uploads\/2024\/08\/eu_ano_1200x675_19102021131728.jpg?fit=1200%2C675&ssl=1&resize=700%2C400 2x, https:\/\/i0.wp.com\/ismaelcolosi.com.br\/wp-content\/uploads\/2024\/08\/eu_ano_1200x675_19102021131728.jpg?fit=1200%2C675&ssl=1&resize=1050%2C600 3x"},"classes":[]},{"id":65117,"url":"https:\/\/ismaelcolosi.com.br\/index.php\/2024\/09\/10\/confira-a-agenda-dos-candidatos-a-prefeitura-de-ribeirao-preto-nesta-quarta-feira-11\/","url_meta":{"origin":63783,"position":1},"title":"Confira a agenda dos candidatos \u00e0 Prefeitura de Ribeir\u00e3o Preto nesta quarta-feira (11)","author":"ismaelcolosi.com.br","date":"10 de September de 2024","format":false,"excerpt":"Os candidatos \u00e0\u00a0Prefeitura de Ribeir\u00e3o Preto\u00a0divulgaram suas agendas de campanha para esta quarta-feira (11). O per\u00edodo de propaganda eleitoral come\u00e7ou no dia 16 de agosto, portanto, candidatos podem apresentar \u00e0s eleitoras e aos eleitores suas ideias e propostas. A publicidade das candidaturas pode ser feita na internet, na rua, na\u2026","rel":"","context":"In &quot;Not\u00edcias de Ribeir\u00e3o Preto-SP e Regi\u00e3o&quot;","block_context":{"text":"Not\u00edcias de Ribeir\u00e3o Preto-SP e Regi\u00e3o","link":"https:\/\/ismaelcolosi.com.br\/index.php\/category\/noticias-de-ribeirao-preto-sp-e-regiao-ismael-colosi\/"},"img":{"alt_text":"","src":"https:\/\/i0.wp.com\/ismaelcolosi.com.br\/wp-content\/uploads\/2024\/09\/transito-ribeirao-preto.jpg?fit=1200%2C900&ssl=1&resize=350%2C200","width":350,"height":200,"srcset":"https:\/\/i0.wp.com\/ismaelcolosi.com.br\/wp-content\/uploads\/2024\/09\/transito-ribeirao-preto.jpg?fit=1200%2C900&ssl=1&resize=350%2C200 1x, https:\/\/i0.wp.com\/ismaelcolosi.com.br\/wp-content\/uploads\/2024\/09\/transito-ribeirao-preto.jpg?fit=1200%2C900&ssl=1&resize=525%2C300 1.5x, https:\/\/i0.wp.com\/ismaelcolosi.com.br\/wp-content\/uploads\/2024\/09\/transito-ribeirao-preto.jpg?fit=1200%2C900&ssl=1&resize=700%2C400 2x, https:\/\/i0.wp.com\/ismaelcolosi.com.br\/wp-content\/uploads\/2024\/09\/transito-ribeirao-preto.jpg?fit=1200%2C900&ssl=1&resize=1050%2C600 3x"},"classes":[]},{"id":66506,"url":"https:\/\/ismaelcolosi.com.br\/index.php\/2024\/09\/17\/confira-a-agenda-dos-candidatos-a-prefeitura-de-ribeirao-preto-nesta-quarta-feira-18\/","url_meta":{"origin":63783,"position":2},"title":"Confira a agenda dos candidatos \u00e0 Prefeitura de Ribeir\u00e3o Preto nesta quarta-feira (18)","author":"ismaelcolosi.com.br","date":"17 de September de 2024","format":false,"excerpt":"Os candidatos \u00e0\u00a0Prefeitura de Ribeir\u00e3o Preto\u00a0divulgaram suas agendas de campanha para esta quarta-feira (18). O per\u00edodo de propaganda eleitoral come\u00e7ou no dia 16 de agosto, portanto, candidatos podem apresentar \u00e0s eleitoras e aos eleitores suas ideias e propostas. A publicidade das candidaturas pode ser feita na internet, na rua, na\u2026","rel":"","context":"In &quot;Not\u00edcias de Ribeir\u00e3o Preto-SP e Regi\u00e3o&quot;","block_context":{"text":"Not\u00edcias de Ribeir\u00e3o Preto-SP e Regi\u00e3o","link":"https:\/\/ismaelcolosi.com.br\/index.php\/category\/noticias-de-ribeirao-preto-sp-e-regiao-ismael-colosi\/"},"img":{"alt_text":"","src":"https:\/\/i0.wp.com\/ismaelcolosi.com.br\/wp-content\/uploads\/2024\/09\/PrefeiturarestauramonumentosdaPraaXVemRibeiroPreto_Tamanho_2_image.jpg?fit=1200%2C900&ssl=1&resize=350%2C200","width":350,"height":200,"srcset":"https:\/\/i0.wp.com\/ismaelcolosi.com.br\/wp-content\/uploads\/2024\/09\/PrefeiturarestauramonumentosdaPraaXVemRibeiroPreto_Tamanho_2_image.jpg?fit=1200%2C900&ssl=1&resize=350%2C200 1x, https:\/\/i0.wp.com\/ismaelcolosi.com.br\/wp-content\/uploads\/2024\/09\/PrefeiturarestauramonumentosdaPraaXVemRibeiroPreto_Tamanho_2_image.jpg?fit=1200%2C900&ssl=1&resize=525%2C300 1.5x, https:\/\/i0.wp.com\/ismaelcolosi.com.br\/wp-content\/uploads\/2024\/09\/PrefeiturarestauramonumentosdaPraaXVemRibeiroPreto_Tamanho_2_image.jpg?fit=1200%2C900&ssl=1&resize=700%2C400 2x, https:\/\/i0.wp.com\/ismaelcolosi.com.br\/wp-content\/uploads\/2024\/09\/PrefeiturarestauramonumentosdaPraaXVemRibeiroPreto_Tamanho_2_image.jpg?fit=1200%2C900&ssl=1&resize=1050%2C600 3x"},"classes":[]},{"id":69970,"url":"https:\/\/ismaelcolosi.com.br\/index.php\/2024\/10\/08\/confira-a-agenda-dos-candidatos-a-prefeitura-de-ribeirao-preto-nesta-quarta-feira-9\/","url_meta":{"origin":63783,"position":3},"title":"Confira a agenda dos candidatos \u00e0 Prefeitura de Ribeir\u00e3o Preto nesta quarta-feira (9)","author":"ismaelcolosi.com.br","date":"8 de October de 2024","format":false,"excerpt":"Os candidatos \u00e0\u00a0Prefeitura de Ribeir\u00e3o Preto\u00a0divulgaram suas agendas de campanha para\u00a0esta quarta-feira (9). O per\u00edodo de propaganda eleitoral, para o segundo turno, come\u00e7ou no dia 7 de outubro, portanto, candidatos podem apresentar \u00e0s eleitoras e aos eleitores suas ideias e propostas. A publicidade das candidaturas pode ser feita na internet,\u2026","rel":"","context":"In &quot;Not\u00edcias de Ribeir\u00e3o Preto-SP e Regi\u00e3o&quot;","block_context":{"text":"Not\u00edcias de Ribeir\u00e3o Preto-SP e Regi\u00e3o","link":"https:\/\/ismaelcolosi.com.br\/index.php\/category\/noticias-de-ribeirao-preto-sp-e-regiao-ismael-colosi\/"},"img":{"alt_text":"","src":"https:\/\/i0.wp.com\/ismaelcolosi.com.br\/wp-content\/uploads\/2024\/10\/Copia-de-Copia-de-Copia-de-TAMANHO-EXATO-PARA-FOTOS-NO-SISTEMA-NOVO-95_2024-10-06_22-19-13_png_2024-10-06_22-19-13.webp.webp?fit=1200%2C675&ssl=1&resize=350%2C200","width":350,"height":200,"srcset":"https:\/\/i0.wp.com\/ismaelcolosi.com.br\/wp-content\/uploads\/2024\/10\/Copia-de-Copia-de-Copia-de-TAMANHO-EXATO-PARA-FOTOS-NO-SISTEMA-NOVO-95_2024-10-06_22-19-13_png_2024-10-06_22-19-13.webp.webp?fit=1200%2C675&ssl=1&resize=350%2C200 1x, https:\/\/i0.wp.com\/ismaelcolosi.com.br\/wp-content\/uploads\/2024\/10\/Copia-de-Copia-de-Copia-de-TAMANHO-EXATO-PARA-FOTOS-NO-SISTEMA-NOVO-95_2024-10-06_22-19-13_png_2024-10-06_22-19-13.webp.webp?fit=1200%2C675&ssl=1&resize=525%2C300 1.5x, https:\/\/i0.wp.com\/ismaelcolosi.com.br\/wp-content\/uploads\/2024\/10\/Copia-de-Copia-de-Copia-de-TAMANHO-EXATO-PARA-FOTOS-NO-SISTEMA-NOVO-95_2024-10-06_22-19-13_png_2024-10-06_22-19-13.webp.webp?fit=1200%2C675&ssl=1&resize=700%2C400 2x, https:\/\/i0.wp.com\/ismaelcolosi.com.br\/wp-content\/uploads\/2024\/10\/Copia-de-Copia-de-Copia-de-TAMANHO-EXATO-PARA-FOTOS-NO-SISTEMA-NOVO-95_2024-10-06_22-19-13_png_2024-10-06_22-19-13.webp.webp?fit=1200%2C675&ssl=1&resize=1050%2C600 3x"},"classes":[]},{"id":61230,"url":"https:\/\/ismaelcolosi.com.br\/index.php\/2024\/08\/20\/confira-a-agenda-dos-candidatos-a-prefeitura-de-ribeirao-preto-nesta-quarta-feira-21\/","url_meta":{"origin":63783,"position":4},"title":"Confira a agenda dos candidatos \u00e0 Prefeitura de Ribeir\u00e3o Preto nesta quarta-feira (21)","author":"ismaelcolosi.com.br","date":"20 de August de 2024","format":false,"excerpt":"Os candidatos \u00e0 Prefeitura de Ribeir\u00e3o Preto divulgaram suas agendas de campanha para a quarta-feira (21). O per\u00edodo de propaganda eleitoral para as elei\u00e7\u00f5es municipais de 2024 come\u00e7ou na \u00faltima sexta-feira (16), portanto, os candidatos poder\u00e3o apresentar \u00e0s eleitoras e aos eleitores suas ideias e propostas. A publicidade das candidaturas\u2026","rel":"","context":"In &quot;Not\u00edcias de Ribeir\u00e3o Preto-SP e Regi\u00e3o&quot;","block_context":{"text":"Not\u00edcias de Ribeir\u00e3o Preto-SP e Regi\u00e3o","link":"https:\/\/ismaelcolosi.com.br\/index.php\/category\/noticias-de-ribeirao-preto-sp-e-regiao-ismael-colosi\/"},"img":{"alt_text":"","src":"https:\/\/i0.wp.com\/ismaelcolosi.com.br\/wp-content\/uploads\/2024\/08\/inauguracao_centro_administrativo_prefeitura_-_foto_guilherme_sircili_14.jpg?fit=1200%2C799&ssl=1&resize=350%2C200","width":350,"height":200,"srcset":"https:\/\/i0.wp.com\/ismaelcolosi.com.br\/wp-content\/uploads\/2024\/08\/inauguracao_centro_administrativo_prefeitura_-_foto_guilherme_sircili_14.jpg?fit=1200%2C799&ssl=1&resize=350%2C200 1x, https:\/\/i0.wp.com\/ismaelcolosi.com.br\/wp-content\/uploads\/2024\/08\/inauguracao_centro_administrativo_prefeitura_-_foto_guilherme_sircili_14.jpg?fit=1200%2C799&ssl=1&resize=525%2C300 1.5x, https:\/\/i0.wp.com\/ismaelcolosi.com.br\/wp-content\/uploads\/2024\/08\/inauguracao_centro_administrativo_prefeitura_-_foto_guilherme_sircili_14.jpg?fit=1200%2C799&ssl=1&resize=700%2C400 2x, https:\/\/i0.wp.com\/ismaelcolosi.com.br\/wp-content\/uploads\/2024\/08\/inauguracao_centro_administrativo_prefeitura_-_foto_guilherme_sircili_14.jpg?fit=1200%2C799&ssl=1&resize=1050%2C600 3x"},"classes":[]},{"id":71331,"url":"https:\/\/ismaelcolosi.com.br\/index.php\/2024\/10\/15\/confira-a-agenda-dos-candidatos-a-prefeitura-de-ribeirao-preto-nesta-quarta-feira-16\/","url_meta":{"origin":63783,"position":5},"title":"Confira a agenda dos candidatos \u00e0 Prefeitura de Ribeir\u00e3o Preto nesta quarta-feira (16)","author":"ismaelcolosi.com.br","date":"15 de October de 2024","format":false,"excerpt":"Os candidatos \u00e0\u00a0Prefeitura de Ribeir\u00e3o Preto\u00a0divulgaram suas agendas de campanha para esta quarta-feira (16). O per\u00edodo de propaganda eleitoral, para o segundo turno, come\u00e7ou no dia 7 de outubro, portanto,\u00a0candidatos podem apresentar \u00e0s eleitoras e aos eleitores suas ideias e propostas. A publicidade das candidaturas pode ser feita na internet,\u2026","rel":"","context":"In &quot;Not\u00edcias de Ribeir\u00e3o Preto-SP e Regi\u00e3o&quot;","block_context":{"text":"Not\u00edcias de Ribeir\u00e3o Preto-SP e Regi\u00e3o","link":"https:\/\/ismaelcolosi.com.br\/index.php\/category\/noticias-de-ribeirao-preto-sp-e-regiao-ismael-colosi\/"},"img":{"alt_text":"","src":"https:\/\/i0.wp.com\/ismaelcolosi.com.br\/wp-content\/uploads\/2024\/10\/Copia-de-Copia-de-Copia-de-TAMANHO-EXATO-PARA-FOTOS-NO-SISTEMA-NOVO-95_2024-10-06_22-19-13_png_2024-10-06_22-19-13.webp.webp?fit=1200%2C675&ssl=1&resize=350%2C200","width":350,"height":200,"srcset":"https:\/\/i0.wp.com\/ismaelcolosi.com.br\/wp-content\/uploads\/2024\/10\/Copia-de-Copia-de-Copia-de-TAMANHO-EXATO-PARA-FOTOS-NO-SISTEMA-NOVO-95_2024-10-06_22-19-13_png_2024-10-06_22-19-13.webp.webp?fit=1200%2C675&ssl=1&resize=350%2C200 1x, https:\/\/i0.wp.com\/ismaelcolosi.com.br\/wp-content\/uploads\/2024\/10\/Copia-de-Copia-de-Copia-de-TAMANHO-EXATO-PARA-FOTOS-NO-SISTEMA-NOVO-95_2024-10-06_22-19-13_png_2024-10-06_22-19-13.webp.webp?fit=1200%2C675&ssl=1&resize=525%2C300 1.5x, https:\/\/i0.wp.com\/ismaelcolosi.com.br\/wp-content\/uploads\/2024\/10\/Copia-de-Copia-de-Copia-de-TAMANHO-EXATO-PARA-FOTOS-NO-SISTEMA-NOVO-95_2024-10-06_22-19-13_png_2024-10-06_22-19-13.webp.webp?fit=1200%2C675&ssl=1&resize=700%2C400 2x, https:\/\/i0.wp.com\/ismaelcolosi.com.br\/wp-content\/uploads\/2024\/10\/Copia-de-Copia-de-Copia-de-TAMANHO-EXATO-PARA-FOTOS-NO-SISTEMA-NOVO-95_2024-10-06_22-19-13_png_2024-10-06_22-19-13.webp.webp?fit=1200%2C675&ssl=1&resize=1050%2C600 3x"},"classes":[]}],"jetpack_sharing_enabled":true,"jetpack_shortlink":"https:\/\/wp.me\/pfMlyK-gAL","_links":{"self":[{"href":"https:\/\/ismaelcolosi.com.br\/index.php\/wp-json\/wp\/v2\/posts\/63783","targetHints":{"allow":["GET"]}}],"collection":[{"href":"https:\/\/ismaelcolosi.com.br\/index.php\/wp-json\/wp\/v2\/posts"}],"about":[{"href":"https:\/\/ismaelcolosi.com.br\/index.php\/wp-json\/wp\/v2\/types\/post"}],"author":[{"embeddable":true,"href":"https:\/\/ismaelcolosi.com.br\/index.php\/wp-json\/wp\/v2\/users\/1"}],"replies":[{"embeddable":true,"href":"https:\/\/ismaelcolosi.com.br\/index.php\/wp-json\/wp\/v2\/comments?post=63783"}],"version-history":[{"count":0,"href":"https:\/\/ismaelcolosi.com.br\/index.php\/wp-json\/wp\/v2\/posts\/63783\/revisions"}],"wp:featuredmedia":[{"embeddable":true,"href":"https:\/\/ismaelcolosi.com.br\/index.php\/wp-json\/wp\/v2\/media\/63784"}],"wp:attachment":[{"href":"https:\/\/ismaelcolosi.com.br\/index.php\/wp-json\/wp\/v2\/media?parent=63783"}],"wp:term":[{"taxonomy":"category","embeddable":true,"href":"https:\/\/ismaelcolosi.com.br\/index.php\/wp-json\/wp\/v2\/categories?post=63783"},{"taxonomy":"post_tag","embeddable":true,"href":"https:\/\/ismaelcolosi.com.br\/index.php\/wp-json\/wp\/v2\/tags?post=63783"}],"curies":[{"name":"wp","href":"https:\/\/api.w.org\/{rel}","templated":true}]}}