{"id":63776,"date":"2024-09-03T21:28:10","date_gmt":"2024-09-04T00:28:10","guid":{"rendered":"https:\/\/ismaelcolosi.com.br\/index.php\/2024\/09\/03\/fabio-jr-traz-turne-especial-para-ribeirao-preto\/"},"modified":"2024-09-03T21:28:10","modified_gmt":"2024-09-04T00:28:10","slug":"fabio-jr-traz-turne-especial-para-ribeirao-preto","status":"publish","type":"post","link":"https:\/\/ismaelcolosi.com.br\/index.php\/2024\/09\/03\/fabio-jr-traz-turne-especial-para-ribeirao-preto\/","title":{"rendered":"F\u00e1bio Jr. traz turn\u00ea especial para Ribeir\u00e3o Preto"},"content":{"rendered":"<p> <br \/>\n<\/p>\n<div>\n<p>O cantor <strong>F\u00e1bio Jr.<\/strong> se apresenta em <strong>Ribeir\u00e3o Preto<\/strong> no dia 14 de setembro, \u00e0s 19h, no centro de eventos <strong>Multiplan Hall<\/strong>, localizado na zona Sul do munic\u00edpio, com a turn\u00ea \u201c<strong>Bem Mais os Meus 20 e Poucos Anos<\/strong>\u201d.<\/p>\n<p>Os ingressos para o <strong>setor Mesa Vip A <\/strong>ainda est\u00e3o dispon\u00edveis e podem ser adquiridos de <strong>forma on-line (<a href=\"https:\/\/www.ticketmaster.com.br\/event\/fabiojr-ribeirao-preto\" target=\"_blank\" rel=\"noreferrer noopener\">clique aqui<\/a>)<\/strong>. <mark style=\"background-color:#fcb900\" class=\"has-inline-color\">Os valores s\u00e3o R$ 343,85 (meia entrada) e R$ 687,70 (inteira).<\/mark><\/p>\n<p>O show da turn\u00ea \u201c<strong>Bem Mais os Meus 20 e Poucos Anos<\/strong>\u201d ser\u00e1 dividido em blocos, cada um com um tema espec\u00edfico da carreira do artista.<\/p>\n<p>Conforme a organiza\u00e7\u00e3o, quem assistir ao show \u201cter\u00e1 uma experi\u00eancia impactante, ir\u00e1 se emocionar e eternizar esse momento\u201d.<\/p>\n<h3 class=\"wp-block-heading\"><strong>Como ser\u00e3o divididos os blocos?<\/strong><\/h3>\n<p>O <strong>primeiro bloco<\/strong> apresenta trechos de shows e contextualiza o in\u00edcio de F\u00e1bio Jr. O <strong>segundo <\/strong>ser\u00e1 um registro biogr\u00e1fico com imagens de acervo, discos de platina e cenas de novelas.<\/p>\n<p>J\u00e1 o<strong> terceiro bloco<\/strong> vai abordar a intimidade do artista, com material in\u00e9dito. Por fim, o <strong>\u00faltimo bloco<\/strong> ser\u00e1 direcionado aos hits do cantor.<\/p>\n<p><strong>Servi\u00e7o<\/strong><\/p>\n<p><em>F\u00e1bio Jr. Em Ribeir\u00e3o Preto<\/em><\/p>\n<p>Quando: 14 de setembro de 2024<\/p>\n<p>Abertura da casa: 19h00<\/p>\n<p>Hor\u00e1rio do Show: 21h00<\/p>\n<p>Local: Multiplan Hall \u2013 avenida Cel. Fernando Ferreira Leite, 1540 \u2013 Jardim Nova Alian\u00e7a, Ribeir\u00e3o Preto<\/p>\n<p>Ingressos: dispon\u00edvel apenas o setor Mesa Vip A \u2013 <a href=\"https:\/\/www.ticketmaster.com.br\/event\/fabiojr-ribeirao-preto\" target=\"_blank\" rel=\"noreferrer noopener\">clique aqui para adquirir<\/a><\/p>\n<p>Classifica\u00e7\u00e3o: 18 anos<\/p>\n<hr class=\"wp-block-separator has-alpha-channel-opacity\"\/>\n<p>SAIBA MAIS<\/p>\n<p>20\u00aa edi\u00e7\u00e3o do Festival de Teatro TPC em Ribeir\u00e3o Preto come\u00e7a hoje<\/p>\n<h4 class=\"wp-block-heading\"><strong>FIQUE ON<\/strong><\/h4>\n<p>Fique ligado em tudo que acontece em Ribeir\u00e3o Preto e regi\u00e3o. Siga os perfis do\u00a0<strong>acidade on\u00a0<\/strong>no\u00a0<a href=\"https:\/\/www.instagram.com\/acidadeonribeirao\" target=\"_blank\" rel=\"noreferrer noopener\">Instagram<\/a>\u00a0e no\u00a0<a href=\"https:\/\/www.facebook.com\/acidadeonribeirao\" target=\"_blank\" rel=\"noreferrer noopener\">Facebook<\/a>.<\/p>\n<p>Receba not\u00edcias do acidade on no WhatsApp. Para entrar no grupo, basta\u00a0<a href=\"https:\/\/chat.whatsapp.com\/Dtv9mxhy6V5BJBotM2OQ5k\" target=\"_blank\" rel=\"noreferrer noopener\">clicar aqui<\/a>.<\/p>\n<p>Fa\u00e7a uma den\u00fancia ou sugira uma reportagem sobre Ribeir\u00e3o Preto e regi\u00e3o pelo WhatsApp: 16 99117 7802.<\/p>\n<p>VEJA TAMB\u00c9M<\/p>\n<p>Por que Scheila Carvalho removeu o preenchimento facial?<\/p>\n<p><!-- CONTENT END 1 -->\n<\/div>\n<p><script async src=\"\/\/www.instagram.com\/embed.js\"><\/script><br \/>\n<br \/><br \/>\n<br \/><a href=\"https:\/\/www.acidadeon.com\/ribeiraopreto\/lazer-e-cultura\/fabio-jr-traz-turne-especial-para-ribeirao-preto\/\">Source link <\/a><\/p>\n","protected":false},"excerpt":{"rendered":"<p>O cantor F\u00e1bio Jr. se apresenta em Ribeir\u00e3o Preto no dia 14 de setembro, \u00e0s 19h, no centro de eventos Multiplan Hall, localizado na zona&#8230;<\/p>\n","protected":false},"author":1,"featured_media":63777,"comment_status":"open","ping_status":"open","sticky":false,"template":"","format":"standard","meta":{"_uag_custom_page_level_css":"","advanced_seo_description":"","jetpack_seo_html_title":"","jetpack_seo_noindex":false,"jetpack_post_was_ever_published":false,"_jetpack_newsletter_access":"","_jetpack_dont_email_post_to_subs":false,"_jetpack_newsletter_tier_id":0,"_jetpack_memberships_contains_paywalled_content":false,"_jetpack_memberships_contains_paid_content":false,"footnotes":"","jetpack_publicize_message":"","jetpack_publicize_feature_enabled":true,"jetpack_social_post_already_shared":true,"jetpack_social_options":{"image_generator_settings":{"template":"highway","default_image_id":0,"font":"","enabled":false},"version":2}},"categories":[11],"tags":[],"class_list":["post-63776","post","type-post","status-publish","format-standard","has-post-thumbnail","hentry","category-noticias-de-ribeirao-preto-sp-e-regiao-ismael-colosi"],"jetpack_publicize_connections":[],"jetpack_featured_media_url":"https:\/\/i0.wp.com\/ismaelcolosi.com.br\/wp-content\/uploads\/2024\/09\/375280399_847289933428165_4039462473179689598_n_2024-09-04_00-15-55_jpg_2024-09-04_00-15-55.webp.webp?fit=1280%2C852&ssl=1","uagb_featured_image_src":{"full":["https:\/\/i0.wp.com\/ismaelcolosi.com.br\/wp-content\/uploads\/2024\/09\/375280399_847289933428165_4039462473179689598_n_2024-09-04_00-15-55_jpg_2024-09-04_00-15-55.webp.webp?fit=1280%2C852&ssl=1",1280,852,false],"thumbnail":["https:\/\/i0.wp.com\/ismaelcolosi.com.br\/wp-content\/uploads\/2024\/09\/375280399_847289933428165_4039462473179689598_n_2024-09-04_00-15-55_jpg_2024-09-04_00-15-55.webp.webp?resize=150%2C150&ssl=1",150,150,true],"medium":["https:\/\/i0.wp.com\/ismaelcolosi.com.br\/wp-content\/uploads\/2024\/09\/375280399_847289933428165_4039462473179689598_n_2024-09-04_00-15-55_jpg_2024-09-04_00-15-55.webp.webp?fit=300%2C200&ssl=1",300,200,true],"medium_large":["https:\/\/i0.wp.com\/ismaelcolosi.com.br\/wp-content\/uploads\/2024\/09\/375280399_847289933428165_4039462473179689598_n_2024-09-04_00-15-55_jpg_2024-09-04_00-15-55.webp.webp?fit=768%2C511&ssl=1",768,511,true],"large":["https:\/\/i0.wp.com\/ismaelcolosi.com.br\/wp-content\/uploads\/2024\/09\/375280399_847289933428165_4039462473179689598_n_2024-09-04_00-15-55_jpg_2024-09-04_00-15-55.webp.webp?fit=1024%2C682&ssl=1",1024,682,true],"1536x1536":["https:\/\/i0.wp.com\/ismaelcolosi.com.br\/wp-content\/uploads\/2024\/09\/375280399_847289933428165_4039462473179689598_n_2024-09-04_00-15-55_jpg_2024-09-04_00-15-55.webp.webp?fit=1280%2C852&ssl=1",1280,852,true],"2048x2048":["https:\/\/i0.wp.com\/ismaelcolosi.com.br\/wp-content\/uploads\/2024\/09\/375280399_847289933428165_4039462473179689598_n_2024-09-04_00-15-55_jpg_2024-09-04_00-15-55.webp.webp?fit=1280%2C852&ssl=1",1280,852,true],"really-simple-thumb":["https:\/\/i0.wp.com\/ismaelcolosi.com.br\/wp-content\/uploads\/2024\/09\/375280399_847289933428165_4039462473179689598_n_2024-09-04_00-15-55_jpg_2024-09-04_00-15-55.webp.webp?resize=370%2C247&ssl=1",370,247,true]},"uagb_author_info":{"display_name":"ismaelcolosi.com.br","author_link":"https:\/\/ismaelcolosi.com.br\/index.php\/author\/vidareal-online\/"},"uagb_comment_info":0,"uagb_excerpt":"O cantor F\u00e1bio Jr. se apresenta em Ribeir\u00e3o Preto no dia 14 de setembro, \u00e0s 19h, no centro de eventos Multiplan Hall, localizado na zona...","jetpack-related-posts":[{"id":54198,"url":"https:\/\/ismaelcolosi.com.br\/index.php\/2024\/06\/22\/sepultura-zeca-pagodinho-henrique-e-juliano-veja-shows-confirmados-para-o-2o-semestre-em-ribeirao-preto\/","url_meta":{"origin":63776,"position":0},"title":"Sepultura, Zeca Pagodinho, Henrique e Juliano: Veja shows confirmados para o 2\u00ba semestre em Ribeir\u00e3o Preto","author":"ismaelcolosi.com.br","date":"22 de June de 2024","format":false,"excerpt":"Ribeir\u00e3o Preto t\u00eam 18 shows confirmados, at\u00e9 o momento, para o 2\u00ba semestre de 2024. Entre as atra\u00e7\u00f5es, est\u00e3o Sepultura, Zeca Pagodinho, Henrique e Juliano e Natiruts. Julho Dado Villa Lobos e Marcelo Bonfa No dia 5 de julho, o Multiplan Hall, do Ribeir\u00e3oShopping recebe o a turn\u00ea \u201cAs V\u2026","rel":"","context":"In &quot;Not\u00edcias de Ribeir\u00e3o Preto-SP e Regi\u00e3o&quot;","block_context":{"text":"Not\u00edcias de Ribeir\u00e3o Preto-SP e Regi\u00e3o","link":"https:\/\/ismaelcolosi.com.br\/index.php\/category\/noticias-de-ribeirao-preto-sp-e-regiao-ismael-colosi\/"},"img":{"alt_text":"","src":"https:\/\/i0.wp.com\/ismaelcolosi.com.br\/wp-content\/uploads\/2024\/06\/Copia-de-Copia-de-TAMANHO-EXATO-PARA-FOTOS-NO-SISTEMA-NOVO-17_2024-06-22_16-03-43_jpg_2024-06-22_16-03-43.webp.webp?fit=1200%2C675&ssl=1&resize=350%2C200","width":350,"height":200,"srcset":"https:\/\/i0.wp.com\/ismaelcolosi.com.br\/wp-content\/uploads\/2024\/06\/Copia-de-Copia-de-TAMANHO-EXATO-PARA-FOTOS-NO-SISTEMA-NOVO-17_2024-06-22_16-03-43_jpg_2024-06-22_16-03-43.webp.webp?fit=1200%2C675&ssl=1&resize=350%2C200 1x, https:\/\/i0.wp.com\/ismaelcolosi.com.br\/wp-content\/uploads\/2024\/06\/Copia-de-Copia-de-TAMANHO-EXATO-PARA-FOTOS-NO-SISTEMA-NOVO-17_2024-06-22_16-03-43_jpg_2024-06-22_16-03-43.webp.webp?fit=1200%2C675&ssl=1&resize=525%2C300 1.5x, https:\/\/i0.wp.com\/ismaelcolosi.com.br\/wp-content\/uploads\/2024\/06\/Copia-de-Copia-de-TAMANHO-EXATO-PARA-FOTOS-NO-SISTEMA-NOVO-17_2024-06-22_16-03-43_jpg_2024-06-22_16-03-43.webp.webp?fit=1200%2C675&ssl=1&resize=700%2C400 2x, https:\/\/i0.wp.com\/ismaelcolosi.com.br\/wp-content\/uploads\/2024\/06\/Copia-de-Copia-de-TAMANHO-EXATO-PARA-FOTOS-NO-SISTEMA-NOVO-17_2024-06-22_16-03-43_jpg_2024-06-22_16-03-43.webp.webp?fit=1200%2C675&ssl=1&resize=1050%2C600 3x"},"classes":[]},{"id":65720,"url":"https:\/\/ismaelcolosi.com.br\/index.php\/2024\/09\/13\/rp-folia-festival-de-cerveja-e-shows-de-comedia-veja-a-programacao-do-fim-de-semana-em-ribeirao\/","url_meta":{"origin":63776,"position":1},"title":"RP Folia, festival de cerveja e shows de com\u00e9dia: Veja a programa\u00e7\u00e3o do fim de semana em Ribeir\u00e3o","author":"ismaelcolosi.com.br","date":"13 de September de 2024","format":false,"excerpt":"Para quem n\u00e3o gosta de ficar parado no fim de semana, Ribeir\u00e3o Preto conta com uma programa\u00e7\u00e3o agitada. Entre os destaques est\u00e3o A micareta fora de \u00e9poca com RP Folia, show de F\u00e1bio Jr, a primeira edi\u00e7\u00e3o do festival de rock Tribos Rock Fest, festival de cerveja e shows de\u2026","rel":"","context":"In &quot;Not\u00edcias de Ribeir\u00e3o Preto-SP e Regi\u00e3o&quot;","block_context":{"text":"Not\u00edcias de Ribeir\u00e3o Preto-SP e Regi\u00e3o","link":"https:\/\/ismaelcolosi.com.br\/index.php\/category\/noticias-de-ribeirao-preto-sp-e-regiao-ismael-colosi\/"},"img":{"alt_text":"","src":"https:\/\/i0.wp.com\/ismaelcolosi.com.br\/wp-content\/uploads\/2024\/09\/bell-marques_2024-09-13_15-25-54_jpg_2024-09-13_15-25-54.webp.webp?fit=1200%2C874&ssl=1&resize=350%2C200","width":350,"height":200,"srcset":"https:\/\/i0.wp.com\/ismaelcolosi.com.br\/wp-content\/uploads\/2024\/09\/bell-marques_2024-09-13_15-25-54_jpg_2024-09-13_15-25-54.webp.webp?fit=1200%2C874&ssl=1&resize=350%2C200 1x, https:\/\/i0.wp.com\/ismaelcolosi.com.br\/wp-content\/uploads\/2024\/09\/bell-marques_2024-09-13_15-25-54_jpg_2024-09-13_15-25-54.webp.webp?fit=1200%2C874&ssl=1&resize=525%2C300 1.5x, https:\/\/i0.wp.com\/ismaelcolosi.com.br\/wp-content\/uploads\/2024\/09\/bell-marques_2024-09-13_15-25-54_jpg_2024-09-13_15-25-54.webp.webp?fit=1200%2C874&ssl=1&resize=700%2C400 2x, https:\/\/i0.wp.com\/ismaelcolosi.com.br\/wp-content\/uploads\/2024\/09\/bell-marques_2024-09-13_15-25-54_jpg_2024-09-13_15-25-54.webp.webp?fit=1200%2C874&ssl=1&resize=1050%2C600 3x"},"classes":[]},{"id":4819,"url":"https:\/\/ismaelcolosi.com.br\/index.php\/2023\/11\/22\/sandy-faz-show-em-ribeirao-preto-nesta-sexta-restam-poucos-ingressos\/","url_meta":{"origin":63776,"position":2},"title":"Sandy faz show em Ribeir\u00e3o Preto nesta sexta; Restam poucos ingressos","author":"ismaelcolosi.com.br","date":"22 de November de 2023","format":false,"excerpt":"A cantora e compositora Sandy Leah vem a Ribeir\u00e3o Preto com a \u2018Turn\u00ea Sandy 2023\u2019, a partir das 19h, no Centro de Eventos do Ribeir\u00e3o Shopping, zona Sul de Ribeir\u00e3o Preto. H\u00e1 poucos ingressos dispon\u00edveis.\u00a0 As can\u00e7\u00f5es \u2018Me Espera\u2019, \u2018Aquela dos 30\u2019, \u2018P\u00e9s Cansados\u2019 fazem parte da carreira da cantora\u2026","rel":"","context":"In &quot;Not\u00edcias de Ribeir\u00e3o Preto-SP e Regi\u00e3o&quot;","block_context":{"text":"Not\u00edcias de Ribeir\u00e3o Preto-SP e Regi\u00e3o","link":"https:\/\/ismaelcolosi.com.br\/index.php\/category\/noticias-de-ribeirao-preto-sp-e-regiao-ismael-colosi\/"},"img":{"alt_text":"","src":"https:\/\/i0.wp.com\/ismaelcolosi.com.br\/wp-content\/uploads\/2023\/11\/WhatsApp-Image-2023-11-22-at-11.10.35.jpeg?fit=1080%2C804&ssl=1&resize=350%2C200","width":350,"height":200,"srcset":"https:\/\/i0.wp.com\/ismaelcolosi.com.br\/wp-content\/uploads\/2023\/11\/WhatsApp-Image-2023-11-22-at-11.10.35.jpeg?fit=1080%2C804&ssl=1&resize=350%2C200 1x, https:\/\/i0.wp.com\/ismaelcolosi.com.br\/wp-content\/uploads\/2023\/11\/WhatsApp-Image-2023-11-22-at-11.10.35.jpeg?fit=1080%2C804&ssl=1&resize=525%2C300 1.5x, https:\/\/i0.wp.com\/ismaelcolosi.com.br\/wp-content\/uploads\/2023\/11\/WhatsApp-Image-2023-11-22-at-11.10.35.jpeg?fit=1080%2C804&ssl=1&resize=700%2C400 2x, https:\/\/i0.wp.com\/ismaelcolosi.com.br\/wp-content\/uploads\/2023\/11\/WhatsApp-Image-2023-11-22-at-11.10.35.jpeg?fit=1080%2C804&ssl=1&resize=1050%2C600 3x"},"classes":[]},{"id":56289,"url":"https:\/\/ismaelcolosi.com.br\/index.php\/2024\/07\/10\/sepultura-se-apresenta-em-ribeirao-preto-com-turne-de-despedida-ainda-ha-ingressos\/","url_meta":{"origin":63776,"position":3},"title":"Sepultura se apresenta em Ribeir\u00e3o Preto com turn\u00ea de despedida; Ainda h\u00e1 ingressos","author":"ismaelcolosi.com.br","date":"10 de July de 2024","format":false,"excerpt":"Os ingressos para a turn\u00ea Celebrating Life Through Death, que marca o encerramento da banda Sepultura, ainda est\u00e3o dispon\u00edveis \u2013 veja abaixo. Em Ribeir\u00e3o Preto, a apresenta\u00e7\u00e3o acontece no dia 24 de agosto, \u00e0s 22h, no Alcans Halls (antigo Centro de Eventos Quinta Linda), localizado na rodovia Anhanguera (SP-330). Com\u2026","rel":"","context":"In &quot;Not\u00edcias de Ribeir\u00e3o Preto-SP e Regi\u00e3o&quot;","block_context":{"text":"Not\u00edcias de Ribeir\u00e3o Preto-SP e Regi\u00e3o","link":"https:\/\/ismaelcolosi.com.br\/index.php\/category\/noticias-de-ribeirao-preto-sp-e-regiao-ismael-colosi\/"},"img":{"alt_text":"","src":"https:\/\/i0.wp.com\/ismaelcolosi.com.br\/wp-content\/uploads\/2024\/05\/Copia-de-Copia-de-TAMANHO-EXATO-PARA-FOTOS-NO-SISTEMA-NOVO-48_2024-05-22_20-00-41_png_2024-05-22_20-00-41.webp.webp?fit=1200%2C675&ssl=1&resize=350%2C200","width":350,"height":200,"srcset":"https:\/\/i0.wp.com\/ismaelcolosi.com.br\/wp-content\/uploads\/2024\/05\/Copia-de-Copia-de-TAMANHO-EXATO-PARA-FOTOS-NO-SISTEMA-NOVO-48_2024-05-22_20-00-41_png_2024-05-22_20-00-41.webp.webp?fit=1200%2C675&ssl=1&resize=350%2C200 1x, https:\/\/i0.wp.com\/ismaelcolosi.com.br\/wp-content\/uploads\/2024\/05\/Copia-de-Copia-de-TAMANHO-EXATO-PARA-FOTOS-NO-SISTEMA-NOVO-48_2024-05-22_20-00-41_png_2024-05-22_20-00-41.webp.webp?fit=1200%2C675&ssl=1&resize=525%2C300 1.5x, https:\/\/i0.wp.com\/ismaelcolosi.com.br\/wp-content\/uploads\/2024\/05\/Copia-de-Copia-de-TAMANHO-EXATO-PARA-FOTOS-NO-SISTEMA-NOVO-48_2024-05-22_20-00-41_png_2024-05-22_20-00-41.webp.webp?fit=1200%2C675&ssl=1&resize=700%2C400 2x, https:\/\/i0.wp.com\/ismaelcolosi.com.br\/wp-content\/uploads\/2024\/05\/Copia-de-Copia-de-TAMANHO-EXATO-PARA-FOTOS-NO-SISTEMA-NOVO-48_2024-05-22_20-00-41_png_2024-05-22_20-00-41.webp.webp?fit=1200%2C675&ssl=1&resize=1050%2C600 3x"},"classes":[]},{"id":76491,"url":"https:\/\/ismaelcolosi.com.br\/index.php\/2024\/11\/13\/capital-inicial-anuncia-show-da-turne-acustico-25-anos-em-rp\/","url_meta":{"origin":63776,"position":4},"title":"Capital Inicial anuncia show da turn\u00ea Ac\u00fastico 25 Anos em RP","author":"ismaelcolosi.com.br","date":"13 de November de 2024","format":false,"excerpt":"A banda Capital Inicial confirmou o show da turn\u00ea \u201cAc\u00fastico 25 Anos\u201d, em Ribeir\u00e3o Preto em 2025. A apresenta\u00e7\u00e3o ser\u00e1 na Arena Nicnet, no dia 22 de mar\u00e7o. Os ingressos, com valores a partir de R$ 150,00, j\u00e1 est\u00e3o \u00e0 venda pelo site Guich\u00ea Web (clicando aqui). S\u00e3o tr\u00eas op\u00e7\u00f5es\u2026","rel":"","context":"In &quot;Not\u00edcias de Ribeir\u00e3o Preto-SP e Regi\u00e3o&quot;","block_context":{"text":"Not\u00edcias de Ribeir\u00e3o Preto-SP e Regi\u00e3o","link":"https:\/\/ismaelcolosi.com.br\/index.php\/category\/noticias-de-ribeirao-preto-sp-e-regiao-ismael-colosi\/"},"img":{"alt_text":"","src":"https:\/\/i0.wp.com\/ismaelcolosi.com.br\/wp-content\/uploads\/2024\/11\/handler-1.jpg?fit=800%2C476&ssl=1&resize=350%2C200","width":350,"height":200,"srcset":"https:\/\/i0.wp.com\/ismaelcolosi.com.br\/wp-content\/uploads\/2024\/11\/handler-1.jpg?fit=800%2C476&ssl=1&resize=350%2C200 1x, https:\/\/i0.wp.com\/ismaelcolosi.com.br\/wp-content\/uploads\/2024\/11\/handler-1.jpg?fit=800%2C476&ssl=1&resize=525%2C300 1.5x, https:\/\/i0.wp.com\/ismaelcolosi.com.br\/wp-content\/uploads\/2024\/11\/handler-1.jpg?fit=800%2C476&ssl=1&resize=700%2C400 2x"},"classes":[]},{"id":51068,"url":"https:\/\/ismaelcolosi.com.br\/index.php\/2024\/05\/22\/sepultura-traz-para-ribeirao-preto-turne-de-despedida-ingressos-ja-estao-disponiveis\/","url_meta":{"origin":63776,"position":5},"title":"Sepultura traz para Ribeir\u00e3o Preto turn\u00ea de despedida; Ingressos j\u00e1 est\u00e3o dispon\u00edveis","author":"ismaelcolosi.com.br","date":"22 de May de 2024","format":false,"excerpt":"A banda Sepultura anunciou que vai trazer para Ribeir\u00e3o Preto, no dia 24 de agosto, sua turn\u00ea de despedida Celebrating Life Through Death. A apresenta\u00e7\u00e3o vai acontecer no Alcans Halls (antigo Centro de Eventos Quinta Linda), localizado na rodovia Anhanguera (SP-330). Os ingressos j\u00e1 est\u00e3o dispon\u00edveis \u2013 veja abaixo. Ap\u00f3s\u2026","rel":"","context":"In &quot;Not\u00edcias de Ribeir\u00e3o Preto-SP e Regi\u00e3o&quot;","block_context":{"text":"Not\u00edcias de Ribeir\u00e3o Preto-SP e Regi\u00e3o","link":"https:\/\/ismaelcolosi.com.br\/index.php\/category\/noticias-de-ribeirao-preto-sp-e-regiao-ismael-colosi\/"},"img":{"alt_text":"","src":"https:\/\/i0.wp.com\/ismaelcolosi.com.br\/wp-content\/uploads\/2024\/05\/Copia-de-Copia-de-TAMANHO-EXATO-PARA-FOTOS-NO-SISTEMA-NOVO-48_2024-05-22_20-00-41_png_2024-05-22_20-00-41.webp.webp?fit=1200%2C675&ssl=1&resize=350%2C200","width":350,"height":200,"srcset":"https:\/\/i0.wp.com\/ismaelcolosi.com.br\/wp-content\/uploads\/2024\/05\/Copia-de-Copia-de-TAMANHO-EXATO-PARA-FOTOS-NO-SISTEMA-NOVO-48_2024-05-22_20-00-41_png_2024-05-22_20-00-41.webp.webp?fit=1200%2C675&ssl=1&resize=350%2C200 1x, https:\/\/i0.wp.com\/ismaelcolosi.com.br\/wp-content\/uploads\/2024\/05\/Copia-de-Copia-de-TAMANHO-EXATO-PARA-FOTOS-NO-SISTEMA-NOVO-48_2024-05-22_20-00-41_png_2024-05-22_20-00-41.webp.webp?fit=1200%2C675&ssl=1&resize=525%2C300 1.5x, https:\/\/i0.wp.com\/ismaelcolosi.com.br\/wp-content\/uploads\/2024\/05\/Copia-de-Copia-de-TAMANHO-EXATO-PARA-FOTOS-NO-SISTEMA-NOVO-48_2024-05-22_20-00-41_png_2024-05-22_20-00-41.webp.webp?fit=1200%2C675&ssl=1&resize=700%2C400 2x, https:\/\/i0.wp.com\/ismaelcolosi.com.br\/wp-content\/uploads\/2024\/05\/Copia-de-Copia-de-TAMANHO-EXATO-PARA-FOTOS-NO-SISTEMA-NOVO-48_2024-05-22_20-00-41_png_2024-05-22_20-00-41.webp.webp?fit=1200%2C675&ssl=1&resize=1050%2C600 3x"},"classes":[]}],"jetpack_sharing_enabled":true,"jetpack_shortlink":"https:\/\/wp.me\/pfMlyK-gAE","_links":{"self":[{"href":"https:\/\/ismaelcolosi.com.br\/index.php\/wp-json\/wp\/v2\/posts\/63776","targetHints":{"allow":["GET"]}}],"collection":[{"href":"https:\/\/ismaelcolosi.com.br\/index.php\/wp-json\/wp\/v2\/posts"}],"about":[{"href":"https:\/\/ismaelcolosi.com.br\/index.php\/wp-json\/wp\/v2\/types\/post"}],"author":[{"embeddable":true,"href":"https:\/\/ismaelcolosi.com.br\/index.php\/wp-json\/wp\/v2\/users\/1"}],"replies":[{"embeddable":true,"href":"https:\/\/ismaelcolosi.com.br\/index.php\/wp-json\/wp\/v2\/comments?post=63776"}],"version-history":[{"count":0,"href":"https:\/\/ismaelcolosi.com.br\/index.php\/wp-json\/wp\/v2\/posts\/63776\/revisions"}],"wp:featuredmedia":[{"embeddable":true,"href":"https:\/\/ismaelcolosi.com.br\/index.php\/wp-json\/wp\/v2\/media\/63777"}],"wp:attachment":[{"href":"https:\/\/ismaelcolosi.com.br\/index.php\/wp-json\/wp\/v2\/media?parent=63776"}],"wp:term":[{"taxonomy":"category","embeddable":true,"href":"https:\/\/ismaelcolosi.com.br\/index.php\/wp-json\/wp\/v2\/categories?post=63776"},{"taxonomy":"post_tag","embeddable":true,"href":"https:\/\/ismaelcolosi.com.br\/index.php\/wp-json\/wp\/v2\/tags?post=63776"}],"curies":[{"name":"wp","href":"https:\/\/api.w.org\/{rel}","templated":true}]}}