{"id":63769,"date":"2024-09-03T20:25:35","date_gmt":"2024-09-03T23:25:35","guid":{"rendered":"https:\/\/ismaelcolosi.com.br\/index.php\/2024\/09\/03\/onibus-caminhao-e-motocicleta-se-envolvem-em-acidente-na-regiao-de-ribeirao\/"},"modified":"2024-09-03T20:25:35","modified_gmt":"2024-09-03T23:25:35","slug":"onibus-caminhao-e-motocicleta-se-envolvem-em-acidente-na-regiao-de-ribeirao","status":"publish","type":"post","link":"https:\/\/ismaelcolosi.com.br\/index.php\/2024\/09\/03\/onibus-caminhao-e-motocicleta-se-envolvem-em-acidente-na-regiao-de-ribeirao\/","title":{"rendered":"\u00d4nibus, caminh\u00e3o e motocicleta se envolvem em acidente na regi\u00e3o de Ribeir\u00e3o"},"content":{"rendered":"<p> <br \/>\n<\/p>\n<div data-td-block-uid=\"tdi_106\">\n<div class=\"tdb-block-inner td-fix-index\">\n<p>Um acidente envolvendo um <strong>\u00f4nibus<\/strong>, um <strong>caminh\u00e3o <\/strong>e uma <strong>motocicleta<\/strong> foi registrado no final da tarde desta ter\u00e7a-feira (3), <strong>rodovia Abr\u00e3o Assed (SP-333)<\/strong>, em <strong>Serrana<\/strong>, cidade na regi\u00e3o de <strong>Ribeir\u00e3o Preto<\/strong>.<\/p>\n<p>Conforme apura\u00e7\u00e3o da <strong><em>EPTV<\/em><\/strong>, o motociclista foi <strong>socorrido em estado grave para UPA de Serrana<\/strong>, por\u00e9m, est\u00e1 sendo transferido para o <strong>Hospital das Cl\u00ednicas Unidade de Emerg\u00eancia (HC-EU) de Ribeir\u00e3o Preto<\/strong>. <strong><mark style=\"background-color:#fcb900\" class=\"has-inline-color\">Ainda n\u00e3o se sabe quais foram as causas do acidente<\/mark><\/strong>.<\/p>\n<p>De acordo com o<strong> Departamento de Estradas de Rodagem (DER)<\/strong>, foi necess\u00e1rio realizar a interdi\u00e7\u00e3o no sentido Leste da rodovia e <strong>houve registro de congestionamento<\/strong> de cerca de 3 quil\u00f4metros.<\/p>\n<p>Um guincho e um ve\u00edculo de inspe\u00e7\u00e3o foram enviados ao local para prestar assist\u00eancia.<\/p>\n<hr class=\"wp-block-separator has-alpha-channel-opacity\"\/>\n<p>SAIBA MAIS<\/p>\n<p>Como funciona o ped\u00e1gio free flow? Sistema come\u00e7a a operar no interior de SP<\/p>\n<h4 class=\"wp-block-heading\"><strong>FIQUE ON<\/strong><\/h4>\n<p>Fique ligado em tudo que acontece em Ribeir\u00e3o Preto e regi\u00e3o. Siga os perfis do<strong>\u00a0acidade on<\/strong>\u00a0no\u00a0<a href=\"https:\/\/www.instagram.com\/acidadeonribeirao\" target=\"_blank\" rel=\"noreferrer noopener\">Instagram<\/a>\u00a0e no<a href=\"https:\/\/www.facebook.com\/acidadeonribeirao\/\" target=\"_blank\" rel=\"noreferrer noopener\">\u00a0Facebook<\/a>.<\/p>\n<p>Receba not\u00edcias do<strong>\u00a0acidade on\u00a0<\/strong>no WhatsApp.\u00a0<a href=\"https:\/\/chat.whatsapp.com\/Dtv9mxhy6V5BJBotM2OQ5k\" target=\"_blank\" rel=\"noreferrer noopener\">Para entrar no grupo, basta clicar aqui<\/a>.<\/p>\n<p>Fa\u00e7a uma den\u00fancia ou sugira uma reportagem sobre Ribeir\u00e3o Preto e regi\u00e3o pelo WhatsApp: 16 99117 7802.<\/p>\n<p>VEJA TAMB\u00c9M<\/p>\n<p>Como funciona o \u2018Golpe do Amor\u2019?<\/p>\n<p><!-- CONTENT END 1 -->\n<\/div>\n<\/div>\n<p><script async src=\"\/\/www.instagram.com\/embed.js\"><\/script><br \/>\n<br \/><br \/>\n<br \/><a href=\"https:\/\/www.acidadeon.com\/ribeiraopreto\/cotidiano\/onibus-caminhao-e-motocicleta-se-envolvem-em-acidente-na-regiao-de-ribeirao\/\">Source link <\/a><\/p>\n","protected":false},"excerpt":{"rendered":"<p>Um acidente envolvendo um \u00f4nibus, um caminh\u00e3o e uma motocicleta foi registrado no final da tarde desta ter\u00e7a-feira (3), rodovia Abr\u00e3o Assed (SP-333), em Serrana,&#8230;<\/p>\n","protected":false},"author":1,"featured_media":63770,"comment_status":"open","ping_status":"open","sticky":false,"template":"","format":"standard","meta":{"_uag_custom_page_level_css":"","advanced_seo_description":"","jetpack_seo_html_title":"","jetpack_seo_noindex":false,"jetpack_post_was_ever_published":false,"_jetpack_newsletter_access":"","_jetpack_dont_email_post_to_subs":false,"_jetpack_newsletter_tier_id":0,"_jetpack_memberships_contains_paywalled_content":false,"_jetpack_memberships_contains_paid_content":false,"footnotes":"","jetpack_publicize_message":"","jetpack_publicize_feature_enabled":true,"jetpack_social_post_already_shared":true,"jetpack_social_options":{"image_generator_settings":{"template":"highway","default_image_id":0,"font":"","enabled":false},"version":2}},"categories":[11],"tags":[],"class_list":["post-63769","post","type-post","status-publish","format-standard","has-post-thumbnail","hentry","category-noticias-de-ribeirao-preto-sp-e-regiao-ismael-colosi"],"jetpack_publicize_connections":[],"jetpack_featured_media_url":"https:\/\/i0.wp.com\/ismaelcolosi.com.br\/wp-content\/uploads\/2024\/09\/Copia-de-Copia-de-Copia-de-TAMANHO-EXATO-PARA-FOTOS-NO-SISTEMA-NOVO-28_2024-09-03_23-06-02_png_2024-09-03_23-06-02.webp.webp?fit=1200%2C675&ssl=1","uagb_featured_image_src":{"full":["https:\/\/i0.wp.com\/ismaelcolosi.com.br\/wp-content\/uploads\/2024\/09\/Copia-de-Copia-de-Copia-de-TAMANHO-EXATO-PARA-FOTOS-NO-SISTEMA-NOVO-28_2024-09-03_23-06-02_png_2024-09-03_23-06-02.webp.webp?fit=1200%2C675&ssl=1",1200,675,false],"thumbnail":["https:\/\/i0.wp.com\/ismaelcolosi.com.br\/wp-content\/uploads\/2024\/09\/Copia-de-Copia-de-Copia-de-TAMANHO-EXATO-PARA-FOTOS-NO-SISTEMA-NOVO-28_2024-09-03_23-06-02_png_2024-09-03_23-06-02.webp.webp?resize=150%2C150&ssl=1",150,150,true],"medium":["https:\/\/i0.wp.com\/ismaelcolosi.com.br\/wp-content\/uploads\/2024\/09\/Copia-de-Copia-de-Copia-de-TAMANHO-EXATO-PARA-FOTOS-NO-SISTEMA-NOVO-28_2024-09-03_23-06-02_png_2024-09-03_23-06-02.webp.webp?fit=300%2C169&ssl=1",300,169,true],"medium_large":["https:\/\/i0.wp.com\/ismaelcolosi.com.br\/wp-content\/uploads\/2024\/09\/Copia-de-Copia-de-Copia-de-TAMANHO-EXATO-PARA-FOTOS-NO-SISTEMA-NOVO-28_2024-09-03_23-06-02_png_2024-09-03_23-06-02.webp.webp?fit=768%2C432&ssl=1",768,432,true],"large":["https:\/\/i0.wp.com\/ismaelcolosi.com.br\/wp-content\/uploads\/2024\/09\/Copia-de-Copia-de-Copia-de-TAMANHO-EXATO-PARA-FOTOS-NO-SISTEMA-NOVO-28_2024-09-03_23-06-02_png_2024-09-03_23-06-02.webp.webp?fit=1024%2C576&ssl=1",1024,576,true],"1536x1536":["https:\/\/i0.wp.com\/ismaelcolosi.com.br\/wp-content\/uploads\/2024\/09\/Copia-de-Copia-de-Copia-de-TAMANHO-EXATO-PARA-FOTOS-NO-SISTEMA-NOVO-28_2024-09-03_23-06-02_png_2024-09-03_23-06-02.webp.webp?fit=1200%2C675&ssl=1",1200,675,true],"2048x2048":["https:\/\/i0.wp.com\/ismaelcolosi.com.br\/wp-content\/uploads\/2024\/09\/Copia-de-Copia-de-Copia-de-TAMANHO-EXATO-PARA-FOTOS-NO-SISTEMA-NOVO-28_2024-09-03_23-06-02_png_2024-09-03_23-06-02.webp.webp?fit=1200%2C675&ssl=1",1200,675,true],"really-simple-thumb":["https:\/\/i0.wp.com\/ismaelcolosi.com.br\/wp-content\/uploads\/2024\/09\/Copia-de-Copia-de-Copia-de-TAMANHO-EXATO-PARA-FOTOS-NO-SISTEMA-NOVO-28_2024-09-03_23-06-02_png_2024-09-03_23-06-02.webp.webp?resize=370%2C247&ssl=1",370,247,true]},"uagb_author_info":{"display_name":"ismaelcolosi.com.br","author_link":"https:\/\/ismaelcolosi.com.br\/index.php\/author\/vidareal-online\/"},"uagb_comment_info":0,"uagb_excerpt":"Um acidente envolvendo um \u00f4nibus, um caminh\u00e3o e uma motocicleta foi registrado no final da tarde desta ter\u00e7a-feira (3), rodovia Abr\u00e3o Assed (SP-333), em Serrana,...","jetpack-related-posts":[{"id":66424,"url":"https:\/\/ismaelcolosi.com.br\/index.php\/2024\/09\/17\/motociclista-morre-apos-ser-prensado-entre-onibus-e-caminhao-na-regiao-de-ribeirao\/","url_meta":{"origin":63769,"position":0},"title":"Motociclista morre ap\u00f3s ser prensado entre \u00f4nibus e caminh\u00e3o na regi\u00e3o de Ribeir\u00e3o","author":"ismaelcolosi.com.br","date":"17 de September de 2024","format":false,"excerpt":"Um motociclista de 35 anos morreu nesta ter\u00e7a-feira (17), depois de se envolver em um acidente com um \u00f4nibus e um caminh\u00e3o no \u00faltimo dia 3 de setembro, no km 40 da rodovia Abr\u00e3o Assed (SP-333), entre Serrana e Serra Azul. Segundo o boletim de ocorr\u00eancia (BO), Mario Gerson dos\u2026","rel":"","context":"In &quot;Not\u00edcias de Ribeir\u00e3o Preto-SP e Regi\u00e3o&quot;","block_context":{"text":"Not\u00edcias de Ribeir\u00e3o Preto-SP e Regi\u00e3o","link":"https:\/\/ismaelcolosi.com.br\/index.php\/category\/noticias-de-ribeirao-preto-sp-e-regiao-ismael-colosi\/"},"img":{"alt_text":"","src":"https:\/\/i0.wp.com\/ismaelcolosi.com.br\/wp-content\/uploads\/2024\/09\/Copia-de-Copia-de-Copia-de-TAMANHO-EXATO-PARA-FOTOS-NO-SISTEMA-NOVO-28_2024-09-03_23-06-02_png_2024-09-03_23-06-02.webp.webp?fit=1200%2C675&ssl=1&resize=350%2C200","width":350,"height":200,"srcset":"https:\/\/i0.wp.com\/ismaelcolosi.com.br\/wp-content\/uploads\/2024\/09\/Copia-de-Copia-de-Copia-de-TAMANHO-EXATO-PARA-FOTOS-NO-SISTEMA-NOVO-28_2024-09-03_23-06-02_png_2024-09-03_23-06-02.webp.webp?fit=1200%2C675&ssl=1&resize=350%2C200 1x, https:\/\/i0.wp.com\/ismaelcolosi.com.br\/wp-content\/uploads\/2024\/09\/Copia-de-Copia-de-Copia-de-TAMANHO-EXATO-PARA-FOTOS-NO-SISTEMA-NOVO-28_2024-09-03_23-06-02_png_2024-09-03_23-06-02.webp.webp?fit=1200%2C675&ssl=1&resize=525%2C300 1.5x, https:\/\/i0.wp.com\/ismaelcolosi.com.br\/wp-content\/uploads\/2024\/09\/Copia-de-Copia-de-Copia-de-TAMANHO-EXATO-PARA-FOTOS-NO-SISTEMA-NOVO-28_2024-09-03_23-06-02_png_2024-09-03_23-06-02.webp.webp?fit=1200%2C675&ssl=1&resize=700%2C400 2x, https:\/\/i0.wp.com\/ismaelcolosi.com.br\/wp-content\/uploads\/2024\/09\/Copia-de-Copia-de-Copia-de-TAMANHO-EXATO-PARA-FOTOS-NO-SISTEMA-NOVO-28_2024-09-03_23-06-02_png_2024-09-03_23-06-02.webp.webp?fit=1200%2C675&ssl=1&resize=1050%2C600 3x"},"classes":[]},{"id":20981,"url":"https:\/\/ismaelcolosi.com.br\/index.php\/2023\/12\/26\/acidente-entre-onibus-e-caminhao-mobiliza-os-bombeiros-em-rodovia-da-regiao-de-ribeirao\/","url_meta":{"origin":63769,"position":1},"title":"Acidente entre \u00f4nibus e caminh\u00e3o mobiliza os bombeiros em rodovia da regi\u00e3o de Ribeir\u00e3o","author":"ismaelcolosi.com.br","date":"26 de December de 2023","format":false,"excerpt":"Um acidente, envolvendo um \u00f4nibus e um caminh\u00e3o, na rodovia Deputado Cunha Bueno, em Prad\u00f3polis, mobiliza o Corpo de Bombeiros no in\u00edcio da noite desta ter\u00e7a-feira (26). Segundo as primeiras informa\u00e7\u00f5es, o \u00f4nibus da empresa Petitto transportava pessoas que trabalham em Ribeir\u00e3o Preto. J\u00e1 o caminh\u00e3o estaria carregado de leite.\u2026","rel":"","context":"In &quot;Not\u00edcias de Ribeir\u00e3o Preto-SP e Regi\u00e3o&quot;","block_context":{"text":"Not\u00edcias de Ribeir\u00e3o Preto-SP e Regi\u00e3o","link":"https:\/\/ismaelcolosi.com.br\/index.php\/category\/noticias-de-ribeirao-preto-sp-e-regiao-ismael-colosi\/"},"img":{"alt_text":"","src":"https:\/\/i0.wp.com\/ismaelcolosi.com.br\/wp-content\/uploads\/2023\/12\/WhatsApp-Image-2023-12-26-at-18.11.53-1-scaled.jpeg?fit=1200%2C720&ssl=1&resize=350%2C200","width":350,"height":200,"srcset":"https:\/\/i0.wp.com\/ismaelcolosi.com.br\/wp-content\/uploads\/2023\/12\/WhatsApp-Image-2023-12-26-at-18.11.53-1-scaled.jpeg?fit=1200%2C720&ssl=1&resize=350%2C200 1x, https:\/\/i0.wp.com\/ismaelcolosi.com.br\/wp-content\/uploads\/2023\/12\/WhatsApp-Image-2023-12-26-at-18.11.53-1-scaled.jpeg?fit=1200%2C720&ssl=1&resize=525%2C300 1.5x, https:\/\/i0.wp.com\/ismaelcolosi.com.br\/wp-content\/uploads\/2023\/12\/WhatsApp-Image-2023-12-26-at-18.11.53-1-scaled.jpeg?fit=1200%2C720&ssl=1&resize=700%2C400 2x, https:\/\/i0.wp.com\/ismaelcolosi.com.br\/wp-content\/uploads\/2023\/12\/WhatsApp-Image-2023-12-26-at-18.11.53-1-scaled.jpeg?fit=1200%2C720&ssl=1&resize=1050%2C600 3x"},"classes":[]},{"id":14083,"url":"https:\/\/ismaelcolosi.com.br\/index.php\/2023\/12\/11\/motociclista-morre-apos-acidente-em-rodovia-na-regiao-de-ribeirao\/","url_meta":{"origin":63769,"position":2},"title":"Motociclista morre ap\u00f3s acidente em rodovia na regi\u00e3o de Ribeir\u00e3o","author":"ismaelcolosi.com.br","date":"11 de December de 2023","format":false,"excerpt":"Um homem morreu em um acidente envolvendo uma van e uma motocicleta, na rodovia Deputado Cunha Bueno (SP-253), em Luiz Ant\u00f4nio, cidade na regi\u00e3o de Ribeir\u00e3o Preto, no \u00faltimo s\u00e1bado (9). De acordo com as informa\u00e7\u00f5es do boletim de ocorr\u00eancia (BO), o condutor da motocicleta, de 34 anos, n\u00e3o resistiu\u2026","rel":"","context":"In &quot;Not\u00edcias de Ribeir\u00e3o Preto-SP e Regi\u00e3o&quot;","block_context":{"text":"Not\u00edcias de Ribeir\u00e3o Preto-SP e Regi\u00e3o","link":"https:\/\/ismaelcolosi.com.br\/index.php\/category\/noticias-de-ribeirao-preto-sp-e-regiao-ismael-colosi\/"},"img":{"alt_text":"","src":"https:\/\/i0.wp.com\/ismaelcolosi.com.br\/wp-content\/uploads\/2023\/12\/giroflex_policia_1024x576_23032020103807.jpg?fit=1024%2C576&ssl=1&resize=350%2C200","width":350,"height":200,"srcset":"https:\/\/i0.wp.com\/ismaelcolosi.com.br\/wp-content\/uploads\/2023\/12\/giroflex_policia_1024x576_23032020103807.jpg?fit=1024%2C576&ssl=1&resize=350%2C200 1x, https:\/\/i0.wp.com\/ismaelcolosi.com.br\/wp-content\/uploads\/2023\/12\/giroflex_policia_1024x576_23032020103807.jpg?fit=1024%2C576&ssl=1&resize=525%2C300 1.5x, https:\/\/i0.wp.com\/ismaelcolosi.com.br\/wp-content\/uploads\/2023\/12\/giroflex_policia_1024x576_23032020103807.jpg?fit=1024%2C576&ssl=1&resize=700%2C400 2x"},"classes":[]},{"id":45361,"url":"https:\/\/ismaelcolosi.com.br\/index.php\/2024\/04\/03\/micro-onibus-colide-com-caminhao-e-deixa-dois-feridos-na-regiao-de-ribeirao-preto\/","url_meta":{"origin":63769,"position":3},"title":"Micro-\u00f4nibus colide com caminh\u00e3o e deixa dois feridos na regi\u00e3o de Ribeir\u00e3o Preto","author":"ismaelcolosi.com.br","date":"3 de April de 2024","format":false,"excerpt":"Duas pessoas ficaram feridas ap\u00f3s o micro-\u00f4nibus em que elas estavam se envolver em um acidente de tr\u00e2nsito na rodovia C\u00e2ndido Portinari (SP-334), pr\u00f3ximo a Pedregulho, cidade na regi\u00e3o de Ribeir\u00e3o Preto. De acordo com a Pol\u00edcia Militar Rodovi\u00e1ria (PMR), o micro-\u00f4nibus seguia para Franca, quando o ve\u00edculo acabou colidindo\u2026","rel":"","context":"In &quot;Not\u00edcias de Ribeir\u00e3o Preto-SP e Regi\u00e3o&quot;","block_context":{"text":"Not\u00edcias de Ribeir\u00e3o Preto-SP e Regi\u00e3o","link":"https:\/\/ismaelcolosi.com.br\/index.php\/category\/noticias-de-ribeirao-preto-sp-e-regiao-ismael-colosi\/"},"img":{"alt_text":"","src":"https:\/\/i0.wp.com\/ismaelcolosi.com.br\/wp-content\/uploads\/2024\/04\/Copia-de-Copia-de-TAMANHO-EXATO-PARA-FOTOS-NO-SISTEMA-NOVO-5.png?fit=1200%2C675&ssl=1&resize=350%2C200","width":350,"height":200,"srcset":"https:\/\/i0.wp.com\/ismaelcolosi.com.br\/wp-content\/uploads\/2024\/04\/Copia-de-Copia-de-TAMANHO-EXATO-PARA-FOTOS-NO-SISTEMA-NOVO-5.png?fit=1200%2C675&ssl=1&resize=350%2C200 1x, https:\/\/i0.wp.com\/ismaelcolosi.com.br\/wp-content\/uploads\/2024\/04\/Copia-de-Copia-de-TAMANHO-EXATO-PARA-FOTOS-NO-SISTEMA-NOVO-5.png?fit=1200%2C675&ssl=1&resize=525%2C300 1.5x, https:\/\/i0.wp.com\/ismaelcolosi.com.br\/wp-content\/uploads\/2024\/04\/Copia-de-Copia-de-TAMANHO-EXATO-PARA-FOTOS-NO-SISTEMA-NOVO-5.png?fit=1200%2C675&ssl=1&resize=700%2C400 2x, https:\/\/i0.wp.com\/ismaelcolosi.com.br\/wp-content\/uploads\/2024\/04\/Copia-de-Copia-de-TAMANHO-EXATO-PARA-FOTOS-NO-SISTEMA-NOVO-5.png?fit=1200%2C675&ssl=1&resize=1050%2C600 3x"},"classes":[]},{"id":37146,"url":"https:\/\/ismaelcolosi.com.br\/index.php\/2024\/02\/14\/homem-morre-em-acidente-na-rodovia-abrao-assed-em-ribeirao-preto\/","url_meta":{"origin":63769,"position":4},"title":"Homem morre em acidente na rodovia Abr\u00e3o Assed em Ribeir\u00e3o Preto","author":"ismaelcolosi.com.br","date":"14 de February de 2024","format":false,"excerpt":"Um homem morreu na tarde desta quarta-feira (14) ap\u00f3s se envolver em um acidente na rodovia Abr\u00e3o Assed, em Ribeir\u00e3o Preto. Segundo a Pol\u00edcia Rodovi\u00e1ria, a batida foi entre moto e caminh\u00e3o em frente a Penitenci\u00e1ria da cidade. As primeiras informa\u00e7\u00f5es \u00e9 de que a v\u00edtima, que estava na moto,\u2026","rel":"","context":"In &quot;Not\u00edcias de Ribeir\u00e3o Preto-SP e Regi\u00e3o&quot;","block_context":{"text":"Not\u00edcias de Ribeir\u00e3o Preto-SP e Regi\u00e3o","link":"https:\/\/ismaelcolosi.com.br\/index.php\/category\/noticias-de-ribeirao-preto-sp-e-regiao-ismael-colosi\/"},"img":{"alt_text":"","src":"https:\/\/i0.wp.com\/ismaelcolosi.com.br\/wp-content\/uploads\/2024\/02\/WhatsApp-Image-2024-02-14-at-15.19.55.jpeg?fit=1200%2C541&ssl=1&resize=350%2C200","width":350,"height":200,"srcset":"https:\/\/i0.wp.com\/ismaelcolosi.com.br\/wp-content\/uploads\/2024\/02\/WhatsApp-Image-2024-02-14-at-15.19.55.jpeg?fit=1200%2C541&ssl=1&resize=350%2C200 1x, https:\/\/i0.wp.com\/ismaelcolosi.com.br\/wp-content\/uploads\/2024\/02\/WhatsApp-Image-2024-02-14-at-15.19.55.jpeg?fit=1200%2C541&ssl=1&resize=525%2C300 1.5x, https:\/\/i0.wp.com\/ismaelcolosi.com.br\/wp-content\/uploads\/2024\/02\/WhatsApp-Image-2024-02-14-at-15.19.55.jpeg?fit=1200%2C541&ssl=1&resize=700%2C400 2x, https:\/\/i0.wp.com\/ismaelcolosi.com.br\/wp-content\/uploads\/2024\/02\/WhatsApp-Image-2024-02-14-at-15.19.55.jpeg?fit=1200%2C541&ssl=1&resize=1050%2C600 3x"},"classes":[]},{"id":51818,"url":"https:\/\/ismaelcolosi.com.br\/index.php\/2024\/05\/31\/o-que-se-sabe-sobre-acidente-entre-onibus-e-caminhoes-em-rodovia-da-regiao-de-ribeirao\/","url_meta":{"origin":63769,"position":5},"title":"O que se sabe sobre acidente entre \u00f4nibus e caminh\u00f5es em rodovia da regi\u00e3o de Ribeir\u00e3o","author":"ismaelcolosi.com.br","date":"31 de May de 2024","format":false,"excerpt":"O acidente envolvendo um \u00f4nibus com trabalhadores e dois caminh\u00f5es causou a morte de uma pessoa e outras quatro ficaram feridas, sendo duas em estado grave (veja abaixo). A batida ocorreu no fim da tarde de quinta-feira (30), no quil\u00f4metro 83 da rodovia Altino Arantes, em Sales Oliveira, na regi\u00e3o\u2026","rel":"","context":"In &quot;Not\u00edcias de Ribeir\u00e3o Preto-SP e Regi\u00e3o&quot;","block_context":{"text":"Not\u00edcias de Ribeir\u00e3o Preto-SP e Regi\u00e3o","link":"https:\/\/ismaelcolosi.com.br\/index.php\/category\/noticias-de-ribeirao-preto-sp-e-regiao-ismael-colosi\/"},"img":{"alt_text":"","src":"https:\/\/i0.wp.com\/ismaelcolosi.com.br\/wp-content\/uploads\/2024\/05\/3_2024-05-30_22-14-12_jpg_2024-05-30_22-14-12.webp.webp?fit=1200%2C675&ssl=1&resize=350%2C200","width":350,"height":200,"srcset":"https:\/\/i0.wp.com\/ismaelcolosi.com.br\/wp-content\/uploads\/2024\/05\/3_2024-05-30_22-14-12_jpg_2024-05-30_22-14-12.webp.webp?fit=1200%2C675&ssl=1&resize=350%2C200 1x, https:\/\/i0.wp.com\/ismaelcolosi.com.br\/wp-content\/uploads\/2024\/05\/3_2024-05-30_22-14-12_jpg_2024-05-30_22-14-12.webp.webp?fit=1200%2C675&ssl=1&resize=525%2C300 1.5x, https:\/\/i0.wp.com\/ismaelcolosi.com.br\/wp-content\/uploads\/2024\/05\/3_2024-05-30_22-14-12_jpg_2024-05-30_22-14-12.webp.webp?fit=1200%2C675&ssl=1&resize=700%2C400 2x, https:\/\/i0.wp.com\/ismaelcolosi.com.br\/wp-content\/uploads\/2024\/05\/3_2024-05-30_22-14-12_jpg_2024-05-30_22-14-12.webp.webp?fit=1200%2C675&ssl=1&resize=1050%2C600 3x"},"classes":[]}],"jetpack_sharing_enabled":true,"jetpack_shortlink":"https:\/\/wp.me\/pfMlyK-gAx","_links":{"self":[{"href":"https:\/\/ismaelcolosi.com.br\/index.php\/wp-json\/wp\/v2\/posts\/63769","targetHints":{"allow":["GET"]}}],"collection":[{"href":"https:\/\/ismaelcolosi.com.br\/index.php\/wp-json\/wp\/v2\/posts"}],"about":[{"href":"https:\/\/ismaelcolosi.com.br\/index.php\/wp-json\/wp\/v2\/types\/post"}],"author":[{"embeddable":true,"href":"https:\/\/ismaelcolosi.com.br\/index.php\/wp-json\/wp\/v2\/users\/1"}],"replies":[{"embeddable":true,"href":"https:\/\/ismaelcolosi.com.br\/index.php\/wp-json\/wp\/v2\/comments?post=63769"}],"version-history":[{"count":0,"href":"https:\/\/ismaelcolosi.com.br\/index.php\/wp-json\/wp\/v2\/posts\/63769\/revisions"}],"wp:featuredmedia":[{"embeddable":true,"href":"https:\/\/ismaelcolosi.com.br\/index.php\/wp-json\/wp\/v2\/media\/63770"}],"wp:attachment":[{"href":"https:\/\/ismaelcolosi.com.br\/index.php\/wp-json\/wp\/v2\/media?parent=63769"}],"wp:term":[{"taxonomy":"category","embeddable":true,"href":"https:\/\/ismaelcolosi.com.br\/index.php\/wp-json\/wp\/v2\/categories?post=63769"},{"taxonomy":"post_tag","embeddable":true,"href":"https:\/\/ismaelcolosi.com.br\/index.php\/wp-json\/wp\/v2\/tags?post=63769"}],"curies":[{"name":"wp","href":"https:\/\/api.w.org\/{rel}","templated":true}]}}