{"id":63763,"date":"2024-09-03T19:52:20","date_gmt":"2024-09-03T22:52:20","guid":{"rendered":"https:\/\/ismaelcolosi.com.br\/index.php\/2024\/09\/03\/justica-indefere-registro-de-candidatura-de-ismar-menezes-a-prefeitura-de-ribeirao\/"},"modified":"2024-09-03T19:52:20","modified_gmt":"2024-09-03T22:52:20","slug":"justica-indefere-registro-de-candidatura-de-ismar-menezes-a-prefeitura-de-ribeirao","status":"publish","type":"post","link":"https:\/\/ismaelcolosi.com.br\/index.php\/2024\/09\/03\/justica-indefere-registro-de-candidatura-de-ismar-menezes-a-prefeitura-de-ribeirao\/","title":{"rendered":"Justi\u00e7a indefere registro de candidatura de Ismar Menezes \u00e0 Prefeitura de Ribeir\u00e3o"},"content":{"rendered":"<p> <br \/>\n<\/p>\n<div data-td-block-uid=\"tdi_106\">\n<div class=\"tdb-block-inner td-fix-index\">\n<p>O registro de candidatura de <strong>Ismar Menezes (AGIR)<\/strong> ao cargo de <strong>prefeito de Ribeir\u00e3o Preto<\/strong> est\u00e1 <strong>indeferido<\/strong>, de acordo com decis\u00e3o da <strong>108\u00aa Zona Eleitoral <\/strong>do munic\u00edpio, publicada nesta ter\u00e7a-feira (3).<\/p>\n<p>No documento, o juiz <strong>Benedito S\u00e9rgio de Oliveira<\/strong> considerou que Ismar <mark style=\"background-color:#fcb900\" class=\"has-inline-color\">se enquadra na lei que <strong>pro\u00edbe magistrados e membros do Minist\u00e9rio P\u00fablico aposentados compulsoriamente a se candidatarem a cargos p\u00fablicos num prazo de oito anos.<\/strong><\/mark><\/p>\n<p>Conforme publica\u00e7\u00e3o no <strong>Di\u00e1rio Oficial da Uni\u00e3o<\/strong>, o ex-juiz foi aposentado compulsoriamente com um processo administrativo disciplinar em <strong>19 de outubro de 216<\/strong>. <mark style=\"background-color:#fcb900\" class=\"has-inline-color\">Cabe recurso da decis\u00e3o.<\/mark><\/p>\n<h3 class=\"wp-block-heading\"><strong>O que diz o candidato?<\/strong><\/h3>\n<p>Ao <strong>portal acidade on<\/strong> a equipe do candidato informou que est\u00e1 ciente sobre a impugna\u00e7\u00e3o da candidatura e j\u00e1 est\u00e1 trabalhando o recurso.<\/p>\n<h4 class=\"wp-block-heading\"><strong>Como fica a campanha eleitoral do candidato?<\/strong><\/h4>\n<p>De acordo com a plataforma<strong><a href=\"https:\/\/divulgacandcontas.tse.jus.br\/divulga\/#\/home\" target=\"_blank\" rel=\"noreferrer noopener\"> DivulgaCand<\/a><\/strong>, Ismar Menezes est\u00e1 com a candidatura indeferida em prazo recursal ou com recurso, portanto, <strong>pode fazer campanha<\/strong>, <strong>ter o nome nas urnas<\/strong> e <strong>receber votos<\/strong>.<\/p>\n<p>Segundo o <strong>Tribunal Regional Eleitoral (TRE)<\/strong>, como n\u00e3o \u00e9 poss\u00edvel saber se a senten\u00e7a ser\u00e1 ou n\u00e3o favor\u00e1vel ao candidato que aguarda uma decis\u00e3o final no recurso, a lei permite que ele participe efetivamente do processo eleitoral.<\/p>\n<p>Os votos obtidos pelos candidatos s\u00e3o registrados, por\u00e9m, ficam \u201ccongelados\u201d, sendo apenas contabilizados ap\u00f3s o tr\u00e2nsito em julgado da decis\u00e3o que deferir sua candidatura.<\/p>\n<hr class=\"wp-block-separator has-alpha-channel-opacity\"\/>\n<p>SAIBA MAIS<\/p>\n<p>Edital prev\u00ea at\u00e9 R$ 9 milh\u00f5es para OSs da educa\u00e7\u00e3o em Ribeir\u00e3o Preto; Entenda<\/p>\n<h4 class=\"wp-block-heading\"><strong>FIQUE ON<\/strong><\/h4>\n<p>Fique ligado em tudo que acontece em Ribeir\u00e3o Preto e regi\u00e3o. Siga os perfis do<strong>\u00a0acidade on<\/strong>\u00a0no\u00a0<a href=\"https:\/\/www.instagram.com\/acidadeonribeirao\" target=\"_blank\" rel=\"noreferrer noopener\">Instagram<\/a>\u00a0e no<a href=\"https:\/\/www.facebook.com\/acidadeonribeirao\/\" target=\"_blank\" rel=\"noreferrer noopener\">\u00a0Facebook<\/a>.<\/p>\n<p>Receba not\u00edcias do<strong>\u00a0acidade on\u00a0<\/strong>no WhatsApp.\u00a0<a href=\"https:\/\/chat.whatsapp.com\/Dtv9mxhy6V5BJBotM2OQ5k\" target=\"_blank\" rel=\"noreferrer noopener\">Para entrar no grupo, basta clicar aqui<\/a>.<\/p>\n<p>Fa\u00e7a uma den\u00fancia ou sugira uma reportagem sobre Ribeir\u00e3o Preto e regi\u00e3o pelo WhatsApp: 16 99117 7802.<\/p>\n<p>VEJA TAMB\u00c9M<\/p>\n<p>Rafael Miguel: quando o document\u00e1rio sobre o caso ser\u00e1 lan\u00e7ado?<\/p>\n<p><!-- CONTENT END 1 -->\n<\/div>\n<\/div>\n<p><script async src=\"\/\/www.instagram.com\/embed.js\"><\/script><br \/>\n<br \/><br \/>\n<br \/><a href=\"https:\/\/www.acidadeon.com\/ribeiraopreto\/politica\/eleicoes\/justica-indefere-registro-de-candidatura-de-ismar-menezes-a-prefeitura-de-ribeirao\/\">Source link <\/a><\/p>\n","protected":false},"excerpt":{"rendered":"<p>O registro de candidatura de Ismar Menezes (AGIR) ao cargo de prefeito de Ribeir\u00e3o Preto est\u00e1 indeferido, de acordo com decis\u00e3o da 108\u00aa Zona Eleitoral&#8230;<\/p>\n","protected":false},"author":1,"featured_media":63764,"comment_status":"open","ping_status":"open","sticky":false,"template":"","format":"standard","meta":{"_uag_custom_page_level_css":"","advanced_seo_description":"","jetpack_seo_html_title":"","jetpack_seo_noindex":false,"jetpack_post_was_ever_published":false,"_jetpack_newsletter_access":"","_jetpack_dont_email_post_to_subs":false,"_jetpack_newsletter_tier_id":0,"_jetpack_memberships_contains_paywalled_content":false,"_jetpack_memberships_contains_paid_content":false,"footnotes":"","jetpack_publicize_message":"","jetpack_publicize_feature_enabled":true,"jetpack_social_post_already_shared":true,"jetpack_social_options":{"image_generator_settings":{"template":"highway","default_image_id":0,"font":"","enabled":false},"version":2}},"categories":[11],"tags":[],"class_list":["post-63763","post","type-post","status-publish","format-standard","has-post-thumbnail","hentry","category-noticias-de-ribeirao-preto-sp-e-regiao-ismael-colosi"],"jetpack_publicize_connections":[],"jetpack_featured_media_url":"https:\/\/i0.wp.com\/ismaelcolosi.com.br\/wp-content\/uploads\/2024\/09\/Copia-de-Copia-de-Copia-de-TAMANHO-EXATO-PARA-FOTOS-NO-SISTEMA-NOVO-27_2024-09-03_22-31-28_png_2024-09-03_22-31-28.webp.webp?fit=1200%2C675&ssl=1","uagb_featured_image_src":{"full":["https:\/\/i0.wp.com\/ismaelcolosi.com.br\/wp-content\/uploads\/2024\/09\/Copia-de-Copia-de-Copia-de-TAMANHO-EXATO-PARA-FOTOS-NO-SISTEMA-NOVO-27_2024-09-03_22-31-28_png_2024-09-03_22-31-28.webp.webp?fit=1200%2C675&ssl=1",1200,675,false],"thumbnail":["https:\/\/i0.wp.com\/ismaelcolosi.com.br\/wp-content\/uploads\/2024\/09\/Copia-de-Copia-de-Copia-de-TAMANHO-EXATO-PARA-FOTOS-NO-SISTEMA-NOVO-27_2024-09-03_22-31-28_png_2024-09-03_22-31-28.webp.webp?resize=150%2C150&ssl=1",150,150,true],"medium":["https:\/\/i0.wp.com\/ismaelcolosi.com.br\/wp-content\/uploads\/2024\/09\/Copia-de-Copia-de-Copia-de-TAMANHO-EXATO-PARA-FOTOS-NO-SISTEMA-NOVO-27_2024-09-03_22-31-28_png_2024-09-03_22-31-28.webp.webp?fit=300%2C169&ssl=1",300,169,true],"medium_large":["https:\/\/i0.wp.com\/ismaelcolosi.com.br\/wp-content\/uploads\/2024\/09\/Copia-de-Copia-de-Copia-de-TAMANHO-EXATO-PARA-FOTOS-NO-SISTEMA-NOVO-27_2024-09-03_22-31-28_png_2024-09-03_22-31-28.webp.webp?fit=768%2C432&ssl=1",768,432,true],"large":["https:\/\/i0.wp.com\/ismaelcolosi.com.br\/wp-content\/uploads\/2024\/09\/Copia-de-Copia-de-Copia-de-TAMANHO-EXATO-PARA-FOTOS-NO-SISTEMA-NOVO-27_2024-09-03_22-31-28_png_2024-09-03_22-31-28.webp.webp?fit=1024%2C576&ssl=1",1024,576,true],"1536x1536":["https:\/\/i0.wp.com\/ismaelcolosi.com.br\/wp-content\/uploads\/2024\/09\/Copia-de-Copia-de-Copia-de-TAMANHO-EXATO-PARA-FOTOS-NO-SISTEMA-NOVO-27_2024-09-03_22-31-28_png_2024-09-03_22-31-28.webp.webp?fit=1200%2C675&ssl=1",1200,675,true],"2048x2048":["https:\/\/i0.wp.com\/ismaelcolosi.com.br\/wp-content\/uploads\/2024\/09\/Copia-de-Copia-de-Copia-de-TAMANHO-EXATO-PARA-FOTOS-NO-SISTEMA-NOVO-27_2024-09-03_22-31-28_png_2024-09-03_22-31-28.webp.webp?fit=1200%2C675&ssl=1",1200,675,true],"really-simple-thumb":["https:\/\/i0.wp.com\/ismaelcolosi.com.br\/wp-content\/uploads\/2024\/09\/Copia-de-Copia-de-Copia-de-TAMANHO-EXATO-PARA-FOTOS-NO-SISTEMA-NOVO-27_2024-09-03_22-31-28_png_2024-09-03_22-31-28.webp.webp?resize=370%2C247&ssl=1",370,247,true]},"uagb_author_info":{"display_name":"ismaelcolosi.com.br","author_link":"https:\/\/ismaelcolosi.com.br\/index.php\/author\/vidareal-online\/"},"uagb_comment_info":0,"uagb_excerpt":"O registro de candidatura de Ismar Menezes (AGIR) ao cargo de prefeito de Ribeir\u00e3o Preto est\u00e1 indeferido, de acordo com decis\u00e3o da 108\u00aa Zona Eleitoral...","jetpack-related-posts":[{"id":64449,"url":"https:\/\/ismaelcolosi.com.br\/index.php\/2024\/09\/07\/justica-eleitoral-nega-mais-um-registro-de-candidatura-a-prefeitura-de-ribeirao-preto\/","url_meta":{"origin":63763,"position":0},"title":"Justi\u00e7a Eleitoral nega mais um registro de candidatura \u00e0 Prefeitura de Ribeir\u00e3o Preto","author":"ismaelcolosi.com.br","date":"7 de September de 2024","format":false,"excerpt":"O juiz Benedito S\u00e9rgio de Oliveira, da 108\u00aa Zona Eleitoral de Ribeir\u00e3o Preto, indeferiu o pedido de candidatura \u00e0 Prefeitura de Ribeir\u00e3o Preto. O juiz negou o registro da candidatura de Douglas Martins de Andrade (PCO). A senten\u00e7a foi publicada na manh\u00e3 deste s\u00e1bado (7) e cabe recurso. O MPE\u2026","rel":"","context":"In &quot;Not\u00edcias de Ribeir\u00e3o Preto-SP e Regi\u00e3o&quot;","block_context":{"text":"Not\u00edcias de Ribeir\u00e3o Preto-SP e Regi\u00e3o","link":"https:\/\/ismaelcolosi.com.br\/index.php\/category\/noticias-de-ribeirao-preto-sp-e-regiao-ismael-colosi\/"},"img":{"alt_text":"","src":"https:\/\/i0.wp.com\/ismaelcolosi.com.br\/wp-content\/uploads\/2024\/09\/douglas-andrade_2024-09-07_17-52-50_jpeg_2024-09-07_17-52-50.webp.webp?fit=1200%2C674&ssl=1&resize=350%2C200","width":350,"height":200,"srcset":"https:\/\/i0.wp.com\/ismaelcolosi.com.br\/wp-content\/uploads\/2024\/09\/douglas-andrade_2024-09-07_17-52-50_jpeg_2024-09-07_17-52-50.webp.webp?fit=1200%2C674&ssl=1&resize=350%2C200 1x, https:\/\/i0.wp.com\/ismaelcolosi.com.br\/wp-content\/uploads\/2024\/09\/douglas-andrade_2024-09-07_17-52-50_jpeg_2024-09-07_17-52-50.webp.webp?fit=1200%2C674&ssl=1&resize=525%2C300 1.5x, https:\/\/i0.wp.com\/ismaelcolosi.com.br\/wp-content\/uploads\/2024\/09\/douglas-andrade_2024-09-07_17-52-50_jpeg_2024-09-07_17-52-50.webp.webp?fit=1200%2C674&ssl=1&resize=700%2C400 2x, https:\/\/i0.wp.com\/ismaelcolosi.com.br\/wp-content\/uploads\/2024\/09\/douglas-andrade_2024-09-07_17-52-50_jpeg_2024-09-07_17-52-50.webp.webp?fit=1200%2C674&ssl=1&resize=1050%2C600 3x"},"classes":[]},{"id":66475,"url":"https:\/\/ismaelcolosi.com.br\/index.php\/2024\/09\/17\/dois-candidatos-estao-fora-da-corrida-eleitoral-em-ribeirao-preto\/","url_meta":{"origin":63763,"position":1},"title":"Dois candidatos est\u00e3o fora da corrida eleitoral em Ribeir\u00e3o Preto","author":"ismaelcolosi.com.br","date":"17 de September de 2024","format":false,"excerpt":"Dois candidatos est\u00e3o fora da corrida eleitoral para o cargo de prefeito de Ribeir\u00e3o Preto, sendo eles: Douglas de Andrade (PCO) e Ismar Menezes (Agir). O primeiro turno das elei\u00e7\u00f5es de 2024 acontece no dia 6 de outubro. Douglas de Andrade Conforme os dados da plataforma DivulgaCand, o Minist\u00e9rio P\u00fablico\u2026","rel":"","context":"In &quot;Not\u00edcias de Ribeir\u00e3o Preto-SP e Regi\u00e3o&quot;","block_context":{"text":"Not\u00edcias de Ribeir\u00e3o Preto-SP e Regi\u00e3o","link":"https:\/\/ismaelcolosi.com.br\/index.php\/category\/noticias-de-ribeirao-preto-sp-e-regiao-ismael-colosi\/"},"img":{"alt_text":"","src":"https:\/\/i0.wp.com\/ismaelcolosi.com.br\/wp-content\/uploads\/2024\/09\/1726608574_ribeirao-preto-prefeitura.jpg?fit=1200%2C900&ssl=1&resize=350%2C200","width":350,"height":200,"srcset":"https:\/\/i0.wp.com\/ismaelcolosi.com.br\/wp-content\/uploads\/2024\/09\/1726608574_ribeirao-preto-prefeitura.jpg?fit=1200%2C900&ssl=1&resize=350%2C200 1x, https:\/\/i0.wp.com\/ismaelcolosi.com.br\/wp-content\/uploads\/2024\/09\/1726608574_ribeirao-preto-prefeitura.jpg?fit=1200%2C900&ssl=1&resize=525%2C300 1.5x, https:\/\/i0.wp.com\/ismaelcolosi.com.br\/wp-content\/uploads\/2024\/09\/1726608574_ribeirao-preto-prefeitura.jpg?fit=1200%2C900&ssl=1&resize=700%2C400 2x, https:\/\/i0.wp.com\/ismaelcolosi.com.br\/wp-content\/uploads\/2024\/09\/1726608574_ribeirao-preto-prefeitura.jpg?fit=1200%2C900&ssl=1&resize=1050%2C600 3x"},"classes":[]},{"id":58842,"url":"https:\/\/ismaelcolosi.com.br\/index.php\/2024\/08\/02\/agir-confirma-ismar-menezes-como-candidato-a-prefeitura-de-ribeirao-preto\/","url_meta":{"origin":63763,"position":2},"title":"Agir confirma Ismar Menezes como candidato \u00e0 Prefeitura de Ribeir\u00e3o Preto","author":"ismaelcolosi.com.br","date":"2 de August de 2024","format":false,"excerpt":"O Agir oficializou o nome do Juiz Federal do Trabalho aposentado Ismar Menezes como candidato \u00e0 Prefeitura de Ribeir\u00e3o Preto, durante conven\u00e7\u00e3o partid\u00e1ria, realizada na noite desta sexta-feira (2), no bairro Vila Tib\u00e9rio. Milena Bressan (Agir) foi anunciada como candidata ao cargo de vice-prefeita. O Agir traz como plataforma de\u2026","rel":"","context":"In &quot;Not\u00edcias de Ribeir\u00e3o Preto-SP e Regi\u00e3o&quot;","block_context":{"text":"Not\u00edcias de Ribeir\u00e3o Preto-SP e Regi\u00e3o","link":"https:\/\/ismaelcolosi.com.br\/index.php\/category\/noticias-de-ribeirao-preto-sp-e-regiao-ismael-colosi\/"},"img":{"alt_text":"","src":"https:\/\/i0.wp.com\/ismaelcolosi.com.br\/wp-content\/uploads\/2024\/08\/WhatsApp-Image-2024-08-02-at-21.17.10_2024-08-03_00-18-43_jpeg_2024-08-03_00-18-43.webp.webp?fit=1200%2C669&ssl=1&resize=350%2C200","width":350,"height":200,"srcset":"https:\/\/i0.wp.com\/ismaelcolosi.com.br\/wp-content\/uploads\/2024\/08\/WhatsApp-Image-2024-08-02-at-21.17.10_2024-08-03_00-18-43_jpeg_2024-08-03_00-18-43.webp.webp?fit=1200%2C669&ssl=1&resize=350%2C200 1x, https:\/\/i0.wp.com\/ismaelcolosi.com.br\/wp-content\/uploads\/2024\/08\/WhatsApp-Image-2024-08-02-at-21.17.10_2024-08-03_00-18-43_jpeg_2024-08-03_00-18-43.webp.webp?fit=1200%2C669&ssl=1&resize=525%2C300 1.5x, https:\/\/i0.wp.com\/ismaelcolosi.com.br\/wp-content\/uploads\/2024\/08\/WhatsApp-Image-2024-08-02-at-21.17.10_2024-08-03_00-18-43_jpeg_2024-08-03_00-18-43.webp.webp?fit=1200%2C669&ssl=1&resize=700%2C400 2x, https:\/\/i0.wp.com\/ismaelcolosi.com.br\/wp-content\/uploads\/2024\/08\/WhatsApp-Image-2024-08-02-at-21.17.10_2024-08-03_00-18-43_jpeg_2024-08-03_00-18-43.webp.webp?fit=1200%2C669&ssl=1&resize=1050%2C600 3x"},"classes":[]},{"id":66688,"url":"https:\/\/ismaelcolosi.com.br\/index.php\/2024\/09\/18\/quaest-veja-os-numeros-da-pesquisa-de-intencao-de-voto-a-prefeitura-de-ribeirao-preto\/","url_meta":{"origin":63763,"position":3},"title":"Quaest: Veja os n\u00fameros da pesquisa de inten\u00e7\u00e3o de voto \u00e0 Prefeitura de Ribeir\u00e3o Preto","author":"ismaelcolosi.com.br","date":"18 de September de 2024","format":false,"excerpt":"A pesquisa Quaest divulgada nesta quarta-feira (18) mostra Ricardo Silva (PSD) liderando a disputa pela Prefeitura de Ribeir\u00e3o Preto com 54% dos votos. Na sequ\u00eancia, empatados tecnicamente, est\u00e3o Jorge Roque (PT), com 7%, Andr\u00e9 Trindade (Uni\u00e3o), com 5%, e Marco Aur\u00e9lio (Novo), com 5% dos votos. Essa foi \u00e0 segunda\u2026","rel":"","context":"In &quot;Not\u00edcias de Ribeir\u00e3o Preto-SP e Regi\u00e3o&quot;","block_context":{"text":"Not\u00edcias de Ribeir\u00e3o Preto-SP e Regi\u00e3o","link":"https:\/\/ismaelcolosi.com.br\/index.php\/category\/noticias-de-ribeirao-preto-sp-e-regiao-ismael-colosi\/"},"img":{"alt_text":"","src":"https:\/\/i0.wp.com\/ismaelcolosi.com.br\/wp-content\/uploads\/2024\/09\/Copia-de-Copia-de-Copia-de-TAMANHO-EXATO-PARA-FOTOS-NO-SISTEMA-NOVO-55_2024-09-18_21-24-19_png_2024-09-18_21-24-19.webp.webp?fit=1200%2C675&ssl=1&resize=350%2C200","width":350,"height":200,"srcset":"https:\/\/i0.wp.com\/ismaelcolosi.com.br\/wp-content\/uploads\/2024\/09\/Copia-de-Copia-de-Copia-de-TAMANHO-EXATO-PARA-FOTOS-NO-SISTEMA-NOVO-55_2024-09-18_21-24-19_png_2024-09-18_21-24-19.webp.webp?fit=1200%2C675&ssl=1&resize=350%2C200 1x, https:\/\/i0.wp.com\/ismaelcolosi.com.br\/wp-content\/uploads\/2024\/09\/Copia-de-Copia-de-Copia-de-TAMANHO-EXATO-PARA-FOTOS-NO-SISTEMA-NOVO-55_2024-09-18_21-24-19_png_2024-09-18_21-24-19.webp.webp?fit=1200%2C675&ssl=1&resize=525%2C300 1.5x, https:\/\/i0.wp.com\/ismaelcolosi.com.br\/wp-content\/uploads\/2024\/09\/Copia-de-Copia-de-Copia-de-TAMANHO-EXATO-PARA-FOTOS-NO-SISTEMA-NOVO-55_2024-09-18_21-24-19_png_2024-09-18_21-24-19.webp.webp?fit=1200%2C675&ssl=1&resize=700%2C400 2x, https:\/\/i0.wp.com\/ismaelcolosi.com.br\/wp-content\/uploads\/2024\/09\/Copia-de-Copia-de-Copia-de-TAMANHO-EXATO-PARA-FOTOS-NO-SISTEMA-NOVO-55_2024-09-18_21-24-19_png_2024-09-18_21-24-19.webp.webp?fit=1200%2C675&ssl=1&resize=1050%2C600 3x"},"classes":[]},{"id":57043,"url":"https:\/\/ismaelcolosi.com.br\/index.php\/2024\/07\/17\/nogueira-anuncia-apoio-a-pre-candidatura-de-andre-trindade-na-disputa-pela-prefeitura-de-ribeirao\/","url_meta":{"origin":63763,"position":4},"title":"Nogueira anuncia apoio \u00e0 pr\u00e9-candidatura de Andr\u00e9 Trindade na disputa pela prefeitura de Ribeir\u00e3o","author":"ismaelcolosi.com.br","date":"17 de July de 2024","format":false,"excerpt":"Ribeir\u00e3o Preto tem mais uma mudan\u00e7a na disputa pela prefeitura. Nesta quarta-feira (17), o PSDB, partido do prefeito Duarte Nogueira, anunciou apoio \u00e0 pr\u00e9-candidatura do ex-vereador Andr\u00e9 Trindade (Uni\u00e3o). Com isso, o ex-secret\u00e1rio Alessandro Hirata, deixa a pr\u00e9-candidatura e deve concorrer a vice na chapa. Outros nomes que j\u00e1 anunciaram\u2026","rel":"","context":"In &quot;Not\u00edcias de Ribeir\u00e3o Preto-SP e Regi\u00e3o&quot;","block_context":{"text":"Not\u00edcias de Ribeir\u00e3o Preto-SP e Regi\u00e3o","link":"https:\/\/ismaelcolosi.com.br\/index.php\/category\/noticias-de-ribeirao-preto-sp-e-regiao-ismael-colosi\/"},"img":{"alt_text":"","src":"https:\/\/i0.wp.com\/ismaelcolosi.com.br\/wp-content\/uploads\/2024\/07\/AnyConv.com__andre-trindade-tv-camara_2024-07-17_15-18-19.webp.webp?fit=1200%2C800&ssl=1&resize=350%2C200","width":350,"height":200,"srcset":"https:\/\/i0.wp.com\/ismaelcolosi.com.br\/wp-content\/uploads\/2024\/07\/AnyConv.com__andre-trindade-tv-camara_2024-07-17_15-18-19.webp.webp?fit=1200%2C800&ssl=1&resize=350%2C200 1x, https:\/\/i0.wp.com\/ismaelcolosi.com.br\/wp-content\/uploads\/2024\/07\/AnyConv.com__andre-trindade-tv-camara_2024-07-17_15-18-19.webp.webp?fit=1200%2C800&ssl=1&resize=525%2C300 1.5x, https:\/\/i0.wp.com\/ismaelcolosi.com.br\/wp-content\/uploads\/2024\/07\/AnyConv.com__andre-trindade-tv-camara_2024-07-17_15-18-19.webp.webp?fit=1200%2C800&ssl=1&resize=700%2C400 2x, https:\/\/i0.wp.com\/ismaelcolosi.com.br\/wp-content\/uploads\/2024\/07\/AnyConv.com__andre-trindade-tv-camara_2024-07-17_15-18-19.webp.webp?fit=1200%2C800&ssl=1&resize=1050%2C600 3x"},"classes":[]},{"id":62503,"url":"https:\/\/ismaelcolosi.com.br\/index.php\/2024\/08\/27\/confira-os-numeros-da-pesquisa-de-intencao-de-voto-a-prefeitura-de-ribeirao-preto\/","url_meta":{"origin":63763,"position":5},"title":"Confira os n\u00fameros da pesquisa de inten\u00e7\u00e3o de voto \u00e0 Prefeitura de Ribeir\u00e3o Preto","author":"ismaelcolosi.com.br","date":"27 de August de 2024","format":false,"excerpt":"O instituto Quaest\/EPTV divulgou nesta ter\u00e7a-feira (27), a primeira pesquisa da s\u00e9rie contratada pela EPTV sobre a inten\u00e7\u00e3o de voto \u00e0 Prefeitura de Ribeir\u00e3o Preto nas elei\u00e7\u00f5es municipais de 2024. Veja os n\u00fameros abaixo. De acordo com o levantamento, o candidato Ricardo Silva (PSD) lidera a inten\u00e7\u00e3o de votos no\u2026","rel":"","context":"In &quot;Not\u00edcias de Ribeir\u00e3o Preto-SP e Regi\u00e3o&quot;","block_context":{"text":"Not\u00edcias de Ribeir\u00e3o Preto-SP e Regi\u00e3o","link":"https:\/\/ismaelcolosi.com.br\/index.php\/category\/noticias-de-ribeirao-preto-sp-e-regiao-ismael-colosi\/"},"img":{"alt_text":"","src":"https:\/\/i0.wp.com\/ismaelcolosi.com.br\/wp-content\/uploads\/2024\/08\/Copia-de-Copia-de-TAMANHO-EXATO-PARA-FOTOS-NO-SISTEMA-NOVO-2024-08-06T151125.998_2024-08-06_18-11-48_png_2024-08-06_18-11-49.webp.webp?fit=1200%2C675&ssl=1&resize=350%2C200","width":350,"height":200,"srcset":"https:\/\/i0.wp.com\/ismaelcolosi.com.br\/wp-content\/uploads\/2024\/08\/Copia-de-Copia-de-TAMANHO-EXATO-PARA-FOTOS-NO-SISTEMA-NOVO-2024-08-06T151125.998_2024-08-06_18-11-48_png_2024-08-06_18-11-49.webp.webp?fit=1200%2C675&ssl=1&resize=350%2C200 1x, https:\/\/i0.wp.com\/ismaelcolosi.com.br\/wp-content\/uploads\/2024\/08\/Copia-de-Copia-de-TAMANHO-EXATO-PARA-FOTOS-NO-SISTEMA-NOVO-2024-08-06T151125.998_2024-08-06_18-11-48_png_2024-08-06_18-11-49.webp.webp?fit=1200%2C675&ssl=1&resize=525%2C300 1.5x, https:\/\/i0.wp.com\/ismaelcolosi.com.br\/wp-content\/uploads\/2024\/08\/Copia-de-Copia-de-TAMANHO-EXATO-PARA-FOTOS-NO-SISTEMA-NOVO-2024-08-06T151125.998_2024-08-06_18-11-48_png_2024-08-06_18-11-49.webp.webp?fit=1200%2C675&ssl=1&resize=700%2C400 2x, https:\/\/i0.wp.com\/ismaelcolosi.com.br\/wp-content\/uploads\/2024\/08\/Copia-de-Copia-de-TAMANHO-EXATO-PARA-FOTOS-NO-SISTEMA-NOVO-2024-08-06T151125.998_2024-08-06_18-11-48_png_2024-08-06_18-11-49.webp.webp?fit=1200%2C675&ssl=1&resize=1050%2C600 3x"},"classes":[]}],"jetpack_sharing_enabled":true,"jetpack_shortlink":"https:\/\/wp.me\/pfMlyK-gAr","_links":{"self":[{"href":"https:\/\/ismaelcolosi.com.br\/index.php\/wp-json\/wp\/v2\/posts\/63763","targetHints":{"allow":["GET"]}}],"collection":[{"href":"https:\/\/ismaelcolosi.com.br\/index.php\/wp-json\/wp\/v2\/posts"}],"about":[{"href":"https:\/\/ismaelcolosi.com.br\/index.php\/wp-json\/wp\/v2\/types\/post"}],"author":[{"embeddable":true,"href":"https:\/\/ismaelcolosi.com.br\/index.php\/wp-json\/wp\/v2\/users\/1"}],"replies":[{"embeddable":true,"href":"https:\/\/ismaelcolosi.com.br\/index.php\/wp-json\/wp\/v2\/comments?post=63763"}],"version-history":[{"count":0,"href":"https:\/\/ismaelcolosi.com.br\/index.php\/wp-json\/wp\/v2\/posts\/63763\/revisions"}],"wp:featuredmedia":[{"embeddable":true,"href":"https:\/\/ismaelcolosi.com.br\/index.php\/wp-json\/wp\/v2\/media\/63764"}],"wp:attachment":[{"href":"https:\/\/ismaelcolosi.com.br\/index.php\/wp-json\/wp\/v2\/media?parent=63763"}],"wp:term":[{"taxonomy":"category","embeddable":true,"href":"https:\/\/ismaelcolosi.com.br\/index.php\/wp-json\/wp\/v2\/categories?post=63763"},{"taxonomy":"post_tag","embeddable":true,"href":"https:\/\/ismaelcolosi.com.br\/index.php\/wp-json\/wp\/v2\/tags?post=63763"}],"curies":[{"name":"wp","href":"https:\/\/api.w.org\/{rel}","templated":true}]}}