{"id":63760,"date":"2024-09-03T19:27:57","date_gmt":"2024-09-03T22:27:57","guid":{"rendered":"https:\/\/ismaelcolosi.com.br\/index.php\/2024\/09\/03\/educacao-inclusiva-uma-parceria-transformadora-em-pradopoilis-sp\/"},"modified":"2024-09-03T19:27:57","modified_gmt":"2024-09-03T22:27:57","slug":"educacao-inclusiva-uma-parceria-transformadora-em-pradopoilis-sp","status":"publish","type":"post","link":"https:\/\/ismaelcolosi.com.br\/index.php\/2024\/09\/03\/educacao-inclusiva-uma-parceria-transformadora-em-pradopoilis-sp\/","title":{"rendered":"Educa\u00e7\u00e3o Inclusiva: Uma Parceria Transformadora em Prad\u00f3polis\/SP"},"content":{"rendered":"<p> <br \/>\n<\/p>\n<p>A cidade de Prad\u00f3polis, localizada no interior de S\u00e3o Paulo, est\u00e1 se destacando no cen\u00e1rio educacional brasileiro gra\u00e7as a uma iniciativa inovadora de educa\u00e7\u00e3o inclusiva. Este projeto \u00e9 fruto de uma parceria entre o Instituto Evolu\u00e7\u00e3o e o Departamento Municipal de Educa\u00e7\u00e3o, e tem como objetivo principal garantir que todos os alunos, independentemente de suas necessidades especiais, tenham acesso a uma educa\u00e7\u00e3o de qualidade.<\/p>\n<figure id=\"attachment_22557\" aria-describedby=\"caption-attachment-22557\" style=\"width: 1600px\" class=\"wp-caption alignnone\"><img data-recalc-dims=\"1\" loading=\"lazy\" decoding=\"async\" class=\"wp-image-22557 size-full\" src=\"https:\/\/i0.wp.com\/folhaderibeirao.com.br\/wp-content\/uploads\/2024\/09\/MG_1038.jpg?resize=1600%2C1067&#038;ssl=1\" alt=\"\" width=\"1600\" height=\"1067\" \/><figcaption id=\"caption-attachment-22557\" class=\"wp-caption-text\">Foto: Fabio Bebedicto\/Folha de Ribeir\u00e3o<\/figcaption><\/figure>\n<h4>Idealizadores e Respons\u00e1veis<\/h4>\n<p>O programa de inclus\u00e3o na educa\u00e7\u00e3o foi idealizado pelo professor Fabio Renato Manzoli e pelo diretor do Departamento de Educa\u00e7\u00e3o, Anselmo Aparecido Salmazo Junior. Com uma vasta experi\u00eancia na \u00e1rea, ambos t\u00eam sido defensores incans\u00e1veis da inclus\u00e3o escolar, acreditando que a educa\u00e7\u00e3o deve ser acess\u00edvel a todos.<\/p><div class='code-block code-block-8' style='margin: 8px auto; text-align: center; display: block; clear: both;'>\n<script>\n  atOptions = {\n    'key' : '66e2e2111ca34da796271819fc334058',\n    'format' : 'iframe',\n    'height' : 250,\n    'width' : 300,\n    'params' : {}\n  };\n<\/script>\n<script src=\"https:\/\/www.highperformanceformat.com\/66e2e2111ca34da796271819fc334058\/invoke.js\"><\/script>\n<\/div>\n\n<p>Outro nome de destaque no projeto \u00e9 Sebasti\u00e3o Baptista, um dos respons\u00e1veis pela implanta\u00e7\u00e3o do programa em parceria com a Organiza\u00e7\u00e3o da Sociedade Civil (OSC) e a Prefeitura. Baptista tem trabalhado arduamente para garantir que as pol\u00edticas de inclus\u00e3o sejam efetivamente implementadas nas escolas municipais. Ele \u00e9 conhecido por sua dedica\u00e7\u00e3o e compromisso com a causa, sempre buscando novas formas de melhorar a acessibilidade e a qualidade do ensino para todos os alunos.<\/p>\n<figure id=\"attachment_22559\" aria-describedby=\"caption-attachment-22559\" style=\"width: 1600px\" class=\"wp-caption alignnone\"><img data-recalc-dims=\"1\" loading=\"lazy\" decoding=\"async\" class=\"size-full wp-image-22559\" src=\"https:\/\/i0.wp.com\/folhaderibeirao.com.br\/wp-content\/uploads\/2024\/09\/MG_1318.jpg?resize=1600%2C1067&#038;ssl=1\" alt=\"\" width=\"1600\" height=\"1067\" \/><figcaption id=\"caption-attachment-22559\" class=\"wp-caption-text\">Foto: Fabio Bebedicto\/Folha de Ribeir\u00e3o<\/figcaption><\/figure>\n<h4>Apoio Institucional<\/h4>\n<p>Anselmo Aparecido Salmazo Junior, al\u00e9m de ser um dos idealizadores, desempenha um papel crucial na execu\u00e7\u00e3o do projeto. Ele tem coordenado as a\u00e7\u00f5es necess\u00e1rias para que as escolas estejam preparadas para receber todos os alunos, oferecendo suporte pedag\u00f3gico e recursos adequados.<\/p>\n<h4>Depoimentos e Impacto<\/h4>\n<p>O prefeito municipal, Silvio Martins, destacou a import\u00e2ncia desse projeto em um depoimento recente.<\/p>\n<blockquote>\n<p>\u201cA educa\u00e7\u00e3o inclusiva \u00e9 fundamental para o desenvolvimento de uma sociedade mais justa e igualit\u00e1ria. Estamos muito orgulhosos dos resultados que j\u00e1 alcan\u00e7amos e continuaremos a investir para que todos os nossos alunos tenham as mesmas oportunidades de aprendizado\u201d, afirmou o prefeito.<\/p>\n<\/blockquote>\n<p>Sebasti\u00e3o Baptista tamb\u00e9m comentou sobre a parceria e os desafios enfrentados.<\/p>\n<blockquote>\n<p>\u201cA implementa\u00e7\u00e3o de um programa de inclus\u00e3o n\u00e3o \u00e9 uma tarefa f\u00e1cil, mas com o apoio da Prefeitura e do Instituto Evolu\u00e7\u00e3o, estamos conseguindo transformar a realidade de muitas crian\u00e7as e jovens em nossa cidade\u201d, disse Baptista.<\/p>\n<\/blockquote>\n<h4>Depoimentos dos Pais<\/h4>\n<p>A inclus\u00e3o escolar n\u00e3o seria poss\u00edvel sem o apoio e a participa\u00e7\u00e3o ativa dos pais. Sara da Silva Ign\u00e1cio, m\u00e3e de Diego Henrique, de 6 anos, que tem Transtorno de D\u00e9ficit de Aten\u00e7\u00e3o com Hiperatividade (TDAH), compartilhou sua experi\u00eancia:<\/p>\n<blockquote>\n<p>\u201cO apoio educacional que meu filho recebe na sala de aula tem sido essencial para o seu desenvolvimento. Ele se sente mais confiante e integrado com os colegas.\u201d<\/p>\n<\/blockquote>\n<p>Amilton Aparecido Chaves, pai de Vinicius Gabriel, tamb\u00e9m de 6 anos, diagnosticado com autismo, expressou sua gratid\u00e3o pelo projeto:<\/p>\n<blockquote>\n<p>\u201cVer meu filho progredir e se sentir parte da turma \u00e9 algo que eu n\u00e3o imaginava ser poss\u00edvel. A presen\u00e7a dos apoiadores educacionais faz toda a diferen\u00e7a.\u201d<\/p>\n<\/blockquote>\n<figure id=\"attachment_22558\" aria-describedby=\"caption-attachment-22558\" style=\"width: 1600px\" class=\"wp-caption alignnone\"><img data-recalc-dims=\"1\" decoding=\"async\" loading=\"lazy\" class=\"size-full wp-image-22558\" src=\"https:\/\/i0.wp.com\/folhaderibeirao.com.br\/wp-content\/uploads\/2024\/09\/MG_1072.jpg?resize=1600%2C1067&#038;ssl=1\" alt=\"\" width=\"1600\" height=\"1067\" \/><figcaption id=\"caption-attachment-22558\" class=\"wp-caption-text\">Foto: Fabio Bebedicto\/Folha de Ribeir\u00e3o<\/figcaption><\/figure>\n<h4>Outras Parcerias e Projetos<\/h4>\n<p>Sebasti\u00e3o Baptista tamb\u00e9m \u00e9 uma figura central no Instituto Acolher, uma organiza\u00e7\u00e3o dedicada \u00e0 assist\u00eancia social e ao desenvolvimento comunit\u00e1rio. Sob sua lideran\u00e7a, o Instituto Acolher tem estabelecido diversas parcerias estrat\u00e9gicas para ampliar seu impacto. Recentemente, o Instituto retomou suas atividades com uma vis\u00e3o renovada e novas parcerias, focando em promover a autonomia e dignidade para pessoas em situa\u00e7\u00e3o de vulnerabilidade.<\/p>\n<p>O Instituto Acolher j\u00e1 concluiu 690 projetos e estabeleceu 20 parcerias significativas, incluindo colabora\u00e7\u00f5es com entidades governamentais e organiza\u00e7\u00f5es n\u00e3o governamentais. Essas parcerias t\u00eam sido fundamentais para fortalecer os servi\u00e7os oferecidos e criar uma plataforma robusta para a defesa e garantia de direitos, especialmente para crian\u00e7as e adolescentes em situa\u00e7\u00e3o de risco.<\/p>\n<h4>Resultados Alcan\u00e7ados<\/h4>\n<p>Desde o in\u00edcio do projeto, diversas a\u00e7\u00f5es foram realizadas para promover a inclus\u00e3o nas escolas municipais de Prad\u00f3polis. Entre elas, destacam-se a forma\u00e7\u00e3o continuada de professores, a adapta\u00e7\u00e3o de materiais did\u00e1ticos e a cria\u00e7\u00e3o de espa\u00e7os acess\u00edveis para todos os alunos. Essas medidas t\u00eam contribu\u00eddo para um ambiente escolar mais inclusivo e acolhedor.<\/p>\n<p>O sucesso do programa \u00e9 evidente nos depoimentos de pais e alunos, que relatam uma melhoria significativa na qualidade do ensino e na integra\u00e7\u00e3o dos estudantes com necessidades especiais. A iniciativa tem servido de modelo para outras cidades da regi\u00e3o, que buscam implementar pol\u00edticas semelhantes em suas redes de ensino.<\/p>\n<h3><img data-recalc-dims=\"1\" decoding=\"async\" loading=\"lazy\" class=\"alignnone size-full wp-image-22560\" src=\"https:\/\/i0.wp.com\/folhaderibeirao.com.br\/wp-content\/uploads\/2024\/09\/MG_1655.jpg?resize=1600%2C1067&#038;ssl=1\" alt=\"\" width=\"1600\" height=\"1067\" \/><\/h3>\n<h3>Conclus\u00e3o<\/h3>\n<p>A parceria entre o Instituto Evolu\u00e7\u00e3o e o Departamento Municipal de Educa\u00e7\u00e3o de Prad\u00f3polis \u00e9 um exemplo inspirador de como a colabora\u00e7\u00e3o entre diferentes setores pode resultar em avan\u00e7os significativos na educa\u00e7\u00e3o inclusiva. Com o apoio de l\u00edderes comprometidos como o professor Fabio Renato Manzoli, Sebasti\u00e3o Baptista, Anselmo Aparecido Salmazo Junior e o prefeito Silvio Martins, a cidade est\u00e1 construindo um futuro mais inclusivo e promissor para todos os seus cidad\u00e3os.<\/p>\n<p>The post Educa\u00e7\u00e3o Inclusiva: Uma Parceria Transformadora em Prad\u00f3polis\/SP appeared first on Folha de Ribeir\u00e3o.<\/p>\n<p><br \/>\n<br \/><a href=\"https:\/\/folhaderibeirao.com.br\/2024\/09\/03\/educacao-inclusiva-uma-parceria-transformadora-em-pradopoilis-sp\/\">Source link <\/a><\/p>\n<div class='code-block code-block-4' style='margin: 8px auto 8px 0; text-align: left; display: block; clear: both;'>\n\ud83d\udce2 Aviso Legal\n\nO site ismaelcolosi.com.br atua apenas como um canal de divulga\u00e7\u00e3o de oportunidades de emprego e n\u00e3o se responsabiliza pelo processo seletivo, contrata\u00e7\u00e3o ou qualquer outra etapa relacionada \u00e0s vagas publicadas. Todas as informa\u00e7\u00f5es s\u00e3o de responsabilidade dos anunciantes.\n\n\u26a0\ufe0f Aten\u00e7\u00e3o! Nunca pague por promessas de emprego nem compre cursos que garantam contrata\u00e7\u00e3o. Desconfie de qualquer cobran\u00e7a para participar de sele\u00e7\u00f5es.\n\n\n\n<\/div>\n<!-- CONTENT END 1 -->\n","protected":false},"excerpt":{"rendered":"<p>A cidade de Prad\u00f3polis, localizada no interior de S\u00e3o Paulo, est\u00e1 se destacando no cen\u00e1rio educacional brasileiro gra\u00e7as a uma iniciativa inovadora de educa\u00e7\u00e3o inclusiva&#8230;.<\/p>\n","protected":false},"author":1,"featured_media":0,"comment_status":"open","ping_status":"open","sticky":false,"template":"","format":"standard","meta":{"_uag_custom_page_level_css":"","advanced_seo_description":"","jetpack_seo_html_title":"","jetpack_seo_noindex":false,"jetpack_post_was_ever_published":false,"_jetpack_newsletter_access":"","_jetpack_dont_email_post_to_subs":false,"_jetpack_newsletter_tier_id":0,"_jetpack_memberships_contains_paywalled_content":false,"_jetpack_memberships_contains_paid_content":false,"footnotes":"","jetpack_publicize_message":"","jetpack_publicize_feature_enabled":true,"jetpack_social_post_already_shared":true,"jetpack_social_options":{"image_generator_settings":{"template":"highway","default_image_id":0,"font":"","enabled":false},"version":2}},"categories":[11],"tags":[1033,4417,3816,5889,5888,85],"class_list":["post-63760","post","type-post","status-publish","format-standard","hentry","category-noticias-de-ribeirao-preto-sp-e-regiao-ismael-colosi","tag-educacao","tag-inclusiva","tag-parceria","tag-pradopolissp","tag-transformadora","tag-uma"],"jetpack_publicize_connections":[],"jetpack_featured_media_url":"","uagb_featured_image_src":{"full":false,"thumbnail":false,"medium":false,"medium_large":false,"large":false,"1536x1536":false,"2048x2048":false,"really-simple-thumb":false},"uagb_author_info":{"display_name":"ismaelcolosi.com.br","author_link":"https:\/\/ismaelcolosi.com.br\/index.php\/author\/vidareal-online\/"},"uagb_comment_info":0,"uagb_excerpt":"A cidade de Prad\u00f3polis, localizada no interior de S\u00e3o Paulo, est\u00e1 se destacando no cen\u00e1rio educacional brasileiro gra\u00e7as a uma iniciativa inovadora de educa\u00e7\u00e3o inclusiva....","jetpack-related-posts":[{"id":61160,"url":"https:\/\/ismaelcolosi.com.br\/index.php\/2024\/08\/20\/ultimos-dias-para-inscricoes-em-concurso-com-salarios-de-ate-r-8-mil-no-interior-de-sp\/","url_meta":{"origin":63760,"position":0},"title":"\u00daltimos dias para inscri\u00e7\u00f5es em concurso com sal\u00e1rios de at\u00e9 R$ 8 mil no interior de SP","author":"ismaelcolosi.com.br","date":"20 de August de 2024","format":false,"excerpt":"O prazo para as inscri\u00e7\u00f5es no concurso p\u00fablico com 50 vagas da Prefeitura de Igarapava, no interior de S\u00e3o Paulo, se encerra nesta quinta-feira (22). As oportunidades s\u00e3o de n\u00edvel fundamental, m\u00e9dio, t\u00e9cnico e superior. Os sal\u00e1rios variam entre R$ 1,9 mil e R$ 8,7 mil. Como se inscrever? Os\u2026","rel":"","context":"In &quot;Not\u00edcias de Ribeir\u00e3o Preto-SP e Regi\u00e3o&quot;","block_context":{"text":"Not\u00edcias de Ribeir\u00e3o Preto-SP e Regi\u00e3o","link":"https:\/\/ismaelcolosi.com.br\/index.php\/category\/noticias-de-ribeirao-preto-sp-e-regiao-ismael-colosi\/"},"img":{"alt_text":"","src":"https:\/\/i0.wp.com\/ismaelcolosi.com.br\/wp-content\/uploads\/2024\/06\/Copia-de-Copia-de-TAMANHO-EXATO-PARA-FOTOS-NO-SISTEMA-NOVO-2_2024-06-13_21-46-25_jpg_2024-06-13_21-46-26.webp.webp?fit=1200%2C675&ssl=1&resize=350%2C200","width":350,"height":200,"srcset":"https:\/\/i0.wp.com\/ismaelcolosi.com.br\/wp-content\/uploads\/2024\/06\/Copia-de-Copia-de-TAMANHO-EXATO-PARA-FOTOS-NO-SISTEMA-NOVO-2_2024-06-13_21-46-25_jpg_2024-06-13_21-46-26.webp.webp?fit=1200%2C675&ssl=1&resize=350%2C200 1x, https:\/\/i0.wp.com\/ismaelcolosi.com.br\/wp-content\/uploads\/2024\/06\/Copia-de-Copia-de-TAMANHO-EXATO-PARA-FOTOS-NO-SISTEMA-NOVO-2_2024-06-13_21-46-25_jpg_2024-06-13_21-46-26.webp.webp?fit=1200%2C675&ssl=1&resize=525%2C300 1.5x, https:\/\/i0.wp.com\/ismaelcolosi.com.br\/wp-content\/uploads\/2024\/06\/Copia-de-Copia-de-TAMANHO-EXATO-PARA-FOTOS-NO-SISTEMA-NOVO-2_2024-06-13_21-46-25_jpg_2024-06-13_21-46-26.webp.webp?fit=1200%2C675&ssl=1&resize=700%2C400 2x, https:\/\/i0.wp.com\/ismaelcolosi.com.br\/wp-content\/uploads\/2024\/06\/Copia-de-Copia-de-TAMANHO-EXATO-PARA-FOTOS-NO-SISTEMA-NOVO-2_2024-06-13_21-46-25_jpg_2024-06-13_21-46-26.webp.webp?fit=1200%2C675&ssl=1&resize=1050%2C600 3x"},"classes":[]},{"id":52945,"url":"https:\/\/ismaelcolosi.com.br\/index.php\/2024\/06\/12\/ribeirao-preto-tem-mais-de-200-vagas-gratuitas-para-educacao-de-jovens-e-adultos\/","url_meta":{"origin":63760,"position":1},"title":"Ribeir\u00e3o Preto tem mais de 200 vagas gratuitas para Educa\u00e7\u00e3o de Jovens e Adultos","author":"ismaelcolosi.com.br","date":"12 de June de 2024","format":false,"excerpt":"Uma parceria entre o Sesi Ribeir\u00e3o Preto e o Senai est\u00e1 oferecendo mais de 200 vagas gratuitas para a Nova EJA (Educa\u00e7\u00e3o Jovens e Adultos) e tamb\u00e9m para cursos profissionalizantes destinados ao mesmo p\u00fablico. Os interessados podem se inscrever at\u00e9 o dia 26 de julho. As inscri\u00e7\u00f5es podem ser feitas,\u2026","rel":"","context":"In &quot;Not\u00edcias de Ribeir\u00e3o Preto-SP e Regi\u00e3o&quot;","block_context":{"text":"Not\u00edcias de Ribeir\u00e3o Preto-SP e Regi\u00e3o","link":"https:\/\/ismaelcolosi.com.br\/index.php\/category\/noticias-de-ribeirao-preto-sp-e-regiao-ismael-colosi\/"},"img":{"alt_text":"","src":"https:\/\/i0.wp.com\/ismaelcolosi.com.br\/wp-content\/uploads\/2024\/06\/Copia-de-Copia-de-TAMANHO-EXATO-PARA-FOTOS-NO-SISTEMA-NOVO-9_2024-06-12_13-53-12_jpg_2024-06-12_13-53-12.webp.webp?fit=1200%2C675&ssl=1&resize=350%2C200","width":350,"height":200,"srcset":"https:\/\/i0.wp.com\/ismaelcolosi.com.br\/wp-content\/uploads\/2024\/06\/Copia-de-Copia-de-TAMANHO-EXATO-PARA-FOTOS-NO-SISTEMA-NOVO-9_2024-06-12_13-53-12_jpg_2024-06-12_13-53-12.webp.webp?fit=1200%2C675&ssl=1&resize=350%2C200 1x, https:\/\/i0.wp.com\/ismaelcolosi.com.br\/wp-content\/uploads\/2024\/06\/Copia-de-Copia-de-TAMANHO-EXATO-PARA-FOTOS-NO-SISTEMA-NOVO-9_2024-06-12_13-53-12_jpg_2024-06-12_13-53-12.webp.webp?fit=1200%2C675&ssl=1&resize=525%2C300 1.5x, https:\/\/i0.wp.com\/ismaelcolosi.com.br\/wp-content\/uploads\/2024\/06\/Copia-de-Copia-de-TAMANHO-EXATO-PARA-FOTOS-NO-SISTEMA-NOVO-9_2024-06-12_13-53-12_jpg_2024-06-12_13-53-12.webp.webp?fit=1200%2C675&ssl=1&resize=700%2C400 2x, https:\/\/i0.wp.com\/ismaelcolosi.com.br\/wp-content\/uploads\/2024\/06\/Copia-de-Copia-de-TAMANHO-EXATO-PARA-FOTOS-NO-SISTEMA-NOVO-9_2024-06-12_13-53-12_jpg_2024-06-12_13-53-12.webp.webp?fit=1200%2C675&ssl=1&resize=1050%2C600 3x"},"classes":[]},{"id":57086,"url":"https:\/\/ismaelcolosi.com.br\/index.php\/2024\/07\/17\/veja-como-se-inscrever-para-mais-de-200-vagas-gratuitas-para-educacao-de-jovens-e-adultos\/","url_meta":{"origin":63760,"position":2},"title":"Veja como se inscrever para mais de 200 vagas gratuitas para Educa\u00e7\u00e3o de Jovens e Adultos","author":"ismaelcolosi.com.br","date":"17 de July de 2024","format":false,"excerpt":"O Sesi Ribeir\u00e3o Preto, em parceria com o Senai, est\u00e1 com inscri\u00e7\u00f5es abertas at\u00e9 o dia 26 de julho para jovens e adultos que queiram cursar a educa\u00e7\u00e3o b\u00e1sica ou cursos profissionalizantes. Ao todo, s\u00e3o oferecidas mais de 200 vagas gratuitas. As inscri\u00e7\u00f5es podem ser feitas, exclusivamente, pelo site do\u2026","rel":"","context":"In &quot;Not\u00edcias de Ribeir\u00e3o Preto-SP e Regi\u00e3o&quot;","block_context":{"text":"Not\u00edcias de Ribeir\u00e3o Preto-SP e Regi\u00e3o","link":"https:\/\/ismaelcolosi.com.br\/index.php\/category\/noticias-de-ribeirao-preto-sp-e-regiao-ismael-colosi\/"},"img":{"alt_text":"","src":"https:\/\/i0.wp.com\/ismaelcolosi.com.br\/wp-content\/uploads\/2024\/07\/Copia-de-Copia-de-TAMANHO-EXATO-PARA-FOTOS-NO-SISTEMA-NOVO-31_2024-07-17_20-08-08_jpg_2024-07-17_20-08-08.webp.webp?fit=1200%2C675&ssl=1&resize=350%2C200","width":350,"height":200,"srcset":"https:\/\/i0.wp.com\/ismaelcolosi.com.br\/wp-content\/uploads\/2024\/07\/Copia-de-Copia-de-TAMANHO-EXATO-PARA-FOTOS-NO-SISTEMA-NOVO-31_2024-07-17_20-08-08_jpg_2024-07-17_20-08-08.webp.webp?fit=1200%2C675&ssl=1&resize=350%2C200 1x, https:\/\/i0.wp.com\/ismaelcolosi.com.br\/wp-content\/uploads\/2024\/07\/Copia-de-Copia-de-TAMANHO-EXATO-PARA-FOTOS-NO-SISTEMA-NOVO-31_2024-07-17_20-08-08_jpg_2024-07-17_20-08-08.webp.webp?fit=1200%2C675&ssl=1&resize=525%2C300 1.5x, https:\/\/i0.wp.com\/ismaelcolosi.com.br\/wp-content\/uploads\/2024\/07\/Copia-de-Copia-de-TAMANHO-EXATO-PARA-FOTOS-NO-SISTEMA-NOVO-31_2024-07-17_20-08-08_jpg_2024-07-17_20-08-08.webp.webp?fit=1200%2C675&ssl=1&resize=700%2C400 2x, https:\/\/i0.wp.com\/ismaelcolosi.com.br\/wp-content\/uploads\/2024\/07\/Copia-de-Copia-de-TAMANHO-EXATO-PARA-FOTOS-NO-SISTEMA-NOVO-31_2024-07-17_20-08-08_jpg_2024-07-17_20-08-08.webp.webp?fit=1200%2C675&ssl=1&resize=1050%2C600 3x"},"classes":[]},{"id":67640,"url":"https:\/\/ismaelcolosi.com.br\/index.php\/2024\/09\/24\/inscricoes-para-educacao-de-jovens-e-adultos-estao-abertas-em-ribeirao-preto\/","url_meta":{"origin":63760,"position":3},"title":"Inscri\u00e7\u00f5es para Educa\u00e7\u00e3o de Jovens e Adultos est\u00e3o abertas em Ribeir\u00e3o Preto","author":"ismaelcolosi.com.br","date":"24 de September de 2024","format":false,"excerpt":"O Sesi-SP est\u00e1 com 2 mil vagas dispon\u00edveis para a Nova Educa\u00e7\u00e3o de Jovens e Adultos (Nova EJA) e EJA Profissionalizante em\u00a0escolas de Ribeir\u00e3o Preto, Franca, Sert\u00e3ozinho e Barretos \u2013 veja como se inscrever abaixo. A Nova EJA abrange os anos finais do ensino fundamental (do 6\u00b0 ao 9\u00b0 ano)\u2026","rel":"","context":"In &quot;Not\u00edcias de Ribeir\u00e3o Preto-SP e Regi\u00e3o&quot;","block_context":{"text":"Not\u00edcias de Ribeir\u00e3o Preto-SP e Regi\u00e3o","link":"https:\/\/ismaelcolosi.com.br\/index.php\/category\/noticias-de-ribeirao-preto-sp-e-regiao-ismael-colosi\/"},"img":{"alt_text":"","src":"https:\/\/i0.wp.com\/ismaelcolosi.com.br\/wp-content\/uploads\/2024\/06\/Copia-de-Copia-de-TAMANHO-EXATO-PARA-FOTOS-NO-SISTEMA-NOVO-9_2024-06-12_13-53-12_jpg_2024-06-12_13-53-12.webp.webp?fit=1200%2C675&ssl=1&resize=350%2C200","width":350,"height":200,"srcset":"https:\/\/i0.wp.com\/ismaelcolosi.com.br\/wp-content\/uploads\/2024\/06\/Copia-de-Copia-de-TAMANHO-EXATO-PARA-FOTOS-NO-SISTEMA-NOVO-9_2024-06-12_13-53-12_jpg_2024-06-12_13-53-12.webp.webp?fit=1200%2C675&ssl=1&resize=350%2C200 1x, https:\/\/i0.wp.com\/ismaelcolosi.com.br\/wp-content\/uploads\/2024\/06\/Copia-de-Copia-de-TAMANHO-EXATO-PARA-FOTOS-NO-SISTEMA-NOVO-9_2024-06-12_13-53-12_jpg_2024-06-12_13-53-12.webp.webp?fit=1200%2C675&ssl=1&resize=525%2C300 1.5x, https:\/\/i0.wp.com\/ismaelcolosi.com.br\/wp-content\/uploads\/2024\/06\/Copia-de-Copia-de-TAMANHO-EXATO-PARA-FOTOS-NO-SISTEMA-NOVO-9_2024-06-12_13-53-12_jpg_2024-06-12_13-53-12.webp.webp?fit=1200%2C675&ssl=1&resize=700%2C400 2x, https:\/\/i0.wp.com\/ismaelcolosi.com.br\/wp-content\/uploads\/2024\/06\/Copia-de-Copia-de-TAMANHO-EXATO-PARA-FOTOS-NO-SISTEMA-NOVO-9_2024-06-12_13-53-12_jpg_2024-06-12_13-53-12.webp.webp?fit=1200%2C675&ssl=1&resize=1050%2C600 3x"},"classes":[]},{"id":76909,"url":"https:\/\/ismaelcolosi.com.br\/index.php\/2024\/11\/19\/a-forca-da-lideranca-feminina-na-educacao\/","url_meta":{"origin":63760,"position":4},"title":"A For\u00e7a da Lideran\u00e7a Feminina na Educa\u00e7\u00e3o","author":"ismaelcolosi.com.br","date":"19 de November de 2024","format":false,"excerpt":"Foto: Divulga\u00e7\u00e3oMaria Elisa Carbonari, Giulianna Carbonari Meneghello e Ant\u00f4nio Carbonari Netto Acessibilidade \r L\r L\r A-\r A+\r \r \u25d0\r \r Uma universidade fundada por brasileiros e sediada na Fl\u00f3rida, Estados Unidos, emerge como um exemplo de inova\u00e7\u00e3o e acessibilidade na educa\u00e7\u00e3o superior. Desde sua cria\u00e7\u00e3o, em 2017, a MUST University\u2026","rel":"","context":"In &quot;Carreira e Sucesso&quot;","block_context":{"text":"Carreira e Sucesso","link":"https:\/\/ismaelcolosi.com.br\/index.php\/category\/carreira-e-sucesso-dicas-para-carreira\/"},"img":{"alt_text":"","src":"https:\/\/i0.wp.com\/ismaelcolosi.com.br\/wp-content\/uploads\/2024\/11\/if-must_nov-1200x675.jpg?fit=1200%2C675&ssl=1&resize=350%2C200","width":350,"height":200,"srcset":"https:\/\/i0.wp.com\/ismaelcolosi.com.br\/wp-content\/uploads\/2024\/11\/if-must_nov-1200x675.jpg?fit=1200%2C675&ssl=1&resize=350%2C200 1x, https:\/\/i0.wp.com\/ismaelcolosi.com.br\/wp-content\/uploads\/2024\/11\/if-must_nov-1200x675.jpg?fit=1200%2C675&ssl=1&resize=525%2C300 1.5x, https:\/\/i0.wp.com\/ismaelcolosi.com.br\/wp-content\/uploads\/2024\/11\/if-must_nov-1200x675.jpg?fit=1200%2C675&ssl=1&resize=700%2C400 2x, https:\/\/i0.wp.com\/ismaelcolosi.com.br\/wp-content\/uploads\/2024\/11\/if-must_nov-1200x675.jpg?fit=1200%2C675&ssl=1&resize=1050%2C600 3x"},"classes":[]},{"id":42110,"url":"https:\/\/ismaelcolosi.com.br\/index.php\/2024\/03\/12\/lula-anuncia-estudo-federal-em-rp-ao-lado-de-alckmin-e-vereadora-duda-hidalgo\/","url_meta":{"origin":63760,"position":5},"title":"Lula anuncia estudo Federal em RP ao lado de Alckmin e vereadora Duda Hidalgo","author":"ismaelcolosi.com.br","date":"12 de March de 2024","format":false,"excerpt":"12 de mar\u00e7o de 2024 | 21:22 0Nesta ter\u00e7a-feira, 12 de mar\u00e7o, em meio a uma cerim\u00f4nia de an\u00fancio de mais de cem unidades novas de institutos federais, a cidade de Ribeir\u00e3o Preto foi contemplada de forma in\u00e9dita para ter o seu primeiro campi de instituto federal na cidade. Ap\u00f3s\u2026","rel":"","context":"In &quot;Not\u00edcias de Ribeir\u00e3o Preto-SP e Regi\u00e3o&quot;","block_context":{"text":"Not\u00edcias de Ribeir\u00e3o Preto-SP e Regi\u00e3o","link":"https:\/\/ismaelcolosi.com.br\/index.php\/category\/noticias-de-ribeirao-preto-sp-e-regiao-ismael-colosi\/"},"img":{"alt_text":"","src":"https:\/\/i0.wp.com\/ismaelcolosi.com.br\/wp-content\/uploads\/2024\/03\/085c9510-9625-468c-8f7b-096faf97b828-1-scaled.jpg?fit=968%2C645&ssl=1&resize=350%2C200","width":350,"height":200,"srcset":"https:\/\/i0.wp.com\/ismaelcolosi.com.br\/wp-content\/uploads\/2024\/03\/085c9510-9625-468c-8f7b-096faf97b828-1-scaled.jpg?fit=968%2C645&ssl=1&resize=350%2C200 1x, https:\/\/i0.wp.com\/ismaelcolosi.com.br\/wp-content\/uploads\/2024\/03\/085c9510-9625-468c-8f7b-096faf97b828-1-scaled.jpg?fit=968%2C645&ssl=1&resize=525%2C300 1.5x, https:\/\/i0.wp.com\/ismaelcolosi.com.br\/wp-content\/uploads\/2024\/03\/085c9510-9625-468c-8f7b-096faf97b828-1-scaled.jpg?fit=968%2C645&ssl=1&resize=700%2C400 2x"},"classes":[]}],"jetpack_sharing_enabled":true,"jetpack_shortlink":"https:\/\/wp.me\/pfMlyK-gAo","_links":{"self":[{"href":"https:\/\/ismaelcolosi.com.br\/index.php\/wp-json\/wp\/v2\/posts\/63760","targetHints":{"allow":["GET"]}}],"collection":[{"href":"https:\/\/ismaelcolosi.com.br\/index.php\/wp-json\/wp\/v2\/posts"}],"about":[{"href":"https:\/\/ismaelcolosi.com.br\/index.php\/wp-json\/wp\/v2\/types\/post"}],"author":[{"embeddable":true,"href":"https:\/\/ismaelcolosi.com.br\/index.php\/wp-json\/wp\/v2\/users\/1"}],"replies":[{"embeddable":true,"href":"https:\/\/ismaelcolosi.com.br\/index.php\/wp-json\/wp\/v2\/comments?post=63760"}],"version-history":[{"count":0,"href":"https:\/\/ismaelcolosi.com.br\/index.php\/wp-json\/wp\/v2\/posts\/63760\/revisions"}],"wp:attachment":[{"href":"https:\/\/ismaelcolosi.com.br\/index.php\/wp-json\/wp\/v2\/media?parent=63760"}],"wp:term":[{"taxonomy":"category","embeddable":true,"href":"https:\/\/ismaelcolosi.com.br\/index.php\/wp-json\/wp\/v2\/categories?post=63760"},{"taxonomy":"post_tag","embeddable":true,"href":"https:\/\/ismaelcolosi.com.br\/index.php\/wp-json\/wp\/v2\/tags?post=63760"}],"curies":[{"name":"wp","href":"https:\/\/api.w.org\/{rel}","templated":true}]}}