{"id":63755,"date":"2024-09-03T18:21:56","date_gmt":"2024-09-03T21:21:56","guid":{"rendered":"https:\/\/ismaelcolosi.com.br\/index.php\/2024\/09\/03\/frente-fria-chega-ao-sudeste-nesta-semana-entenda\/"},"modified":"2024-09-03T18:21:56","modified_gmt":"2024-09-03T21:21:56","slug":"frente-fria-chega-ao-sudeste-nesta-semana-entenda","status":"publish","type":"post","link":"https:\/\/ismaelcolosi.com.br\/index.php\/2024\/09\/03\/frente-fria-chega-ao-sudeste-nesta-semana-entenda\/","title":{"rendered":"Frente fria chega ao Sudeste nesta semana; Entenda"},"content":{"rendered":"<p> <br \/>\n<\/p>\n<div>\n<p>Os primeiros dias de setembro est\u00e3o sendo marcados pelo <strong>tempo seco<\/strong> e as <strong>altas temperaturas<\/strong> em todo o <strong>estado de S\u00e3o Paulo<\/strong>. Entretanto, de acordo com os meteorologistas, <mark style=\"background-color:#fcb900\" class=\"has-inline-color\">uma <strong>frente fria deve chegar ao Sudeste nesta semana<\/strong> e mudar o tempo em parte da regi\u00e3o<\/mark>.<\/p>\n<h2 class=\"wp-block-heading\"><strong>Quando chega a frente fria chega ao Sudeste?<\/strong><\/h2>\n<p>De acordo com o meteorologista <strong>Luiz Felippe<\/strong>, mestre e doutor em Ci\u00eancias Atmosf\u00e9ricas pela Universidade de S\u00e3o Paulo (USP) e do <strong><a href=\"https:\/\/www.tempo.com\/noticias\/previsao\/frente-fria-chega-ao-sudeste-ja-nesta-semana-e-muda-o-tempo-em-parte-da-regiao.html\" target=\"_blank\" rel=\"noreferrer noopener\">Meteored<\/a><\/strong>, as temperaturas devem ser muito elevadas em todo o Sudeste at\u00e9 quarta-feira (4).<\/p>\n<p><mark style=\"background-color:#fcb900\" class=\"has-inline-color\">A partir de<strong> quinta-feira (5)<\/strong>, por\u00e9m, h\u00e1 uma <strong>diminui\u00e7\u00e3o consider\u00e1vel na faixa leste da regi\u00e3o<\/strong>, por causa da <strong>passagem de uma<\/strong> <strong>frente fria<\/strong> pelo oceano e a <strong>atua\u00e7\u00e3o de um anticiclone p\u00f3s-frontal<\/strong>.<\/mark><\/p>\n<figure class=\"wp-block-pullquote\">\n<blockquote>\n<p>A passagem de uma frente fria pelo oceano entre quarta e sexta-feira trar\u00e1 muita nebulosidade e chuva fraca desde a faixa leste de S\u00e3o Paulo at\u00e9 o Esp\u00edrito Santo<\/p>\n<p><cite>Luiz Felippe, meteorologista do Meteored<\/cite><\/p><\/blockquote>\n<\/figure>\n<p>Ainda segundo o meteorologista, um<strong> sistema de alta press\u00e3o transiente<\/strong> vai manter os ventos predominantes do Sul em dire\u00e7\u00e3o ao Sudeste na quinta e sexta, \u201ctrazendo um <strong>pouquinho de frio para a faixa leste<\/strong> e um pequeno \u2013 realmente pequeno \u2013 al\u00edvio do calor para as demais regi\u00f5es\u201d.<\/p>\n<p>A faixa leste do estado inclui o litoral, o Vale do Para\u00edba e a regi\u00e3o metropolitana de S\u00e3o Paulo.<\/p>\n<h3 class=\"wp-block-heading\"><strong>Frente fria vai atingir o interior?<\/strong><\/h3>\n<p><strong>Luiz Felippe<\/strong> explica que o <strong>Interior Paulista<\/strong> e o <strong>Tri\u00e2ngulo Mineiro<\/strong> tamb\u00e9m devem ter uma <strong>pequena influ\u00eancia deste ar mais fresco<\/strong>, contudo, <mark style=\"background-color:#fcb900\" class=\"has-inline-color\">as temperaturas estar\u00e3o t\u00e3o elevadas que o refresco ser\u00e1 pouco percept\u00edvel.<\/mark><\/p>\n<figure class=\"wp-block-pullquote\">\n<blockquote>\n<p>Em resumo, uma frente fria que passar\u00e1 pelo oceano entre quarta e sexta-feira deve trazer temperaturas mais amenas para a faixa leste da regi\u00e3o Sudeste, enquanto o calor permanece no interior. H\u00e1 uma probabilidade pequena de chuva no Rio de Janeiro e em Vit\u00f3ria, mas se ela ocorrer, deve ser fraca e isolada<\/p>\n<p><cite>Luiz Felippe, meteorologista do Meteored<\/cite><\/p><\/blockquote>\n<\/figure>\n<h4 class=\"wp-block-heading\"><strong>Calor acima da m\u00e9dia<\/strong><\/h4>\n<p>Um <strong>forte padr\u00e3o de bloqueio<\/strong> estabelecido sobre o Brasil Central est\u00e1 provocando temperaturas muito altas, em torno de <strong>40\u00baC<\/strong>, em algumas partes do <strong>Sudeste <\/strong>e <strong>Centro-Oeste<\/strong>.<\/p>\n<p>Os \u00edndices de <strong>umidade relativa do ar<\/strong> tamb\u00e9m est\u00e3o baixos e podem o atingir estado de alerta e at\u00e9 mesmo de emerg\u00eancia. Devido ao cen\u00e1rio, por\u00e9m, dois novos <strong>alertas de perigo potencial<\/strong> forma emitidos pelo <strong>Instituto Nacional de Meteorologia (Inmet)<\/strong>.<\/p>\n<hr class=\"wp-block-separator has-alpha-channel-opacity\"\/>\n<p>SAIBA MAIS<\/p>\n<p>Como funciona o ped\u00e1gio free flow? Sistema come\u00e7a a operar no interior de SP <mark style=\"background-color:#ffffff\" class=\"has-inline-color has-white-color\">contudo, <\/mark><\/p>\n<h4 class=\"wp-block-heading\"><strong>FIQUE ON<\/strong><\/h4>\n<p>Fique ligado em tudo que acontece em Ribeir\u00e3o Preto e regi\u00e3o. Siga os perfis do<strong>\u00a0acidade on<\/strong>\u00a0no\u00a0<a href=\"https:\/\/www.instagram.com\/acidadeonribeirao\" target=\"_blank\" rel=\"noreferrer noopener\">Instagram<\/a>\u00a0e no<a href=\"https:\/\/www.facebook.com\/acidadeonribeirao\/\" target=\"_blank\" rel=\"noreferrer noopener\">\u00a0Facebook<\/a>.<\/p>\n<p>Receba not\u00edcias do<strong>\u00a0acidade on\u00a0<\/strong>no WhatsApp.\u00a0<a href=\"https:\/\/chat.whatsapp.com\/Dtv9mxhy6V5BJBotM2OQ5k\" target=\"_blank\" rel=\"noreferrer noopener\">Para entrar no grupo, basta clicar aqui<\/a>.<\/p>\n<p>Fa\u00e7a uma den\u00fancia ou sugira uma reportagem sobre Ribeir\u00e3o Preto e regi\u00e3o pelo WhatsApp: 16 99117 7802.<\/p>\n<p>VEJA TAMB\u00c9M<\/p>\n<p>Por que Scheila Carvalho removeu o preenchimento facial?<\/p>\n<p><!-- CONTENT END 1 -->\n<\/div>\n<p><script async src=\"\/\/www.instagram.com\/embed.js\"><\/script><br \/>\n<br \/><br \/>\n<br \/><a href=\"https:\/\/www.acidadeon.com\/ribeiraopreto\/cotidiano\/frente-fria-chega-ao-sudeste-nesta-semana-entenda\/\">Source link <\/a><\/p>\n","protected":false},"excerpt":{"rendered":"<p>Os primeiros dias de setembro est\u00e3o sendo marcados pelo tempo seco e as altas temperaturas em todo o estado de S\u00e3o Paulo. Entretanto, de acordo&#8230;<\/p>\n","protected":false},"author":1,"featured_media":56012,"comment_status":"open","ping_status":"open","sticky":false,"template":"","format":"standard","meta":{"_uag_custom_page_level_css":"","advanced_seo_description":"","jetpack_seo_html_title":"","jetpack_seo_noindex":false,"jetpack_post_was_ever_published":false,"_jetpack_newsletter_access":"","_jetpack_dont_email_post_to_subs":false,"_jetpack_newsletter_tier_id":0,"_jetpack_memberships_contains_paywalled_content":false,"_jetpack_memberships_contains_paid_content":false,"footnotes":"","jetpack_publicize_message":"","jetpack_publicize_feature_enabled":true,"jetpack_social_post_already_shared":true,"jetpack_social_options":{"image_generator_settings":{"template":"highway","default_image_id":0,"font":"","enabled":false},"version":2}},"categories":[11],"tags":[],"class_list":["post-63755","post","type-post","status-publish","format-standard","has-post-thumbnail","hentry","category-noticias-de-ribeirao-preto-sp-e-regiao-ismael-colosi"],"jetpack_publicize_connections":[],"jetpack_featured_media_url":"https:\/\/i0.wp.com\/ismaelcolosi.com.br\/wp-content\/uploads\/2024\/07\/frio-df_mcamgo_abr_110820221818-4_2024-07-08_17-50-52_jpg_2024-07-08_17-50-54-scaled.webp.webp?fit=2560%2C1707&ssl=1","uagb_featured_image_src":{"full":["https:\/\/i0.wp.com\/ismaelcolosi.com.br\/wp-content\/uploads\/2024\/07\/frio-df_mcamgo_abr_110820221818-4_2024-07-08_17-50-52_jpg_2024-07-08_17-50-54-scaled.webp.webp?fit=2560%2C1707&ssl=1",2560,1707,false],"thumbnail":["https:\/\/i0.wp.com\/ismaelcolosi.com.br\/wp-content\/uploads\/2024\/07\/frio-df_mcamgo_abr_110820221818-4_2024-07-08_17-50-52_jpg_2024-07-08_17-50-54-scaled.webp.webp?resize=150%2C150&ssl=1",150,150,true],"medium":["https:\/\/i0.wp.com\/ismaelcolosi.com.br\/wp-content\/uploads\/2024\/07\/frio-df_mcamgo_abr_110820221818-4_2024-07-08_17-50-52_jpg_2024-07-08_17-50-54-scaled.webp.webp?fit=300%2C200&ssl=1",300,200,true],"medium_large":["https:\/\/i0.wp.com\/ismaelcolosi.com.br\/wp-content\/uploads\/2024\/07\/frio-df_mcamgo_abr_110820221818-4_2024-07-08_17-50-52_jpg_2024-07-08_17-50-54-scaled.webp.webp?fit=768%2C512&ssl=1",768,512,true],"large":["https:\/\/i0.wp.com\/ismaelcolosi.com.br\/wp-content\/uploads\/2024\/07\/frio-df_mcamgo_abr_110820221818-4_2024-07-08_17-50-52_jpg_2024-07-08_17-50-54-scaled.webp.webp?fit=1024%2C683&ssl=1",1024,683,true],"1536x1536":["https:\/\/i0.wp.com\/ismaelcolosi.com.br\/wp-content\/uploads\/2024\/07\/frio-df_mcamgo_abr_110820221818-4_2024-07-08_17-50-52_jpg_2024-07-08_17-50-54-scaled.webp.webp?fit=1536%2C1024&ssl=1",1536,1024,true],"2048x2048":["https:\/\/i0.wp.com\/ismaelcolosi.com.br\/wp-content\/uploads\/2024\/07\/frio-df_mcamgo_abr_110820221818-4_2024-07-08_17-50-52_jpg_2024-07-08_17-50-54-scaled.webp.webp?fit=2048%2C1366&ssl=1",2048,1366,true],"really-simple-thumb":["https:\/\/i0.wp.com\/ismaelcolosi.com.br\/wp-content\/uploads\/2024\/07\/frio-df_mcamgo_abr_110820221818-4_2024-07-08_17-50-52_jpg_2024-07-08_17-50-54-scaled.webp.webp?resize=370%2C247&ssl=1",370,247,true]},"uagb_author_info":{"display_name":"ismaelcolosi.com.br","author_link":"https:\/\/ismaelcolosi.com.br\/index.php\/author\/vidareal-online\/"},"uagb_comment_info":0,"uagb_excerpt":"Os primeiros dias de setembro est\u00e3o sendo marcados pelo tempo seco e as altas temperaturas em todo o estado de S\u00e3o Paulo. Entretanto, de acordo...","jetpack-related-posts":[{"id":46284,"url":"https:\/\/ismaelcolosi.com.br\/index.php\/2024\/04\/10\/frente-fria-chega-ao-interior-de-sp-nesta-quinta-feira-veja-a-previsao\/","url_meta":{"origin":63755,"position":0},"title":"Frente fria chega ao interior de SP nesta quinta-feira; Veja a previs\u00e3o","author":"ismaelcolosi.com.br","date":"10 de April de 2024","format":false,"excerpt":"Uma frente fria formada na Argentina deve causar chuva e temperaturas mais amenas no Sul, antes de chegar ao Sudeste do pa\u00eds, incluindo o estado de S\u00e3o Paulo e o litoral paulista, nesta semana. A alta press\u00e3o que vem na retaguarda desse sistema deve trazer um pouco de ar frio,\u2026","rel":"","context":"In &quot;Not\u00edcias de Ribeir\u00e3o Preto-SP e Regi\u00e3o&quot;","block_context":{"text":"Not\u00edcias de Ribeir\u00e3o Preto-SP e Regi\u00e3o","link":"https:\/\/ismaelcolosi.com.br\/index.php\/category\/noticias-de-ribeirao-preto-sp-e-regiao-ismael-colosi\/"},"img":{"alt_text":"","src":"https:\/\/ismaelcolosi.com.br\/wp-content\/uploads\/2024\/04\/whatsapp_image_2022-08-08_at_07_42_08.jpe","width":350,"height":200,"srcset":"https:\/\/ismaelcolosi.com.br\/wp-content\/uploads\/2024\/04\/whatsapp_image_2022-08-08_at_07_42_08.jpe 1x, https:\/\/ismaelcolosi.com.br\/wp-content\/uploads\/2024\/04\/whatsapp_image_2022-08-08_at_07_42_08.jpe 1.5x, https:\/\/ismaelcolosi.com.br\/wp-content\/uploads\/2024\/04\/whatsapp_image_2022-08-08_at_07_42_08.jpe 2x, https:\/\/ismaelcolosi.com.br\/wp-content\/uploads\/2024\/04\/whatsapp_image_2022-08-08_at_07_42_08.jpe 3x"},"classes":[]},{"id":55721,"url":"https:\/\/ismaelcolosi.com.br\/index.php\/2024\/07\/05\/frente-fria-chega-ao-estado-de-sp-nesta-sexta-veja-como-fica-o-tempo-no-fim-de-semana\/","url_meta":{"origin":63755,"position":1},"title":"Frente fria chega ao estado de SP nesta sexta; Veja como fica o tempo no fim de semana","author":"ismaelcolosi.com.br","date":"5 de July de 2024","format":false,"excerpt":"Uma frente fria chega ao estado de S\u00e3o Paulo nesta sexta-feira (5). Segundo a Climatempo, este sistema tem fraca intensidade e deve atingir apenas o litoral paulista e o Vale do Ribeira. Ainda conforme a meteorologia, mesmo com\u00a0a frente fria, todo o estado de S\u00e3o Paulo tem previs\u00e3o de sol\u2026","rel":"","context":"In &quot;Not\u00edcias de Ribeir\u00e3o Preto-SP e Regi\u00e3o&quot;","block_context":{"text":"Not\u00edcias de Ribeir\u00e3o Preto-SP e Regi\u00e3o","link":"https:\/\/ismaelcolosi.com.br\/index.php\/category\/noticias-de-ribeirao-preto-sp-e-regiao-ismael-colosi\/"},"img":{"alt_text":"","src":"https:\/\/i0.wp.com\/ismaelcolosi.com.br\/wp-content\/uploads\/2024\/07\/RIBEIRAO-PRETO.jpg?fit=1200%2C708&ssl=1&resize=350%2C200","width":350,"height":200,"srcset":"https:\/\/i0.wp.com\/ismaelcolosi.com.br\/wp-content\/uploads\/2024\/07\/RIBEIRAO-PRETO.jpg?fit=1200%2C708&ssl=1&resize=350%2C200 1x, https:\/\/i0.wp.com\/ismaelcolosi.com.br\/wp-content\/uploads\/2024\/07\/RIBEIRAO-PRETO.jpg?fit=1200%2C708&ssl=1&resize=525%2C300 1.5x, https:\/\/i0.wp.com\/ismaelcolosi.com.br\/wp-content\/uploads\/2024\/07\/RIBEIRAO-PRETO.jpg?fit=1200%2C708&ssl=1&resize=700%2C400 2x, https:\/\/i0.wp.com\/ismaelcolosi.com.br\/wp-content\/uploads\/2024\/07\/RIBEIRAO-PRETO.jpg?fit=1200%2C708&ssl=1&resize=1050%2C600 3x"},"classes":[]},{"id":58124,"url":"https:\/\/ismaelcolosi.com.br\/index.php\/2024\/07\/28\/defesa-civil-de-sao-paulo-publica-alerta-de-ventos-fortes-frente-fria-esta-chegando\/","url_meta":{"origin":63755,"position":2},"title":"Defesa Civil de S\u00e3o Paulo publica alerta de ventos fortes; frente fria est\u00e1 chegando","author":"ismaelcolosi.com.br","date":"28 de July de 2024","format":false,"excerpt":"A Defesa Civil do Estado de S\u00e3o Paulo publicou um alerta de ventos fortes para todo o litoral paulista. O aviso \u00e9 v\u00e1lido para o per\u00edodo entre segunda-feira (29) e ter\u00e7a-feira (30). Segundo aviso, as rajadas de vento poder\u00e3o chegar em 75 km\/h. \u201cRecomendamos aten\u00e7\u00e3o \u00e0s \u00e1reas mais vulner\u00e1veis\u201d, informa\u2026","rel":"","context":"In &quot;Not\u00edcias de Ribeir\u00e3o Preto-SP e Regi\u00e3o&quot;","block_context":{"text":"Not\u00edcias de Ribeir\u00e3o Preto-SP e Regi\u00e3o","link":"https:\/\/ismaelcolosi.com.br\/index.php\/category\/noticias-de-ribeirao-preto-sp-e-regiao-ismael-colosi\/"},"img":{"alt_text":"","src":"https:\/\/i0.wp.com\/ismaelcolosi.com.br\/wp-content\/uploads\/2024\/07\/WhatsApp-Image-2024-01-14-at-10.08.20.jpeg?fit=1200%2C900&ssl=1&resize=350%2C200","width":350,"height":200,"srcset":"https:\/\/i0.wp.com\/ismaelcolosi.com.br\/wp-content\/uploads\/2024\/07\/WhatsApp-Image-2024-01-14-at-10.08.20.jpeg?fit=1200%2C900&ssl=1&resize=350%2C200 1x, https:\/\/i0.wp.com\/ismaelcolosi.com.br\/wp-content\/uploads\/2024\/07\/WhatsApp-Image-2024-01-14-at-10.08.20.jpeg?fit=1200%2C900&ssl=1&resize=525%2C300 1.5x, https:\/\/i0.wp.com\/ismaelcolosi.com.br\/wp-content\/uploads\/2024\/07\/WhatsApp-Image-2024-01-14-at-10.08.20.jpeg?fit=1200%2C900&ssl=1&resize=700%2C400 2x, https:\/\/i0.wp.com\/ismaelcolosi.com.br\/wp-content\/uploads\/2024\/07\/WhatsApp-Image-2024-01-14-at-10.08.20.jpeg?fit=1200%2C900&ssl=1&resize=1050%2C600 3x"},"classes":[]},{"id":51572,"url":"https:\/\/ismaelcolosi.com.br\/index.php\/2024\/05\/28\/segunda-onda-de-frio-chega-ao-estado-de-sp-e-derruba-as-temperaturas\/","url_meta":{"origin":63755,"position":3},"title":"Segunda onda de frio chega ao estado de SP e derruba as temperaturas","author":"ismaelcolosi.com.br","date":"28 de May de 2024","format":false,"excerpt":"A segunda onda de frio de 2024 come\u00e7ou a se formar e deve derrubar as temperaturas no estado S\u00e3o Paulo, a apartir da noite desta ter\u00e7a-feira (28). De acordo com os meteorologistas, ap\u00f3s a forma\u00e7\u00e3o de ciclone extratropical e sua frente fria na segunda (27), a alta p\u00f3s frontal avan\u00e7ar\u00e1\u2026","rel":"","context":"In &quot;Not\u00edcias de Ribeir\u00e3o Preto-SP e Regi\u00e3o&quot;","block_context":{"text":"Not\u00edcias de Ribeir\u00e3o Preto-SP e Regi\u00e3o","link":"https:\/\/ismaelcolosi.com.br\/index.php\/category\/noticias-de-ribeirao-preto-sp-e-regiao-ismael-colosi\/"},"img":{"alt_text":"","src":"https:\/\/i0.wp.com\/ismaelcolosi.com.br\/wp-content\/uploads\/2024\/04\/AnyConv.com__frio.webp.webp?fit=1200%2C800&ssl=1&resize=350%2C200","width":350,"height":200,"srcset":"https:\/\/i0.wp.com\/ismaelcolosi.com.br\/wp-content\/uploads\/2024\/04\/AnyConv.com__frio.webp.webp?fit=1200%2C800&ssl=1&resize=350%2C200 1x, https:\/\/i0.wp.com\/ismaelcolosi.com.br\/wp-content\/uploads\/2024\/04\/AnyConv.com__frio.webp.webp?fit=1200%2C800&ssl=1&resize=525%2C300 1.5x, https:\/\/i0.wp.com\/ismaelcolosi.com.br\/wp-content\/uploads\/2024\/04\/AnyConv.com__frio.webp.webp?fit=1200%2C800&ssl=1&resize=700%2C400 2x, https:\/\/i0.wp.com\/ismaelcolosi.com.br\/wp-content\/uploads\/2024\/04\/AnyConv.com__frio.webp.webp?fit=1200%2C800&ssl=1&resize=1050%2C600 3x"},"classes":[]},{"id":69616,"url":"https:\/\/ismaelcolosi.com.br\/index.php\/2024\/10\/07\/frente-fria-chega-nesta-semana-e-interior-de-sp-tem-previsao-de-chuva-forte\/","url_meta":{"origin":63755,"position":4},"title":"Frente fria chega nesta semana e interior de SP tem previs\u00e3o de chuva forte","author":"ismaelcolosi.com.br","date":"7 de October de 2024","format":false,"excerpt":"A chegada de uma frente fria pode trazer chuva ao interior de S\u00e3o Paulo nesta semana. Segundo a Climatempo, a tend\u00eancia \u00e9 que a condi\u00e7\u00e3o de chuva aumente entre quarta-feira (9) e sexta-feira (11) na regi\u00e3o Sudeste. H\u00e1 risco de chuva forte nas regi\u00f5es de Ribeir\u00e3o Preto, S\u00e3o Carlos e\u2026","rel":"","context":"In &quot;Not\u00edcias de Ribeir\u00e3o Preto-SP e Regi\u00e3o&quot;","block_context":{"text":"Not\u00edcias de Ribeir\u00e3o Preto-SP e Regi\u00e3o","link":"https:\/\/ismaelcolosi.com.br\/index.php\/category\/noticias-de-ribeirao-preto-sp-e-regiao-ismael-colosi\/"},"img":{"alt_text":"","src":"https:\/\/i0.wp.com\/ismaelcolosi.com.br\/wp-content\/uploads\/2024\/07\/RIBEIRAO-PRETO_2024-07-29_16-25-16_jpg_2024-07-29_16-25-17.webp.webp?fit=1200%2C679&ssl=1&resize=350%2C200","width":350,"height":200,"srcset":"https:\/\/i0.wp.com\/ismaelcolosi.com.br\/wp-content\/uploads\/2024\/07\/RIBEIRAO-PRETO_2024-07-29_16-25-16_jpg_2024-07-29_16-25-17.webp.webp?fit=1200%2C679&ssl=1&resize=350%2C200 1x, https:\/\/i0.wp.com\/ismaelcolosi.com.br\/wp-content\/uploads\/2024\/07\/RIBEIRAO-PRETO_2024-07-29_16-25-16_jpg_2024-07-29_16-25-17.webp.webp?fit=1200%2C679&ssl=1&resize=525%2C300 1.5x, https:\/\/i0.wp.com\/ismaelcolosi.com.br\/wp-content\/uploads\/2024\/07\/RIBEIRAO-PRETO_2024-07-29_16-25-16_jpg_2024-07-29_16-25-17.webp.webp?fit=1200%2C679&ssl=1&resize=700%2C400 2x, https:\/\/i0.wp.com\/ismaelcolosi.com.br\/wp-content\/uploads\/2024\/07\/RIBEIRAO-PRETO_2024-07-29_16-25-16_jpg_2024-07-29_16-25-17.webp.webp?fit=1200%2C679&ssl=1&resize=1050%2C600 3x"},"classes":[]},{"id":54783,"url":"https:\/\/ismaelcolosi.com.br\/index.php\/2024\/06\/27\/frente-fria-chega-neste-final-de-semana-e-derruba-temperaturas-no-interior-de-sp-veja-previsao\/","url_meta":{"origin":63755,"position":5},"title":"Frente fria chega neste final de semana e derruba temperaturas no interior de SP; Veja previs\u00e3o","author":"ismaelcolosi.com.br","date":"27 de June de 2024","format":false,"excerpt":"A chegada de uma forte frente fria neste final de semana deve provocar uma queda de temperatura em diversas regi\u00f5es do interior do Estado de S\u00e3o Paulo, de acordo com a meteorologia. Esse cen\u00e1rio, conforme explica a Climatempo, est\u00e1 associado a um grande ciclone extratropical acompanhado de uma forte massa\u2026","rel":"","context":"In &quot;Not\u00edcias de Ribeir\u00e3o Preto-SP e Regi\u00e3o&quot;","block_context":{"text":"Not\u00edcias de Ribeir\u00e3o Preto-SP e Regi\u00e3o","link":"https:\/\/ismaelcolosi.com.br\/index.php\/category\/noticias-de-ribeirao-preto-sp-e-regiao-ismael-colosi\/"},"img":{"alt_text":"","src":"https:\/\/i0.wp.com\/ismaelcolosi.com.br\/wp-content\/uploads\/2024\/06\/ceu_nublado_e_tempo_frio_em_campinas_cxdigo_19_166036-scaled.jpg?fit=1200%2C800&ssl=1&resize=350%2C200","width":350,"height":200,"srcset":"https:\/\/i0.wp.com\/ismaelcolosi.com.br\/wp-content\/uploads\/2024\/06\/ceu_nublado_e_tempo_frio_em_campinas_cxdigo_19_166036-scaled.jpg?fit=1200%2C800&ssl=1&resize=350%2C200 1x, https:\/\/i0.wp.com\/ismaelcolosi.com.br\/wp-content\/uploads\/2024\/06\/ceu_nublado_e_tempo_frio_em_campinas_cxdigo_19_166036-scaled.jpg?fit=1200%2C800&ssl=1&resize=525%2C300 1.5x, https:\/\/i0.wp.com\/ismaelcolosi.com.br\/wp-content\/uploads\/2024\/06\/ceu_nublado_e_tempo_frio_em_campinas_cxdigo_19_166036-scaled.jpg?fit=1200%2C800&ssl=1&resize=700%2C400 2x, https:\/\/i0.wp.com\/ismaelcolosi.com.br\/wp-content\/uploads\/2024\/06\/ceu_nublado_e_tempo_frio_em_campinas_cxdigo_19_166036-scaled.jpg?fit=1200%2C800&ssl=1&resize=1050%2C600 3x"},"classes":[]}],"jetpack_sharing_enabled":true,"jetpack_shortlink":"https:\/\/wp.me\/pfMlyK-gAj","_links":{"self":[{"href":"https:\/\/ismaelcolosi.com.br\/index.php\/wp-json\/wp\/v2\/posts\/63755","targetHints":{"allow":["GET"]}}],"collection":[{"href":"https:\/\/ismaelcolosi.com.br\/index.php\/wp-json\/wp\/v2\/posts"}],"about":[{"href":"https:\/\/ismaelcolosi.com.br\/index.php\/wp-json\/wp\/v2\/types\/post"}],"author":[{"embeddable":true,"href":"https:\/\/ismaelcolosi.com.br\/index.php\/wp-json\/wp\/v2\/users\/1"}],"replies":[{"embeddable":true,"href":"https:\/\/ismaelcolosi.com.br\/index.php\/wp-json\/wp\/v2\/comments?post=63755"}],"version-history":[{"count":0,"href":"https:\/\/ismaelcolosi.com.br\/index.php\/wp-json\/wp\/v2\/posts\/63755\/revisions"}],"wp:featuredmedia":[{"embeddable":true,"href":"https:\/\/ismaelcolosi.com.br\/index.php\/wp-json\/wp\/v2\/media\/56012"}],"wp:attachment":[{"href":"https:\/\/ismaelcolosi.com.br\/index.php\/wp-json\/wp\/v2\/media?parent=63755"}],"wp:term":[{"taxonomy":"category","embeddable":true,"href":"https:\/\/ismaelcolosi.com.br\/index.php\/wp-json\/wp\/v2\/categories?post=63755"},{"taxonomy":"post_tag","embeddable":true,"href":"https:\/\/ismaelcolosi.com.br\/index.php\/wp-json\/wp\/v2\/tags?post=63755"}],"curies":[{"name":"wp","href":"https:\/\/api.w.org\/{rel}","templated":true}]}}