{"id":63747,"date":"2024-09-03T17:51:28","date_gmt":"2024-09-03T20:51:28","guid":{"rendered":"https:\/\/ismaelcolosi.com.br\/index.php\/2024\/09\/03\/como-funciona-o-pedagio-free-flow-sistema-comeca-a-operar-no-interior-de-sp\/"},"modified":"2024-09-03T17:51:28","modified_gmt":"2024-09-03T20:51:28","slug":"como-funciona-o-pedagio-free-flow-sistema-comeca-a-operar-no-interior-de-sp","status":"publish","type":"post","link":"https:\/\/ismaelcolosi.com.br\/index.php\/2024\/09\/03\/como-funciona-o-pedagio-free-flow-sistema-comeca-a-operar-no-interior-de-sp\/","title":{"rendered":"Como funciona o ped\u00e1gio free flow? Sistema come\u00e7a a operar no interior de SP"},"content":{"rendered":"<p> <br \/>\n<\/p>\n<div data-td-block-uid=\"tdi_106\">\n<div class=\"tdb-block-inner td-fix-index\">\n<p>O primeiro <strong>ped\u00e1gio free flow<\/strong> do estado de S\u00e3o Paulo come\u00e7a a funcionar nesta quarta-feira (4), na <strong>SP-333<\/strong> (rodovias Carlos Tonanni, Nem\u00e9sio Cadetti, Laurentino Mascari e Dr. M\u00e1rio Gentil), em <strong>It\u00e1polis<\/strong>, no interior paulista.<\/p>\n<p>A nova tecnologia substitui o modelo tradicional de ped\u00e1gio e faz a <strong>cobran\u00e7a da tarifa por meio de p\u00f3rticos<\/strong> que foram instalados no quil\u00f4metro 179. <strong><mark style=\"background-color:#fcb900\" class=\"has-inline-color\">O investimento foi de R$ 17,5 milh\u00f5es.<\/mark><\/strong><\/p>\n<p>De acordo com a <strong><a href=\"https:\/\/www.econoroeste.com.br\/\" target=\"_blank\" rel=\"noreferrer noopener\">EcoNoroeste<\/a><\/strong>, a opera\u00e7\u00e3o de um <strong>ped\u00e1gio free flow<\/strong> em Jaboticabal deve acontecer at\u00e9 o final deste ano.<\/p>\n<h2 class=\"wp-block-heading\"><strong>Como vai funcionar o ped\u00e1gio?<\/strong><\/h2>\n<p>O sistema<strong> free flow <\/strong>\u00e9 operado por p\u00f3rticos que possuem um <strong>sistema de c\u00e2meras<\/strong>, <strong>antenas <\/strong>e <strong>sensores<\/strong>. <mark style=\"background-color:#fcb900\" class=\"has-inline-color\">Esses equipamentos permitem que os usu\u00e1rios sigam viagem sem precisar parar em cabines ou reduzir a velocidade.<\/mark><\/p>\n<p>Para os usu\u00e1rios que <strong>possuem uma TAG<\/strong> \u2013 como Sem Parar e Veloe \u2013 o valor \u00e9 cobrado automaticamente pela operadora contratada e os motoristas ter\u00e3o <strong>descontos progressivos<\/strong>.<\/p>\n<p>Contudo, aqueles que <strong>n\u00e3o possuem a TAG <\/strong>precisam efetuar o pagamento em <strong>at\u00e9 15 dias ap\u00f3s a passagem pelo p\u00f3rtico<\/strong> nos canais disponibilizados pela concession\u00e1ria \u2013 veja abaixo.<\/p>\n<p>Vale ressaltar que, o n\u00e3o pagamento da tarifa \u00e9 considerado <strong>infra\u00e7\u00e3o grave<\/strong> pelo <strong>C\u00f3digo de Tr\u00e2nsito Brasileiro (CTB)<\/strong>, com multa de evas\u00e3o no valor de <strong>R$ 195,23<\/strong> e <strong>5 pontos<\/strong> na <strong>Carteira Nacional de Habilita\u00e7\u00e3o (CNH)<\/strong>.<\/p>\n<h3 class=\"wp-block-heading\"><strong>Quais s\u00e3o as formas de pagamento para quem n\u00e3o tem TAG?<\/strong><\/h3>\n<ul>\n<li><strong>Aplicativo<\/strong>: Dispon\u00edvel na Apple Store, para usu\u00e1rios de iOS, e Google Play Store, para os de Android. O app, al\u00e9m de direcionar o motorista para o Ped\u00e1gio Pay, ter\u00e1 outros servi\u00e7os, como calculadora de desconto e mapa interativo.<\/li>\n<\/ul>\n<ul>\n<li><strong>Presencialmente nos SAUS da SP-333<\/strong>: Atrav\u00e9s dos totens de autoatendimento. O pagamento pode ser realizado com cart\u00e3o de cr\u00e9dito, d\u00e9bito ou PIX.<\/li>\n<\/ul>\n<h4 class=\"wp-block-heading\"><strong>Como funcionar\u00e3o os descontos para quem tem TAG?<\/strong><\/h4>\n<ul>\n<li><strong>Desconto de Usu\u00e1rio Frequente (DUF)<\/strong>: dispon\u00edvel apenas para ve\u00edculos de passeio que passarem pela segunda vez por uma mesma pra\u00e7a de ped\u00e1gio, no mesmo sentido e dentro do mesmo m\u00eas. <strong>Usu\u00e1rios ter\u00e3o redu\u00e7\u00e3o adicional e progressiva sobre o valor da \u00faltima tarifa paga<\/strong>. Ao chegar a 30\u00aa passagem, o valor com o desconto permanece fixo at\u00e9 o \u00faltimo dia do m\u00eas.<\/li>\n<\/ul>\n<ul>\n<li><strong>Desconto B\u00e1sico da Tarifa (DBT)<\/strong>: Em todas as passagens \u00e9 aplicado um <strong>desconto de 5%<\/strong> na tarifa de ve\u00edculos comerciais e de passeio, incluindo reboque e semirreboque, se houver.<\/li>\n<\/ul>\n<hr class=\"wp-block-separator has-alpha-channel-opacity\"\/>\n<p>SAIBA MAIS<\/p>\n<p>Rodovia Anhanguera \u00e9 interditada por causa da fuma\u00e7a; veja v\u00eddeo<\/p>\n<h4 class=\"wp-block-heading\"><strong>FIQUE ON<\/strong><\/h4>\n<p>Fique ligado em tudo que acontece em Ribeir\u00e3o Preto e regi\u00e3o. Siga os perfis do<strong>\u00a0acidade on<\/strong>\u00a0no\u00a0<a href=\"https:\/\/www.instagram.com\/acidadeonribeirao\" target=\"_blank\" rel=\"noreferrer noopener\">Instagram<\/a>\u00a0e no<a href=\"https:\/\/www.facebook.com\/acidadeonribeirao\/\" target=\"_blank\" rel=\"noreferrer noopener\">\u00a0Facebook<\/a>.<\/p>\n<p>Receba not\u00edcias do<strong>\u00a0acidade on\u00a0<\/strong>no WhatsApp.\u00a0<a href=\"https:\/\/chat.whatsapp.com\/Dtv9mxhy6V5BJBotM2OQ5k\" target=\"_blank\" rel=\"noreferrer noopener\">Para entrar no grupo, basta clicar aqui<\/a>.<\/p>\n<p>Fa\u00e7a uma den\u00fancia ou sugira uma reportagem sobre Ribeir\u00e3o Preto e regi\u00e3o pelo WhatsApp: 16 99117 7802.<\/p>\n<p>VEJA TAMB\u00c9M<\/p>\n<p>Por que Scheila Carvalho removeu o preenchimento facial?<\/p>\n<p><!-- CONTENT END 1 -->\n<\/div>\n<\/div>\n<p><script async src=\"\/\/www.instagram.com\/embed.js\"><\/script><br \/>\n<br \/><br \/>\n<br \/><a href=\"https:\/\/www.acidadeon.com\/ribeiraopreto\/economia\/como-funciona-o-pedagio-free-flow-sistema-comeca-a-operar-no-interior-de-sp\/\">Source link <\/a><\/p>\n","protected":false},"excerpt":{"rendered":"<p>O primeiro ped\u00e1gio free flow do estado de S\u00e3o Paulo come\u00e7a a funcionar nesta quarta-feira (4), na SP-333 (rodovias Carlos Tonanni, Nem\u00e9sio Cadetti, Laurentino Mascari&#8230;<\/p>\n","protected":false},"author":1,"featured_media":63748,"comment_status":"open","ping_status":"open","sticky":false,"template":"","format":"standard","meta":{"_uag_custom_page_level_css":"","advanced_seo_description":"","jetpack_seo_html_title":"","jetpack_seo_noindex":false,"jetpack_post_was_ever_published":false,"_jetpack_newsletter_access":"","_jetpack_dont_email_post_to_subs":false,"_jetpack_newsletter_tier_id":0,"_jetpack_memberships_contains_paywalled_content":false,"_jetpack_memberships_contains_paid_content":false,"footnotes":"","jetpack_publicize_message":"","jetpack_publicize_feature_enabled":true,"jetpack_social_post_already_shared":true,"jetpack_social_options":{"image_generator_settings":{"template":"highway","default_image_id":0,"font":"","enabled":false},"version":2}},"categories":[11],"tags":[],"class_list":["post-63747","post","type-post","status-publish","format-standard","has-post-thumbnail","hentry","category-noticias-de-ribeirao-preto-sp-e-regiao-ismael-colosi"],"jetpack_publicize_connections":[],"jetpack_featured_media_url":"https:\/\/i0.wp.com\/ismaelcolosi.com.br\/wp-content\/uploads\/2024\/09\/2_ECONOROESTE_Portico-Free-Flow-Itapolis_SP_02_09_2024_2024-09-03_20-08-08_jpeg_2024-09-03_20-08-08.webp.webp?fit=1079%2C668&ssl=1","uagb_featured_image_src":{"full":["https:\/\/i0.wp.com\/ismaelcolosi.com.br\/wp-content\/uploads\/2024\/09\/2_ECONOROESTE_Portico-Free-Flow-Itapolis_SP_02_09_2024_2024-09-03_20-08-08_jpeg_2024-09-03_20-08-08.webp.webp?fit=1079%2C668&ssl=1",1079,668,false],"thumbnail":["https:\/\/i0.wp.com\/ismaelcolosi.com.br\/wp-content\/uploads\/2024\/09\/2_ECONOROESTE_Portico-Free-Flow-Itapolis_SP_02_09_2024_2024-09-03_20-08-08_jpeg_2024-09-03_20-08-08.webp.webp?resize=150%2C150&ssl=1",150,150,true],"medium":["https:\/\/i0.wp.com\/ismaelcolosi.com.br\/wp-content\/uploads\/2024\/09\/2_ECONOROESTE_Portico-Free-Flow-Itapolis_SP_02_09_2024_2024-09-03_20-08-08_jpeg_2024-09-03_20-08-08.webp.webp?fit=300%2C186&ssl=1",300,186,true],"medium_large":["https:\/\/i0.wp.com\/ismaelcolosi.com.br\/wp-content\/uploads\/2024\/09\/2_ECONOROESTE_Portico-Free-Flow-Itapolis_SP_02_09_2024_2024-09-03_20-08-08_jpeg_2024-09-03_20-08-08.webp.webp?fit=768%2C475&ssl=1",768,475,true],"large":["https:\/\/i0.wp.com\/ismaelcolosi.com.br\/wp-content\/uploads\/2024\/09\/2_ECONOROESTE_Portico-Free-Flow-Itapolis_SP_02_09_2024_2024-09-03_20-08-08_jpeg_2024-09-03_20-08-08.webp.webp?fit=1024%2C634&ssl=1",1024,634,true],"1536x1536":["https:\/\/i0.wp.com\/ismaelcolosi.com.br\/wp-content\/uploads\/2024\/09\/2_ECONOROESTE_Portico-Free-Flow-Itapolis_SP_02_09_2024_2024-09-03_20-08-08_jpeg_2024-09-03_20-08-08.webp.webp?fit=1079%2C668&ssl=1",1079,668,true],"2048x2048":["https:\/\/i0.wp.com\/ismaelcolosi.com.br\/wp-content\/uploads\/2024\/09\/2_ECONOROESTE_Portico-Free-Flow-Itapolis_SP_02_09_2024_2024-09-03_20-08-08_jpeg_2024-09-03_20-08-08.webp.webp?fit=1079%2C668&ssl=1",1079,668,true],"really-simple-thumb":["https:\/\/i0.wp.com\/ismaelcolosi.com.br\/wp-content\/uploads\/2024\/09\/2_ECONOROESTE_Portico-Free-Flow-Itapolis_SP_02_09_2024_2024-09-03_20-08-08_jpeg_2024-09-03_20-08-08.webp.webp?resize=370%2C247&ssl=1",370,247,true]},"uagb_author_info":{"display_name":"ismaelcolosi.com.br","author_link":"https:\/\/ismaelcolosi.com.br\/index.php\/author\/vidareal-online\/"},"uagb_comment_info":0,"uagb_excerpt":"O primeiro ped\u00e1gio free flow do estado de S\u00e3o Paulo come\u00e7a a funcionar nesta quarta-feira (4), na SP-333 (rodovias Carlos Tonanni, Nem\u00e9sio Cadetti, Laurentino Mascari...","jetpack-related-posts":[{"id":63484,"url":"https:\/\/ismaelcolosi.com.br\/index.php\/2024\/09\/02\/pedagio-free-flow-comeca-a-operar-no-interior-de-sp-nesta-semana-saiba-como-funciona\/","url_meta":{"origin":63747,"position":0},"title":"Ped\u00e1gio free flow come\u00e7a a operar no interior de SP nesta semana; Saiba como funciona","author":"ismaelcolosi.com.br","date":"2 de September de 2024","format":false,"excerpt":"Os p\u00f3rticos do ped\u00e1gio free flow come\u00e7am a operar na SP-333 (rodovias Carlos Tonanni, Nem\u00e9sio Cadetti, Laurentino Mascari e Dr. M\u00e1rio Gentil), no interior de S\u00e3o Paulo, nesta semana. A pra\u00e7a de ped\u00e1gio de It\u00e1polis, no quil\u00f4metro 179, colocar\u00e1 em opera\u00e7\u00e3o a nova tecnologia de ped\u00e1gio eletr\u00f4nica na quarta-feira (4).\u2026","rel":"","context":"In &quot;Not\u00edcias de Ribeir\u00e3o Preto-SP e Regi\u00e3o&quot;","block_context":{"text":"Not\u00edcias de Ribeir\u00e3o Preto-SP e Regi\u00e3o","link":"https:\/\/ismaelcolosi.com.br\/index.php\/category\/noticias-de-ribeirao-preto-sp-e-regiao-ismael-colosi\/"},"img":{"alt_text":"","src":"https:\/\/i0.wp.com\/ismaelcolosi.com.br\/wp-content\/uploads\/2024\/09\/pedagio-free-flow_2024-09-02_16-33-58_jpg_2024-09-02_16-33-58.webp.webp?fit=1079%2C682&ssl=1&resize=350%2C200","width":350,"height":200,"srcset":"https:\/\/i0.wp.com\/ismaelcolosi.com.br\/wp-content\/uploads\/2024\/09\/pedagio-free-flow_2024-09-02_16-33-58_jpg_2024-09-02_16-33-58.webp.webp?fit=1079%2C682&ssl=1&resize=350%2C200 1x, https:\/\/i0.wp.com\/ismaelcolosi.com.br\/wp-content\/uploads\/2024\/09\/pedagio-free-flow_2024-09-02_16-33-58_jpg_2024-09-02_16-33-58.webp.webp?fit=1079%2C682&ssl=1&resize=525%2C300 1.5x, https:\/\/i0.wp.com\/ismaelcolosi.com.br\/wp-content\/uploads\/2024\/09\/pedagio-free-flow_2024-09-02_16-33-58_jpg_2024-09-02_16-33-58.webp.webp?fit=1079%2C682&ssl=1&resize=700%2C400 2x, https:\/\/i0.wp.com\/ismaelcolosi.com.br\/wp-content\/uploads\/2024\/09\/pedagio-free-flow_2024-09-02_16-33-58_jpg_2024-09-02_16-33-58.webp.webp?fit=1079%2C682&ssl=1&resize=1050%2C600 3x"},"classes":[]},{"id":50546,"url":"https:\/\/ismaelcolosi.com.br\/index.php\/2024\/05\/16\/entenda-como-funciona-o-pedagio-sem-cancela-em-rodovias-do-interior-de-sp\/","url_meta":{"origin":63747,"position":1},"title":"Entenda como funciona o ped\u00e1gio sem cancela em rodovias do interior de SP","author":"ismaelcolosi.com.br","date":"16 de May de 2024","format":false,"excerpt":"Motoristas de S\u00e3o Paulo devem se livrar da necessidade de parar em pra\u00e7as de ped\u00e1gio em breve. Isso porque algumas rodovias do interior do estado passar\u00e3o a receber o sistema Free Flow, que substituir\u00e1 os ped\u00e1gios de barreiras por p\u00f3rticos de cobran\u00e7a. De acordo com o governo de S\u00e3o Paulo,\u2026","rel":"","context":"In &quot;Not\u00edcias de Ribeir\u00e3o Preto-SP e Regi\u00e3o&quot;","block_context":{"text":"Not\u00edcias de Ribeir\u00e3o Preto-SP e Regi\u00e3o","link":"https:\/\/ismaelcolosi.com.br\/index.php\/category\/noticias-de-ribeirao-preto-sp-e-regiao-ismael-colosi\/"},"img":{"alt_text":"","src":"https:\/\/i0.wp.com\/ismaelcolosi.com.br\/wp-content\/uploads\/2024\/05\/FREE-FLOW.webp.webp?fit=1024%2C682&ssl=1&resize=350%2C200","width":350,"height":200,"srcset":"https:\/\/i0.wp.com\/ismaelcolosi.com.br\/wp-content\/uploads\/2024\/05\/FREE-FLOW.webp.webp?fit=1024%2C682&ssl=1&resize=350%2C200 1x, https:\/\/i0.wp.com\/ismaelcolosi.com.br\/wp-content\/uploads\/2024\/05\/FREE-FLOW.webp.webp?fit=1024%2C682&ssl=1&resize=525%2C300 1.5x, https:\/\/i0.wp.com\/ismaelcolosi.com.br\/wp-content\/uploads\/2024\/05\/FREE-FLOW.webp.webp?fit=1024%2C682&ssl=1&resize=700%2C400 2x"},"classes":[]},{"id":66447,"url":"https:\/\/ismaelcolosi.com.br\/index.php\/2024\/09\/17\/veja-quais-sao-os-meios-de-pagamento-do-pedagio-free-flow\/","url_meta":{"origin":63747,"position":2},"title":"Veja quais s\u00e3o os meios de pagamento do ped\u00e1gio free flow","author":"ismaelcolosi.com.br","date":"17 de September de 2024","format":false,"excerpt":"Um levantamento da EcoNoroeste registrou uma m\u00e9dia de 4 mil ve\u00edculos passando por dia pelo primeiro p\u00f3rtico do sistema de free flow do Estado de S\u00e3o Paulo, instalado na SP-333 (rodovias Carlos Tonanni, Nem\u00e9sio Cadetti, Laurentino Mascari e Dr. M\u00e1rio Gentil), em It\u00e1polis, no interior paulista. Deste n\u00famero, 82% dos\u2026","rel":"","context":"In &quot;Not\u00edcias de Ribeir\u00e3o Preto-SP e Regi\u00e3o&quot;","block_context":{"text":"Not\u00edcias de Ribeir\u00e3o Preto-SP e Regi\u00e3o","link":"https:\/\/ismaelcolosi.com.br\/index.php\/category\/noticias-de-ribeirao-preto-sp-e-regiao-ismael-colosi\/"},"img":{"alt_text":"","src":"https:\/\/i0.wp.com\/ismaelcolosi.com.br\/wp-content\/uploads\/2024\/09\/Free-Flow-1536x1022-1_2024-09-17_18-47-00_jpg_2024-09-17_18-47-00.webp.webp?fit=1200%2C798&ssl=1&resize=350%2C200","width":350,"height":200,"srcset":"https:\/\/i0.wp.com\/ismaelcolosi.com.br\/wp-content\/uploads\/2024\/09\/Free-Flow-1536x1022-1_2024-09-17_18-47-00_jpg_2024-09-17_18-47-00.webp.webp?fit=1200%2C798&ssl=1&resize=350%2C200 1x, https:\/\/i0.wp.com\/ismaelcolosi.com.br\/wp-content\/uploads\/2024\/09\/Free-Flow-1536x1022-1_2024-09-17_18-47-00_jpg_2024-09-17_18-47-00.webp.webp?fit=1200%2C798&ssl=1&resize=525%2C300 1.5x, https:\/\/i0.wp.com\/ismaelcolosi.com.br\/wp-content\/uploads\/2024\/09\/Free-Flow-1536x1022-1_2024-09-17_18-47-00_jpg_2024-09-17_18-47-00.webp.webp?fit=1200%2C798&ssl=1&resize=700%2C400 2x, https:\/\/i0.wp.com\/ismaelcolosi.com.br\/wp-content\/uploads\/2024\/09\/Free-Flow-1536x1022-1_2024-09-17_18-47-00_jpg_2024-09-17_18-47-00.webp.webp?fit=1200%2C798&ssl=1&resize=1050%2C600 3x"},"classes":[]},{"id":50241,"url":"https:\/\/ismaelcolosi.com.br\/index.php\/2024\/05\/15\/rodovia-na-regiao-de-ribeirao-e-a-primeira-no-interior-de-sp-a-implantar-pedagio-sem-cancela\/","url_meta":{"origin":63747,"position":3},"title":"Rodovia na regi\u00e3o de Ribeir\u00e3o \u00e9 a primeira no interior de SP a implantar ped\u00e1gio sem cancela","author":"ismaelcolosi.com.br","date":"15 de May de 2024","format":false,"excerpt":"A rodovia Carlos Tonani, Nem\u00e9sio Cadetti e Laurentino Mascari, no trecho entre It\u00e1polis e Jaboticabal, cidade a 57 quil\u00f4metros de Ribeir\u00e3o Preto, \u00e9 a primeira do Estado de S\u00e3o Paulo que ter\u00e1 o ped\u00e1gio sem cancela, segundo a EcoNoroeste, concession\u00e1ria que administra os trechos. Chamado \u201cFree Flow\u201d, o novo sistema\u2026","rel":"","context":"In &quot;Not\u00edcias de Ribeir\u00e3o Preto-SP e Regi\u00e3o&quot;","block_context":{"text":"Not\u00edcias de Ribeir\u00e3o Preto-SP e Regi\u00e3o","link":"https:\/\/ismaelcolosi.com.br\/index.php\/category\/noticias-de-ribeirao-preto-sp-e-regiao-ismael-colosi\/"},"img":{"alt_text":"","src":"https:\/\/i0.wp.com\/ismaelcolosi.com.br\/wp-content\/uploads\/2024\/05\/Copia-de-Copia-de-TAMANHO-EXATO-PARA-FOTOS-NO-SISTEMA-NOVO-5_2024-05-15_14-51-30_jpg_2024-05-15_14-51-30.webp.webp?fit=1200%2C675&ssl=1&resize=350%2C200","width":350,"height":200,"srcset":"https:\/\/i0.wp.com\/ismaelcolosi.com.br\/wp-content\/uploads\/2024\/05\/Copia-de-Copia-de-TAMANHO-EXATO-PARA-FOTOS-NO-SISTEMA-NOVO-5_2024-05-15_14-51-30_jpg_2024-05-15_14-51-30.webp.webp?fit=1200%2C675&ssl=1&resize=350%2C200 1x, https:\/\/i0.wp.com\/ismaelcolosi.com.br\/wp-content\/uploads\/2024\/05\/Copia-de-Copia-de-TAMANHO-EXATO-PARA-FOTOS-NO-SISTEMA-NOVO-5_2024-05-15_14-51-30_jpg_2024-05-15_14-51-30.webp.webp?fit=1200%2C675&ssl=1&resize=525%2C300 1.5x, https:\/\/i0.wp.com\/ismaelcolosi.com.br\/wp-content\/uploads\/2024\/05\/Copia-de-Copia-de-TAMANHO-EXATO-PARA-FOTOS-NO-SISTEMA-NOVO-5_2024-05-15_14-51-30_jpg_2024-05-15_14-51-30.webp.webp?fit=1200%2C675&ssl=1&resize=700%2C400 2x, https:\/\/i0.wp.com\/ismaelcolosi.com.br\/wp-content\/uploads\/2024\/05\/Copia-de-Copia-de-TAMANHO-EXATO-PARA-FOTOS-NO-SISTEMA-NOVO-5_2024-05-15_14-51-30_jpg_2024-05-15_14-51-30.webp.webp?fit=1200%2C675&ssl=1&resize=1050%2C600 3x"},"classes":[]},{"id":74035,"url":"https:\/\/ismaelcolosi.com.br\/index.php\/2024\/10\/29\/entenda-como-funcionara-o-pagamento-do-pedagio-free-flow-na-regiao-de-ribeirao\/","url_meta":{"origin":63747,"position":4},"title":"Entenda como funcionar\u00e1 o pagamento do ped\u00e1gio free flow na regi\u00e3o de Ribeir\u00e3o","author":"ismaelcolosi.com.br","date":"29 de October de 2024","format":false,"excerpt":"A primeira pra\u00e7a do ped\u00e1gio\u00a0free flow come\u00e7a a operar na pr\u00f3xima sexta-feira (1\u00ba de novembro), regi\u00e3o de\u00a0Ribeir\u00e3o Preto.\u00a0O ped\u00e1gio eletr\u00f4nico ficar\u00e1 na altura do quil\u00f4metro 110 da\u00a0rodovia Carlos Tonanni\u00a0(SP-333), em Jaboticabal. A nova tecnologia substitui o modelo tradicional de ped\u00e1gio e faz a\u00a0cobran\u00e7a da tarifa por meio de p\u00f3rticos. Como\u2026","rel":"","context":"In &quot;Not\u00edcias de Ribeir\u00e3o Preto-SP e Regi\u00e3o&quot;","block_context":{"text":"Not\u00edcias de Ribeir\u00e3o Preto-SP e Regi\u00e3o","link":"https:\/\/ismaelcolosi.com.br\/index.php\/category\/noticias-de-ribeirao-preto-sp-e-regiao-ismael-colosi\/"},"img":{"alt_text":"","src":"https:\/\/i0.wp.com\/ismaelcolosi.com.br\/wp-content\/uploads\/2024\/10\/pedagio-free-flow_2024-10-18_13-02-23_jpeg_2024-10-18_13-02-23.webp.webp?fit=1200%2C861&ssl=1&resize=350%2C200","width":350,"height":200,"srcset":"https:\/\/i0.wp.com\/ismaelcolosi.com.br\/wp-content\/uploads\/2024\/10\/pedagio-free-flow_2024-10-18_13-02-23_jpeg_2024-10-18_13-02-23.webp.webp?fit=1200%2C861&ssl=1&resize=350%2C200 1x, https:\/\/i0.wp.com\/ismaelcolosi.com.br\/wp-content\/uploads\/2024\/10\/pedagio-free-flow_2024-10-18_13-02-23_jpeg_2024-10-18_13-02-23.webp.webp?fit=1200%2C861&ssl=1&resize=525%2C300 1.5x, https:\/\/i0.wp.com\/ismaelcolosi.com.br\/wp-content\/uploads\/2024\/10\/pedagio-free-flow_2024-10-18_13-02-23_jpeg_2024-10-18_13-02-23.webp.webp?fit=1200%2C861&ssl=1&resize=700%2C400 2x, https:\/\/i0.wp.com\/ismaelcolosi.com.br\/wp-content\/uploads\/2024\/10\/pedagio-free-flow_2024-10-18_13-02-23_jpeg_2024-10-18_13-02-23.webp.webp?fit=1200%2C861&ssl=1&resize=1050%2C600 3x"},"classes":[]},{"id":71870,"url":"https:\/\/ismaelcolosi.com.br\/index.php\/2024\/10\/18\/veja-quando-pedagio-free-flow-comeca-a-operar-na-regiao-de-ribeirao-preto\/","url_meta":{"origin":63747,"position":5},"title":"Veja quando ped\u00e1gio free flow come\u00e7a a operar na regi\u00e3o de Ribeir\u00e3o Preto","author":"ismaelcolosi.com.br","date":"18 de October de 2024","format":false,"excerpt":"O primeiro p\u00f3rtico de ped\u00e1gio free flow, o ped\u00e1gio eletr\u00f4nico, da regi\u00e3o de Ribeir\u00e3o Preto come\u00e7a a operar no dia 1\u00ba de novembro. O p\u00f3rtico ficar\u00e1 na rodovia Carlos Tonanni, na altura do quil\u00f4metro 110, em Jaboticabal. A nova tecnologia de ped\u00e1gio eletr\u00f4nico permite que os usu\u00e1rios sigam viagem sem\u2026","rel":"","context":"In &quot;Not\u00edcias de Ribeir\u00e3o Preto-SP e Regi\u00e3o&quot;","block_context":{"text":"Not\u00edcias de Ribeir\u00e3o Preto-SP e Regi\u00e3o","link":"https:\/\/ismaelcolosi.com.br\/index.php\/category\/noticias-de-ribeirao-preto-sp-e-regiao-ismael-colosi\/"},"img":{"alt_text":"","src":"https:\/\/i0.wp.com\/ismaelcolosi.com.br\/wp-content\/uploads\/2024\/10\/pedagio-free-flow_2024-10-18_13-02-23_jpeg_2024-10-18_13-02-23.webp.webp?fit=1200%2C861&ssl=1&resize=350%2C200","width":350,"height":200,"srcset":"https:\/\/i0.wp.com\/ismaelcolosi.com.br\/wp-content\/uploads\/2024\/10\/pedagio-free-flow_2024-10-18_13-02-23_jpeg_2024-10-18_13-02-23.webp.webp?fit=1200%2C861&ssl=1&resize=350%2C200 1x, https:\/\/i0.wp.com\/ismaelcolosi.com.br\/wp-content\/uploads\/2024\/10\/pedagio-free-flow_2024-10-18_13-02-23_jpeg_2024-10-18_13-02-23.webp.webp?fit=1200%2C861&ssl=1&resize=525%2C300 1.5x, https:\/\/i0.wp.com\/ismaelcolosi.com.br\/wp-content\/uploads\/2024\/10\/pedagio-free-flow_2024-10-18_13-02-23_jpeg_2024-10-18_13-02-23.webp.webp?fit=1200%2C861&ssl=1&resize=700%2C400 2x, https:\/\/i0.wp.com\/ismaelcolosi.com.br\/wp-content\/uploads\/2024\/10\/pedagio-free-flow_2024-10-18_13-02-23_jpeg_2024-10-18_13-02-23.webp.webp?fit=1200%2C861&ssl=1&resize=1050%2C600 3x"},"classes":[]}],"jetpack_sharing_enabled":true,"jetpack_shortlink":"https:\/\/wp.me\/pfMlyK-gAb","_links":{"self":[{"href":"https:\/\/ismaelcolosi.com.br\/index.php\/wp-json\/wp\/v2\/posts\/63747","targetHints":{"allow":["GET"]}}],"collection":[{"href":"https:\/\/ismaelcolosi.com.br\/index.php\/wp-json\/wp\/v2\/posts"}],"about":[{"href":"https:\/\/ismaelcolosi.com.br\/index.php\/wp-json\/wp\/v2\/types\/post"}],"author":[{"embeddable":true,"href":"https:\/\/ismaelcolosi.com.br\/index.php\/wp-json\/wp\/v2\/users\/1"}],"replies":[{"embeddable":true,"href":"https:\/\/ismaelcolosi.com.br\/index.php\/wp-json\/wp\/v2\/comments?post=63747"}],"version-history":[{"count":0,"href":"https:\/\/ismaelcolosi.com.br\/index.php\/wp-json\/wp\/v2\/posts\/63747\/revisions"}],"wp:featuredmedia":[{"embeddable":true,"href":"https:\/\/ismaelcolosi.com.br\/index.php\/wp-json\/wp\/v2\/media\/63748"}],"wp:attachment":[{"href":"https:\/\/ismaelcolosi.com.br\/index.php\/wp-json\/wp\/v2\/media?parent=63747"}],"wp:term":[{"taxonomy":"category","embeddable":true,"href":"https:\/\/ismaelcolosi.com.br\/index.php\/wp-json\/wp\/v2\/categories?post=63747"},{"taxonomy":"post_tag","embeddable":true,"href":"https:\/\/ismaelcolosi.com.br\/index.php\/wp-json\/wp\/v2\/tags?post=63747"}],"curies":[{"name":"wp","href":"https:\/\/api.w.org\/{rel}","templated":true}]}}