{"id":63736,"date":"2024-09-03T17:06:26","date_gmt":"2024-09-03T20:06:26","guid":{"rendered":"https:\/\/ismaelcolosi.com.br\/index.php\/2024\/09\/03\/edital-preve-ate-r-9-milhoes-para-oss-da-educacao-em-ribeirao-preto-entenda\/"},"modified":"2024-09-03T17:06:26","modified_gmt":"2024-09-03T20:06:26","slug":"edital-preve-ate-r-9-milhoes-para-oss-da-educacao-em-ribeirao-preto-entenda","status":"publish","type":"post","link":"https:\/\/ismaelcolosi.com.br\/index.php\/2024\/09\/03\/edital-preve-ate-r-9-milhoes-para-oss-da-educacao-em-ribeirao-preto-entenda\/","title":{"rendered":"Edital prev\u00ea at\u00e9 R$ 9 milh\u00f5es para OSs da educa\u00e7\u00e3o em Ribeir\u00e3o Preto; Entenda"},"content":{"rendered":"<p> <br \/>\n<\/p>\n<div data-td-block-uid=\"tdi_106\">\n<div class=\"tdb-block-inner td-fix-index\">\n<p>A <strong><a href=\"https:\/\/www.ribeiraopreto.sp.gov.br\/portal\/\" target=\"_blank\" rel=\"noreferrer noopener nofollow\">Prefeitura de Ribeir\u00e3o Preto <\/a><\/strong>publicou edital de chamamento p\u00fablico para sele\u00e7\u00e3o de <strong>Organiza\u00e7\u00f5es da Sociedade Civil<\/strong>, as <strong>OSs<\/strong>, vinculadas aos servi\u00e7os de educa\u00e7\u00e3o. A proposta prev\u00ea o<mark style=\"background-color:#fcb900\" class=\"has-inline-color has-black-color\"> pagamento de at\u00e9 R$ 9,2 milh\u00f5es, por ano, para entidades que assumirem unidades de ensino <\/mark>da rede municipal.<\/p>\n<p>Os interessados devem mandar os documentos por e-mail (comissaodeselecao@educacao.pmrp.sp.gov.br) at\u00e9 o dia 2 de outubro de 2024.<\/p>\n<p>De acordo com o edital, as OSs seriam respons\u00e1veis pela execu\u00e7\u00e3o do atendimento de alunos na educa\u00e7\u00e3o infantil em oito unidades. Os valores que ser\u00e3o repassados para as OSs variam entre R$ 3,2 milh\u00f5es e R$ 9,2 milh\u00f5es, por ano, conforme a quantidade de alunos por escola.<\/p>\n<p>Na justificativa, a Administra\u00e7\u00e3o Municipal afirma que <mark style=\"background-color:#fcb900\" class=\"has-inline-color has-black-color\">Ribeir\u00e3o Preto \u201cenfrenta um grande d\u00e9ficit de vagas\u201d<\/mark> em creches, e que essa seria a sa\u00edda adotada para o atendimento.<\/p>\n<h4 class=\"wp-block-heading\"><strong>Veja as escolas<\/strong><\/h4>\n<ul>\n<li>EEI Ant\u00f4nio Vicente Golfeto:<\/li>\n<\/ul>\n<ul>\n<li>EEI Dr. F\u00e1bio dos Santos Musa:<\/li>\n<\/ul>\n<ul>\n<li>EEI Pastora Naildete Barbosa Lins:<\/li>\n<\/ul>\n<ul>\n<li>EEI Eduardo Diniz Junqueira:<\/li>\n<\/ul>\n<ul>\n<li>EEI Nagibe El Khouri Lian:<\/li>\n<\/ul>\n<p>SAIBA MAIS<br \/>Bebedouro ter\u00e1 debate de candidatos a prefeito em evento promovido pelo Grupo EP<\/p>\n<h4 class=\"wp-block-heading\"><strong>FIQUE ON<\/strong><\/h4>\n<p>Fique ligado em tudo que acontece em Ribeir\u00e3o Preto e regi\u00e3o. Siga os perfis do<strong> acidade on<\/strong> no <a href=\"https:\/\/www.instagram.com\/acidadeonribeirao\" target=\"_blank\" rel=\"noreferrer noopener nofollow\">Instagram<\/a> e no<a href=\"https:\/\/www.facebook.com\/acidadeonribeirao\/\" target=\"_blank\" rel=\"noreferrer noopener nofollow\"> Facebook<\/a>.<\/p>\n<p>Receba not\u00edcias do<strong> acidade on <\/strong>no WhatsApp. <a href=\"https:\/\/chat.whatsapp.com\/Dtv9mxhy6V5BJBotM2OQ5k\" target=\"_blank\" rel=\"noreferrer noopener nofollow\">Para entrar no grupo, basta clicar aqui<\/a>.<\/p>\n<p>Fa\u00e7a uma den\u00fancia ou sugira uma reportagem sobre Ribeir\u00e3o Preto e regi\u00e3o pelo WhatsApp: 16 99117 7802.<\/p>\n<p>VEJA TAMB\u00c9M<br \/>Fuma\u00e7a no Interior de SP: de onde vem a fuma\u00e7a que cobriu cidades nesta ter\u00e7a?\u00a0<\/p>\n<p><!-- CONTENT END 1 -->\n<\/div>\n<\/div>\n<p><script async src=\"\/\/www.instagram.com\/embed.js\"><\/script><br \/>\n<br \/><br \/>\n<br \/><a href=\"https:\/\/www.acidadeon.com\/ribeiraopreto\/politica\/edital-preve-ate-r-9-milhoes-para-oss-da-educacao-em-ribeirao-preto-entenda\/\">Source link <\/a><\/p>\n","protected":false},"excerpt":{"rendered":"<p>A Prefeitura de Ribeir\u00e3o Preto publicou edital de chamamento p\u00fablico para sele\u00e7\u00e3o de Organiza\u00e7\u00f5es da Sociedade Civil, as OSs, vinculadas aos servi\u00e7os de educa\u00e7\u00e3o. A&#8230;<\/p>\n","protected":false},"author":1,"featured_media":63737,"comment_status":"open","ping_status":"open","sticky":false,"template":"","format":"standard","meta":{"_uag_custom_page_level_css":"","advanced_seo_description":"","jetpack_seo_html_title":"","jetpack_seo_noindex":false,"jetpack_post_was_ever_published":false,"_jetpack_newsletter_access":"","_jetpack_dont_email_post_to_subs":false,"_jetpack_newsletter_tier_id":0,"_jetpack_memberships_contains_paywalled_content":false,"_jetpack_memberships_contains_paid_content":false,"footnotes":"","jetpack_publicize_message":"","jetpack_publicize_feature_enabled":true,"jetpack_social_post_already_shared":true,"jetpack_social_options":{"image_generator_settings":{"template":"highway","default_image_id":0,"font":"","enabled":false},"version":2}},"categories":[11],"tags":[],"class_list":["post-63736","post","type-post","status-publish","format-standard","has-post-thumbnail","hentry","category-noticias-de-ribeirao-preto-sp-e-regiao-ismael-colosi"],"jetpack_publicize_connections":[],"jetpack_featured_media_url":"https:\/\/i0.wp.com\/ismaelcolosi.com.br\/wp-content\/uploads\/2024\/09\/escola-infantil-ribeirao-preto_2024-09-03_19-11-33_jpg_2024-09-03_19-11-33.webp.webp?fit=1200%2C675&ssl=1","uagb_featured_image_src":{"full":["https:\/\/i0.wp.com\/ismaelcolosi.com.br\/wp-content\/uploads\/2024\/09\/escola-infantil-ribeirao-preto_2024-09-03_19-11-33_jpg_2024-09-03_19-11-33.webp.webp?fit=1200%2C675&ssl=1",1200,675,false],"thumbnail":["https:\/\/i0.wp.com\/ismaelcolosi.com.br\/wp-content\/uploads\/2024\/09\/escola-infantil-ribeirao-preto_2024-09-03_19-11-33_jpg_2024-09-03_19-11-33.webp.webp?resize=150%2C150&ssl=1",150,150,true],"medium":["https:\/\/i0.wp.com\/ismaelcolosi.com.br\/wp-content\/uploads\/2024\/09\/escola-infantil-ribeirao-preto_2024-09-03_19-11-33_jpg_2024-09-03_19-11-33.webp.webp?fit=300%2C169&ssl=1",300,169,true],"medium_large":["https:\/\/i0.wp.com\/ismaelcolosi.com.br\/wp-content\/uploads\/2024\/09\/escola-infantil-ribeirao-preto_2024-09-03_19-11-33_jpg_2024-09-03_19-11-33.webp.webp?fit=768%2C432&ssl=1",768,432,true],"large":["https:\/\/i0.wp.com\/ismaelcolosi.com.br\/wp-content\/uploads\/2024\/09\/escola-infantil-ribeirao-preto_2024-09-03_19-11-33_jpg_2024-09-03_19-11-33.webp.webp?fit=1024%2C576&ssl=1",1024,576,true],"1536x1536":["https:\/\/i0.wp.com\/ismaelcolosi.com.br\/wp-content\/uploads\/2024\/09\/escola-infantil-ribeirao-preto_2024-09-03_19-11-33_jpg_2024-09-03_19-11-33.webp.webp?fit=1200%2C675&ssl=1",1200,675,true],"2048x2048":["https:\/\/i0.wp.com\/ismaelcolosi.com.br\/wp-content\/uploads\/2024\/09\/escola-infantil-ribeirao-preto_2024-09-03_19-11-33_jpg_2024-09-03_19-11-33.webp.webp?fit=1200%2C675&ssl=1",1200,675,true],"really-simple-thumb":["https:\/\/i0.wp.com\/ismaelcolosi.com.br\/wp-content\/uploads\/2024\/09\/escola-infantil-ribeirao-preto_2024-09-03_19-11-33_jpg_2024-09-03_19-11-33.webp.webp?resize=370%2C247&ssl=1",370,247,true]},"uagb_author_info":{"display_name":"ismaelcolosi.com.br","author_link":"https:\/\/ismaelcolosi.com.br\/index.php\/author\/vidareal-online\/"},"uagb_comment_info":0,"uagb_excerpt":"A Prefeitura de Ribeir\u00e3o Preto publicou edital de chamamento p\u00fablico para sele\u00e7\u00e3o de Organiza\u00e7\u00f5es da Sociedade Civil, as OSs, vinculadas aos servi\u00e7os de educa\u00e7\u00e3o. A...","jetpack-related-posts":[{"id":24127,"url":"https:\/\/ismaelcolosi.com.br\/index.php\/2024\/01\/03\/prefeitura-investe-em-novas-escolas-e-melhorias-estruturais-em-2023\/","url_meta":{"origin":63736,"position":0},"title":"Prefeitura investe em novas escolas e melhorias estruturais em 2023 \u2013 Folha de Ribeir\u00e3o","author":"ismaelcolosi.com.br","date":"3 de January de 2024","format":false,"excerpt":"A Prefeitura de Ribeir\u00e3o Preto est\u00e1 comprometida em fortalecer a educa\u00e7\u00e3o municipal, e vem implementando, inclusive ao longo de 2023, projetos que visam proporcionar um ambiente de aprendizado mais eficiente aos estudantes. As a\u00e7\u00f5es abrangem desde a constru\u00e7\u00e3o de novas escolas at\u00e9 melhorias significativas na infraestrutura e iniciativas pedag\u00f3gicas. Dentre\u2026","rel":"","context":"In &quot;Not\u00edcias de Ribeir\u00e3o Preto-SP e Regi\u00e3o&quot;","block_context":{"text":"Not\u00edcias de Ribeir\u00e3o Preto-SP e Regi\u00e3o","link":"https:\/\/ismaelcolosi.com.br\/index.php\/category\/noticias-de-ribeirao-preto-sp-e-regiao-ismael-colosi\/"},"img":{"alt_text":"","src":"https:\/\/i0.wp.com\/ismaelcolosi.com.br\/wp-content\/uploads\/2024\/01\/educacao2-_foto_guilherme_sircili-1.jpg?fit=1200%2C800&ssl=1&resize=350%2C200","width":350,"height":200,"srcset":"https:\/\/i0.wp.com\/ismaelcolosi.com.br\/wp-content\/uploads\/2024\/01\/educacao2-_foto_guilherme_sircili-1.jpg?fit=1200%2C800&ssl=1&resize=350%2C200 1x, https:\/\/i0.wp.com\/ismaelcolosi.com.br\/wp-content\/uploads\/2024\/01\/educacao2-_foto_guilherme_sircili-1.jpg?fit=1200%2C800&ssl=1&resize=525%2C300 1.5x, https:\/\/i0.wp.com\/ismaelcolosi.com.br\/wp-content\/uploads\/2024\/01\/educacao2-_foto_guilherme_sircili-1.jpg?fit=1200%2C800&ssl=1&resize=700%2C400 2x, https:\/\/i0.wp.com\/ismaelcolosi.com.br\/wp-content\/uploads\/2024\/01\/educacao2-_foto_guilherme_sircili-1.jpg?fit=1200%2C800&ssl=1&resize=1050%2C600 3x"},"classes":[]},{"id":24243,"url":"https:\/\/ismaelcolosi.com.br\/index.php\/2024\/01\/03\/camara-vai-comprar-88-novas-camas-box-king-queen-e-de-solteiro-para-apartamentos-dos-deputados\/","url_meta":{"origin":63736,"position":1},"title":"C\u00e2mara vai comprar 88 novas camas box king, queen e de solteiro para apartamentos dos deputados\u00a0","author":"ismaelcolosi.com.br","date":"3 de January de 2024","format":false,"excerpt":"3 de janeiro de 2024 | 16:003 de janeiro de 2024 | 9:52 0A C\u00e2mara dos Deputados vai adquirir 88 novas camas estilo \u201cbox\u201d para os apartamentos funcionais dos deputados. Os bens de consumo ser\u00e3o comprados via preg\u00e3o eletr\u00f4nico, publicado na ter\u00e7a-feira da semana passada, dia 26 de dezembro. O\u2026","rel":"","context":"In &quot;Not\u00edcias de Ribeir\u00e3o Preto-SP e Regi\u00e3o&quot;","block_context":{"text":"Not\u00edcias de Ribeir\u00e3o Preto-SP e Regi\u00e3o","link":"https:\/\/ismaelcolosi.com.br\/index.php\/category\/noticias-de-ribeirao-preto-sp-e-regiao-ismael-colosi\/"},"img":{"alt_text":"","src":"https:\/\/i0.wp.com\/ismaelcolosi.com.br\/wp-content\/uploads\/2024\/01\/ddabbfaa-ea29-4598-ae98-747b03a70543.jpg?fit=968%2C645&ssl=1&resize=350%2C200","width":350,"height":200,"srcset":"https:\/\/i0.wp.com\/ismaelcolosi.com.br\/wp-content\/uploads\/2024\/01\/ddabbfaa-ea29-4598-ae98-747b03a70543.jpg?fit=968%2C645&ssl=1&resize=350%2C200 1x, https:\/\/i0.wp.com\/ismaelcolosi.com.br\/wp-content\/uploads\/2024\/01\/ddabbfaa-ea29-4598-ae98-747b03a70543.jpg?fit=968%2C645&ssl=1&resize=525%2C300 1.5x, https:\/\/i0.wp.com\/ismaelcolosi.com.br\/wp-content\/uploads\/2024\/01\/ddabbfaa-ea29-4598-ae98-747b03a70543.jpg?fit=968%2C645&ssl=1&resize=700%2C400 2x"},"classes":[]},{"id":41423,"url":"https:\/\/ismaelcolosi.com.br\/index.php\/2024\/03\/08\/novo-pac-contempla-rp\/","url_meta":{"origin":63736,"position":2},"title":"Novo PAC contempla RP\u00a0 &#8211; Jornal Tribuna Ribeir\u00e3o","author":"ismaelcolosi.com.br","date":"8 de March de 2024","format":false,"excerpt":"8 de mar\u00e7o de 2024 | 9:007 de mar\u00e7o de 2024 | 20:15 0O presidente Luiz In\u00e1cio Lula da Silva apresentou, nesta quinta-feira, 7 de mar\u00e7o, em Bras\u00edlia, o resultado de 16 das 27 modalidades do Novo Programa de Acelera\u00e7\u00e3o do Crescimento (PAC) Sele\u00e7\u00f5es, voltado para atender\u00a0 projetos priorit\u00e1rios apresentados\u2026","rel":"","context":"In &quot;Not\u00edcias de Ribeir\u00e3o Preto-SP e Regi\u00e3o&quot;","block_context":{"text":"Not\u00edcias de Ribeir\u00e3o Preto-SP e Regi\u00e3o","link":"https:\/\/ismaelcolosi.com.br\/index.php\/category\/noticias-de-ribeirao-preto-sp-e-regiao-ismael-colosi\/"},"img":{"alt_text":"","src":"https:\/\/i0.wp.com\/ismaelcolosi.com.br\/wp-content\/uploads\/2024\/03\/NovoPAC-Antonio-Cruz-Ag.Br_-scaled.jpg?fit=1000%2C591&ssl=1&resize=350%2C200","width":350,"height":200,"srcset":"https:\/\/i0.wp.com\/ismaelcolosi.com.br\/wp-content\/uploads\/2024\/03\/NovoPAC-Antonio-Cruz-Ag.Br_-scaled.jpg?fit=1000%2C591&ssl=1&resize=350%2C200 1x, https:\/\/i0.wp.com\/ismaelcolosi.com.br\/wp-content\/uploads\/2024\/03\/NovoPAC-Antonio-Cruz-Ag.Br_-scaled.jpg?fit=1000%2C591&ssl=1&resize=525%2C300 1.5x, https:\/\/i0.wp.com\/ismaelcolosi.com.br\/wp-content\/uploads\/2024\/03\/NovoPAC-Antonio-Cruz-Ag.Br_-scaled.jpg?fit=1000%2C591&ssl=1&resize=700%2C400 2x"},"classes":[]},{"id":74232,"url":"https:\/\/ismaelcolosi.com.br\/index.php\/2024\/10\/30\/ppp-preve-escolas-no-cristo-redentor\/","url_meta":{"origin":63736,"position":3},"title":"PPP prev\u00ea escolas no Cristo Redentor \u00a0","author":"ismaelcolosi.com.br","date":"30 de October de 2024","format":false,"excerpt":"Ser\u00e3o duas unidades em Ribeir\u00e3o Preto, ambas no Jardim Cristo Redentor, com 63 salas e 2.340 novas vagas \u00a0 30 de outubro de 202430 de outubro de 202412 Compartilhar0 O Cons\u00f3rcio Novas Escolas Oeste SP venceu o lote oeste do leil\u00e3o da Parceira P\u00fablica Privada de Novas Escolas (PPP) realizado\u2026","rel":"","context":"In &quot;Not\u00edcias de Ribeir\u00e3o Preto-SP e Regi\u00e3o&quot;","block_context":{"text":"Not\u00edcias de Ribeir\u00e3o Preto-SP e Regi\u00e3o","link":"https:\/\/ismaelcolosi.com.br\/index.php\/category\/noticias-de-ribeirao-preto-sp-e-regiao-ismael-colosi\/"},"img":{"alt_text":"","src":"https:\/\/i0.wp.com\/ismaelcolosi.com.br\/wp-content\/uploads\/2024\/10\/EducaPPP-Paulo-Pinto-Ag.Br_-scaled.jpg?fit=800%2C479&ssl=1&resize=350%2C200","width":350,"height":200,"srcset":"https:\/\/i0.wp.com\/ismaelcolosi.com.br\/wp-content\/uploads\/2024\/10\/EducaPPP-Paulo-Pinto-Ag.Br_-scaled.jpg?fit=800%2C479&ssl=1&resize=350%2C200 1x, https:\/\/i0.wp.com\/ismaelcolosi.com.br\/wp-content\/uploads\/2024\/10\/EducaPPP-Paulo-Pinto-Ag.Br_-scaled.jpg?fit=800%2C479&ssl=1&resize=525%2C300 1.5x, https:\/\/i0.wp.com\/ismaelcolosi.com.br\/wp-content\/uploads\/2024\/10\/EducaPPP-Paulo-Pinto-Ag.Br_-scaled.jpg?fit=800%2C479&ssl=1&resize=700%2C400 2x"},"classes":[]},{"id":63763,"url":"https:\/\/ismaelcolosi.com.br\/index.php\/2024\/09\/03\/justica-indefere-registro-de-candidatura-de-ismar-menezes-a-prefeitura-de-ribeirao\/","url_meta":{"origin":63736,"position":4},"title":"Justi\u00e7a indefere registro de candidatura de Ismar Menezes \u00e0 Prefeitura de Ribeir\u00e3o","author":"ismaelcolosi.com.br","date":"3 de September de 2024","format":false,"excerpt":"O registro de candidatura de Ismar Menezes (AGIR) ao cargo de prefeito de Ribeir\u00e3o Preto est\u00e1 indeferido, de acordo com decis\u00e3o da 108\u00aa Zona Eleitoral do munic\u00edpio, publicada nesta ter\u00e7a-feira (3). No documento, o juiz Benedito S\u00e9rgio de Oliveira considerou que Ismar se enquadra na lei que pro\u00edbe magistrados e\u2026","rel":"","context":"In &quot;Not\u00edcias de Ribeir\u00e3o Preto-SP e Regi\u00e3o&quot;","block_context":{"text":"Not\u00edcias de Ribeir\u00e3o Preto-SP e Regi\u00e3o","link":"https:\/\/ismaelcolosi.com.br\/index.php\/category\/noticias-de-ribeirao-preto-sp-e-regiao-ismael-colosi\/"},"img":{"alt_text":"","src":"https:\/\/i0.wp.com\/ismaelcolosi.com.br\/wp-content\/uploads\/2024\/09\/Copia-de-Copia-de-Copia-de-TAMANHO-EXATO-PARA-FOTOS-NO-SISTEMA-NOVO-27_2024-09-03_22-31-28_png_2024-09-03_22-31-28.webp.webp?fit=1200%2C675&ssl=1&resize=350%2C200","width":350,"height":200,"srcset":"https:\/\/i0.wp.com\/ismaelcolosi.com.br\/wp-content\/uploads\/2024\/09\/Copia-de-Copia-de-Copia-de-TAMANHO-EXATO-PARA-FOTOS-NO-SISTEMA-NOVO-27_2024-09-03_22-31-28_png_2024-09-03_22-31-28.webp.webp?fit=1200%2C675&ssl=1&resize=350%2C200 1x, https:\/\/i0.wp.com\/ismaelcolosi.com.br\/wp-content\/uploads\/2024\/09\/Copia-de-Copia-de-Copia-de-TAMANHO-EXATO-PARA-FOTOS-NO-SISTEMA-NOVO-27_2024-09-03_22-31-28_png_2024-09-03_22-31-28.webp.webp?fit=1200%2C675&ssl=1&resize=525%2C300 1.5x, https:\/\/i0.wp.com\/ismaelcolosi.com.br\/wp-content\/uploads\/2024\/09\/Copia-de-Copia-de-Copia-de-TAMANHO-EXATO-PARA-FOTOS-NO-SISTEMA-NOVO-27_2024-09-03_22-31-28_png_2024-09-03_22-31-28.webp.webp?fit=1200%2C675&ssl=1&resize=700%2C400 2x, https:\/\/i0.wp.com\/ismaelcolosi.com.br\/wp-content\/uploads\/2024\/09\/Copia-de-Copia-de-Copia-de-TAMANHO-EXATO-PARA-FOTOS-NO-SISTEMA-NOVO-27_2024-09-03_22-31-28_png_2024-09-03_22-31-28.webp.webp?fit=1200%2C675&ssl=1&resize=1050%2C600 3x"},"classes":[]},{"id":34989,"url":"https:\/\/ismaelcolosi.com.br\/index.php\/2024\/02\/04\/aulas-voltam-nesta-segunda-feira-5\/","url_meta":{"origin":63736,"position":5},"title":"Aulas voltam nesta segunda-feira, 5 \u00a0","author":"ismaelcolosi.com.br","date":"4 de February de 2024","format":false,"excerpt":"O ano letivo da rede municipal de ensino de Ribeir\u00e3o Preto ter\u00e1 in\u00edcio nesta segunda-feira, 5 de fevereiro, para todos os cerca de 50 mil alunos da educa\u00e7\u00e3o infantil, ensino fundamental, educa\u00e7\u00e3o especial, educa\u00e7\u00e3o de jovens e adultos e ensino profissionalizante. \u201cTodas as nossas escolas est\u00e3o prontas para mais um\u2026","rel":"","context":"In &quot;Not\u00edcias de Ribeir\u00e3o Preto-SP e Regi\u00e3o&quot;","block_context":{"text":"Not\u00edcias de Ribeir\u00e3o Preto-SP e Regi\u00e3o","link":"https:\/\/ismaelcolosi.com.br\/index.php\/category\/noticias-de-ribeirao-preto-sp-e-regiao-ismael-colosi\/"},"img":{"alt_text":"","src":"https:\/\/i0.wp.com\/ismaelcolosi.com.br\/wp-content\/uploads\/2024\/02\/AulaRP-Guilherme-Sircili-scaled.jpg?fit=967%2C645&ssl=1&resize=350%2C200","width":350,"height":200,"srcset":"https:\/\/i0.wp.com\/ismaelcolosi.com.br\/wp-content\/uploads\/2024\/02\/AulaRP-Guilherme-Sircili-scaled.jpg?fit=967%2C645&ssl=1&resize=350%2C200 1x, https:\/\/i0.wp.com\/ismaelcolosi.com.br\/wp-content\/uploads\/2024\/02\/AulaRP-Guilherme-Sircili-scaled.jpg?fit=967%2C645&ssl=1&resize=525%2C300 1.5x, https:\/\/i0.wp.com\/ismaelcolosi.com.br\/wp-content\/uploads\/2024\/02\/AulaRP-Guilherme-Sircili-scaled.jpg?fit=967%2C645&ssl=1&resize=700%2C400 2x"},"classes":[]}],"jetpack_sharing_enabled":true,"jetpack_shortlink":"https:\/\/wp.me\/pfMlyK-gA0","_links":{"self":[{"href":"https:\/\/ismaelcolosi.com.br\/index.php\/wp-json\/wp\/v2\/posts\/63736","targetHints":{"allow":["GET"]}}],"collection":[{"href":"https:\/\/ismaelcolosi.com.br\/index.php\/wp-json\/wp\/v2\/posts"}],"about":[{"href":"https:\/\/ismaelcolosi.com.br\/index.php\/wp-json\/wp\/v2\/types\/post"}],"author":[{"embeddable":true,"href":"https:\/\/ismaelcolosi.com.br\/index.php\/wp-json\/wp\/v2\/users\/1"}],"replies":[{"embeddable":true,"href":"https:\/\/ismaelcolosi.com.br\/index.php\/wp-json\/wp\/v2\/comments?post=63736"}],"version-history":[{"count":0,"href":"https:\/\/ismaelcolosi.com.br\/index.php\/wp-json\/wp\/v2\/posts\/63736\/revisions"}],"wp:featuredmedia":[{"embeddable":true,"href":"https:\/\/ismaelcolosi.com.br\/index.php\/wp-json\/wp\/v2\/media\/63737"}],"wp:attachment":[{"href":"https:\/\/ismaelcolosi.com.br\/index.php\/wp-json\/wp\/v2\/media?parent=63736"}],"wp:term":[{"taxonomy":"category","embeddable":true,"href":"https:\/\/ismaelcolosi.com.br\/index.php\/wp-json\/wp\/v2\/categories?post=63736"},{"taxonomy":"post_tag","embeddable":true,"href":"https:\/\/ismaelcolosi.com.br\/index.php\/wp-json\/wp\/v2\/tags?post=63736"}],"curies":[{"name":"wp","href":"https:\/\/api.w.org\/{rel}","templated":true}]}}