{"id":63715,"date":"2024-09-03T15:58:31","date_gmt":"2024-09-03T18:58:31","guid":{"rendered":"https:\/\/ismaelcolosi.com.br\/index.php\/2024\/09\/03\/blitz-da-lei-seca-multa-38-motoristas-em-pedagio-entre-sertaozinho-e-ribeirao\/"},"modified":"2024-09-03T15:58:31","modified_gmt":"2024-09-03T18:58:31","slug":"blitz-da-lei-seca-multa-38-motoristas-em-pedagio-entre-sertaozinho-e-ribeirao","status":"publish","type":"post","link":"https:\/\/ismaelcolosi.com.br\/index.php\/2024\/09\/03\/blitz-da-lei-seca-multa-38-motoristas-em-pedagio-entre-sertaozinho-e-ribeirao\/","title":{"rendered":"Blitz da Lei Seca multa 38 motoristas em ped\u00e1gio entre Sert\u00e3ozinho e Ribeir\u00e3o"},"content":{"rendered":"<p> <br \/>\n<\/p>\n<div>\n<p>Uma a\u00e7\u00e3o da <strong>Opera\u00e7\u00e3o Dire\u00e7\u00e3o Segura Integrada (ODSI)<\/strong>, que fiscaliza a <strong>Lei Seca<\/strong>, multou <strong>35 motoristas que se recusaram a realizar o teste do baf\u00f4metro<\/strong> e <strong>autuou outros tr\u00eas por dirigir sob influ\u00eancia de \u00e1lcool<\/strong>, no \u00faltimo s\u00e1bado (31).<\/p>\n<p>Conforme o Detran, 2.120 ve\u00edculos foram abordados no ped\u00e1gio da <strong>rodovia At\u00edlio Balbo (SP-322)<\/strong>, entre <strong>Ribeir\u00e3o Preto<\/strong> e <strong>Sert\u00e3ozinho<\/strong>.<\/p>\n<figure class=\"wp-block-pullquote\">\n<blockquote>\n<p>A fiscaliza\u00e7\u00e3o do Detran-SP, que tem o objetivo de reduzir e prevenir os sinistros causados pelo consumo de bebida alco\u00f3lica combinado com dire\u00e7\u00e3o<\/p>\n<\/blockquote>\n<\/figure>\n<h3 class=\"wp-block-heading\"><strong>Multa grav\u00edssima<\/strong><\/h3>\n<p>Vale ressaltar que, o motorista que<strong>\u00a0se recusar a realizar o teste do baf\u00f4metro<\/strong>\u00a0ou\u00a0<strong>for flagrado dirigindo sob efeito de \u00e1lcool<\/strong>\u00a0\u2013 quando o teste do etil\u00f4metro aponta o \u00edndice de at\u00e9 0,33 mg de \u00e1lcool por litro de ar expelido \u2013 \u00e9 autuado por\u00a0<strong>infra\u00e7\u00e3o grav\u00edssima<\/strong>, segundo os artigos 165 e 165-A do\u00a0<strong>C\u00f3digo de Tr\u00e2nsito Brasileiro (CTB)<\/strong>.<\/p>\n<p><mark style=\"background-color:#fcb900\" class=\"has-inline-color\">Em ambos os casos, o valor da multa \u00e9 de\u00a0<strong>R$ 2.934,70<\/strong>\u00a0e o condutor responde a\u00a0<strong>processo de suspens\u00e3<\/strong>o da carteira de habilita\u00e7\u00e3o.<\/mark><\/p>\n<p>O\u00a0<strong>Detran\u00a0<\/strong>lembra que, \u201cse houver reincid\u00eancia no per\u00edodo de 12 meses, a pena \u00e9 aplicada em dobro, ou seja, R$ 5.869,40, al\u00e9m da cassa\u00e7\u00e3o da CNH.\u201d<\/p>\n<p>J\u00e1 nos casos de embriaguez ao volante \u2013 quando o motorista apresenta \u00edndice a partir de 0,34 miligramas de \u00e1lcool por litro de ar expelido no teste do etil\u00f4metro \u2013\u00a0<strong>h\u00e1 configura\u00e7\u00e3o de crime de tr\u00e2nsito.<\/strong><\/p>\n<p>Se condenado, al\u00e9m da multa e suspens\u00e3o da CNH, o motorista cumpre de\u00a0<strong>seis meses a tr\u00eas anos de pris\u00e3o<\/strong>, conforme prev\u00ea a\u00a0<strong>Lei Seca<\/strong>.<\/p>\n<h4 class=\"wp-block-heading\"><strong>Fiscaliza\u00e7\u00e3o no estado<\/strong><\/h4>\n<p>O\u00a0<strong>Detran\u00a0<\/strong>informou que na \u00faltima semana as fiscaliza\u00e7\u00f5es aconteceram em 12 cidades do Estado:\u00a0Itatiba, Ja\u00fa, Mirassol, Presidente Venceslau, Tabo\u00e3o da Serra, Pariquera-A\u00e7u, Taubat\u00e9, Santa B\u00e1rbara d\u2019Oeste, Bauru, Ribeir\u00e3o Preto, Itapetininga e S\u00e3o Paulo (Zona Oeste).<\/p>\n<p>No total,\u00a0<strong>foram 42.862 ve\u00edculos fiscalizados<\/strong>, resultando em 1.395 autua\u00e7\u00f5es por alcoolemia, sendo 1.317 recusas ao teste do baf\u00f4metro, 75\u00a0por dire\u00e7\u00e3o sob influ\u00eancia de \u00e1lcool e tr\u00eas por crime de tr\u00e2nsito.<\/p>\n<hr class=\"wp-block-separator has-alpha-channel-opacity\"\/>\n<p>SAIBA MAIS<\/p>\n<p>Cohab de Ribeir\u00e3o Preto abre processo seletivo; Veja como participar<\/p>\n<h4 class=\"wp-block-heading\"><strong>FIQUE ON<\/strong><\/h4>\n<p>Fique ligado em tudo que acontece em Ribeir\u00e3o Preto e regi\u00e3o. Siga os perfis do<strong>\u00a0acidade on\u00a0<\/strong>no\u00a0<a href=\"https:\/\/www.instagram.com\/acidadeonribeirao\" target=\"_blank\" rel=\"noreferrer noopener\">Instagram\u00a0<\/a>e no\u00a0<a href=\"https:\/\/www.facebook.com\/acidadeonribeirao\/\" target=\"_blank\" rel=\"noreferrer noopener\">Facebook<\/a>.<\/p>\n<p>Receba not\u00edcias do<strong>\u00a0acidade on<\/strong>\u00a0no WhatsApp.\u00a0<a href=\"https:\/\/chat.whatsapp.com\/Dtv9mxhy6V5BJBotM2OQ5k\" target=\"_blank\" rel=\"noreferrer noopener\">Para entrar no grupo, basta clicar aqui.<\/a><\/p>\n<p>Fa\u00e7a uma den\u00fancia ou sugira uma reportagem sobre Ribeir\u00e3o Preto e regi\u00e3o pelo WhatsApp: 16 99117 7802.<\/p>\n<p>VEJA TAMB\u00c9M<\/p>\n<p>Que dia a Olivia Rodrigo vai no Lollapalooza?<\/p>\n<p><!-- CONTENT END 1 -->\n<\/div>\n<p><script async src=\"\/\/www.instagram.com\/embed.js\"><\/script><br \/>\n<br \/><br \/>\n<br \/><a href=\"https:\/\/www.acidadeon.com\/ribeiraopreto\/cotidiano\/blitz-da-lei-seca-multa-38-motoristas-em-pedagio-entre-sertaozinho-e-ribeirao\/\">Source link <\/a><\/p>\n","protected":false},"excerpt":{"rendered":"<p>Uma a\u00e7\u00e3o da Opera\u00e7\u00e3o Dire\u00e7\u00e3o Segura Integrada (ODSI), que fiscaliza a Lei Seca, multou 35 motoristas que se recusaram a realizar o teste do baf\u00f4metro&#8230;<\/p>\n","protected":false},"author":1,"featured_media":63716,"comment_status":"open","ping_status":"open","sticky":false,"template":"","format":"standard","meta":{"_uag_custom_page_level_css":"","advanced_seo_description":"","jetpack_seo_html_title":"","jetpack_seo_noindex":false,"jetpack_post_was_ever_published":false,"_jetpack_newsletter_access":"","_jetpack_dont_email_post_to_subs":false,"_jetpack_newsletter_tier_id":0,"_jetpack_memberships_contains_paywalled_content":false,"_jetpack_memberships_contains_paid_content":false,"footnotes":"","jetpack_publicize_message":"","jetpack_publicize_feature_enabled":true,"jetpack_social_post_already_shared":true,"jetpack_social_options":{"image_generator_settings":{"template":"highway","default_image_id":0,"font":"","enabled":false},"version":2}},"categories":[11],"tags":[],"class_list":["post-63715","post","type-post","status-publish","format-standard","has-post-thumbnail","hentry","category-noticias-de-ribeirao-preto-sp-e-regiao-ismael-colosi"],"jetpack_publicize_connections":[],"jetpack_featured_media_url":"https:\/\/i0.wp.com\/ismaelcolosi.com.br\/wp-content\/uploads\/2024\/09\/Copia-de-Copia-de-Copia-de-TAMANHO-EXATO-PARA-FOTOS-NO-SISTEMA-NOVO-26_2024-09-03_18-21-18_png_2024-09-03_18-21-19.webp.webp?fit=1200%2C675&ssl=1","uagb_featured_image_src":{"full":["https:\/\/i0.wp.com\/ismaelcolosi.com.br\/wp-content\/uploads\/2024\/09\/Copia-de-Copia-de-Copia-de-TAMANHO-EXATO-PARA-FOTOS-NO-SISTEMA-NOVO-26_2024-09-03_18-21-18_png_2024-09-03_18-21-19.webp.webp?fit=1200%2C675&ssl=1",1200,675,false],"thumbnail":["https:\/\/i0.wp.com\/ismaelcolosi.com.br\/wp-content\/uploads\/2024\/09\/Copia-de-Copia-de-Copia-de-TAMANHO-EXATO-PARA-FOTOS-NO-SISTEMA-NOVO-26_2024-09-03_18-21-18_png_2024-09-03_18-21-19.webp.webp?resize=150%2C150&ssl=1",150,150,true],"medium":["https:\/\/i0.wp.com\/ismaelcolosi.com.br\/wp-content\/uploads\/2024\/09\/Copia-de-Copia-de-Copia-de-TAMANHO-EXATO-PARA-FOTOS-NO-SISTEMA-NOVO-26_2024-09-03_18-21-18_png_2024-09-03_18-21-19.webp.webp?fit=300%2C169&ssl=1",300,169,true],"medium_large":["https:\/\/i0.wp.com\/ismaelcolosi.com.br\/wp-content\/uploads\/2024\/09\/Copia-de-Copia-de-Copia-de-TAMANHO-EXATO-PARA-FOTOS-NO-SISTEMA-NOVO-26_2024-09-03_18-21-18_png_2024-09-03_18-21-19.webp.webp?fit=768%2C432&ssl=1",768,432,true],"large":["https:\/\/i0.wp.com\/ismaelcolosi.com.br\/wp-content\/uploads\/2024\/09\/Copia-de-Copia-de-Copia-de-TAMANHO-EXATO-PARA-FOTOS-NO-SISTEMA-NOVO-26_2024-09-03_18-21-18_png_2024-09-03_18-21-19.webp.webp?fit=1024%2C576&ssl=1",1024,576,true],"1536x1536":["https:\/\/i0.wp.com\/ismaelcolosi.com.br\/wp-content\/uploads\/2024\/09\/Copia-de-Copia-de-Copia-de-TAMANHO-EXATO-PARA-FOTOS-NO-SISTEMA-NOVO-26_2024-09-03_18-21-18_png_2024-09-03_18-21-19.webp.webp?fit=1200%2C675&ssl=1",1200,675,true],"2048x2048":["https:\/\/i0.wp.com\/ismaelcolosi.com.br\/wp-content\/uploads\/2024\/09\/Copia-de-Copia-de-Copia-de-TAMANHO-EXATO-PARA-FOTOS-NO-SISTEMA-NOVO-26_2024-09-03_18-21-18_png_2024-09-03_18-21-19.webp.webp?fit=1200%2C675&ssl=1",1200,675,true],"really-simple-thumb":["https:\/\/i0.wp.com\/ismaelcolosi.com.br\/wp-content\/uploads\/2024\/09\/Copia-de-Copia-de-Copia-de-TAMANHO-EXATO-PARA-FOTOS-NO-SISTEMA-NOVO-26_2024-09-03_18-21-18_png_2024-09-03_18-21-19.webp.webp?resize=370%2C247&ssl=1",370,247,true]},"uagb_author_info":{"display_name":"ismaelcolosi.com.br","author_link":"https:\/\/ismaelcolosi.com.br\/index.php\/author\/vidareal-online\/"},"uagb_comment_info":0,"uagb_excerpt":"Uma a\u00e7\u00e3o da Opera\u00e7\u00e3o Dire\u00e7\u00e3o Segura Integrada (ODSI), que fiscaliza a Lei Seca, multou 35 motoristas que se recusaram a realizar o teste do baf\u00f4metro...","jetpack-related-posts":[{"id":66490,"url":"https:\/\/ismaelcolosi.com.br\/index.php\/2024\/09\/17\/blitz-da-lei-seca-autua-39-motoristas-na-regiao-de-ribeirao-preto\/","url_meta":{"origin":63715,"position":0},"title":"Blitz da Lei Seca autua 39 motoristas na regi\u00e3o de Ribeir\u00e3o Preto","author":"ismaelcolosi.com.br","date":"17 de September de 2024","format":false,"excerpt":"A blitz da Lei Seca autuou 39 motoristas na avenida Affonso Trigo, em Sert\u00e3ozinho, cidade na regi\u00e3o de Ribeir\u00e3o Preto, no \u00faltimo final de semana. Conforme o Detran-SP, 38 condutores se recusaram a realizar o teste do baf\u00f4metro e um foi pego dirigindo sob a influ\u00eancia de \u00e1lcool. A Opera\u00e7\u00e3o\u2026","rel":"","context":"In &quot;Not\u00edcias de Ribeir\u00e3o Preto-SP e Regi\u00e3o&quot;","block_context":{"text":"Not\u00edcias de Ribeir\u00e3o Preto-SP e Regi\u00e3o","link":"https:\/\/ismaelcolosi.com.br\/index.php\/category\/noticias-de-ribeirao-preto-sp-e-regiao-ismael-colosi\/"},"img":{"alt_text":"","src":"https:\/\/i0.wp.com\/ismaelcolosi.com.br\/wp-content\/uploads\/2024\/07\/lei-seca_2024-07-23_15-55-31_jpg_2024-07-23_15-55-31.webp.webp?fit=1200%2C800&ssl=1&resize=350%2C200","width":350,"height":200,"srcset":"https:\/\/i0.wp.com\/ismaelcolosi.com.br\/wp-content\/uploads\/2024\/07\/lei-seca_2024-07-23_15-55-31_jpg_2024-07-23_15-55-31.webp.webp?fit=1200%2C800&ssl=1&resize=350%2C200 1x, https:\/\/i0.wp.com\/ismaelcolosi.com.br\/wp-content\/uploads\/2024\/07\/lei-seca_2024-07-23_15-55-31_jpg_2024-07-23_15-55-31.webp.webp?fit=1200%2C800&ssl=1&resize=525%2C300 1.5x, https:\/\/i0.wp.com\/ismaelcolosi.com.br\/wp-content\/uploads\/2024\/07\/lei-seca_2024-07-23_15-55-31_jpg_2024-07-23_15-55-31.webp.webp?fit=1200%2C800&ssl=1&resize=700%2C400 2x, https:\/\/i0.wp.com\/ismaelcolosi.com.br\/wp-content\/uploads\/2024\/07\/lei-seca_2024-07-23_15-55-31_jpg_2024-07-23_15-55-31.webp.webp?fit=1200%2C800&ssl=1&resize=1050%2C600 3x"},"classes":[]},{"id":68216,"url":"https:\/\/ismaelcolosi.com.br\/index.php\/2024\/09\/27\/blitz-da-lei-seca-autua-48-motoristas-em-ribeirao-preto-e-regiao\/","url_meta":{"origin":63715,"position":1},"title":"Blitz da Lei Seca autua 48 motoristas em Ribeir\u00e3o Preto e regi\u00e3o","author":"ismaelcolosi.com.br","date":"27 de September de 2024","format":false,"excerpt":"A blitz da Lei Seca autuou 48 motoristas na regi\u00e3o de Ribeir\u00e3o Preto durante a Semana Nacional de Tr\u00e2nsito, que aconteceu entre os dias 18 a 25 de setembro. Conforme o Detran-SP, 42 condutores se recusaram a realizar o teste do baf\u00f4metro e seis foram flagrados dirigindo sob a influ\u00eancia\u2026","rel":"","context":"In &quot;Not\u00edcias de Ribeir\u00e3o Preto-SP e Regi\u00e3o&quot;","block_context":{"text":"Not\u00edcias de Ribeir\u00e3o Preto-SP e Regi\u00e3o","link":"https:\/\/ismaelcolosi.com.br\/index.php\/category\/noticias-de-ribeirao-preto-sp-e-regiao-ismael-colosi\/"},"img":{"alt_text":"","src":"https:\/\/i0.wp.com\/ismaelcolosi.com.br\/wp-content\/uploads\/2024\/09\/3cf89c7b-4c5f-45d7-90e0-ea9535eb180f_2024-09-27_21-17-46_jpeg_2024-09-27_21-17-46.webp.webp?fit=1200%2C900&ssl=1&resize=350%2C200","width":350,"height":200,"srcset":"https:\/\/i0.wp.com\/ismaelcolosi.com.br\/wp-content\/uploads\/2024\/09\/3cf89c7b-4c5f-45d7-90e0-ea9535eb180f_2024-09-27_21-17-46_jpeg_2024-09-27_21-17-46.webp.webp?fit=1200%2C900&ssl=1&resize=350%2C200 1x, https:\/\/i0.wp.com\/ismaelcolosi.com.br\/wp-content\/uploads\/2024\/09\/3cf89c7b-4c5f-45d7-90e0-ea9535eb180f_2024-09-27_21-17-46_jpeg_2024-09-27_21-17-46.webp.webp?fit=1200%2C900&ssl=1&resize=525%2C300 1.5x, https:\/\/i0.wp.com\/ismaelcolosi.com.br\/wp-content\/uploads\/2024\/09\/3cf89c7b-4c5f-45d7-90e0-ea9535eb180f_2024-09-27_21-17-46_jpeg_2024-09-27_21-17-46.webp.webp?fit=1200%2C900&ssl=1&resize=700%2C400 2x, https:\/\/i0.wp.com\/ismaelcolosi.com.br\/wp-content\/uploads\/2024\/09\/3cf89c7b-4c5f-45d7-90e0-ea9535eb180f_2024-09-27_21-17-46_jpeg_2024-09-27_21-17-46.webp.webp?fit=1200%2C900&ssl=1&resize=1050%2C600 3x"},"classes":[]},{"id":72466,"url":"https:\/\/ismaelcolosi.com.br\/index.php\/2024\/10\/21\/blitz-da-lei-seca-autua-19-motoristas-na-regiao-de-ribeirao-preto\/","url_meta":{"origin":63715,"position":2},"title":"Blitz da Lei Seca autua 19 motoristas na regi\u00e3o de Ribeir\u00e3o Preto","author":"ismaelcolosi.com.br","date":"21 de October de 2024","format":false,"excerpt":"A blitz da Lei Seca autuou 19 motoristas, em Sert\u00e3ozinho, na regi\u00e3o de Ribeir\u00e3o Preto durante a Opera\u00e7\u00e3o Dire\u00e7\u00e3o Segura Integrada, que aconteceu no \u00faltimo final de semana. Conforme o Detran-SP, 17 condutores se recusaram a realizar o teste do baf\u00f4metro e dois foram flagrados dirigindo sob a influ\u00eancia de\u2026","rel":"","context":"In &quot;Not\u00edcias de Ribeir\u00e3o Preto-SP e Regi\u00e3o&quot;","block_context":{"text":"Not\u00edcias de Ribeir\u00e3o Preto-SP e Regi\u00e3o","link":"https:\/\/ismaelcolosi.com.br\/index.php\/category\/noticias-de-ribeirao-preto-sp-e-regiao-ismael-colosi\/"},"img":{"alt_text":"","src":"https:\/\/i0.wp.com\/ismaelcolosi.com.br\/wp-content\/uploads\/2024\/10\/Copia-de-Copia-de-Copia-de-TAMANHO-EXATO-PARA-FOTOS-NO-SISTEMA-NOVO-30_2024-10-21_22-19-39_png_2024-10-21_22-19-39.webp.webp?fit=1200%2C675&ssl=1&resize=350%2C200","width":350,"height":200,"srcset":"https:\/\/i0.wp.com\/ismaelcolosi.com.br\/wp-content\/uploads\/2024\/10\/Copia-de-Copia-de-Copia-de-TAMANHO-EXATO-PARA-FOTOS-NO-SISTEMA-NOVO-30_2024-10-21_22-19-39_png_2024-10-21_22-19-39.webp.webp?fit=1200%2C675&ssl=1&resize=350%2C200 1x, https:\/\/i0.wp.com\/ismaelcolosi.com.br\/wp-content\/uploads\/2024\/10\/Copia-de-Copia-de-Copia-de-TAMANHO-EXATO-PARA-FOTOS-NO-SISTEMA-NOVO-30_2024-10-21_22-19-39_png_2024-10-21_22-19-39.webp.webp?fit=1200%2C675&ssl=1&resize=525%2C300 1.5x, https:\/\/i0.wp.com\/ismaelcolosi.com.br\/wp-content\/uploads\/2024\/10\/Copia-de-Copia-de-Copia-de-TAMANHO-EXATO-PARA-FOTOS-NO-SISTEMA-NOVO-30_2024-10-21_22-19-39_png_2024-10-21_22-19-39.webp.webp?fit=1200%2C675&ssl=1&resize=700%2C400 2x, https:\/\/i0.wp.com\/ismaelcolosi.com.br\/wp-content\/uploads\/2024\/10\/Copia-de-Copia-de-Copia-de-TAMANHO-EXATO-PARA-FOTOS-NO-SISTEMA-NOVO-30_2024-10-21_22-19-39_png_2024-10-21_22-19-39.webp.webp?fit=1200%2C675&ssl=1&resize=1050%2C600 3x"},"classes":[]},{"id":58133,"url":"https:\/\/ismaelcolosi.com.br\/index.php\/2024\/07\/28\/blitz-da-lei-seca-multa-64-motoristas-no-pedagio-entre-sertaozinho-e-ribeirao-preto\/","url_meta":{"origin":63715,"position":3},"title":"Blitz da Lei Seca multa 64 motoristas no ped\u00e1gio entre Sert\u00e3ozinho e Ribeir\u00e3o Preto","author":"ismaelcolosi.com.br","date":"28 de July de 2024","format":false,"excerpt":"Uma blitz da Lei Seca realizada no ped\u00e1gio da rodovia Att\u00edlio Balbo (SP-322), entre Ribeir\u00e3o Preto e Sert\u00e3ozinho, multou 64 motoristas por infra\u00e7\u00f5es de tr\u00e2nsito relacionadas \u00e0 dire\u00e7\u00e3o sob efeito de \u00e1lcool. A opera\u00e7\u00e3o aconteceu entre a tarde e a noite do \u00faltimo s\u00e1bado (27). Mais de 2,5 mil motoristas\u2026","rel":"","context":"In &quot;Not\u00edcias de Ribeir\u00e3o Preto-SP e Regi\u00e3o&quot;","block_context":{"text":"Not\u00edcias de Ribeir\u00e3o Preto-SP e Regi\u00e3o","link":"https:\/\/ismaelcolosi.com.br\/index.php\/category\/noticias-de-ribeirao-preto-sp-e-regiao-ismael-colosi\/"},"img":{"alt_text":"","src":"https:\/\/i0.wp.com\/ismaelcolosi.com.br\/wp-content\/uploads\/2024\/07\/lei-seca-2_2024-07-28_17-42-40_jpeg_2024-07-28_17-42-41-scaled.webp.webp?fit=1200%2C900&ssl=1&resize=350%2C200","width":350,"height":200,"srcset":"https:\/\/i0.wp.com\/ismaelcolosi.com.br\/wp-content\/uploads\/2024\/07\/lei-seca-2_2024-07-28_17-42-40_jpeg_2024-07-28_17-42-41-scaled.webp.webp?fit=1200%2C900&ssl=1&resize=350%2C200 1x, https:\/\/i0.wp.com\/ismaelcolosi.com.br\/wp-content\/uploads\/2024\/07\/lei-seca-2_2024-07-28_17-42-40_jpeg_2024-07-28_17-42-41-scaled.webp.webp?fit=1200%2C900&ssl=1&resize=525%2C300 1.5x, https:\/\/i0.wp.com\/ismaelcolosi.com.br\/wp-content\/uploads\/2024\/07\/lei-seca-2_2024-07-28_17-42-40_jpeg_2024-07-28_17-42-41-scaled.webp.webp?fit=1200%2C900&ssl=1&resize=700%2C400 2x, https:\/\/i0.wp.com\/ismaelcolosi.com.br\/wp-content\/uploads\/2024\/07\/lei-seca-2_2024-07-28_17-42-40_jpeg_2024-07-28_17-42-41-scaled.webp.webp?fit=1200%2C900&ssl=1&resize=1050%2C600 3x"},"classes":[]},{"id":26351,"url":"https:\/\/ismaelcolosi.com.br\/index.php\/2024\/01\/09\/mais-de-30-motoristas-sao-multados-em-blitz-da-lei-seca-em-ribeirao-preto\/","url_meta":{"origin":63715,"position":4},"title":"Mais de 30 motoristas s\u00e3o multados em blitz da Lei Seca em Ribeir\u00e3o Preto","author":"ismaelcolosi.com.br","date":"9 de January de 2024","format":false,"excerpt":"Uma a\u00e7\u00e3o da Opera\u00e7\u00e3o Dire\u00e7\u00e3o Segura Integrada (ODSI), que fiscaliza a Lei Seca, em Ribeir\u00e3o Preto, autuou 33 motoristas por recusas ao teste de baf\u00f4metro, no \u00faltimo s\u00e1bado (6). De acordo com o Detran-SP, cerca de 663 ve\u00edculos foram abordados na avenida Lu\u00eds Galv\u00e3o C\u00e9sar, na zona Oeste da cidade.\u2026","rel":"","context":"In &quot;Not\u00edcias de Ribeir\u00e3o Preto-SP e Regi\u00e3o&quot;","block_context":{"text":"Not\u00edcias de Ribeir\u00e3o Preto-SP e Regi\u00e3o","link":"https:\/\/ismaelcolosi.com.br\/index.php\/category\/noticias-de-ribeirao-preto-sp-e-regiao-ismael-colosi\/"},"img":{"alt_text":"","src":"https:\/\/i0.wp.com\/ismaelcolosi.com.br\/wp-content\/uploads\/2024\/01\/motorista-alcoolizado.jpg?fit=1200%2C900&ssl=1&resize=350%2C200","width":350,"height":200,"srcset":"https:\/\/i0.wp.com\/ismaelcolosi.com.br\/wp-content\/uploads\/2024\/01\/motorista-alcoolizado.jpg?fit=1200%2C900&ssl=1&resize=350%2C200 1x, https:\/\/i0.wp.com\/ismaelcolosi.com.br\/wp-content\/uploads\/2024\/01\/motorista-alcoolizado.jpg?fit=1200%2C900&ssl=1&resize=525%2C300 1.5x, https:\/\/i0.wp.com\/ismaelcolosi.com.br\/wp-content\/uploads\/2024\/01\/motorista-alcoolizado.jpg?fit=1200%2C900&ssl=1&resize=700%2C400 2x, https:\/\/i0.wp.com\/ismaelcolosi.com.br\/wp-content\/uploads\/2024\/01\/motorista-alcoolizado.jpg?fit=1200%2C900&ssl=1&resize=1050%2C600 3x"},"classes":[]},{"id":19566,"url":"https:\/\/ismaelcolosi.com.br\/index.php\/2023\/12\/22\/operacao-da-lei-seca-autua-17-por-recusa-de-bafometro-em-ribeirao-preto\/","url_meta":{"origin":63715,"position":5},"title":"Opera\u00e7\u00e3o da Lei Seca autua 17 por recusa de baf\u00f4metro em Ribeir\u00e3o Preto","author":"ismaelcolosi.com.br","date":"22 de December de 2023","format":false,"excerpt":"Uma Opera\u00e7\u00e3o da Dire\u00e7\u00e3o Segura Integrada (ODSI) \u2013 que fiscaliza a Lei Seca, em Ribeir\u00e3o Preto, autuou 17 motoristas por recusas ao teste de baf\u00f4metro. As informa\u00e7\u00f5es s\u00e3o do Detran-SP. \u201cA fiscaliza\u00e7\u00e3o tem o objetivo de reduzir e prevenir os sinistros causados pelo consumo de bebida alco\u00f3lica combinado com dire\u00e7\u00e3o\u201d,\u2026","rel":"","context":"In &quot;Not\u00edcias de Ribeir\u00e3o Preto-SP e Regi\u00e3o&quot;","block_context":{"text":"Not\u00edcias de Ribeir\u00e3o Preto-SP e Regi\u00e3o","link":"https:\/\/ismaelcolosi.com.br\/index.php\/category\/noticias-de-ribeirao-preto-sp-e-regiao-ismael-colosi\/"},"img":{"alt_text":"","src":"https:\/\/i0.wp.com\/ismaelcolosi.com.br\/wp-content\/uploads\/2023\/12\/lei-seca.jpeg?fit=1200%2C900&ssl=1&resize=350%2C200","width":350,"height":200,"srcset":"https:\/\/i0.wp.com\/ismaelcolosi.com.br\/wp-content\/uploads\/2023\/12\/lei-seca.jpeg?fit=1200%2C900&ssl=1&resize=350%2C200 1x, https:\/\/i0.wp.com\/ismaelcolosi.com.br\/wp-content\/uploads\/2023\/12\/lei-seca.jpeg?fit=1200%2C900&ssl=1&resize=525%2C300 1.5x, https:\/\/i0.wp.com\/ismaelcolosi.com.br\/wp-content\/uploads\/2023\/12\/lei-seca.jpeg?fit=1200%2C900&ssl=1&resize=700%2C400 2x, https:\/\/i0.wp.com\/ismaelcolosi.com.br\/wp-content\/uploads\/2023\/12\/lei-seca.jpeg?fit=1200%2C900&ssl=1&resize=1050%2C600 3x"},"classes":[]}],"jetpack_sharing_enabled":true,"jetpack_shortlink":"https:\/\/wp.me\/pfMlyK-gzF","_links":{"self":[{"href":"https:\/\/ismaelcolosi.com.br\/index.php\/wp-json\/wp\/v2\/posts\/63715","targetHints":{"allow":["GET"]}}],"collection":[{"href":"https:\/\/ismaelcolosi.com.br\/index.php\/wp-json\/wp\/v2\/posts"}],"about":[{"href":"https:\/\/ismaelcolosi.com.br\/index.php\/wp-json\/wp\/v2\/types\/post"}],"author":[{"embeddable":true,"href":"https:\/\/ismaelcolosi.com.br\/index.php\/wp-json\/wp\/v2\/users\/1"}],"replies":[{"embeddable":true,"href":"https:\/\/ismaelcolosi.com.br\/index.php\/wp-json\/wp\/v2\/comments?post=63715"}],"version-history":[{"count":0,"href":"https:\/\/ismaelcolosi.com.br\/index.php\/wp-json\/wp\/v2\/posts\/63715\/revisions"}],"wp:featuredmedia":[{"embeddable":true,"href":"https:\/\/ismaelcolosi.com.br\/index.php\/wp-json\/wp\/v2\/media\/63716"}],"wp:attachment":[{"href":"https:\/\/ismaelcolosi.com.br\/index.php\/wp-json\/wp\/v2\/media?parent=63715"}],"wp:term":[{"taxonomy":"category","embeddable":true,"href":"https:\/\/ismaelcolosi.com.br\/index.php\/wp-json\/wp\/v2\/categories?post=63715"},{"taxonomy":"post_tag","embeddable":true,"href":"https:\/\/ismaelcolosi.com.br\/index.php\/wp-json\/wp\/v2\/tags?post=63715"}],"curies":[{"name":"wp","href":"https:\/\/api.w.org\/{rel}","templated":true}]}}