{"id":63708,"date":"2024-09-03T15:40:01","date_gmt":"2024-09-03T18:40:01","guid":{"rendered":"https:\/\/ismaelcolosi.com.br\/index.php\/2024\/09\/03\/poste-salva-mae-e-filha-de-acidente-na-regiao-de-ribeirao-veja-video\/"},"modified":"2024-09-03T15:40:01","modified_gmt":"2024-09-03T18:40:01","slug":"poste-salva-mae-e-filha-de-acidente-na-regiao-de-ribeirao-veja-video","status":"publish","type":"post","link":"https:\/\/ismaelcolosi.com.br\/index.php\/2024\/09\/03\/poste-salva-mae-e-filha-de-acidente-na-regiao-de-ribeirao-veja-video\/","title":{"rendered":"Poste salva m\u00e3e e filha de acidente na regi\u00e3o de Ribeir\u00e3o; veja v\u00eddeo"},"content":{"rendered":"<p> <br \/>\n<\/p>\n<div data-td-block-uid=\"tdi_106\">\n<div class=\"tdb-block-inner td-fix-index\">\n<p>Na tarde de<strong> segunda-feira (2)<\/strong>, m\u00e3e e filha passaram por um susto quando <strong>quase foram atingidas por um carro que bateu em um poste.<\/strong> O acidente aconteceu no bairro Jardim S\u00e3o Gabriel, <strong>zona Oeste de Franca<\/strong>, no interior de S\u00e3o Paulo.<\/p>\n<p>Nas imagens de c\u00e2mera de seguran\u00e7a, \u00e9 poss\u00edvel ver o carro estava estacionado e <strong>a m\u00e3e colocando a crian\u00e7a na cadeirinha<\/strong> quando<strong><mark style=\"background-color:#fcb900\" class=\"has-inline-color\"> foi surpreendida por um carro desgovernado que atinge o poste de forma violenta. <\/mark><\/strong><\/p>\n<p>Apesar do susto, <strong>ningu\u00e9m ficou ferido<\/strong>. De acordo com testemunhas, <strong>o motorista do carro perdeu o controle ap\u00f3s o volante do ve\u00edculo travar. <\/strong><\/p>\n<h4 class=\"wp-block-heading\">Veja o v\u00eddeo<\/h4>\n<p><iframe loading=\"lazy\" allowfullscreen=\"yes\" frameborder=\"0\" scrolling=\"yes\" src=\"https:\/\/embed-videos.netshow.me\/s\/OQDerJAe8L8\/player?v=true\" width=\"1080\" height=\"608\"><\/iframe><\/p>\n<p>SAIBA MAIS<br \/>Opera\u00e7\u00e3o apreende R$ 2 milh\u00f5es em produtos no Centro de Ribeir\u00e3o Preto<\/p>\n<h4 class=\"wp-block-heading\"><strong>FIQUE ON<\/strong><\/h4>\n<p>Fique ligado em tudo que acontece em Ribeir\u00e3o Preto e regi\u00e3o. Siga os perfis do<strong> acidade on <\/strong>no <a href=\"https:\/\/www.instagram.com\/acidadeonribeirao\" target=\"_blank\" rel=\"noreferrer noopener nofollow\">Instagram <\/a>e no <a href=\"https:\/\/www.facebook.com\/acidadeonribeirao\/\" target=\"_blank\" rel=\"noreferrer noopener nofollow\">Facebook<\/a>.<\/p>\n<p>Receba not\u00edcias do<strong> acidade on<\/strong> no WhatsApp. <a href=\"https:\/\/chat.whatsapp.com\/Dtv9mxhy6V5BJBotM2OQ5k\" target=\"_blank\" rel=\"noreferrer noopener nofollow\">Para entrar no grupo, basta clicar aqui.<\/a><\/p>\n<p>Fa\u00e7a uma den\u00fancia ou sugira uma reportagem sobre Ribeir\u00e3o Preto e regi\u00e3o pelo WhatsApp: 16 99117 7802.<\/p>\n<p>VEJA TAMB\u00c9M<br \/>O que \u00e9 prova de t\u00edtulos em concurso p\u00fablico?<\/p>\n<p><!-- CONTENT END 1 -->\n<\/div>\n<\/div>\n<p><script async src=\"\/\/www.instagram.com\/embed.js\"><\/script><br \/>\n<br \/><br \/>\n<br \/><a href=\"https:\/\/www.acidadeon.com\/ribeiraopreto\/cotidiano\/poste-salva-mae-e-filha-de-acidente-na-regiao-de-ribeirao-veja-video\/\">Source link <\/a><\/p>\n","protected":false},"excerpt":{"rendered":"<p>Na tarde de segunda-feira (2), m\u00e3e e filha passaram por um susto quando quase foram atingidas por um carro que bateu em um poste. O&#8230;<\/p>\n","protected":false},"author":1,"featured_media":63709,"comment_status":"open","ping_status":"open","sticky":false,"template":"","format":"standard","meta":{"_uag_custom_page_level_css":"","advanced_seo_description":"","jetpack_seo_html_title":"","jetpack_seo_noindex":false,"jetpack_post_was_ever_published":false,"_jetpack_newsletter_access":"","_jetpack_dont_email_post_to_subs":false,"_jetpack_newsletter_tier_id":0,"_jetpack_memberships_contains_paywalled_content":false,"_jetpack_memberships_contains_paid_content":false,"footnotes":"","jetpack_publicize_message":"","jetpack_publicize_feature_enabled":true,"jetpack_social_post_already_shared":true,"jetpack_social_options":{"image_generator_settings":{"template":"highway","default_image_id":0,"font":"","enabled":false},"version":2}},"categories":[11],"tags":[],"class_list":["post-63708","post","type-post","status-publish","format-standard","has-post-thumbnail","hentry","category-noticias-de-ribeirao-preto-sp-e-regiao-ismael-colosi"],"jetpack_publicize_connections":[],"jetpack_featured_media_url":"https:\/\/i0.wp.com\/ismaelcolosi.com.br\/wp-content\/uploads\/2024\/09\/acidente-franca_2024-09-03_17-44-37_png_2024-09-03_17-44-37.webp.webp?fit=859%2C484&ssl=1","uagb_featured_image_src":{"full":["https:\/\/i0.wp.com\/ismaelcolosi.com.br\/wp-content\/uploads\/2024\/09\/acidente-franca_2024-09-03_17-44-37_png_2024-09-03_17-44-37.webp.webp?fit=859%2C484&ssl=1",859,484,false],"thumbnail":["https:\/\/i0.wp.com\/ismaelcolosi.com.br\/wp-content\/uploads\/2024\/09\/acidente-franca_2024-09-03_17-44-37_png_2024-09-03_17-44-37.webp.webp?resize=150%2C150&ssl=1",150,150,true],"medium":["https:\/\/i0.wp.com\/ismaelcolosi.com.br\/wp-content\/uploads\/2024\/09\/acidente-franca_2024-09-03_17-44-37_png_2024-09-03_17-44-37.webp.webp?fit=300%2C169&ssl=1",300,169,true],"medium_large":["https:\/\/i0.wp.com\/ismaelcolosi.com.br\/wp-content\/uploads\/2024\/09\/acidente-franca_2024-09-03_17-44-37_png_2024-09-03_17-44-37.webp.webp?fit=768%2C433&ssl=1",768,433,true],"large":["https:\/\/i0.wp.com\/ismaelcolosi.com.br\/wp-content\/uploads\/2024\/09\/acidente-franca_2024-09-03_17-44-37_png_2024-09-03_17-44-37.webp.webp?fit=859%2C484&ssl=1",859,484,true],"1536x1536":["https:\/\/i0.wp.com\/ismaelcolosi.com.br\/wp-content\/uploads\/2024\/09\/acidente-franca_2024-09-03_17-44-37_png_2024-09-03_17-44-37.webp.webp?fit=859%2C484&ssl=1",859,484,true],"2048x2048":["https:\/\/i0.wp.com\/ismaelcolosi.com.br\/wp-content\/uploads\/2024\/09\/acidente-franca_2024-09-03_17-44-37_png_2024-09-03_17-44-37.webp.webp?fit=859%2C484&ssl=1",859,484,true],"really-simple-thumb":["https:\/\/i0.wp.com\/ismaelcolosi.com.br\/wp-content\/uploads\/2024\/09\/acidente-franca_2024-09-03_17-44-37_png_2024-09-03_17-44-37.webp.webp?resize=370%2C247&ssl=1",370,247,true]},"uagb_author_info":{"display_name":"ismaelcolosi.com.br","author_link":"https:\/\/ismaelcolosi.com.br\/index.php\/author\/vidareal-online\/"},"uagb_comment_info":0,"uagb_excerpt":"Na tarde de segunda-feira (2), m\u00e3e e filha passaram por um susto quando quase foram atingidas por um carro que bateu em um poste. O...","jetpack-related-posts":[{"id":25409,"url":"https:\/\/ismaelcolosi.com.br\/index.php\/2024\/01\/07\/onibus-destroi-poste-apos-batida-no-centro-de-ribeirao-veja-video\/","url_meta":{"origin":63708,"position":0},"title":"\u00d4nibus destr\u00f3i poste ap\u00f3s batida no Centro de Ribeir\u00e3o; Veja v\u00eddeo","author":"ismaelcolosi.com.br","date":"7 de January de 2024","format":false,"excerpt":"Um \u00f4nibus e um carro bateram, neste domingo (7), no cruzamento da rua Santos Dumont com a avenida Jer\u00f4nimo Gon\u00e7alves, entre o Centro e a Vila Tib\u00e9rio. O acidente foi na esquina da rodovi\u00e1ria. Segundo testemunhas, o carro desceu a rua S\u00e3o Sebasti\u00e3o e estava cruzando a avenida com destino\u2026","rel":"","context":"In &quot;Not\u00edcias de Ribeir\u00e3o Preto-SP e Regi\u00e3o&quot;","block_context":{"text":"Not\u00edcias de Ribeir\u00e3o Preto-SP e Regi\u00e3o","link":"https:\/\/ismaelcolosi.com.br\/index.php\/category\/noticias-de-ribeirao-preto-sp-e-regiao-ismael-colosi\/"},"img":{"alt_text":"","src":"https:\/\/i0.wp.com\/ismaelcolosi.com.br\/wp-content\/uploads\/2024\/01\/WhatsApp-Image-2024-01-07-at-10.01.43.jpeg?fit=1200%2C539&ssl=1&resize=350%2C200","width":350,"height":200,"srcset":"https:\/\/i0.wp.com\/ismaelcolosi.com.br\/wp-content\/uploads\/2024\/01\/WhatsApp-Image-2024-01-07-at-10.01.43.jpeg?fit=1200%2C539&ssl=1&resize=350%2C200 1x, https:\/\/i0.wp.com\/ismaelcolosi.com.br\/wp-content\/uploads\/2024\/01\/WhatsApp-Image-2024-01-07-at-10.01.43.jpeg?fit=1200%2C539&ssl=1&resize=525%2C300 1.5x, https:\/\/i0.wp.com\/ismaelcolosi.com.br\/wp-content\/uploads\/2024\/01\/WhatsApp-Image-2024-01-07-at-10.01.43.jpeg?fit=1200%2C539&ssl=1&resize=700%2C400 2x, https:\/\/i0.wp.com\/ismaelcolosi.com.br\/wp-content\/uploads\/2024\/01\/WhatsApp-Image-2024-01-07-at-10.01.43.jpeg?fit=1200%2C539&ssl=1&resize=1050%2C600 3x"},"classes":[]},{"id":10716,"url":"https:\/\/ismaelcolosi.com.br\/index.php\/2023\/12\/05\/quem-sao-mae-e-filha-que-morreram-em-grave-acidente-causado-por-motorista-embriagado\/","url_meta":{"origin":63708,"position":1},"title":"Quem s\u00e3o m\u00e3e e filha que morreram em grave acidente causado por motorista embriagado","author":"ismaelcolosi.com.br","date":"5 de December de 2023","format":false,"excerpt":"Um grave acidente provocado por um motorista b\u00eabado provocou uma verdadeira trag\u00e9dia e deixou uma fam\u00edlia devastada e mergulhada na dor do luto por causa do \u00f3bito de entes queridos.Uma mulher de 27 anos e sua filha, de 12 anos, perderam a vida em uma colis\u00e3o fatal que envolveu um\u2026","rel":"","context":"In &quot;Blog&quot;","block_context":{"text":"Blog","link":"https:\/\/ismaelcolosi.com.br\/index.php\/category\/blog\/"},"img":{"alt_text":"","src":"https:\/\/i0.wp.com\/ismaelcolosi.com.br\/wp-content\/uploads\/2023\/12\/postimg-656e939e669e18056.jpg?fit=1200%2C628&ssl=1&resize=350%2C200","width":350,"height":200,"srcset":"https:\/\/i0.wp.com\/ismaelcolosi.com.br\/wp-content\/uploads\/2023\/12\/postimg-656e939e669e18056.jpg?fit=1200%2C628&ssl=1&resize=350%2C200 1x, https:\/\/i0.wp.com\/ismaelcolosi.com.br\/wp-content\/uploads\/2023\/12\/postimg-656e939e669e18056.jpg?fit=1200%2C628&ssl=1&resize=525%2C300 1.5x, https:\/\/i0.wp.com\/ismaelcolosi.com.br\/wp-content\/uploads\/2023\/12\/postimg-656e939e669e18056.jpg?fit=1200%2C628&ssl=1&resize=700%2C400 2x, https:\/\/i0.wp.com\/ismaelcolosi.com.br\/wp-content\/uploads\/2023\/12\/postimg-656e939e669e18056.jpg?fit=1200%2C628&ssl=1&resize=1050%2C600 3x"},"classes":[]},{"id":50734,"url":"https:\/\/ismaelcolosi.com.br\/index.php\/2024\/05\/18\/carro-derruba-poste-e-provoca-bloqueio-de-avenida-em-ribeirao-preto\/","url_meta":{"origin":63708,"position":2},"title":"Carro derruba poste e provoca bloqueio de avenida em Ribeir\u00e3o Preto","author":"ismaelcolosi.com.br","date":"18 de May de 2024","format":false,"excerpt":"Um carro bateu em um poste na avenida Ant\u00f4nia Mugnatto Marincek, pr\u00f3ximo a entrada do Ribeir\u00e3o Verde, na zona Leste de Ribeir\u00e3o Preto. O acidente aconteceu por volta de 12h, deste s\u00e1bado (18) e provocou congestionamento. N\u00e3o h\u00e1 feridos no local e a Pol\u00edcia Militar foi acionada para atender a\u2026","rel":"","context":"In &quot;Not\u00edcias de Ribeir\u00e3o Preto-SP e Regi\u00e3o&quot;","block_context":{"text":"Not\u00edcias de Ribeir\u00e3o Preto-SP e Regi\u00e3o","link":"https:\/\/ismaelcolosi.com.br\/index.php\/category\/noticias-de-ribeirao-preto-sp-e-regiao-ismael-colosi\/"},"img":{"alt_text":"","src":"https:\/\/i0.wp.com\/ismaelcolosi.com.br\/wp-content\/uploads\/2024\/05\/acidente-marincek_2024-05-18_18-34-36_jpg_2024-05-18_18-34-36.webp.webp?fit=757%2C618&ssl=1&resize=350%2C200","width":350,"height":200,"srcset":"https:\/\/i0.wp.com\/ismaelcolosi.com.br\/wp-content\/uploads\/2024\/05\/acidente-marincek_2024-05-18_18-34-36_jpg_2024-05-18_18-34-36.webp.webp?fit=757%2C618&ssl=1&resize=350%2C200 1x, https:\/\/i0.wp.com\/ismaelcolosi.com.br\/wp-content\/uploads\/2024\/05\/acidente-marincek_2024-05-18_18-34-36_jpg_2024-05-18_18-34-36.webp.webp?fit=757%2C618&ssl=1&resize=525%2C300 1.5x, https:\/\/i0.wp.com\/ismaelcolosi.com.br\/wp-content\/uploads\/2024\/05\/acidente-marincek_2024-05-18_18-34-36_jpg_2024-05-18_18-34-36.webp.webp?fit=757%2C618&ssl=1&resize=700%2C400 2x"},"classes":[]},{"id":27935,"url":"https:\/\/ismaelcolosi.com.br\/index.php\/2024\/01\/13\/camera-registrou-acidente-envolvendo-guincho-anhanguera-em-ribeirao-video\/","url_meta":{"origin":63708,"position":3},"title":"C\u00e2mera registra acidente envolvendo guincho na Anhanguera em Ribeir\u00e3o; V\u00eddeo","author":"ismaelcolosi.com.br","date":"13 de January de 2024","format":false,"excerpt":"Uma c\u00e2mera de seguran\u00e7a registrou o momento do acidente envolvendo um guincho que retirava um carro envolvido em outra colis\u00e3o na madrugada deste s\u00e1bado (13), na rodovia Anhanguera, em Ribeir\u00e3o Preto. As imagens circulam nas rede sociais \u2013 veja o v\u00eddeo abaixo. O acidente aconteceu \u00e0s 3h, na altura do\u2026","rel":"","context":"In &quot;Not\u00edcias de Ribeir\u00e3o Preto-SP e Regi\u00e3o&quot;","block_context":{"text":"Not\u00edcias de Ribeir\u00e3o Preto-SP e Regi\u00e3o","link":"https:\/\/ismaelcolosi.com.br\/index.php\/category\/noticias-de-ribeirao-preto-sp-e-regiao-ismael-colosi\/"},"img":{"alt_text":"","src":"https:\/\/i0.wp.com\/ismaelcolosi.com.br\/wp-content\/uploads\/2024\/01\/acidente-anhanguer-suite.jpg?fit=937%2C686&ssl=1&resize=350%2C200","width":350,"height":200,"srcset":"https:\/\/i0.wp.com\/ismaelcolosi.com.br\/wp-content\/uploads\/2024\/01\/acidente-anhanguer-suite.jpg?fit=937%2C686&ssl=1&resize=350%2C200 1x, https:\/\/i0.wp.com\/ismaelcolosi.com.br\/wp-content\/uploads\/2024\/01\/acidente-anhanguer-suite.jpg?fit=937%2C686&ssl=1&resize=525%2C300 1.5x, https:\/\/i0.wp.com\/ismaelcolosi.com.br\/wp-content\/uploads\/2024\/01\/acidente-anhanguer-suite.jpg?fit=937%2C686&ssl=1&resize=700%2C400 2x"},"classes":[]},{"id":38411,"url":"https:\/\/ismaelcolosi.com.br\/index.php\/2024\/02\/19\/onibus-do-transporte-publico-se-envolve-em-acidente-na-zona-norte-de-ribeirao-veja-o-video\/","url_meta":{"origin":63708,"position":4},"title":"\u00d4nibus do transporte p\u00fablico se envolve em acidente na zona Norte de Ribeir\u00e3o; Veja o v\u00eddeo","author":"ismaelcolosi.com.br","date":"19 de February de 2024","format":false,"excerpt":"Um \u00f4nibus do transporte p\u00fablico de Ribeir\u00e3o Preto se envolveu em um acidente de tr\u00e2nsito com outro carro, na tarde desta segunda-feira (19), na rua Fernando de Lazari, no bairro Quintino Facci I, zona Norte da cidade. Uma c\u00e2mera de seguran\u00e7a flagrou o momento do acidente \u2013 veja o v\u00eddeo\u2026","rel":"","context":"In &quot;Not\u00edcias de Ribeir\u00e3o Preto-SP e Regi\u00e3o&quot;","block_context":{"text":"Not\u00edcias de Ribeir\u00e3o Preto-SP e Regi\u00e3o","link":"https:\/\/ismaelcolosi.com.br\/index.php\/category\/noticias-de-ribeirao-preto-sp-e-regiao-ismael-colosi\/"},"img":{"alt_text":"","src":"https:\/\/i0.wp.com\/ismaelcolosi.com.br\/wp-content\/uploads\/2024\/02\/WhatsApp-Image-2024-02-19-at-21.12.08.jpeg?fit=750%2C420&ssl=1&resize=350%2C200","width":350,"height":200,"srcset":"https:\/\/i0.wp.com\/ismaelcolosi.com.br\/wp-content\/uploads\/2024\/02\/WhatsApp-Image-2024-02-19-at-21.12.08.jpeg?fit=750%2C420&ssl=1&resize=350%2C200 1x, https:\/\/i0.wp.com\/ismaelcolosi.com.br\/wp-content\/uploads\/2024\/02\/WhatsApp-Image-2024-02-19-at-21.12.08.jpeg?fit=750%2C420&ssl=1&resize=525%2C300 1.5x, https:\/\/i0.wp.com\/ismaelcolosi.com.br\/wp-content\/uploads\/2024\/02\/WhatsApp-Image-2024-02-19-at-21.12.08.jpeg?fit=750%2C420&ssl=1&resize=700%2C400 2x"},"classes":[]},{"id":63228,"url":"https:\/\/ismaelcolosi.com.br\/index.php\/2024\/08\/31\/carro-de-luxo-se-envolve-em-acidente-no-interior-de-sp-video\/","url_meta":{"origin":63708,"position":5},"title":"Carro de luxo se envolve em acidente no interior de SP; V\u00eddeo","author":"ismaelcolosi.com.br","date":"31 de August de 2024","format":false,"excerpt":"Uma colis\u00e3o envolvendo um GM Corvette foi registrada no final da tarde desta sexta-feira (30), na rodovia C\u00e2ndido Portinari, em Franca, cidade na regi\u00e3o de Ribeir\u00e3o Preto. De acordo com a Arteris Via Paulista, concession\u00e1ria que administra o trecho, o acidente aconteceu pr\u00f3ximo ao km 397. Conforme apura\u00e7\u00e3o da EPTV,\u2026","rel":"","context":"In &quot;Not\u00edcias de Ribeir\u00e3o Preto-SP e Regi\u00e3o&quot;","block_context":{"text":"Not\u00edcias de Ribeir\u00e3o Preto-SP e Regi\u00e3o","link":"https:\/\/ismaelcolosi.com.br\/index.php\/category\/noticias-de-ribeirao-preto-sp-e-regiao-ismael-colosi\/"},"img":{"alt_text":"","src":"https:\/\/i0.wp.com\/ismaelcolosi.com.br\/wp-content\/uploads\/2024\/08\/Copia-de-Copia-de-Copia-de-TAMANHO-EXATO-PARA-FOTOS-NO-SISTEMA-NOVO-22_2024-08-31_19-51-14_png_2024-08-31_19-51-14.webp.webp?fit=1200%2C675&ssl=1&resize=350%2C200","width":350,"height":200,"srcset":"https:\/\/i0.wp.com\/ismaelcolosi.com.br\/wp-content\/uploads\/2024\/08\/Copia-de-Copia-de-Copia-de-TAMANHO-EXATO-PARA-FOTOS-NO-SISTEMA-NOVO-22_2024-08-31_19-51-14_png_2024-08-31_19-51-14.webp.webp?fit=1200%2C675&ssl=1&resize=350%2C200 1x, https:\/\/i0.wp.com\/ismaelcolosi.com.br\/wp-content\/uploads\/2024\/08\/Copia-de-Copia-de-Copia-de-TAMANHO-EXATO-PARA-FOTOS-NO-SISTEMA-NOVO-22_2024-08-31_19-51-14_png_2024-08-31_19-51-14.webp.webp?fit=1200%2C675&ssl=1&resize=525%2C300 1.5x, https:\/\/i0.wp.com\/ismaelcolosi.com.br\/wp-content\/uploads\/2024\/08\/Copia-de-Copia-de-Copia-de-TAMANHO-EXATO-PARA-FOTOS-NO-SISTEMA-NOVO-22_2024-08-31_19-51-14_png_2024-08-31_19-51-14.webp.webp?fit=1200%2C675&ssl=1&resize=700%2C400 2x, https:\/\/i0.wp.com\/ismaelcolosi.com.br\/wp-content\/uploads\/2024\/08\/Copia-de-Copia-de-Copia-de-TAMANHO-EXATO-PARA-FOTOS-NO-SISTEMA-NOVO-22_2024-08-31_19-51-14_png_2024-08-31_19-51-14.webp.webp?fit=1200%2C675&ssl=1&resize=1050%2C600 3x"},"classes":[]}],"jetpack_sharing_enabled":true,"jetpack_shortlink":"https:\/\/wp.me\/pfMlyK-gzy","_links":{"self":[{"href":"https:\/\/ismaelcolosi.com.br\/index.php\/wp-json\/wp\/v2\/posts\/63708","targetHints":{"allow":["GET"]}}],"collection":[{"href":"https:\/\/ismaelcolosi.com.br\/index.php\/wp-json\/wp\/v2\/posts"}],"about":[{"href":"https:\/\/ismaelcolosi.com.br\/index.php\/wp-json\/wp\/v2\/types\/post"}],"author":[{"embeddable":true,"href":"https:\/\/ismaelcolosi.com.br\/index.php\/wp-json\/wp\/v2\/users\/1"}],"replies":[{"embeddable":true,"href":"https:\/\/ismaelcolosi.com.br\/index.php\/wp-json\/wp\/v2\/comments?post=63708"}],"version-history":[{"count":0,"href":"https:\/\/ismaelcolosi.com.br\/index.php\/wp-json\/wp\/v2\/posts\/63708\/revisions"}],"wp:featuredmedia":[{"embeddable":true,"href":"https:\/\/ismaelcolosi.com.br\/index.php\/wp-json\/wp\/v2\/media\/63709"}],"wp:attachment":[{"href":"https:\/\/ismaelcolosi.com.br\/index.php\/wp-json\/wp\/v2\/media?parent=63708"}],"wp:term":[{"taxonomy":"category","embeddable":true,"href":"https:\/\/ismaelcolosi.com.br\/index.php\/wp-json\/wp\/v2\/categories?post=63708"},{"taxonomy":"post_tag","embeddable":true,"href":"https:\/\/ismaelcolosi.com.br\/index.php\/wp-json\/wp\/v2\/tags?post=63708"}],"curies":[{"name":"wp","href":"https:\/\/api.w.org\/{rel}","templated":true}]}}