{"id":63691,"date":"2024-09-03T14:32:19","date_gmt":"2024-09-03T17:32:19","guid":{"rendered":"https:\/\/ismaelcolosi.com.br\/index.php\/2024\/09\/03\/cohab-de-ribeirao-preto-abre-processo-seletivo-veja-como-participar\/"},"modified":"2024-09-03T14:32:19","modified_gmt":"2024-09-03T17:32:19","slug":"cohab-de-ribeirao-preto-abre-processo-seletivo-veja-como-participar","status":"publish","type":"post","link":"https:\/\/ismaelcolosi.com.br\/index.php\/2024\/09\/03\/cohab-de-ribeirao-preto-abre-processo-seletivo-veja-como-participar\/","title":{"rendered":"Cohab de Ribeir\u00e3o Preto abre processo seletivo; Veja como participar"},"content":{"rendered":"<p> <br \/>\n<\/p>\n<p>A <strong><a href=\"https:\/\/www.ribeiraopreto.sp.gov.br\/portal\/cohab\/\" target=\"_blank\" rel=\"noreferrer noopener nofollow\">Cohab-RP (Companhia Habitacional de Ribeir\u00e3o Preto)<\/a> <\/strong>publicou edital para o processo seletivo para estagi\u00e1rios. <mark style=\"background-color:#fcb900\" class=\"has-inline-color has-black-color\">S\u00e3o oito vagas dispon\u00edveis para estudantes do ensino superior<\/mark>, a partir do segundo semestre.<\/p>\n<p>A bolsa-aux\u00edlio \u00e9 de R$ 1.550,00 (o valor inclui o aux\u00edlio-transporte).<\/p>\n<p>As vagas s\u00e3o para estudantes de:<\/p>\n<ul>\n<li> administra\u00e7\u00e3o<\/li>\n<\/ul>\n<ul>\n<li> direito<\/li>\n<\/ul>\n<ul>\n<li>engenharia civil<\/li>\n<\/ul>\n<p>As inscri\u00e7\u00f5es devem ser realizadas no <a href=\"https:\/\/pp.ciee.org.br\/vitrine\/12643\/detalhe\" target=\"_blank\" rel=\"noreferrer noopener nofollow\">site do <strong>Ciee <\/strong>(Centro de Integra\u00e7\u00e3o Empresa-Escola) \u2013 clique aqui<\/a> \u2013 no per\u00edodo entre 6 e 23 de setembro.<\/p>\n<p>SAIBA MAIS<br \/>Prefeitura de Ribeir\u00e3o Preto abre concurso p\u00fablico com sal\u00e1rios de R$ 7 mil<\/p>\n<h4 class=\"wp-block-heading\"><strong>FIQUE ON<\/strong><\/h4>\n<p>Fique ligado em tudo que acontece em Ribeir\u00e3o Preto e regi\u00e3o. Siga os perfis do<strong> acidade on <\/strong>no <a href=\"https:\/\/www.instagram.com\/acidadeonribeirao\" target=\"_blank\" rel=\"noreferrer noopener nofollow\">Instagram <\/a>e no <a href=\"https:\/\/www.facebook.com\/acidadeonribeirao\/\" target=\"_blank\" rel=\"noreferrer noopener nofollow\">Facebook<\/a>.<\/p>\n<p>Receba not\u00edcias do<strong> acidade on<\/strong> no WhatsApp. <a href=\"https:\/\/chat.whatsapp.com\/Dtv9mxhy6V5BJBotM2OQ5k\" target=\"_blank\" rel=\"noreferrer noopener nofollow\">Para entrar no grupo, basta clicar aqui.<\/a><\/p>\n<p>Fa\u00e7a uma den\u00fancia ou sugira uma reportagem sobre Ribeir\u00e3o Preto e regi\u00e3o pelo WhatsApp: 16 99117 7802.<\/p>\n<p>VEJA TAMB\u00c9M<br \/>O que \u00e9 prova de t\u00edtulos em concurso p\u00fablico?<\/p>\n<p>O post Cohab de Ribeir\u00e3o Preto abre processo seletivo; Veja como participar apareceu primeiro em ACidade ON Ribeir\u00e3o Preto.<\/p>\n<p><script async src=\"\/\/www.instagram.com\/embed.js\"><\/script><br \/>\n<br \/><br \/>\n<br \/><a href=\"https:\/\/www.acidadeon.com\/ribeiraopreto\/economia\/cohab-de-ribeirao-preto-abre-processo-seletivo-veja-como-participar\/\">Source link <\/a><\/p>\n<div class='code-block code-block-4' style='margin: 8px auto 8px 0; text-align: left; display: block; clear: both;'>\n\ud83d\udce2 Aviso Legal\n\nO site ismaelcolosi.com.br atua apenas como um canal de divulga\u00e7\u00e3o de oportunidades de emprego e n\u00e3o se responsabiliza pelo processo seletivo, contrata\u00e7\u00e3o ou qualquer outra etapa relacionada \u00e0s vagas publicadas. Todas as informa\u00e7\u00f5es s\u00e3o de responsabilidade dos anunciantes.\n\n\u26a0\ufe0f Aten\u00e7\u00e3o! Nunca pague por promessas de emprego nem compre cursos que garantam contrata\u00e7\u00e3o. Desconfie de qualquer cobran\u00e7a para participar de sele\u00e7\u00f5es.\n\n\n\n<\/div>\n<!-- CONTENT END 1 -->\n","protected":false},"excerpt":{"rendered":"<p>A Cohab-RP (Companhia Habitacional de Ribeir\u00e3o Preto) publicou edital para o processo seletivo para estagi\u00e1rios. S\u00e3o oito vagas dispon\u00edveis para estudantes do ensino superior, a&#8230;<\/p>\n","protected":false},"author":1,"featured_media":63692,"comment_status":"open","ping_status":"open","sticky":false,"template":"","format":"standard","meta":{"_uag_custom_page_level_css":"","advanced_seo_description":"","jetpack_seo_html_title":"","jetpack_seo_noindex":false,"jetpack_post_was_ever_published":false,"_jetpack_newsletter_access":"","_jetpack_dont_email_post_to_subs":false,"_jetpack_newsletter_tier_id":0,"_jetpack_memberships_contains_paywalled_content":false,"_jetpack_memberships_contains_paid_content":false,"footnotes":"","jetpack_publicize_message":"","jetpack_publicize_feature_enabled":true,"jetpack_social_post_already_shared":true,"jetpack_social_options":{"image_generator_settings":{"template":"highway","default_image_id":0,"font":"","enabled":false},"version":2}},"categories":[11],"tags":[],"class_list":["post-63691","post","type-post","status-publish","format-standard","has-post-thumbnail","hentry","category-noticias-de-ribeirao-preto-sp-e-regiao-ismael-colosi"],"jetpack_publicize_connections":[],"jetpack_featured_media_url":"https:\/\/i0.wp.com\/ismaelcolosi.com.br\/wp-content\/uploads\/2024\/09\/entrevista-de-emprego.jpg?fit=1500%2C1000&ssl=1","uagb_featured_image_src":{"full":["https:\/\/i0.wp.com\/ismaelcolosi.com.br\/wp-content\/uploads\/2024\/09\/entrevista-de-emprego.jpg?fit=1500%2C1000&ssl=1",1500,1000,false],"thumbnail":["https:\/\/i0.wp.com\/ismaelcolosi.com.br\/wp-content\/uploads\/2024\/09\/entrevista-de-emprego.jpg?resize=150%2C150&ssl=1",150,150,true],"medium":["https:\/\/i0.wp.com\/ismaelcolosi.com.br\/wp-content\/uploads\/2024\/09\/entrevista-de-emprego.jpg?fit=300%2C200&ssl=1",300,200,true],"medium_large":["https:\/\/i0.wp.com\/ismaelcolosi.com.br\/wp-content\/uploads\/2024\/09\/entrevista-de-emprego.jpg?fit=768%2C512&ssl=1",768,512,true],"large":["https:\/\/i0.wp.com\/ismaelcolosi.com.br\/wp-content\/uploads\/2024\/09\/entrevista-de-emprego.jpg?fit=1024%2C683&ssl=1",1024,683,true],"1536x1536":["https:\/\/i0.wp.com\/ismaelcolosi.com.br\/wp-content\/uploads\/2024\/09\/entrevista-de-emprego.jpg?fit=1500%2C1000&ssl=1",1500,1000,true],"2048x2048":["https:\/\/i0.wp.com\/ismaelcolosi.com.br\/wp-content\/uploads\/2024\/09\/entrevista-de-emprego.jpg?fit=1500%2C1000&ssl=1",1500,1000,true],"really-simple-thumb":["https:\/\/i0.wp.com\/ismaelcolosi.com.br\/wp-content\/uploads\/2024\/09\/entrevista-de-emprego.jpg?resize=370%2C247&ssl=1",370,247,true]},"uagb_author_info":{"display_name":"ismaelcolosi.com.br","author_link":"https:\/\/ismaelcolosi.com.br\/index.php\/author\/vidareal-online\/"},"uagb_comment_info":0,"uagb_excerpt":"A Cohab-RP (Companhia Habitacional de Ribeir\u00e3o Preto) publicou edital para o processo seletivo para estagi\u00e1rios. S\u00e3o oito vagas dispon\u00edveis para estudantes do ensino superior, a...","jetpack-related-posts":[{"id":58653,"url":"https:\/\/ismaelcolosi.com.br\/index.php\/2024\/08\/01\/procon-abre-processo-seletivo-para-estudantes-do-interior-de-sp-vejas-as-cidades\/","url_meta":{"origin":63691,"position":0},"title":"Procon abre processo seletivo para estudantes do interior de SP; Vejas as cidades","author":"ismaelcolosi.com.br","date":"1 de August de 2024","format":false,"excerpt":"O Procon do Estado de S\u00e3o Paulo est\u00e1 com inscri\u00e7\u00f5es abertas para processo seletivo destinado a estudantes do ensino m\u00e9dio e superior, com vagas, para cadastro reserva, na capital e no interior de S\u00e3o Paulo, incluindo Ribeir\u00e3o Preto. Os interessados devem se inscrever, exclusivamente, pelo site do CIEE (clique aqui)\u2026","rel":"","context":"In &quot;Not\u00edcias de Ribeir\u00e3o Preto-SP e Regi\u00e3o&quot;","block_context":{"text":"Not\u00edcias de Ribeir\u00e3o Preto-SP e Regi\u00e3o","link":"https:\/\/ismaelcolosi.com.br\/index.php\/category\/noticias-de-ribeirao-preto-sp-e-regiao-ismael-colosi\/"},"img":{"alt_text":"","src":"https:\/\/i0.wp.com\/ismaelcolosi.com.br\/wp-content\/uploads\/2024\/08\/Copia-de-Copia-de-TAMANHO-EXATO-PARA-FOTOS-NO-SISTEMA-NOVO-20_2024-08-01_16-32-51_jpg_2024-08-01_16-32-51.webp.webp?fit=1200%2C675&ssl=1&resize=350%2C200","width":350,"height":200,"srcset":"https:\/\/i0.wp.com\/ismaelcolosi.com.br\/wp-content\/uploads\/2024\/08\/Copia-de-Copia-de-TAMANHO-EXATO-PARA-FOTOS-NO-SISTEMA-NOVO-20_2024-08-01_16-32-51_jpg_2024-08-01_16-32-51.webp.webp?fit=1200%2C675&ssl=1&resize=350%2C200 1x, https:\/\/i0.wp.com\/ismaelcolosi.com.br\/wp-content\/uploads\/2024\/08\/Copia-de-Copia-de-TAMANHO-EXATO-PARA-FOTOS-NO-SISTEMA-NOVO-20_2024-08-01_16-32-51_jpg_2024-08-01_16-32-51.webp.webp?fit=1200%2C675&ssl=1&resize=525%2C300 1.5x, https:\/\/i0.wp.com\/ismaelcolosi.com.br\/wp-content\/uploads\/2024\/08\/Copia-de-Copia-de-TAMANHO-EXATO-PARA-FOTOS-NO-SISTEMA-NOVO-20_2024-08-01_16-32-51_jpg_2024-08-01_16-32-51.webp.webp?fit=1200%2C675&ssl=1&resize=700%2C400 2x, https:\/\/i0.wp.com\/ismaelcolosi.com.br\/wp-content\/uploads\/2024\/08\/Copia-de-Copia-de-TAMANHO-EXATO-PARA-FOTOS-NO-SISTEMA-NOVO-20_2024-08-01_16-32-51_jpg_2024-08-01_16-32-51.webp.webp?fit=1200%2C675&ssl=1&resize=1050%2C600 3x"},"classes":[]},{"id":38929,"url":"https:\/\/ismaelcolosi.com.br\/index.php\/2024\/02\/22\/cohab-de-ribeirao-preto-tem-processo-seletivo-com-salarios-de-r-7-mil\/","url_meta":{"origin":63691,"position":1},"title":"Cohab de Ribeir\u00e3o Preto tem processo seletivo com sal\u00e1rios de R$ 7 mil","author":"ismaelcolosi.com.br","date":"22 de February de 2024","format":false,"excerpt":"A Cohab-RP (Companhia Habitacional Regional de Ribeir\u00e3o Preto) abriu processo seletivo com tr\u00eas vagas para o cargo de assessor jur\u00eddico. Os sal\u00e1rios para fun\u00e7\u00e3o s\u00e3o de R$ 7.354,47, al\u00e9m de aux\u00edlio alimenta\u00e7\u00e3o de R$ 1.275,88. Para participar do processo seletivo, \u00e9 preciso ter o curso superior completo em Direito e\u2026","rel":"","context":"In &quot;Not\u00edcias de Ribeir\u00e3o Preto-SP e Regi\u00e3o&quot;","block_context":{"text":"Not\u00edcias de Ribeir\u00e3o Preto-SP e Regi\u00e3o","link":"https:\/\/ismaelcolosi.com.br\/index.php\/category\/noticias-de-ribeirao-preto-sp-e-regiao-ismael-colosi\/"},"img":{"alt_text":"","src":"https:\/\/i0.wp.com\/ismaelcolosi.com.br\/wp-content\/uploads\/2024\/02\/1708616977_WhatsApp-Image-2024-01-27-at-09.31.03.jpeg?fit=1200%2C900&ssl=1&resize=350%2C200","width":350,"height":200,"srcset":"https:\/\/i0.wp.com\/ismaelcolosi.com.br\/wp-content\/uploads\/2024\/02\/1708616977_WhatsApp-Image-2024-01-27-at-09.31.03.jpeg?fit=1200%2C900&ssl=1&resize=350%2C200 1x, https:\/\/i0.wp.com\/ismaelcolosi.com.br\/wp-content\/uploads\/2024\/02\/1708616977_WhatsApp-Image-2024-01-27-at-09.31.03.jpeg?fit=1200%2C900&ssl=1&resize=525%2C300 1.5x, https:\/\/i0.wp.com\/ismaelcolosi.com.br\/wp-content\/uploads\/2024\/02\/1708616977_WhatsApp-Image-2024-01-27-at-09.31.03.jpeg?fit=1200%2C900&ssl=1&resize=700%2C400 2x, https:\/\/i0.wp.com\/ismaelcolosi.com.br\/wp-content\/uploads\/2024\/02\/1708616977_WhatsApp-Image-2024-01-27-at-09.31.03.jpeg?fit=1200%2C900&ssl=1&resize=1050%2C600 3x"},"classes":[]},{"id":59038,"url":"https:\/\/ismaelcolosi.com.br\/index.php\/2024\/08\/05\/sassom-de-ribeirao-preto-abre-processo-seletivo-veja-como-participar\/","url_meta":{"origin":63691,"position":2},"title":"Sassom de Ribeir\u00e3o Preto abre processo seletivo; veja como participar","author":"ismaelcolosi.com.br","date":"5 de August de 2024","format":false,"excerpt":"O Sassom (Servi\u00e7o de Assist\u00eancia \u00e0 Sa\u00fade dos Municipi\u00e1rios) de Ribeir\u00e3o Preto abriu processo seletivo para estagi\u00e1rios. As vagas s\u00e3o para estudantes de n\u00edvel m\u00e9dio, t\u00e9cnico e superior e a bolsa-aux\u00edlio varia entre R$ 800 e R$ 1 mil. Al\u00e9m da bolsa-aux\u00edlio, ser\u00e1 pago o aux\u00edlio transporte de R$ 193,60\u2026","rel":"","context":"In &quot;Not\u00edcias de Ribeir\u00e3o Preto-SP e Regi\u00e3o&quot;","block_context":{"text":"Not\u00edcias de Ribeir\u00e3o Preto-SP e Regi\u00e3o","link":"https:\/\/ismaelcolosi.com.br\/index.php\/category\/noticias-de-ribeirao-preto-sp-e-regiao-ismael-colosi\/"},"img":{"alt_text":"","src":"https:\/\/i0.wp.com\/ismaelcolosi.com.br\/wp-content\/uploads\/2024\/08\/Capturar-1.jpg?fit=950%2C628&ssl=1&resize=350%2C200","width":350,"height":200,"srcset":"https:\/\/i0.wp.com\/ismaelcolosi.com.br\/wp-content\/uploads\/2024\/08\/Capturar-1.jpg?fit=950%2C628&ssl=1&resize=350%2C200 1x, https:\/\/i0.wp.com\/ismaelcolosi.com.br\/wp-content\/uploads\/2024\/08\/Capturar-1.jpg?fit=950%2C628&ssl=1&resize=525%2C300 1.5x, https:\/\/i0.wp.com\/ismaelcolosi.com.br\/wp-content\/uploads\/2024\/08\/Capturar-1.jpg?fit=950%2C628&ssl=1&resize=700%2C400 2x"},"classes":[]},{"id":57682,"url":"https:\/\/ismaelcolosi.com.br\/index.php\/2024\/07\/23\/fundet-abre-processo-seletivo-para-vagas-em-estagio-em-ribeirao-preto\/","url_meta":{"origin":63691,"position":3},"title":"Fundet abre processo seletivo para vagas em est\u00e1gio em Ribeir\u00e3o Preto","author":"ismaelcolosi.com.br","date":"23 de July de 2024","format":false,"excerpt":"A Fundet (Funda\u00e7\u00e3o de Educa\u00e7\u00e3o para o Trabalho) de Ribeir\u00e3o Preto est\u00e1 com inscri\u00e7\u00f5es abertas para processo seletivo com vagas de est\u00e1gio destinadas a estudantes do ensino superior, que queiram atuar na \u00e1rea p\u00fablica. A bolsa-aux\u00edlio \u00e9 de R$ 800 a R$ 1 mil, para 20h ou 30h de jornada\u2026","rel":"","context":"In &quot;Not\u00edcias de Ribeir\u00e3o Preto-SP e Regi\u00e3o&quot;","block_context":{"text":"Not\u00edcias de Ribeir\u00e3o Preto-SP e Regi\u00e3o","link":"https:\/\/ismaelcolosi.com.br\/index.php\/category\/noticias-de-ribeirao-preto-sp-e-regiao-ismael-colosi\/"},"img":{"alt_text":"","src":"https:\/\/i0.wp.com\/ismaelcolosi.com.br\/wp-content\/uploads\/2024\/07\/1721763410_acidadeon_logos_Prancheta-1-copia-12_edited.jpg?fit=1199%2C1200&ssl=1&resize=350%2C200","width":350,"height":200,"srcset":"https:\/\/i0.wp.com\/ismaelcolosi.com.br\/wp-content\/uploads\/2024\/07\/1721763410_acidadeon_logos_Prancheta-1-copia-12_edited.jpg?fit=1199%2C1200&ssl=1&resize=350%2C200 1x, https:\/\/i0.wp.com\/ismaelcolosi.com.br\/wp-content\/uploads\/2024\/07\/1721763410_acidadeon_logos_Prancheta-1-copia-12_edited.jpg?fit=1199%2C1200&ssl=1&resize=525%2C300 1.5x, https:\/\/i0.wp.com\/ismaelcolosi.com.br\/wp-content\/uploads\/2024\/07\/1721763410_acidadeon_logos_Prancheta-1-copia-12_edited.jpg?fit=1199%2C1200&ssl=1&resize=700%2C400 2x, https:\/\/i0.wp.com\/ismaelcolosi.com.br\/wp-content\/uploads\/2024\/07\/1721763410_acidadeon_logos_Prancheta-1-copia-12_edited.jpg?fit=1199%2C1200&ssl=1&resize=1050%2C600 3x"},"classes":[]},{"id":57690,"url":"https:\/\/ismaelcolosi.com.br\/index.php\/2024\/07\/23\/fundet-abre-processo-seletivo-para-vagas-de-estagio-em-ribeirao-preto\/","url_meta":{"origin":63691,"position":4},"title":"Fundet abre processo seletivo para vagas de est\u00e1gio em Ribeir\u00e3o Preto","author":"ismaelcolosi.com.br","date":"23 de July de 2024","format":false,"excerpt":"A Fundet (Funda\u00e7\u00e3o de Educa\u00e7\u00e3o para o Trabalho) de Ribeir\u00e3o Preto est\u00e1 com inscri\u00e7\u00f5es abertas para processo seletivo com vagas de est\u00e1gio destinadas a estudantes do ensino superior, que queiram atuar na \u00e1rea p\u00fablica. A bolsa-aux\u00edlio \u00e9 de R$ 800 a R$ 1 mil, para 20h ou 30h de jornada\u2026","rel":"","context":"In &quot;Not\u00edcias de Ribeir\u00e3o Preto-SP e Regi\u00e3o&quot;","block_context":{"text":"Not\u00edcias de Ribeir\u00e3o Preto-SP e Regi\u00e3o","link":"https:\/\/ismaelcolosi.com.br\/index.php\/category\/noticias-de-ribeirao-preto-sp-e-regiao-ismael-colosi\/"},"img":{"alt_text":"","src":"https:\/\/i0.wp.com\/ismaelcolosi.com.br\/wp-content\/uploads\/2024\/07\/Copia-de-Copia-de-TAMANHO-EXATO-PARA-FOTOS-NO-SISTEMA-NOVO-16_2024-07-23_19-27-06_jpg_2024-07-23_19-27-07.webp.webp?fit=1200%2C675&ssl=1&resize=350%2C200","width":350,"height":200,"srcset":"https:\/\/i0.wp.com\/ismaelcolosi.com.br\/wp-content\/uploads\/2024\/07\/Copia-de-Copia-de-TAMANHO-EXATO-PARA-FOTOS-NO-SISTEMA-NOVO-16_2024-07-23_19-27-06_jpg_2024-07-23_19-27-07.webp.webp?fit=1200%2C675&ssl=1&resize=350%2C200 1x, https:\/\/i0.wp.com\/ismaelcolosi.com.br\/wp-content\/uploads\/2024\/07\/Copia-de-Copia-de-TAMANHO-EXATO-PARA-FOTOS-NO-SISTEMA-NOVO-16_2024-07-23_19-27-06_jpg_2024-07-23_19-27-07.webp.webp?fit=1200%2C675&ssl=1&resize=525%2C300 1.5x, https:\/\/i0.wp.com\/ismaelcolosi.com.br\/wp-content\/uploads\/2024\/07\/Copia-de-Copia-de-TAMANHO-EXATO-PARA-FOTOS-NO-SISTEMA-NOVO-16_2024-07-23_19-27-06_jpg_2024-07-23_19-27-07.webp.webp?fit=1200%2C675&ssl=1&resize=700%2C400 2x, https:\/\/i0.wp.com\/ismaelcolosi.com.br\/wp-content\/uploads\/2024\/07\/Copia-de-Copia-de-TAMANHO-EXATO-PARA-FOTOS-NO-SISTEMA-NOVO-16_2024-07-23_19-27-06_jpg_2024-07-23_19-27-07.webp.webp?fit=1200%2C675&ssl=1&resize=1050%2C600 3x"},"classes":[]},{"id":45902,"url":"https:\/\/ismaelcolosi.com.br\/index.php\/2024\/04\/08\/crea-sp-abre-vagas-de-estagio-para-estudantes-de-ribeirao-preto-veja-como-se-inscrever\/","url_meta":{"origin":63691,"position":5},"title":"CREA-SP abre vagas de est\u00e1gio para estudantes de Ribeir\u00e3o Preto; Veja como se inscrever","author":"ismaelcolosi.com.br","date":"8 de April de 2024","format":false,"excerpt":"O Conselho Regional de Engenharia e Agronomia do Estado de S\u00e3o Paulo (Crea-SP) est\u00e1 com inscri\u00e7\u00f5es abertas para o processo seletivo de novos estagi\u00e1rios. Em Ribeir\u00e3o Preto, podem participar estudantes dos cursos de Engenharia e Tecnologia, Geologia, Geografia e Meteorologia. Estudantes a partir do 6\u00ba semestre podem participar do processo\u2026","rel":"","context":"In &quot;Not\u00edcias de Ribeir\u00e3o Preto-SP e Regi\u00e3o&quot;","block_context":{"text":"Not\u00edcias de Ribeir\u00e3o Preto-SP e Regi\u00e3o","link":"https:\/\/ismaelcolosi.com.br\/index.php\/category\/noticias-de-ribeirao-preto-sp-e-regiao-ismael-colosi\/"},"img":{"alt_text":"","src":"https:\/\/i0.wp.com\/ismaelcolosi.com.br\/wp-content\/uploads\/2024\/04\/concurso_publico_1024x576_26102019144239.jpg?fit=1024%2C576&ssl=1&resize=350%2C200","width":350,"height":200,"srcset":"https:\/\/i0.wp.com\/ismaelcolosi.com.br\/wp-content\/uploads\/2024\/04\/concurso_publico_1024x576_26102019144239.jpg?fit=1024%2C576&ssl=1&resize=350%2C200 1x, https:\/\/i0.wp.com\/ismaelcolosi.com.br\/wp-content\/uploads\/2024\/04\/concurso_publico_1024x576_26102019144239.jpg?fit=1024%2C576&ssl=1&resize=525%2C300 1.5x, https:\/\/i0.wp.com\/ismaelcolosi.com.br\/wp-content\/uploads\/2024\/04\/concurso_publico_1024x576_26102019144239.jpg?fit=1024%2C576&ssl=1&resize=700%2C400 2x"},"classes":[]}],"jetpack_sharing_enabled":true,"jetpack_shortlink":"https:\/\/wp.me\/pfMlyK-gzh","_links":{"self":[{"href":"https:\/\/ismaelcolosi.com.br\/index.php\/wp-json\/wp\/v2\/posts\/63691","targetHints":{"allow":["GET"]}}],"collection":[{"href":"https:\/\/ismaelcolosi.com.br\/index.php\/wp-json\/wp\/v2\/posts"}],"about":[{"href":"https:\/\/ismaelcolosi.com.br\/index.php\/wp-json\/wp\/v2\/types\/post"}],"author":[{"embeddable":true,"href":"https:\/\/ismaelcolosi.com.br\/index.php\/wp-json\/wp\/v2\/users\/1"}],"replies":[{"embeddable":true,"href":"https:\/\/ismaelcolosi.com.br\/index.php\/wp-json\/wp\/v2\/comments?post=63691"}],"version-history":[{"count":0,"href":"https:\/\/ismaelcolosi.com.br\/index.php\/wp-json\/wp\/v2\/posts\/63691\/revisions"}],"wp:featuredmedia":[{"embeddable":true,"href":"https:\/\/ismaelcolosi.com.br\/index.php\/wp-json\/wp\/v2\/media\/63692"}],"wp:attachment":[{"href":"https:\/\/ismaelcolosi.com.br\/index.php\/wp-json\/wp\/v2\/media?parent=63691"}],"wp:term":[{"taxonomy":"category","embeddable":true,"href":"https:\/\/ismaelcolosi.com.br\/index.php\/wp-json\/wp\/v2\/categories?post=63691"},{"taxonomy":"post_tag","embeddable":true,"href":"https:\/\/ismaelcolosi.com.br\/index.php\/wp-json\/wp\/v2\/tags?post=63691"}],"curies":[{"name":"wp","href":"https:\/\/api.w.org\/{rel}","templated":true}]}}