{"id":63683,"date":"2024-09-03T13:59:19","date_gmt":"2024-09-03T16:59:19","guid":{"rendered":"https:\/\/ismaelcolosi.com.br\/index.php\/2024\/09\/03\/operacao-apreende-r-2-milhoes-em-produtos-no-centro-de-ribeirao\/"},"modified":"2024-09-03T13:59:19","modified_gmt":"2024-09-03T16:59:19","slug":"operacao-apreende-r-2-milhoes-em-produtos-no-centro-de-ribeirao","status":"publish","type":"post","link":"https:\/\/ismaelcolosi.com.br\/index.php\/2024\/09\/03\/operacao-apreende-r-2-milhoes-em-produtos-no-centro-de-ribeirao\/","title":{"rendered":"Opera\u00e7\u00e3o apreende R$ 2 milh\u00f5es em produtos no centro de Ribeir\u00e3o"},"content":{"rendered":"<p> <br \/>\n<\/p>\n<div data-td-block-uid=\"tdi_106\">\n<div class=\"tdb-block-inner td-fix-index\">\n<p>Na manh\u00e3 desta <strong>ter\u00e7a-feira (3)<\/strong>, a <strong>Receita Federal <\/strong>realizou uma <strong>opera\u00e7\u00e3o no Centro de Ribeir\u00e3o Preto<\/strong>, <strong><mark style=\"background-color:#fcb900\" class=\"has-inline-color\">de combate ao contrabando.<\/mark><\/strong> Cerca de R$ 2 milh\u00f5es em produtos falsificados e irregulares foram apreendidos.<\/p>\n<p>No total, <strong>quatro lojas<\/strong> foram alvos da opera\u00e7\u00e3o que contou com 15 agentes da Receita Federal e 15 Policiais Militares. <strong>Foram lojas de sapatos, acess\u00f3rios e perfumes<\/strong>. Duas lojas na <strong><mark style=\"background-color:#fcb900\" class=\"has-inline-color\">rua S\u00e3o Sebasti\u00e3o<\/mark><\/strong>, uma na <strong><mark style=\"background-color:#fcb900\" class=\"has-inline-color\">rua Tibiri\u00e7\u00e1<\/mark> <\/strong>e uma <strong><mark style=\"background-color:#fcb900\" class=\"has-inline-color\">rua Amador Bueno<\/mark><\/strong>.<\/p>\n<p><strong>Todo o material confiscado ser\u00e1 levado para a sede da Receita Federal.<\/strong><\/p>\n<p>Os propriet\u00e1rios das lojas<strong> ter\u00e3o 72 horas para apresentarem documentos que comprovem a regularidade dos produtos.<\/strong> Caso contr\u00e1rio, o <strong>Minist\u00e9rio P\u00fablico (MP)<\/strong> abre a investiga\u00e7\u00e3o de <strong>contrabando <\/strong>e <strong>descaminho<\/strong>, e os produtos ser\u00e3o <strong>doados<\/strong>, <strong>leiloados <\/strong>e alguns <strong>descartados<\/strong>.<\/p>\n<p>SAIBA MAIS<br \/>Homem invade pr\u00e9dio na zona Oeste de Ribeir\u00e3o e furta bicicleta<\/p>\n<h4 class=\"wp-block-heading\"><strong>FIQUE ON<\/strong><\/h4>\n<p>Fique ligado em tudo que acontece em Ribeir\u00e3o Preto e regi\u00e3o. Siga os perfis do <strong>acidade on <\/strong>no <a href=\"https:\/\/www.instagram.com\/acidadeonribeirao\" target=\"_blank\" rel=\"noreferrer noopener\">Instagram<\/a> e no <a href=\"https:\/\/www.facebook.com\/acidadeonribeirao\" target=\"_blank\" rel=\"noreferrer noopener\">Facebook<\/a>.<\/p>\n<p>Receba not\u00edcias do acidade on no WhatsApp. Para entrar no grupo, basta <a href=\"https:\/\/chat.whatsapp.com\/Dtv9mxhy6V5BJBotM2OQ5k\" target=\"_blank\" rel=\"noreferrer noopener\">clicar aqui<\/a>.<\/p>\n<p>Fa\u00e7a uma den\u00fancia ou sugira uma reportagem sobre Ribeir\u00e3o Preto e regi\u00e3o pelo WhatsApp: 16 99117 7802.<\/p>\n<p>VEJA TAMB\u00c9M<br \/>Yasmin Brunet e Medina voltaram?<\/p>\n<p><!-- CONTENT END 1 -->\n<\/div>\n<\/div>\n<p><script async src=\"\/\/www.instagram.com\/embed.js\"><\/script><br \/>\n<br \/><br \/>\n<br \/><a href=\"https:\/\/www.acidadeon.com\/ribeiraopreto\/economia\/operacao-apreende-r-2-milhoes-em-produtos-no-centro-de-ribeirao\/\">Source link <\/a><\/p>\n","protected":false},"excerpt":{"rendered":"<p>Na manh\u00e3 desta ter\u00e7a-feira (3), a Receita Federal realizou uma opera\u00e7\u00e3o no Centro de Ribeir\u00e3o Preto, de combate ao contrabando. Cerca de R$ 2 milh\u00f5es&#8230;<\/p>\n","protected":false},"author":1,"featured_media":63684,"comment_status":"open","ping_status":"open","sticky":false,"template":"","format":"standard","meta":{"_uag_custom_page_level_css":"","advanced_seo_description":"","jetpack_seo_html_title":"","jetpack_seo_noindex":false,"jetpack_post_was_ever_published":false,"_jetpack_newsletter_access":"","_jetpack_dont_email_post_to_subs":false,"_jetpack_newsletter_tier_id":0,"_jetpack_memberships_contains_paywalled_content":false,"_jetpack_memberships_contains_paid_content":false,"footnotes":"","jetpack_publicize_message":"","jetpack_publicize_feature_enabled":true,"jetpack_social_post_already_shared":true,"jetpack_social_options":{"image_generator_settings":{"template":"highway","default_image_id":0,"font":"","enabled":false},"version":2}},"categories":[11],"tags":[],"class_list":["post-63683","post","type-post","status-publish","format-standard","has-post-thumbnail","hentry","category-noticias-de-ribeirao-preto-sp-e-regiao-ismael-colosi"],"jetpack_publicize_connections":[],"jetpack_featured_media_url":"https:\/\/i0.wp.com\/ismaelcolosi.com.br\/wp-content\/uploads\/2024\/09\/Imagem-do-WhatsApp-de-2024-09-03-as-12.35.57_c2536c3e_2024-09-03_16-43-41_jpg_2024-09-03_16-43-42-scaled.webp.webp?fit=2560%2C1920&ssl=1","uagb_featured_image_src":{"full":["https:\/\/i0.wp.com\/ismaelcolosi.com.br\/wp-content\/uploads\/2024\/09\/Imagem-do-WhatsApp-de-2024-09-03-as-12.35.57_c2536c3e_2024-09-03_16-43-41_jpg_2024-09-03_16-43-42-scaled.webp.webp?fit=2560%2C1920&ssl=1",2560,1920,false],"thumbnail":["https:\/\/i0.wp.com\/ismaelcolosi.com.br\/wp-content\/uploads\/2024\/09\/Imagem-do-WhatsApp-de-2024-09-03-as-12.35.57_c2536c3e_2024-09-03_16-43-41_jpg_2024-09-03_16-43-42-scaled.webp.webp?resize=150%2C150&ssl=1",150,150,true],"medium":["https:\/\/i0.wp.com\/ismaelcolosi.com.br\/wp-content\/uploads\/2024\/09\/Imagem-do-WhatsApp-de-2024-09-03-as-12.35.57_c2536c3e_2024-09-03_16-43-41_jpg_2024-09-03_16-43-42-scaled.webp.webp?fit=300%2C225&ssl=1",300,225,true],"medium_large":["https:\/\/i0.wp.com\/ismaelcolosi.com.br\/wp-content\/uploads\/2024\/09\/Imagem-do-WhatsApp-de-2024-09-03-as-12.35.57_c2536c3e_2024-09-03_16-43-41_jpg_2024-09-03_16-43-42-scaled.webp.webp?fit=768%2C576&ssl=1",768,576,true],"large":["https:\/\/i0.wp.com\/ismaelcolosi.com.br\/wp-content\/uploads\/2024\/09\/Imagem-do-WhatsApp-de-2024-09-03-as-12.35.57_c2536c3e_2024-09-03_16-43-41_jpg_2024-09-03_16-43-42-scaled.webp.webp?fit=1024%2C768&ssl=1",1024,768,true],"1536x1536":["https:\/\/i0.wp.com\/ismaelcolosi.com.br\/wp-content\/uploads\/2024\/09\/Imagem-do-WhatsApp-de-2024-09-03-as-12.35.57_c2536c3e_2024-09-03_16-43-41_jpg_2024-09-03_16-43-42-scaled.webp.webp?fit=1536%2C1152&ssl=1",1536,1152,true],"2048x2048":["https:\/\/i0.wp.com\/ismaelcolosi.com.br\/wp-content\/uploads\/2024\/09\/Imagem-do-WhatsApp-de-2024-09-03-as-12.35.57_c2536c3e_2024-09-03_16-43-41_jpg_2024-09-03_16-43-42-scaled.webp.webp?fit=2048%2C1536&ssl=1",2048,1536,true],"really-simple-thumb":["https:\/\/i0.wp.com\/ismaelcolosi.com.br\/wp-content\/uploads\/2024\/09\/Imagem-do-WhatsApp-de-2024-09-03-as-12.35.57_c2536c3e_2024-09-03_16-43-41_jpg_2024-09-03_16-43-42-scaled.webp.webp?resize=370%2C247&ssl=1",370,247,true]},"uagb_author_info":{"display_name":"ismaelcolosi.com.br","author_link":"https:\/\/ismaelcolosi.com.br\/index.php\/author\/vidareal-online\/"},"uagb_comment_info":0,"uagb_excerpt":"Na manh\u00e3 desta ter\u00e7a-feira (3), a Receita Federal realizou uma opera\u00e7\u00e3o no Centro de Ribeir\u00e3o Preto, de combate ao contrabando. Cerca de R$ 2 milh\u00f5es...","jetpack-related-posts":[{"id":63696,"url":"https:\/\/ismaelcolosi.com.br\/index.php\/2024\/09\/03\/operacao-apreende-r-2-milhoes-em-produtos-no-centro-de-ribeirao-preto\/","url_meta":{"origin":63683,"position":0},"title":"Opera\u00e7\u00e3o apreende R$ 2 milh\u00f5es em produtos no Centro de Ribeir\u00e3o Preto","author":"ismaelcolosi.com.br","date":"3 de September de 2024","format":false,"excerpt":"Na manh\u00e3 desta ter\u00e7a-feira (3), a Receita Federal realizou uma opera\u00e7\u00e3o no Centro de Ribeir\u00e3o Preto, de combate ao contrabando. Cerca de R$ 2 milh\u00f5es em produtos falsificados e irregulares foram apreendidos. No total, quatro lojas foram alvos da opera\u00e7\u00e3o que contou com 15 agentes da Receita Federal e 15\u2026","rel":"","context":"In &quot;Not\u00edcias de Ribeir\u00e3o Preto-SP e Regi\u00e3o&quot;","block_context":{"text":"Not\u00edcias de Ribeir\u00e3o Preto-SP e Regi\u00e3o","link":"https:\/\/ismaelcolosi.com.br\/index.php\/category\/noticias-de-ribeirao-preto-sp-e-regiao-ismael-colosi\/"},"img":{"alt_text":"","src":"https:\/\/i0.wp.com\/ismaelcolosi.com.br\/wp-content\/uploads\/2024\/09\/Imagem-do-WhatsApp-de-2024-09-03-as-12.35.57_c2536c3e_2024-09-03_16-43-41_jpg_2024-09-03_16-43-42-scaled.webp.webp?fit=1200%2C900&ssl=1&resize=350%2C200","width":350,"height":200,"srcset":"https:\/\/i0.wp.com\/ismaelcolosi.com.br\/wp-content\/uploads\/2024\/09\/Imagem-do-WhatsApp-de-2024-09-03-as-12.35.57_c2536c3e_2024-09-03_16-43-41_jpg_2024-09-03_16-43-42-scaled.webp.webp?fit=1200%2C900&ssl=1&resize=350%2C200 1x, https:\/\/i0.wp.com\/ismaelcolosi.com.br\/wp-content\/uploads\/2024\/09\/Imagem-do-WhatsApp-de-2024-09-03-as-12.35.57_c2536c3e_2024-09-03_16-43-41_jpg_2024-09-03_16-43-42-scaled.webp.webp?fit=1200%2C900&ssl=1&resize=525%2C300 1.5x, https:\/\/i0.wp.com\/ismaelcolosi.com.br\/wp-content\/uploads\/2024\/09\/Imagem-do-WhatsApp-de-2024-09-03-as-12.35.57_c2536c3e_2024-09-03_16-43-41_jpg_2024-09-03_16-43-42-scaled.webp.webp?fit=1200%2C900&ssl=1&resize=700%2C400 2x, https:\/\/i0.wp.com\/ismaelcolosi.com.br\/wp-content\/uploads\/2024\/09\/Imagem-do-WhatsApp-de-2024-09-03-as-12.35.57_c2536c3e_2024-09-03_16-43-41_jpg_2024-09-03_16-43-42-scaled.webp.webp?fit=1200%2C900&ssl=1&resize=1050%2C600 3x"},"classes":[]},{"id":55800,"url":"https:\/\/ismaelcolosi.com.br\/index.php\/2024\/07\/05\/receita-federal-apreende-r-600-mil-em-vinhos-celulares-e-perfumes-em-ribeirao-preto\/","url_meta":{"origin":63683,"position":1},"title":"Receita Federal apreende R$ 600 mil em vinhos, celulares e perfumes em Ribeir\u00e3o Preto","author":"ismaelcolosi.com.br","date":"5 de July de 2024","format":false,"excerpt":"Uma opera\u00e7\u00e3o conjunta da Receita Federal e dos Correios apreendeu cerca de R$ 600 mil em celulares, vinhos, tablets, produtos de inform\u00e1tica, videogames e perfumes importados no centro de distribui\u00e7\u00e3o dos Correios de Ribeir\u00e3o Preto, na noite desta quinta-feira (4). Conforme o comunicado do \u00f3rg\u00e3o, os produtos \u201centraram de forma\u2026","rel":"","context":"In &quot;Not\u00edcias de Ribeir\u00e3o Preto-SP e Regi\u00e3o&quot;","block_context":{"text":"Not\u00edcias de Ribeir\u00e3o Preto-SP e Regi\u00e3o","link":"https:\/\/ismaelcolosi.com.br\/index.php\/category\/noticias-de-ribeirao-preto-sp-e-regiao-ismael-colosi\/"},"img":{"alt_text":"","src":"https:\/\/i0.wp.com\/ismaelcolosi.com.br\/wp-content\/uploads\/2024\/07\/Copia-de-Copia-de-TAMANHO-EXATO-PARA-FOTOS-NO-SISTEMA-NOVO-99_2024-07-05_17-57-11_png_2024-07-05_17-57-12.webp.webp?fit=1200%2C675&ssl=1&resize=350%2C200","width":350,"height":200,"srcset":"https:\/\/i0.wp.com\/ismaelcolosi.com.br\/wp-content\/uploads\/2024\/07\/Copia-de-Copia-de-TAMANHO-EXATO-PARA-FOTOS-NO-SISTEMA-NOVO-99_2024-07-05_17-57-11_png_2024-07-05_17-57-12.webp.webp?fit=1200%2C675&ssl=1&resize=350%2C200 1x, https:\/\/i0.wp.com\/ismaelcolosi.com.br\/wp-content\/uploads\/2024\/07\/Copia-de-Copia-de-TAMANHO-EXATO-PARA-FOTOS-NO-SISTEMA-NOVO-99_2024-07-05_17-57-11_png_2024-07-05_17-57-12.webp.webp?fit=1200%2C675&ssl=1&resize=525%2C300 1.5x, https:\/\/i0.wp.com\/ismaelcolosi.com.br\/wp-content\/uploads\/2024\/07\/Copia-de-Copia-de-TAMANHO-EXATO-PARA-FOTOS-NO-SISTEMA-NOVO-99_2024-07-05_17-57-11_png_2024-07-05_17-57-12.webp.webp?fit=1200%2C675&ssl=1&resize=700%2C400 2x, https:\/\/i0.wp.com\/ismaelcolosi.com.br\/wp-content\/uploads\/2024\/07\/Copia-de-Copia-de-TAMANHO-EXATO-PARA-FOTOS-NO-SISTEMA-NOVO-99_2024-07-05_17-57-11_png_2024-07-05_17-57-12.webp.webp?fit=1200%2C675&ssl=1&resize=1050%2C600 3x"},"classes":[]},{"id":63466,"url":"https:\/\/ismaelcolosi.com.br\/index.php\/2024\/09\/02\/bebidas-importadas-anabolizantes-e-ipads-sao-apreendidos-em-ribeirao-preto\/","url_meta":{"origin":63683,"position":2},"title":"Bebidas importadas, anabolizantes e iPads s\u00e3o apreendidos em Ribeir\u00e3o Preto","author":"ismaelcolosi.com.br","date":"2 de September de 2024","format":false,"excerpt":"A Receita Federal apreendeu R$ 400 mil em mercadorias entre bebidas importadas, anabolizantes e iPads em uma opera\u00e7\u00e3o no Centro de Tratamento de Cartas e Encomendas dos Correios de Ribeir\u00e3o Preto, na \u00faltima sexta-feira (30). De acordo com a Receita Federal, os anabolizantes apreendidos n\u00e3o tinham autoriza\u00e7\u00e3o da Anvisa (Ag\u00eancia\u2026","rel":"","context":"In &quot;Not\u00edcias de Ribeir\u00e3o Preto-SP e Regi\u00e3o&quot;","block_context":{"text":"Not\u00edcias de Ribeir\u00e3o Preto-SP e Regi\u00e3o","link":"https:\/\/ismaelcolosi.com.br\/index.php\/category\/noticias-de-ribeirao-preto-sp-e-regiao-ismael-colosi\/"},"img":{"alt_text":"","src":"https:\/\/i0.wp.com\/ismaelcolosi.com.br\/wp-content\/uploads\/2024\/09\/receita-federal_2024-09-02_15-58-53_jpeg_2024-09-02_15-58-54.webp.webp?fit=1200%2C900&ssl=1&resize=350%2C200","width":350,"height":200,"srcset":"https:\/\/i0.wp.com\/ismaelcolosi.com.br\/wp-content\/uploads\/2024\/09\/receita-federal_2024-09-02_15-58-53_jpeg_2024-09-02_15-58-54.webp.webp?fit=1200%2C900&ssl=1&resize=350%2C200 1x, https:\/\/i0.wp.com\/ismaelcolosi.com.br\/wp-content\/uploads\/2024\/09\/receita-federal_2024-09-02_15-58-53_jpeg_2024-09-02_15-58-54.webp.webp?fit=1200%2C900&ssl=1&resize=525%2C300 1.5x, https:\/\/i0.wp.com\/ismaelcolosi.com.br\/wp-content\/uploads\/2024\/09\/receita-federal_2024-09-02_15-58-53_jpeg_2024-09-02_15-58-54.webp.webp?fit=1200%2C900&ssl=1&resize=700%2C400 2x, https:\/\/i0.wp.com\/ismaelcolosi.com.br\/wp-content\/uploads\/2024\/09\/receita-federal_2024-09-02_15-58-53_jpeg_2024-09-02_15-58-54.webp.webp?fit=1200%2C900&ssl=1&resize=1050%2C600 3x"},"classes":[]},{"id":66569,"url":"https:\/\/ismaelcolosi.com.br\/index.php\/2024\/09\/18\/mais-de-r-300-mil-foram-apreendidos-em-loja-de-celulares-em-ribeirao-preto\/","url_meta":{"origin":63683,"position":3},"title":"Mais de R$ 300 mil foram apreendidos em loja de celulares em Ribeir\u00e3o Preto","author":"ismaelcolosi.com.br","date":"18 de September de 2024","format":false,"excerpt":"A equipe de Vigil\u00e2ncia e Repress\u00e3o da Receita Federal realizou, na \u00faltima ter\u00e7a-feira (17), uma opera\u00e7\u00e3o de combate ao contrabando e descaminho em Ribeir\u00e3o Preto e apreendeu mais de R$ 300 mil em produtos em uma loja de celulares, tablets e computadores. De acordo com a Receita Federal, foram apreendidos\u2026","rel":"","context":"In &quot;Not\u00edcias de Ribeir\u00e3o Preto-SP e Regi\u00e3o&quot;","block_context":{"text":"Not\u00edcias de Ribeir\u00e3o Preto-SP e Regi\u00e3o","link":"https:\/\/ismaelcolosi.com.br\/index.php\/category\/noticias-de-ribeirao-preto-sp-e-regiao-ismael-colosi\/"},"img":{"alt_text":"","src":"https:\/\/i0.wp.com\/ismaelcolosi.com.br\/wp-content\/uploads\/2024\/09\/celular_2024-09-18_13-05-23_jpg_2024-09-18_13-05-23.webp.webp?fit=1200%2C900&ssl=1&resize=350%2C200","width":350,"height":200,"srcset":"https:\/\/i0.wp.com\/ismaelcolosi.com.br\/wp-content\/uploads\/2024\/09\/celular_2024-09-18_13-05-23_jpg_2024-09-18_13-05-23.webp.webp?fit=1200%2C900&ssl=1&resize=350%2C200 1x, https:\/\/i0.wp.com\/ismaelcolosi.com.br\/wp-content\/uploads\/2024\/09\/celular_2024-09-18_13-05-23_jpg_2024-09-18_13-05-23.webp.webp?fit=1200%2C900&ssl=1&resize=525%2C300 1.5x, https:\/\/i0.wp.com\/ismaelcolosi.com.br\/wp-content\/uploads\/2024\/09\/celular_2024-09-18_13-05-23_jpg_2024-09-18_13-05-23.webp.webp?fit=1200%2C900&ssl=1&resize=700%2C400 2x, https:\/\/i0.wp.com\/ismaelcolosi.com.br\/wp-content\/uploads\/2024\/09\/celular_2024-09-18_13-05-23_jpg_2024-09-18_13-05-23.webp.webp?fit=1200%2C900&ssl=1&resize=1050%2C600 3x"},"classes":[]},{"id":49194,"url":"https:\/\/ismaelcolosi.com.br\/index.php\/2024\/05\/09\/operacao-da-receita-federal-mira-alvos-em-ribeirao-e-regiao-contra-fraude-em-notas-fiscais\/","url_meta":{"origin":63683,"position":4},"title":"Opera\u00e7\u00e3o da Receita Federal mira alvos em Ribeir\u00e3o e regi\u00e3o contra fraude em notas fiscais","author":"ismaelcolosi.com.br","date":"9 de May de 2024","format":false,"excerpt":"A Receita Federal e \u00f3rg\u00e3os parceiros deflagraram nesta quinta-feira (9) a opera\u00e7\u00e3o Metalmorfose, que apura esquema no setor de cobre utilizado para a emiss\u00e3o de R$ 17 bilh\u00f5es em notas fiscais fraudulentas de 2018 a 2020. H\u00e1 39 mandados de busca e apreens\u00e3o, dos quais um em Ribeir\u00e3o Preto e\u2026","rel":"","context":"In &quot;Not\u00edcias de Ribeir\u00e3o Preto-SP e Regi\u00e3o&quot;","block_context":{"text":"Not\u00edcias de Ribeir\u00e3o Preto-SP e Regi\u00e3o","link":"https:\/\/ismaelcolosi.com.br\/index.php\/category\/noticias-de-ribeirao-preto-sp-e-regiao-ismael-colosi\/"},"img":{"alt_text":"","src":"https:\/\/i0.wp.com\/ismaelcolosi.com.br\/wp-content\/uploads\/2024\/05\/RECEIRA-FEDERAL_2024-05-09_12-12-18_jpg_2024-05-09_12-12-19.webp.webp?fit=1200%2C677&ssl=1&resize=350%2C200","width":350,"height":200,"srcset":"https:\/\/i0.wp.com\/ismaelcolosi.com.br\/wp-content\/uploads\/2024\/05\/RECEIRA-FEDERAL_2024-05-09_12-12-18_jpg_2024-05-09_12-12-19.webp.webp?fit=1200%2C677&ssl=1&resize=350%2C200 1x, https:\/\/i0.wp.com\/ismaelcolosi.com.br\/wp-content\/uploads\/2024\/05\/RECEIRA-FEDERAL_2024-05-09_12-12-18_jpg_2024-05-09_12-12-19.webp.webp?fit=1200%2C677&ssl=1&resize=525%2C300 1.5x, https:\/\/i0.wp.com\/ismaelcolosi.com.br\/wp-content\/uploads\/2024\/05\/RECEIRA-FEDERAL_2024-05-09_12-12-18_jpg_2024-05-09_12-12-19.webp.webp?fit=1200%2C677&ssl=1&resize=700%2C400 2x, https:\/\/i0.wp.com\/ismaelcolosi.com.br\/wp-content\/uploads\/2024\/05\/RECEIRA-FEDERAL_2024-05-09_12-12-18_jpg_2024-05-09_12-12-19.webp.webp?fit=1200%2C677&ssl=1&resize=1050%2C600 3x"},"classes":[]},{"id":14727,"url":"https:\/\/ismaelcolosi.com.br\/index.php\/2023\/12\/12\/operacao-contra-o-trafico-apreende-carros-de-luxo-em-ribeirao-preto\/","url_meta":{"origin":63683,"position":5},"title":"Opera\u00e7\u00e3o contra o tr\u00e1fico apreende carros de luxo em Ribeir\u00e3o Preto","author":"ismaelcolosi.com.br","date":"12 de December de 2023","format":false,"excerpt":"A PF (Pol\u00edcia Federal) fez a apreens\u00e3o de carros de luxo durante a deflagra\u00e7\u00e3o da Opera\u00e7\u00e3o Alteia, na manh\u00e3 desta ter\u00e7a-feira (12), em Ribeir\u00e3o Preto. A a\u00e7\u00e3o foi deflagrada junto com o Gaeco (Grupo de Atua\u00e7\u00e3o Especial de Combate ao Crime Organizado) e com a Pol\u00edcia Civil e visa combater\u2026","rel":"","context":"In &quot;Not\u00edcias de Ribeir\u00e3o Preto-SP e Regi\u00e3o&quot;","block_context":{"text":"Not\u00edcias de Ribeir\u00e3o Preto-SP e Regi\u00e3o","link":"https:\/\/ismaelcolosi.com.br\/index.php\/category\/noticias-de-ribeirao-preto-sp-e-regiao-ismael-colosi\/"},"img":{"alt_text":"","src":"https:\/\/i0.wp.com\/ismaelcolosi.com.br\/wp-content\/uploads\/2023\/12\/bmw-de-luxo.jpg?fit=1193%2C573&ssl=1&resize=350%2C200","width":350,"height":200,"srcset":"https:\/\/i0.wp.com\/ismaelcolosi.com.br\/wp-content\/uploads\/2023\/12\/bmw-de-luxo.jpg?fit=1193%2C573&ssl=1&resize=350%2C200 1x, https:\/\/i0.wp.com\/ismaelcolosi.com.br\/wp-content\/uploads\/2023\/12\/bmw-de-luxo.jpg?fit=1193%2C573&ssl=1&resize=525%2C300 1.5x, https:\/\/i0.wp.com\/ismaelcolosi.com.br\/wp-content\/uploads\/2023\/12\/bmw-de-luxo.jpg?fit=1193%2C573&ssl=1&resize=700%2C400 2x, https:\/\/i0.wp.com\/ismaelcolosi.com.br\/wp-content\/uploads\/2023\/12\/bmw-de-luxo.jpg?fit=1193%2C573&ssl=1&resize=1050%2C600 3x"},"classes":[]}],"jetpack_sharing_enabled":true,"jetpack_shortlink":"https:\/\/wp.me\/pfMlyK-gz9","_links":{"self":[{"href":"https:\/\/ismaelcolosi.com.br\/index.php\/wp-json\/wp\/v2\/posts\/63683","targetHints":{"allow":["GET"]}}],"collection":[{"href":"https:\/\/ismaelcolosi.com.br\/index.php\/wp-json\/wp\/v2\/posts"}],"about":[{"href":"https:\/\/ismaelcolosi.com.br\/index.php\/wp-json\/wp\/v2\/types\/post"}],"author":[{"embeddable":true,"href":"https:\/\/ismaelcolosi.com.br\/index.php\/wp-json\/wp\/v2\/users\/1"}],"replies":[{"embeddable":true,"href":"https:\/\/ismaelcolosi.com.br\/index.php\/wp-json\/wp\/v2\/comments?post=63683"}],"version-history":[{"count":0,"href":"https:\/\/ismaelcolosi.com.br\/index.php\/wp-json\/wp\/v2\/posts\/63683\/revisions"}],"wp:featuredmedia":[{"embeddable":true,"href":"https:\/\/ismaelcolosi.com.br\/index.php\/wp-json\/wp\/v2\/media\/63684"}],"wp:attachment":[{"href":"https:\/\/ismaelcolosi.com.br\/index.php\/wp-json\/wp\/v2\/media?parent=63683"}],"wp:term":[{"taxonomy":"category","embeddable":true,"href":"https:\/\/ismaelcolosi.com.br\/index.php\/wp-json\/wp\/v2\/categories?post=63683"},{"taxonomy":"post_tag","embeddable":true,"href":"https:\/\/ismaelcolosi.com.br\/index.php\/wp-json\/wp\/v2\/tags?post=63683"}],"curies":[{"name":"wp","href":"https:\/\/api.w.org\/{rel}","templated":true}]}}