{"id":63671,"date":"2024-09-03T13:24:25","date_gmt":"2024-09-03T16:24:25","guid":{"rendered":"https:\/\/ismaelcolosi.com.br\/index.php\/2024\/09\/03\/voluntarios-doam-frutas-para-alimentar-animais-vitimas-das-queimadas\/"},"modified":"2024-09-03T13:24:25","modified_gmt":"2024-09-03T16:24:25","slug":"voluntarios-doam-frutas-para-alimentar-animais-vitimas-das-queimadas","status":"publish","type":"post","link":"https:\/\/ismaelcolosi.com.br\/index.php\/2024\/09\/03\/voluntarios-doam-frutas-para-alimentar-animais-vitimas-das-queimadas\/","title":{"rendered":"Volunt\u00e1rios doam frutas para alimentar animais v\u00edtimas das queimadas"},"content":{"rendered":"<p> <br \/>\n<\/p>\n<div data-td-block-uid=\"tdi_106\">\n<div class=\"tdb-block-inner td-fix-index\">\n<p><strong>Banana, laranja, ma\u00e7\u00e3, uva e at\u00e9 mexerica s\u00e3o as frutas doadas por volunt\u00e1rios para alimentar os animais v\u00edtimas das queimadas em Ribeir\u00e3o Preto.<\/strong><\/p>\n<p>A propriet\u00e1ria do <strong>bar Venda do Z\u00e9 Goleiro<\/strong>, <strong>Maria Jos\u00e9 Nunes Gon\u00e7alves<\/strong>, usou as <strong>redes sociais<\/strong> para pedir <strong>ajuda <\/strong>e conseguiu <strong>mobilizar <\/strong>a <strong>popula\u00e7\u00e3o <\/strong>na <strong>causa<\/strong>.<\/p>\n<blockquote class=\"wp-block-quote\">\n<p>\u201cOs bichos estavam desesperados, andavam em cima da casa e pegavam as comidas dos porcos para comer. Uma hora depois que eu postei na rede social, come\u00e7aram a chegar frutas e,  agora, os bichos t\u00eam um banquete\u201d<\/p>\n<p><cite>Maria Jos\u00e9 Nunes Gon\u00e7alves, comerciante<\/cite><\/p><\/blockquote>\n<p>Al\u00e9m das <strong>frutas<\/strong>, tamb\u00e9m foram <strong>doados quirera<\/strong>, <strong>alpiste <\/strong>e <strong>ovo<\/strong>. <\/p>\n<p>As <strong>frutas<\/strong>, por exemplo, est\u00e3o sendo espalhadas pela <strong>mata <\/strong>e os <strong>animais<\/strong>, como os <strong>macacos<\/strong>, v\u00eam <strong>buscar<\/strong>.<\/p>\n<p>Como a <strong>quantidade <\/strong>de <strong>doa\u00e7\u00f5es <\/strong>\u00e9 <strong>grande<\/strong>, os <strong>alimentos <\/strong>devem ser levados a <strong>bichos <\/strong>de outras \u00e1reas nas proximidades tamb\u00e9m atingidas pelo <strong>fogo<\/strong>.<\/p>\n<p>O <strong>bar Venda do Z\u00e9 Goleiro<\/strong> fica <strong>estrada velha <\/strong>de <strong>Guatapar\u00e1<\/strong>, no km 20, em <strong>Ribeir\u00e3o Preto<\/strong> (Com EPTV)<\/p>\n<p>SAIBA MAIS<\/p>\n<p>Interior de SP tem \u00e1reas entre as mais secas do Brasil nesta ter\u00e7a; Veja regi\u00f5es<\/p>\n<h4 class=\"wp-block-heading\"><strong>FIQUE ON<\/strong><\/h4>\n<p>Fique ligado em tudo que acontece em Ribeir\u00e3o Preto e regi\u00e3o. Siga os perfis do<strong>\u00a0acidade on<\/strong>\u00a0no\u00a0<a href=\"https:\/\/www.instagram.com\/acidadeonribeirao\" target=\"_blank\" rel=\"noreferrer noopener\">Instagram\u00a0<\/a>e no<a href=\"https:\/\/www.facebook.com\/acidadeonribeirao\/\" target=\"_blank\" rel=\"noreferrer noopener\">\u00a0Facebook<\/a>.<\/p>\n<p>Receba not\u00edcias do\u00a0<strong>acidade on<\/strong>\u00a0no WhatsApp.\u00a0<a href=\"https:\/\/chat.whatsapp.com\/Dtv9mxhy6V5BJBotM2OQ5k\" target=\"_blank\" rel=\"noreferrer noopener\">Para entrar no grupo, basta clicar aqui.<\/a><\/p>\n<p>Fa\u00e7a uma den\u00fancia ou sugira uma reportagem sobre Ribeir\u00e3o Preto e regi\u00e3o pelo WhatsApp: 16 99117 7802.<\/p>\n<p>VEJA TAMB\u00c9M<\/p>\n<p>Qual \u00e9 o hor\u00e1rio da bandeira vermelha na conta de luz?<\/p>\n<p><!-- CONTENT END 1 -->\n<\/div>\n<\/div>\n<p><script async src=\"\/\/www.instagram.com\/embed.js\"><\/script><br \/>\n<br \/><br \/>\n<br \/><a href=\"https:\/\/www.acidadeon.com\/ribeiraopreto\/cotidiano\/voluntarios-doam-frutas-para-alimentar-animais-vitimas-das-queimadas\/\">Source link <\/a><\/p>\n","protected":false},"excerpt":{"rendered":"<p>Banana, laranja, ma\u00e7\u00e3, uva e at\u00e9 mexerica s\u00e3o as frutas doadas por volunt\u00e1rios para alimentar os animais v\u00edtimas das queimadas em Ribeir\u00e3o Preto. A propriet\u00e1ria&#8230;<\/p>\n","protected":false},"author":1,"featured_media":63672,"comment_status":"open","ping_status":"open","sticky":false,"template":"","format":"standard","meta":{"_uag_custom_page_level_css":"","advanced_seo_description":"","jetpack_seo_html_title":"","jetpack_seo_noindex":false,"jetpack_post_was_ever_published":false,"_jetpack_newsletter_access":"","_jetpack_dont_email_post_to_subs":false,"_jetpack_newsletter_tier_id":0,"_jetpack_memberships_contains_paywalled_content":false,"_jetpack_memberships_contains_paid_content":false,"footnotes":"","jetpack_publicize_message":"","jetpack_publicize_feature_enabled":true,"jetpack_social_post_already_shared":true,"jetpack_social_options":{"image_generator_settings":{"template":"highway","default_image_id":0,"font":"","enabled":false},"version":2}},"categories":[11],"tags":[],"class_list":["post-63671","post","type-post","status-publish","format-standard","has-post-thumbnail","hentry","category-noticias-de-ribeirao-preto-sp-e-regiao-ismael-colosi"],"jetpack_publicize_connections":[],"jetpack_featured_media_url":"https:\/\/i0.wp.com\/ismaelcolosi.com.br\/wp-content\/uploads\/2024\/09\/FRUTA_2024-09-03_15-06-01_jpg_2024-09-03_15-06-01.webp.webp?fit=2000%2C1124&ssl=1","uagb_featured_image_src":{"full":["https:\/\/i0.wp.com\/ismaelcolosi.com.br\/wp-content\/uploads\/2024\/09\/FRUTA_2024-09-03_15-06-01_jpg_2024-09-03_15-06-01.webp.webp?fit=2000%2C1124&ssl=1",2000,1124,false],"thumbnail":["https:\/\/i0.wp.com\/ismaelcolosi.com.br\/wp-content\/uploads\/2024\/09\/FRUTA_2024-09-03_15-06-01_jpg_2024-09-03_15-06-01.webp.webp?resize=150%2C150&ssl=1",150,150,true],"medium":["https:\/\/i0.wp.com\/ismaelcolosi.com.br\/wp-content\/uploads\/2024\/09\/FRUTA_2024-09-03_15-06-01_jpg_2024-09-03_15-06-01.webp.webp?fit=300%2C169&ssl=1",300,169,true],"medium_large":["https:\/\/i0.wp.com\/ismaelcolosi.com.br\/wp-content\/uploads\/2024\/09\/FRUTA_2024-09-03_15-06-01_jpg_2024-09-03_15-06-01.webp.webp?fit=768%2C432&ssl=1",768,432,true],"large":["https:\/\/i0.wp.com\/ismaelcolosi.com.br\/wp-content\/uploads\/2024\/09\/FRUTA_2024-09-03_15-06-01_jpg_2024-09-03_15-06-01.webp.webp?fit=1024%2C575&ssl=1",1024,575,true],"1536x1536":["https:\/\/i0.wp.com\/ismaelcolosi.com.br\/wp-content\/uploads\/2024\/09\/FRUTA_2024-09-03_15-06-01_jpg_2024-09-03_15-06-01.webp.webp?fit=1536%2C863&ssl=1",1536,863,true],"2048x2048":["https:\/\/i0.wp.com\/ismaelcolosi.com.br\/wp-content\/uploads\/2024\/09\/FRUTA_2024-09-03_15-06-01_jpg_2024-09-03_15-06-01.webp.webp?fit=2000%2C1124&ssl=1",2000,1124,true],"really-simple-thumb":["https:\/\/i0.wp.com\/ismaelcolosi.com.br\/wp-content\/uploads\/2024\/09\/FRUTA_2024-09-03_15-06-01_jpg_2024-09-03_15-06-01.webp.webp?resize=370%2C247&ssl=1",370,247,true]},"uagb_author_info":{"display_name":"ismaelcolosi.com.br","author_link":"https:\/\/ismaelcolosi.com.br\/index.php\/author\/vidareal-online\/"},"uagb_comment_info":0,"uagb_excerpt":"Banana, laranja, ma\u00e7\u00e3, uva e at\u00e9 mexerica s\u00e3o as frutas doadas por volunt\u00e1rios para alimentar os animais v\u00edtimas das queimadas em Ribeir\u00e3o Preto. A propriet\u00e1ria...","jetpack-related-posts":[{"id":63077,"url":"https:\/\/ismaelcolosi.com.br\/index.php\/2024\/08\/30\/venda-do-ze-goleiro-pede-doacoes-de-frutas-para-animais-apos-incendios\/","url_meta":{"origin":63671,"position":0},"title":"Venda do Z\u00e9 Goleiro pede doa\u00e7\u00f5es de frutas para animais ap\u00f3s inc\u00eandios","author":"ismaelcolosi.com.br","date":"30 de August de 2024","format":false,"excerpt":"O bar Venda do Z\u00e9 Goleiro, localizado na estrada velha de Guatapar\u00e1, km 20, na regi\u00e3o de Ribeir\u00e3o Preto, est\u00e1 pedindo doa\u00e7\u00e3o de frutas para os animais v\u00edtimas dos inc\u00eandios da semana passada. Na p\u00e1gina oficial da Venda, no Facebook, os propriet\u00e1rios pedem que amigos e clientes que forem at\u00e9\u2026","rel":"","context":"In &quot;Not\u00edcias de Ribeir\u00e3o Preto-SP e Regi\u00e3o&quot;","block_context":{"text":"Not\u00edcias de Ribeir\u00e3o Preto-SP e Regi\u00e3o","link":"https:\/\/ismaelcolosi.com.br\/index.php\/category\/noticias-de-ribeirao-preto-sp-e-regiao-ismael-colosi\/"},"img":{"alt_text":"","src":"https:\/\/i0.wp.com\/ismaelcolosi.com.br\/wp-content\/uploads\/2024\/08\/zegoleiro_2024-08-30_19-11-15_png_2024-08-30_19-11-15.webp.webp?fit=860%2C488&ssl=1&resize=350%2C200","width":350,"height":200,"srcset":"https:\/\/i0.wp.com\/ismaelcolosi.com.br\/wp-content\/uploads\/2024\/08\/zegoleiro_2024-08-30_19-11-15_png_2024-08-30_19-11-15.webp.webp?fit=860%2C488&ssl=1&resize=350%2C200 1x, https:\/\/i0.wp.com\/ismaelcolosi.com.br\/wp-content\/uploads\/2024\/08\/zegoleiro_2024-08-30_19-11-15_png_2024-08-30_19-11-15.webp.webp?fit=860%2C488&ssl=1&resize=525%2C300 1.5x, https:\/\/i0.wp.com\/ismaelcolosi.com.br\/wp-content\/uploads\/2024\/08\/zegoleiro_2024-08-30_19-11-15_png_2024-08-30_19-11-15.webp.webp?fit=860%2C488&ssl=1&resize=700%2C400 2x"},"classes":[]},{"id":63841,"url":"https:\/\/ismaelcolosi.com.br\/index.php\/2024\/09\/04\/veiculos-que-emitem-fumaca-preta-podem-ser-multados-em-r-2-mil\/","url_meta":{"origin":63671,"position":1},"title":"Ve\u00edculos que emitem fuma\u00e7a preta podem ser multados em R$ 2 mil","author":"ismaelcolosi.com.br","date":"4 de September de 2024","format":false,"excerpt":"A Companhia Ambiental do Estado de S\u00e3o Paulo (Cetesb) iniciou, em Ribeir\u00e3o Preto, uma opera\u00e7\u00e3o para multar donos de ve\u00edculos que emitem poluentes acima do permitido por lei, tamb\u00e9m conhecida como fuma\u00e7a preta. A multa \u00e9 de R$ 2.121,60 para quem dirigir com o ve\u00edculo irregular. A iniciativa faz parte\u2026","rel":"","context":"In &quot;Not\u00edcias de Ribeir\u00e3o Preto-SP e Regi\u00e3o&quot;","block_context":{"text":"Not\u00edcias de Ribeir\u00e3o Preto-SP e Regi\u00e3o","link":"https:\/\/ismaelcolosi.com.br\/index.php\/category\/noticias-de-ribeirao-preto-sp-e-regiao-ismael-colosi\/"},"img":{"alt_text":"","src":"https:\/\/i0.wp.com\/ismaelcolosi.com.br\/wp-content\/uploads\/2024\/09\/Cetesb-realiza-acao-de-fiscalizacao-de-veiculos-pesados-em-25-pontos-do-Estado-scaled-e1725406489397_2024-09-04_12-41-42_jpg_2024-09-04_12-41-42.webp.webp?fit=1024%2C683&ssl=1&resize=350%2C200","width":350,"height":200,"srcset":"https:\/\/i0.wp.com\/ismaelcolosi.com.br\/wp-content\/uploads\/2024\/09\/Cetesb-realiza-acao-de-fiscalizacao-de-veiculos-pesados-em-25-pontos-do-Estado-scaled-e1725406489397_2024-09-04_12-41-42_jpg_2024-09-04_12-41-42.webp.webp?fit=1024%2C683&ssl=1&resize=350%2C200 1x, https:\/\/i0.wp.com\/ismaelcolosi.com.br\/wp-content\/uploads\/2024\/09\/Cetesb-realiza-acao-de-fiscalizacao-de-veiculos-pesados-em-25-pontos-do-Estado-scaled-e1725406489397_2024-09-04_12-41-42_jpg_2024-09-04_12-41-42.webp.webp?fit=1024%2C683&ssl=1&resize=525%2C300 1.5x, https:\/\/i0.wp.com\/ismaelcolosi.com.br\/wp-content\/uploads\/2024\/09\/Cetesb-realiza-acao-de-fiscalizacao-de-veiculos-pesados-em-25-pontos-do-Estado-scaled-e1725406489397_2024-09-04_12-41-42_jpg_2024-09-04_12-41-42.webp.webp?fit=1024%2C683&ssl=1&resize=700%2C400 2x"},"classes":[]},{"id":62367,"url":"https:\/\/ismaelcolosi.com.br\/index.php\/2024\/08\/27\/bosque-fabio-barreto-em-ribeirao-recebe-11-animais-atingidos-por-queimadas-video\/","url_meta":{"origin":63671,"position":2},"title":"Bosque F\u00e1bio Barreto em Ribeir\u00e3o recebe 11 animais atingidos por queimadas; V\u00eddeo","author":"ismaelcolosi.com.br","date":"27 de August de 2024","format":false,"excerpt":"O Bosque e Zool\u00f3gico F\u00e1bio Barreto, em Ribeir\u00e3o Preto, recebeu ao menos 11 animais v\u00edtimas das queimadas para atendimento veterin\u00e1rio. Assista ao v\u00eddeo. A equipe conta com mais de 20 profissionais que atuam no cuidado aos bichos atingidos pelos inc\u00eandios na regi\u00e3o, como um lagarto e um tamandu\u00e1. \u201cOs animais\u2026","rel":"","context":"In &quot;Not\u00edcias de Ribeir\u00e3o Preto-SP e Regi\u00e3o&quot;","block_context":{"text":"Not\u00edcias de Ribeir\u00e3o Preto-SP e Regi\u00e3o","link":"https:\/\/ismaelcolosi.com.br\/index.php\/category\/noticias-de-ribeirao-preto-sp-e-regiao-ismael-colosi\/"},"img":{"alt_text":"","src":"https:\/\/i0.wp.com\/ismaelcolosi.com.br\/wp-content\/uploads\/2024\/08\/LAGARTO_2024-08-27_13-10-14_jpg_2024-08-27_13-10-14.webp.webp?fit=1200%2C705&ssl=1&resize=350%2C200","width":350,"height":200,"srcset":"https:\/\/i0.wp.com\/ismaelcolosi.com.br\/wp-content\/uploads\/2024\/08\/LAGARTO_2024-08-27_13-10-14_jpg_2024-08-27_13-10-14.webp.webp?fit=1200%2C705&ssl=1&resize=350%2C200 1x, https:\/\/i0.wp.com\/ismaelcolosi.com.br\/wp-content\/uploads\/2024\/08\/LAGARTO_2024-08-27_13-10-14_jpg_2024-08-27_13-10-14.webp.webp?fit=1200%2C705&ssl=1&resize=525%2C300 1.5x, https:\/\/i0.wp.com\/ismaelcolosi.com.br\/wp-content\/uploads\/2024\/08\/LAGARTO_2024-08-27_13-10-14_jpg_2024-08-27_13-10-14.webp.webp?fit=1200%2C705&ssl=1&resize=700%2C400 2x, https:\/\/i0.wp.com\/ismaelcolosi.com.br\/wp-content\/uploads\/2024\/08\/LAGARTO_2024-08-27_13-10-14_jpg_2024-08-27_13-10-14.webp.webp?fit=1200%2C705&ssl=1&resize=1050%2C600 3x"},"classes":[]},{"id":72094,"url":"https:\/\/ismaelcolosi.com.br\/index.php\/2024\/10\/19\/reserva-na-regiao-de-ribeirao-cria-pontos-de-agua-e-comida-para-animais-apos-queimadas\/","url_meta":{"origin":63671,"position":3},"title":"Reserva na regi\u00e3o de Ribeir\u00e3o cria pontos de \u00e1gua e comida para animais ap\u00f3s queimadas","author":"ismaelcolosi.com.br","date":"19 de October de 2024","format":false,"excerpt":"A Esta\u00e7\u00e3o Ecol\u00f3gica Jata\u00ed, em Luis Ant\u00f4nio, na regi\u00e3o de Ribeir\u00e3o Preto, instalou oito caixas d\u2019\u00e1gua em locais estrat\u00e9gicos em uma opera\u00e7\u00e3o especial para tentar salvar a vida dos animais afetados pelo\u00a0fogo que j\u00e1 destruiu mais de 70% da reserva. Al\u00e9m dos pontos para hidrata\u00e7\u00e3o, equipes que trabalham na unidade\u2026","rel":"","context":"In &quot;Not\u00edcias de Ribeir\u00e3o Preto-SP e Regi\u00e3o&quot;","block_context":{"text":"Not\u00edcias de Ribeir\u00e3o Preto-SP e Regi\u00e3o","link":"https:\/\/ismaelcolosi.com.br\/index.php\/category\/noticias-de-ribeirao-preto-sp-e-regiao-ismael-colosi\/"},"img":{"alt_text":"","src":"https:\/\/i0.wp.com\/ismaelcolosi.com.br\/wp-content\/uploads\/2024\/10\/reserva-jatai_2024-10-04_18-35-16_jpeg_2024-10-04_18-35-16.webp.webp?fit=1200%2C540&ssl=1&resize=350%2C200","width":350,"height":200,"srcset":"https:\/\/i0.wp.com\/ismaelcolosi.com.br\/wp-content\/uploads\/2024\/10\/reserva-jatai_2024-10-04_18-35-16_jpeg_2024-10-04_18-35-16.webp.webp?fit=1200%2C540&ssl=1&resize=350%2C200 1x, https:\/\/i0.wp.com\/ismaelcolosi.com.br\/wp-content\/uploads\/2024\/10\/reserva-jatai_2024-10-04_18-35-16_jpeg_2024-10-04_18-35-16.webp.webp?fit=1200%2C540&ssl=1&resize=525%2C300 1.5x, https:\/\/i0.wp.com\/ismaelcolosi.com.br\/wp-content\/uploads\/2024\/10\/reserva-jatai_2024-10-04_18-35-16_jpeg_2024-10-04_18-35-16.webp.webp?fit=1200%2C540&ssl=1&resize=700%2C400 2x, https:\/\/i0.wp.com\/ismaelcolosi.com.br\/wp-content\/uploads\/2024\/10\/reserva-jatai_2024-10-04_18-35-16_jpeg_2024-10-04_18-35-16.webp.webp?fit=1200%2C540&ssl=1&resize=1050%2C600 3x"},"classes":[]},{"id":63820,"url":"https:\/\/ismaelcolosi.com.br\/index.php\/2024\/09\/04\/alerta-de-incendios-e-prorrogado-no-estado-de-sp-veja-quando-vem-chuva\/","url_meta":{"origin":63671,"position":4},"title":"Alerta de inc\u00eandios \u00e9 prorrogado no estado de SP; Veja quando vem chuva","author":"ismaelcolosi.com.br","date":"4 de September de 2024","format":false,"excerpt":"A\u00a0Defesa Civil de S\u00e3o Paulo\u00a0prorrogou o alerta para risco de inc\u00eandios no estado de S\u00e3o Paulo at\u00e9 a pr\u00f3xima sexta-feira (6). Segundo o \u00f3rg\u00e3o, o cen\u00e1rio atual indica que as temperaturas podem atingir 39\u00b0C, com umidade relativa do ar abaixo dos 20% e fortes rajadas de vento. Estas condi\u00e7\u00f5es clim\u00e1ticas,\u2026","rel":"","context":"In &quot;Not\u00edcias de Ribeir\u00e3o Preto-SP e Regi\u00e3o&quot;","block_context":{"text":"Not\u00edcias de Ribeir\u00e3o Preto-SP e Regi\u00e3o","link":"https:\/\/ismaelcolosi.com.br\/index.php\/category\/noticias-de-ribeirao-preto-sp-e-regiao-ismael-colosi\/"},"img":{"alt_text":"","src":"https:\/\/i0.wp.com\/ismaelcolosi.com.br\/wp-content\/uploads\/2024\/09\/batatais_queimadas_1024x576_09092021114440.jpg?fit=1024%2C575&ssl=1&resize=350%2C200","width":350,"height":200,"srcset":"https:\/\/i0.wp.com\/ismaelcolosi.com.br\/wp-content\/uploads\/2024\/09\/batatais_queimadas_1024x576_09092021114440.jpg?fit=1024%2C575&ssl=1&resize=350%2C200 1x, https:\/\/i0.wp.com\/ismaelcolosi.com.br\/wp-content\/uploads\/2024\/09\/batatais_queimadas_1024x576_09092021114440.jpg?fit=1024%2C575&ssl=1&resize=525%2C300 1.5x, https:\/\/i0.wp.com\/ismaelcolosi.com.br\/wp-content\/uploads\/2024\/09\/batatais_queimadas_1024x576_09092021114440.jpg?fit=1024%2C575&ssl=1&resize=700%2C400 2x"},"classes":[]},{"id":64846,"url":"https:\/\/ismaelcolosi.com.br\/index.php\/2024\/09\/09\/bosque-de-ribeirao-recebe-mais-dois-animais-atingidos-por-queimadas\/","url_meta":{"origin":63671,"position":5},"title":"Bosque de Ribeir\u00e3o recebe mais dois animais atingidos por queimadas","author":"ismaelcolosi.com.br","date":"9 de September de 2024","format":false,"excerpt":"O Bosque e Zool\u00f3gico F\u00e1bio Barreto em Ribeir\u00e3o Preto recebeu, neste final de semana, mais dois animais v\u00edtimas das queimadas na regi\u00e3o. Um tamandu\u00e1 bandeira, macho e de 23 kg e um filhote de lobo guar\u00e1, com 03 meses de idade. O tamandu\u00e1 foi encontrado em Batatais com queimaduras nas\u2026","rel":"","context":"In &quot;Not\u00edcias de Ribeir\u00e3o Preto-SP e Regi\u00e3o&quot;","block_context":{"text":"Not\u00edcias de Ribeir\u00e3o Preto-SP e Regi\u00e3o","link":"https:\/\/ismaelcolosi.com.br\/index.php\/category\/noticias-de-ribeirao-preto-sp-e-regiao-ismael-colosi\/"},"img":{"alt_text":"","src":"https:\/\/i0.wp.com\/ismaelcolosi.com.br\/wp-content\/uploads\/2024\/09\/Copia-de-Copia-de-Copia-de-TAMANHO-EXATO-PARA-FOTOS-NO-SISTEMA-NOVO-8_2024-09-09_18-10-53_png_2024-09-09_18-10-53.webp.webp?fit=1200%2C675&ssl=1&resize=350%2C200","width":350,"height":200,"srcset":"https:\/\/i0.wp.com\/ismaelcolosi.com.br\/wp-content\/uploads\/2024\/09\/Copia-de-Copia-de-Copia-de-TAMANHO-EXATO-PARA-FOTOS-NO-SISTEMA-NOVO-8_2024-09-09_18-10-53_png_2024-09-09_18-10-53.webp.webp?fit=1200%2C675&ssl=1&resize=350%2C200 1x, https:\/\/i0.wp.com\/ismaelcolosi.com.br\/wp-content\/uploads\/2024\/09\/Copia-de-Copia-de-Copia-de-TAMANHO-EXATO-PARA-FOTOS-NO-SISTEMA-NOVO-8_2024-09-09_18-10-53_png_2024-09-09_18-10-53.webp.webp?fit=1200%2C675&ssl=1&resize=525%2C300 1.5x, https:\/\/i0.wp.com\/ismaelcolosi.com.br\/wp-content\/uploads\/2024\/09\/Copia-de-Copia-de-Copia-de-TAMANHO-EXATO-PARA-FOTOS-NO-SISTEMA-NOVO-8_2024-09-09_18-10-53_png_2024-09-09_18-10-53.webp.webp?fit=1200%2C675&ssl=1&resize=700%2C400 2x, https:\/\/i0.wp.com\/ismaelcolosi.com.br\/wp-content\/uploads\/2024\/09\/Copia-de-Copia-de-Copia-de-TAMANHO-EXATO-PARA-FOTOS-NO-SISTEMA-NOVO-8_2024-09-09_18-10-53_png_2024-09-09_18-10-53.webp.webp?fit=1200%2C675&ssl=1&resize=1050%2C600 3x"},"classes":[]}],"jetpack_sharing_enabled":true,"jetpack_shortlink":"https:\/\/wp.me\/pfMlyK-gyX","_links":{"self":[{"href":"https:\/\/ismaelcolosi.com.br\/index.php\/wp-json\/wp\/v2\/posts\/63671","targetHints":{"allow":["GET"]}}],"collection":[{"href":"https:\/\/ismaelcolosi.com.br\/index.php\/wp-json\/wp\/v2\/posts"}],"about":[{"href":"https:\/\/ismaelcolosi.com.br\/index.php\/wp-json\/wp\/v2\/types\/post"}],"author":[{"embeddable":true,"href":"https:\/\/ismaelcolosi.com.br\/index.php\/wp-json\/wp\/v2\/users\/1"}],"replies":[{"embeddable":true,"href":"https:\/\/ismaelcolosi.com.br\/index.php\/wp-json\/wp\/v2\/comments?post=63671"}],"version-history":[{"count":0,"href":"https:\/\/ismaelcolosi.com.br\/index.php\/wp-json\/wp\/v2\/posts\/63671\/revisions"}],"wp:featuredmedia":[{"embeddable":true,"href":"https:\/\/ismaelcolosi.com.br\/index.php\/wp-json\/wp\/v2\/media\/63672"}],"wp:attachment":[{"href":"https:\/\/ismaelcolosi.com.br\/index.php\/wp-json\/wp\/v2\/media?parent=63671"}],"wp:term":[{"taxonomy":"category","embeddable":true,"href":"https:\/\/ismaelcolosi.com.br\/index.php\/wp-json\/wp\/v2\/categories?post=63671"},{"taxonomy":"post_tag","embeddable":true,"href":"https:\/\/ismaelcolosi.com.br\/index.php\/wp-json\/wp\/v2\/tags?post=63671"}],"curies":[{"name":"wp","href":"https:\/\/api.w.org\/{rel}","templated":true}]}}