{"id":63654,"date":"2024-09-03T12:16:45","date_gmt":"2024-09-03T15:16:45","guid":{"rendered":"https:\/\/ismaelcolosi.com.br\/index.php\/2024\/09\/03\/alunos-de-ribeirao-tem-que-escolher-itinerario-formativo-entenda-o-que-e\/"},"modified":"2024-09-03T12:16:45","modified_gmt":"2024-09-03T15:16:45","slug":"alunos-de-ribeirao-tem-que-escolher-itinerario-formativo-entenda-o-que-e","status":"publish","type":"post","link":"https:\/\/ismaelcolosi.com.br\/index.php\/2024\/09\/03\/alunos-de-ribeirao-tem-que-escolher-itinerario-formativo-entenda-o-que-e\/","title":{"rendered":"Alunos de Ribeir\u00e3o t\u00eam que escolher itiner\u00e1rio formativo; entenda o que \u00e9"},"content":{"rendered":"<p> <br \/>\n<\/p>\n<div>\n<p>Estudantes que, <strong>neste ano<\/strong>, est\u00e3o na <strong>1\u00aa s\u00e9rie do ensino m\u00e9dio da rede estadual de S\u00e3o Paulo<\/strong> t\u00eam at\u00e9 o pr\u00f3ximo dia\u00a0<strong><mark style=\"background-color:#fcb900\" class=\"has-inline-color\">13 de setembro<\/mark><\/strong> para definir\u00a0o <strong>itiner\u00e1rio formativo<\/strong> que desejam cursar na 2\u00aa e 3\u00aa s\u00e9ries.\u00a0Em <strong><mark style=\"background-color:#fcb900\" class=\"has-inline-color\">Ribeir\u00e3o Preto<\/mark><\/strong>, a rede estadual de ensino tem <mark style=\"background-color:#fcb900\" class=\"has-inline-color\">75 escolas<\/mark> e\u00a0<mark style=\"background-color:#ffffff\" class=\"has-inline-color\">cerca de<\/mark><strong><mark style=\"background-color:#ffffff\" class=\"has-inline-color\"> <\/mark><mark style=\"background-color:#fcb900\" class=\"has-inline-color\">45 mil alunos<\/mark>.<\/strong><\/p>\n<p>A escolha \u00e9 <strong>obrigat\u00f3ria<\/strong> e precisa ser registrada na\u00a0<a href=\"https:\/\/sed.educacao.sp.gov.br\/\" target=\"_blank\" rel=\"noreferrer noopener\">Secretaria Escolar Digital<\/a>. A Secretaria da Educa\u00e7\u00e3o de S\u00e3o Paulo (Seduc-SP) <strong>oferece tr\u00eas op\u00e7\u00f5es de \u00e1reas<\/strong>, duas delas acad\u00eamicas, a de <strong>exatas <\/strong>e <strong>humanas<\/strong>, al\u00e9m da <strong>t\u00e9cnica profissional<\/strong>.<\/p>\n<h4 class=\"wp-block-heading\">Cursos ofertados<\/h4>\n<p>No itiner\u00e1rio formativo <mark style=\"background-color:#fcb900\" class=\"has-inline-color\"><strong>t\u00e9cnico profissional<\/strong><\/mark>, s\u00e3o <strong>nove op\u00e7\u00f5es de cursos<\/strong>: administra\u00e7\u00e3o, agroneg\u00f3cio, ci\u00eancias de dados, desenvolvimento de sistemas, enfermagem, farm\u00e1cia, hospedagem, log\u00edstica e vendas.\u00a0<\/p>\n<p><strong><mark style=\"background-color:#fcb900\" class=\"has-inline-color\">Em exatas<\/mark><\/strong> (Matem\u00e1tica e Ci\u00eancias da Natureza), a matriz inclui <strong>programa\u00e7\u00e3o<\/strong>, <strong>qu\u00edmica aplicada<\/strong>, <strong>biotecnologia<\/strong> e <strong>empreendedorismo<\/strong>. <\/p>\n<p>Os que seguirem a <strong><mark style=\"background-color:#fcb900\" class=\"has-inline-color\">op\u00e7\u00e3o humanas<\/mark><\/strong> (Linguagens e Ci\u00eancias Humanas) t\u00eam aulas de <strong>lideran\u00e7a<\/strong>, <strong>artes <\/strong>e <strong>m\u00eddias digitais<\/strong>, <strong>geopol\u00edtica<\/strong>, <strong>orat\u00f3ria <\/strong>e <strong>filosofia <\/strong>e <strong>sociedade moderna<\/strong>.<\/p>\n<p>SAIBA MAIS<br \/>Homem invade pr\u00e9dio na zona Oeste de Ribeir\u00e3o e furta bicicleta<\/p>\n<h4 class=\"wp-block-heading\"><strong>FIQUE ON<\/strong><\/h4>\n<p>Fique ligado em tudo que acontece em Ribeir\u00e3o Preto e regi\u00e3o. Siga os perfis do <strong>acidade on <\/strong>no <a href=\"https:\/\/www.instagram.com\/acidadeonribeirao\" target=\"_blank\" rel=\"noreferrer noopener\">Instagram<\/a> e no <a href=\"https:\/\/www.facebook.com\/acidadeonribeirao\" target=\"_blank\" rel=\"noreferrer noopener\">Facebook<\/a>.<\/p>\n<p>Receba not\u00edcias do acidade on no WhatsApp. Para entrar no grupo, basta <a href=\"https:\/\/chat.whatsapp.com\/Dtv9mxhy6V5BJBotM2OQ5k\" target=\"_blank\" rel=\"noreferrer noopener\">clicar aqui<\/a>.<\/p>\n<p>Fa\u00e7a uma den\u00fancia ou sugira uma reportagem sobre Ribeir\u00e3o Preto e regi\u00e3o pelo WhatsApp: 16 99117 7802.<\/p>\n<p>VEJA TAMB\u00c9M<br \/>Yasmin Brunet e Medina voltaram?<\/p>\n<p><!-- CONTENT END 1 -->\n<\/div>\n<p><script async src=\"\/\/www.instagram.com\/embed.js\"><\/script><br \/>\n<br \/><br \/>\n<br \/><a href=\"https:\/\/www.acidadeon.com\/ribeiraopreto\/cotidiano\/alunos-devem-escolher-itinerario-formativo-ate-13-de-setembro\/\">Source link <\/a><\/p>\n","protected":false},"excerpt":{"rendered":"<p>Estudantes que, neste ano, est\u00e3o na 1\u00aa s\u00e9rie do ensino m\u00e9dio da rede estadual de S\u00e3o Paulo t\u00eam at\u00e9 o pr\u00f3ximo dia\u00a013 de setembro para&#8230;<\/p>\n","protected":false},"author":1,"featured_media":63655,"comment_status":"open","ping_status":"open","sticky":false,"template":"","format":"standard","meta":{"_uag_custom_page_level_css":"","advanced_seo_description":"","jetpack_seo_html_title":"","jetpack_seo_noindex":false,"jetpack_post_was_ever_published":false,"_jetpack_newsletter_access":"","_jetpack_dont_email_post_to_subs":false,"_jetpack_newsletter_tier_id":0,"_jetpack_memberships_contains_paywalled_content":false,"_jetpack_memberships_contains_paid_content":false,"footnotes":"","jetpack_publicize_message":"","jetpack_publicize_feature_enabled":true,"jetpack_social_post_already_shared":true,"jetpack_social_options":{"image_generator_settings":{"template":"highway","default_image_id":0,"font":"","enabled":false},"version":2}},"categories":[11],"tags":[],"class_list":["post-63654","post","type-post","status-publish","format-standard","has-post-thumbnail","hentry","category-noticias-de-ribeirao-preto-sp-e-regiao-ismael-colosi"],"jetpack_publicize_connections":[],"jetpack_featured_media_url":"https:\/\/i0.wp.com\/ismaelcolosi.com.br\/wp-content\/uploads\/2024\/09\/anonymous-people-studying-together_2024-09-03_14-39-04_jpg_2024-09-03_14-39-06-scaled.webp.webp?fit=2560%2C1709&ssl=1","uagb_featured_image_src":{"full":["https:\/\/i0.wp.com\/ismaelcolosi.com.br\/wp-content\/uploads\/2024\/09\/anonymous-people-studying-together_2024-09-03_14-39-04_jpg_2024-09-03_14-39-06-scaled.webp.webp?fit=2560%2C1709&ssl=1",2560,1709,false],"thumbnail":["https:\/\/i0.wp.com\/ismaelcolosi.com.br\/wp-content\/uploads\/2024\/09\/anonymous-people-studying-together_2024-09-03_14-39-04_jpg_2024-09-03_14-39-06-scaled.webp.webp?resize=150%2C150&ssl=1",150,150,true],"medium":["https:\/\/i0.wp.com\/ismaelcolosi.com.br\/wp-content\/uploads\/2024\/09\/anonymous-people-studying-together_2024-09-03_14-39-04_jpg_2024-09-03_14-39-06-scaled.webp.webp?fit=300%2C200&ssl=1",300,200,true],"medium_large":["https:\/\/i0.wp.com\/ismaelcolosi.com.br\/wp-content\/uploads\/2024\/09\/anonymous-people-studying-together_2024-09-03_14-39-04_jpg_2024-09-03_14-39-06-scaled.webp.webp?fit=768%2C513&ssl=1",768,513,true],"large":["https:\/\/i0.wp.com\/ismaelcolosi.com.br\/wp-content\/uploads\/2024\/09\/anonymous-people-studying-together_2024-09-03_14-39-04_jpg_2024-09-03_14-39-06-scaled.webp.webp?fit=1024%2C684&ssl=1",1024,684,true],"1536x1536":["https:\/\/i0.wp.com\/ismaelcolosi.com.br\/wp-content\/uploads\/2024\/09\/anonymous-people-studying-together_2024-09-03_14-39-04_jpg_2024-09-03_14-39-06-scaled.webp.webp?fit=1536%2C1025&ssl=1",1536,1025,true],"2048x2048":["https:\/\/i0.wp.com\/ismaelcolosi.com.br\/wp-content\/uploads\/2024\/09\/anonymous-people-studying-together_2024-09-03_14-39-04_jpg_2024-09-03_14-39-06-scaled.webp.webp?fit=2048%2C1367&ssl=1",2048,1367,true],"really-simple-thumb":["https:\/\/i0.wp.com\/ismaelcolosi.com.br\/wp-content\/uploads\/2024\/09\/anonymous-people-studying-together_2024-09-03_14-39-04_jpg_2024-09-03_14-39-06-scaled.webp.webp?resize=370%2C247&ssl=1",370,247,true]},"uagb_author_info":{"display_name":"ismaelcolosi.com.br","author_link":"https:\/\/ismaelcolosi.com.br\/index.php\/author\/vidareal-online\/"},"uagb_comment_info":0,"uagb_excerpt":"Estudantes que, neste ano, est\u00e3o na 1\u00aa s\u00e9rie do ensino m\u00e9dio da rede estadual de S\u00e3o Paulo t\u00eam at\u00e9 o pr\u00f3ximo dia\u00a013 de setembro para...","jetpack-related-posts":[{"id":37098,"url":"https:\/\/ismaelcolosi.com.br\/index.php\/2024\/02\/14\/alunos-da-rede-estadual-voltam-as-aulas-nesta-quinta-feira-em-ribeirao-preto\/","url_meta":{"origin":63654,"position":0},"title":"Alunos da rede estadual voltam \u00e0s aulas nesta quinta-feira em Ribeir\u00e3o Preto","author":"ismaelcolosi.com.br","date":"14 de February de 2024","format":false,"excerpt":"Os 45 mil alunos, das 75 escolas da rede estadual de ensino em Ribeir\u00e3o Preto devem voltar \u00e0s aulas nesta quinta-feira (15). Segundo a Secretaria da Educa\u00e7\u00e3o do Estado de S\u00e3o Paulo, entre as novidades para este ano letivo \u00e9 que os alunos dos anos finais do ensino fundamental e\u2026","rel":"","context":"In &quot;Not\u00edcias de Ribeir\u00e3o Preto-SP e Regi\u00e3o&quot;","block_context":{"text":"Not\u00edcias de Ribeir\u00e3o Preto-SP e Regi\u00e3o","link":"https:\/\/ismaelcolosi.com.br\/index.php\/category\/noticias-de-ribeirao-preto-sp-e-regiao-ismael-colosi\/"},"img":{"alt_text":"","src":"https:\/\/i0.wp.com\/ismaelcolosi.com.br\/wp-content\/uploads\/2024\/02\/10402423935_f08010593c_o-scaled.jpg?fit=1200%2C825&ssl=1&resize=350%2C200","width":350,"height":200,"srcset":"https:\/\/i0.wp.com\/ismaelcolosi.com.br\/wp-content\/uploads\/2024\/02\/10402423935_f08010593c_o-scaled.jpg?fit=1200%2C825&ssl=1&resize=350%2C200 1x, https:\/\/i0.wp.com\/ismaelcolosi.com.br\/wp-content\/uploads\/2024\/02\/10402423935_f08010593c_o-scaled.jpg?fit=1200%2C825&ssl=1&resize=525%2C300 1.5x, https:\/\/i0.wp.com\/ismaelcolosi.com.br\/wp-content\/uploads\/2024\/02\/10402423935_f08010593c_o-scaled.jpg?fit=1200%2C825&ssl=1&resize=700%2C400 2x, https:\/\/i0.wp.com\/ismaelcolosi.com.br\/wp-content\/uploads\/2024\/02\/10402423935_f08010593c_o-scaled.jpg?fit=1200%2C825&ssl=1&resize=1050%2C600 3x"},"classes":[]},{"id":45742,"url":"https:\/\/ismaelcolosi.com.br\/index.php\/2024\/04\/06\/dois-meses-apos-inicio-das-aulas-estudantes-da-rede-estadual-aguardam-material-escolar-em-ribeirao\/","url_meta":{"origin":63654,"position":1},"title":"Dois meses ap\u00f3s in\u00edcio das aulas, estudantes da rede estadual aguardam material escolar em Ribeir\u00e3o","author":"ismaelcolosi.com.br","date":"6 de April de 2024","format":false,"excerpt":"Ap\u00f3s dois meses do in\u00edcio das aulas na rede estadual, alunos de duas escolas de Ribeir\u00e3o Preto ainda n\u00e3o receberam kits de material escolar, que s\u00e3o enviados desde 2006 pelo Governo de S\u00e3o Paulo. A den\u00fancia partiu de pais dos estudantes ao acidade on. A Escola Estadual Doutor Jo\u00e3o Rodrigues\u2026","rel":"","context":"In &quot;Not\u00edcias de Ribeir\u00e3o Preto-SP e Regi\u00e3o&quot;","block_context":{"text":"Not\u00edcias de Ribeir\u00e3o Preto-SP e Regi\u00e3o","link":"https:\/\/ismaelcolosi.com.br\/index.php\/category\/noticias-de-ribeirao-preto-sp-e-regiao-ismael-colosi\/"},"img":{"alt_text":"","src":"https:\/\/i0.wp.com\/ismaelcolosi.com.br\/wp-content\/uploads\/2024\/04\/WhatsApp-Image-2020-01-09-at-16.22.54.jpeg?fit=1200%2C800&ssl=1&resize=350%2C200","width":350,"height":200,"srcset":"https:\/\/i0.wp.com\/ismaelcolosi.com.br\/wp-content\/uploads\/2024\/04\/WhatsApp-Image-2020-01-09-at-16.22.54.jpeg?fit=1200%2C800&ssl=1&resize=350%2C200 1x, https:\/\/i0.wp.com\/ismaelcolosi.com.br\/wp-content\/uploads\/2024\/04\/WhatsApp-Image-2020-01-09-at-16.22.54.jpeg?fit=1200%2C800&ssl=1&resize=525%2C300 1.5x, https:\/\/i0.wp.com\/ismaelcolosi.com.br\/wp-content\/uploads\/2024\/04\/WhatsApp-Image-2020-01-09-at-16.22.54.jpeg?fit=1200%2C800&ssl=1&resize=700%2C400 2x, https:\/\/i0.wp.com\/ismaelcolosi.com.br\/wp-content\/uploads\/2024\/04\/WhatsApp-Image-2020-01-09-at-16.22.54.jpeg?fit=1200%2C800&ssl=1&resize=1050%2C600 3x"},"classes":[]},{"id":45778,"url":"https:\/\/ismaelcolosi.com.br\/index.php\/2024\/04\/07\/dois-meses-apos-inicio-das-aulas-estudantes-da-rede-estadual-aguardam-material-escolar-em-ribeirao-2\/","url_meta":{"origin":63654,"position":2},"title":"Dois meses ap\u00f3s in\u00edcio das aulas, estudantes da rede estadual aguardam material escolar em Ribeir\u00e3o","author":"ismaelcolosi.com.br","date":"7 de April de 2024","format":false,"excerpt":"Ap\u00f3s dois meses do in\u00edcio das aulas na rede estadual, alunos de duas escolas de Ribeir\u00e3o Preto ainda n\u00e3o receberam kits de material escolar, que s\u00e3o enviados desde 2006 pelo Governo de S\u00e3o Paulo. A den\u00fancia partiu de pais dos estudantes ao acidade on. A Escola Estadual Doutor Jo\u00e3o Rodrigues\u2026","rel":"","context":"In &quot;Not\u00edcias de Ribeir\u00e3o Preto-SP e Regi\u00e3o&quot;","block_context":{"text":"Not\u00edcias de Ribeir\u00e3o Preto-SP e Regi\u00e3o","link":"https:\/\/ismaelcolosi.com.br\/index.php\/category\/noticias-de-ribeirao-preto-sp-e-regiao-ismael-colosi\/"},"img":{"alt_text":"","src":"https:\/\/i0.wp.com\/ismaelcolosi.com.br\/wp-content\/uploads\/2024\/04\/1712499285_WhatsApp-Image-2020-01-09-at-16.22.54.jpeg?fit=1200%2C800&ssl=1&resize=350%2C200","width":350,"height":200,"srcset":"https:\/\/i0.wp.com\/ismaelcolosi.com.br\/wp-content\/uploads\/2024\/04\/1712499285_WhatsApp-Image-2020-01-09-at-16.22.54.jpeg?fit=1200%2C800&ssl=1&resize=350%2C200 1x, https:\/\/i0.wp.com\/ismaelcolosi.com.br\/wp-content\/uploads\/2024\/04\/1712499285_WhatsApp-Image-2020-01-09-at-16.22.54.jpeg?fit=1200%2C800&ssl=1&resize=525%2C300 1.5x, https:\/\/i0.wp.com\/ismaelcolosi.com.br\/wp-content\/uploads\/2024\/04\/1712499285_WhatsApp-Image-2020-01-09-at-16.22.54.jpeg?fit=1200%2C800&ssl=1&resize=700%2C400 2x, https:\/\/i0.wp.com\/ismaelcolosi.com.br\/wp-content\/uploads\/2024\/04\/1712499285_WhatsApp-Image-2020-01-09-at-16.22.54.jpeg?fit=1200%2C800&ssl=1&resize=1050%2C600 3x"},"classes":[]},{"id":37164,"url":"https:\/\/ismaelcolosi.com.br\/index.php\/2024\/02\/14\/aulas-na-rede-estadual-de-ensino-comecam-nesta-quinta-15\/","url_meta":{"origin":63654,"position":3},"title":"Aulas na rede estadual de ensino come\u00e7am nesta quinta (15)","author":"ismaelcolosi.com.br","date":"14 de February de 2024","format":false,"excerpt":"14 de fevereiro de 2024 | 17:0014 de fevereiro de 2024 | 12:29 0O ano letivo para 3 milh\u00f5es de alunos da rede estadual de ensino come\u00e7a nesta quinta-feira (15) nas mais de 5.000 escolas da Secretaria da Educa\u00e7\u00e3o do Estado de S\u00e3o Paulo (Seduc-SP). Em Ribeir\u00e3o Preto, s\u00e3o 45\u2026","rel":"","context":"In &quot;Not\u00edcias de Ribeir\u00e3o Preto-SP e Regi\u00e3o&quot;","block_context":{"text":"Not\u00edcias de Ribeir\u00e3o Preto-SP e Regi\u00e3o","link":"https:\/\/ismaelcolosi.com.br\/index.php\/category\/noticias-de-ribeirao-preto-sp-e-regiao-ismael-colosi\/"},"img":{"alt_text":"","src":"https:\/\/i0.wp.com\/ismaelcolosi.com.br\/wp-content\/uploads\/2024\/02\/imagemescolaaula2-scaled.jpg?fit=700%2C458&ssl=1&resize=350%2C200","width":350,"height":200,"srcset":"https:\/\/i0.wp.com\/ismaelcolosi.com.br\/wp-content\/uploads\/2024\/02\/imagemescolaaula2-scaled.jpg?fit=700%2C458&ssl=1&resize=350%2C200 1x, https:\/\/i0.wp.com\/ismaelcolosi.com.br\/wp-content\/uploads\/2024\/02\/imagemescolaaula2-scaled.jpg?fit=700%2C458&ssl=1&resize=525%2C300 1.5x, https:\/\/i0.wp.com\/ismaelcolosi.com.br\/wp-content\/uploads\/2024\/02\/imagemescolaaula2-scaled.jpg?fit=700%2C458&ssl=1&resize=700%2C400 2x"},"classes":[]},{"id":71195,"url":"https:\/\/ismaelcolosi.com.br\/index.php\/2024\/10\/15\/dia-dos-professores-ribeirao-tem-mais-de-59-mil-educadores-na-rede-publica\/","url_meta":{"origin":63654,"position":4},"title":"Dia dos Professores: Ribeir\u00e3o tem mais de 5,9 mil educadores na rede p\u00fablica","author":"ismaelcolosi.com.br","date":"15 de October de 2024","format":false,"excerpt":"Ribeir\u00e3o Preto tem mais de 5,9 mil professores atuando nas redes municipais e estaduais de educa\u00e7\u00e3o no munic\u00edpio. Nesta ter\u00e7a-feira (15) \u00e9 celebrado o Dia dos Professores em todo o pa\u00eds. De acordo com a Prefeitura de Ribeir\u00e3o Preto, a rede municipal possui, atualmente, 3.156 professores \u2013 dado atualizado em\u2026","rel":"","context":"In &quot;Not\u00edcias de Ribeir\u00e3o Preto-SP e Regi\u00e3o&quot;","block_context":{"text":"Not\u00edcias de Ribeir\u00e3o Preto-SP e Regi\u00e3o","link":"https:\/\/ismaelcolosi.com.br\/index.php\/category\/noticias-de-ribeirao-preto-sp-e-regiao-ismael-colosi\/"},"img":{"alt_text":"","src":"https:\/\/i0.wp.com\/ismaelcolosi.com.br\/wp-content\/uploads\/2024\/10\/educacao_escola_1200x675_07052022112735.jpg?fit=1200%2C675&ssl=1&resize=350%2C200","width":350,"height":200,"srcset":"https:\/\/i0.wp.com\/ismaelcolosi.com.br\/wp-content\/uploads\/2024\/10\/educacao_escola_1200x675_07052022112735.jpg?fit=1200%2C675&ssl=1&resize=350%2C200 1x, https:\/\/i0.wp.com\/ismaelcolosi.com.br\/wp-content\/uploads\/2024\/10\/educacao_escola_1200x675_07052022112735.jpg?fit=1200%2C675&ssl=1&resize=525%2C300 1.5x, https:\/\/i0.wp.com\/ismaelcolosi.com.br\/wp-content\/uploads\/2024\/10\/educacao_escola_1200x675_07052022112735.jpg?fit=1200%2C675&ssl=1&resize=700%2C400 2x, https:\/\/i0.wp.com\/ismaelcolosi.com.br\/wp-content\/uploads\/2024\/10\/educacao_escola_1200x675_07052022112735.jpg?fit=1200%2C675&ssl=1&resize=1050%2C600 3x"},"classes":[]},{"id":6077,"url":"https:\/\/ismaelcolosi.com.br\/index.php\/2023\/11\/24\/estado-abrira-ano-letivo-no-dia-15-de-fevereiro\/","url_meta":{"origin":63654,"position":5},"title":"Estado abrir\u00e1 ano letivo no dia 15 de fevereiro\u00a0","author":"ismaelcolosi.com.br","date":"24 de November de 2023","format":false,"excerpt":"24 de novembro de 2023 | 18:0024 de novembro de 2023 | 10:20 0A Secretaria da Educa\u00e7\u00e3o do Estado de S\u00e3o Paulo (Seduc\u2013SP) j\u00e1 definiu o calend\u00e1rio letivo de 2024. No pr\u00f3ximo ano, as aulas na rede estadual ter\u00e3o in\u00edcio no dia 15 de fevereiro. O t\u00e9rmino est\u00e1 previsto para\u2026","rel":"","context":"In &quot;Not\u00edcias de Ribeir\u00e3o Preto-SP e Regi\u00e3o&quot;","block_context":{"text":"Not\u00edcias de Ribeir\u00e3o Preto-SP e Regi\u00e3o","link":"https:\/\/ismaelcolosi.com.br\/index.php\/category\/noticias-de-ribeirao-preto-sp-e-regiao-ismael-colosi\/"},"img":{"alt_text":"","src":"https:\/\/i0.wp.com\/ismaelcolosi.com.br\/wp-content\/uploads\/2023\/11\/escola.jpg?fit=700%2C450&ssl=1&resize=350%2C200","width":350,"height":200,"srcset":"https:\/\/i0.wp.com\/ismaelcolosi.com.br\/wp-content\/uploads\/2023\/11\/escola.jpg?fit=700%2C450&ssl=1&resize=350%2C200 1x, https:\/\/i0.wp.com\/ismaelcolosi.com.br\/wp-content\/uploads\/2023\/11\/escola.jpg?fit=700%2C450&ssl=1&resize=525%2C300 1.5x, https:\/\/i0.wp.com\/ismaelcolosi.com.br\/wp-content\/uploads\/2023\/11\/escola.jpg?fit=700%2C450&ssl=1&resize=700%2C400 2x"},"classes":[]}],"jetpack_sharing_enabled":true,"jetpack_shortlink":"https:\/\/wp.me\/pfMlyK-gyG","_links":{"self":[{"href":"https:\/\/ismaelcolosi.com.br\/index.php\/wp-json\/wp\/v2\/posts\/63654","targetHints":{"allow":["GET"]}}],"collection":[{"href":"https:\/\/ismaelcolosi.com.br\/index.php\/wp-json\/wp\/v2\/posts"}],"about":[{"href":"https:\/\/ismaelcolosi.com.br\/index.php\/wp-json\/wp\/v2\/types\/post"}],"author":[{"embeddable":true,"href":"https:\/\/ismaelcolosi.com.br\/index.php\/wp-json\/wp\/v2\/users\/1"}],"replies":[{"embeddable":true,"href":"https:\/\/ismaelcolosi.com.br\/index.php\/wp-json\/wp\/v2\/comments?post=63654"}],"version-history":[{"count":0,"href":"https:\/\/ismaelcolosi.com.br\/index.php\/wp-json\/wp\/v2\/posts\/63654\/revisions"}],"wp:featuredmedia":[{"embeddable":true,"href":"https:\/\/ismaelcolosi.com.br\/index.php\/wp-json\/wp\/v2\/media\/63655"}],"wp:attachment":[{"href":"https:\/\/ismaelcolosi.com.br\/index.php\/wp-json\/wp\/v2\/media?parent=63654"}],"wp:term":[{"taxonomy":"category","embeddable":true,"href":"https:\/\/ismaelcolosi.com.br\/index.php\/wp-json\/wp\/v2\/categories?post=63654"},{"taxonomy":"post_tag","embeddable":true,"href":"https:\/\/ismaelcolosi.com.br\/index.php\/wp-json\/wp\/v2\/tags?post=63654"}],"curies":[{"name":"wp","href":"https:\/\/api.w.org\/{rel}","templated":true}]}}