{"id":63649,"date":"2024-09-03T11:58:32","date_gmt":"2024-09-03T14:58:32","guid":{"rendered":"https:\/\/ismaelcolosi.com.br\/index.php\/2024\/09\/03\/homem-e-esfaqueado-na-barriga-ao-acordar-em-ribeirao-preto\/"},"modified":"2024-09-03T11:58:32","modified_gmt":"2024-09-03T14:58:32","slug":"homem-e-esfaqueado-na-barriga-ao-acordar-em-ribeirao-preto","status":"publish","type":"post","link":"https:\/\/ismaelcolosi.com.br\/index.php\/2024\/09\/03\/homem-e-esfaqueado-na-barriga-ao-acordar-em-ribeirao-preto\/","title":{"rendered":"Homem \u00e9 esfaqueado na barriga ao acordar em Ribeir\u00e3o Preto"},"content":{"rendered":"<p> <br \/>\n<\/p>\n<div data-td-block-uid=\"tdi_106\">\n<div class=\"tdb-block-inner td-fix-index\">\n<p><strong>Um homem de 25 anos foi enfaqueado no abd\u00f4men\u00a0ao acordar na madrugada desta ter\u00e7a-feira (3), em Ribeir\u00e3o Preto.<\/strong><\/p>\n<p>Segundo o boletim de ocorr\u00eancia (BO), a v\u00edtima disse \u00e0 PM (Pol\u00edcia Militar) que dormia em uma rede nas proximidades de um posto de combust\u00edveis \u00e0s margens da rodovia Anhanguera (SP-330), quando despertou e percebeu que o agressor o filmava e que, em seguida, deferiu o golpe de faca que a atingiu. <\/p>\n<p>A v\u00edtima foi socorrida pelo Samu e encaminhada para a Santa Casa com quadro aparentemente est\u00e1vel.<\/p>\n<p>Ainda conforme o registro, o agressor, que seria um desconhecido da v\u00edtma, fugiu.<\/p>\n<p>A v\u00edtima contou \u00e0 pol\u00edcia que \u00e9 do estado da Para\u00edba e veio trabralhar em Ribeir\u00e3o. O homem ainda afirmou n\u00e3o ter desaven\u00e7as com ningu\u00e9m. <\/p>\n<p>O caso foi registrado na <strong>CPJ (Central de Pol\u00edcia Judici\u00e1ria) Permanente<\/strong> como tentativa de homic\u00eddo para investiga\u00e7\u00e3o da Pol\u00edcia Civil. Nenhum suspeito foi preso.<\/p>\n<p>SAIBA MAIS<\/p>\n<p>Vereador atropelado segue internado ap\u00f3s passar por cirurgias em Ribeir\u00e3o<\/p>\n<h4 class=\"wp-block-heading\"><strong>FIQUE ON<\/strong><\/h4>\n<p>Fique ligado em tudo que acontece em Ribeir\u00e3o Preto e regi\u00e3o. Siga os perfis do<strong>\u00a0acidade on<\/strong>\u00a0no\u00a0<a href=\"https:\/\/www.instagram.com\/acidadeonribeirao\" target=\"_blank\" rel=\"noreferrer noopener\">Instagram\u00a0<\/a>e no<a href=\"https:\/\/www.facebook.com\/acidadeonribeirao\/\" target=\"_blank\" rel=\"noreferrer noopener\">\u00a0Facebook<\/a>.<\/p>\n<p>Receba not\u00edcias do\u00a0<strong>acidade on<\/strong>\u00a0no WhatsApp.\u00a0<a href=\"https:\/\/chat.whatsapp.com\/Dtv9mxhy6V5BJBotM2OQ5k\" target=\"_blank\" rel=\"noreferrer noopener\">Para entrar no grupo, basta clicar aqui.<\/a><\/p>\n<p>Fa\u00e7a uma den\u00fancia ou sugira uma reportagem sobre Ribeir\u00e3o Preto e regi\u00e3o pelo WhatsApp: 16 99117 7802.<\/p>\n<p>VEJA TAMB\u00c9M<\/p>\n<p>Qual \u00e9 o hor\u00e1rio da bandeira vermelha na conta de luz?<\/p>\n<p><!-- CONTENT END 1 -->\n<\/div>\n<\/div>\n<p><script async src=\"\/\/www.instagram.com\/embed.js\"><\/script><br \/>\n<br \/><br \/>\n<br \/><a href=\"https:\/\/www.acidadeon.com\/ribeiraopreto\/cotidiano\/homem-e-esfaqueado-na-barriga-ao-acordar-em-ribeirao-preto\/\">Source link <\/a><\/p>\n","protected":false},"excerpt":{"rendered":"<p>Um homem de 25 anos foi enfaqueado no abd\u00f4men\u00a0ao acordar na madrugada desta ter\u00e7a-feira (3), em Ribeir\u00e3o Preto. Segundo o boletim de ocorr\u00eancia (BO), a&#8230;<\/p>\n","protected":false},"author":1,"featured_media":63650,"comment_status":"open","ping_status":"open","sticky":false,"template":"","format":"standard","meta":{"_uag_custom_page_level_css":"","advanced_seo_description":"","jetpack_seo_html_title":"","jetpack_seo_noindex":false,"jetpack_post_was_ever_published":false,"_jetpack_newsletter_access":"","_jetpack_dont_email_post_to_subs":false,"_jetpack_newsletter_tier_id":0,"_jetpack_memberships_contains_paywalled_content":false,"_jetpack_memberships_contains_paid_content":false,"footnotes":"","jetpack_publicize_message":"","jetpack_publicize_feature_enabled":true,"jetpack_social_post_already_shared":true,"jetpack_social_options":{"image_generator_settings":{"template":"highway","default_image_id":0,"font":"","enabled":false},"version":2}},"categories":[11],"tags":[],"class_list":["post-63649","post","type-post","status-publish","format-standard","has-post-thumbnail","hentry","category-noticias-de-ribeirao-preto-sp-e-regiao-ismael-colosi"],"jetpack_publicize_connections":[],"jetpack_featured_media_url":"https:\/\/i0.wp.com\/ismaelcolosi.com.br\/wp-content\/uploads\/2024\/09\/20220620_114539075_policia_qru_1024x576_25052021184749_jpg_715985292.jpg?fit=1425%2C720&ssl=1","uagb_featured_image_src":{"full":["https:\/\/i0.wp.com\/ismaelcolosi.com.br\/wp-content\/uploads\/2024\/09\/20220620_114539075_policia_qru_1024x576_25052021184749_jpg_715985292.jpg?fit=1425%2C720&ssl=1",1425,720,false],"thumbnail":["https:\/\/i0.wp.com\/ismaelcolosi.com.br\/wp-content\/uploads\/2024\/09\/20220620_114539075_policia_qru_1024x576_25052021184749_jpg_715985292.jpg?resize=150%2C150&ssl=1",150,150,true],"medium":["https:\/\/i0.wp.com\/ismaelcolosi.com.br\/wp-content\/uploads\/2024\/09\/20220620_114539075_policia_qru_1024x576_25052021184749_jpg_715985292.jpg?fit=300%2C152&ssl=1",300,152,true],"medium_large":["https:\/\/i0.wp.com\/ismaelcolosi.com.br\/wp-content\/uploads\/2024\/09\/20220620_114539075_policia_qru_1024x576_25052021184749_jpg_715985292.jpg?fit=768%2C388&ssl=1",768,388,true],"large":["https:\/\/i0.wp.com\/ismaelcolosi.com.br\/wp-content\/uploads\/2024\/09\/20220620_114539075_policia_qru_1024x576_25052021184749_jpg_715985292.jpg?fit=1024%2C517&ssl=1",1024,517,true],"1536x1536":["https:\/\/i0.wp.com\/ismaelcolosi.com.br\/wp-content\/uploads\/2024\/09\/20220620_114539075_policia_qru_1024x576_25052021184749_jpg_715985292.jpg?fit=1425%2C720&ssl=1",1425,720,true],"2048x2048":["https:\/\/i0.wp.com\/ismaelcolosi.com.br\/wp-content\/uploads\/2024\/09\/20220620_114539075_policia_qru_1024x576_25052021184749_jpg_715985292.jpg?fit=1425%2C720&ssl=1",1425,720,true],"really-simple-thumb":["https:\/\/i0.wp.com\/ismaelcolosi.com.br\/wp-content\/uploads\/2024\/09\/20220620_114539075_policia_qru_1024x576_25052021184749_jpg_715985292.jpg?resize=370%2C247&ssl=1",370,247,true]},"uagb_author_info":{"display_name":"ismaelcolosi.com.br","author_link":"https:\/\/ismaelcolosi.com.br\/index.php\/author\/vidareal-online\/"},"uagb_comment_info":0,"uagb_excerpt":"Um homem de 25 anos foi enfaqueado no abd\u00f4men\u00a0ao acordar na madrugada desta ter\u00e7a-feira (3), em Ribeir\u00e3o Preto. Segundo o boletim de ocorr\u00eancia (BO), a...","jetpack-related-posts":[{"id":55102,"url":"https:\/\/ismaelcolosi.com.br\/index.php\/2024\/06\/30\/homem-e-morto-apos-ser-esfaqueado-na-frente-do-filho-em-ribeirao-preto\/","url_meta":{"origin":63649,"position":0},"title":"Homem \u00e9 morto ap\u00f3s ser esfaqueado na frente do filho em Ribeir\u00e3o Preto","author":"ismaelcolosi.com.br","date":"30 de June de 2024","format":false,"excerpt":"Um homem de 47 anos foi morto na noite deste s\u00e1bado (29), ap\u00f3s ser esfaqueado no Jardim Jandaia, zona Norte de Ribeir\u00e3o Preto. Segundo o boletim de ocorr\u00eancia (BO), a v\u00edtima, identificada como David Paulo Gon\u00e7alves, foi atingida por dois golpes de faca na regi\u00e3o frontal do corpo, enquanto chegava\u2026","rel":"","context":"In &quot;Not\u00edcias de Ribeir\u00e3o Preto-SP e Regi\u00e3o&quot;","block_context":{"text":"Not\u00edcias de Ribeir\u00e3o Preto-SP e Regi\u00e3o","link":"https:\/\/ismaelcolosi.com.br\/index.php\/category\/noticias-de-ribeirao-preto-sp-e-regiao-ismael-colosi\/"},"img":{"alt_text":"","src":"https:\/\/i0.wp.com\/ismaelcolosi.com.br\/wp-content\/uploads\/2024\/06\/1719773067_policia_qru_1024x576_05012021161940.jpg?fit=1024%2C576&ssl=1&resize=350%2C200","width":350,"height":200,"srcset":"https:\/\/i0.wp.com\/ismaelcolosi.com.br\/wp-content\/uploads\/2024\/06\/1719773067_policia_qru_1024x576_05012021161940.jpg?fit=1024%2C576&ssl=1&resize=350%2C200 1x, https:\/\/i0.wp.com\/ismaelcolosi.com.br\/wp-content\/uploads\/2024\/06\/1719773067_policia_qru_1024x576_05012021161940.jpg?fit=1024%2C576&ssl=1&resize=525%2C300 1.5x, https:\/\/i0.wp.com\/ismaelcolosi.com.br\/wp-content\/uploads\/2024\/06\/1719773067_policia_qru_1024x576_05012021161940.jpg?fit=1024%2C576&ssl=1&resize=700%2C400 2x"},"classes":[]},{"id":55869,"url":"https:\/\/ismaelcolosi.com.br\/index.php\/2024\/07\/06\/policia-prende-homem-acusado-de-atropelar-e-agredir-companheira-na-regiao-de-ribeirao\/","url_meta":{"origin":63649,"position":1},"title":"Pol\u00edcia prende homem acusado de atropelar e agredir companheira na regi\u00e3o de Ribeir\u00e3o","author":"ismaelcolosi.com.br","date":"6 de July de 2024","format":false,"excerpt":"A Pol\u00edcia Militar prendeu neste s\u00e1bado (6), o homem acusado de agredir e atropelar a companheira em Barretos, cidade na regi\u00e3o de Ribeir\u00e3o Preto. O caso aconteceu no dia 29 de junho, em frente a um estabelecimento comercial do munic\u00edpio. C\u00e2meras de seguran\u00e7a flagraram toda a a\u00e7\u00e3o \u2013 veja abaixo\u2026","rel":"","context":"In &quot;Not\u00edcias de Ribeir\u00e3o Preto-SP e Regi\u00e3o&quot;","block_context":{"text":"Not\u00edcias de Ribeir\u00e3o Preto-SP e Regi\u00e3o","link":"https:\/\/ismaelcolosi.com.br\/index.php\/category\/noticias-de-ribeirao-preto-sp-e-regiao-ismael-colosi\/"},"img":{"alt_text":"","src":"https:\/\/i0.wp.com\/ismaelcolosi.com.br\/wp-content\/uploads\/2024\/07\/Copia-de-Copia-de-TAMANHO-EXATO-PARA-FOTOS-NO-SISTEMA-NOVO-2024-07-05T203805.837_2024-07-05_23-38-17_png_2024-07-05_23-38-18.webp.webp?fit=1200%2C675&ssl=1&resize=350%2C200","width":350,"height":200,"srcset":"https:\/\/i0.wp.com\/ismaelcolosi.com.br\/wp-content\/uploads\/2024\/07\/Copia-de-Copia-de-TAMANHO-EXATO-PARA-FOTOS-NO-SISTEMA-NOVO-2024-07-05T203805.837_2024-07-05_23-38-17_png_2024-07-05_23-38-18.webp.webp?fit=1200%2C675&ssl=1&resize=350%2C200 1x, https:\/\/i0.wp.com\/ismaelcolosi.com.br\/wp-content\/uploads\/2024\/07\/Copia-de-Copia-de-TAMANHO-EXATO-PARA-FOTOS-NO-SISTEMA-NOVO-2024-07-05T203805.837_2024-07-05_23-38-17_png_2024-07-05_23-38-18.webp.webp?fit=1200%2C675&ssl=1&resize=525%2C300 1.5x, https:\/\/i0.wp.com\/ismaelcolosi.com.br\/wp-content\/uploads\/2024\/07\/Copia-de-Copia-de-TAMANHO-EXATO-PARA-FOTOS-NO-SISTEMA-NOVO-2024-07-05T203805.837_2024-07-05_23-38-17_png_2024-07-05_23-38-18.webp.webp?fit=1200%2C675&ssl=1&resize=700%2C400 2x, https:\/\/i0.wp.com\/ismaelcolosi.com.br\/wp-content\/uploads\/2024\/07\/Copia-de-Copia-de-TAMANHO-EXATO-PARA-FOTOS-NO-SISTEMA-NOVO-2024-07-05T203805.837_2024-07-05_23-38-17_png_2024-07-05_23-38-18.webp.webp?fit=1200%2C675&ssl=1&resize=1050%2C600 3x"},"classes":[]},{"id":31640,"url":"https:\/\/ismaelcolosi.com.br\/index.php\/2024\/01\/22\/video-homem-e-morto-a-golpes-de-facao-em-rp\/","url_meta":{"origin":63649,"position":2},"title":"V\u00cdDEO &#8211; Homem \u00e9 morto a golpes de fac\u00e3o em RP","author":"ismaelcolosi.com.br","date":"22 de January de 2024","format":false,"excerpt":"V\u00edtima passeava com c\u00e3ozinho quando homem se aproximou armado de pod\u00e3o e iniciou a briga; outro homem teria ajudado no crime 22 de janeiro de 2024 | 16:4822 de janeiro de 2024 | 16:49 2Por: Adalberto LuqueRobson Aparecido Neto Fiori, de 43 anos, foi assassinado na tarde do s\u00e1bado, enquanto\u2026","rel":"","context":"In &quot;Not\u00edcias de Ribeir\u00e3o Preto-SP e Regi\u00e3o&quot;","block_context":{"text":"Not\u00edcias de Ribeir\u00e3o Preto-SP e Regi\u00e3o","link":"https:\/\/ismaelcolosi.com.br\/index.php\/category\/noticias-de-ribeirao-preto-sp-e-regiao-ismael-colosi\/"},"img":{"alt_text":"","src":"https:\/\/i0.wp.com\/ismaelcolosi.com.br\/wp-content\/uploads\/2024\/01\/z-miniatura-scaled.jpg?fit=1000%2C520&ssl=1&resize=350%2C200","width":350,"height":200,"srcset":"https:\/\/i0.wp.com\/ismaelcolosi.com.br\/wp-content\/uploads\/2024\/01\/z-miniatura-scaled.jpg?fit=1000%2C520&ssl=1&resize=350%2C200 1x, https:\/\/i0.wp.com\/ismaelcolosi.com.br\/wp-content\/uploads\/2024\/01\/z-miniatura-scaled.jpg?fit=1000%2C520&ssl=1&resize=525%2C300 1.5x, https:\/\/i0.wp.com\/ismaelcolosi.com.br\/wp-content\/uploads\/2024\/01\/z-miniatura-scaled.jpg?fit=1000%2C520&ssl=1&resize=700%2C400 2x"},"classes":[]},{"id":55836,"url":"https:\/\/ismaelcolosi.com.br\/index.php\/2024\/07\/05\/mulher-e-atropelada-e-agredida-pelo-companheiro-na-regiao-de-ribeirao-preto\/","url_meta":{"origin":63649,"position":3},"title":"Mulher \u00e9 atropelada e agredida pelo companheiro na regi\u00e3o de Ribeir\u00e3o Preto","author":"ismaelcolosi.com.br","date":"5 de July de 2024","format":false,"excerpt":"Uma mulher de 27 anos foi atropelada e agredida pelo companheiro em frente a um estabelecimento comercial de Barretos, cidade na regi\u00e3o de Ribeir\u00e3o Preto. A a\u00e7\u00e3o foi registrada por c\u00e2meras de seguran\u00e7a \u2013 veja abaixo (conte\u00fado sens\u00edvel). Nas imagens \u00e9 poss\u00edvel ver a v\u00edtima e o agressor discutindo em\u2026","rel":"","context":"In &quot;Not\u00edcias de Ribeir\u00e3o Preto-SP e Regi\u00e3o&quot;","block_context":{"text":"Not\u00edcias de Ribeir\u00e3o Preto-SP e Regi\u00e3o","link":"https:\/\/ismaelcolosi.com.br\/index.php\/category\/noticias-de-ribeirao-preto-sp-e-regiao-ismael-colosi\/"},"img":{"alt_text":"","src":"https:\/\/i0.wp.com\/ismaelcolosi.com.br\/wp-content\/uploads\/2024\/07\/Copia-de-Copia-de-TAMANHO-EXATO-PARA-FOTOS-NO-SISTEMA-NOVO-2024-07-05T203805.837_2024-07-05_23-38-17_png_2024-07-05_23-38-18.webp.webp?fit=1200%2C675&ssl=1&resize=350%2C200","width":350,"height":200,"srcset":"https:\/\/i0.wp.com\/ismaelcolosi.com.br\/wp-content\/uploads\/2024\/07\/Copia-de-Copia-de-TAMANHO-EXATO-PARA-FOTOS-NO-SISTEMA-NOVO-2024-07-05T203805.837_2024-07-05_23-38-17_png_2024-07-05_23-38-18.webp.webp?fit=1200%2C675&ssl=1&resize=350%2C200 1x, https:\/\/i0.wp.com\/ismaelcolosi.com.br\/wp-content\/uploads\/2024\/07\/Copia-de-Copia-de-TAMANHO-EXATO-PARA-FOTOS-NO-SISTEMA-NOVO-2024-07-05T203805.837_2024-07-05_23-38-17_png_2024-07-05_23-38-18.webp.webp?fit=1200%2C675&ssl=1&resize=525%2C300 1.5x, https:\/\/i0.wp.com\/ismaelcolosi.com.br\/wp-content\/uploads\/2024\/07\/Copia-de-Copia-de-TAMANHO-EXATO-PARA-FOTOS-NO-SISTEMA-NOVO-2024-07-05T203805.837_2024-07-05_23-38-17_png_2024-07-05_23-38-18.webp.webp?fit=1200%2C675&ssl=1&resize=700%2C400 2x, https:\/\/i0.wp.com\/ismaelcolosi.com.br\/wp-content\/uploads\/2024\/07\/Copia-de-Copia-de-TAMANHO-EXATO-PARA-FOTOS-NO-SISTEMA-NOVO-2024-07-05T203805.837_2024-07-05_23-38-17_png_2024-07-05_23-38-18.webp.webp?fit=1200%2C675&ssl=1&resize=1050%2C600 3x"},"classes":[]},{"id":841,"url":"https:\/\/ismaelcolosi.com.br\/index.php\/2023\/11\/09\/homem-e-executado-a-tiros-na-rua-tabatinga-em-ribeirao-preto-x-tudo-ribeirao\/","url_meta":{"origin":63649,"position":4},"title":"Homem \u00e9 executado a tiros na rua Tabatinga, em Ribeir\u00e3o Preto \u2013 X Tudo Ribeir\u00e3o","author":"ismaelcolosi.com.br","date":"9 de November de 2023","format":false,"excerpt":"Um homem ainda sem identifica\u00e7\u00e3o foi executado a tiros na noite desta ter\u00e7a-feira (31\/10), na rua Tabatinga, no bairro Ipiranga na zona Norte de Ribeir\u00e3o Preto.\u00a0 Segundo informa\u00e7\u00f5es iniciais da Pol\u00edcia Militar, a v\u00edtima estava defronte ao numeral 2850 da rua Tabatinga, quando foi surpreendida pelo atirador. De acordo com\u2026","rel":"","context":"In &quot;Not\u00edcias de Ribeir\u00e3o Preto-SP e Regi\u00e3o&quot;","block_context":{"text":"Not\u00edcias de Ribeir\u00e3o Preto-SP e Regi\u00e3o","link":"https:\/\/ismaelcolosi.com.br\/index.php\/category\/noticias-de-ribeirao-preto-sp-e-regiao-ismael-colosi\/"},"img":{"alt_text":"","src":"https:\/\/i0.wp.com\/ismaelcolosi.com.br\/wp-content\/uploads\/2023\/11\/WhatsApp-Image-2023-10-31-at-21.29.19.jpeg?fit=1200%2C696&ssl=1&resize=350%2C200","width":350,"height":200,"srcset":"https:\/\/i0.wp.com\/ismaelcolosi.com.br\/wp-content\/uploads\/2023\/11\/WhatsApp-Image-2023-10-31-at-21.29.19.jpeg?fit=1200%2C696&ssl=1&resize=350%2C200 1x, https:\/\/i0.wp.com\/ismaelcolosi.com.br\/wp-content\/uploads\/2023\/11\/WhatsApp-Image-2023-10-31-at-21.29.19.jpeg?fit=1200%2C696&ssl=1&resize=525%2C300 1.5x, https:\/\/i0.wp.com\/ismaelcolosi.com.br\/wp-content\/uploads\/2023\/11\/WhatsApp-Image-2023-10-31-at-21.29.19.jpeg?fit=1200%2C696&ssl=1&resize=700%2C400 2x, https:\/\/i0.wp.com\/ismaelcolosi.com.br\/wp-content\/uploads\/2023\/11\/WhatsApp-Image-2023-10-31-at-21.29.19.jpeg?fit=1200%2C696&ssl=1&resize=1050%2C600 3x"},"classes":[]},{"id":27939,"url":"https:\/\/ismaelcolosi.com.br\/index.php\/2024\/01\/13\/utm_sourcerssutm_mediumrssutm_campaignhomem-e-preso-suspeito-de-matar-sua-companheira-uma-transexual-na-vila-virginia\/","url_meta":{"origin":63649,"position":5},"title":"Homem \u00e9 preso suspeito de matar sua companheira uma transexual na Vila Virg\u00ednia \u2013 X Tudo Ribeir\u00e3o","author":"ismaelcolosi.com.br","date":"13 de January de 2024","format":false,"excerpt":"Um homem foi preso suspeito de matar sua companheira uma transexual na Vila Virg\u00ednia, na zona Oeste de Ribeir\u00e3o Preto. Segundo informa\u00e7\u00f5es da PM, profissionais do SAMU (Servi\u00e7o de Atendimento M\u00e9dico de Urg\u00eancia) acionaram os Policiais versando que estavam atendendo um homic\u00eddio pela rua L\u00facio de Mendon\u00e7a. Rapidamente os PMs\u2026","rel":"","context":"In &quot;Not\u00edcias de Ribeir\u00e3o Preto-SP e Regi\u00e3o&quot;","block_context":{"text":"Not\u00edcias de Ribeir\u00e3o Preto-SP e Regi\u00e3o","link":"https:\/\/ismaelcolosi.com.br\/index.php\/category\/noticias-de-ribeirao-preto-sp-e-regiao-ismael-colosi\/"},"img":{"alt_text":"","src":"https:\/\/i0.wp.com\/ismaelcolosi.com.br\/wp-content\/uploads\/2024\/01\/06174121-05a8-428c-a34c-9d715f405fdc.jpeg?fit=1200%2C540&ssl=1&resize=350%2C200","width":350,"height":200,"srcset":"https:\/\/i0.wp.com\/ismaelcolosi.com.br\/wp-content\/uploads\/2024\/01\/06174121-05a8-428c-a34c-9d715f405fdc.jpeg?fit=1200%2C540&ssl=1&resize=350%2C200 1x, https:\/\/i0.wp.com\/ismaelcolosi.com.br\/wp-content\/uploads\/2024\/01\/06174121-05a8-428c-a34c-9d715f405fdc.jpeg?fit=1200%2C540&ssl=1&resize=525%2C300 1.5x, https:\/\/i0.wp.com\/ismaelcolosi.com.br\/wp-content\/uploads\/2024\/01\/06174121-05a8-428c-a34c-9d715f405fdc.jpeg?fit=1200%2C540&ssl=1&resize=700%2C400 2x, https:\/\/i0.wp.com\/ismaelcolosi.com.br\/wp-content\/uploads\/2024\/01\/06174121-05a8-428c-a34c-9d715f405fdc.jpeg?fit=1200%2C540&ssl=1&resize=1050%2C600 3x"},"classes":[]}],"jetpack_sharing_enabled":true,"jetpack_shortlink":"https:\/\/wp.me\/pfMlyK-gyB","_links":{"self":[{"href":"https:\/\/ismaelcolosi.com.br\/index.php\/wp-json\/wp\/v2\/posts\/63649","targetHints":{"allow":["GET"]}}],"collection":[{"href":"https:\/\/ismaelcolosi.com.br\/index.php\/wp-json\/wp\/v2\/posts"}],"about":[{"href":"https:\/\/ismaelcolosi.com.br\/index.php\/wp-json\/wp\/v2\/types\/post"}],"author":[{"embeddable":true,"href":"https:\/\/ismaelcolosi.com.br\/index.php\/wp-json\/wp\/v2\/users\/1"}],"replies":[{"embeddable":true,"href":"https:\/\/ismaelcolosi.com.br\/index.php\/wp-json\/wp\/v2\/comments?post=63649"}],"version-history":[{"count":0,"href":"https:\/\/ismaelcolosi.com.br\/index.php\/wp-json\/wp\/v2\/posts\/63649\/revisions"}],"wp:featuredmedia":[{"embeddable":true,"href":"https:\/\/ismaelcolosi.com.br\/index.php\/wp-json\/wp\/v2\/media\/63650"}],"wp:attachment":[{"href":"https:\/\/ismaelcolosi.com.br\/index.php\/wp-json\/wp\/v2\/media?parent=63649"}],"wp:term":[{"taxonomy":"category","embeddable":true,"href":"https:\/\/ismaelcolosi.com.br\/index.php\/wp-json\/wp\/v2\/categories?post=63649"},{"taxonomy":"post_tag","embeddable":true,"href":"https:\/\/ismaelcolosi.com.br\/index.php\/wp-json\/wp\/v2\/tags?post=63649"}],"curies":[{"name":"wp","href":"https:\/\/api.w.org\/{rel}","templated":true}]}}