{"id":63644,"date":"2024-09-03T11:41:40","date_gmt":"2024-09-03T14:41:40","guid":{"rendered":"https:\/\/ismaelcolosi.com.br\/index.php\/2024\/09\/03\/ambev-prorroga-inscricoes-para-estagio-e-trainee-com-salario-de-ate-r-85-mil-veja-como-participar\/"},"modified":"2024-09-03T11:41:40","modified_gmt":"2024-09-03T14:41:40","slug":"ambev-prorroga-inscricoes-para-estagio-e-trainee-com-salario-de-ate-r-85-mil-veja-como-participar","status":"publish","type":"post","link":"https:\/\/ismaelcolosi.com.br\/index.php\/2024\/09\/03\/ambev-prorroga-inscricoes-para-estagio-e-trainee-com-salario-de-ate-r-85-mil-veja-como-participar\/","title":{"rendered":"Ambev prorroga inscri\u00e7\u00f5es para est\u00e1gio e trainee com sal\u00e1rio de at\u00e9 R$ 8,5 mil; veja como participar"},"content":{"rendered":"<p> <br \/>\n<\/p>\n<div id=\"\">\n<div class=\"content-infos\">\n<div class=\"texts\">\n<p class=\"author tooltip-comp\"> Da reda\u00e7\u00e3o<span class=\"icon-i\">i<\/span><span class=\"tooltiptext\"> <span class=\"author\"><span>Da reda\u00e7\u00e3o<\/span> <\/span><span class=\"desc\"\/> <\/span><\/p>\n<p>03\/09\/2024 &#8211; 11:25<\/p>\n<\/div>\n<div id=\"share-modal\" class=\"share-modal\"> <button class=\"box-close btn-share\"> <img decoding=\"async\" src=\"https:\/\/istoedinheiro.com.br\/wp-content\/themes\/dinheiro-wp-theme\/assets\/img\/svg\/closeIcon.svg?x46096\" alt=\"Close icon\" class=\"close-btn lazy\"\/> <\/button><\/div>\n<\/p><\/div>\n<p>A <strong>Ambev<\/strong> prorrogou as inscri\u00e7\u00f5es de seu <strong>programa de est\u00e1gio e trainee<\/strong> at\u00e9 quinta-feira, 5.<\/p>\n<p><strong>Trainee<\/strong><\/p>\n<p>Para as oportunidades de <strong>trainee<\/strong>, o candidato pode escolher a \u00e1rea de maior interesse: Business ou Supply Chain.<\/p>\n<p>O processo est\u00e1 aberto para candidatos de todos os cursos, com o pr\u00e9-requisito de conclus\u00e3o da gradua\u00e7\u00e3o entre dezembro de 2022 e dezembro de 2024, e disponibilidade para morar em outros estados. Os sal\u00e1rios v\u00e3o at\u00e9 R$ 8,5 mil mensais.<\/p>\n<p><strong>+ Santander abre 50 vagas para trainee com sal\u00e1rio de R$ 8,7 mil<\/strong><\/p>\n<p><strong>Est\u00e1gio<\/strong><\/p>\n<p>J\u00e1 para o <strong>programa de est\u00e1gio<\/strong>, o candidato deve ter previs\u00e3o de conclus\u00e3o da gradua\u00e7\u00e3o entre dezembro de 2025 e dezembro de 2026, e disponibilidade para trabalhar presencialmente. Ele dever\u00e1 escolher entre as \u00e1reas de Business ou Supply. H\u00e1 vagas em 27 cidades do pa\u00eds.<\/p>\n<p><strong>Inscri\u00e7\u00f5es<\/strong><\/p>\n<p>Para realizar a inscri\u00e7\u00e3o ou obter mais informa\u00e7\u00f5es sobre os programas,\u00a0<a href=\"https:\/\/www.ambev.com.br\/carreiras\" target=\"_blank\" rel=\"noopener\"><strong>acesse o site da companhia<\/strong><\/a>.<\/p>\n<div id=\"share-modal\" class=\"share-modal\"> <button class=\"box-close btn-share\"> <img decoding=\"async\" src=\"https:\/\/istoedinheiro.com.br\/wp-content\/themes\/dinheiro-wp-theme\/assets\/img\/svg\/closeIcon.svg?x46096\" alt=\"Close icon\" class=\"close-btn lazy\"\/> <\/button><\/div>\n<\/p><\/div>\n<p><script>!function(f,b,e,v,n,t,s){if(f.fbq)return;n=f.fbq=function(){n.callMethod?n.callMethod.apply(n,arguments):n.queue.push(arguments)};if(!f._fbq)f._fbq=n;n.push=n;n.loaded=!0;n.version='2.0';n.queue=[];t=b.createElement(e);t.async=!0;t.src=v;s=b.getElementsByTagName(e)[0];s.parentNode.insertBefore(t,s)}(window,document,'script','<\/script><br \/>\n<br \/><br \/>\n<br \/><a href=\"https:\/\/istoedinheiro.com.br\/ambev-prorroga-inscricoes-para-estagio-e-trainee-com-salario-de-ate-r-85-mil-veja-como-participar\/\">Source link <\/a><\/p>\n<div class='code-block code-block-4' style='margin: 8px auto 8px 0; text-align: left; display: block; clear: both;'>\n\ud83d\udce2 Aviso Legal\n\nO site ismaelcolosi.com.br atua apenas como um canal de divulga\u00e7\u00e3o de oportunidades de emprego e n\u00e3o se responsabiliza pelo processo seletivo, contrata\u00e7\u00e3o ou qualquer outra etapa relacionada \u00e0s vagas publicadas. Todas as informa\u00e7\u00f5es s\u00e3o de responsabilidade dos anunciantes.\n\n\u26a0\ufe0f Aten\u00e7\u00e3o! Nunca pague por promessas de emprego nem compre cursos que garantam contrata\u00e7\u00e3o. Desconfie de qualquer cobran\u00e7a para participar de sele\u00e7\u00f5es.\n\n\n\n<\/div>\n<!-- CONTENT END 1 -->\n","protected":false},"excerpt":{"rendered":"<p>Da reda\u00e7\u00e3oi Da reda\u00e7\u00e3o 03\/09\/2024 &#8211; 11:25 A Ambev prorrogou as inscri\u00e7\u00f5es de seu programa de est\u00e1gio e trainee at\u00e9 quinta-feira, 5. Trainee Para as&#8230;<\/p>\n","protected":false},"author":1,"featured_media":63645,"comment_status":"open","ping_status":"open","sticky":false,"template":"","format":"standard","meta":{"_uag_custom_page_level_css":"","advanced_seo_description":"","jetpack_seo_html_title":"","jetpack_seo_noindex":false,"jetpack_post_was_ever_published":false,"_jetpack_newsletter_access":"","_jetpack_dont_email_post_to_subs":false,"_jetpack_newsletter_tier_id":0,"_jetpack_memberships_contains_paywalled_content":false,"_jetpack_memberships_contains_paid_content":false,"footnotes":"","jetpack_publicize_message":"","jetpack_publicize_feature_enabled":true,"jetpack_social_post_already_shared":true,"jetpack_social_options":{"image_generator_settings":{"template":"highway","default_image_id":0,"font":"","enabled":false},"version":2}},"categories":[3598],"tags":[],"class_list":["post-63644","post","type-post","status-publish","format-standard","has-post-thumbnail","hentry","category-empregos-classificados-vagas-trabalho"],"jetpack_publicize_connections":[],"jetpack_featured_media_url":"https:\/\/i0.wp.com\/ismaelcolosi.com.br\/wp-content\/uploads\/2024\/09\/ambev-1.jpg?fit=640%2C360&ssl=1","uagb_featured_image_src":{"full":["https:\/\/i0.wp.com\/ismaelcolosi.com.br\/wp-content\/uploads\/2024\/09\/ambev-1.jpg?fit=640%2C360&ssl=1",640,360,false],"thumbnail":["https:\/\/i0.wp.com\/ismaelcolosi.com.br\/wp-content\/uploads\/2024\/09\/ambev-1.jpg?resize=150%2C150&ssl=1",150,150,true],"medium":["https:\/\/i0.wp.com\/ismaelcolosi.com.br\/wp-content\/uploads\/2024\/09\/ambev-1.jpg?fit=300%2C169&ssl=1",300,169,true],"medium_large":["https:\/\/i0.wp.com\/ismaelcolosi.com.br\/wp-content\/uploads\/2024\/09\/ambev-1.jpg?fit=640%2C360&ssl=1",640,360,true],"large":["https:\/\/i0.wp.com\/ismaelcolosi.com.br\/wp-content\/uploads\/2024\/09\/ambev-1.jpg?fit=640%2C360&ssl=1",640,360,true],"1536x1536":["https:\/\/i0.wp.com\/ismaelcolosi.com.br\/wp-content\/uploads\/2024\/09\/ambev-1.jpg?fit=640%2C360&ssl=1",640,360,true],"2048x2048":["https:\/\/i0.wp.com\/ismaelcolosi.com.br\/wp-content\/uploads\/2024\/09\/ambev-1.jpg?fit=640%2C360&ssl=1",640,360,true],"really-simple-thumb":["https:\/\/i0.wp.com\/ismaelcolosi.com.br\/wp-content\/uploads\/2024\/09\/ambev-1.jpg?resize=370%2C247&ssl=1",370,247,true]},"uagb_author_info":{"display_name":"ismaelcolosi.com.br","author_link":"https:\/\/ismaelcolosi.com.br\/index.php\/author\/vidareal-online\/"},"uagb_comment_info":0,"uagb_excerpt":"Da reda\u00e7\u00e3oi Da reda\u00e7\u00e3o 03\/09\/2024 &#8211; 11:25 A Ambev prorrogou as inscri\u00e7\u00f5es de seu programa de est\u00e1gio e trainee at\u00e9 quinta-feira, 5. Trainee Para as...","jetpack-related-posts":[{"id":64032,"url":"https:\/\/ismaelcolosi.com.br\/index.php\/2024\/09\/05\/programa-de-trainee-e-estagio-da-ambev-tem-inscricoes-abertas-ate-esta-quinta-salario-chega-a-r-85-mil\/","url_meta":{"origin":63644,"position":0},"title":"Programa de trainee e est\u00e1gio da Ambev tem inscri\u00e7\u00f5es abertas at\u00e9 esta quinta; sal\u00e1rio chega a R$ 8,5 mil","author":"ismaelcolosi.com.br","date":"5 de September de 2024","format":false,"excerpt":"Da reda\u00e7\u00e3oi Da reda\u00e7\u00e3o 05\/09\/2024 - 9:42 Esta quinta-feira, 5, \u00e9 o \u00faltimo dia de inscri\u00e7\u00f5es para o programa de est\u00e1gio e trainee da Ambev. Os sal\u00e1rios chegam at\u00e9 R$ 8,5 mil mensais.TraineePara as oportunidades de trainee, o candidato pode escolher a \u00e1rea de maior interesse: Business ou Supply Chain.O\u2026","rel":"","context":"In &quot;Empregos - Classificados&quot;","block_context":{"text":"Empregos - Classificados","link":"https:\/\/ismaelcolosi.com.br\/index.php\/category\/empregos-classificados-vagas-trabalho\/"},"img":{"alt_text":"","src":"https:\/\/i0.wp.com\/ismaelcolosi.com.br\/wp-content\/uploads\/2024\/09\/tagreuterscom2021binary-lynxmpeh6s15n-baseimage.jpg?fit=800%2C470&ssl=1&resize=350%2C200","width":350,"height":200,"srcset":"https:\/\/i0.wp.com\/ismaelcolosi.com.br\/wp-content\/uploads\/2024\/09\/tagreuterscom2021binary-lynxmpeh6s15n-baseimage.jpg?fit=800%2C470&ssl=1&resize=350%2C200 1x, https:\/\/i0.wp.com\/ismaelcolosi.com.br\/wp-content\/uploads\/2024\/09\/tagreuterscom2021binary-lynxmpeh6s15n-baseimage.jpg?fit=800%2C470&ssl=1&resize=525%2C300 1.5x, https:\/\/i0.wp.com\/ismaelcolosi.com.br\/wp-content\/uploads\/2024\/09\/tagreuterscom2021binary-lynxmpeh6s15n-baseimage.jpg?fit=800%2C470&ssl=1&resize=700%2C400 2x"},"classes":[]},{"id":87133,"url":"https:\/\/ismaelcolosi.com.br\/index.php\/2025\/08\/20\/ambev-abre-inscricoes-para-programa-de-trainee-com-salario-de-ate-r-9-mil\/","url_meta":{"origin":63644,"position":1},"title":"Ambev abre inscri\u00e7\u00f5es para programa de trainee com sal\u00e1rio de at\u00e9 R$ 9 mil","author":"ismaelcolosi.com.br","date":"20 de August de 2025","format":false,"excerpt":"Da reda\u00e7\u00e3oi Da reda\u00e7\u00e3o 19\/08\/2025 - 12:05 A Ambev anunciou a abertura das inscri\u00e7\u00f5es para seus programas de est\u00e1gio e trainee. O prazo se cadastrar e concorrer as mais de 200 vagas disponibilizadas vai at\u00e9 o dia 8 de setembro.Para o trainee, a sele\u00e7\u00e3o \u00e9 aberta a pessoas de todos\u2026","rel":"","context":"In &quot;Empregos - Classificados&quot;","block_context":{"text":"Empregos - Classificados","link":"https:\/\/ismaelcolosi.com.br\/index.php\/category\/empregos-classificados-vagas-trabalho\/"},"img":{"alt_text":"","src":"https:\/\/i0.wp.com\/ismaelcolosi.com.br\/wp-content\/uploads\/2025\/08\/unnamed-1.jpg?fit=827%2C551&ssl=1&resize=350%2C200","width":350,"height":200,"srcset":"https:\/\/i0.wp.com\/ismaelcolosi.com.br\/wp-content\/uploads\/2025\/08\/unnamed-1.jpg?fit=827%2C551&ssl=1&resize=350%2C200 1x, https:\/\/i0.wp.com\/ismaelcolosi.com.br\/wp-content\/uploads\/2025\/08\/unnamed-1.jpg?fit=827%2C551&ssl=1&resize=525%2C300 1.5x, https:\/\/i0.wp.com\/ismaelcolosi.com.br\/wp-content\/uploads\/2025\/08\/unnamed-1.jpg?fit=827%2C551&ssl=1&resize=700%2C400 2x"},"classes":[]},{"id":87387,"url":"https:\/\/ismaelcolosi.com.br\/index.php\/2025\/09\/07\/inscricoes-para-programa-de-trainee-da-ambev-com-salario-de-ate-r-9-mil-encerram-nesta-segunda\/","url_meta":{"origin":63644,"position":2},"title":"Inscri\u00e7\u00f5es para programa de trainee da Ambev com sal\u00e1rio de at\u00e9 R$ 9 mil encerram nesta segunda","author":"ismaelcolosi.com.br","date":"7 de September de 2025","format":false,"excerpt":"O prazo se cadastrar e concorrer as mais de 200 vagas disponibilizadas nos programas de est\u00e1gio e trainee da Ambev termina nesta segunda-feira, 8 de setembro. Para o trainee, a sele\u00e7\u00e3o \u00e9 aberta a pessoas de todos os cursos, graduadas entre dezembro de 2023 e dezembro de 2025, com no\u2026","rel":"","context":"In &quot;Empregos - Classificados&quot;","block_context":{"text":"Empregos - Classificados","link":"https:\/\/ismaelcolosi.com.br\/index.php\/category\/empregos-classificados-vagas-trabalho\/"},"img":{"alt_text":"","src":"","width":0,"height":0},"classes":[]},{"id":87306,"url":"https:\/\/ismaelcolosi.com.br\/index.php\/2025\/08\/31\/inscricoes-para-programa-de-trainee-do-itau-com-salario-de-r-93-mil-encerram-nesta-segunda\/","url_meta":{"origin":63644,"position":3},"title":"Inscri\u00e7\u00f5es para programa de trainee do Ita\u00fa com sal\u00e1rio de R$ 9,3 mil encerram nesta segunda","author":"ismaelcolosi.com.br","date":"31 de August de 2025","format":false,"excerpt":"Termina nesta segunda-feira, 1\u00ba de setembro, o prazo de inscri\u00e7\u00f5es para o Programa Trainee 2026 do Ita\u00fa Unibanco. Os interessados t\u00eam at\u00e9 o fim do dia para se candidatar a uma vaga com remunera\u00e7\u00e3o de R$ 9.350, al\u00e9m de participa\u00e7\u00e3o nos lucros e resultados. +\u00a0Ambev abre inscri\u00e7\u00f5es para programa de\u2026","rel":"","context":"In &quot;Empregos - Classificados&quot;","block_context":{"text":"Empregos - Classificados","link":"https:\/\/ismaelcolosi.com.br\/index.php\/category\/empregos-classificados-vagas-trabalho\/"},"img":{"alt_text":"","src":"","width":0,"height":0},"classes":[]},{"id":61280,"url":"https:\/\/ismaelcolosi.com.br\/index.php\/2024\/08\/21\/salarios-de-ate-r-8-800-itau-ambev-kraft-heinz-loreal-selecionam-trainees-veja-vagas\/","url_meta":{"origin":63644,"position":4},"title":"Sal\u00e1rios de at\u00e9 R$ 8.800: Ita\u00fa, Ambev, Kraft Heinz, L\u00b4Or\u00e9al selecionam trainees; veja vagas","author":"ismaelcolosi.com.br","date":"21 de August de 2024","format":false,"excerpt":"Da reda\u00e7\u00e3oi Da reda\u00e7\u00e3o 21\/08\/2024 - 6:30 Um caminho para entrar bem no mercado de trabalho fazer parte de um programa de trainee de uma grande empresa. Os cargos de trainee \u2013 palavra importada da l\u00edngua inglesa \u2013 s\u00e3o para jovens profissionais, rec\u00e9m-sa\u00eddos da gradua\u00e7\u00e3o, que j\u00e1 possuem alguma experi\u00eancia\u2026","rel":"","context":"In &quot;Empregos - Classificados&quot;","block_context":{"text":"Empregos - Classificados","link":"https:\/\/ismaelcolosi.com.br\/index.php\/category\/empregos-classificados-vagas-trabalho\/"},"img":{"alt_text":"","src":"https:\/\/i0.wp.com\/ismaelcolosi.com.br\/wp-content\/uploads\/2024\/08\/pexels-fauxels-3184295.jpg?fit=1200%2C800&ssl=1&resize=350%2C200","width":350,"height":200,"srcset":"https:\/\/i0.wp.com\/ismaelcolosi.com.br\/wp-content\/uploads\/2024\/08\/pexels-fauxels-3184295.jpg?fit=1200%2C800&ssl=1&resize=350%2C200 1x, https:\/\/i0.wp.com\/ismaelcolosi.com.br\/wp-content\/uploads\/2024\/08\/pexels-fauxels-3184295.jpg?fit=1200%2C800&ssl=1&resize=525%2C300 1.5x, https:\/\/i0.wp.com\/ismaelcolosi.com.br\/wp-content\/uploads\/2024\/08\/pexels-fauxels-3184295.jpg?fit=1200%2C800&ssl=1&resize=700%2C400 2x, https:\/\/i0.wp.com\/ismaelcolosi.com.br\/wp-content\/uploads\/2024\/08\/pexels-fauxels-3184295.jpg?fit=1200%2C800&ssl=1&resize=1050%2C600 3x"},"classes":[]},{"id":87567,"url":"https:\/\/ismaelcolosi.com.br\/index.php\/2025\/09\/18\/inscricoes-em-trainee-de-ia-do-magalu-com-salario-de-r-96-mil-vao-ate-segunda\/","url_meta":{"origin":63644,"position":5},"title":"Inscri\u00e7\u00f5es em trainee de IA do Magalu com sal\u00e1rio de R$ 9,6 mil v\u00e3o at\u00e9 segunda","author":"ismaelcolosi.com.br","date":"18 de September de 2025","format":false,"excerpt":"Da reda\u00e7\u00e3oi Da reda\u00e7\u00e3o 18\/09\/2025 - 12:53 O Magazine Luiza est\u00e1 com inscri\u00e7\u00f5es abertas para a primeira edi\u00e7\u00e3o do seu programa de treinamento em intelig\u00eancia artificial. O n\u00famero de vagas ser\u00e1 definido a partir das seletivas, e os aprovados receber\u00e3o um sal\u00e1rio de R$ 9,6 mil al\u00e9m de benef\u00edcios. O\u2026","rel":"","context":"In &quot;Empregos - Classificados&quot;","block_context":{"text":"Empregos - Classificados","link":"https:\/\/ismaelcolosi.com.br\/index.php\/category\/empregos-classificados-vagas-trabalho\/"},"img":{"alt_text":"","src":"https:\/\/i0.wp.com\/ismaelcolosi.com.br\/wp-content\/uploads\/2025\/09\/magaludivulgacao.jpg?fit=900%2C600&ssl=1&resize=350%2C200","width":350,"height":200,"srcset":"https:\/\/i0.wp.com\/ismaelcolosi.com.br\/wp-content\/uploads\/2025\/09\/magaludivulgacao.jpg?fit=900%2C600&ssl=1&resize=350%2C200 1x, https:\/\/i0.wp.com\/ismaelcolosi.com.br\/wp-content\/uploads\/2025\/09\/magaludivulgacao.jpg?fit=900%2C600&ssl=1&resize=525%2C300 1.5x, https:\/\/i0.wp.com\/ismaelcolosi.com.br\/wp-content\/uploads\/2025\/09\/magaludivulgacao.jpg?fit=900%2C600&ssl=1&resize=700%2C400 2x"},"classes":[]}],"jetpack_sharing_enabled":true,"jetpack_shortlink":"https:\/\/wp.me\/pfMlyK-gyw","_links":{"self":[{"href":"https:\/\/ismaelcolosi.com.br\/index.php\/wp-json\/wp\/v2\/posts\/63644","targetHints":{"allow":["GET"]}}],"collection":[{"href":"https:\/\/ismaelcolosi.com.br\/index.php\/wp-json\/wp\/v2\/posts"}],"about":[{"href":"https:\/\/ismaelcolosi.com.br\/index.php\/wp-json\/wp\/v2\/types\/post"}],"author":[{"embeddable":true,"href":"https:\/\/ismaelcolosi.com.br\/index.php\/wp-json\/wp\/v2\/users\/1"}],"replies":[{"embeddable":true,"href":"https:\/\/ismaelcolosi.com.br\/index.php\/wp-json\/wp\/v2\/comments?post=63644"}],"version-history":[{"count":0,"href":"https:\/\/ismaelcolosi.com.br\/index.php\/wp-json\/wp\/v2\/posts\/63644\/revisions"}],"wp:featuredmedia":[{"embeddable":true,"href":"https:\/\/ismaelcolosi.com.br\/index.php\/wp-json\/wp\/v2\/media\/63645"}],"wp:attachment":[{"href":"https:\/\/ismaelcolosi.com.br\/index.php\/wp-json\/wp\/v2\/media?parent=63644"}],"wp:term":[{"taxonomy":"category","embeddable":true,"href":"https:\/\/ismaelcolosi.com.br\/index.php\/wp-json\/wp\/v2\/categories?post=63644"},{"taxonomy":"post_tag","embeddable":true,"href":"https:\/\/ismaelcolosi.com.br\/index.php\/wp-json\/wp\/v2\/tags?post=63644"}],"curies":[{"name":"wp","href":"https:\/\/api.w.org\/{rel}","templated":true}]}}