{"id":63642,"date":"2024-09-03T11:40:14","date_gmt":"2024-09-03T14:40:14","guid":{"rendered":"https:\/\/ismaelcolosi.com.br\/index.php\/2024\/09\/03\/filhote-vitima-de-queimadas-recebe-cuidados-do-bosque-de-ribeirao-preto\/"},"modified":"2024-09-03T11:40:14","modified_gmt":"2024-09-03T14:40:14","slug":"filhote-vitima-de-queimadas-recebe-cuidados-do-bosque-de-ribeirao-preto","status":"publish","type":"post","link":"https:\/\/ismaelcolosi.com.br\/index.php\/2024\/09\/03\/filhote-vitima-de-queimadas-recebe-cuidados-do-bosque-de-ribeirao-preto\/","title":{"rendered":"Filhote v\u00edtima de queimadas recebe cuidados do Bosque de Ribeir\u00e3o Preto"},"content":{"rendered":"<p> <br \/>\n<\/p>\n<div data-td-block-uid=\"tdi_106\">\n<div class=\"tdb-block-inner td-fix-index\">\n<p>O <strong>Cetras (Centro de Triagem e Reabilita\u00e7\u00e3o de Animais Silvestres)<\/strong>, do Bosque F\u00e1bio Barreto, em <strong>Ribeir\u00e3o Preto<\/strong>, recebeu na <strong>segunda-feira (2)<\/strong> um filhote de <strong>sa\u00e7uarana<\/strong> que foi v\u00edtima das <strong>queimadas<\/strong> em <strong>S\u00e3o Joaquim da Barra<\/strong>.<\/p>\n<p>O animal foi <strong>atropelado<\/strong> enquanto fugia dos <strong>inc\u00eandios<\/strong> na regi\u00e3o. Ele perdeu o terceiro dedo da pata esquerda e teve fraturas, mas o <strong>estado de sa\u00fade \u00e9 est\u00e1vel<\/strong>.<\/p>\n<h4 class=\"wp-block-heading\"><strong>VEJA O V\u00cdDEO<\/strong><\/h4>\n<blockquote class=\"instagram-media\" data-instgrm-permalink=\"https:\/\/www.instagram.com\/reel\/C_dUq-fuXxH\/?utm_source=ig_embed&amp;utm_campaign=loading\" data-instgrm-version=\"14\" style=\" background:#FFF; border:0; border-radius:3px; box-shadow:0 0 1px 0 rgba(0,0,0,0.5),0 1px 10px 0 rgba(0,0,0,0.15); margin: 1px; max-width:540px; min-width:326px; padding:0; width:99.375%; width:-webkit-calc(100% - 2px); width:calc(100% - 2px);\"\/>\n<p>O filhote \u00e9 <strong>macho<\/strong> e tem apenas <strong>30 dias de idade<\/strong>. A equipe o apelidou carinhosamente de \u201c<strong>Benedito<\/strong>\u201d.<\/p>\n<p>Os respons\u00e1veis pelo <strong>Cetras Ribeir\u00e3o Preto<\/strong>, <strong>Alexandre Gouv\u00eaa<\/strong> e <strong>Pedro Favaretto,<\/strong> est\u00e3o cuidando da alimenta\u00e7\u00e3o da<strong> sa\u00e7uarana<\/strong>, manipulando leite, para deix\u00e1-lo mais proteico e com maior \u00edndice de gordura.<\/p>\n<p><strong>Benedito<\/strong> foi trazido do<strong> Zool\u00f3gico Municipal Joaquim Garcia Franco<\/strong>, da cidade de <strong>Gua\u00edra<\/strong>, onde recebeu os primeiros atendimentos.<\/p>\n<p>SAIBA MAIS<br \/>Homem invade pr\u00e9dio na zona Oeste de Ribeir\u00e3o e furta bicicleta<\/p>\n<h4 class=\"wp-block-heading\"><strong>FIQUE ON<\/strong><\/h4>\n<p>Fique ligado em tudo que acontece em Ribeir\u00e3o Preto e regi\u00e3o. Siga os perfis do <strong>acidade on <\/strong>no <a href=\"https:\/\/www.instagram.com\/acidadeonribeirao\" target=\"_blank\" rel=\"noreferrer noopener\">Instagram<\/a> e no <a href=\"https:\/\/www.facebook.com\/acidadeonribeirao\" target=\"_blank\" rel=\"noreferrer noopener\">Facebook<\/a>.<\/p>\n<p>Receba not\u00edcias do acidade on no WhatsApp. Para entrar no grupo, basta <a href=\"https:\/\/chat.whatsapp.com\/Dtv9mxhy6V5BJBotM2OQ5k\" target=\"_blank\" rel=\"noreferrer noopener\">clicar aqui<\/a>.<\/p>\n<p>Fa\u00e7a uma den\u00fancia ou sugira uma reportagem sobre Ribeir\u00e3o Preto e regi\u00e3o pelo WhatsApp: 16 99117 7802.<\/p>\n<p>VEJA TAMB\u00c9M<br \/>Yasmin Brunet e Medina voltaram?<\/p>\n<p><!-- CONTENT END 1 -->\n<\/div>\n<\/div>\n<p><script async src=\"\/\/www.instagram.com\/embed.js\"><\/script><br \/>\n<br \/><br \/>\n<br \/><a href=\"https:\/\/www.acidadeon.com\/ribeiraopreto\/cotidiano\/filhote-vitima-de-queimadas-recebe-cuidados-do-bosque-de-ribeirao-preto\/\">Source link <\/a><\/p>\n","protected":false},"excerpt":{"rendered":"<p>O Cetras (Centro de Triagem e Reabilita\u00e7\u00e3o de Animais Silvestres), do Bosque F\u00e1bio Barreto, em Ribeir\u00e3o Preto, recebeu na segunda-feira (2) um filhote de sa\u00e7uarana&#8230;<\/p>\n","protected":false},"author":1,"featured_media":63643,"comment_status":"open","ping_status":"open","sticky":false,"template":"","format":"standard","meta":{"_uag_custom_page_level_css":"","advanced_seo_description":"","jetpack_seo_html_title":"","jetpack_seo_noindex":false,"jetpack_post_was_ever_published":false,"_jetpack_newsletter_access":"","_jetpack_dont_email_post_to_subs":false,"_jetpack_newsletter_tier_id":0,"_jetpack_memberships_contains_paywalled_content":false,"_jetpack_memberships_contains_paid_content":false,"footnotes":"","jetpack_publicize_message":"","jetpack_publicize_feature_enabled":true,"jetpack_social_post_already_shared":true,"jetpack_social_options":{"image_generator_settings":{"template":"highway","default_image_id":0,"font":"","enabled":false},"version":2}},"categories":[11],"tags":[],"class_list":["post-63642","post","type-post","status-publish","format-standard","has-post-thumbnail","hentry","category-noticias-de-ribeirao-preto-sp-e-regiao-ismael-colosi"],"jetpack_publicize_connections":[],"jetpack_featured_media_url":"https:\/\/i0.wp.com\/ismaelcolosi.com.br\/wp-content\/uploads\/2024\/09\/Copia-de-Copia-de-Copia-de-TAMANHO-EXATO-PARA-FOTOS-NO-SISTEMA-NOVO-2_2024-09-03_14-02-06_jpg_2024-09-03_14-02-07.webp.webp?fit=1200%2C675&ssl=1","uagb_featured_image_src":{"full":["https:\/\/i0.wp.com\/ismaelcolosi.com.br\/wp-content\/uploads\/2024\/09\/Copia-de-Copia-de-Copia-de-TAMANHO-EXATO-PARA-FOTOS-NO-SISTEMA-NOVO-2_2024-09-03_14-02-06_jpg_2024-09-03_14-02-07.webp.webp?fit=1200%2C675&ssl=1",1200,675,false],"thumbnail":["https:\/\/i0.wp.com\/ismaelcolosi.com.br\/wp-content\/uploads\/2024\/09\/Copia-de-Copia-de-Copia-de-TAMANHO-EXATO-PARA-FOTOS-NO-SISTEMA-NOVO-2_2024-09-03_14-02-06_jpg_2024-09-03_14-02-07.webp.webp?resize=150%2C150&ssl=1",150,150,true],"medium":["https:\/\/i0.wp.com\/ismaelcolosi.com.br\/wp-content\/uploads\/2024\/09\/Copia-de-Copia-de-Copia-de-TAMANHO-EXATO-PARA-FOTOS-NO-SISTEMA-NOVO-2_2024-09-03_14-02-06_jpg_2024-09-03_14-02-07.webp.webp?fit=300%2C169&ssl=1",300,169,true],"medium_large":["https:\/\/i0.wp.com\/ismaelcolosi.com.br\/wp-content\/uploads\/2024\/09\/Copia-de-Copia-de-Copia-de-TAMANHO-EXATO-PARA-FOTOS-NO-SISTEMA-NOVO-2_2024-09-03_14-02-06_jpg_2024-09-03_14-02-07.webp.webp?fit=768%2C432&ssl=1",768,432,true],"large":["https:\/\/i0.wp.com\/ismaelcolosi.com.br\/wp-content\/uploads\/2024\/09\/Copia-de-Copia-de-Copia-de-TAMANHO-EXATO-PARA-FOTOS-NO-SISTEMA-NOVO-2_2024-09-03_14-02-06_jpg_2024-09-03_14-02-07.webp.webp?fit=1024%2C576&ssl=1",1024,576,true],"1536x1536":["https:\/\/i0.wp.com\/ismaelcolosi.com.br\/wp-content\/uploads\/2024\/09\/Copia-de-Copia-de-Copia-de-TAMANHO-EXATO-PARA-FOTOS-NO-SISTEMA-NOVO-2_2024-09-03_14-02-06_jpg_2024-09-03_14-02-07.webp.webp?fit=1200%2C675&ssl=1",1200,675,true],"2048x2048":["https:\/\/i0.wp.com\/ismaelcolosi.com.br\/wp-content\/uploads\/2024\/09\/Copia-de-Copia-de-Copia-de-TAMANHO-EXATO-PARA-FOTOS-NO-SISTEMA-NOVO-2_2024-09-03_14-02-06_jpg_2024-09-03_14-02-07.webp.webp?fit=1200%2C675&ssl=1",1200,675,true],"really-simple-thumb":["https:\/\/i0.wp.com\/ismaelcolosi.com.br\/wp-content\/uploads\/2024\/09\/Copia-de-Copia-de-Copia-de-TAMANHO-EXATO-PARA-FOTOS-NO-SISTEMA-NOVO-2_2024-09-03_14-02-06_jpg_2024-09-03_14-02-07.webp.webp?resize=370%2C247&ssl=1",370,247,true]},"uagb_author_info":{"display_name":"ismaelcolosi.com.br","author_link":"https:\/\/ismaelcolosi.com.br\/index.php\/author\/vidareal-online\/"},"uagb_comment_info":0,"uagb_excerpt":"O Cetras (Centro de Triagem e Reabilita\u00e7\u00e3o de Animais Silvestres), do Bosque F\u00e1bio Barreto, em Ribeir\u00e3o Preto, recebeu na segunda-feira (2) um filhote de sa\u00e7uarana...","jetpack-related-posts":[{"id":70021,"url":"https:\/\/ismaelcolosi.com.br\/index.php\/2024\/10\/09\/filhote-de-veado-resgatado-em-incendio-recebe-tratamento-no-bosque-de-ribeirao\/","url_meta":{"origin":63642,"position":0},"title":"Filhote de veado resgatado em inc\u00eandio recebe tratamento no Bosque de Ribeir\u00e3o","author":"ismaelcolosi.com.br","date":"9 de October de 2024","format":false,"excerpt":"Um filhote de veado v\u00edtima das queimadas passa por reabilita\u00e7\u00e3o no Bosque Zool\u00f3gico F\u00e1bio Barreto, em Ribeir\u00e3o Preto. O animal foi encontrado por um morador em Ipu\u00e3, cidade a aproximadamente 100 quil\u00f4metros de Ribeir\u00e3o. O resgate foi realizado por uma equipe da Defesa Civil e, inicialmente, o filhote foi encaminhado\u2026","rel":"","context":"In &quot;Not\u00edcias de Ribeir\u00e3o Preto-SP e Regi\u00e3o&quot;","block_context":{"text":"Not\u00edcias de Ribeir\u00e3o Preto-SP e Regi\u00e3o","link":"https:\/\/ismaelcolosi.com.br\/index.php\/category\/noticias-de-ribeirao-preto-sp-e-regiao-ismael-colosi\/"},"img":{"alt_text":"","src":"https:\/\/i0.wp.com\/ismaelcolosi.com.br\/wp-content\/uploads\/2024\/10\/WhatsApp-Image-2024-10-09-at-08.44.25_2024-10-09_11-44-43_jpeg_2024-10-09_11-44-43.webp.webp?fit=679%2C354&ssl=1&resize=350%2C200","width":350,"height":200,"srcset":"https:\/\/i0.wp.com\/ismaelcolosi.com.br\/wp-content\/uploads\/2024\/10\/WhatsApp-Image-2024-10-09-at-08.44.25_2024-10-09_11-44-43_jpeg_2024-10-09_11-44-43.webp.webp?fit=679%2C354&ssl=1&resize=350%2C200 1x, https:\/\/i0.wp.com\/ismaelcolosi.com.br\/wp-content\/uploads\/2024\/10\/WhatsApp-Image-2024-10-09-at-08.44.25_2024-10-09_11-44-43_jpeg_2024-10-09_11-44-43.webp.webp?fit=679%2C354&ssl=1&resize=525%2C300 1.5x"},"classes":[]},{"id":64846,"url":"https:\/\/ismaelcolosi.com.br\/index.php\/2024\/09\/09\/bosque-de-ribeirao-recebe-mais-dois-animais-atingidos-por-queimadas\/","url_meta":{"origin":63642,"position":1},"title":"Bosque de Ribeir\u00e3o recebe mais dois animais atingidos por queimadas","author":"ismaelcolosi.com.br","date":"9 de September de 2024","format":false,"excerpt":"O Bosque e Zool\u00f3gico F\u00e1bio Barreto em Ribeir\u00e3o Preto recebeu, neste final de semana, mais dois animais v\u00edtimas das queimadas na regi\u00e3o. Um tamandu\u00e1 bandeira, macho e de 23 kg e um filhote de lobo guar\u00e1, com 03 meses de idade. O tamandu\u00e1 foi encontrado em Batatais com queimaduras nas\u2026","rel":"","context":"In &quot;Not\u00edcias de Ribeir\u00e3o Preto-SP e Regi\u00e3o&quot;","block_context":{"text":"Not\u00edcias de Ribeir\u00e3o Preto-SP e Regi\u00e3o","link":"https:\/\/ismaelcolosi.com.br\/index.php\/category\/noticias-de-ribeirao-preto-sp-e-regiao-ismael-colosi\/"},"img":{"alt_text":"","src":"https:\/\/i0.wp.com\/ismaelcolosi.com.br\/wp-content\/uploads\/2024\/09\/Copia-de-Copia-de-Copia-de-TAMANHO-EXATO-PARA-FOTOS-NO-SISTEMA-NOVO-8_2024-09-09_18-10-53_png_2024-09-09_18-10-53.webp.webp?fit=1200%2C675&ssl=1&resize=350%2C200","width":350,"height":200,"srcset":"https:\/\/i0.wp.com\/ismaelcolosi.com.br\/wp-content\/uploads\/2024\/09\/Copia-de-Copia-de-Copia-de-TAMANHO-EXATO-PARA-FOTOS-NO-SISTEMA-NOVO-8_2024-09-09_18-10-53_png_2024-09-09_18-10-53.webp.webp?fit=1200%2C675&ssl=1&resize=350%2C200 1x, https:\/\/i0.wp.com\/ismaelcolosi.com.br\/wp-content\/uploads\/2024\/09\/Copia-de-Copia-de-Copia-de-TAMANHO-EXATO-PARA-FOTOS-NO-SISTEMA-NOVO-8_2024-09-09_18-10-53_png_2024-09-09_18-10-53.webp.webp?fit=1200%2C675&ssl=1&resize=525%2C300 1.5x, https:\/\/i0.wp.com\/ismaelcolosi.com.br\/wp-content\/uploads\/2024\/09\/Copia-de-Copia-de-Copia-de-TAMANHO-EXATO-PARA-FOTOS-NO-SISTEMA-NOVO-8_2024-09-09_18-10-53_png_2024-09-09_18-10-53.webp.webp?fit=1200%2C675&ssl=1&resize=700%2C400 2x, https:\/\/i0.wp.com\/ismaelcolosi.com.br\/wp-content\/uploads\/2024\/09\/Copia-de-Copia-de-Copia-de-TAMANHO-EXATO-PARA-FOTOS-NO-SISTEMA-NOVO-8_2024-09-09_18-10-53_png_2024-09-09_18-10-53.webp.webp?fit=1200%2C675&ssl=1&resize=1050%2C600 3x"},"classes":[]},{"id":68266,"url":"https:\/\/ismaelcolosi.com.br\/index.php\/2024\/09\/28\/saiba-qual-o-estado-de-saude-de-filhote-resgatado-nos-incendios-do-interior-de-sp\/","url_meta":{"origin":63642,"position":2},"title":"Saiba qual o estado de sa\u00fade de filhote resgatado nos inc\u00eandios do interior de SP","author":"ismaelcolosi.com.br","date":"28 de September de 2024","format":false,"excerpt":"No dia 2 de setembro, o Bosque F\u00e1bio Barreto, em Ribeir\u00e3o Preto recebeu um filhote de sa\u00e7uarana, que foi v\u00edtima das queimadas em S\u00e3o Joaquim da Barra. O Centro de Triagem e Reabilita\u00e7\u00e3o de Animais Silvestres (Cetras) confirmou que o animal est\u00e1 saud\u00e1vel e j\u00e1 ganhou peso. Enquanto fugia dos\u2026","rel":"","context":"In &quot;Not\u00edcias de Ribeir\u00e3o Preto-SP e Regi\u00e3o&quot;","block_context":{"text":"Not\u00edcias de Ribeir\u00e3o Preto-SP e Regi\u00e3o","link":"https:\/\/ismaelcolosi.com.br\/index.php\/category\/noticias-de-ribeirao-preto-sp-e-regiao-ismael-colosi\/"},"img":{"alt_text":"","src":"https:\/\/i0.wp.com\/ismaelcolosi.com.br\/wp-content\/uploads\/2024\/09\/Capturar_2024-09-28_13-47-52_jpg_2024-09-28_13-47-52.webp.webp?fit=973%2C606&ssl=1&resize=350%2C200","width":350,"height":200,"srcset":"https:\/\/i0.wp.com\/ismaelcolosi.com.br\/wp-content\/uploads\/2024\/09\/Capturar_2024-09-28_13-47-52_jpg_2024-09-28_13-47-52.webp.webp?fit=973%2C606&ssl=1&resize=350%2C200 1x, https:\/\/i0.wp.com\/ismaelcolosi.com.br\/wp-content\/uploads\/2024\/09\/Capturar_2024-09-28_13-47-52_jpg_2024-09-28_13-47-52.webp.webp?fit=973%2C606&ssl=1&resize=525%2C300 1.5x, https:\/\/i0.wp.com\/ismaelcolosi.com.br\/wp-content\/uploads\/2024\/09\/Capturar_2024-09-28_13-47-52_jpg_2024-09-28_13-47-52.webp.webp?fit=973%2C606&ssl=1&resize=700%2C400 2x"},"classes":[]},{"id":71203,"url":"https:\/\/ismaelcolosi.com.br\/index.php\/2024\/10\/15\/bosque-de-ribeirao-recebe-filhotes-de-tamandua-e-de-raposa-vitimas-de-incendios\/","url_meta":{"origin":63642,"position":3},"title":"Bosque de Ribeir\u00e3o recebe filhotes de tamandu\u00e1 e de raposa v\u00edtimas de inc\u00eandios","author":"ismaelcolosi.com.br","date":"15 de October de 2024","format":false,"excerpt":"O Cetras (Centro de Triagem e Reabilita\u00e7\u00e3o de Animais Silvestres), do Bosque F\u00e1bio Barreto, em\u00a0Ribeir\u00e3o Preto, recebeu um filhote de raposa do campo e um de tamandu\u00e1-mirim que foram resgatados dos inc\u00eandios em S\u00e3o Joaquim da Barra. O tamandu\u00e1-mirim chegou ao centro em estado cr\u00edtico, na \u00faltima quinta-feira (10), resgatado\u2026","rel":"","context":"In &quot;Not\u00edcias de Ribeir\u00e3o Preto-SP e Regi\u00e3o&quot;","block_context":{"text":"Not\u00edcias de Ribeir\u00e3o Preto-SP e Regi\u00e3o","link":"https:\/\/ismaelcolosi.com.br\/index.php\/category\/noticias-de-ribeirao-preto-sp-e-regiao-ismael-colosi\/"},"img":{"alt_text":"","src":"https:\/\/i0.wp.com\/ismaelcolosi.com.br\/wp-content\/uploads\/2024\/10\/Copia-de-Copia-de-Copia-de-TAMANHO-EXATO-PARA-FOTOS-NO-SISTEMA-NOVO-19_2024-10-15_14-00-04_jpg_2024-10-15_14-00-05.webp.webp?fit=1200%2C675&ssl=1&resize=350%2C200","width":350,"height":200,"srcset":"https:\/\/i0.wp.com\/ismaelcolosi.com.br\/wp-content\/uploads\/2024\/10\/Copia-de-Copia-de-Copia-de-TAMANHO-EXATO-PARA-FOTOS-NO-SISTEMA-NOVO-19_2024-10-15_14-00-04_jpg_2024-10-15_14-00-05.webp.webp?fit=1200%2C675&ssl=1&resize=350%2C200 1x, https:\/\/i0.wp.com\/ismaelcolosi.com.br\/wp-content\/uploads\/2024\/10\/Copia-de-Copia-de-Copia-de-TAMANHO-EXATO-PARA-FOTOS-NO-SISTEMA-NOVO-19_2024-10-15_14-00-04_jpg_2024-10-15_14-00-05.webp.webp?fit=1200%2C675&ssl=1&resize=525%2C300 1.5x, https:\/\/i0.wp.com\/ismaelcolosi.com.br\/wp-content\/uploads\/2024\/10\/Copia-de-Copia-de-Copia-de-TAMANHO-EXATO-PARA-FOTOS-NO-SISTEMA-NOVO-19_2024-10-15_14-00-04_jpg_2024-10-15_14-00-05.webp.webp?fit=1200%2C675&ssl=1&resize=700%2C400 2x, https:\/\/i0.wp.com\/ismaelcolosi.com.br\/wp-content\/uploads\/2024\/10\/Copia-de-Copia-de-Copia-de-TAMANHO-EXATO-PARA-FOTOS-NO-SISTEMA-NOVO-19_2024-10-15_14-00-04_jpg_2024-10-15_14-00-05.webp.webp?fit=1200%2C675&ssl=1&resize=1050%2C600 3x"},"classes":[]},{"id":54863,"url":"https:\/\/ismaelcolosi.com.br\/index.php\/2024\/06\/28\/bosque-zoologico-de-ribeirao-preto-recebe-filhote-de-onca-pintada\/","url_meta":{"origin":63642,"position":4},"title":"Bosque Zool\u00f3gico de Ribeir\u00e3o Preto recebe filhote de on\u00e7a-pintada","author":"ismaelcolosi.com.br","date":"28 de June de 2024","format":false,"excerpt":"O Bosque Zool\u00f3gico F\u00e1bio Barreto, em Ribeir\u00e3o Preto, recebeu uma nova moradora: a on\u00e7a-pintada Juma. Ela tem 10 meses de idade e nasceu no ZooPark de Vit\u00f3ria-ES e, por quest\u00f5es de manejo, veio para Ribeir\u00e3o Preto. A partir desta sexta-feira (28), a on\u00e7a Juma j\u00e1 pode ser vista, em um\u2026","rel":"","context":"In &quot;Not\u00edcias de Ribeir\u00e3o Preto-SP e Regi\u00e3o&quot;","block_context":{"text":"Not\u00edcias de Ribeir\u00e3o Preto-SP e Regi\u00e3o","link":"https:\/\/ismaelcolosi.com.br\/index.php\/category\/noticias-de-ribeirao-preto-sp-e-regiao-ismael-colosi\/"},"img":{"alt_text":"","src":"https:\/\/i0.wp.com\/ismaelcolosi.com.br\/wp-content\/uploads\/2024\/06\/WhatsApp-Image-2024-06-28-at-10.02.59_2024-06-28_13-30-29_jpeg_2024-06-28_13-30-29.webp.webp?fit=1200%2C970&ssl=1&resize=350%2C200","width":350,"height":200,"srcset":"https:\/\/i0.wp.com\/ismaelcolosi.com.br\/wp-content\/uploads\/2024\/06\/WhatsApp-Image-2024-06-28-at-10.02.59_2024-06-28_13-30-29_jpeg_2024-06-28_13-30-29.webp.webp?fit=1200%2C970&ssl=1&resize=350%2C200 1x, https:\/\/i0.wp.com\/ismaelcolosi.com.br\/wp-content\/uploads\/2024\/06\/WhatsApp-Image-2024-06-28-at-10.02.59_2024-06-28_13-30-29_jpeg_2024-06-28_13-30-29.webp.webp?fit=1200%2C970&ssl=1&resize=525%2C300 1.5x, https:\/\/i0.wp.com\/ismaelcolosi.com.br\/wp-content\/uploads\/2024\/06\/WhatsApp-Image-2024-06-28-at-10.02.59_2024-06-28_13-30-29_jpeg_2024-06-28_13-30-29.webp.webp?fit=1200%2C970&ssl=1&resize=700%2C400 2x, https:\/\/i0.wp.com\/ismaelcolosi.com.br\/wp-content\/uploads\/2024\/06\/WhatsApp-Image-2024-06-28-at-10.02.59_2024-06-28_13-30-29_jpeg_2024-06-28_13-30-29.webp.webp?fit=1200%2C970&ssl=1&resize=1050%2C600 3x"},"classes":[]},{"id":62367,"url":"https:\/\/ismaelcolosi.com.br\/index.php\/2024\/08\/27\/bosque-fabio-barreto-em-ribeirao-recebe-11-animais-atingidos-por-queimadas-video\/","url_meta":{"origin":63642,"position":5},"title":"Bosque F\u00e1bio Barreto em Ribeir\u00e3o recebe 11 animais atingidos por queimadas; V\u00eddeo","author":"ismaelcolosi.com.br","date":"27 de August de 2024","format":false,"excerpt":"O Bosque e Zool\u00f3gico F\u00e1bio Barreto, em Ribeir\u00e3o Preto, recebeu ao menos 11 animais v\u00edtimas das queimadas para atendimento veterin\u00e1rio. Assista ao v\u00eddeo. A equipe conta com mais de 20 profissionais que atuam no cuidado aos bichos atingidos pelos inc\u00eandios na regi\u00e3o, como um lagarto e um tamandu\u00e1. \u201cOs animais\u2026","rel":"","context":"In &quot;Not\u00edcias de Ribeir\u00e3o Preto-SP e Regi\u00e3o&quot;","block_context":{"text":"Not\u00edcias de Ribeir\u00e3o Preto-SP e Regi\u00e3o","link":"https:\/\/ismaelcolosi.com.br\/index.php\/category\/noticias-de-ribeirao-preto-sp-e-regiao-ismael-colosi\/"},"img":{"alt_text":"","src":"https:\/\/i0.wp.com\/ismaelcolosi.com.br\/wp-content\/uploads\/2024\/08\/LAGARTO_2024-08-27_13-10-14_jpg_2024-08-27_13-10-14.webp.webp?fit=1200%2C705&ssl=1&resize=350%2C200","width":350,"height":200,"srcset":"https:\/\/i0.wp.com\/ismaelcolosi.com.br\/wp-content\/uploads\/2024\/08\/LAGARTO_2024-08-27_13-10-14_jpg_2024-08-27_13-10-14.webp.webp?fit=1200%2C705&ssl=1&resize=350%2C200 1x, https:\/\/i0.wp.com\/ismaelcolosi.com.br\/wp-content\/uploads\/2024\/08\/LAGARTO_2024-08-27_13-10-14_jpg_2024-08-27_13-10-14.webp.webp?fit=1200%2C705&ssl=1&resize=525%2C300 1.5x, https:\/\/i0.wp.com\/ismaelcolosi.com.br\/wp-content\/uploads\/2024\/08\/LAGARTO_2024-08-27_13-10-14_jpg_2024-08-27_13-10-14.webp.webp?fit=1200%2C705&ssl=1&resize=700%2C400 2x, https:\/\/i0.wp.com\/ismaelcolosi.com.br\/wp-content\/uploads\/2024\/08\/LAGARTO_2024-08-27_13-10-14_jpg_2024-08-27_13-10-14.webp.webp?fit=1200%2C705&ssl=1&resize=1050%2C600 3x"},"classes":[]}],"jetpack_sharing_enabled":true,"jetpack_shortlink":"https:\/\/wp.me\/pfMlyK-gyu","_links":{"self":[{"href":"https:\/\/ismaelcolosi.com.br\/index.php\/wp-json\/wp\/v2\/posts\/63642","targetHints":{"allow":["GET"]}}],"collection":[{"href":"https:\/\/ismaelcolosi.com.br\/index.php\/wp-json\/wp\/v2\/posts"}],"about":[{"href":"https:\/\/ismaelcolosi.com.br\/index.php\/wp-json\/wp\/v2\/types\/post"}],"author":[{"embeddable":true,"href":"https:\/\/ismaelcolosi.com.br\/index.php\/wp-json\/wp\/v2\/users\/1"}],"replies":[{"embeddable":true,"href":"https:\/\/ismaelcolosi.com.br\/index.php\/wp-json\/wp\/v2\/comments?post=63642"}],"version-history":[{"count":0,"href":"https:\/\/ismaelcolosi.com.br\/index.php\/wp-json\/wp\/v2\/posts\/63642\/revisions"}],"wp:featuredmedia":[{"embeddable":true,"href":"https:\/\/ismaelcolosi.com.br\/index.php\/wp-json\/wp\/v2\/media\/63643"}],"wp:attachment":[{"href":"https:\/\/ismaelcolosi.com.br\/index.php\/wp-json\/wp\/v2\/media?parent=63642"}],"wp:term":[{"taxonomy":"category","embeddable":true,"href":"https:\/\/ismaelcolosi.com.br\/index.php\/wp-json\/wp\/v2\/categories?post=63642"},{"taxonomy":"post_tag","embeddable":true,"href":"https:\/\/ismaelcolosi.com.br\/index.php\/wp-json\/wp\/v2\/tags?post=63642"}],"curies":[{"name":"wp","href":"https:\/\/api.w.org\/{rel}","templated":true}]}}