{"id":63635,"date":"2024-09-03T11:20:39","date_gmt":"2024-09-03T14:20:39","guid":{"rendered":"https:\/\/ismaelcolosi.com.br\/index.php\/2024\/09\/03\/homem-invade-predio-na-zona-oeste-de-ribeirao-e-furta-bicicleta\/"},"modified":"2024-09-03T11:20:39","modified_gmt":"2024-09-03T14:20:39","slug":"homem-invade-predio-na-zona-oeste-de-ribeirao-e-furta-bicicleta","status":"publish","type":"post","link":"https:\/\/ismaelcolosi.com.br\/index.php\/2024\/09\/03\/homem-invade-predio-na-zona-oeste-de-ribeirao-e-furta-bicicleta\/","title":{"rendered":"Homem invade pr\u00e9dio na zona Oeste de Ribeir\u00e3o e furta bicicleta"},"content":{"rendered":"<p> <br \/>\n<\/p>\n<div data-td-block-uid=\"tdi_106\">\n<div class=\"tdb-block-inner td-fix-index\">\n<p>Na <strong>\u00faltima sexta-feira (30)<\/strong>, um homem<strong> invadiu um condom\u00ednio<\/strong> localizado na <strong>Vila Guiomar<\/strong>, <strong><mark style=\"background-color:#fcb900\" class=\"has-inline-color\">zona Norte de Ribeir\u00e3o Preto<\/mark><\/strong> e <strong>furtou a bicicleta de uma crian\u00e7a<\/strong>.<\/p>\n<p><strong>De acordo com a m\u00e3e<\/strong>, Joyce Oliveira, a pequena <strong><mark style=\"background-color:#fcb900\" class=\"has-inline-color\">desceu para brincar e n\u00e3o encontrou a bicicleta<\/mark><\/strong> que<strong> ganhou de presente de anivers\u00e1rio<\/strong>. Ent\u00e3o, Joyce solicitou as imagens de c\u00e2mera de seguran\u00e7a do condom\u00ednio e viu que <mark style=\"background-color:#fcb900\" class=\"has-inline-color\"><strong>o presente tinha sido furtado<\/strong>.<\/mark> <\/p>\n<blockquote class=\"wp-block-quote\">\n<p>\u201cMinha menina voltou pra pegar a bicicleta e subiu pra contar que n\u00e3o tava mais l\u00e1. At\u00e9 hoje ela me pergunta se o homem vai voltar pra devolver o presente dela. Isso \u00e9 muito triste pra gente.\u201d disse ela. <\/p>\n<\/blockquote>\n<p>O <strong>Boletim de Ocorr\u00eancia <\/strong>foi feito, mas at\u00e9 ent\u00e3o, <strong>a bicicleta ainda n\u00e3o foi localizada.<\/strong> <\/p>\n<p>SAIBA MAIS<br \/>Vereador atropelado segue internado ap\u00f3s passar por cirurgias em Ribeir\u00e3o<\/p>\n<h4 class=\"wp-block-heading\"><strong>FIQUE ON<\/strong><\/h4>\n<p>Fique ligado em tudo que acontece em Ribeir\u00e3o Preto e regi\u00e3o. Siga os perfis do <strong>acidade on <\/strong>no <a href=\"https:\/\/www.instagram.com\/acidadeonribeirao\" target=\"_blank\" rel=\"noreferrer noopener\">Instagram<\/a> e no <a href=\"https:\/\/www.facebook.com\/acidadeonribeirao\" target=\"_blank\" rel=\"noreferrer noopener\">Facebook<\/a>.<\/p>\n<p>Receba not\u00edcias do acidade on no WhatsApp. Para entrar no grupo, basta <a href=\"https:\/\/chat.whatsapp.com\/Dtv9mxhy6V5BJBotM2OQ5k\" target=\"_blank\" rel=\"noreferrer noopener\">clicar aqui<\/a>.<\/p>\n<p>Fa\u00e7a uma den\u00fancia ou sugira uma reportagem sobre Ribeir\u00e3o Preto e regi\u00e3o pelo WhatsApp: 16 99117 7802.<\/p>\n<p>VEJA TAMB\u00c9M<br \/>Qual o valor da d\u00edvida de Val Marchiori?<\/p>\n<p><!-- CONTENT END 1 -->\n<\/div>\n<\/div>\n<p><script async src=\"\/\/www.instagram.com\/embed.js\"><\/script><br \/>\n<br \/><br \/>\n<br \/><a href=\"https:\/\/www.acidadeon.com\/ribeiraopreto\/cotidiano\/homem-invade-predio-na-zona-oeste-de-ribeirao-e-furta-bicicleta\/\">Source link <\/a><\/p>\n","protected":false},"excerpt":{"rendered":"<p>Na \u00faltima sexta-feira (30), um homem invadiu um condom\u00ednio localizado na Vila Guiomar, zona Norte de Ribeir\u00e3o Preto e furtou a bicicleta de uma crian\u00e7a&#8230;.<\/p>\n","protected":false},"author":1,"featured_media":63636,"comment_status":"open","ping_status":"open","sticky":false,"template":"","format":"standard","meta":{"_uag_custom_page_level_css":"","advanced_seo_description":"","jetpack_seo_html_title":"","jetpack_seo_noindex":false,"jetpack_post_was_ever_published":false,"_jetpack_newsletter_access":"","_jetpack_dont_email_post_to_subs":false,"_jetpack_newsletter_tier_id":0,"_jetpack_memberships_contains_paywalled_content":false,"_jetpack_memberships_contains_paid_content":false,"footnotes":"","jetpack_publicize_message":"","jetpack_publicize_feature_enabled":true,"jetpack_social_post_already_shared":true,"jetpack_social_options":{"image_generator_settings":{"template":"highway","default_image_id":0,"font":"","enabled":false},"version":2}},"categories":[11],"tags":[],"class_list":["post-63635","post","type-post","status-publish","format-standard","has-post-thumbnail","hentry","category-noticias-de-ribeirao-preto-sp-e-regiao-ismael-colosi"],"jetpack_publicize_connections":[],"jetpack_featured_media_url":"https:\/\/i0.wp.com\/ismaelcolosi.com.br\/wp-content\/uploads\/2024\/09\/roubo-bike_2024-09-03_13-03-54_jpg_2024-09-03_13-03-54.webp.webp?fit=852%2C479&ssl=1","uagb_featured_image_src":{"full":["https:\/\/i0.wp.com\/ismaelcolosi.com.br\/wp-content\/uploads\/2024\/09\/roubo-bike_2024-09-03_13-03-54_jpg_2024-09-03_13-03-54.webp.webp?fit=852%2C479&ssl=1",852,479,false],"thumbnail":["https:\/\/i0.wp.com\/ismaelcolosi.com.br\/wp-content\/uploads\/2024\/09\/roubo-bike_2024-09-03_13-03-54_jpg_2024-09-03_13-03-54.webp.webp?resize=150%2C150&ssl=1",150,150,true],"medium":["https:\/\/i0.wp.com\/ismaelcolosi.com.br\/wp-content\/uploads\/2024\/09\/roubo-bike_2024-09-03_13-03-54_jpg_2024-09-03_13-03-54.webp.webp?fit=300%2C169&ssl=1",300,169,true],"medium_large":["https:\/\/i0.wp.com\/ismaelcolosi.com.br\/wp-content\/uploads\/2024\/09\/roubo-bike_2024-09-03_13-03-54_jpg_2024-09-03_13-03-54.webp.webp?fit=768%2C432&ssl=1",768,432,true],"large":["https:\/\/i0.wp.com\/ismaelcolosi.com.br\/wp-content\/uploads\/2024\/09\/roubo-bike_2024-09-03_13-03-54_jpg_2024-09-03_13-03-54.webp.webp?fit=852%2C479&ssl=1",852,479,true],"1536x1536":["https:\/\/i0.wp.com\/ismaelcolosi.com.br\/wp-content\/uploads\/2024\/09\/roubo-bike_2024-09-03_13-03-54_jpg_2024-09-03_13-03-54.webp.webp?fit=852%2C479&ssl=1",852,479,true],"2048x2048":["https:\/\/i0.wp.com\/ismaelcolosi.com.br\/wp-content\/uploads\/2024\/09\/roubo-bike_2024-09-03_13-03-54_jpg_2024-09-03_13-03-54.webp.webp?fit=852%2C479&ssl=1",852,479,true],"really-simple-thumb":["https:\/\/i0.wp.com\/ismaelcolosi.com.br\/wp-content\/uploads\/2024\/09\/roubo-bike_2024-09-03_13-03-54_jpg_2024-09-03_13-03-54.webp.webp?resize=370%2C247&ssl=1",370,247,true]},"uagb_author_info":{"display_name":"ismaelcolosi.com.br","author_link":"https:\/\/ismaelcolosi.com.br\/index.php\/author\/vidareal-online\/"},"uagb_comment_info":0,"uagb_excerpt":"Na \u00faltima sexta-feira (30), um homem invadiu um condom\u00ednio localizado na Vila Guiomar, zona Norte de Ribeir\u00e3o Preto e furtou a bicicleta de uma crian\u00e7a....","jetpack-related-posts":[{"id":61145,"url":"https:\/\/ismaelcolosi.com.br\/index.php\/2024\/08\/20\/ladroes-invadem-condominio-e-furtam-bicicleta-na-zona-sul-de-ribeirao-preto\/","url_meta":{"origin":63635,"position":0},"title":"Ladr\u00f5es invadem condom\u00ednio e furtam bicicleta na zona Sul de Ribeir\u00e3o Preto","author":"ismaelcolosi.com.br","date":"20 de August de 2024","format":false,"excerpt":"Dois homens invadiram a garagem de um pr\u00e9dio, na zona sul de Ribeir\u00e3o Preto, e levaram uma bicicleta. A a\u00e7\u00e3o aconteceu na rua Miguel del R\u00e9, no Jardim Ana Maria, pr\u00f3ximo a avenida Caramuru. Imagens de c\u00e2mera de seguran\u00e7a registraram o momento que os dois suspeitos for\u00e7am o port\u00e3o eletr\u00f4nico\u2026","rel":"","context":"In &quot;Not\u00edcias de Ribeir\u00e3o Preto-SP e Regi\u00e3o&quot;","block_context":{"text":"Not\u00edcias de Ribeir\u00e3o Preto-SP e Regi\u00e3o","link":"https:\/\/ismaelcolosi.com.br\/index.php\/category\/noticias-de-ribeirao-preto-sp-e-regiao-ismael-colosi\/"},"img":{"alt_text":"","src":"https:\/\/i0.wp.com\/ismaelcolosi.com.br\/wp-content\/uploads\/2024\/08\/ladrao-predio_2024-08-20_15-30-15_jpg_2024-08-20_15-30-15.webp.webp?fit=1200%2C675&ssl=1&resize=350%2C200","width":350,"height":200,"srcset":"https:\/\/i0.wp.com\/ismaelcolosi.com.br\/wp-content\/uploads\/2024\/08\/ladrao-predio_2024-08-20_15-30-15_jpg_2024-08-20_15-30-15.webp.webp?fit=1200%2C675&ssl=1&resize=350%2C200 1x, https:\/\/i0.wp.com\/ismaelcolosi.com.br\/wp-content\/uploads\/2024\/08\/ladrao-predio_2024-08-20_15-30-15_jpg_2024-08-20_15-30-15.webp.webp?fit=1200%2C675&ssl=1&resize=525%2C300 1.5x, https:\/\/i0.wp.com\/ismaelcolosi.com.br\/wp-content\/uploads\/2024\/08\/ladrao-predio_2024-08-20_15-30-15_jpg_2024-08-20_15-30-15.webp.webp?fit=1200%2C675&ssl=1&resize=700%2C400 2x, https:\/\/i0.wp.com\/ismaelcolosi.com.br\/wp-content\/uploads\/2024\/08\/ladrao-predio_2024-08-20_15-30-15_jpg_2024-08-20_15-30-15.webp.webp?fit=1200%2C675&ssl=1&resize=1050%2C600 3x"},"classes":[]},{"id":908,"url":"https:\/\/ismaelcolosi.com.br\/index.php\/2023\/11\/09\/assaltante-leva-bicicleta-eletrica-de-homem-na-avenida-independencia\/","url_meta":{"origin":63635,"position":1},"title":"Assaltante leva bicicleta el\u00e9trica de homem na avenida Independ\u00eancia","author":"ismaelcolosi.com.br","date":"9 de November de 2023","format":false,"excerpt":"9 de novembro de 2023 | 15:06 0Na noite desta quarta-feira (8) um homem foi assaltado quando sa\u00eda de ag\u00eancia banc\u00e1ria em Ribeir\u00e3o Preto. O fato aconteceu na avenida Independ\u00eancia no Jardim Sumar\u00e9.No Boletim de Ocorr\u00eancia consta que a v\u00edtima de 66 anos, foi abordada por um criminoso, por volta\u2026","rel":"","context":"In &quot;Not\u00edcias de Ribeir\u00e3o Preto-SP e Regi\u00e3o&quot;","block_context":{"text":"Not\u00edcias de Ribeir\u00e3o Preto-SP e Regi\u00e3o","link":"https:\/\/ismaelcolosi.com.br\/index.php\/category\/noticias-de-ribeirao-preto-sp-e-regiao-ismael-colosi\/"},"img":{"alt_text":"","src":"https:\/\/i0.wp.com\/ismaelcolosi.com.br\/wp-content\/uploads\/2023\/11\/giroflex-scaled.jpg?fit=967%2C645&ssl=1&resize=350%2C200","width":350,"height":200,"srcset":"https:\/\/i0.wp.com\/ismaelcolosi.com.br\/wp-content\/uploads\/2023\/11\/giroflex-scaled.jpg?fit=967%2C645&ssl=1&resize=350%2C200 1x, https:\/\/i0.wp.com\/ismaelcolosi.com.br\/wp-content\/uploads\/2023\/11\/giroflex-scaled.jpg?fit=967%2C645&ssl=1&resize=525%2C300 1.5x, https:\/\/i0.wp.com\/ismaelcolosi.com.br\/wp-content\/uploads\/2023\/11\/giroflex-scaled.jpg?fit=967%2C645&ssl=1&resize=700%2C400 2x"},"classes":[]},{"id":829,"url":"https:\/\/ismaelcolosi.com.br\/index.php\/2023\/11\/09\/apos-furto-ladrao-atropela-idosa-com-bicicleta-no-calcadao-em-rp\/","url_meta":{"origin":63635,"position":2},"title":"Ap\u00f3s furto, ladr\u00e3o atropela idosa com bicicleta no cal\u00e7ad\u00e3o em RP","author":"ismaelcolosi.com.br","date":"9 de November de 2023","format":false,"excerpt":"9 de novembro de 2023 | 11:18 0Ap\u00f3s furtar roupas e um par de t\u00eanis no centro de Ribeir\u00e3o Preto, um homem atropelou, com uma bicicleta, uma mulher de 86 anos na fuga.Segundo o Boletim de Ocorr\u00eancia, os policiais faziam patrulhamento pela regi\u00e3o central e ouviram pessoas gritando \u201cpega ladr\u00e3o\u201d\u2026","rel":"","context":"In &quot;Not\u00edcias de Ribeir\u00e3o Preto-SP e Regi\u00e3o&quot;","block_context":{"text":"Not\u00edcias de Ribeir\u00e3o Preto-SP e Regi\u00e3o","link":"https:\/\/ismaelcolosi.com.br\/index.php\/category\/noticias-de-ribeirao-preto-sp-e-regiao-ismael-colosi\/"},"img":{"alt_text":"","src":"https:\/\/i0.wp.com\/ismaelcolosi.com.br\/wp-content\/uploads\/2023\/11\/calcadao.jpg?fit=768%2C422&ssl=1&resize=350%2C200","width":350,"height":200,"srcset":"https:\/\/i0.wp.com\/ismaelcolosi.com.br\/wp-content\/uploads\/2023\/11\/calcadao.jpg?fit=768%2C422&ssl=1&resize=350%2C200 1x, https:\/\/i0.wp.com\/ismaelcolosi.com.br\/wp-content\/uploads\/2023\/11\/calcadao.jpg?fit=768%2C422&ssl=1&resize=525%2C300 1.5x, https:\/\/i0.wp.com\/ismaelcolosi.com.br\/wp-content\/uploads\/2023\/11\/calcadao.jpg?fit=768%2C422&ssl=1&resize=700%2C400 2x"},"classes":[]},{"id":15459,"url":"https:\/\/ismaelcolosi.com.br\/index.php\/2023\/12\/13\/homem-marca-encontro-por-aplicativo-e-diz-ser-agredido-por-travesti-em-ribeirao\/","url_meta":{"origin":63635,"position":3},"title":"Homem marca encontro por aplicativo e diz ser agredido por travesti em Ribeir\u00e3o","author":"ismaelcolosi.com.br","date":"13 de December de 2023","format":false,"excerpt":"Um homem de 27 anos foi agredido e roubado, na \u00faltima segunda-feira (11), ap\u00f3s marcar um encontro por um aplicativo de relacionamentos, no Jardim Anhanguera, na zona Leste de\u00a0Ribeir\u00e3o Preto. \u00a0 De acordo com o BO (boletim de ocorr\u00eancia), a v\u00edtima teria ido se encontrar com uma travesti. Ap\u00f3s o\u2026","rel":"","context":"In &quot;Not\u00edcias de Ribeir\u00e3o Preto-SP e Regi\u00e3o&quot;","block_context":{"text":"Not\u00edcias de Ribeir\u00e3o Preto-SP e Regi\u00e3o","link":"https:\/\/ismaelcolosi.com.br\/index.php\/category\/noticias-de-ribeirao-preto-sp-e-regiao-ismael-colosi\/"},"img":{"alt_text":"","src":"https:\/\/i0.wp.com\/ismaelcolosi.com.br\/wp-content\/uploads\/2023\/12\/1702503445_cpj_1024x576_04082020121137.jpg?fit=1024%2C575&ssl=1&resize=350%2C200","width":350,"height":200,"srcset":"https:\/\/i0.wp.com\/ismaelcolosi.com.br\/wp-content\/uploads\/2023\/12\/1702503445_cpj_1024x576_04082020121137.jpg?fit=1024%2C575&ssl=1&resize=350%2C200 1x, https:\/\/i0.wp.com\/ismaelcolosi.com.br\/wp-content\/uploads\/2023\/12\/1702503445_cpj_1024x576_04082020121137.jpg?fit=1024%2C575&ssl=1&resize=525%2C300 1.5x, https:\/\/i0.wp.com\/ismaelcolosi.com.br\/wp-content\/uploads\/2023\/12\/1702503445_cpj_1024x576_04082020121137.jpg?fit=1024%2C575&ssl=1&resize=700%2C400 2x"},"classes":[]},{"id":54094,"url":"https:\/\/ismaelcolosi.com.br\/index.php\/2024\/06\/21\/morre-adolescente-atropelada-com-irmao-em-bicicleta-na-via-norte-em-ribeirao-preto\/","url_meta":{"origin":63635,"position":4},"title":"Morre adolescente atropelada com irm\u00e3o em bicicleta na Via Norte em Ribeir\u00e3o Preto","author":"ismaelcolosi.com.br","date":"21 de June de 2024","format":false,"excerpt":"A adolescente de 14 anos atropelada na semana passada, quando estava em uma bicicleta com o irm\u00e3o de 7 anos, na Via Norte, morreu nesta quinta-feira (20), em Ribeir\u00e3o Preto. Segundo o boletim de ocorr\u00eancia (BO), a v\u00edtima, identificada como Clarissa Ara\u00fajo da Silva, foi socorrida na noite do dia\u2026","rel":"","context":"In &quot;Not\u00edcias de Ribeir\u00e3o Preto-SP e Regi\u00e3o&quot;","block_context":{"text":"Not\u00edcias de Ribeir\u00e3o Preto-SP e Regi\u00e3o","link":"https:\/\/ismaelcolosi.com.br\/index.php\/category\/noticias-de-ribeirao-preto-sp-e-regiao-ismael-colosi\/"},"img":{"alt_text":"","src":"https:\/\/i0.wp.com\/ismaelcolosi.com.br\/wp-content\/uploads\/2024\/06\/1718986332_hcue_hospital_500x320_08052018121430.jpg?fit=500%2C322&ssl=1&resize=350%2C200","width":350,"height":200},"classes":[]},{"id":67371,"url":"https:\/\/ismaelcolosi.com.br\/index.php\/2024\/09\/23\/homem-e-encontrado-baleado-em-condominio-de-ribeirao-preto\/","url_meta":{"origin":63635,"position":5},"title":"Homem \u00e9 encontrado baleado em condom\u00ednio de Ribeir\u00e3o Preto","author":"ismaelcolosi.com.br","date":"23 de September de 2024","format":false,"excerpt":"Um homem de 35 anos foi encontrado baleado na noite deste domingo (22), em um condom\u00ednio na zona Norte de Ribeir\u00e3o Preto. Segundo o boletim de ocorr\u00eancia (BO), a PM (Pol\u00edcia Militar) foi chamada at\u00e9 o local, na Via Norte, na altura da Vila Albertina, e a equipe foi recebida\u2026","rel":"","context":"In &quot;Not\u00edcias de Ribeir\u00e3o Preto-SP e Regi\u00e3o&quot;","block_context":{"text":"Not\u00edcias de Ribeir\u00e3o Preto-SP e Regi\u00e3o","link":"https:\/\/ismaelcolosi.com.br\/index.php\/category\/noticias-de-ribeirao-preto-sp-e-regiao-ismael-colosi\/"},"img":{"alt_text":"","src":"https:\/\/i0.wp.com\/ismaelcolosi.com.br\/wp-content\/uploads\/2024\/09\/1727094463_pm_qru_1024x576_25052021184558.jpg?fit=1024%2C576&ssl=1&resize=350%2C200","width":350,"height":200,"srcset":"https:\/\/i0.wp.com\/ismaelcolosi.com.br\/wp-content\/uploads\/2024\/09\/1727094463_pm_qru_1024x576_25052021184558.jpg?fit=1024%2C576&ssl=1&resize=350%2C200 1x, https:\/\/i0.wp.com\/ismaelcolosi.com.br\/wp-content\/uploads\/2024\/09\/1727094463_pm_qru_1024x576_25052021184558.jpg?fit=1024%2C576&ssl=1&resize=525%2C300 1.5x, https:\/\/i0.wp.com\/ismaelcolosi.com.br\/wp-content\/uploads\/2024\/09\/1727094463_pm_qru_1024x576_25052021184558.jpg?fit=1024%2C576&ssl=1&resize=700%2C400 2x"},"classes":[]}],"jetpack_sharing_enabled":true,"jetpack_shortlink":"https:\/\/wp.me\/pfMlyK-gyn","_links":{"self":[{"href":"https:\/\/ismaelcolosi.com.br\/index.php\/wp-json\/wp\/v2\/posts\/63635","targetHints":{"allow":["GET"]}}],"collection":[{"href":"https:\/\/ismaelcolosi.com.br\/index.php\/wp-json\/wp\/v2\/posts"}],"about":[{"href":"https:\/\/ismaelcolosi.com.br\/index.php\/wp-json\/wp\/v2\/types\/post"}],"author":[{"embeddable":true,"href":"https:\/\/ismaelcolosi.com.br\/index.php\/wp-json\/wp\/v2\/users\/1"}],"replies":[{"embeddable":true,"href":"https:\/\/ismaelcolosi.com.br\/index.php\/wp-json\/wp\/v2\/comments?post=63635"}],"version-history":[{"count":0,"href":"https:\/\/ismaelcolosi.com.br\/index.php\/wp-json\/wp\/v2\/posts\/63635\/revisions"}],"wp:featuredmedia":[{"embeddable":true,"href":"https:\/\/ismaelcolosi.com.br\/index.php\/wp-json\/wp\/v2\/media\/63636"}],"wp:attachment":[{"href":"https:\/\/ismaelcolosi.com.br\/index.php\/wp-json\/wp\/v2\/media?parent=63635"}],"wp:term":[{"taxonomy":"category","embeddable":true,"href":"https:\/\/ismaelcolosi.com.br\/index.php\/wp-json\/wp\/v2\/categories?post=63635"},{"taxonomy":"post_tag","embeddable":true,"href":"https:\/\/ismaelcolosi.com.br\/index.php\/wp-json\/wp\/v2\/tags?post=63635"}],"curies":[{"name":"wp","href":"https:\/\/api.w.org\/{rel}","templated":true}]}}