{"id":63608,"date":"2024-09-03T09:01:37","date_gmt":"2024-09-03T12:01:37","guid":{"rendered":"https:\/\/ismaelcolosi.com.br\/index.php\/2024\/09\/03\/vereador-atropelado-segue-internado-apos-passar-por-cirurgias-em-ribeirao\/"},"modified":"2024-09-03T09:01:37","modified_gmt":"2024-09-03T12:01:37","slug":"vereador-atropelado-segue-internado-apos-passar-por-cirurgias-em-ribeirao","status":"publish","type":"post","link":"https:\/\/ismaelcolosi.com.br\/index.php\/2024\/09\/03\/vereador-atropelado-segue-internado-apos-passar-por-cirurgias-em-ribeirao\/","title":{"rendered":"Vereador atropelado segue internado ap\u00f3s passar por cirurgias em Ribeir\u00e3o"},"content":{"rendered":"<p> <br \/>\n<\/p>\n<div data-td-block-uid=\"tdi_106\">\n<div class=\"tdb-block-inner td-fix-index\">\n<p><strong>O\u00a0vereador Paulo Modas (PSD), de 62 anos, passou por duas cirurgias ap\u00f3s ser atropelado popr um carro nesta segunda-feira (2), em Ribeir\u00e3o Preto. <\/strong>Ele segue <strong>internado <\/strong>nesta<strong> ter\u00e7a-feira (3)<\/strong>, no <strong>Centro de Terapia Intensiva (CTI)<\/strong> do\u00a0<strong>Hospital das Cl\u00ednicas \u2013 Unidade de Emerg\u00eancia (HC-UE)<\/strong>, com <strong>quadro <\/strong>de <strong>sa\u00fade <\/strong>considerado <strong>grave<\/strong>, segundo a esposa do pol\u00edtico informou \u00e0 EPTV.<\/p>\n<p>Confome as informa\u00e7\u00f5es, <strong>Modas <\/strong>foi submetido a <strong>procedimentos <\/strong>na <strong>cabe\u00e7a <\/strong>e no <strong>t\u00f3rax<\/strong> \u2013 na veia <strong>aorta<\/strong> -, devido a <strong>hemorragias<\/strong>. As cirurgias duraram aproximadamente seis horas.<\/p>\n<p>Ainda de acordo com a esposa do pol\u00edtico, a <strong>expectativa <\/strong>\u00e9 que ele continue em <strong>coma induzido <\/strong>por ao menos <strong>48 horas<\/strong>.<\/p>\n<h4 class=\"wp-block-heading\"><strong>O atropelamento<\/strong><\/h4>\n<p>O vereador <strong>Paulo Modas <\/strong>realizava\u00a0<strong>atividades de campanha<\/strong>\u00a0<strong>pol\u00edtica <\/strong>quando foi <strong>atingido <\/strong>por um <strong>carro <\/strong>na\u00a0<strong>rua Coronel Am\u00e9rico Batista<\/strong>, zona Norte de <strong>Ribeir\u00e3o Preto<\/strong>. (Com EPTV)<\/p>\n<p><strong>Assista ao v\u00eddeo do atropelamento registrado por c\u00e2mera de seguran\u00e7a:<\/strong><\/p>\n<p><span><mark style=\"font-weight: bold; background-color: rgb(207, 46, 46);\" class=\"has-inline-color has-black-color\">O V\u00cdDEO ABAIXO PODE APRESENTAR CONTE\u00daDO SENS\u00cdVEL PARA ALGUMAS PESSOAS<\/mark><\/span><\/p>\n<figure class=\"wp-block-video\"><video controls=\"\" src=\"https:\/\/www.acidadeon.com\/ribeiraopreto\/wp-content\/uploads\/sites\/3\/2024\/09\/WhatsApp-Video-2024-09-02-at-20.31.22.mp4\"\/><\/figure>\n<p>SAIBA MAIS<\/p>\n<p>Interior de SP tem \u00e1reas entre as mais secas do Brasil nesta ter\u00e7a; Veja regi\u00f5es<\/p>\n<h4 class=\"wp-block-heading\"><strong>FIQUE ON<\/strong><\/h4>\n<p>Fique ligado em tudo que acontece em Ribeir\u00e3o Preto e regi\u00e3o. Siga os perfis do<strong>\u00a0acidade on<\/strong>\u00a0no\u00a0<a href=\"https:\/\/www.instagram.com\/acidadeonribeirao\" target=\"_blank\" rel=\"noreferrer noopener\">Instagram\u00a0<\/a>e no<a href=\"https:\/\/www.facebook.com\/acidadeonribeirao\/\" target=\"_blank\" rel=\"noreferrer noopener\">\u00a0Facebook<\/a>.<\/p>\n<p>Receba not\u00edcias do\u00a0<strong>acidade on<\/strong>\u00a0no WhatsApp.\u00a0<a href=\"https:\/\/chat.whatsapp.com\/Dtv9mxhy6V5BJBotM2OQ5k\" target=\"_blank\" rel=\"noreferrer noopener\">Para entrar no grupo, basta clicar aqui.<\/a><\/p>\n<p>Fa\u00e7a uma den\u00fancia ou sugira uma reportagem sobre Ribeir\u00e3o Preto e regi\u00e3o pelo WhatsApp: 16 99117 7802.<\/p>\n<p>VEJA TAMB\u00c9M<\/p>\n<p>Qual \u00e9 o hor\u00e1rio da bandeira vermelha na conta de luz?<\/p>\n<p><!-- CONTENT END 3 -->\n<\/div>\n<\/div>\n<p><script async src=\"\/\/www.instagram.com\/embed.js\"><\/script><br \/>\n<br \/><br \/>\n<br \/><a href=\"https:\/\/www.acidadeon.com\/ribeiraopreto\/cotidiano\/vereador-atropelado-segue-internado-apos-passar-por-cirurgias-em-ribeirao\/\">Source link <\/a><\/p>\n","protected":false},"excerpt":{"rendered":"<p>O\u00a0vereador Paulo Modas (PSD), de 62 anos, passou por duas cirurgias ap\u00f3s ser atropelado popr um carro nesta segunda-feira (2), em Ribeir\u00e3o Preto. Ele segue&#8230;<\/p>\n","protected":false},"author":1,"featured_media":63459,"comment_status":"open","ping_status":"open","sticky":false,"template":"","format":"standard","meta":{"_uag_custom_page_level_css":"","advanced_seo_description":"","jetpack_seo_html_title":"","jetpack_seo_noindex":false,"jetpack_post_was_ever_published":false,"_jetpack_newsletter_access":"","_jetpack_dont_email_post_to_subs":false,"_jetpack_newsletter_tier_id":0,"_jetpack_memberships_contains_paywalled_content":false,"_jetpack_memberships_contains_paid_content":false,"footnotes":"","jetpack_publicize_message":"","jetpack_publicize_feature_enabled":true,"jetpack_social_post_already_shared":true,"jetpack_social_options":{"image_generator_settings":{"template":"highway","default_image_id":0,"font":"","enabled":false},"version":2}},"categories":[11],"tags":[],"class_list":["post-63608","post","type-post","status-publish","format-standard","has-post-thumbnail","hentry","category-noticias-de-ribeirao-preto-sp-e-regiao-ismael-colosi"],"jetpack_publicize_connections":[],"jetpack_featured_media_url":"https:\/\/i0.wp.com\/ismaelcolosi.com.br\/wp-content\/uploads\/2024\/09\/paulo-modas_2024-09-02_15-15-17_jpg_2024-09-02_15-15-17.webp.webp?fit=1200%2C901&ssl=1","uagb_featured_image_src":{"full":["https:\/\/i0.wp.com\/ismaelcolosi.com.br\/wp-content\/uploads\/2024\/09\/paulo-modas_2024-09-02_15-15-17_jpg_2024-09-02_15-15-17.webp.webp?fit=1200%2C901&ssl=1",1200,901,false],"thumbnail":["https:\/\/i0.wp.com\/ismaelcolosi.com.br\/wp-content\/uploads\/2024\/09\/paulo-modas_2024-09-02_15-15-17_jpg_2024-09-02_15-15-17.webp.webp?resize=150%2C150&ssl=1",150,150,true],"medium":["https:\/\/i0.wp.com\/ismaelcolosi.com.br\/wp-content\/uploads\/2024\/09\/paulo-modas_2024-09-02_15-15-17_jpg_2024-09-02_15-15-17.webp.webp?fit=300%2C225&ssl=1",300,225,true],"medium_large":["https:\/\/i0.wp.com\/ismaelcolosi.com.br\/wp-content\/uploads\/2024\/09\/paulo-modas_2024-09-02_15-15-17_jpg_2024-09-02_15-15-17.webp.webp?fit=768%2C577&ssl=1",768,577,true],"large":["https:\/\/i0.wp.com\/ismaelcolosi.com.br\/wp-content\/uploads\/2024\/09\/paulo-modas_2024-09-02_15-15-17_jpg_2024-09-02_15-15-17.webp.webp?fit=1024%2C769&ssl=1",1024,769,true],"1536x1536":["https:\/\/i0.wp.com\/ismaelcolosi.com.br\/wp-content\/uploads\/2024\/09\/paulo-modas_2024-09-02_15-15-17_jpg_2024-09-02_15-15-17.webp.webp?fit=1200%2C901&ssl=1",1200,901,true],"2048x2048":["https:\/\/i0.wp.com\/ismaelcolosi.com.br\/wp-content\/uploads\/2024\/09\/paulo-modas_2024-09-02_15-15-17_jpg_2024-09-02_15-15-17.webp.webp?fit=1200%2C901&ssl=1",1200,901,true],"really-simple-thumb":["https:\/\/i0.wp.com\/ismaelcolosi.com.br\/wp-content\/uploads\/2024\/09\/paulo-modas_2024-09-02_15-15-17_jpg_2024-09-02_15-15-17.webp.webp?resize=370%2C247&ssl=1",370,247,true]},"uagb_author_info":{"display_name":"ismaelcolosi.com.br","author_link":"https:\/\/ismaelcolosi.com.br\/index.php\/author\/vidareal-online\/"},"uagb_comment_info":0,"uagb_excerpt":"O\u00a0vereador Paulo Modas (PSD), de 62 anos, passou por duas cirurgias ap\u00f3s ser atropelado popr um carro nesta segunda-feira (2), em Ribeir\u00e3o Preto. Ele segue...","jetpack-related-posts":[{"id":66372,"url":"https:\/\/ismaelcolosi.com.br\/index.php\/2024\/09\/17\/vereador-de-ribeirao-recebe-alta-medica-15-dias-apos-ser-atropelado-por-carro\/","url_meta":{"origin":63608,"position":0},"title":"Vereador de Ribeir\u00e3o recebe alta m\u00e9dica 15 dias ap\u00f3s ser atropelado por carro","author":"ismaelcolosi.com.br","date":"17 de September de 2024","format":false,"excerpt":"O vereador Paulo Modas (PSD), de 62 anos, recebeu alta m\u00e9dica na manh\u00e3 desta ter\u00e7a-feira (17), do Hospital das Cl\u00ednicas \u2013 Unidade de Emerg\u00eancia (HC-UE). Ele passou por cirurgias na cabe\u00e7a e no t\u00f3rax, ap\u00f3s ser atropelado por um caro no \u00faltimo dia 2 de setembro. O parlamentar permaneceu internado\u2026","rel":"","context":"In &quot;Not\u00edcias de Ribeir\u00e3o Preto-SP e Regi\u00e3o&quot;","block_context":{"text":"Not\u00edcias de Ribeir\u00e3o Preto-SP e Regi\u00e3o","link":"https:\/\/ismaelcolosi.com.br\/index.php\/category\/noticias-de-ribeirao-preto-sp-e-regiao-ismael-colosi\/"},"img":{"alt_text":"","src":"https:\/\/i0.wp.com\/ismaelcolosi.com.br\/wp-content\/uploads\/2024\/09\/paulo-modas_2024-09-02_15-15-17_jpg_2024-09-02_15-15-17.webp.webp?fit=1200%2C901&ssl=1&resize=350%2C200","width":350,"height":200,"srcset":"https:\/\/i0.wp.com\/ismaelcolosi.com.br\/wp-content\/uploads\/2024\/09\/paulo-modas_2024-09-02_15-15-17_jpg_2024-09-02_15-15-17.webp.webp?fit=1200%2C901&ssl=1&resize=350%2C200 1x, https:\/\/i0.wp.com\/ismaelcolosi.com.br\/wp-content\/uploads\/2024\/09\/paulo-modas_2024-09-02_15-15-17_jpg_2024-09-02_15-15-17.webp.webp?fit=1200%2C901&ssl=1&resize=525%2C300 1.5x, https:\/\/i0.wp.com\/ismaelcolosi.com.br\/wp-content\/uploads\/2024\/09\/paulo-modas_2024-09-02_15-15-17_jpg_2024-09-02_15-15-17.webp.webp?fit=1200%2C901&ssl=1&resize=700%2C400 2x, https:\/\/i0.wp.com\/ismaelcolosi.com.br\/wp-content\/uploads\/2024\/09\/paulo-modas_2024-09-02_15-15-17_jpg_2024-09-02_15-15-17.webp.webp?fit=1200%2C901&ssl=1&resize=1050%2C600 3x"},"classes":[]},{"id":63556,"url":"https:\/\/ismaelcolosi.com.br\/index.php\/2024\/09\/02\/vereador-atropelado-em-ribeirao-preto-passa-por-cirurgia-no-hc-ue\/","url_meta":{"origin":63608,"position":1},"title":"Vereador atropelado em Ribeir\u00e3o Preto passa por cirurgia no HC-UE","author":"ismaelcolosi.com.br","date":"2 de September de 2024","format":false,"excerpt":"O vereador Paulo Modas (PSD), de 62 anos, est\u00e1 passando por uma cirurgia no Hospital das Cl\u00ednicas Unidade de Emerg\u00eancia (HC-UE) de Ribeir\u00e3o Preto, nesta segunda-feira (2). A informa\u00e7\u00e3o foi confirmada pela assessoria do pol\u00edtico no fim da tarde. De acordo com o comunicado, a interven\u00e7\u00e3o cir\u00fargica foi necess\u00e1ria ap\u00f3s\u2026","rel":"","context":"In &quot;Not\u00edcias de Ribeir\u00e3o Preto-SP e Regi\u00e3o&quot;","block_context":{"text":"Not\u00edcias de Ribeir\u00e3o Preto-SP e Regi\u00e3o","link":"https:\/\/ismaelcolosi.com.br\/index.php\/category\/noticias-de-ribeirao-preto-sp-e-regiao-ismael-colosi\/"},"img":{"alt_text":"","src":"https:\/\/i0.wp.com\/ismaelcolosi.com.br\/wp-content\/uploads\/2024\/09\/Copia-de-Copia-de-Copia-de-TAMANHO-EXATO-PARA-FOTOS-NO-SISTEMA-NOVO-25_2024-09-02_22-20-11_png_2024-09-02_22-20-11.webp.webp?fit=1200%2C675&ssl=1&resize=350%2C200","width":350,"height":200,"srcset":"https:\/\/i0.wp.com\/ismaelcolosi.com.br\/wp-content\/uploads\/2024\/09\/Copia-de-Copia-de-Copia-de-TAMANHO-EXATO-PARA-FOTOS-NO-SISTEMA-NOVO-25_2024-09-02_22-20-11_png_2024-09-02_22-20-11.webp.webp?fit=1200%2C675&ssl=1&resize=350%2C200 1x, https:\/\/i0.wp.com\/ismaelcolosi.com.br\/wp-content\/uploads\/2024\/09\/Copia-de-Copia-de-Copia-de-TAMANHO-EXATO-PARA-FOTOS-NO-SISTEMA-NOVO-25_2024-09-02_22-20-11_png_2024-09-02_22-20-11.webp.webp?fit=1200%2C675&ssl=1&resize=525%2C300 1.5x, https:\/\/i0.wp.com\/ismaelcolosi.com.br\/wp-content\/uploads\/2024\/09\/Copia-de-Copia-de-Copia-de-TAMANHO-EXATO-PARA-FOTOS-NO-SISTEMA-NOVO-25_2024-09-02_22-20-11_png_2024-09-02_22-20-11.webp.webp?fit=1200%2C675&ssl=1&resize=700%2C400 2x, https:\/\/i0.wp.com\/ismaelcolosi.com.br\/wp-content\/uploads\/2024\/09\/Copia-de-Copia-de-Copia-de-TAMANHO-EXATO-PARA-FOTOS-NO-SISTEMA-NOVO-25_2024-09-02_22-20-11_png_2024-09-02_22-20-11.webp.webp?fit=1200%2C675&ssl=1&resize=1050%2C600 3x"},"classes":[]},{"id":63615,"url":"https:\/\/ismaelcolosi.com.br\/index.php\/2024\/09\/03\/regioes-leste-e-norte-de-ribeirao-preto-tem-alerta-para-falta-dagua-veja-os-bairros\/","url_meta":{"origin":63608,"position":2},"title":"Regi\u00f5es Leste e Norte de Ribeir\u00e3o Preto t\u00eam alerta para falta d\u2019\u00e1gua; Veja os bairros","author":"ismaelcolosi.com.br","date":"3 de September de 2024","format":false,"excerpt":"A Saerp (Secretaria de \u00c1gua e Esgoto de Ribeir\u00e3o Preto) informou nesta ter\u00e7a-feira (3) que bairros das regi\u00f5es Leste e Norte de Ribeir\u00e3o Preto t\u00eam alerta para falta d\u2019\u00e1gua. De acordo com a secretaria, est\u00e1 sendo realizada a substitui\u00e7\u00e3o da bomba do po\u00e7o Jardim Paulista, a fim de aumentar a\u2026","rel":"","context":"In &quot;Not\u00edcias de Ribeir\u00e3o Preto-SP e Regi\u00e3o&quot;","block_context":{"text":"Not\u00edcias de Ribeir\u00e3o Preto-SP e Regi\u00e3o","link":"https:\/\/ismaelcolosi.com.br\/index.php\/category\/noticias-de-ribeirao-preto-sp-e-regiao-ismael-colosi\/"},"img":{"alt_text":"","src":"https:\/\/i0.wp.com\/ismaelcolosi.com.br\/wp-content\/uploads\/2024\/09\/falta-de-agua-3.jpg?fit=1200%2C673&ssl=1&resize=350%2C200","width":350,"height":200,"srcset":"https:\/\/i0.wp.com\/ismaelcolosi.com.br\/wp-content\/uploads\/2024\/09\/falta-de-agua-3.jpg?fit=1200%2C673&ssl=1&resize=350%2C200 1x, https:\/\/i0.wp.com\/ismaelcolosi.com.br\/wp-content\/uploads\/2024\/09\/falta-de-agua-3.jpg?fit=1200%2C673&ssl=1&resize=525%2C300 1.5x, https:\/\/i0.wp.com\/ismaelcolosi.com.br\/wp-content\/uploads\/2024\/09\/falta-de-agua-3.jpg?fit=1200%2C673&ssl=1&resize=700%2C400 2x, https:\/\/i0.wp.com\/ismaelcolosi.com.br\/wp-content\/uploads\/2024\/09\/falta-de-agua-3.jpg?fit=1200%2C673&ssl=1&resize=1050%2C600 3x"},"classes":[]},{"id":63635,"url":"https:\/\/ismaelcolosi.com.br\/index.php\/2024\/09\/03\/homem-invade-predio-na-zona-oeste-de-ribeirao-e-furta-bicicleta\/","url_meta":{"origin":63608,"position":3},"title":"Homem invade pr\u00e9dio na zona Oeste de Ribeir\u00e3o e furta bicicleta","author":"ismaelcolosi.com.br","date":"3 de September de 2024","format":false,"excerpt":"Na \u00faltima sexta-feira (30), um homem invadiu um condom\u00ednio localizado na Vila Guiomar, zona Norte de Ribeir\u00e3o Preto e furtou a bicicleta de uma crian\u00e7a. De acordo com a m\u00e3e, Joyce Oliveira, a pequena desceu para brincar e n\u00e3o encontrou a bicicleta que ganhou de presente de anivers\u00e1rio. Ent\u00e3o, Joyce\u2026","rel":"","context":"In &quot;Not\u00edcias de Ribeir\u00e3o Preto-SP e Regi\u00e3o&quot;","block_context":{"text":"Not\u00edcias de Ribeir\u00e3o Preto-SP e Regi\u00e3o","link":"https:\/\/ismaelcolosi.com.br\/index.php\/category\/noticias-de-ribeirao-preto-sp-e-regiao-ismael-colosi\/"},"img":{"alt_text":"","src":"https:\/\/i0.wp.com\/ismaelcolosi.com.br\/wp-content\/uploads\/2024\/09\/roubo-bike_2024-09-03_13-03-54_jpg_2024-09-03_13-03-54.webp.webp?fit=852%2C479&ssl=1&resize=350%2C200","width":350,"height":200,"srcset":"https:\/\/i0.wp.com\/ismaelcolosi.com.br\/wp-content\/uploads\/2024\/09\/roubo-bike_2024-09-03_13-03-54_jpg_2024-09-03_13-03-54.webp.webp?fit=852%2C479&ssl=1&resize=350%2C200 1x, https:\/\/i0.wp.com\/ismaelcolosi.com.br\/wp-content\/uploads\/2024\/09\/roubo-bike_2024-09-03_13-03-54_jpg_2024-09-03_13-03-54.webp.webp?fit=852%2C479&ssl=1&resize=525%2C300 1.5x, https:\/\/i0.wp.com\/ismaelcolosi.com.br\/wp-content\/uploads\/2024\/09\/roubo-bike_2024-09-03_13-03-54_jpg_2024-09-03_13-03-54.webp.webp?fit=852%2C479&ssl=1&resize=700%2C400 2x"},"classes":[]},{"id":63649,"url":"https:\/\/ismaelcolosi.com.br\/index.php\/2024\/09\/03\/homem-e-esfaqueado-na-barriga-ao-acordar-em-ribeirao-preto\/","url_meta":{"origin":63608,"position":4},"title":"Homem \u00e9 esfaqueado na barriga ao acordar em Ribeir\u00e3o Preto","author":"ismaelcolosi.com.br","date":"3 de September de 2024","format":false,"excerpt":"Um homem de 25 anos foi enfaqueado no abd\u00f4men\u00a0ao acordar na madrugada desta ter\u00e7a-feira (3), em Ribeir\u00e3o Preto. Segundo o boletim de ocorr\u00eancia (BO), a v\u00edtima disse \u00e0 PM (Pol\u00edcia Militar) que dormia em uma rede nas proximidades de um posto de combust\u00edveis \u00e0s margens da rodovia Anhanguera (SP-330), quando\u2026","rel":"","context":"In &quot;Not\u00edcias de Ribeir\u00e3o Preto-SP e Regi\u00e3o&quot;","block_context":{"text":"Not\u00edcias de Ribeir\u00e3o Preto-SP e Regi\u00e3o","link":"https:\/\/ismaelcolosi.com.br\/index.php\/category\/noticias-de-ribeirao-preto-sp-e-regiao-ismael-colosi\/"},"img":{"alt_text":"","src":"https:\/\/i0.wp.com\/ismaelcolosi.com.br\/wp-content\/uploads\/2024\/09\/20220620_114539075_policia_qru_1024x576_25052021184749_jpg_715985292.jpg?fit=1200%2C606&ssl=1&resize=350%2C200","width":350,"height":200,"srcset":"https:\/\/i0.wp.com\/ismaelcolosi.com.br\/wp-content\/uploads\/2024\/09\/20220620_114539075_policia_qru_1024x576_25052021184749_jpg_715985292.jpg?fit=1200%2C606&ssl=1&resize=350%2C200 1x, https:\/\/i0.wp.com\/ismaelcolosi.com.br\/wp-content\/uploads\/2024\/09\/20220620_114539075_policia_qru_1024x576_25052021184749_jpg_715985292.jpg?fit=1200%2C606&ssl=1&resize=525%2C300 1.5x, https:\/\/i0.wp.com\/ismaelcolosi.com.br\/wp-content\/uploads\/2024\/09\/20220620_114539075_policia_qru_1024x576_25052021184749_jpg_715985292.jpg?fit=1200%2C606&ssl=1&resize=700%2C400 2x, https:\/\/i0.wp.com\/ismaelcolosi.com.br\/wp-content\/uploads\/2024\/09\/20220620_114539075_policia_qru_1024x576_25052021184749_jpg_715985292.jpg?fit=1200%2C606&ssl=1&resize=1050%2C600 3x"},"classes":[]},{"id":68661,"url":"https:\/\/ismaelcolosi.com.br\/index.php\/2024\/10\/01\/policial-penal-vitima-de-acidente-precisa-de-doacao-de-sangue-em-ribeirao\/","url_meta":{"origin":63608,"position":5},"title":"Policial penal v\u00edtima de acidente precisa de doa\u00e7\u00e3o de sangue em Ribeir\u00e3o","author":"ismaelcolosi.com.br","date":"1 de October de 2024","format":false,"excerpt":"O policial penal Adaias Emanoel Flausino, de 43 anos, precisa de doa\u00e7\u00e3o de sangue, em Ribeir\u00e3o Preto. Ele sofreu um acidente de moto na \u00faltima sexta-feira (27) e segue internado no Hospital das Cl\u00ednicas \u2013 Unidade de Emerg\u00eancia (HC-UE). Segundo a fam\u00edlia, o sangue \u00e9 O positivo, mas pode ser\u2026","rel":"","context":"In &quot;Not\u00edcias de Ribeir\u00e3o Preto-SP e Regi\u00e3o&quot;","block_context":{"text":"Not\u00edcias de Ribeir\u00e3o Preto-SP e Regi\u00e3o","link":"https:\/\/ismaelcolosi.com.br\/index.php\/category\/noticias-de-ribeirao-preto-sp-e-regiao-ismael-colosi\/"},"img":{"alt_text":"","src":"https:\/\/i0.wp.com\/ismaelcolosi.com.br\/wp-content\/uploads\/2024\/10\/WhatsApp-Image-2024-10-01-at-12.08.58_2024-10-01_15-10-15_jpeg_2024-10-01_15-10-15.webp.webp?fit=1200%2C675&ssl=1&resize=350%2C200","width":350,"height":200,"srcset":"https:\/\/i0.wp.com\/ismaelcolosi.com.br\/wp-content\/uploads\/2024\/10\/WhatsApp-Image-2024-10-01-at-12.08.58_2024-10-01_15-10-15_jpeg_2024-10-01_15-10-15.webp.webp?fit=1200%2C675&ssl=1&resize=350%2C200 1x, https:\/\/i0.wp.com\/ismaelcolosi.com.br\/wp-content\/uploads\/2024\/10\/WhatsApp-Image-2024-10-01-at-12.08.58_2024-10-01_15-10-15_jpeg_2024-10-01_15-10-15.webp.webp?fit=1200%2C675&ssl=1&resize=525%2C300 1.5x, https:\/\/i0.wp.com\/ismaelcolosi.com.br\/wp-content\/uploads\/2024\/10\/WhatsApp-Image-2024-10-01-at-12.08.58_2024-10-01_15-10-15_jpeg_2024-10-01_15-10-15.webp.webp?fit=1200%2C675&ssl=1&resize=700%2C400 2x, https:\/\/i0.wp.com\/ismaelcolosi.com.br\/wp-content\/uploads\/2024\/10\/WhatsApp-Image-2024-10-01-at-12.08.58_2024-10-01_15-10-15_jpeg_2024-10-01_15-10-15.webp.webp?fit=1200%2C675&ssl=1&resize=1050%2C600 3x"},"classes":[]}],"jetpack_sharing_enabled":true,"jetpack_shortlink":"https:\/\/wp.me\/pfMlyK-gxW","_links":{"self":[{"href":"https:\/\/ismaelcolosi.com.br\/index.php\/wp-json\/wp\/v2\/posts\/63608","targetHints":{"allow":["GET"]}}],"collection":[{"href":"https:\/\/ismaelcolosi.com.br\/index.php\/wp-json\/wp\/v2\/posts"}],"about":[{"href":"https:\/\/ismaelcolosi.com.br\/index.php\/wp-json\/wp\/v2\/types\/post"}],"author":[{"embeddable":true,"href":"https:\/\/ismaelcolosi.com.br\/index.php\/wp-json\/wp\/v2\/users\/1"}],"replies":[{"embeddable":true,"href":"https:\/\/ismaelcolosi.com.br\/index.php\/wp-json\/wp\/v2\/comments?post=63608"}],"version-history":[{"count":0,"href":"https:\/\/ismaelcolosi.com.br\/index.php\/wp-json\/wp\/v2\/posts\/63608\/revisions"}],"wp:featuredmedia":[{"embeddable":true,"href":"https:\/\/ismaelcolosi.com.br\/index.php\/wp-json\/wp\/v2\/media\/63459"}],"wp:attachment":[{"href":"https:\/\/ismaelcolosi.com.br\/index.php\/wp-json\/wp\/v2\/media?parent=63608"}],"wp:term":[{"taxonomy":"category","embeddable":true,"href":"https:\/\/ismaelcolosi.com.br\/index.php\/wp-json\/wp\/v2\/categories?post=63608"},{"taxonomy":"post_tag","embeddable":true,"href":"https:\/\/ismaelcolosi.com.br\/index.php\/wp-json\/wp\/v2\/tags?post=63608"}],"curies":[{"name":"wp","href":"https:\/\/api.w.org\/{rel}","templated":true}]}}