{"id":63599,"date":"2024-09-03T07:42:19","date_gmt":"2024-09-03T10:42:19","guid":{"rendered":"https:\/\/ismaelcolosi.com.br\/index.php\/2024\/09\/03\/interior-de-sp-tem-areas-entre-as-mais-secas-do-brasil-nesta-terca-veja-regioes\/"},"modified":"2024-09-03T07:42:19","modified_gmt":"2024-09-03T10:42:19","slug":"interior-de-sp-tem-areas-entre-as-mais-secas-do-brasil-nesta-terca-veja-regioes","status":"publish","type":"post","link":"https:\/\/ismaelcolosi.com.br\/index.php\/2024\/09\/03\/interior-de-sp-tem-areas-entre-as-mais-secas-do-brasil-nesta-terca-veja-regioes\/","title":{"rendered":"Interior de SP tem \u00e1reas entre as mais secas do Brasil nesta ter\u00e7a; Veja regi\u00f5es"},"content":{"rendered":"<p> <br \/>\n<\/p>\n<div data-td-block-uid=\"tdi_106\">\n<div class=\"tdb-block-inner td-fix-index\">\n<p><strong>Parte do interior de S\u00e3o Paulo est\u00e1 em emerg\u00eancia para o risco de baixa umidade do ar nesta ter\u00e7a-feira (3).<\/strong> <strong>Veja <\/strong>o <strong>mapa <\/strong>abaixo.<\/p>\n<p>Segundo a <a href=\"https:\/\/www.climatempo.com.br\/\" target=\"_blank\" rel=\"noreferrer noopener\">Climatempo<\/a>, <mark style=\"background-color:#fcb900\" class=\"has-inline-color has-black-color\">o Norte e o Oeste do estado paulista estar\u00e3o entre as \u00e1reas mais secas do Brasil hoje, com n\u00edvel <mark style=\"background-color:#fcb900\" class=\"has-inline-color has-black-color\">previsto <\/mark>de umidade do ar abaixo de 12%.<\/mark><\/p>\n<blockquote class=\"wp-block-quote\">\n<p>\u201cN\u00e3o h\u00e1 condi\u00e7\u00f5es para chuva em nenhuma \u00e1rea do Sudeste. O vento mar\u00edtimo espalha o ar \u00famido pelo Leste da regi\u00e3o e por isso muitas nuvens se formam, em alguns per\u00edodos do dia, pelo litoral de S\u00e3o Paulo. Aten\u00e7\u00e3o para problemas de visibilidade por causa da forma\u00e7\u00e3o de nevoeiro ao amanhecer no Leste de S\u00e3o Paulo\u201d<\/p>\n<p><cite>Climatempo<\/cite><\/p><\/blockquote>\n<figure class=\"wp-block-image\"><img data-recalc-dims=\"1\" loading=\"lazy\" decoding=\"async\" width=\"1080\" height=\"1080\" src=\"https:\/\/i0.wp.com\/www.acidadeon.com\/ribeiraopreto\/wp-content\/uploads\/sites\/3\/2024\/09\/32410c7472ba2af61d3d5895fd8eb5fa_2024-09-03_10-24-52_jpg_2024-09-03_10-24-52.webp?resize=1080%2C1080&#038;ssl=1\" alt=\"Baixa umidade do ar\" class=\"wp-image-92202\" srcset=\"https:\/\/www.acidadeon.com\/ribeiraopreto\/wp-content\/uploads\/sites\/3\/2024\/09\/32410c7472ba2af61d3d5895fd8eb5fa_2024-09-03_10-24-52_jpg_2024-09-03_10-24-52.webp 1080w, https:\/\/www.acidadeon.com\/ribeiraopreto\/wp-content\/uploads\/sites\/3\/2024\/09\/32410c7472ba2af61d3d5895fd8eb5fa_2024-09-03_10-24-52_jpg_2024-09-03_10-24-52-300x300.webp 300w, https:\/\/www.acidadeon.com\/ribeiraopreto\/wp-content\/uploads\/sites\/3\/2024\/09\/32410c7472ba2af61d3d5895fd8eb5fa_2024-09-03_10-24-52_jpg_2024-09-03_10-24-52-1024x1024.webp 1024w, https:\/\/www.acidadeon.com\/ribeiraopreto\/wp-content\/uploads\/sites\/3\/2024\/09\/32410c7472ba2af61d3d5895fd8eb5fa_2024-09-03_10-24-52_jpg_2024-09-03_10-24-52-150x150.webp 150w, https:\/\/www.acidadeon.com\/ribeiraopreto\/wp-content\/uploads\/sites\/3\/2024\/09\/32410c7472ba2af61d3d5895fd8eb5fa_2024-09-03_10-24-52_jpg_2024-09-03_10-24-52-768x768.webp 768w, https:\/\/www.acidadeon.com\/ribeiraopreto\/wp-content\/uploads\/sites\/3\/2024\/09\/32410c7472ba2af61d3d5895fd8eb5fa_2024-09-03_10-24-52_jpg_2024-09-03_10-24-52-696x696.webp 696w, https:\/\/www.acidadeon.com\/ribeiraopreto\/wp-content\/uploads\/sites\/3\/2024\/09\/32410c7472ba2af61d3d5895fd8eb5fa_2024-09-03_10-24-52_jpg_2024-09-03_10-24-52-1068x1068.webp 1068w\" sizes=\"auto, (max-width: 1080px) 100vw, 1080px\"\/><figcaption class=\"wp-element-caption\">Reprodu\u00e7\u00e3o \/ Climatempo<\/figcaption><\/figure>\n<h4 class=\"wp-block-heading\"><strong>Calor e secura<\/strong><\/h4>\n<p>As <strong>temperaturas <\/strong>continuam em <strong>eleva\u00e7\u00e3o <\/strong>na <strong>regi\u00e3o <\/strong>de <strong>Ribeir\u00e3o Preto<\/strong> e <mark style=\"background-color:#fcb900\" class=\"has-inline-color has-black-color\">n\u00e3o h\u00e1 probabilidade de chuva nesta ter\u00e7a.<\/mark><\/p>\n<p>A <strong>m\u00e1xima <\/strong>est\u00e1 prevista em <strong>36\u00b0C<\/strong> em <strong>Ribeir\u00e3o<\/strong>. J\u00e1 a <strong>umidade do ar <\/strong>pode variar entre <strong>49% a 15%<\/strong> na cidade.<\/p>\n<p>SAIBA MAIS<\/p>\n<p>Interior de SP tem dois novos alertas de perigo potencial; Veja regi\u00f5es afetadas<\/p>\n<h4 class=\"wp-block-heading\"><strong>FIQUE ON<\/strong><\/h4>\n<p>Fique ligado em tudo que acontece em Ribeir\u00e3o Preto e regi\u00e3o. Siga os perfis do<strong>\u00a0acidade on<\/strong>\u00a0no\u00a0<a href=\"https:\/\/www.instagram.com\/acidadeonribeirao\" target=\"_blank\" rel=\"noreferrer noopener\">Instagram\u00a0<\/a>e no<a href=\"https:\/\/www.facebook.com\/acidadeonribeirao\/\" target=\"_blank\" rel=\"noreferrer noopener\">\u00a0Facebook<\/a>.<\/p>\n<p>Receba not\u00edcias do\u00a0<strong>acidade on<\/strong>\u00a0no WhatsApp.\u00a0<a href=\"https:\/\/chat.whatsapp.com\/Dtv9mxhy6V5BJBotM2OQ5k\" target=\"_blank\" rel=\"noreferrer noopener\">Para entrar no grupo, basta clicar aqui.<\/a><\/p>\n<p>Fa\u00e7a uma den\u00fancia ou sugira uma reportagem sobre Ribeir\u00e3o Preto e regi\u00e3o pelo WhatsApp: 16 99117 7802.<\/p>\n<p>VEJA TAMB\u00c9M<\/p>\n<p>Qual \u00e9 o hor\u00e1rio da bandeira vermelha na conta de luz?<\/p>\n<p><!-- CONTENT END 1 -->\n<\/div>\n<\/div>\n<p><script async src=\"\/\/www.instagram.com\/embed.js\"><\/script><br \/>\n<br \/><br \/>\n<br \/><a href=\"https:\/\/www.acidadeon.com\/ribeiraopreto\/cotidiano\/interior-de-sp-tem-areas-entre-as-mais-secas-do-brasil-nesta-terca-veja-regioes\/\">Source link <\/a><\/p>\n","protected":false},"excerpt":{"rendered":"<p>Parte do interior de S\u00e3o Paulo est\u00e1 em emerg\u00eancia para o risco de baixa umidade do ar nesta ter\u00e7a-feira (3). Veja o mapa abaixo. Segundo&#8230;<\/p>\n","protected":false},"author":1,"featured_media":63600,"comment_status":"open","ping_status":"open","sticky":false,"template":"","format":"standard","meta":{"_uag_custom_page_level_css":"","advanced_seo_description":"","jetpack_seo_html_title":"","jetpack_seo_noindex":false,"jetpack_post_was_ever_published":false,"_jetpack_newsletter_access":"","_jetpack_dont_email_post_to_subs":false,"_jetpack_newsletter_tier_id":0,"_jetpack_memberships_contains_paywalled_content":false,"_jetpack_memberships_contains_paid_content":false,"footnotes":"","jetpack_publicize_message":"","jetpack_publicize_feature_enabled":true,"jetpack_social_post_already_shared":true,"jetpack_social_options":{"image_generator_settings":{"template":"highway","default_image_id":0,"font":"","enabled":false},"version":2}},"categories":[11],"tags":[],"class_list":["post-63599","post","type-post","status-publish","format-standard","has-post-thumbnail","hentry","category-noticias-de-ribeirao-preto-sp-e-regiao-ismael-colosi"],"jetpack_publicize_connections":[],"jetpack_featured_media_url":"https:\/\/i0.wp.com\/ismaelcolosi.com.br\/wp-content\/uploads\/2024\/09\/SOL_2024-09-03_10-09-19_jpg_2024-09-03_10-09-20.webp.webp?fit=2000%2C970&ssl=1","uagb_featured_image_src":{"full":["https:\/\/i0.wp.com\/ismaelcolosi.com.br\/wp-content\/uploads\/2024\/09\/SOL_2024-09-03_10-09-19_jpg_2024-09-03_10-09-20.webp.webp?fit=2000%2C970&ssl=1",2000,970,false],"thumbnail":["https:\/\/i0.wp.com\/ismaelcolosi.com.br\/wp-content\/uploads\/2024\/09\/SOL_2024-09-03_10-09-19_jpg_2024-09-03_10-09-20.webp.webp?resize=150%2C150&ssl=1",150,150,true],"medium":["https:\/\/i0.wp.com\/ismaelcolosi.com.br\/wp-content\/uploads\/2024\/09\/SOL_2024-09-03_10-09-19_jpg_2024-09-03_10-09-20.webp.webp?fit=300%2C146&ssl=1",300,146,true],"medium_large":["https:\/\/i0.wp.com\/ismaelcolosi.com.br\/wp-content\/uploads\/2024\/09\/SOL_2024-09-03_10-09-19_jpg_2024-09-03_10-09-20.webp.webp?fit=768%2C372&ssl=1",768,372,true],"large":["https:\/\/i0.wp.com\/ismaelcolosi.com.br\/wp-content\/uploads\/2024\/09\/SOL_2024-09-03_10-09-19_jpg_2024-09-03_10-09-20.webp.webp?fit=1024%2C497&ssl=1",1024,497,true],"1536x1536":["https:\/\/i0.wp.com\/ismaelcolosi.com.br\/wp-content\/uploads\/2024\/09\/SOL_2024-09-03_10-09-19_jpg_2024-09-03_10-09-20.webp.webp?fit=1536%2C745&ssl=1",1536,745,true],"2048x2048":["https:\/\/i0.wp.com\/ismaelcolosi.com.br\/wp-content\/uploads\/2024\/09\/SOL_2024-09-03_10-09-19_jpg_2024-09-03_10-09-20.webp.webp?fit=2000%2C970&ssl=1",2000,970,true],"really-simple-thumb":["https:\/\/i0.wp.com\/ismaelcolosi.com.br\/wp-content\/uploads\/2024\/09\/SOL_2024-09-03_10-09-19_jpg_2024-09-03_10-09-20.webp.webp?resize=370%2C247&ssl=1",370,247,true]},"uagb_author_info":{"display_name":"ismaelcolosi.com.br","author_link":"https:\/\/ismaelcolosi.com.br\/index.php\/author\/vidareal-online\/"},"uagb_comment_info":0,"uagb_excerpt":"Parte do interior de S\u00e3o Paulo est\u00e1 em emerg\u00eancia para o risco de baixa umidade do ar nesta ter\u00e7a-feira (3). Veja o mapa abaixo. Segundo...","jetpack-related-posts":[{"id":49719,"url":"https:\/\/ismaelcolosi.com.br\/index.php\/2024\/05\/13\/frente-fria-pode-trazer-chuva-ao-interior-de-sp-nesta-semana-confira-a-previsao\/","url_meta":{"origin":63599,"position":0},"title":"Frente fria pode trazer chuva ao interior de SP nesta semana; Confira a previs\u00e3o","author":"ismaelcolosi.com.br","date":"13 de May de 2024","format":false,"excerpt":"O deslocamento de uma frente fria provoca o enfraquecimento do bloqueio atmosf\u00e9rico \u2013 que mant\u00e9m as temperaturas elevadas h\u00e1 tr\u00eas semanas \u2013 e pode trazer chuva ao interior de S\u00e3o Paulo nesta semana. Segundo a Climatempo, nesta segunda-feira (13), a condi\u00e7\u00e3o \u00e9 de calor pr\u00e9-frontal, mas ainda sem probabilidade de\u2026","rel":"","context":"In &quot;Not\u00edcias de Ribeir\u00e3o Preto-SP e Regi\u00e3o&quot;","block_context":{"text":"Not\u00edcias de Ribeir\u00e3o Preto-SP e Regi\u00e3o","link":"https:\/\/ismaelcolosi.com.br\/index.php\/category\/noticias-de-ribeirao-preto-sp-e-regiao-ismael-colosi\/"},"img":{"alt_text":"","src":"https:\/\/i0.wp.com\/ismaelcolosi.com.br\/wp-content\/uploads\/2024\/05\/RIBEIRAO-PRETO.jpg?fit=1200%2C708&ssl=1&resize=350%2C200","width":350,"height":200,"srcset":"https:\/\/i0.wp.com\/ismaelcolosi.com.br\/wp-content\/uploads\/2024\/05\/RIBEIRAO-PRETO.jpg?fit=1200%2C708&ssl=1&resize=350%2C200 1x, https:\/\/i0.wp.com\/ismaelcolosi.com.br\/wp-content\/uploads\/2024\/05\/RIBEIRAO-PRETO.jpg?fit=1200%2C708&ssl=1&resize=525%2C300 1.5x, https:\/\/i0.wp.com\/ismaelcolosi.com.br\/wp-content\/uploads\/2024\/05\/RIBEIRAO-PRETO.jpg?fit=1200%2C708&ssl=1&resize=700%2C400 2x, https:\/\/i0.wp.com\/ismaelcolosi.com.br\/wp-content\/uploads\/2024\/05\/RIBEIRAO-PRETO.jpg?fit=1200%2C708&ssl=1&resize=1050%2C600 3x"},"classes":[]},{"id":73845,"url":"https:\/\/ismaelcolosi.com.br\/index.php\/2024\/10\/29\/interior-de-sp-segue-com-alerta-de-temporais-nesta-terca-veja-regioes\/","url_meta":{"origin":63599,"position":1},"title":"Interior de SP segue com alerta de temporais nesta ter\u00e7a; Veja regi\u00f5es","author":"ismaelcolosi.com.br","date":"29 de October de 2024","format":false,"excerpt":"O interior de S\u00e3o Paulo continua sob alerta para pancadas de chuva e at\u00e9 ocorr\u00eancia de temporais nesta ter\u00e7a-feira (29). O mapa da Climatempo indica risco de temporais com raios e ventos de 70 km\/h na faixa vermelha, que compreende a regi\u00e3o Nordeste do estado paulista. Na faixa amarela, que\u2026","rel":"","context":"In &quot;Not\u00edcias de Ribeir\u00e3o Preto-SP e Regi\u00e3o&quot;","block_context":{"text":"Not\u00edcias de Ribeir\u00e3o Preto-SP e Regi\u00e3o","link":"https:\/\/ismaelcolosi.com.br\/index.php\/category\/noticias-de-ribeirao-preto-sp-e-regiao-ismael-colosi\/"},"img":{"alt_text":"","src":"https:\/\/i0.wp.com\/ismaelcolosi.com.br\/wp-content\/uploads\/2024\/10\/WhatsApp-Image-2024-02-21-at-07.07.05.jpeg?fit=1200%2C623&ssl=1&resize=350%2C200","width":350,"height":200,"srcset":"https:\/\/i0.wp.com\/ismaelcolosi.com.br\/wp-content\/uploads\/2024\/10\/WhatsApp-Image-2024-02-21-at-07.07.05.jpeg?fit=1200%2C623&ssl=1&resize=350%2C200 1x, https:\/\/i0.wp.com\/ismaelcolosi.com.br\/wp-content\/uploads\/2024\/10\/WhatsApp-Image-2024-02-21-at-07.07.05.jpeg?fit=1200%2C623&ssl=1&resize=525%2C300 1.5x, https:\/\/i0.wp.com\/ismaelcolosi.com.br\/wp-content\/uploads\/2024\/10\/WhatsApp-Image-2024-02-21-at-07.07.05.jpeg?fit=1200%2C623&ssl=1&resize=700%2C400 2x, https:\/\/i0.wp.com\/ismaelcolosi.com.br\/wp-content\/uploads\/2024\/10\/WhatsApp-Image-2024-02-21-at-07.07.05.jpeg?fit=1200%2C623&ssl=1&resize=1050%2C600 3x"},"classes":[]},{"id":56866,"url":"https:\/\/ismaelcolosi.com.br\/index.php\/2024\/07\/16\/alerta-de-perigo-potencial-e-renovado-no-interior-de-sp-veja-previsao-do-tempo\/","url_meta":{"origin":63599,"position":2},"title":"Alerta de perigo potencial \u00e9 renovado no interior de SP; Veja previs\u00e3o do tempo","author":"ismaelcolosi.com.br","date":"16 de July de 2024","format":false,"excerpt":"O Inmet (Instituto Nacional de Meteorologia) renovou o alerta de perigo potencial para a baixa umidade do ar em parte do interior de S\u00e3o Paulo. O novo aviso tem validade entre 11h e 19h desta ter\u00e7a-feira (16), e inclui Ribeir\u00e3o Preto e cidades da regi\u00e3o. O alerta \u00e9 na cor\u2026","rel":"","context":"In &quot;Not\u00edcias de Ribeir\u00e3o Preto-SP e Regi\u00e3o&quot;","block_context":{"text":"Not\u00edcias de Ribeir\u00e3o Preto-SP e Regi\u00e3o","link":"https:\/\/ismaelcolosi.com.br\/index.php\/category\/noticias-de-ribeirao-preto-sp-e-regiao-ismael-colosi\/"},"img":{"alt_text":"","src":"https:\/\/i0.wp.com\/ismaelcolosi.com.br\/wp-content\/uploads\/2024\/07\/calor-onda.jpeg?fit=1200%2C675&ssl=1&resize=350%2C200","width":350,"height":200,"srcset":"https:\/\/i0.wp.com\/ismaelcolosi.com.br\/wp-content\/uploads\/2024\/07\/calor-onda.jpeg?fit=1200%2C675&ssl=1&resize=350%2C200 1x, https:\/\/i0.wp.com\/ismaelcolosi.com.br\/wp-content\/uploads\/2024\/07\/calor-onda.jpeg?fit=1200%2C675&ssl=1&resize=525%2C300 1.5x, https:\/\/i0.wp.com\/ismaelcolosi.com.br\/wp-content\/uploads\/2024\/07\/calor-onda.jpeg?fit=1200%2C675&ssl=1&resize=700%2C400 2x, https:\/\/i0.wp.com\/ismaelcolosi.com.br\/wp-content\/uploads\/2024\/07\/calor-onda.jpeg?fit=1200%2C675&ssl=1&resize=1050%2C600 3x"},"classes":[]},{"id":51930,"url":"https:\/\/ismaelcolosi.com.br\/index.php\/2024\/06\/02\/frente-fria-atua-nesta-semana-veja-se-tem-previsao-de-chuva-e-frio-no-interior-de-sp\/","url_meta":{"origin":63599,"position":3},"title":"Frente fria atua nesta semana; Veja se tem previs\u00e3o de chuva e frio no interior de SP","author":"ismaelcolosi.com.br","date":"2 de June de 2024","format":false,"excerpt":"Uma nova frente fria dever\u00e1 atuar entre as regi\u00f5es Sul e Sudeste, entre esta segunda-feira (3) e ter\u00e7a-feira (4). Segundo a Meteored, os modelos meteorol\u00f3gicos apontam, por\u00e9m, que esta frente n\u00e3o ser\u00e1 t\u00e3o intensa e ter\u00e1 uma atua\u00e7\u00e3o muito passageira pelas partes leste dessas regi\u00f5es, j\u00e1 que seu ciclone associado\u2026","rel":"","context":"In &quot;Not\u00edcias de Ribeir\u00e3o Preto-SP e Regi\u00e3o&quot;","block_context":{"text":"Not\u00edcias de Ribeir\u00e3o Preto-SP e Regi\u00e3o","link":"https:\/\/ismaelcolosi.com.br\/index.php\/category\/noticias-de-ribeirao-preto-sp-e-regiao-ismael-colosi\/"},"img":{"alt_text":"","src":"https:\/\/i0.wp.com\/ismaelcolosi.com.br\/wp-content\/uploads\/2024\/06\/ConfiraaprevisodotempoparaRibeironoferiadodeCorpusChristi_Tamanho_2_image.jpg?fit=1200%2C900&ssl=1&resize=350%2C200","width":350,"height":200,"srcset":"https:\/\/i0.wp.com\/ismaelcolosi.com.br\/wp-content\/uploads\/2024\/06\/ConfiraaprevisodotempoparaRibeironoferiadodeCorpusChristi_Tamanho_2_image.jpg?fit=1200%2C900&ssl=1&resize=350%2C200 1x, https:\/\/i0.wp.com\/ismaelcolosi.com.br\/wp-content\/uploads\/2024\/06\/ConfiraaprevisodotempoparaRibeironoferiadodeCorpusChristi_Tamanho_2_image.jpg?fit=1200%2C900&ssl=1&resize=525%2C300 1.5x, https:\/\/i0.wp.com\/ismaelcolosi.com.br\/wp-content\/uploads\/2024\/06\/ConfiraaprevisodotempoparaRibeironoferiadodeCorpusChristi_Tamanho_2_image.jpg?fit=1200%2C900&ssl=1&resize=700%2C400 2x, https:\/\/i0.wp.com\/ismaelcolosi.com.br\/wp-content\/uploads\/2024\/06\/ConfiraaprevisodotempoparaRibeironoferiadodeCorpusChristi_Tamanho_2_image.jpg?fit=1200%2C900&ssl=1&resize=1050%2C600 3x"},"classes":[]},{"id":64014,"url":"https:\/\/ismaelcolosi.com.br\/index.php\/2024\/09\/05\/veja-o-que-se-sabe-sobre-a-frente-fria-e-a-previsao-de-chuva-no-estado-de-sp\/","url_meta":{"origin":63599,"position":4},"title":"Veja o que se sabe sobre a frente fria e a previs\u00e3o de chuva no estado de SP","author":"ismaelcolosi.com.br","date":"5 de September de 2024","format":false,"excerpt":"O deslocamento de uma frente fria ajuda a formar nuvens sobre parte do estado de S\u00e3o Paulo nesta quinta-feira (5). Segundo a Climatempo, h\u00e1 previs\u00e3o de pancadas de chuva na regi\u00e3o Sul e no litoral do estado paulista, que podem ser moderadas a fortes. Tamb\u00e9m h\u00e1 possibilidade de chuviscos em\u2026","rel":"","context":"In &quot;Not\u00edcias de Ribeir\u00e3o Preto-SP e Regi\u00e3o&quot;","block_context":{"text":"Not\u00edcias de Ribeir\u00e3o Preto-SP e Regi\u00e3o","link":"https:\/\/ismaelcolosi.com.br\/index.php\/category\/noticias-de-ribeirao-preto-sp-e-regiao-ismael-colosi\/"},"img":{"alt_text":"","src":"https:\/\/i0.wp.com\/ismaelcolosi.com.br\/wp-content\/uploads\/2024\/07\/WhatsApp-Image-2024-07-13-at-19.42.17_2024-07-13_22-42-51_jpeg_2024-07-13_22-42-51.webp.webp?fit=1200%2C553&ssl=1&resize=350%2C200","width":350,"height":200,"srcset":"https:\/\/i0.wp.com\/ismaelcolosi.com.br\/wp-content\/uploads\/2024\/07\/WhatsApp-Image-2024-07-13-at-19.42.17_2024-07-13_22-42-51_jpeg_2024-07-13_22-42-51.webp.webp?fit=1200%2C553&ssl=1&resize=350%2C200 1x, https:\/\/i0.wp.com\/ismaelcolosi.com.br\/wp-content\/uploads\/2024\/07\/WhatsApp-Image-2024-07-13-at-19.42.17_2024-07-13_22-42-51_jpeg_2024-07-13_22-42-51.webp.webp?fit=1200%2C553&ssl=1&resize=525%2C300 1.5x, https:\/\/i0.wp.com\/ismaelcolosi.com.br\/wp-content\/uploads\/2024\/07\/WhatsApp-Image-2024-07-13-at-19.42.17_2024-07-13_22-42-51_jpeg_2024-07-13_22-42-51.webp.webp?fit=1200%2C553&ssl=1&resize=700%2C400 2x, https:\/\/i0.wp.com\/ismaelcolosi.com.br\/wp-content\/uploads\/2024\/07\/WhatsApp-Image-2024-07-13-at-19.42.17_2024-07-13_22-42-51_jpeg_2024-07-13_22-42-51.webp.webp?fit=1200%2C553&ssl=1&resize=1050%2C600 3x"},"classes":[]},{"id":58206,"url":"https:\/\/ismaelcolosi.com.br\/index.php\/2024\/07\/29\/inmet-emite-novo-alerta-laranja-para-o-interior-de-sp-veja-cidades-afetadas\/","url_meta":{"origin":63599,"position":5},"title":"Inmet emite novo alerta laranja para o interior de SP; Veja cidades afetadas","author":"ismaelcolosi.com.br","date":"29 de July de 2024","format":false,"excerpt":"O Inmet (Instituto Nacional de Meteorologia) emitiu um novo alerta de perigo para a baixa umidade do ar em parte do interior de S\u00e3o Paulo. O aviso tem validade entre 13h e 17h desta segunda-feira (29), e inclui Ribeir\u00e3o Preto e cidades da regi\u00e3o. O alerta \u00e9 na cor laranja\u2026","rel":"","context":"In &quot;Not\u00edcias de Ribeir\u00e3o Preto-SP e Regi\u00e3o&quot;","block_context":{"text":"Not\u00edcias de Ribeir\u00e3o Preto-SP e Regi\u00e3o","link":"https:\/\/ismaelcolosi.com.br\/index.php\/category\/noticias-de-ribeirao-preto-sp-e-regiao-ismael-colosi\/"},"img":{"alt_text":"","src":"https:\/\/i0.wp.com\/ismaelcolosi.com.br\/wp-content\/uploads\/2024\/07\/WhatsApp-Image-2024-03-11-at-12.29.24-1.jpeg?fit=1200%2C804&ssl=1&resize=350%2C200","width":350,"height":200,"srcset":"https:\/\/i0.wp.com\/ismaelcolosi.com.br\/wp-content\/uploads\/2024\/07\/WhatsApp-Image-2024-03-11-at-12.29.24-1.jpeg?fit=1200%2C804&ssl=1&resize=350%2C200 1x, https:\/\/i0.wp.com\/ismaelcolosi.com.br\/wp-content\/uploads\/2024\/07\/WhatsApp-Image-2024-03-11-at-12.29.24-1.jpeg?fit=1200%2C804&ssl=1&resize=525%2C300 1.5x, https:\/\/i0.wp.com\/ismaelcolosi.com.br\/wp-content\/uploads\/2024\/07\/WhatsApp-Image-2024-03-11-at-12.29.24-1.jpeg?fit=1200%2C804&ssl=1&resize=700%2C400 2x, https:\/\/i0.wp.com\/ismaelcolosi.com.br\/wp-content\/uploads\/2024\/07\/WhatsApp-Image-2024-03-11-at-12.29.24-1.jpeg?fit=1200%2C804&ssl=1&resize=1050%2C600 3x"},"classes":[]}],"jetpack_sharing_enabled":true,"jetpack_shortlink":"https:\/\/wp.me\/pfMlyK-gxN","_links":{"self":[{"href":"https:\/\/ismaelcolosi.com.br\/index.php\/wp-json\/wp\/v2\/posts\/63599","targetHints":{"allow":["GET"]}}],"collection":[{"href":"https:\/\/ismaelcolosi.com.br\/index.php\/wp-json\/wp\/v2\/posts"}],"about":[{"href":"https:\/\/ismaelcolosi.com.br\/index.php\/wp-json\/wp\/v2\/types\/post"}],"author":[{"embeddable":true,"href":"https:\/\/ismaelcolosi.com.br\/index.php\/wp-json\/wp\/v2\/users\/1"}],"replies":[{"embeddable":true,"href":"https:\/\/ismaelcolosi.com.br\/index.php\/wp-json\/wp\/v2\/comments?post=63599"}],"version-history":[{"count":0,"href":"https:\/\/ismaelcolosi.com.br\/index.php\/wp-json\/wp\/v2\/posts\/63599\/revisions"}],"wp:featuredmedia":[{"embeddable":true,"href":"https:\/\/ismaelcolosi.com.br\/index.php\/wp-json\/wp\/v2\/media\/63600"}],"wp:attachment":[{"href":"https:\/\/ismaelcolosi.com.br\/index.php\/wp-json\/wp\/v2\/media?parent=63599"}],"wp:term":[{"taxonomy":"category","embeddable":true,"href":"https:\/\/ismaelcolosi.com.br\/index.php\/wp-json\/wp\/v2\/categories?post=63599"},{"taxonomy":"post_tag","embeddable":true,"href":"https:\/\/ismaelcolosi.com.br\/index.php\/wp-json\/wp\/v2\/tags?post=63599"}],"curies":[{"name":"wp","href":"https:\/\/api.w.org\/{rel}","templated":true}]}}