{"id":63568,"date":"2024-09-02T21:42:14","date_gmt":"2024-09-03T00:42:14","guid":{"rendered":"https:\/\/ismaelcolosi.com.br\/index.php\/2024\/09\/02\/hospital-santa-lydia-de-ribeirao-tem-processo-seletivo-com-salarios-de-r-4-mil\/"},"modified":"2024-09-02T21:42:14","modified_gmt":"2024-09-03T00:42:14","slug":"hospital-santa-lydia-de-ribeirao-tem-processo-seletivo-com-salarios-de-r-4-mil","status":"publish","type":"post","link":"https:\/\/ismaelcolosi.com.br\/index.php\/2024\/09\/02\/hospital-santa-lydia-de-ribeirao-tem-processo-seletivo-com-salarios-de-r-4-mil\/","title":{"rendered":"Hospital Santa Lydia de Ribeir\u00e3o tem processo seletivo com sal\u00e1rios de R$ 4 mil"},"content":{"rendered":"<p> <br \/>\n<\/p>\n<p>A <strong>Funda\u00e7\u00e3o Hospital Santa Lydia de Ribeir\u00e3o Preto<\/strong> publicou edital de <strong>processo seletivo simplificado<\/strong> para contrata\u00e7\u00e3o de profissionais de n\u00edvel <strong>fundamental<\/strong>, <strong>m\u00e9dio <\/strong>e <strong>superior <\/strong>nesta segunda-feira (2).<\/p>\n<p>Conforme a publica\u00e7\u00e3o no <strong><a href=\"https:\/\/cespro.com.br\/visualizarDiarioOficial.php?cdMunicipio=9314\" target=\"_blank\" rel=\"noreferrer noopener\">Di\u00e1rio Oficial do Munic\u00edpio<\/a><\/strong>, os candidatos ser\u00e3o escolhidos atrav\u00e9s de <strong>an\u00e1lise curricular<\/strong> para preenchimento de vagas tempor\u00e1rias. <strong>Os sal\u00e1rios variam entre R$ 960,64 e R$ 4.816,24.<\/strong><\/p>\n<h3 class=\"wp-block-heading\"><strong>Como se inscrever?<\/strong><\/h3>\n<p>Os interessados devem se inscrever de<strong> forma on-line <\/strong><a href=\"http:\/\/www.glconsultoria.com.br\/\" target=\"_blank\" rel=\"noreferrer noopener\">no site da GL Consultoria<\/a><strong> <\/strong>a partir das 13h do dia <strong>03 de setembro<\/strong> at\u00e9 \u00e0s 23h59min do dia <strong>16 de setembro de 2024<\/strong>. <mark style=\"background-color:#fcb900\" class=\"has-inline-color\">A taxa de inscri\u00e7\u00e3o custa entre <strong>R$ 16 <\/strong>e <strong>R$ 21,50<\/strong>.<\/mark><\/p>\n<p>O edital completo pode ser conferido <a href=\"https:\/\/cespro.com.br\/visualizarDiarioOficial.php?cdMunicipio=9314\" target=\"_blank\" rel=\"noreferrer noopener\">clicando aqui.<\/a><\/p>\n<h3 class=\"wp-block-heading\"><strong>Confira as oportunidades<\/strong><\/h3>\n<h4 class=\"wp-block-heading\"><strong>N\u00edvel ensino fundamental<\/strong><\/h4>\n<ul>\n<li>Auxiliar de Limpeza (01+CR) \u2013 R$ 1.426,98<\/li>\n<\/ul>\n<h4 class=\"wp-block-heading\"><strong>N\u00edvel ensino m\u00e9dio<\/strong><\/h4>\n<ul>\n<li>Auxiliar Administrativo (01+CR) &#8211; R$ 1.922,60<\/li>\n<\/ul>\n<ul>\n<li>Auxiliar de Cozinha (01+CR) \u2013 R$ 1.403,95<\/li>\n<\/ul>\n<ul>\n<li>Auxiliar de Almoxarifado (01+CR) \u2013 R$ 2.073,13<\/li>\n<\/ul>\n<ul>\n<li>Auxiliar de Consult\u00f3rio Dent\u00e1rio (01+CR) &#8211; R$ 960,64<\/li>\n<\/ul>\n<ul>\n<li>Auxiliar de Consult\u00f3rio Dent\u00e1rio (01+CR) &#8211; R$ 1.440,94<\/li>\n<\/ul>\n<ul>\n<li>Auxiliar de Suporte T\u00e9cnico em Inform\u00e1tica (01+CR) \u2013 R$ 2.545,87<\/li>\n<\/ul>\n<ul>\n<li>Cozinheiro 36h (01+CR) \u2013 R$ 2.074,95<\/li>\n<\/ul>\n<ul>\n<li>Motorista 40h (01+CR) \u2013 R$ 2.084,27<\/li>\n<\/ul>\n<ul>\n<li>T\u00e9cnico de Enfermagem (01+CR) &#8211; R$ 2.360,99<\/li>\n<\/ul>\n<ul>\n<li>Telefonista (01+CR) &#8211; R$ 1.806,61<\/li>\n<\/ul>\n<h4 class=\"wp-block-heading\"><strong>N\u00edvel ensino superior<\/strong><\/h4>\n<ul>\n<li>Analista de Licita\u00e7\u00f5es e Contratos (01+CR) &#8211; R$ 3.718,33<\/li>\n<\/ul>\n<ul>\n<li>Assistente Social (01+CR) \u2013 R$ 3.094,72<\/li>\n<\/ul>\n<ul>\n<li>Microbiologista (01+CR) &#8211; R$ 2.965,54<\/li>\n<\/ul>\n<ul>\n<li>Dentista (100 horas) (01+CR) \u2013 R$ 4.013,53<\/li>\n<\/ul>\n<ul>\n<li>Dentista (120 horas) (01+CR 0 120) \u2013 R$ 4.816,24<\/li>\n<\/ul>\n<ul>\n<li>Enfermeiro (01+CR) &#8211; R$ 4.096,98<\/li>\n<\/ul>\n<ul>\n<li>Fisioterapeuta (01+CR) &#8211; R$ 3.356,58<\/li>\n<\/ul>\n<ul>\n<li>Psic\u00f3logo (01+CR) \u2013 R$ 3.298,91<\/li>\n<\/ul>\n<ul>\n<li>Terapeuta Ocupacional (01+CR) &#8211; R$ 3.356,58<\/li>\n<\/ul>\n<hr class=\"wp-block-separator has-alpha-channel-opacity\" \/>\n<p>SAIBA MAIS<\/p>\n<p>Prefeitura de Ribeir\u00e3o Preto abre concurso p\u00fablico com sal\u00e1rios de R$ 7 mil<\/p>\n<h4 class=\"wp-block-heading\"><strong>FIQUE ON<\/strong><\/h4>\n<p>Fique ligado em tudo que acontece em Ribeir\u00e3o Preto e regi\u00e3o. Siga os perfis do<strong>&nbsp;acidade on<\/strong>&nbsp;no&nbsp;<a href=\"https:\/\/www.instagram.com\/acidadeonribeirao\" target=\"_blank\" rel=\"noreferrer noopener\">Instagram&nbsp;<\/a>e no<a href=\"https:\/\/www.facebook.com\/acidadeonribeirao\/\" target=\"_blank\" rel=\"noreferrer noopener\">&nbsp;Facebook<\/a>.<\/p>\n<p>Receba not\u00edcias do\u00a0<strong>acidade on<\/strong>\u00a0no WhatsApp.\u00a0<a href=\"https:\/\/chat.whatsapp.com\/Dtv9mxhy6V5BJBotM2OQ5k\" target=\"_blank\" rel=\"noreferrer noopener\">Para entrar no grupo, basta clicar aqui.<\/a><\/p>\n<p>Fa\u00e7a uma den\u00fancia ou sugira uma reportagem sobre Ribeir\u00e3o Preto e regi\u00e3o pelo WhatsApp: 16 99117 7802.<\/p>\n<p>VEJA TAMB\u00c9M<\/p>\n<p>Franquia Harry Potter ganha novidades<\/p>\n<p>O post Hospital Santa Lydia de Ribeir\u00e3o tem processo seletivo com sal\u00e1rios de R$ 4 mil apareceu primeiro em ACidade ON Ribeir\u00e3o Preto.<\/p>\n<p><script async src=\"\/\/www.instagram.com\/embed.js\"><\/script><br \/>\n<br \/><br \/>\n<br \/><a href=\"https:\/\/www.acidadeon.com\/ribeiraopreto\/economia\/hospital-santa-lydia-de-ribeirao-tem-processo-seletivo-com-salarios-de-r-4-mil\/\">Source link <\/a><\/p>\n<div class='code-block code-block-4' style='margin: 8px auto 8px 0; text-align: left; display: block; clear: both;'>\n\ud83d\udce2 Aviso Legal\n\nO site ismaelcolosi.com.br atua apenas como um canal de divulga\u00e7\u00e3o de oportunidades de emprego e n\u00e3o se responsabiliza pelo processo seletivo, contrata\u00e7\u00e3o ou qualquer outra etapa relacionada \u00e0s vagas publicadas. Todas as informa\u00e7\u00f5es s\u00e3o de responsabilidade dos anunciantes.\n\n\u26a0\ufe0f Aten\u00e7\u00e3o! Nunca pague por promessas de emprego nem compre cursos que garantam contrata\u00e7\u00e3o. Desconfie de qualquer cobran\u00e7a para participar de sele\u00e7\u00f5es.\n\n\n\n<\/div>\n<!-- CONTENT END 1 -->\n","protected":false},"excerpt":{"rendered":"<p>A Funda\u00e7\u00e3o Hospital Santa Lydia de Ribeir\u00e3o Preto publicou edital de processo seletivo simplificado para contrata\u00e7\u00e3o de profissionais de n\u00edvel fundamental, m\u00e9dio e superior nesta&#8230;<\/p>\n","protected":false},"author":1,"featured_media":0,"comment_status":"open","ping_status":"open","sticky":false,"template":"","format":"standard","meta":{"_uag_custom_page_level_css":"","advanced_seo_description":"","jetpack_seo_html_title":"","jetpack_seo_noindex":false,"jetpack_post_was_ever_published":false,"_jetpack_newsletter_access":"","_jetpack_dont_email_post_to_subs":false,"_jetpack_newsletter_tier_id":0,"_jetpack_memberships_contains_paywalled_content":false,"_jetpack_memberships_contains_paid_content":false,"footnotes":"","jetpack_publicize_message":"","jetpack_publicize_feature_enabled":true,"jetpack_social_post_already_shared":true,"jetpack_social_options":{"image_generator_settings":{"template":"highway","default_image_id":0,"font":"","enabled":false},"version":2}},"categories":[11],"tags":[],"class_list":["post-63568","post","type-post","status-publish","format-standard","hentry","category-noticias-de-ribeirao-preto-sp-e-regiao-ismael-colosi"],"jetpack_publicize_connections":[],"jetpack_featured_media_url":"","uagb_featured_image_src":{"full":false,"thumbnail":false,"medium":false,"medium_large":false,"large":false,"1536x1536":false,"2048x2048":false,"really-simple-thumb":false},"uagb_author_info":{"display_name":"ismaelcolosi.com.br","author_link":"https:\/\/ismaelcolosi.com.br\/index.php\/author\/vidareal-online\/"},"uagb_comment_info":0,"uagb_excerpt":"A Funda\u00e7\u00e3o Hospital Santa Lydia de Ribeir\u00e3o Preto publicou edital de processo seletivo simplificado para contrata\u00e7\u00e3o de profissionais de n\u00edvel fundamental, m\u00e9dio e superior nesta...","jetpack-related-posts":[{"id":17588,"url":"https:\/\/ismaelcolosi.com.br\/index.php\/2023\/12\/18\/hospital-santa-lydia-abre-processo-seletivo-com-salarios-de-r-10-mil\/","url_meta":{"origin":63568,"position":0},"title":"Hospital Santa Lydia abre processo seletivo com sal\u00e1rios de R$ 10 mil","author":"ismaelcolosi.com.br","date":"18 de December de 2023","format":false,"excerpt":"A Funda\u00e7\u00e3o Hospital Santa Lydia de Ribeir\u00e3o Preto abriu processo seletivo com seis vagas de n\u00edvel fundamental, m\u00e9dio e superior com sal\u00e1rios entre R$ 1,4 mil R$ 10,6 mil. Tamb\u00e9m h\u00e1 oportunidades para cadastro de reserva. As inscri\u00e7\u00f5es devem ser realizadas at\u00e9 o dia 15 de janeiro de 2024 pela\u2026","rel":"","context":"In &quot;Not\u00edcias de Ribeir\u00e3o Preto-SP e Regi\u00e3o&quot;","block_context":{"text":"Not\u00edcias de Ribeir\u00e3o Preto-SP e Regi\u00e3o","link":"https:\/\/ismaelcolosi.com.br\/index.php\/category\/noticias-de-ribeirao-preto-sp-e-regiao-ismael-colosi\/"},"img":{"alt_text":"","src":"https:\/\/i0.wp.com\/ismaelcolosi.com.br\/wp-content\/uploads\/2023\/12\/santa-lydia.jpg?fit=1200%2C800&ssl=1&resize=350%2C200","width":350,"height":200,"srcset":"https:\/\/i0.wp.com\/ismaelcolosi.com.br\/wp-content\/uploads\/2023\/12\/santa-lydia.jpg?fit=1200%2C800&ssl=1&resize=350%2C200 1x, https:\/\/i0.wp.com\/ismaelcolosi.com.br\/wp-content\/uploads\/2023\/12\/santa-lydia.jpg?fit=1200%2C800&ssl=1&resize=525%2C300 1.5x, https:\/\/i0.wp.com\/ismaelcolosi.com.br\/wp-content\/uploads\/2023\/12\/santa-lydia.jpg?fit=1200%2C800&ssl=1&resize=700%2C400 2x, https:\/\/i0.wp.com\/ismaelcolosi.com.br\/wp-content\/uploads\/2023\/12\/santa-lydia.jpg?fit=1200%2C800&ssl=1&resize=1050%2C600 3x"},"classes":[]},{"id":48033,"url":"https:\/\/ismaelcolosi.com.br\/index.php\/2024\/04\/30\/hospital-santa-lydia-abre-processo-seletivo-emergencial-em-ribeirao-veja-as-vagas\/","url_meta":{"origin":63568,"position":1},"title":"Hospital Santa Lydia abre processo seletivo emergencial em Ribeir\u00e3o; Veja as vagas","author":"ismaelcolosi.com.br","date":"30 de April de 2024","format":false,"excerpt":"A Funda\u00e7\u00e3o Hospital Santa Lydia de Ribeir\u00e3o Preto abriu um processo seletivo emergencial com duas vagas de n\u00edvel m\u00e9dio e t\u00e9cnico com sal\u00e1rios que variam de R$ 1,4 mil e R$ 2,3 mil. Os interessados em participar da sele\u00e7\u00e3o devem se inscrever at\u00e9 \u00e0s 16h do dia 13 de maio\u2026","rel":"","context":"In &quot;Not\u00edcias de Ribeir\u00e3o Preto-SP e Regi\u00e3o&quot;","block_context":{"text":"Not\u00edcias de Ribeir\u00e3o Preto-SP e Regi\u00e3o","link":"https:\/\/ismaelcolosi.com.br\/index.php\/category\/noticias-de-ribeirao-preto-sp-e-regiao-ismael-colosi\/"},"img":{"alt_text":"","src":"https:\/\/i0.wp.com\/ismaelcolosi.com.br\/wp-content\/uploads\/2024\/04\/Hospital-Santa-Lydia.jpg?fit=1200%2C799&ssl=1&resize=350%2C200","width":350,"height":200,"srcset":"https:\/\/i0.wp.com\/ismaelcolosi.com.br\/wp-content\/uploads\/2024\/04\/Hospital-Santa-Lydia.jpg?fit=1200%2C799&ssl=1&resize=350%2C200 1x, https:\/\/i0.wp.com\/ismaelcolosi.com.br\/wp-content\/uploads\/2024\/04\/Hospital-Santa-Lydia.jpg?fit=1200%2C799&ssl=1&resize=525%2C300 1.5x, https:\/\/i0.wp.com\/ismaelcolosi.com.br\/wp-content\/uploads\/2024\/04\/Hospital-Santa-Lydia.jpg?fit=1200%2C799&ssl=1&resize=700%2C400 2x, https:\/\/i0.wp.com\/ismaelcolosi.com.br\/wp-content\/uploads\/2024\/04\/Hospital-Santa-Lydia.jpg?fit=1200%2C799&ssl=1&resize=1050%2C600 3x"},"classes":[]},{"id":46587,"url":"https:\/\/ismaelcolosi.com.br\/index.php\/2024\/04\/12\/hospital-santa-lydia-de-ribeirao-preto-tem-processo-seletivo-com-salarios-de-r-4-mil\/","url_meta":{"origin":63568,"position":2},"title":"Hospital Santa Lydia de Ribeir\u00e3o Preto tem processo seletivo com sal\u00e1rios de R$ 4 mil","author":"ismaelcolosi.com.br","date":"12 de April de 2024","format":false,"excerpt":"A Funda\u00e7\u00e3o Hospital Santa Lydia de Ribeir\u00e3o Preto abriu processo seletivo com seis vagas, al\u00e9m de oportunidades para o cadastro de reserva. As vagas s\u00e3o de n\u00edvel fundamental, m\u00e9dio e superior e os sal\u00e1rios variam entre R$ 1.426,98 e R$ 4.096,98. S\u00e3o dois editais e o valor da taxa de\u2026","rel":"","context":"In &quot;Not\u00edcias de Ribeir\u00e3o Preto-SP e Regi\u00e3o&quot;","block_context":{"text":"Not\u00edcias de Ribeir\u00e3o Preto-SP e Regi\u00e3o","link":"https:\/\/ismaelcolosi.com.br\/index.php\/category\/noticias-de-ribeirao-preto-sp-e-regiao-ismael-colosi\/"},"img":{"alt_text":"","src":"https:\/\/i0.wp.com\/ismaelcolosi.com.br\/wp-content\/uploads\/2024\/04\/santa-lydia.jpg?fit=1200%2C800&ssl=1&resize=350%2C200","width":350,"height":200,"srcset":"https:\/\/i0.wp.com\/ismaelcolosi.com.br\/wp-content\/uploads\/2024\/04\/santa-lydia.jpg?fit=1200%2C800&ssl=1&resize=350%2C200 1x, https:\/\/i0.wp.com\/ismaelcolosi.com.br\/wp-content\/uploads\/2024\/04\/santa-lydia.jpg?fit=1200%2C800&ssl=1&resize=525%2C300 1.5x, https:\/\/i0.wp.com\/ismaelcolosi.com.br\/wp-content\/uploads\/2024\/04\/santa-lydia.jpg?fit=1200%2C800&ssl=1&resize=700%2C400 2x, https:\/\/i0.wp.com\/ismaelcolosi.com.br\/wp-content\/uploads\/2024\/04\/santa-lydia.jpg?fit=1200%2C800&ssl=1&resize=1050%2C600 3x"},"classes":[]},{"id":81843,"url":"https:\/\/ismaelcolosi.com.br\/index.php\/2025\/01\/17\/hospital-santa-lydia-abre-processo-seletivo-com-salarios-de-ate-r-73-mil\/","url_meta":{"origin":63568,"position":3},"title":"Hospital Santa Lydia abre processo seletivo com sal\u00e1rios de at\u00e9 R$ 7,3 mil","author":"Arthur Tijolo","date":"17 de January de 2025","format":false,"excerpt":"Oportunidades s\u00e3o para profissionais de n\u00edvel fundamental, m\u00e9dio e superior; inscri\u00e7\u00f5es come\u00e7am nesta sexta-feira (17) \u00a0 A\u00a0Funda\u00e7\u00e3o Hospital Santa Lydia\u00a0de\u00a0Ribeir\u00e3o Preto\u00a0publicou edital de processo seletivo para contrata\u00e7\u00e3o de profissionais de\u00a0n\u00edvel fundamental,\u00a0m\u00e9dio\u00a0e\u00a0superior. De acordo com o edital publicado nesta quinta-feira (16), s\u00e3o\u00a0nove vagas dispon\u00edveis, al\u00e9m de cadastro reserva.\u00a0Os sal\u00e1rios variam entre\u00a0R$\u2026","rel":"","context":"In &quot;Vagas de Emprego em Ribeir\u00e3o Preto-SP&quot;","block_context":{"text":"Vagas de Emprego em Ribeir\u00e3o Preto-SP","link":"https:\/\/ismaelcolosi.com.br\/index.php\/category\/empregos-classificados-vagas-trabalho\/vagas-de-empregos-em-ribeirao-preto-regiao-brasil\/"},"img":{"alt_text":"","src":"https:\/\/i0.wp.com\/ismaelcolosi.com.br\/wp-content\/uploads\/2025\/01\/female-student-medicine-wearing-medical-mask-while-doing-her-practice-scaled.jpg?fit=1200%2C801&ssl=1&resize=350%2C200","width":350,"height":200,"srcset":"https:\/\/i0.wp.com\/ismaelcolosi.com.br\/wp-content\/uploads\/2025\/01\/female-student-medicine-wearing-medical-mask-while-doing-her-practice-scaled.jpg?fit=1200%2C801&ssl=1&resize=350%2C200 1x, https:\/\/i0.wp.com\/ismaelcolosi.com.br\/wp-content\/uploads\/2025\/01\/female-student-medicine-wearing-medical-mask-while-doing-her-practice-scaled.jpg?fit=1200%2C801&ssl=1&resize=525%2C300 1.5x, https:\/\/i0.wp.com\/ismaelcolosi.com.br\/wp-content\/uploads\/2025\/01\/female-student-medicine-wearing-medical-mask-while-doing-her-practice-scaled.jpg?fit=1200%2C801&ssl=1&resize=700%2C400 2x, https:\/\/i0.wp.com\/ismaelcolosi.com.br\/wp-content\/uploads\/2025\/01\/female-student-medicine-wearing-medical-mask-while-doing-her-practice-scaled.jpg?fit=1200%2C801&ssl=1&resize=1050%2C600 3x"},"classes":[]},{"id":65089,"url":"https:\/\/ismaelcolosi.com.br\/index.php\/2024\/09\/10\/hospital-santa-lydia-de-ribeirao-abre-selecao-com-salarios-de-ate-r-7-mil\/","url_meta":{"origin":63568,"position":4},"title":"Hospital Santa Lydia de Ribeir\u00e3o abre sele\u00e7\u00e3o com sal\u00e1rios de at\u00e9 R$ 7 mil","author":"ismaelcolosi.com.br","date":"10 de September de 2024","format":false,"excerpt":"A Funda\u00e7\u00e3o Hospital Santa Lydia \u2013 FHSL\u00a0anunciou, nesta ter\u00e7a-feira (10), a abertura de um novo processo seletivo com 13 vagas para profissionais de n\u00edveis fundamental, m\u00e9dio e superior, al\u00e9m de formar cadastro reserva. Os sal\u00e1rios variam de R$ 1.455,90 a R$ 7.310,37. De acordo com o edital, as oportunidades s\u00e3o\u2026","rel":"","context":"In &quot;Not\u00edcias de Ribeir\u00e3o Preto-SP e Regi\u00e3o&quot;","block_context":{"text":"Not\u00edcias de Ribeir\u00e3o Preto-SP e Regi\u00e3o","link":"https:\/\/ismaelcolosi.com.br\/index.php\/category\/noticias-de-ribeirao-preto-sp-e-regiao-ismael-colosi\/"},"img":{"alt_text":"","src":"https:\/\/i0.wp.com\/ismaelcolosi.com.br\/wp-content\/uploads\/2024\/09\/santa-lydia.jpg?fit=1200%2C800&ssl=1&resize=350%2C200","width":350,"height":200,"srcset":"https:\/\/i0.wp.com\/ismaelcolosi.com.br\/wp-content\/uploads\/2024\/09\/santa-lydia.jpg?fit=1200%2C800&ssl=1&resize=350%2C200 1x, https:\/\/i0.wp.com\/ismaelcolosi.com.br\/wp-content\/uploads\/2024\/09\/santa-lydia.jpg?fit=1200%2C800&ssl=1&resize=525%2C300 1.5x, https:\/\/i0.wp.com\/ismaelcolosi.com.br\/wp-content\/uploads\/2024\/09\/santa-lydia.jpg?fit=1200%2C800&ssl=1&resize=700%2C400 2x, https:\/\/i0.wp.com\/ismaelcolosi.com.br\/wp-content\/uploads\/2024\/09\/santa-lydia.jpg?fit=1200%2C800&ssl=1&resize=1050%2C600 3x"},"classes":[]},{"id":67121,"url":"https:\/\/ismaelcolosi.com.br\/index.php\/2024\/09\/20\/ate-quando-vao-as-inscricoes-para-processo-seletivo-do-hospital-santa-lydia-em-ribeirao\/","url_meta":{"origin":63568,"position":5},"title":"At\u00e9 quando v\u00e3o as inscri\u00e7\u00f5es para processo seletivo do Hospital Santa Lydia em Ribeir\u00e3o?","author":"ismaelcolosi.com.br","date":"20 de September de 2024","format":false,"excerpt":"As inscri\u00e7\u00f5es para o novo processo seletivo da Funda\u00e7\u00e3o Hospital Santa Lydia de Ribeir\u00e3o Preto, com 13 vagas para profissionais de n\u00edveis fundamental, m\u00e9dio e superior, terminam na segunda-feira (23). Entre as oportunidades est\u00e3o vagas para os cargos de T\u00e9cnico de Enfermagem, Analista Administrativo e M\u00e9dico de Aten\u00e7\u00e3o B\u00e1sica \u2013\u2026","rel":"","context":"In &quot;Not\u00edcias de Ribeir\u00e3o Preto-SP e Regi\u00e3o&quot;","block_context":{"text":"Not\u00edcias de Ribeir\u00e3o Preto-SP e Regi\u00e3o","link":"https:\/\/ismaelcolosi.com.br\/index.php\/category\/noticias-de-ribeirao-preto-sp-e-regiao-ismael-colosi\/"},"img":{"alt_text":"","src":"https:\/\/i0.wp.com\/ismaelcolosi.com.br\/wp-content\/uploads\/2024\/09\/FundaoSantaLydiadeRibeiroPretoabreprocessoseletivoVejaasvagas_Tamanho_2_image.jpg?fit=1200%2C900&ssl=1&resize=350%2C200","width":350,"height":200,"srcset":"https:\/\/i0.wp.com\/ismaelcolosi.com.br\/wp-content\/uploads\/2024\/09\/FundaoSantaLydiadeRibeiroPretoabreprocessoseletivoVejaasvagas_Tamanho_2_image.jpg?fit=1200%2C900&ssl=1&resize=350%2C200 1x, https:\/\/i0.wp.com\/ismaelcolosi.com.br\/wp-content\/uploads\/2024\/09\/FundaoSantaLydiadeRibeiroPretoabreprocessoseletivoVejaasvagas_Tamanho_2_image.jpg?fit=1200%2C900&ssl=1&resize=525%2C300 1.5x, https:\/\/i0.wp.com\/ismaelcolosi.com.br\/wp-content\/uploads\/2024\/09\/FundaoSantaLydiadeRibeiroPretoabreprocessoseletivoVejaasvagas_Tamanho_2_image.jpg?fit=1200%2C900&ssl=1&resize=700%2C400 2x, https:\/\/i0.wp.com\/ismaelcolosi.com.br\/wp-content\/uploads\/2024\/09\/FundaoSantaLydiadeRibeiroPretoabreprocessoseletivoVejaasvagas_Tamanho_2_image.jpg?fit=1200%2C900&ssl=1&resize=1050%2C600 3x"},"classes":[]}],"jetpack_sharing_enabled":true,"jetpack_shortlink":"https:\/\/wp.me\/pfMlyK-gxi","_links":{"self":[{"href":"https:\/\/ismaelcolosi.com.br\/index.php\/wp-json\/wp\/v2\/posts\/63568","targetHints":{"allow":["GET"]}}],"collection":[{"href":"https:\/\/ismaelcolosi.com.br\/index.php\/wp-json\/wp\/v2\/posts"}],"about":[{"href":"https:\/\/ismaelcolosi.com.br\/index.php\/wp-json\/wp\/v2\/types\/post"}],"author":[{"embeddable":true,"href":"https:\/\/ismaelcolosi.com.br\/index.php\/wp-json\/wp\/v2\/users\/1"}],"replies":[{"embeddable":true,"href":"https:\/\/ismaelcolosi.com.br\/index.php\/wp-json\/wp\/v2\/comments?post=63568"}],"version-history":[{"count":0,"href":"https:\/\/ismaelcolosi.com.br\/index.php\/wp-json\/wp\/v2\/posts\/63568\/revisions"}],"wp:attachment":[{"href":"https:\/\/ismaelcolosi.com.br\/index.php\/wp-json\/wp\/v2\/media?parent=63568"}],"wp:term":[{"taxonomy":"category","embeddable":true,"href":"https:\/\/ismaelcolosi.com.br\/index.php\/wp-json\/wp\/v2\/categories?post=63568"},{"taxonomy":"post_tag","embeddable":true,"href":"https:\/\/ismaelcolosi.com.br\/index.php\/wp-json\/wp\/v2\/tags?post=63568"}],"curies":[{"name":"wp","href":"https:\/\/api.w.org\/{rel}","templated":true}]}}