{"id":63563,"date":"2024-09-02T20:39:06","date_gmt":"2024-09-02T23:39:06","guid":{"rendered":"https:\/\/ismaelcolosi.com.br\/index.php\/2024\/09\/02\/interior-de-sp-tem-dois-novos-alertas-de-perigo-potencial-veja-regioes-afetadas\/"},"modified":"2024-09-02T20:39:06","modified_gmt":"2024-09-02T23:39:06","slug":"interior-de-sp-tem-dois-novos-alertas-de-perigo-potencial-veja-regioes-afetadas","status":"publish","type":"post","link":"https:\/\/ismaelcolosi.com.br\/index.php\/2024\/09\/02\/interior-de-sp-tem-dois-novos-alertas-de-perigo-potencial-veja-regioes-afetadas\/","title":{"rendered":"Interior de SP tem dois novos alertas de perigo potencial; Veja regi\u00f5es afetadas"},"content":{"rendered":"<p> <br \/>\n<\/p>\n<div data-td-block-uid=\"tdi_106\">\n<div class=\"tdb-block-inner td-fix-index\">\n<p>O <strong>Instituto Nacional de Meteorologia (Inmet)<\/strong> emitiu <strong>dois novos alertas de perigo potencial <\/strong>para o <strong>interior de S\u00e3o Paulo<\/strong>, nesta segunda-feira (2). <mark style=\"background-color:#fcb900\" class=\"has-inline-color\">Um \u00e9 para <strong>onda de calor<\/strong> e o outro para <strong>baixa umidade do ar<\/strong>.<\/mark><\/p>\n<p>De acordo com a <strong><a href=\"https:\/\/www.climatempo.com.br\/\" target=\"_blank\" rel=\"noreferrer noopener\">Climatempo<\/a><\/strong>, o <strong>tempo seco<\/strong> e com <strong>temperaturas acima da m\u00e9dia<\/strong> devem afetar diversas regi\u00f5es a partir de hoje. <mark style=\"background-color:#fcb900\" class=\"has-inline-color\"><strong>O munic\u00edpio de Barretos, por exemplo, registrou 7% de umidade no ar, o menor \u00edndice no pa\u00eds nesta segunda.<\/strong><\/mark><\/p>\n<figure class=\"wp-block-pullquote\">\n<blockquote>\n<p>Alta press\u00e3o ainda mantendo as condi\u00e7\u00f5es de tempo firme no Brasil Central, com o ar extremamente seco desde o interior de SP at\u00e9 o estado do Tocantins (TO). A umidade do ar ainda fica em alerta na maior parte da Regi\u00e3o Sudeste. Aten\u00e7\u00e3o para queimadas no interior paulista<\/p>\n<p><cite>Cimatempo<\/cite><\/p><\/blockquote>\n<\/figure>\n<h2 class=\"wp-block-heading\"><strong>Alertas de perigo potencial<\/strong><\/h2>\n<p>Conforme o <strong>Inmet<\/strong>, o <strong>alerta de perigo potencial<\/strong> para<a href=\"https:\/\/alertas2.inmet.gov.br\/48315\" target=\"_blank\" rel=\"noreferrer noopener\"> <strong>onda de calor<\/strong><\/a> informa que esse cen\u00e1rio pode causar <mark style=\"background-color:#fcb900\" class=\"has-inline-color\">leve risco \u00e0 sa\u00fade, j\u00e1 que a <strong>temperatura pode ficar 5\u00baC acima da m\u00e9dia <\/strong>pelo per\u00edodo de 02 a 03 dias. <strong>Ele \u00e9 v\u00e1lido at\u00e9 quarta-feira (4)<\/strong>.<\/mark><\/p>\n<p>O outro <strong>comunicado <\/strong>faz um <strong>alerta para a <a href=\"https:\/\/alertas2.inmet.gov.br\/48320\" target=\"_blank\" rel=\"noreferrer noopener\">umidade relativa<\/a><\/strong> <mark style=\"background-color:#fcb900\" class=\"has-inline-color\"><strong>que pode variar entre 30% e 20%<\/strong>. Apesar de baixo, tamb\u00e9m h\u00e1 risco de inc\u00eandios florestais e \u00e0 sa\u00fade. <strong>Ele \u00e9 v\u00e1lido entre \u00e0s 10h e 21h desta ter\u00e7a-feira (3).<\/strong><\/mark><\/p>\n<h3 class=\"wp-block-heading\"><strong>Quais s\u00e3o as regi\u00f5es do interior de SP afetadas?<\/strong><\/h3>\n<h4 class=\"wp-block-heading\"><strong>At\u00e9 quando vai durar essa nova onda de calor?<\/strong><\/h4>\n<p>Conforme os meteorologistas, o <strong>calor acima da m\u00e9dia<\/strong> deve persistir at\u00e9 o come\u00e7o da <strong>segunda quinzena de setembro<\/strong>. De acordo com a <strong>Climatempo<\/strong>, a <strong>primeira forte frente fria de setembro j\u00e1 tem data para chegar ao pa\u00eds<\/strong>.<\/p>\n<p>A <strong>previs\u00e3o <\/strong>diz que essa <strong>frente fria<\/strong> deve avan\u00e7ar a partir do dia <strong>19 de setembro<\/strong>, come\u00e7ando a movimentar um pouco a atmosfera e trazendo um <strong>ar mais frio<\/strong>, reduzindo o calor em alguns estados.<\/p>\n<hr class=\"wp-block-separator has-alpha-channel-opacity\"\/>\n<p>SAIBA MAIS<\/p>\n<p>Paraciclista de Ribeir\u00e3o Preto representa o Brasil nos Jogos de Paris<\/p>\n<h4 class=\"wp-block-heading\"><strong>FIQUE ON<\/strong><\/h4>\n<p>Fique ligado em tudo que acontece em Ribeir\u00e3o Preto e regi\u00e3o. Siga os perfis do<strong>\u00a0acidade on<\/strong>\u00a0no\u00a0<a href=\"https:\/\/www.instagram.com\/acidadeonribeirao\" target=\"_blank\" rel=\"noreferrer noopener\">Instagram\u00a0<\/a>e no<a href=\"https:\/\/www.facebook.com\/acidadeonribeirao\/\" target=\"_blank\" rel=\"noreferrer noopener\">\u00a0Facebook<\/a>.<\/p>\n<p>Receba not\u00edcias do\u00a0<strong>acidade on<\/strong>\u00a0no WhatsApp.\u00a0<a href=\"https:\/\/chat.whatsapp.com\/Dtv9mxhy6V5BJBotM2OQ5k\" target=\"_blank\" rel=\"noreferrer noopener\">Para entrar no grupo, basta clicar aqui.<\/a><\/p>\n<p>Fa\u00e7a uma den\u00fancia ou sugira uma reportagem sobre Ribeir\u00e3o Preto e regi\u00e3o pelo WhatsApp: 16 99117 7802.<\/p>\n<p>VEJA TAMB\u00c9M<\/p>\n<p><a href=\"https:\/\/acidadeon.com\/tudoep\/tudo-inovacao\/julgamento-stf-atinge-maioria-para-manter-x-fora-do-ar-no-brasil\/\" target=\"_blank\" rel=\"noreferrer noopener\">Julgamento: STF atinge maioria para manter X fora do ar no Brasil<\/a><\/p>\n<p><!-- CONTENT END 1 -->\n<\/div>\n<\/div>\n<p><script async src=\"\/\/www.instagram.com\/embed.js\"><\/script><br \/>\n<br \/><br \/>\n<br \/><a href=\"https:\/\/www.acidadeon.com\/ribeiraopreto\/cotidiano\/interior-de-sp-tem-dois-novos-alertas-de-perigo-potencial-veja-regioes-afetadas\/\">Source link <\/a><\/p>\n","protected":false},"excerpt":{"rendered":"<p>O Instituto Nacional de Meteorologia (Inmet) emitiu dois novos alertas de perigo potencial para o interior de S\u00e3o Paulo, nesta segunda-feira (2). Um \u00e9 para&#8230;<\/p>\n","protected":false},"author":1,"featured_media":63564,"comment_status":"open","ping_status":"open","sticky":false,"template":"","format":"standard","meta":{"_uag_custom_page_level_css":"","advanced_seo_description":"","jetpack_seo_html_title":"","jetpack_seo_noindex":false,"jetpack_post_was_ever_published":false,"_jetpack_newsletter_access":"","_jetpack_dont_email_post_to_subs":false,"_jetpack_newsletter_tier_id":0,"_jetpack_memberships_contains_paywalled_content":false,"_jetpack_memberships_contains_paid_content":false,"footnotes":"","jetpack_publicize_message":"","jetpack_publicize_feature_enabled":true,"jetpack_social_post_already_shared":true,"jetpack_social_options":{"image_generator_settings":{"template":"highway","default_image_id":0,"font":"","enabled":false},"version":2}},"categories":[11],"tags":[],"class_list":["post-63563","post","type-post","status-publish","format-standard","has-post-thumbnail","hentry","category-noticias-de-ribeirao-preto-sp-e-regiao-ismael-colosi"],"jetpack_publicize_connections":[],"jetpack_featured_media_url":"https:\/\/i0.wp.com\/ismaelcolosi.com.br\/wp-content\/uploads\/2024\/09\/mulher-mais-velha-lutando-com-alta-temperatura-scaled.jpg?fit=2560%2C1706&ssl=1","uagb_featured_image_src":{"full":["https:\/\/i0.wp.com\/ismaelcolosi.com.br\/wp-content\/uploads\/2024\/09\/mulher-mais-velha-lutando-com-alta-temperatura-scaled.jpg?fit=2560%2C1706&ssl=1",2560,1706,false],"thumbnail":["https:\/\/i0.wp.com\/ismaelcolosi.com.br\/wp-content\/uploads\/2024\/09\/mulher-mais-velha-lutando-com-alta-temperatura-scaled.jpg?resize=150%2C150&ssl=1",150,150,true],"medium":["https:\/\/i0.wp.com\/ismaelcolosi.com.br\/wp-content\/uploads\/2024\/09\/mulher-mais-velha-lutando-com-alta-temperatura-scaled.jpg?fit=300%2C200&ssl=1",300,200,true],"medium_large":["https:\/\/i0.wp.com\/ismaelcolosi.com.br\/wp-content\/uploads\/2024\/09\/mulher-mais-velha-lutando-com-alta-temperatura-scaled.jpg?fit=768%2C512&ssl=1",768,512,true],"large":["https:\/\/i0.wp.com\/ismaelcolosi.com.br\/wp-content\/uploads\/2024\/09\/mulher-mais-velha-lutando-com-alta-temperatura-scaled.jpg?fit=1024%2C682&ssl=1",1024,682,true],"1536x1536":["https:\/\/i0.wp.com\/ismaelcolosi.com.br\/wp-content\/uploads\/2024\/09\/mulher-mais-velha-lutando-com-alta-temperatura-scaled.jpg?fit=1536%2C1024&ssl=1",1536,1024,true],"2048x2048":["https:\/\/i0.wp.com\/ismaelcolosi.com.br\/wp-content\/uploads\/2024\/09\/mulher-mais-velha-lutando-com-alta-temperatura-scaled.jpg?fit=2048%2C1365&ssl=1",2048,1365,true],"really-simple-thumb":["https:\/\/i0.wp.com\/ismaelcolosi.com.br\/wp-content\/uploads\/2024\/09\/mulher-mais-velha-lutando-com-alta-temperatura-scaled.jpg?resize=370%2C247&ssl=1",370,247,true]},"uagb_author_info":{"display_name":"ismaelcolosi.com.br","author_link":"https:\/\/ismaelcolosi.com.br\/index.php\/author\/vidareal-online\/"},"uagb_comment_info":0,"uagb_excerpt":"O Instituto Nacional de Meteorologia (Inmet) emitiu dois novos alertas de perigo potencial para o interior de S\u00e3o Paulo, nesta segunda-feira (2). Um \u00e9 para...","jetpack-related-posts":[{"id":56725,"url":"https:\/\/ismaelcolosi.com.br\/index.php\/2024\/07\/15\/interior-de-sp-tem-alerta-de-perigo-potencial-nesta-segunda-confira-a-previsao-do-tempo\/","url_meta":{"origin":63563,"position":0},"title":"Interior de SP tem alerta de perigo potencial nesta segunda; Confira a previs\u00e3o do tempo","author":"ismaelcolosi.com.br","date":"15 de July de 2024","format":false,"excerpt":"O Inmet (Instituto Nacional de Meteorologia) emitiu um alerta de perigo potencial para a baixa umidade do ar em parte do interior de S\u00e3o Paulo. O aviso tem validade entre 11h e 19h desta segunda-feira (15), e inclui Ribeir\u00e3o Preto e cidades da regi\u00e3o. O alerta \u00e9 na cor amarela\u2026","rel":"","context":"In &quot;Not\u00edcias de Ribeir\u00e3o Preto-SP e Regi\u00e3o&quot;","block_context":{"text":"Not\u00edcias de Ribeir\u00e3o Preto-SP e Regi\u00e3o","link":"https:\/\/ismaelcolosi.com.br\/index.php\/category\/noticias-de-ribeirao-preto-sp-e-regiao-ismael-colosi\/"},"img":{"alt_text":"","src":"https:\/\/i0.wp.com\/ismaelcolosi.com.br\/wp-content\/uploads\/2024\/06\/WhatsApp-Image-2024-06-14-at-09.30.18-1_2024-06-14_12-31-08_jpeg_2024-06-14_12-31-08.webp.webp?fit=1200%2C553&ssl=1&resize=350%2C200","width":350,"height":200,"srcset":"https:\/\/i0.wp.com\/ismaelcolosi.com.br\/wp-content\/uploads\/2024\/06\/WhatsApp-Image-2024-06-14-at-09.30.18-1_2024-06-14_12-31-08_jpeg_2024-06-14_12-31-08.webp.webp?fit=1200%2C553&ssl=1&resize=350%2C200 1x, https:\/\/i0.wp.com\/ismaelcolosi.com.br\/wp-content\/uploads\/2024\/06\/WhatsApp-Image-2024-06-14-at-09.30.18-1_2024-06-14_12-31-08_jpeg_2024-06-14_12-31-08.webp.webp?fit=1200%2C553&ssl=1&resize=525%2C300 1.5x, https:\/\/i0.wp.com\/ismaelcolosi.com.br\/wp-content\/uploads\/2024\/06\/WhatsApp-Image-2024-06-14-at-09.30.18-1_2024-06-14_12-31-08_jpeg_2024-06-14_12-31-08.webp.webp?fit=1200%2C553&ssl=1&resize=700%2C400 2x, https:\/\/i0.wp.com\/ismaelcolosi.com.br\/wp-content\/uploads\/2024\/06\/WhatsApp-Image-2024-06-14-at-09.30.18-1_2024-06-14_12-31-08_jpeg_2024-06-14_12-31-08.webp.webp?fit=1200%2C553&ssl=1&resize=1050%2C600 3x"},"classes":[]},{"id":63599,"url":"https:\/\/ismaelcolosi.com.br\/index.php\/2024\/09\/03\/interior-de-sp-tem-areas-entre-as-mais-secas-do-brasil-nesta-terca-veja-regioes\/","url_meta":{"origin":63563,"position":1},"title":"Interior de SP tem \u00e1reas entre as mais secas do Brasil nesta ter\u00e7a; Veja regi\u00f5es","author":"ismaelcolosi.com.br","date":"3 de September de 2024","format":false,"excerpt":"Parte do interior de S\u00e3o Paulo est\u00e1 em emerg\u00eancia para o risco de baixa umidade do ar nesta ter\u00e7a-feira (3). Veja o mapa abaixo. Segundo a Climatempo, o Norte e o Oeste do estado paulista estar\u00e3o entre as \u00e1reas mais secas do Brasil hoje, com n\u00edvel previsto de umidade do\u2026","rel":"","context":"In &quot;Not\u00edcias de Ribeir\u00e3o Preto-SP e Regi\u00e3o&quot;","block_context":{"text":"Not\u00edcias de Ribeir\u00e3o Preto-SP e Regi\u00e3o","link":"https:\/\/ismaelcolosi.com.br\/index.php\/category\/noticias-de-ribeirao-preto-sp-e-regiao-ismael-colosi\/"},"img":{"alt_text":"","src":"https:\/\/i0.wp.com\/ismaelcolosi.com.br\/wp-content\/uploads\/2024\/09\/SOL_2024-09-03_10-09-19_jpg_2024-09-03_10-09-20.webp.webp?fit=1200%2C582&ssl=1&resize=350%2C200","width":350,"height":200,"srcset":"https:\/\/i0.wp.com\/ismaelcolosi.com.br\/wp-content\/uploads\/2024\/09\/SOL_2024-09-03_10-09-19_jpg_2024-09-03_10-09-20.webp.webp?fit=1200%2C582&ssl=1&resize=350%2C200 1x, https:\/\/i0.wp.com\/ismaelcolosi.com.br\/wp-content\/uploads\/2024\/09\/SOL_2024-09-03_10-09-19_jpg_2024-09-03_10-09-20.webp.webp?fit=1200%2C582&ssl=1&resize=525%2C300 1.5x, https:\/\/i0.wp.com\/ismaelcolosi.com.br\/wp-content\/uploads\/2024\/09\/SOL_2024-09-03_10-09-19_jpg_2024-09-03_10-09-20.webp.webp?fit=1200%2C582&ssl=1&resize=700%2C400 2x, https:\/\/i0.wp.com\/ismaelcolosi.com.br\/wp-content\/uploads\/2024\/09\/SOL_2024-09-03_10-09-19_jpg_2024-09-03_10-09-20.webp.webp?fit=1200%2C582&ssl=1&resize=1050%2C600 3x"},"classes":[]},{"id":57477,"url":"https:\/\/ismaelcolosi.com.br\/index.php\/2024\/07\/22\/inmet-emite-alerta-laranja-de-perigo-para-o-interior-de-sp-veja-cidades-afetadas\/","url_meta":{"origin":63563,"position":2},"title":"Inmet emite alerta laranja de perigo para o interior de SP; Veja cidades afetadas","author":"ismaelcolosi.com.br","date":"22 de July de 2024","format":false,"excerpt":"O Inmet (Instituto Nacional de Meteorologia) emitiu dois alertas para baixa umidade do ar em parte do interior de S\u00e3o Paulo. Todos os avisos incluem Ribeir\u00e3o Preto e cidades da regi\u00e3o. O primeiro, das 11h \u00e0s 19h, \u00e9 na cor amarela \u2013 a primeira em uma escala at\u00e9 tr\u00eas n\u00edveis\u2026","rel":"","context":"In &quot;Not\u00edcias de Ribeir\u00e3o Preto-SP e Regi\u00e3o&quot;","block_context":{"text":"Not\u00edcias de Ribeir\u00e3o Preto-SP e Regi\u00e3o","link":"https:\/\/ismaelcolosi.com.br\/index.php\/category\/noticias-de-ribeirao-preto-sp-e-regiao-ismael-colosi\/"},"img":{"alt_text":"","src":"https:\/\/i0.wp.com\/ismaelcolosi.com.br\/wp-content\/uploads\/2024\/07\/por_do_1024x576_21042020072407.jpg?fit=1024%2C576&ssl=1&resize=350%2C200","width":350,"height":200,"srcset":"https:\/\/i0.wp.com\/ismaelcolosi.com.br\/wp-content\/uploads\/2024\/07\/por_do_1024x576_21042020072407.jpg?fit=1024%2C576&ssl=1&resize=350%2C200 1x, https:\/\/i0.wp.com\/ismaelcolosi.com.br\/wp-content\/uploads\/2024\/07\/por_do_1024x576_21042020072407.jpg?fit=1024%2C576&ssl=1&resize=525%2C300 1.5x, https:\/\/i0.wp.com\/ismaelcolosi.com.br\/wp-content\/uploads\/2024\/07\/por_do_1024x576_21042020072407.jpg?fit=1024%2C576&ssl=1&resize=700%2C400 2x"},"classes":[]},{"id":60818,"url":"https:\/\/ismaelcolosi.com.br\/index.php\/2024\/08\/18\/qualidade-do-ar-e-ruim-em-cidades-do-interior-de-sp-veja-quais-regioes-estao-em-alerta\/","url_meta":{"origin":63563,"position":3},"title":"Qualidade do ar \u00e9 ruim em cidades do interior de SP; Veja quais regi\u00f5es est\u00e3o em alerta","author":"ismaelcolosi.com.br","date":"18 de August de 2024","format":false,"excerpt":"Uma grande massa de ar seco e quente inibe a forma\u00e7\u00e3o de nuvens carregadas e bloqueia o avan\u00e7o de frentes frias para a regi\u00e3o Sudeste do Brasil, de acordo com os meteorologistas. Por conta desse cen\u00e1rio, um alerta de onda de calor foi emitido pelo Instituto Nacional de Meteorologia (Inmet)\u2026","rel":"","context":"In &quot;Not\u00edcias de Ribeir\u00e3o Preto-SP e Regi\u00e3o&quot;","block_context":{"text":"Not\u00edcias de Ribeir\u00e3o Preto-SP e Regi\u00e3o","link":"https:\/\/ismaelcolosi.com.br\/index.php\/category\/noticias-de-ribeirao-preto-sp-e-regiao-ismael-colosi\/"},"img":{"alt_text":"","src":"https:\/\/i0.wp.com\/ismaelcolosi.com.br\/wp-content\/uploads\/2024\/07\/WhatsApp-Image-2024-07-03-at-07.08.43_2024-07-03_10-10-21_jpeg_2024-07-03_10-10-21.webp.webp?fit=1200%2C1001&ssl=1&resize=350%2C200","width":350,"height":200,"srcset":"https:\/\/i0.wp.com\/ismaelcolosi.com.br\/wp-content\/uploads\/2024\/07\/WhatsApp-Image-2024-07-03-at-07.08.43_2024-07-03_10-10-21_jpeg_2024-07-03_10-10-21.webp.webp?fit=1200%2C1001&ssl=1&resize=350%2C200 1x, https:\/\/i0.wp.com\/ismaelcolosi.com.br\/wp-content\/uploads\/2024\/07\/WhatsApp-Image-2024-07-03-at-07.08.43_2024-07-03_10-10-21_jpeg_2024-07-03_10-10-21.webp.webp?fit=1200%2C1001&ssl=1&resize=525%2C300 1.5x, https:\/\/i0.wp.com\/ismaelcolosi.com.br\/wp-content\/uploads\/2024\/07\/WhatsApp-Image-2024-07-03-at-07.08.43_2024-07-03_10-10-21_jpeg_2024-07-03_10-10-21.webp.webp?fit=1200%2C1001&ssl=1&resize=700%2C400 2x, https:\/\/i0.wp.com\/ismaelcolosi.com.br\/wp-content\/uploads\/2024\/07\/WhatsApp-Image-2024-07-03-at-07.08.43_2024-07-03_10-10-21_jpeg_2024-07-03_10-10-21.webp.webp?fit=1200%2C1001&ssl=1&resize=1050%2C600 3x"},"classes":[]},{"id":64198,"url":"https:\/\/ismaelcolosi.com.br\/index.php\/2024\/09\/06\/inmet-emite-alerta-de-perigo-para-o-interior-de-sp-veja-previsao-no-fim-de-semana\/","url_meta":{"origin":63563,"position":4},"title":"Inmet emite alerta de perigo para o interior de SP; Veja previs\u00e3o no fim de semana","author":"ismaelcolosi.com.br","date":"6 de September de 2024","format":false,"excerpt":"O Inmet (Instituto Nacional de Meteorologia) emitou um alerta de \u201cperigo\u201d para onda de calor em parte do interior de S\u00e3o Paulo. O aviso, que e inclui a regi\u00e3o de Ribeir\u00e3o Preto, teve in\u00edcio \u00e0 0h e segue at\u00e9 as 23h59 desta sexta-feira (6). Este alerta \u00e9 na cor laranja\u2026","rel":"","context":"In &quot;Not\u00edcias de Ribeir\u00e3o Preto-SP e Regi\u00e3o&quot;","block_context":{"text":"Not\u00edcias de Ribeir\u00e3o Preto-SP e Regi\u00e3o","link":"https:\/\/ismaelcolosi.com.br\/index.php\/category\/noticias-de-ribeirao-preto-sp-e-regiao-ismael-colosi\/"},"img":{"alt_text":"","src":"https:\/\/i0.wp.com\/ismaelcolosi.com.br\/wp-content\/uploads\/2024\/09\/WhatsApp-Image-2023-11-10-at-08.08.42.jpeg?fit=1200%2C540&ssl=1&resize=350%2C200","width":350,"height":200,"srcset":"https:\/\/i0.wp.com\/ismaelcolosi.com.br\/wp-content\/uploads\/2024\/09\/WhatsApp-Image-2023-11-10-at-08.08.42.jpeg?fit=1200%2C540&ssl=1&resize=350%2C200 1x, https:\/\/i0.wp.com\/ismaelcolosi.com.br\/wp-content\/uploads\/2024\/09\/WhatsApp-Image-2023-11-10-at-08.08.42.jpeg?fit=1200%2C540&ssl=1&resize=525%2C300 1.5x, https:\/\/i0.wp.com\/ismaelcolosi.com.br\/wp-content\/uploads\/2024\/09\/WhatsApp-Image-2023-11-10-at-08.08.42.jpeg?fit=1200%2C540&ssl=1&resize=700%2C400 2x, https:\/\/i0.wp.com\/ismaelcolosi.com.br\/wp-content\/uploads\/2024\/09\/WhatsApp-Image-2023-11-10-at-08.08.42.jpeg?fit=1200%2C540&ssl=1&resize=1050%2C600 3x"},"classes":[]},{"id":56866,"url":"https:\/\/ismaelcolosi.com.br\/index.php\/2024\/07\/16\/alerta-de-perigo-potencial-e-renovado-no-interior-de-sp-veja-previsao-do-tempo\/","url_meta":{"origin":63563,"position":5},"title":"Alerta de perigo potencial \u00e9 renovado no interior de SP; Veja previs\u00e3o do tempo","author":"ismaelcolosi.com.br","date":"16 de July de 2024","format":false,"excerpt":"O Inmet (Instituto Nacional de Meteorologia) renovou o alerta de perigo potencial para a baixa umidade do ar em parte do interior de S\u00e3o Paulo. O novo aviso tem validade entre 11h e 19h desta ter\u00e7a-feira (16), e inclui Ribeir\u00e3o Preto e cidades da regi\u00e3o. O alerta \u00e9 na cor\u2026","rel":"","context":"In &quot;Not\u00edcias de Ribeir\u00e3o Preto-SP e Regi\u00e3o&quot;","block_context":{"text":"Not\u00edcias de Ribeir\u00e3o Preto-SP e Regi\u00e3o","link":"https:\/\/ismaelcolosi.com.br\/index.php\/category\/noticias-de-ribeirao-preto-sp-e-regiao-ismael-colosi\/"},"img":{"alt_text":"","src":"https:\/\/i0.wp.com\/ismaelcolosi.com.br\/wp-content\/uploads\/2024\/07\/calor-onda.jpeg?fit=1200%2C675&ssl=1&resize=350%2C200","width":350,"height":200,"srcset":"https:\/\/i0.wp.com\/ismaelcolosi.com.br\/wp-content\/uploads\/2024\/07\/calor-onda.jpeg?fit=1200%2C675&ssl=1&resize=350%2C200 1x, https:\/\/i0.wp.com\/ismaelcolosi.com.br\/wp-content\/uploads\/2024\/07\/calor-onda.jpeg?fit=1200%2C675&ssl=1&resize=525%2C300 1.5x, https:\/\/i0.wp.com\/ismaelcolosi.com.br\/wp-content\/uploads\/2024\/07\/calor-onda.jpeg?fit=1200%2C675&ssl=1&resize=700%2C400 2x, https:\/\/i0.wp.com\/ismaelcolosi.com.br\/wp-content\/uploads\/2024\/07\/calor-onda.jpeg?fit=1200%2C675&ssl=1&resize=1050%2C600 3x"},"classes":[]}],"jetpack_sharing_enabled":true,"jetpack_shortlink":"https:\/\/wp.me\/pfMlyK-gxd","_links":{"self":[{"href":"https:\/\/ismaelcolosi.com.br\/index.php\/wp-json\/wp\/v2\/posts\/63563","targetHints":{"allow":["GET"]}}],"collection":[{"href":"https:\/\/ismaelcolosi.com.br\/index.php\/wp-json\/wp\/v2\/posts"}],"about":[{"href":"https:\/\/ismaelcolosi.com.br\/index.php\/wp-json\/wp\/v2\/types\/post"}],"author":[{"embeddable":true,"href":"https:\/\/ismaelcolosi.com.br\/index.php\/wp-json\/wp\/v2\/users\/1"}],"replies":[{"embeddable":true,"href":"https:\/\/ismaelcolosi.com.br\/index.php\/wp-json\/wp\/v2\/comments?post=63563"}],"version-history":[{"count":0,"href":"https:\/\/ismaelcolosi.com.br\/index.php\/wp-json\/wp\/v2\/posts\/63563\/revisions"}],"wp:featuredmedia":[{"embeddable":true,"href":"https:\/\/ismaelcolosi.com.br\/index.php\/wp-json\/wp\/v2\/media\/63564"}],"wp:attachment":[{"href":"https:\/\/ismaelcolosi.com.br\/index.php\/wp-json\/wp\/v2\/media?parent=63563"}],"wp:term":[{"taxonomy":"category","embeddable":true,"href":"https:\/\/ismaelcolosi.com.br\/index.php\/wp-json\/wp\/v2\/categories?post=63563"},{"taxonomy":"post_tag","embeddable":true,"href":"https:\/\/ismaelcolosi.com.br\/index.php\/wp-json\/wp\/v2\/tags?post=63563"}],"curies":[{"name":"wp","href":"https:\/\/api.w.org\/{rel}","templated":true}]}}