{"id":63556,"date":"2024-09-02T19:41:14","date_gmt":"2024-09-02T22:41:14","guid":{"rendered":"https:\/\/ismaelcolosi.com.br\/index.php\/2024\/09\/02\/vereador-atropelado-em-ribeirao-preto-passa-por-cirurgia-no-hc-ue\/"},"modified":"2024-09-02T19:41:14","modified_gmt":"2024-09-02T22:41:14","slug":"vereador-atropelado-em-ribeirao-preto-passa-por-cirurgia-no-hc-ue","status":"publish","type":"post","link":"https:\/\/ismaelcolosi.com.br\/index.php\/2024\/09\/02\/vereador-atropelado-em-ribeirao-preto-passa-por-cirurgia-no-hc-ue\/","title":{"rendered":"Vereador atropelado em Ribeir\u00e3o Preto passa por cirurgia no HC-UE"},"content":{"rendered":"<p> <br \/>\n<\/p>\n<div data-td-block-uid=\"tdi_106\">\n<div class=\"tdb-block-inner td-fix-index\">\n<p>O <strong>vereador Paulo Modas (PSD)<\/strong>, de 62 anos, est\u00e1 passando por uma <strong>cirurgia <\/strong>no <strong>Hospital das Cl\u00ednicas Unidade de Emerg\u00eancia (HC-UE)<\/strong> de <strong>Ribeir\u00e3o Preto<\/strong>, nesta segunda-feira (2). <mark style=\"background-color:#fcb900\" class=\"has-inline-color\">A informa\u00e7\u00e3o foi confirmada pela assessoria do pol\u00edtico no fim da tarde.<\/mark><\/p>\n<p>De acordo com o comunicado, a <strong>interven\u00e7\u00e3o cir\u00fargica<\/strong> foi necess\u00e1ria ap\u00f3s o parlamentar <strong>ter sido atropelado na manh\u00e3 de hoje<\/strong>, pr\u00f3ximo ao comit\u00ea de campanha, na zona Norte da cidade.<\/p>\n<p>A equipe de <strong>Paulo Modas<\/strong> n\u00e3o atualizou o estado de sa\u00fade do vereador \u2013 anteriormente divulgado como est\u00e1vel. Contudo, informou que o mesmo ser\u00e1 atualizado <strong>assim que poss\u00edvel<\/strong>.<\/p>\n<h3 class=\"wp-block-heading\"><strong>O acidente<\/strong><\/h3>\n<p>Conforme as informa\u00e7\u00f5es, o vereador estava realizando <strong>atividades de campanha<\/strong> quando foi atingido por um carro na <strong>rua Coronel Am\u00e9rico Batista<\/strong>, por volta das 11h30.<\/p>\n<p><mark style=\"background-color:#fcb900\" class=\"has-inline-color\">O parlamentar teria batido a cabe\u00e7a no asfalto ap\u00f3s ser atingido<\/mark>. Ele foi socorrido e encaminhado consciente para o HC-UE.<\/p>\n<hr class=\"wp-block-separator has-alpha-channel-opacity\"\/>\n<p>SAIBA MAIS<\/p>\n<p>Prefeitura de Ribeir\u00e3o Preto abre concurso p\u00fablico com sal\u00e1rios de R$ 7 mil<\/p>\n<h4 class=\"wp-block-heading\"><strong>FIQUE ON<\/strong><\/h4>\n<p>Fique ligado em tudo que acontece em Ribeir\u00e3o Preto e regi\u00e3o. Siga os perfis do<strong>\u00a0acidade on<\/strong>\u00a0no\u00a0<a href=\"https:\/\/www.instagram.com\/acidadeonribeirao\" target=\"_blank\" rel=\"noreferrer noopener\">Instagram\u00a0<\/a>e no<a href=\"https:\/\/www.facebook.com\/acidadeonribeirao\/\" target=\"_blank\" rel=\"noreferrer noopener\">\u00a0Facebook<\/a>.<\/p>\n<p>Receba not\u00edcias do\u00a0<strong>acidade on<\/strong>\u00a0no WhatsApp.\u00a0<a href=\"https:\/\/chat.whatsapp.com\/Dtv9mxhy6V5BJBotM2OQ5k\" target=\"_blank\" rel=\"noreferrer noopener\">Para entrar no grupo, basta clicar aqui.<\/a><\/p>\n<p>Fa\u00e7a uma den\u00fancia ou sugira uma reportagem sobre Ribeir\u00e3o Preto e regi\u00e3o pelo WhatsApp: 16 99117 7802.<\/p>\n<p>VEJA TAMB\u00c9M<\/p>\n<p>Qual \u00e9 a idade de M\u00f4nica Camillo, esposa do Nuno Leal Maia?<\/p>\n<p><!-- CONTENT END 1 -->\n<\/div>\n<\/div>\n<p><script async src=\"\/\/www.instagram.com\/embed.js\"><\/script><br \/>\n<br \/><br \/>\n<br \/><a href=\"https:\/\/www.acidadeon.com\/ribeiraopreto\/cotidiano\/vereador-atropelado-em-ribeirao-preto-passa-por-cirurgia-no-hc-ue\/\">Source link <\/a><\/p>\n","protected":false},"excerpt":{"rendered":"<p>O vereador Paulo Modas (PSD), de 62 anos, est\u00e1 passando por uma cirurgia no Hospital das Cl\u00ednicas Unidade de Emerg\u00eancia (HC-UE) de Ribeir\u00e3o Preto, nesta&#8230;<\/p>\n","protected":false},"author":1,"featured_media":63557,"comment_status":"open","ping_status":"open","sticky":false,"template":"","format":"standard","meta":{"_uag_custom_page_level_css":"","advanced_seo_description":"","jetpack_seo_html_title":"","jetpack_seo_noindex":false,"jetpack_post_was_ever_published":false,"_jetpack_newsletter_access":"","_jetpack_dont_email_post_to_subs":false,"_jetpack_newsletter_tier_id":0,"_jetpack_memberships_contains_paywalled_content":false,"_jetpack_memberships_contains_paid_content":false,"footnotes":"","jetpack_publicize_message":"","jetpack_publicize_feature_enabled":true,"jetpack_social_post_already_shared":true,"jetpack_social_options":{"image_generator_settings":{"template":"highway","default_image_id":0,"font":"","enabled":false},"version":2}},"categories":[11],"tags":[],"class_list":["post-63556","post","type-post","status-publish","format-standard","has-post-thumbnail","hentry","category-noticias-de-ribeirao-preto-sp-e-regiao-ismael-colosi"],"jetpack_publicize_connections":[],"jetpack_featured_media_url":"https:\/\/i0.wp.com\/ismaelcolosi.com.br\/wp-content\/uploads\/2024\/09\/Copia-de-Copia-de-Copia-de-TAMANHO-EXATO-PARA-FOTOS-NO-SISTEMA-NOVO-25_2024-09-02_22-20-11_png_2024-09-02_22-20-11.webp.webp?fit=1200%2C675&ssl=1","uagb_featured_image_src":{"full":["https:\/\/i0.wp.com\/ismaelcolosi.com.br\/wp-content\/uploads\/2024\/09\/Copia-de-Copia-de-Copia-de-TAMANHO-EXATO-PARA-FOTOS-NO-SISTEMA-NOVO-25_2024-09-02_22-20-11_png_2024-09-02_22-20-11.webp.webp?fit=1200%2C675&ssl=1",1200,675,false],"thumbnail":["https:\/\/i0.wp.com\/ismaelcolosi.com.br\/wp-content\/uploads\/2024\/09\/Copia-de-Copia-de-Copia-de-TAMANHO-EXATO-PARA-FOTOS-NO-SISTEMA-NOVO-25_2024-09-02_22-20-11_png_2024-09-02_22-20-11.webp.webp?resize=150%2C150&ssl=1",150,150,true],"medium":["https:\/\/i0.wp.com\/ismaelcolosi.com.br\/wp-content\/uploads\/2024\/09\/Copia-de-Copia-de-Copia-de-TAMANHO-EXATO-PARA-FOTOS-NO-SISTEMA-NOVO-25_2024-09-02_22-20-11_png_2024-09-02_22-20-11.webp.webp?fit=300%2C169&ssl=1",300,169,true],"medium_large":["https:\/\/i0.wp.com\/ismaelcolosi.com.br\/wp-content\/uploads\/2024\/09\/Copia-de-Copia-de-Copia-de-TAMANHO-EXATO-PARA-FOTOS-NO-SISTEMA-NOVO-25_2024-09-02_22-20-11_png_2024-09-02_22-20-11.webp.webp?fit=768%2C432&ssl=1",768,432,true],"large":["https:\/\/i0.wp.com\/ismaelcolosi.com.br\/wp-content\/uploads\/2024\/09\/Copia-de-Copia-de-Copia-de-TAMANHO-EXATO-PARA-FOTOS-NO-SISTEMA-NOVO-25_2024-09-02_22-20-11_png_2024-09-02_22-20-11.webp.webp?fit=1024%2C576&ssl=1",1024,576,true],"1536x1536":["https:\/\/i0.wp.com\/ismaelcolosi.com.br\/wp-content\/uploads\/2024\/09\/Copia-de-Copia-de-Copia-de-TAMANHO-EXATO-PARA-FOTOS-NO-SISTEMA-NOVO-25_2024-09-02_22-20-11_png_2024-09-02_22-20-11.webp.webp?fit=1200%2C675&ssl=1",1200,675,true],"2048x2048":["https:\/\/i0.wp.com\/ismaelcolosi.com.br\/wp-content\/uploads\/2024\/09\/Copia-de-Copia-de-Copia-de-TAMANHO-EXATO-PARA-FOTOS-NO-SISTEMA-NOVO-25_2024-09-02_22-20-11_png_2024-09-02_22-20-11.webp.webp?fit=1200%2C675&ssl=1",1200,675,true],"really-simple-thumb":["https:\/\/i0.wp.com\/ismaelcolosi.com.br\/wp-content\/uploads\/2024\/09\/Copia-de-Copia-de-Copia-de-TAMANHO-EXATO-PARA-FOTOS-NO-SISTEMA-NOVO-25_2024-09-02_22-20-11_png_2024-09-02_22-20-11.webp.webp?resize=370%2C247&ssl=1",370,247,true]},"uagb_author_info":{"display_name":"ismaelcolosi.com.br","author_link":"https:\/\/ismaelcolosi.com.br\/index.php\/author\/vidareal-online\/"},"uagb_comment_info":0,"uagb_excerpt":"O vereador Paulo Modas (PSD), de 62 anos, est\u00e1 passando por uma cirurgia no Hospital das Cl\u00ednicas Unidade de Emerg\u00eancia (HC-UE) de Ribeir\u00e3o Preto, nesta...","jetpack-related-posts":[{"id":63608,"url":"https:\/\/ismaelcolosi.com.br\/index.php\/2024\/09\/03\/vereador-atropelado-segue-internado-apos-passar-por-cirurgias-em-ribeirao\/","url_meta":{"origin":63556,"position":0},"title":"Vereador atropelado segue internado ap\u00f3s passar por cirurgias em Ribeir\u00e3o","author":"ismaelcolosi.com.br","date":"3 de September de 2024","format":false,"excerpt":"O\u00a0vereador Paulo Modas (PSD), de 62 anos, passou por duas cirurgias ap\u00f3s ser atropelado popr um carro nesta segunda-feira (2), em Ribeir\u00e3o Preto. Ele segue internado nesta ter\u00e7a-feira (3), no Centro de Terapia Intensiva (CTI) do\u00a0Hospital das Cl\u00ednicas \u2013 Unidade de Emerg\u00eancia (HC-UE), com quadro de sa\u00fade considerado grave, segundo\u2026","rel":"","context":"In &quot;Not\u00edcias de Ribeir\u00e3o Preto-SP e Regi\u00e3o&quot;","block_context":{"text":"Not\u00edcias de Ribeir\u00e3o Preto-SP e Regi\u00e3o","link":"https:\/\/ismaelcolosi.com.br\/index.php\/category\/noticias-de-ribeirao-preto-sp-e-regiao-ismael-colosi\/"},"img":{"alt_text":"","src":"https:\/\/i0.wp.com\/ismaelcolosi.com.br\/wp-content\/uploads\/2024\/09\/paulo-modas_2024-09-02_15-15-17_jpg_2024-09-02_15-15-17.webp.webp?fit=1200%2C901&ssl=1&resize=350%2C200","width":350,"height":200,"srcset":"https:\/\/i0.wp.com\/ismaelcolosi.com.br\/wp-content\/uploads\/2024\/09\/paulo-modas_2024-09-02_15-15-17_jpg_2024-09-02_15-15-17.webp.webp?fit=1200%2C901&ssl=1&resize=350%2C200 1x, https:\/\/i0.wp.com\/ismaelcolosi.com.br\/wp-content\/uploads\/2024\/09\/paulo-modas_2024-09-02_15-15-17_jpg_2024-09-02_15-15-17.webp.webp?fit=1200%2C901&ssl=1&resize=525%2C300 1.5x, https:\/\/i0.wp.com\/ismaelcolosi.com.br\/wp-content\/uploads\/2024\/09\/paulo-modas_2024-09-02_15-15-17_jpg_2024-09-02_15-15-17.webp.webp?fit=1200%2C901&ssl=1&resize=700%2C400 2x, https:\/\/i0.wp.com\/ismaelcolosi.com.br\/wp-content\/uploads\/2024\/09\/paulo-modas_2024-09-02_15-15-17_jpg_2024-09-02_15-15-17.webp.webp?fit=1200%2C901&ssl=1&resize=1050%2C600 3x"},"classes":[]},{"id":66372,"url":"https:\/\/ismaelcolosi.com.br\/index.php\/2024\/09\/17\/vereador-de-ribeirao-recebe-alta-medica-15-dias-apos-ser-atropelado-por-carro\/","url_meta":{"origin":63556,"position":1},"title":"Vereador de Ribeir\u00e3o recebe alta m\u00e9dica 15 dias ap\u00f3s ser atropelado por carro","author":"ismaelcolosi.com.br","date":"17 de September de 2024","format":false,"excerpt":"O vereador Paulo Modas (PSD), de 62 anos, recebeu alta m\u00e9dica na manh\u00e3 desta ter\u00e7a-feira (17), do Hospital das Cl\u00ednicas \u2013 Unidade de Emerg\u00eancia (HC-UE). Ele passou por cirurgias na cabe\u00e7a e no t\u00f3rax, ap\u00f3s ser atropelado por um caro no \u00faltimo dia 2 de setembro. O parlamentar permaneceu internado\u2026","rel":"","context":"In &quot;Not\u00edcias de Ribeir\u00e3o Preto-SP e Regi\u00e3o&quot;","block_context":{"text":"Not\u00edcias de Ribeir\u00e3o Preto-SP e Regi\u00e3o","link":"https:\/\/ismaelcolosi.com.br\/index.php\/category\/noticias-de-ribeirao-preto-sp-e-regiao-ismael-colosi\/"},"img":{"alt_text":"","src":"https:\/\/i0.wp.com\/ismaelcolosi.com.br\/wp-content\/uploads\/2024\/09\/paulo-modas_2024-09-02_15-15-17_jpg_2024-09-02_15-15-17.webp.webp?fit=1200%2C901&ssl=1&resize=350%2C200","width":350,"height":200,"srcset":"https:\/\/i0.wp.com\/ismaelcolosi.com.br\/wp-content\/uploads\/2024\/09\/paulo-modas_2024-09-02_15-15-17_jpg_2024-09-02_15-15-17.webp.webp?fit=1200%2C901&ssl=1&resize=350%2C200 1x, https:\/\/i0.wp.com\/ismaelcolosi.com.br\/wp-content\/uploads\/2024\/09\/paulo-modas_2024-09-02_15-15-17_jpg_2024-09-02_15-15-17.webp.webp?fit=1200%2C901&ssl=1&resize=525%2C300 1.5x, https:\/\/i0.wp.com\/ismaelcolosi.com.br\/wp-content\/uploads\/2024\/09\/paulo-modas_2024-09-02_15-15-17_jpg_2024-09-02_15-15-17.webp.webp?fit=1200%2C901&ssl=1&resize=700%2C400 2x, https:\/\/i0.wp.com\/ismaelcolosi.com.br\/wp-content\/uploads\/2024\/09\/paulo-modas_2024-09-02_15-15-17_jpg_2024-09-02_15-15-17.webp.webp?fit=1200%2C901&ssl=1&resize=1050%2C600 3x"},"classes":[]},{"id":63458,"url":"https:\/\/ismaelcolosi.com.br\/index.php\/2024\/09\/02\/vereador-de-ribeirao-preto-e-atropelado-ele-foi-socorrido-para-o-hc-ue\/","url_meta":{"origin":63556,"position":2},"title":"Vereador de Ribeir\u00e3o Preto \u00e9 atropelado; ele foi socorrido para o HC-UE","author":"ismaelcolosi.com.br","date":"2 de September de 2024","format":false,"excerpt":"O Grupo EP usa cookies e outras tecnologias semelhantes para melhorar a sua experi\u00eancia, analisar o tr\u00e1fego do site e personalizar o conte\u00fado. Conhe\u00e7a a nossa pol\u00edtica de privacidade e, ao continuar navegando, voc\u00ea concorda com estas condi\u00e7\u00f5es. Source link","rel":"","context":"In &quot;Not\u00edcias de Ribeir\u00e3o Preto-SP e Regi\u00e3o&quot;","block_context":{"text":"Not\u00edcias de Ribeir\u00e3o Preto-SP e Regi\u00e3o","link":"https:\/\/ismaelcolosi.com.br\/index.php\/category\/noticias-de-ribeirao-preto-sp-e-regiao-ismael-colosi\/"},"img":{"alt_text":"","src":"https:\/\/i0.wp.com\/ismaelcolosi.com.br\/wp-content\/uploads\/2024\/09\/paulo-modas_2024-09-02_15-15-17_jpg_2024-09-02_15-15-17.webp.webp?fit=1200%2C901&ssl=1&resize=350%2C200","width":350,"height":200,"srcset":"https:\/\/i0.wp.com\/ismaelcolosi.com.br\/wp-content\/uploads\/2024\/09\/paulo-modas_2024-09-02_15-15-17_jpg_2024-09-02_15-15-17.webp.webp?fit=1200%2C901&ssl=1&resize=350%2C200 1x, https:\/\/i0.wp.com\/ismaelcolosi.com.br\/wp-content\/uploads\/2024\/09\/paulo-modas_2024-09-02_15-15-17_jpg_2024-09-02_15-15-17.webp.webp?fit=1200%2C901&ssl=1&resize=525%2C300 1.5x, https:\/\/i0.wp.com\/ismaelcolosi.com.br\/wp-content\/uploads\/2024\/09\/paulo-modas_2024-09-02_15-15-17_jpg_2024-09-02_15-15-17.webp.webp?fit=1200%2C901&ssl=1&resize=700%2C400 2x, https:\/\/i0.wp.com\/ismaelcolosi.com.br\/wp-content\/uploads\/2024\/09\/paulo-modas_2024-09-02_15-15-17_jpg_2024-09-02_15-15-17.webp.webp?fit=1200%2C901&ssl=1&resize=1050%2C600 3x"},"classes":[]},{"id":43621,"url":"https:\/\/ismaelcolosi.com.br\/index.php\/2024\/03\/22\/ciclista-atropelado-na-regiao-morre-no-hc-ue\/","url_meta":{"origin":63556,"position":3},"title":"Ciclista atropelado na regi\u00e3o morre no HC-UE","author":"ismaelcolosi.com.br","date":"22 de March de 2024","format":false,"excerpt":"Homem teria sofrido tr\u00eas paradas cardiorrespirat\u00f3rias ap\u00f3s atropelamento e n\u00e3o resistiu aos ferimentos 22 de mar\u00e7o de 2024 | 12:09 1 Por: Adalberto Luque Um homem de 76 anos morreu, no final da tarde desta quinta-feira (21), ap\u00f3s ser atropelado horas antes. O acidente ocorreu na Rua Vereador Jos\u00e9 Sabino,\u2026","rel":"","context":"In &quot;Not\u00edcias de Ribeir\u00e3o Preto-SP e Regi\u00e3o&quot;","block_context":{"text":"Not\u00edcias de Ribeir\u00e3o Preto-SP e Regi\u00e3o","link":"https:\/\/ismaelcolosi.com.br\/index.php\/category\/noticias-de-ribeirao-preto-sp-e-regiao-ismael-colosi\/"},"img":{"alt_text":"","src":"https:\/\/i0.wp.com\/ismaelcolosi.com.br\/wp-content\/uploads\/2024\/03\/00-22-mar-2024-ciclista-morto-foto-alfredo-risk-scaled.jpg?fit=967%2C645&ssl=1&resize=350%2C200","width":350,"height":200,"srcset":"https:\/\/i0.wp.com\/ismaelcolosi.com.br\/wp-content\/uploads\/2024\/03\/00-22-mar-2024-ciclista-morto-foto-alfredo-risk-scaled.jpg?fit=967%2C645&ssl=1&resize=350%2C200 1x, https:\/\/i0.wp.com\/ismaelcolosi.com.br\/wp-content\/uploads\/2024\/03\/00-22-mar-2024-ciclista-morto-foto-alfredo-risk-scaled.jpg?fit=967%2C645&ssl=1&resize=525%2C300 1.5x, https:\/\/i0.wp.com\/ismaelcolosi.com.br\/wp-content\/uploads\/2024\/03\/00-22-mar-2024-ciclista-morto-foto-alfredo-risk-scaled.jpg?fit=967%2C645&ssl=1&resize=700%2C400 2x"},"classes":[]},{"id":21314,"url":"https:\/\/ismaelcolosi.com.br\/index.php\/2023\/12\/27\/morre-isac-jorge-filho-medico-e-ex-vereador-de-ribeirao-preto\/","url_meta":{"origin":63556,"position":4},"title":"Morre Isac Jorge Filho, m\u00e9dico e ex-vereador de Ribeir\u00e3o Preto","author":"ismaelcolosi.com.br","date":"27 de December de 2023","format":false,"excerpt":"Morreu nesta quarta-feira (27), aos 81 anos, o m\u00e9dico e ex-vereador de Ribeir\u00e3o Preto, Isac Jorge Filho. Formado pela USP de Ribeir\u00e3o Preto e doutorado em Cirurgia pela Faculdade de Ci\u00eancias M\u00e9dicas da Santa Casa de S\u00e3o Paulo, foi presidente do Cremesp (Conselho Regional de Medicina do Estado de S\u00e3o\u2026","rel":"","context":"In &quot;Not\u00edcias de Ribeir\u00e3o Preto-SP e Regi\u00e3o&quot;","block_context":{"text":"Not\u00edcias de Ribeir\u00e3o Preto-SP e Regi\u00e3o","link":"https:\/\/ismaelcolosi.com.br\/index.php\/category\/noticias-de-ribeirao-preto-sp-e-regiao-ismael-colosi\/"},"img":{"alt_text":"","src":"https:\/\/i0.wp.com\/ismaelcolosi.com.br\/wp-content\/uploads\/2023\/12\/Copia-de-Copia-de-TAMANHO-EXATO-PARA-FOTOS-NO-SISTEMA-NOVO-27.png?fit=1200%2C675&ssl=1&resize=350%2C200","width":350,"height":200,"srcset":"https:\/\/i0.wp.com\/ismaelcolosi.com.br\/wp-content\/uploads\/2023\/12\/Copia-de-Copia-de-TAMANHO-EXATO-PARA-FOTOS-NO-SISTEMA-NOVO-27.png?fit=1200%2C675&ssl=1&resize=350%2C200 1x, https:\/\/i0.wp.com\/ismaelcolosi.com.br\/wp-content\/uploads\/2023\/12\/Copia-de-Copia-de-TAMANHO-EXATO-PARA-FOTOS-NO-SISTEMA-NOVO-27.png?fit=1200%2C675&ssl=1&resize=525%2C300 1.5x, https:\/\/i0.wp.com\/ismaelcolosi.com.br\/wp-content\/uploads\/2023\/12\/Copia-de-Copia-de-TAMANHO-EXATO-PARA-FOTOS-NO-SISTEMA-NOVO-27.png?fit=1200%2C675&ssl=1&resize=700%2C400 2x, https:\/\/i0.wp.com\/ismaelcolosi.com.br\/wp-content\/uploads\/2023\/12\/Copia-de-Copia-de-TAMANHO-EXATO-PARA-FOTOS-NO-SISTEMA-NOVO-27.png?fit=1200%2C675&ssl=1&resize=1050%2C600 3x"},"classes":[]},{"id":67289,"url":"https:\/\/ismaelcolosi.com.br\/index.php\/2024\/09\/22\/morre-vitima-de-atropelamento-na-avenida-dom-pedro-i-em-ribeirao-preto\/","url_meta":{"origin":63556,"position":5},"title":"Morre v\u00edtima de atropelamento na avenida Dom Pedro I em Ribeir\u00e3o Preto","author":"ismaelcolosi.com.br","date":"22 de September de 2024","format":false,"excerpt":"Morreu na tarde do \u00faltimo s\u00e1bado (21) a mulher de 54 anos que foi atropelada por uma moto na avenida Dom Pedro I, no Ipiranga, em Ribeir\u00e3o Preto. O acidente aconteceu na \u00faltima quinta-feira (19), por volta das 18h. M\u00e1rcia Iolanda Aparecida Silva, conhecida como Mam\u00e1, tinha 54 anos e\u2026","rel":"","context":"In &quot;Not\u00edcias de Ribeir\u00e3o Preto-SP e Regi\u00e3o&quot;","block_context":{"text":"Not\u00edcias de Ribeir\u00e3o Preto-SP e Regi\u00e3o","link":"https:\/\/ismaelcolosi.com.br\/index.php\/category\/noticias-de-ribeirao-preto-sp-e-regiao-ismael-colosi\/"},"img":{"alt_text":"","src":"https:\/\/i0.wp.com\/ismaelcolosi.com.br\/wp-content\/uploads\/2024\/09\/hc-ue.jpg?fit=733%2C414&ssl=1&resize=350%2C200","width":350,"height":200,"srcset":"https:\/\/i0.wp.com\/ismaelcolosi.com.br\/wp-content\/uploads\/2024\/09\/hc-ue.jpg?fit=733%2C414&ssl=1&resize=350%2C200 1x, https:\/\/i0.wp.com\/ismaelcolosi.com.br\/wp-content\/uploads\/2024\/09\/hc-ue.jpg?fit=733%2C414&ssl=1&resize=525%2C300 1.5x, https:\/\/i0.wp.com\/ismaelcolosi.com.br\/wp-content\/uploads\/2024\/09\/hc-ue.jpg?fit=733%2C414&ssl=1&resize=700%2C400 2x"},"classes":[]}],"jetpack_sharing_enabled":true,"jetpack_shortlink":"https:\/\/wp.me\/pfMlyK-gx6","_links":{"self":[{"href":"https:\/\/ismaelcolosi.com.br\/index.php\/wp-json\/wp\/v2\/posts\/63556","targetHints":{"allow":["GET"]}}],"collection":[{"href":"https:\/\/ismaelcolosi.com.br\/index.php\/wp-json\/wp\/v2\/posts"}],"about":[{"href":"https:\/\/ismaelcolosi.com.br\/index.php\/wp-json\/wp\/v2\/types\/post"}],"author":[{"embeddable":true,"href":"https:\/\/ismaelcolosi.com.br\/index.php\/wp-json\/wp\/v2\/users\/1"}],"replies":[{"embeddable":true,"href":"https:\/\/ismaelcolosi.com.br\/index.php\/wp-json\/wp\/v2\/comments?post=63556"}],"version-history":[{"count":0,"href":"https:\/\/ismaelcolosi.com.br\/index.php\/wp-json\/wp\/v2\/posts\/63556\/revisions"}],"wp:featuredmedia":[{"embeddable":true,"href":"https:\/\/ismaelcolosi.com.br\/index.php\/wp-json\/wp\/v2\/media\/63557"}],"wp:attachment":[{"href":"https:\/\/ismaelcolosi.com.br\/index.php\/wp-json\/wp\/v2\/media?parent=63556"}],"wp:term":[{"taxonomy":"category","embeddable":true,"href":"https:\/\/ismaelcolosi.com.br\/index.php\/wp-json\/wp\/v2\/categories?post=63556"},{"taxonomy":"post_tag","embeddable":true,"href":"https:\/\/ismaelcolosi.com.br\/index.php\/wp-json\/wp\/v2\/tags?post=63556"}],"curies":[{"name":"wp","href":"https:\/\/api.w.org\/{rel}","templated":true}]}}