{"id":63551,"date":"2024-09-02T19:07:26","date_gmt":"2024-09-02T22:07:26","guid":{"rendered":"https:\/\/ismaelcolosi.com.br\/index.php\/2024\/09\/02\/concertos-eptv-apresenta-obras-de-brahms-e-musicas-chinesas-em-ribeirao\/"},"modified":"2024-09-02T19:07:26","modified_gmt":"2024-09-02T22:07:26","slug":"concertos-eptv-apresenta-obras-de-brahms-e-musicas-chinesas-em-ribeirao","status":"publish","type":"post","link":"https:\/\/ismaelcolosi.com.br\/index.php\/2024\/09\/02\/concertos-eptv-apresenta-obras-de-brahms-e-musicas-chinesas-em-ribeirao\/","title":{"rendered":"&#8216;Concertos EPTV&#8217; apresenta obras de Brahms e m\u00fasicas chinesas em Ribeir\u00e3o"},"content":{"rendered":"<p> <br \/>\n<\/p>\n<div>\n<p>O <strong>Theatro Pedro II<\/strong>, em <strong>Ribeir\u00e3o Preto<\/strong>, recebe a temperada 2024 dos <strong>Concertos EPTV<\/strong> nesta ter\u00e7a-feira (3), com obras de <strong>Brahms <\/strong>e <strong>m\u00fasicas tradicionais chinesas<\/strong>.<\/p>\n<p><mark style=\"background-color:#fcb900\" class=\"has-inline-color\">A <strong>entrada \u00e9 gratuita<\/strong> e os <strong>ingressos devem ser retirados no dia da apresenta\u00e7\u00e3o<\/strong>, das 10h \u00e0s 20h \u2013 a entrada est\u00e1 sujeita a disponibilidade.<\/mark><\/p>\n<p>Uma novidade importante desta edi\u00e7\u00e3o \u00e9 a inclus\u00e3o de <strong>audiodescri\u00e7\u00e3o ao vivo na apresenta\u00e7\u00e3o em Ribeir\u00e3o Preto<\/strong>, uma a\u00e7\u00e3o de acessibilidade destinada a pessoas com defici\u00eancia visual.<\/p>\n<p>Um profissional especializado <strong>descrever\u00e1 os detalhes do concerto em tempo real<\/strong>, permitindo que convidados cegos e o p\u00fablico geral com essa condi\u00e7\u00e3o possam usufruir da experi\u00eancia musical.<\/p>\n<p>Fones de ouvido com receptores estar\u00e3o dispon\u00edveis para que esses espectadores possam acompanhar tanto a m\u00fasica quanto a <strong>audiodescri\u00e7\u00e3o simultaneamente<\/strong>.<\/p>\n<h3 class=\"wp-block-heading\"><strong>Temporada 2024<\/strong><\/h3>\n<p>Com <strong>quatro apresenta\u00e7\u00f5es gratuitas<\/strong>, os concertos acontecem nos dias 3, 4, 6 e 7 de setembro, nas cidades de <strong>Ribeir\u00e3o Preto, Campinas, Bebedouro e S\u00e3o Carlos<\/strong>.<\/p>\n<p>No palco, <strong>Pablo de Le\u00f3n (violino), Hor\u00e1cio Schaefer (viola) <\/strong>e <strong>Roberto Ring (violoncelo) <\/strong>receber\u00e3o os <strong>m\u00fasicos chineses convidados Ar\u00eda Zheng (erhu) <\/strong>e <strong>Qinxiang Gao (yangqin)<\/strong>, al\u00e9m do <strong>pianista brasileiro <\/strong>com carreira internacional <strong>Pablo Rossi<\/strong>.<\/p>\n<p>Juntos, eles levar\u00e3o ao p\u00fablico uma programa\u00e7\u00e3o especial que integra a <strong>8\u00aa Edi\u00e7\u00e3o do Interc\u00e2mbio Cultural Brasil-China<\/strong>, celebrando os 50 anos das rela\u00e7\u00f5es diplom\u00e1ticas entre os dois pa\u00edses.<\/p>\n<h4 class=\"wp-block-heading\"><strong>Biografia<\/strong><\/h4>\n<ul>\n<li><strong>TRIO LE\u00d3N \u2013 SCHAEFER \u2013 RING<\/strong>: Comemorando em 2023, vinte e dois anos de atividade, este time de peso do cen\u00e1rio da m\u00fasica cl\u00e1ssica brasileira re\u00fane o violinista Pablo de Le\u00f3n (spalla da Orquestra Sinf\u00f4nica Municipal de S\u00e3o Paulo), o violista Hor\u00e1cio Schaefer (chefe do naipe das violas da Orquestra Sinf\u00f4nica do Estado de S\u00e3o Paulo) e o violoncelista Roberto Ring. Juntos desde 2001, o grupo j\u00e1 ultrapassou a incr\u00edvel marca de mais de 800 concertos realizados no Brasil. Al\u00e9m disso, o grupo representou o Brasil em concertos na Argentina e Chile, em concertos prestigiosos na S\u00e9rie Llao Llao no Alvear em Buenos Aires, no Festival Internacional de Ushuaia e na Funda\u00e7\u00e3o Beethoven de Santiago.<\/li>\n<\/ul>\n<p>J\u00e1 receberam convidados do mundo todo, entre eles os clarinetistas Antony Pay (Inglaterra), Michel Lethiec e Romain Guyot (Fran\u00e7a); os violinistas Ilya Gringolts (R\u00fassia), R\u00e9gis Pasquier (Fran\u00e7a), Hagai Shaham e Roy Shiloah (Israel), Isabelle van Keulen (Holanda), C\u00e1rmelo de los Santos e Cl\u00e1udio Cruz (Brasil), e os pianistas Roglit Ishay (Israel), Emmanuel Strosser (Fran\u00e7a), Cristian Budu (Brasil) entre outros.<\/p>\n<ul>\n<li><strong>Ar\u00eda Zheng \u2013 (Erhu)<\/strong>: Musicista de erhu. Come\u00e7ou a aprender erhu e piano j\u00e1 na inf\u00e2ncia. Formou-se pelo Conservat\u00f3rio Musical de Wuhan em 2016. H\u00e1 10 anos se dedica \u00e0 educa\u00e7\u00e3o musical. Muitos de seus alunos alcan\u00e7aram excelentes resultados em competi\u00e7\u00f5es nacionais e exames de classifica\u00e7\u00e3o de m\u00fasica instrumental.<\/li>\n<\/ul>\n<ul>\n<li><strong>Qinxiang Gao \u2013 (Yangqin)<\/strong>: Estudou yangqin desde a inf\u00e2ncia. Gao \u00e9 Diretor do Instituto Conf\u00facio da Unicamp, pesquisador, entusiasta da cultura e arte, ci\u00eancia e educa\u00e7\u00e3o. J\u00e1 se apresentou com orquestras sinf\u00f4nicas e conjuntos na China e no Brasil, atuou como maestro, compositor e arranjador, al\u00e9m de ministrar cursos de aprecia\u00e7\u00e3o musical para estudantes universit\u00e1rios e internacionais h\u00e1 mais de 20 anos.<\/li>\n<\/ul>\n<ul>\n<li><strong>Pablo Rossi<\/strong>: Vencedor do 1\u00ba Concurso Nacional Nelson Freire para Novos Talentos Brasileiros, em 2003, Pablo Rossi \u00e9 considerado pela cr\u00edtica especializada um dos mais importantes nomes da nova gera\u00e7\u00e3o de pianistas brasileiros e vem construindo uma brilhante carreira em palcos nacionais e internacionais. Ganhou seu primeiro concurso com sete anos e foi ganhador de mais de dez primeiros pr\u00eamios em concursos internacionais, com destaque ao Encuentro Internacional de J\u00f3venes M\u00fasicos (Argentina) e o Concurso Internacional de Piano Ciutat de Carlet (Espanha). Aos treze anos teve sua estreia nacional, solando \u00e0 frente da Orquestra Sinf\u00f4nica do Estado de S\u00e3o Paulo (OSESP), sob a reg\u00eancia do Maestro Roberto Minczuk, tendo sido o mais jovem solista a se apresentar com essa orquestra.<\/li>\n<\/ul>\n<ul>\n<li><strong>Pang Wai Lun<\/strong>: Natural de Hong Kong, Pang Wai Lun \u00e9 formado pela Academia de Artes Perform\u00e1ticas, onde estudou Pipa com Wong Chi-ching e Cheung Yim-yu, e Ruan com Lei Qun-an. Recebeu uma bolsa de estudos pela Funda\u00e7\u00e3o do Banco HSBC e estudou Pipa em Pequim com o Ren Hong. Em 2013, Pang conquistou o Pr\u00eamio de Ouro no Concurso Internacional de Pipa para Jovens, organizado pelo Centro de Treinamento e Comunica\u00e7\u00e3o da Funda\u00e7\u00e3o China Soong Ching Ling.<\/li>\n<\/ul>\n<h4 class=\"wp-block-heading\"><strong>Servi\u00e7os:<\/strong><\/h4>\n<p><em>Obras de Brahms e M\u00fasica tradicional chinesa<\/em><\/p>\n<ul>\n<li><strong>RIBEIR\u00c3O PRETO<\/strong><br \/><strong>Data:<\/strong>\u00a03 de setembro, ter\u00e7a-feira<br \/><strong>Hor\u00e1rio:<\/strong>\u00a020h<br \/><strong>Local:\u00a0<\/strong>Theatro Pedro II \u2013 Rua \u00c1lvares Cabral, 370 \u2013 Centro<br \/><strong>Mais Informa\u00e7\u00f5es:<\/strong>\u00a0(16) 3977-8111 | tais.pss@gmail.com | www.concertoseptv.com.br<br \/><strong>Ingressos:<\/strong>\u00a0Entrada franca com retirada: no dia do concerto a partir das 10h, at\u00e9 o hor\u00e1rio de<br \/>in\u00edcio (20h), (ou at\u00e9 esgotarem)<br \/><strong>Classifica\u00e7\u00e3o:<\/strong>\u00a010 anos<\/li>\n<\/ul>\n<ul>\n<li><strong>CAMPINAS<br \/>Data:<\/strong>\u00a04 de setembro, quarta-feira<br \/><strong>Hor\u00e1rio:<\/strong>\u00a020h<br \/><strong>Local:<\/strong>\u00a0Teatro Municipal Jos\u00e9 de Castro Mendes \u2013 Rua Conselheiro Gomide, 62 \u2013 Vila Industrial<br \/><strong>Mais Informa\u00e7\u00f5es:<\/strong>\u00a0(19) 3272-9359 | tais.pss@gmail.com | www.concertoseptv.com.br<br \/><strong>Ingressos:<\/strong>\u00a0Entrada franca Retirada: 1h antes<br \/><strong>Classifica\u00e7\u00e3o:<\/strong>\u00a010 anos<\/li>\n<\/ul>\n<ul>\n<li><strong>BEBEDOURO<\/strong><br \/><strong>Data:<\/strong>\u00a06 de setembro, sexta-feira<br \/><strong>Hor\u00e1rio:<\/strong>\u00a020h<br \/><strong>Local:<\/strong>\u00a0Teatro Municipal Maur\u00edcio Alves de Oliveira J\u00fanior \u2013 R. S\u00e3o Jo\u00e3o, 406 \u2013 Centro<br \/><strong>Mais Informa\u00e7\u00f5es:<\/strong>\u00a0(17) 3343-3472 | tais.pss@gmail.com | www.concertoseptv.com.br<br \/><strong>Ingressos:<\/strong>\u00a0Entrada franca Retirada: 1h antes<br \/><strong>Classifica\u00e7\u00e3o:<\/strong>\u00a010 anos<\/li>\n<\/ul>\n<ul>\n<li><strong>S\u00c3O CARLOS<br \/>Data:<\/strong>\u00a07 de setembro, s\u00e1bado<br \/><strong>Hor\u00e1rio:\u00a0<\/strong>19h<br \/><strong>Local:<\/strong>\u00a0Teatro Municipal Dr. Alderico Vieira Perdig\u00e3o \u2013 Rua 7 de Setembro, 1735 \u2013 Centro<br \/><strong>Mais Informa\u00e7\u00f5es:<\/strong>\u00a0(16) 3371-4339 | tais.pss@gmail.com | www.concertoseptv.com.br<br \/><strong>Ingressos:<\/strong>\u00a0Entrada franca Retirada: 1h antes<br \/><strong>Classifica\u00e7\u00e3o:<\/strong>\u00a010 anos<\/li>\n<\/ul>\n<hr class=\"wp-block-separator has-alpha-channel-opacity\"\/>\n<p>SAIBA MAIS<\/p>\n<p>Ribeir\u00e3o Preto recebe \u2018Festa do Morango\u2019 com entrada gratuita e m\u00fasica ao vivo<\/p>\n<h4 class=\"wp-block-heading\"><strong>FIQUE ON<\/strong><\/h4>\n<p>Fique ligado em tudo que acontece em Ribeir\u00e3o Preto e regi\u00e3o. Siga os perfis do<strong>\u00a0acidade on<\/strong>\u00a0no\u00a0<a href=\"https:\/\/www.instagram.com\/acidadeonribeirao\" target=\"_blank\" rel=\"noreferrer noopener\">Instagram<\/a>\u00a0e no\u00a0<a href=\"https:\/\/www.facebook.com\/acidadeonribeirao\/\" target=\"_blank\" rel=\"noreferrer noopener\">Facebook<\/a>.<\/p>\n<p>Receba not\u00edcias do<strong>\u00a0acidade on\u00a0<\/strong>no WhatsApp.\u00a0<a href=\"https:\/\/chat.whatsapp.com\/Dtv9mxhy6V5BJBotM2OQ5k\" target=\"_blank\" rel=\"noreferrer noopener\">Para entrar no grupo, basta clicar aqui.<\/a><\/p>\n<p>Fa\u00e7a uma den\u00fancia ou sugira uma reportagem sobre Ribeir\u00e3o Preto e regi\u00e3o pelo WhatsApp: 16 99117 7802.<\/p>\n<p>VEJA TAMB\u00c9M<\/p>\n<p>O que aconteceu com Igor Estagi\u00e1rio?<\/p>\n<p><!-- CONTENT END 1 -->\n<\/div>\n<p><script async src=\"\/\/www.instagram.com\/embed.js\"><\/script><br \/>\n<br \/><br \/>\n<br \/><a href=\"https:\/\/www.acidadeon.com\/ribeiraopreto\/lazer-e-cultura\/concertos-eptv-apresenta-obras-de-brahms-e-musicas-chinesas-em-ribeirao\/\">Source link <\/a><\/p>\n","protected":false},"excerpt":{"rendered":"<p>O Theatro Pedro II, em Ribeir\u00e3o Preto, recebe a temperada 2024 dos Concertos EPTV nesta ter\u00e7a-feira (3), com obras de Brahms e m\u00fasicas tradicionais chinesas&#8230;.<\/p>\n","protected":false},"author":1,"featured_media":63552,"comment_status":"open","ping_status":"open","sticky":false,"template":"","format":"standard","meta":{"_uag_custom_page_level_css":"","advanced_seo_description":"","jetpack_seo_html_title":"","jetpack_seo_noindex":false,"jetpack_post_was_ever_published":false,"_jetpack_newsletter_access":"","_jetpack_dont_email_post_to_subs":false,"_jetpack_newsletter_tier_id":0,"_jetpack_memberships_contains_paywalled_content":false,"_jetpack_memberships_contains_paid_content":false,"footnotes":"","jetpack_publicize_message":"","jetpack_publicize_feature_enabled":true,"jetpack_social_post_already_shared":true,"jetpack_social_options":{"image_generator_settings":{"template":"highway","default_image_id":0,"font":"","enabled":false},"version":2}},"categories":[11],"tags":[],"class_list":["post-63551","post","type-post","status-publish","format-standard","has-post-thumbnail","hentry","category-noticias-de-ribeirao-preto-sp-e-regiao-ismael-colosi"],"jetpack_publicize_connections":[],"jetpack_featured_media_url":"https:\/\/i0.wp.com\/ismaelcolosi.com.br\/wp-content\/uploads\/2024\/09\/WhatsApp-Image-2023-09-01-at-15.04.23-1.jpeg?fit=1600%2C900&ssl=1","uagb_featured_image_src":{"full":["https:\/\/i0.wp.com\/ismaelcolosi.com.br\/wp-content\/uploads\/2024\/09\/WhatsApp-Image-2023-09-01-at-15.04.23-1.jpeg?fit=1600%2C900&ssl=1",1600,900,false],"thumbnail":["https:\/\/i0.wp.com\/ismaelcolosi.com.br\/wp-content\/uploads\/2024\/09\/WhatsApp-Image-2023-09-01-at-15.04.23-1.jpeg?resize=150%2C150&ssl=1",150,150,true],"medium":["https:\/\/i0.wp.com\/ismaelcolosi.com.br\/wp-content\/uploads\/2024\/09\/WhatsApp-Image-2023-09-01-at-15.04.23-1.jpeg?fit=300%2C169&ssl=1",300,169,true],"medium_large":["https:\/\/i0.wp.com\/ismaelcolosi.com.br\/wp-content\/uploads\/2024\/09\/WhatsApp-Image-2023-09-01-at-15.04.23-1.jpeg?fit=768%2C432&ssl=1",768,432,true],"large":["https:\/\/i0.wp.com\/ismaelcolosi.com.br\/wp-content\/uploads\/2024\/09\/WhatsApp-Image-2023-09-01-at-15.04.23-1.jpeg?fit=1024%2C576&ssl=1",1024,576,true],"1536x1536":["https:\/\/i0.wp.com\/ismaelcolosi.com.br\/wp-content\/uploads\/2024\/09\/WhatsApp-Image-2023-09-01-at-15.04.23-1.jpeg?fit=1536%2C864&ssl=1",1536,864,true],"2048x2048":["https:\/\/i0.wp.com\/ismaelcolosi.com.br\/wp-content\/uploads\/2024\/09\/WhatsApp-Image-2023-09-01-at-15.04.23-1.jpeg?fit=1600%2C900&ssl=1",1600,900,true],"really-simple-thumb":["https:\/\/i0.wp.com\/ismaelcolosi.com.br\/wp-content\/uploads\/2024\/09\/WhatsApp-Image-2023-09-01-at-15.04.23-1.jpeg?resize=370%2C247&ssl=1",370,247,true]},"uagb_author_info":{"display_name":"ismaelcolosi.com.br","author_link":"https:\/\/ismaelcolosi.com.br\/index.php\/author\/vidareal-online\/"},"uagb_comment_info":0,"uagb_excerpt":"O Theatro Pedro II, em Ribeir\u00e3o Preto, recebe a temperada 2024 dos Concertos EPTV nesta ter\u00e7a-feira (3), com obras de Brahms e m\u00fasicas tradicionais chinesas....","jetpack-related-posts":[{"id":60941,"url":"https:\/\/ismaelcolosi.com.br\/index.php\/2024\/08\/19\/concertos-eptv-brahms-e-musicas-tradicionais-chinesas-chegam-ao-theatro-pedro-ii-em-ribeirao-preto\/","url_meta":{"origin":63551,"position":0},"title":"Concertos EPTV: Brahms e m\u00fasicas tradicionais chinesas chegam ao Theatro Pedro II em Ribeir\u00e3o Preto","author":"ismaelcolosi.com.br","date":"19 de August de 2024","format":false,"excerpt":"O Theatro Pedro II, em Ribeir\u00e3o Preto, recebe a temperada 2024 dos Concertos EPTV, que ser\u00e3o realizados no m\u00eas de setembro. Nova temporada S\u00e3o quatro apresenta\u00e7\u00f5es gratuitas nos dias 3, 4, 6 e 7 de setembro, nas cidades de Ribeir\u00e3o Preto, Campinas, Bebedouro e S\u00e3o Carlos. No palco, Pablo de\u2026","rel":"","context":"In &quot;Not\u00edcias de Ribeir\u00e3o Preto-SP e Regi\u00e3o&quot;","block_context":{"text":"Not\u00edcias de Ribeir\u00e3o Preto-SP e Regi\u00e3o","link":"https:\/\/ismaelcolosi.com.br\/index.php\/category\/noticias-de-ribeirao-preto-sp-e-regiao-ismael-colosi\/"},"img":{"alt_text":"","src":"https:\/\/i0.wp.com\/ismaelcolosi.com.br\/wp-content\/uploads\/2024\/08\/theatro-pedro-ii-guilherme-sircili-2-1024x489.png?fit=1024%2C489&ssl=1&resize=350%2C200","width":350,"height":200,"srcset":"https:\/\/i0.wp.com\/ismaelcolosi.com.br\/wp-content\/uploads\/2024\/08\/theatro-pedro-ii-guilherme-sircili-2-1024x489.png?fit=1024%2C489&ssl=1&resize=350%2C200 1x, https:\/\/i0.wp.com\/ismaelcolosi.com.br\/wp-content\/uploads\/2024\/08\/theatro-pedro-ii-guilherme-sircili-2-1024x489.png?fit=1024%2C489&ssl=1&resize=525%2C300 1.5x, https:\/\/i0.wp.com\/ismaelcolosi.com.br\/wp-content\/uploads\/2024\/08\/theatro-pedro-ii-guilherme-sircili-2-1024x489.png?fit=1024%2C489&ssl=1&resize=700%2C400 2x"},"classes":[]},{"id":71429,"url":"https:\/\/ismaelcolosi.com.br\/index.php\/2024\/10\/16\/concertos-eptv-obras-de-haydn-mozart-e-brahms-chegam-a-franca\/","url_meta":{"origin":63551,"position":1},"title":"Concertos EPTV: Obras de Haydn, Mozart e Brahms chegam a Franca","author":"ismaelcolosi.com.br","date":"16 de October de 2024","format":false,"excerpt":"O Minist\u00e9rio do Turismo e a CPFL Energia apresentam a s\u00e9rie Concertos EPTV. Com a proposta permanente de levar m\u00fasica da melhor qualidade ao interior do Estado de S\u00e3o Paulo, a Temporada 2024 dos Concertos EPTV come\u00e7ou no m\u00eas de setembro e continua agora em outubro. Os concertos contam com\u2026","rel":"","context":"In &quot;Not\u00edcias de Ribeir\u00e3o Preto-SP e Regi\u00e3o&quot;","block_context":{"text":"Not\u00edcias de Ribeir\u00e3o Preto-SP e Regi\u00e3o","link":"https:\/\/ismaelcolosi.com.br\/index.php\/category\/noticias-de-ribeirao-preto-sp-e-regiao-ismael-colosi\/"},"img":{"alt_text":"","src":"https:\/\/i0.wp.com\/ismaelcolosi.com.br\/wp-content\/uploads\/2024\/10\/concertos-eptv_2024-10-16_15-46-03_jpg_2024-10-16_15-46-03.webp.webp?fit=900%2C556&ssl=1&resize=350%2C200","width":350,"height":200,"srcset":"https:\/\/i0.wp.com\/ismaelcolosi.com.br\/wp-content\/uploads\/2024\/10\/concertos-eptv_2024-10-16_15-46-03_jpg_2024-10-16_15-46-03.webp.webp?fit=900%2C556&ssl=1&resize=350%2C200 1x, https:\/\/i0.wp.com\/ismaelcolosi.com.br\/wp-content\/uploads\/2024\/10\/concertos-eptv_2024-10-16_15-46-03_jpg_2024-10-16_15-46-03.webp.webp?fit=900%2C556&ssl=1&resize=525%2C300 1.5x, https:\/\/i0.wp.com\/ismaelcolosi.com.br\/wp-content\/uploads\/2024\/10\/concertos-eptv_2024-10-16_15-46-03_jpg_2024-10-16_15-46-03.webp.webp?fit=900%2C556&ssl=1&resize=700%2C400 2x"},"classes":[]},{"id":2755,"url":"https:\/\/ismaelcolosi.com.br\/index.php\/2023\/11\/16\/usp-de-ribeirao-preto-realiza-concerto-gratuito\/","url_meta":{"origin":63551,"position":2},"title":"USP de Ribeir\u00e3o Preto realiza concerto gratuito\u00a0","author":"ismaelcolosi.com.br","date":"16 de November de 2023","format":false,"excerpt":"A Sala de Concertos da Tulha da USP de Ribeir\u00e3o Preto, recebe, nesta sexta-feira (17), um concerto com o grupo de m\u00fasica de c\u00e2mara Ensemble Mentemanuque. A entrada \u00e9 gratuita. \u00a0 A apresenta\u00e7\u00e3o \u00e9 em celebra\u00e7\u00e3o ao Dia da Consci\u00eancia Negra com maestro e compositor Rubens Russomanno Ricciardi e participa\u00e7\u00e3o\u2026","rel":"","context":"In &quot;Not\u00edcias de Ribeir\u00e3o Preto-SP e Regi\u00e3o&quot;","block_context":{"text":"Not\u00edcias de Ribeir\u00e3o Preto-SP e Regi\u00e3o","link":"https:\/\/ismaelcolosi.com.br\/index.php\/category\/noticias-de-ribeirao-preto-sp-e-regiao-ismael-colosi\/"},"img":{"alt_text":"","src":"https:\/\/i0.wp.com\/ismaelcolosi.com.br\/wp-content\/uploads\/2023\/11\/Tulha-FFCLRP.png?fit=618%2C416&ssl=1&resize=350%2C200","width":350,"height":200,"srcset":"https:\/\/i0.wp.com\/ismaelcolosi.com.br\/wp-content\/uploads\/2023\/11\/Tulha-FFCLRP.png?fit=618%2C416&ssl=1&resize=350%2C200 1x, https:\/\/i0.wp.com\/ismaelcolosi.com.br\/wp-content\/uploads\/2023\/11\/Tulha-FFCLRP.png?fit=618%2C416&ssl=1&resize=525%2C300 1.5x"},"classes":[]},{"id":9386,"url":"https:\/\/ismaelcolosi.com.br\/index.php\/2023\/12\/01\/coral-apresenta-classicos-de-natal-na-catedral-de-ribeirao-preto-veja-quando\/","url_meta":{"origin":63551,"position":3},"title":"Coral apresenta cl\u00e1ssicos de Natal na Catedral de Ribeir\u00e3o Preto; Veja quando","author":"ismaelcolosi.com.br","date":"1 de December de 2023","format":false,"excerpt":"A Catedral Metropolitana de Ribeir\u00e3o Preto recebe, neste s\u00e1bado (2), a abertura dos Concertos de Natal da Cia. Minaz. O evento \u00e9 a partir das 19h30 e tem entrada gratuita. Durante a temporada de concertos, os corais realizam diversas apresenta\u00e7\u00f5es por Ribeir\u00e3o Preto e nas cidades da regi\u00e3o. Uma das\u2026","rel":"","context":"In &quot;Not\u00edcias de Ribeir\u00e3o Preto-SP e Regi\u00e3o&quot;","block_context":{"text":"Not\u00edcias de Ribeir\u00e3o Preto-SP e Regi\u00e3o","link":"https:\/\/ismaelcolosi.com.br\/index.php\/category\/noticias-de-ribeirao-preto-sp-e-regiao-ismael-colosi\/"},"img":{"alt_text":"","src":"https:\/\/i0.wp.com\/ismaelcolosi.com.br\/wp-content\/uploads\/2023\/12\/Natal.png?fit=995%2C653&ssl=1&resize=350%2C200","width":350,"height":200,"srcset":"https:\/\/i0.wp.com\/ismaelcolosi.com.br\/wp-content\/uploads\/2023\/12\/Natal.png?fit=995%2C653&ssl=1&resize=350%2C200 1x, https:\/\/i0.wp.com\/ismaelcolosi.com.br\/wp-content\/uploads\/2023\/12\/Natal.png?fit=995%2C653&ssl=1&resize=525%2C300 1.5x, https:\/\/i0.wp.com\/ismaelcolosi.com.br\/wp-content\/uploads\/2023\/12\/Natal.png?fit=995%2C653&ssl=1&resize=700%2C400 2x"},"classes":[]},{"id":66121,"url":"https:\/\/ismaelcolosi.com.br\/index.php\/2024\/09\/16\/theatro-pedro-ii-recebe-concertos-da-orquestra-sinfonica-de-ribeirao-preto\/","url_meta":{"origin":63551,"position":4},"title":"Theatro Pedro II recebe concertos da Orquestra Sinf\u00f4nica de Ribeir\u00e3o Preto","author":"ismaelcolosi.com.br","date":"16 de September de 2024","format":false,"excerpt":"A Orquestra Sinf\u00f4nica de Ribeir\u00e3o Preto, em conjunto com o coro musical, ir\u00e1 apresentar a S\u00e9rie Concertos Internacionais, neste s\u00e1bado (21), \u00e0s 19h30, no Theatro Pedro II. Em seguida, h\u00e1 a apresenta\u00e7\u00e3o da S\u00e9rie Juventude tem Concerto, com entrada gratuita, no domingo (22), \u00e0s 10h. O concerto marca a 1.689\u00aa\u2026","rel":"","context":"In &quot;Not\u00edcias de Ribeir\u00e3o Preto-SP e Regi\u00e3o&quot;","block_context":{"text":"Not\u00edcias de Ribeir\u00e3o Preto-SP e Regi\u00e3o","link":"https:\/\/ismaelcolosi.com.br\/index.php\/category\/noticias-de-ribeirao-preto-sp-e-regiao-ismael-colosi\/"},"img":{"alt_text":"","src":"https:\/\/i0.wp.com\/ismaelcolosi.com.br\/wp-content\/uploads\/2024\/09\/Parcival-Modolo-4-_2024-09-16_12-49-14_jpg_2024-09-16_12-49-15-scaled.webp.webp?fit=1200%2C798&ssl=1&resize=350%2C200","width":350,"height":200,"srcset":"https:\/\/i0.wp.com\/ismaelcolosi.com.br\/wp-content\/uploads\/2024\/09\/Parcival-Modolo-4-_2024-09-16_12-49-14_jpg_2024-09-16_12-49-15-scaled.webp.webp?fit=1200%2C798&ssl=1&resize=350%2C200 1x, https:\/\/i0.wp.com\/ismaelcolosi.com.br\/wp-content\/uploads\/2024\/09\/Parcival-Modolo-4-_2024-09-16_12-49-14_jpg_2024-09-16_12-49-15-scaled.webp.webp?fit=1200%2C798&ssl=1&resize=525%2C300 1.5x, https:\/\/i0.wp.com\/ismaelcolosi.com.br\/wp-content\/uploads\/2024\/09\/Parcival-Modolo-4-_2024-09-16_12-49-14_jpg_2024-09-16_12-49-15-scaled.webp.webp?fit=1200%2C798&ssl=1&resize=700%2C400 2x, https:\/\/i0.wp.com\/ismaelcolosi.com.br\/wp-content\/uploads\/2024\/09\/Parcival-Modolo-4-_2024-09-16_12-49-14_jpg_2024-09-16_12-49-15-scaled.webp.webp?fit=1200%2C798&ssl=1&resize=1050%2C600 3x"},"classes":[]},{"id":71938,"url":"https:\/\/ismaelcolosi.com.br\/index.php\/2024\/10\/18\/projeto-alma-apresenta-recitais-gratuitos-em-ribeirao-preto\/","url_meta":{"origin":63551,"position":5},"title":"Projeto Alma apresenta recitais gratuitos em Ribeir\u00e3o Preto","author":"ismaelcolosi.com.br","date":"18 de October de 2024","format":false,"excerpt":"Os alunos dos cursos de violino, violoncelo, piano e percuss\u00e3o da Alma (Academia Livre de M\u00fasica e Artes) apresentar\u00e3o quatro recitais gratuitos em Ribeir\u00e3o Preto entre os dias 20 e 27 de outubro. Os recitais acontecem na Sala de Concertos da Tulha, no campus da USP (Universidade de S\u00e3o Paulo)\u2026","rel":"","context":"In &quot;Not\u00edcias de Ribeir\u00e3o Preto-SP e Regi\u00e3o&quot;","block_context":{"text":"Not\u00edcias de Ribeir\u00e3o Preto-SP e Regi\u00e3o","link":"https:\/\/ismaelcolosi.com.br\/index.php\/category\/noticias-de-ribeirao-preto-sp-e-regiao-ismael-colosi\/"},"img":{"alt_text":"","src":"https:\/\/i0.wp.com\/ismaelcolosi.com.br\/wp-content\/uploads\/2024\/10\/09e8046b-0f7b-4e41-ac8f-d2ef55d0b03e_2024-10-16_12-10-13_jpg_2024-10-16_12-10-13.webp.webp?fit=1200%2C800&ssl=1&resize=350%2C200","width":350,"height":200,"srcset":"https:\/\/i0.wp.com\/ismaelcolosi.com.br\/wp-content\/uploads\/2024\/10\/09e8046b-0f7b-4e41-ac8f-d2ef55d0b03e_2024-10-16_12-10-13_jpg_2024-10-16_12-10-13.webp.webp?fit=1200%2C800&ssl=1&resize=350%2C200 1x, https:\/\/i0.wp.com\/ismaelcolosi.com.br\/wp-content\/uploads\/2024\/10\/09e8046b-0f7b-4e41-ac8f-d2ef55d0b03e_2024-10-16_12-10-13_jpg_2024-10-16_12-10-13.webp.webp?fit=1200%2C800&ssl=1&resize=525%2C300 1.5x, https:\/\/i0.wp.com\/ismaelcolosi.com.br\/wp-content\/uploads\/2024\/10\/09e8046b-0f7b-4e41-ac8f-d2ef55d0b03e_2024-10-16_12-10-13_jpg_2024-10-16_12-10-13.webp.webp?fit=1200%2C800&ssl=1&resize=700%2C400 2x, https:\/\/i0.wp.com\/ismaelcolosi.com.br\/wp-content\/uploads\/2024\/10\/09e8046b-0f7b-4e41-ac8f-d2ef55d0b03e_2024-10-16_12-10-13_jpg_2024-10-16_12-10-13.webp.webp?fit=1200%2C800&ssl=1&resize=1050%2C600 3x"},"classes":[]}],"jetpack_sharing_enabled":true,"jetpack_shortlink":"https:\/\/wp.me\/pfMlyK-gx1","_links":{"self":[{"href":"https:\/\/ismaelcolosi.com.br\/index.php\/wp-json\/wp\/v2\/posts\/63551","targetHints":{"allow":["GET"]}}],"collection":[{"href":"https:\/\/ismaelcolosi.com.br\/index.php\/wp-json\/wp\/v2\/posts"}],"about":[{"href":"https:\/\/ismaelcolosi.com.br\/index.php\/wp-json\/wp\/v2\/types\/post"}],"author":[{"embeddable":true,"href":"https:\/\/ismaelcolosi.com.br\/index.php\/wp-json\/wp\/v2\/users\/1"}],"replies":[{"embeddable":true,"href":"https:\/\/ismaelcolosi.com.br\/index.php\/wp-json\/wp\/v2\/comments?post=63551"}],"version-history":[{"count":0,"href":"https:\/\/ismaelcolosi.com.br\/index.php\/wp-json\/wp\/v2\/posts\/63551\/revisions"}],"wp:featuredmedia":[{"embeddable":true,"href":"https:\/\/ismaelcolosi.com.br\/index.php\/wp-json\/wp\/v2\/media\/63552"}],"wp:attachment":[{"href":"https:\/\/ismaelcolosi.com.br\/index.php\/wp-json\/wp\/v2\/media?parent=63551"}],"wp:term":[{"taxonomy":"category","embeddable":true,"href":"https:\/\/ismaelcolosi.com.br\/index.php\/wp-json\/wp\/v2\/categories?post=63551"},{"taxonomy":"post_tag","embeddable":true,"href":"https:\/\/ismaelcolosi.com.br\/index.php\/wp-json\/wp\/v2\/tags?post=63551"}],"curies":[{"name":"wp","href":"https:\/\/api.w.org\/{rel}","templated":true}]}}