{"id":63546,"date":"2024-09-02T18:33:29","date_gmt":"2024-09-02T21:33:29","guid":{"rendered":"https:\/\/ismaelcolosi.com.br\/index.php\/2024\/09\/02\/santander-abre-50-vagas-para-trainee-com-salario-de-r-87-mil\/"},"modified":"2024-09-02T18:33:29","modified_gmt":"2024-09-02T21:33:29","slug":"santander-abre-50-vagas-para-trainee-com-salario-de-r-87-mil","status":"publish","type":"post","link":"https:\/\/ismaelcolosi.com.br\/index.php\/2024\/09\/02\/santander-abre-50-vagas-para-trainee-com-salario-de-r-87-mil\/","title":{"rendered":"Santander abre 50 vagas para trainee com sal\u00e1rio de R$ 8,7 mil"},"content":{"rendered":"<p> <br \/>\n<\/p>\n<div id=\"\">\n<div class=\"content-infos\">\n<div class=\"texts\">\n<p class=\"author tooltip-comp\"> Bruno Pavan<span class=\"icon-i\">i<\/span><span class=\"tooltiptext\"> <span class=\"author\"><span>Bruno Pavan<\/span> <\/span><span class=\"desc\"\/> <\/span><\/p>\n<p>02\/09\/2024 &#8211; 15:29<\/p><div class='code-block code-block-8' style='margin: 8px auto; text-align: center; display: block; clear: both;'>\n<script>\n  atOptions = {\n    'key' : '66e2e2111ca34da796271819fc334058',\n    'format' : 'iframe',\n    'height' : 250,\n    'width' : 300,\n    'params' : {}\n  };\n<\/script>\n<script src=\"https:\/\/www.highperformanceformat.com\/66e2e2111ca34da796271819fc334058\/invoke.js\"><\/script>\n<\/div>\n\n<\/div>\n<div id=\"share-modal\" class=\"share-modal\"> <button class=\"box-close btn-share\"> <img decoding=\"async\" src=\"https:\/\/istoedinheiro.com.br\/wp-content\/themes\/dinheiro-wp-theme\/assets\/img\/svg\/closeIcon.svg?x46096\" alt=\"Close icon\" class=\"close-btn lazy\"\/> <\/button><\/div>\n<\/p><\/div>\n<p>O Santander abriu inscri\u00e7\u00f5es para a 10\u00aa edi\u00e7\u00e3o de seu programa de Trainee. Com in\u00edcio previsto para janeiro de 2025, a iniciativa contempla oportunidades de trabalho em S\u00e3o Paulo, em \u00e1reas como Atacado, Wealth Management, Riscos, Finan\u00e7as, Tecnologia, Varejo, entre outras. Os benef\u00edcios incluem vale alimenta\u00e7\u00e3o, refei\u00e7\u00e3o e transporte, aux\u00edlio creche\/bab\u00e1, assist\u00eancia m\u00e9dica, odontol\u00f3gica e sal\u00e1rio de R$ 8,7 mil.<\/p>\n<p>As 50 vagas s\u00e3o para universit\u00e1rios com gradua\u00e7\u00e3o prevista entre dezembro de 2021 e dezembro deste ano. Se for estrangeiro, \u00e9 necess\u00e1rio possuir RNE e visto para trabalhar no Brasil. Ingl\u00eas avan\u00e7ado ser\u00e1 considerado diferencial. Os candidatos poder\u00e3o se inscrever at\u00e9 09 de setembro <a href=\"https:\/\/www.ciadetalentos.com.br\/traineesantander\" target=\"_blank\" rel=\"noopener\"><strong>pelo link.<\/strong><\/a><\/p>\n<p>Os candidatos passar\u00e3o por v\u00e1rias etapas no processo seletivo. Ap\u00f3s o encerramento das inscri\u00e7\u00f5es, eles falar\u00e3o sobre suas experi\u00eancias e habilidades. Em seguida, passar\u00e3o por avalia\u00e7\u00f5es online, para testar suas compet\u00eancias e conhecimentos. Aqueles que se destacarem ser\u00e3o convidados a participar da Academia do Conhecimento, onde receber\u00e3o treinamento espec\u00edfico para o setor banc\u00e1rio.<\/p>\n<p>Ap\u00f3s essa fase, os candidatos ser\u00e3o entrevistados por executivos do Santander. Por fim, h\u00e1 um painel final com executivos do Banco, onde os finalistas ter\u00e3o a oportunidade de demonstrar seu potencial e alinhar suas metas com a cultura e os valores da institui\u00e7\u00e3o. Uma vez aprovados, os trainees iniciam sua jornada no Santander em janeiro de 2025.<\/p>\n<p>Para esta edi\u00e7\u00e3o, o programa contar\u00e1 com 18 meses de imers\u00e3o com atua\u00e7\u00e3o na \u00e1rea selecionada. Durante este per\u00edodo, o trainee receber\u00e1 mentoria com executivos que dar\u00e3o apoio em seu desenvolvimento, al\u00e9m de um per\u00edodo de job rotation para uma imers\u00e3o em v\u00e1rios setores do Banco, que fornecer\u00e1 uma vis\u00e3o 360\u00ba das \u00e1reas de neg\u00f3cio. Para aqueles que se destacarem durante o programa, ser\u00e1 oferecido um interc\u00e2mbio para uma experi\u00eancia internacional. Essa a\u00e7\u00e3o faz parte do programa de mobilidade global do Santander. As inscri\u00e7\u00f5es se encerram em 09 de setembro deste ano e podem ser feitas no site <\/p>\n<div id=\"share-modal\" class=\"share-modal\"> <button class=\"box-close btn-share\"> <img decoding=\"async\" src=\"https:\/\/istoedinheiro.com.br\/wp-content\/themes\/dinheiro-wp-theme\/assets\/img\/svg\/closeIcon.svg?x46096\" alt=\"Close icon\" class=\"close-btn lazy\"\/> <\/button><\/div>\n<\/p><\/div>\n<p><script>!function(f,b,e,v,n,t,s){if(f.fbq)return;n=f.fbq=function(){n.callMethod?n.callMethod.apply(n,arguments):n.queue.push(arguments)};if(!f._fbq)f._fbq=n;n.push=n;n.loaded=!0;n.version='2.0';n.queue=[];t=b.createElement(e);t.async=!0;t.src=v;s=b.getElementsByTagName(e)[0];s.parentNode.insertBefore(t,s)}(window,document,'script','<\/script><br \/>\n<br \/><br \/>\n<br \/><a href=\"https:\/\/istoedinheiro.com.br\/santander-abre-50-vagas-para-trainee-com-salario-de-r-87-mil\/\">Source link <\/a><\/p>\n<div class='code-block code-block-4' style='margin: 8px auto 8px 0; text-align: left; display: block; clear: both;'>\n\ud83d\udce2 Aviso Legal\n\nO site ismaelcolosi.com.br atua apenas como um canal de divulga\u00e7\u00e3o de oportunidades de emprego e n\u00e3o se responsabiliza pelo processo seletivo, contrata\u00e7\u00e3o ou qualquer outra etapa relacionada \u00e0s vagas publicadas. Todas as informa\u00e7\u00f5es s\u00e3o de responsabilidade dos anunciantes.\n\n\u26a0\ufe0f Aten\u00e7\u00e3o! Nunca pague por promessas de emprego nem compre cursos que garantam contrata\u00e7\u00e3o. Desconfie de qualquer cobran\u00e7a para participar de sele\u00e7\u00f5es.\n\n\n\n<\/div>\n<!-- CONTENT END 1 -->\n","protected":false},"excerpt":{"rendered":"<p>Bruno Pavani Bruno Pavan 02\/09\/2024 &#8211; 15:29 O Santander abriu inscri\u00e7\u00f5es para a 10\u00aa edi\u00e7\u00e3o de seu programa de Trainee. Com in\u00edcio previsto para janeiro&#8230;<\/p>\n","protected":false},"author":1,"featured_media":63547,"comment_status":"open","ping_status":"open","sticky":false,"template":"","format":"standard","meta":{"_uag_custom_page_level_css":"","advanced_seo_description":"","jetpack_seo_html_title":"","jetpack_seo_noindex":false,"jetpack_post_was_ever_published":false,"_jetpack_newsletter_access":"","_jetpack_dont_email_post_to_subs":false,"_jetpack_newsletter_tier_id":0,"_jetpack_memberships_contains_paywalled_content":false,"_jetpack_memberships_contains_paid_content":false,"footnotes":"","jetpack_publicize_message":"","jetpack_publicize_feature_enabled":true,"jetpack_social_post_already_shared":true,"jetpack_social_options":{"image_generator_settings":{"template":"highway","default_image_id":0,"font":"","enabled":false},"version":2}},"categories":[3598],"tags":[],"class_list":["post-63546","post","type-post","status-publish","format-standard","has-post-thumbnail","hentry","category-empregos-classificados-vagas-trabalho"],"jetpack_publicize_connections":[],"jetpack_featured_media_url":"https:\/\/i0.wp.com\/ismaelcolosi.com.br\/wp-content\/uploads\/2024\/09\/santandersp.jpg?fit=900%2C600&ssl=1","uagb_featured_image_src":{"full":["https:\/\/i0.wp.com\/ismaelcolosi.com.br\/wp-content\/uploads\/2024\/09\/santandersp.jpg?fit=900%2C600&ssl=1",900,600,false],"thumbnail":["https:\/\/i0.wp.com\/ismaelcolosi.com.br\/wp-content\/uploads\/2024\/09\/santandersp.jpg?resize=150%2C150&ssl=1",150,150,true],"medium":["https:\/\/i0.wp.com\/ismaelcolosi.com.br\/wp-content\/uploads\/2024\/09\/santandersp.jpg?fit=300%2C200&ssl=1",300,200,true],"medium_large":["https:\/\/i0.wp.com\/ismaelcolosi.com.br\/wp-content\/uploads\/2024\/09\/santandersp.jpg?fit=768%2C512&ssl=1",768,512,true],"large":["https:\/\/i0.wp.com\/ismaelcolosi.com.br\/wp-content\/uploads\/2024\/09\/santandersp.jpg?fit=900%2C600&ssl=1",900,600,true],"1536x1536":["https:\/\/i0.wp.com\/ismaelcolosi.com.br\/wp-content\/uploads\/2024\/09\/santandersp.jpg?fit=900%2C600&ssl=1",900,600,true],"2048x2048":["https:\/\/i0.wp.com\/ismaelcolosi.com.br\/wp-content\/uploads\/2024\/09\/santandersp.jpg?fit=900%2C600&ssl=1",900,600,true],"really-simple-thumb":["https:\/\/i0.wp.com\/ismaelcolosi.com.br\/wp-content\/uploads\/2024\/09\/santandersp.jpg?resize=370%2C247&ssl=1",370,247,true]},"uagb_author_info":{"display_name":"ismaelcolosi.com.br","author_link":"https:\/\/ismaelcolosi.com.br\/index.php\/author\/vidareal-online\/"},"uagb_comment_info":0,"uagb_excerpt":"Bruno Pavani Bruno Pavan 02\/09\/2024 &#8211; 15:29 O Santander abriu inscri\u00e7\u00f5es para a 10\u00aa edi\u00e7\u00e3o de seu programa de Trainee. Com in\u00edcio previsto para janeiro...","jetpack-related-posts":[{"id":63644,"url":"https:\/\/ismaelcolosi.com.br\/index.php\/2024\/09\/03\/ambev-prorroga-inscricoes-para-estagio-e-trainee-com-salario-de-ate-r-85-mil-veja-como-participar\/","url_meta":{"origin":63546,"position":0},"title":"Ambev prorroga inscri\u00e7\u00f5es para est\u00e1gio e trainee com sal\u00e1rio de at\u00e9 R$ 8,5 mil; veja como participar","author":"ismaelcolosi.com.br","date":"3 de September de 2024","format":false,"excerpt":"Da reda\u00e7\u00e3oi Da reda\u00e7\u00e3o 03\/09\/2024 - 11:25 A Ambev prorrogou as inscri\u00e7\u00f5es de seu programa de est\u00e1gio e trainee at\u00e9 quinta-feira, 5.TraineePara as oportunidades de trainee, o candidato pode escolher a \u00e1rea de maior interesse: Business ou Supply Chain.O processo est\u00e1 aberto para candidatos de todos os cursos, com o\u2026","rel":"","context":"In &quot;Empregos - Classificados&quot;","block_context":{"text":"Empregos - Classificados","link":"https:\/\/ismaelcolosi.com.br\/index.php\/category\/empregos-classificados-vagas-trabalho\/"},"img":{"alt_text":"","src":"https:\/\/i0.wp.com\/ismaelcolosi.com.br\/wp-content\/uploads\/2024\/09\/ambev-1.jpg?fit=640%2C360&ssl=1&resize=350%2C200","width":350,"height":200,"srcset":"https:\/\/i0.wp.com\/ismaelcolosi.com.br\/wp-content\/uploads\/2024\/09\/ambev-1.jpg?fit=640%2C360&ssl=1&resize=350%2C200 1x, https:\/\/i0.wp.com\/ismaelcolosi.com.br\/wp-content\/uploads\/2024\/09\/ambev-1.jpg?fit=640%2C360&ssl=1&resize=525%2C300 1.5x"},"classes":[]},{"id":64032,"url":"https:\/\/ismaelcolosi.com.br\/index.php\/2024\/09\/05\/programa-de-trainee-e-estagio-da-ambev-tem-inscricoes-abertas-ate-esta-quinta-salario-chega-a-r-85-mil\/","url_meta":{"origin":63546,"position":1},"title":"Programa de trainee e est\u00e1gio da Ambev tem inscri\u00e7\u00f5es abertas at\u00e9 esta quinta; sal\u00e1rio chega a R$ 8,5 mil","author":"ismaelcolosi.com.br","date":"5 de September de 2024","format":false,"excerpt":"Da reda\u00e7\u00e3oi Da reda\u00e7\u00e3o 05\/09\/2024 - 9:42 Esta quinta-feira, 5, \u00e9 o \u00faltimo dia de inscri\u00e7\u00f5es para o programa de est\u00e1gio e trainee da Ambev. Os sal\u00e1rios chegam at\u00e9 R$ 8,5 mil mensais.TraineePara as oportunidades de trainee, o candidato pode escolher a \u00e1rea de maior interesse: Business ou Supply Chain.O\u2026","rel":"","context":"In &quot;Empregos - Classificados&quot;","block_context":{"text":"Empregos - Classificados","link":"https:\/\/ismaelcolosi.com.br\/index.php\/category\/empregos-classificados-vagas-trabalho\/"},"img":{"alt_text":"","src":"https:\/\/i0.wp.com\/ismaelcolosi.com.br\/wp-content\/uploads\/2024\/09\/tagreuterscom2021binary-lynxmpeh6s15n-baseimage.jpg?fit=800%2C470&ssl=1&resize=350%2C200","width":350,"height":200,"srcset":"https:\/\/i0.wp.com\/ismaelcolosi.com.br\/wp-content\/uploads\/2024\/09\/tagreuterscom2021binary-lynxmpeh6s15n-baseimage.jpg?fit=800%2C470&ssl=1&resize=350%2C200 1x, https:\/\/i0.wp.com\/ismaelcolosi.com.br\/wp-content\/uploads\/2024\/09\/tagreuterscom2021binary-lynxmpeh6s15n-baseimage.jpg?fit=800%2C470&ssl=1&resize=525%2C300 1.5x, https:\/\/i0.wp.com\/ismaelcolosi.com.br\/wp-content\/uploads\/2024\/09\/tagreuterscom2021binary-lynxmpeh6s15n-baseimage.jpg?fit=800%2C470&ssl=1&resize=700%2C400 2x"},"classes":[]},{"id":61280,"url":"https:\/\/ismaelcolosi.com.br\/index.php\/2024\/08\/21\/salarios-de-ate-r-8-800-itau-ambev-kraft-heinz-loreal-selecionam-trainees-veja-vagas\/","url_meta":{"origin":63546,"position":2},"title":"Sal\u00e1rios de at\u00e9 R$ 8.800: Ita\u00fa, Ambev, Kraft Heinz, L\u00b4Or\u00e9al selecionam trainees; veja vagas","author":"ismaelcolosi.com.br","date":"21 de August de 2024","format":false,"excerpt":"Da reda\u00e7\u00e3oi Da reda\u00e7\u00e3o 21\/08\/2024 - 6:30 Um caminho para entrar bem no mercado de trabalho fazer parte de um programa de trainee de uma grande empresa. Os cargos de trainee \u2013 palavra importada da l\u00edngua inglesa \u2013 s\u00e3o para jovens profissionais, rec\u00e9m-sa\u00eddos da gradua\u00e7\u00e3o, que j\u00e1 possuem alguma experi\u00eancia\u2026","rel":"","context":"In &quot;Empregos - Classificados&quot;","block_context":{"text":"Empregos - Classificados","link":"https:\/\/ismaelcolosi.com.br\/index.php\/category\/empregos-classificados-vagas-trabalho\/"},"img":{"alt_text":"","src":"https:\/\/i0.wp.com\/ismaelcolosi.com.br\/wp-content\/uploads\/2024\/08\/pexels-fauxels-3184295.jpg?fit=1200%2C800&ssl=1&resize=350%2C200","width":350,"height":200,"srcset":"https:\/\/i0.wp.com\/ismaelcolosi.com.br\/wp-content\/uploads\/2024\/08\/pexels-fauxels-3184295.jpg?fit=1200%2C800&ssl=1&resize=350%2C200 1x, https:\/\/i0.wp.com\/ismaelcolosi.com.br\/wp-content\/uploads\/2024\/08\/pexels-fauxels-3184295.jpg?fit=1200%2C800&ssl=1&resize=525%2C300 1.5x, https:\/\/i0.wp.com\/ismaelcolosi.com.br\/wp-content\/uploads\/2024\/08\/pexels-fauxels-3184295.jpg?fit=1200%2C800&ssl=1&resize=700%2C400 2x, https:\/\/i0.wp.com\/ismaelcolosi.com.br\/wp-content\/uploads\/2024\/08\/pexels-fauxels-3184295.jpg?fit=1200%2C800&ssl=1&resize=1050%2C600 3x"},"classes":[]},{"id":87067,"url":"https:\/\/ismaelcolosi.com.br\/index.php\/2025\/08\/14\/itau-abre-inscricoes-para-programa-de-trainee-com-salario-de-r-93-mil\/","url_meta":{"origin":63546,"position":3},"title":"Ita\u00fa abre inscri\u00e7\u00f5es para programa de trainee com sal\u00e1rio de R$ 9,3 mil","author":"ismaelcolosi.com.br","date":"14 de August de 2025","format":false,"excerpt":"O Ita\u00fa Unibanco est\u00e1 com inscri\u00e7\u00f5es abertas para seu Programa Trainee 2026 at\u00e9 o dia 1\u00ba de setembro. Profissionais das \u00e1reas de Exatas, Humanas ou Biol\u00f3gicas podem concorrer a uma remunera\u00e7\u00e3o de R$ 9.350, al\u00e9m de participa\u00e7\u00e3o nos lucros e resultados. O n\u00famero de vagas varia conforme o de inscritos\u2026","rel":"","context":"In &quot;Empregos - Classificados&quot;","block_context":{"text":"Empregos - Classificados","link":"https:\/\/ismaelcolosi.com.br\/index.php\/category\/empregos-classificados-vagas-trabalho\/"},"img":{"alt_text":"","src":"","width":0,"height":0},"classes":[]},{"id":87387,"url":"https:\/\/ismaelcolosi.com.br\/index.php\/2025\/09\/07\/inscricoes-para-programa-de-trainee-da-ambev-com-salario-de-ate-r-9-mil-encerram-nesta-segunda\/","url_meta":{"origin":63546,"position":4},"title":"Inscri\u00e7\u00f5es para programa de trainee da Ambev com sal\u00e1rio de at\u00e9 R$ 9 mil encerram nesta segunda","author":"ismaelcolosi.com.br","date":"7 de September de 2025","format":false,"excerpt":"O prazo se cadastrar e concorrer as mais de 200 vagas disponibilizadas nos programas de est\u00e1gio e trainee da Ambev termina nesta segunda-feira, 8 de setembro. Para o trainee, a sele\u00e7\u00e3o \u00e9 aberta a pessoas de todos os cursos, graduadas entre dezembro de 2023 e dezembro de 2025, com no\u2026","rel":"","context":"In &quot;Empregos - Classificados&quot;","block_context":{"text":"Empregos - Classificados","link":"https:\/\/ismaelcolosi.com.br\/index.php\/category\/empregos-classificados-vagas-trabalho\/"},"img":{"alt_text":"","src":"","width":0,"height":0},"classes":[]},{"id":87133,"url":"https:\/\/ismaelcolosi.com.br\/index.php\/2025\/08\/20\/ambev-abre-inscricoes-para-programa-de-trainee-com-salario-de-ate-r-9-mil\/","url_meta":{"origin":63546,"position":5},"title":"Ambev abre inscri\u00e7\u00f5es para programa de trainee com sal\u00e1rio de at\u00e9 R$ 9 mil","author":"ismaelcolosi.com.br","date":"20 de August de 2025","format":false,"excerpt":"Da reda\u00e7\u00e3oi Da reda\u00e7\u00e3o 19\/08\/2025 - 12:05 A Ambev anunciou a abertura das inscri\u00e7\u00f5es para seus programas de est\u00e1gio e trainee. O prazo se cadastrar e concorrer as mais de 200 vagas disponibilizadas vai at\u00e9 o dia 8 de setembro.Para o trainee, a sele\u00e7\u00e3o \u00e9 aberta a pessoas de todos\u2026","rel":"","context":"In &quot;Empregos - Classificados&quot;","block_context":{"text":"Empregos - Classificados","link":"https:\/\/ismaelcolosi.com.br\/index.php\/category\/empregos-classificados-vagas-trabalho\/"},"img":{"alt_text":"","src":"https:\/\/i0.wp.com\/ismaelcolosi.com.br\/wp-content\/uploads\/2025\/08\/unnamed-1.jpg?fit=827%2C551&ssl=1&resize=350%2C200","width":350,"height":200,"srcset":"https:\/\/i0.wp.com\/ismaelcolosi.com.br\/wp-content\/uploads\/2025\/08\/unnamed-1.jpg?fit=827%2C551&ssl=1&resize=350%2C200 1x, https:\/\/i0.wp.com\/ismaelcolosi.com.br\/wp-content\/uploads\/2025\/08\/unnamed-1.jpg?fit=827%2C551&ssl=1&resize=525%2C300 1.5x, https:\/\/i0.wp.com\/ismaelcolosi.com.br\/wp-content\/uploads\/2025\/08\/unnamed-1.jpg?fit=827%2C551&ssl=1&resize=700%2C400 2x"},"classes":[]}],"jetpack_sharing_enabled":true,"jetpack_shortlink":"https:\/\/wp.me\/pfMlyK-gwW","_links":{"self":[{"href":"https:\/\/ismaelcolosi.com.br\/index.php\/wp-json\/wp\/v2\/posts\/63546","targetHints":{"allow":["GET"]}}],"collection":[{"href":"https:\/\/ismaelcolosi.com.br\/index.php\/wp-json\/wp\/v2\/posts"}],"about":[{"href":"https:\/\/ismaelcolosi.com.br\/index.php\/wp-json\/wp\/v2\/types\/post"}],"author":[{"embeddable":true,"href":"https:\/\/ismaelcolosi.com.br\/index.php\/wp-json\/wp\/v2\/users\/1"}],"replies":[{"embeddable":true,"href":"https:\/\/ismaelcolosi.com.br\/index.php\/wp-json\/wp\/v2\/comments?post=63546"}],"version-history":[{"count":0,"href":"https:\/\/ismaelcolosi.com.br\/index.php\/wp-json\/wp\/v2\/posts\/63546\/revisions"}],"wp:featuredmedia":[{"embeddable":true,"href":"https:\/\/ismaelcolosi.com.br\/index.php\/wp-json\/wp\/v2\/media\/63547"}],"wp:attachment":[{"href":"https:\/\/ismaelcolosi.com.br\/index.php\/wp-json\/wp\/v2\/media?parent=63546"}],"wp:term":[{"taxonomy":"category","embeddable":true,"href":"https:\/\/ismaelcolosi.com.br\/index.php\/wp-json\/wp\/v2\/categories?post=63546"},{"taxonomy":"post_tag","embeddable":true,"href":"https:\/\/ismaelcolosi.com.br\/index.php\/wp-json\/wp\/v2\/tags?post=63546"}],"curies":[{"name":"wp","href":"https:\/\/api.w.org\/{rel}","templated":true}]}}