{"id":63544,"date":"2024-09-02T18:32:09","date_gmt":"2024-09-02T21:32:09","guid":{"rendered":"https:\/\/ismaelcolosi.com.br\/index.php\/2024\/09\/02\/paraciclista-de-ribeirao-preto-representa-o-brasil-nos-jogos-de-paris\/"},"modified":"2024-09-02T18:32:09","modified_gmt":"2024-09-02T21:32:09","slug":"paraciclista-de-ribeirao-preto-representa-o-brasil-nos-jogos-de-paris","status":"publish","type":"post","link":"https:\/\/ismaelcolosi.com.br\/index.php\/2024\/09\/02\/paraciclista-de-ribeirao-preto-representa-o-brasil-nos-jogos-de-paris\/","title":{"rendered":"Paraciclista de Ribeir\u00e3o Preto representa o Brasil nos Jogos de Paris"},"content":{"rendered":"<p> <br \/>\n<\/p>\n<div>\n<p>A paraciclista <strong>Mariana Garcia<\/strong>, nascida em <strong>Ribeir\u00e3o Preto<\/strong>, disputa nesta quarta (4) e quinta-feira (5) duas provas na categoria <strong>handbike WH3 <\/strong>nas <strong>Paral\u00edmpiadas de Paris<\/strong>.<\/p>\n<p>Em novembro de 2023, durante os <strong>Jogos Parapan-Americanos de Santiago<\/strong>, a brasileira terminou em quarto lugar no <strong>contrarrel\u00f3gio <\/strong>\u2013 disputa em que os participantes competem contra o rel\u00f3gio para completar um percurso no menor tempo poss\u00edvel.<\/p>\n<p><mark style=\"background-color:#fcb900\" class=\"has-inline-color\">Nesta edi\u00e7\u00e3o dos<strong> Jogos Paral\u00edmpicos<\/strong>, a <strong>ribeir\u00e3o-pretana<\/strong> vai realizar a <strong>prova <strong>contrarrel\u00f3gio<\/strong><\/strong><\/mark> <mark style=\"background-color:#fcb900\" class=\"has-inline-color\">na quarta-feira (4), \u00e0s 03h (hor\u00e1rio de Bras\u00edlia) e a <strong>prova de resist\u00eancia<\/strong> na quinta-feira (5), \u00e0s 04h30 (hor\u00e1rio de Bras\u00edlia).<\/mark><\/p>\n<p>Mariana tamb\u00e9m det\u00e9m a <strong>segunda coloca\u00e7\u00e3o<\/strong> no <strong>Campeonato Pan-Americano de Paraciclismo<\/strong> realizado na cidade de Maring\u00e1-PR, em 2022.<\/p>\n<h3 class=\"wp-block-heading\"><strong>Supera\u00e7\u00e3o e dedica\u00e7\u00e3o<\/strong><\/h3>\n<p>Em 2009, aos 15 anos, Mariana estava na garupa de uma motocicleta quando <strong>sofreu um acidente e lesionou a coluna (T4)<\/strong>. Na \u00e9poca, acreditava-se que com o aux\u00edlio do tratamento fisioterap\u00eautico a situa\u00e7\u00e3o poderia ser revertida em seis meses, contudo, isso n\u00e3o aconteceu.<\/p>\n<p>Ap\u00f3s a les\u00e3o, <strong>a atleta buscou na atividade f\u00edsica uma forma de cuidar da sa\u00fade e se manter ativa.<\/strong> Come\u00e7ou com nata\u00e7\u00e3o e se dedicou por um tempo ao esporte, no entanto, <strong>se apaixonou pelo paraciclismo, em 2015.<\/strong><\/p>\n<p>Al\u00e9m do quarto lugar em Santiago e o segundo no Pan-Americano de Paraciclismo, Mariana tamb\u00e9m foi <strong>campe\u00e3 no ranking nacional de paraciclismo em 2019, 2021 e 2022<\/strong>, conforme a <strong>Confedera\u00e7\u00e3o Brasileira de Ciclismo<\/strong> (<a href=\"https:\/\/www.cbc.esp.br\/\" target=\"_blank\" rel=\"noreferrer noopener\">CBC<\/a>).<\/p>\n<blockquote class=\"instagram-media\" data-instgrm-permalink=\"https:\/\/www.instagram.com\/p\/C-2r9ccNMf9\/?utm_source=ig_embed&amp;utm_campaign=loading\" data-instgrm-version=\"14\" style=\" background:#FFF; border:0; border-radius:3px; box-shadow:0 0 1px 0 rgba(0,0,0,0.5),0 1px 10px 0 rgba(0,0,0,0.15); margin: 1px; max-width:540px; min-width:326px; padding:0; width:99.375%; width:-webkit-calc(100% - 2px); width:calc(100% - 2px);\"\/>\n<hr class=\"wp-block-separator has-alpha-channel-opacity\"\/>\n<p>SAIBA MAIS<\/p>\n<p>Prefeitura de Ribeir\u00e3o Preto abre concurso p\u00fablico com sal\u00e1rios de R$ 7 mil<\/p>\n<h4 class=\"wp-block-heading\"><strong>FIQUE ON<\/strong><\/h4>\n<p>Fique ligado em tudo que acontece em Ribeir\u00e3o Preto e regi\u00e3o. Siga os perfis do<strong>\u00a0acidade on<\/strong>\u00a0no\u00a0<a href=\"https:\/\/www.instagram.com\/acidadeonribeirao\" target=\"_blank\" rel=\"noreferrer noopener\">Instagram\u00a0<\/a>e no<a href=\"https:\/\/www.facebook.com\/acidadeonribeirao\/\" target=\"_blank\" rel=\"noreferrer noopener\">\u00a0Facebook<\/a>.<\/p>\n<p>Receba not\u00edcias do\u00a0<strong>acidade on<\/strong>\u00a0no WhatsApp.\u00a0<a href=\"https:\/\/chat.whatsapp.com\/Dtv9mxhy6V5BJBotM2OQ5k\" target=\"_blank\" rel=\"noreferrer noopener\">Para entrar no grupo, basta clicar aqui.<\/a><\/p>\n<p>Fa\u00e7a uma den\u00fancia ou sugira uma reportagem sobre Ribeir\u00e3o Preto e regi\u00e3o pelo WhatsApp: 16 99117 7802.<\/p>\n<p>VEJA TAMB\u00c9M<\/p>\n<p>Qual o valor da d\u00edvida de Val Marchiori?<\/p>\n<p><!-- CONTENT END 1 -->\n<\/div>\n<p><script async src=\"\/\/www.instagram.com\/embed.js\"><\/script><br \/>\n<br \/><br \/>\n<br \/><a href=\"https:\/\/www.acidadeon.com\/ribeiraopreto\/esportes\/paraciclista-de-ribeirao-representa-o-brasil-nos-jogos-de-paris\/\">Source link <\/a><\/p>\n","protected":false},"excerpt":{"rendered":"<p>A paraciclista Mariana Garcia, nascida em Ribeir\u00e3o Preto, disputa nesta quarta (4) e quinta-feira (5) duas provas na categoria handbike WH3 nas Paral\u00edmpiadas de Paris&#8230;.<\/p>\n","protected":false},"author":1,"featured_media":63545,"comment_status":"open","ping_status":"open","sticky":false,"template":"","format":"standard","meta":{"_uag_custom_page_level_css":"","advanced_seo_description":"","jetpack_seo_html_title":"","jetpack_seo_noindex":false,"jetpack_post_was_ever_published":false,"_jetpack_newsletter_access":"","_jetpack_dont_email_post_to_subs":false,"_jetpack_newsletter_tier_id":0,"_jetpack_memberships_contains_paywalled_content":false,"_jetpack_memberships_contains_paid_content":false,"footnotes":"","jetpack_publicize_message":"","jetpack_publicize_feature_enabled":true,"jetpack_social_post_already_shared":true,"jetpack_social_options":{"image_generator_settings":{"template":"highway","default_image_id":0,"font":"","enabled":false},"version":2}},"categories":[11],"tags":[],"class_list":["post-63544","post","type-post","status-publish","format-standard","has-post-thumbnail","hentry","category-noticias-de-ribeirao-preto-sp-e-regiao-ismael-colosi"],"jetpack_publicize_connections":[],"jetpack_featured_media_url":"https:\/\/i0.wp.com\/ismaelcolosi.com.br\/wp-content\/uploads\/2024\/09\/Copia-de-Copia-de-Copia-de-TAMANHO-EXATO-PARA-FOTOS-NO-SISTEMA-NOVO-24_2024-09-02_21-10-57_png_2024-09-02_21-10-57.webp.webp?fit=1200%2C675&ssl=1","uagb_featured_image_src":{"full":["https:\/\/i0.wp.com\/ismaelcolosi.com.br\/wp-content\/uploads\/2024\/09\/Copia-de-Copia-de-Copia-de-TAMANHO-EXATO-PARA-FOTOS-NO-SISTEMA-NOVO-24_2024-09-02_21-10-57_png_2024-09-02_21-10-57.webp.webp?fit=1200%2C675&ssl=1",1200,675,false],"thumbnail":["https:\/\/i0.wp.com\/ismaelcolosi.com.br\/wp-content\/uploads\/2024\/09\/Copia-de-Copia-de-Copia-de-TAMANHO-EXATO-PARA-FOTOS-NO-SISTEMA-NOVO-24_2024-09-02_21-10-57_png_2024-09-02_21-10-57.webp.webp?resize=150%2C150&ssl=1",150,150,true],"medium":["https:\/\/i0.wp.com\/ismaelcolosi.com.br\/wp-content\/uploads\/2024\/09\/Copia-de-Copia-de-Copia-de-TAMANHO-EXATO-PARA-FOTOS-NO-SISTEMA-NOVO-24_2024-09-02_21-10-57_png_2024-09-02_21-10-57.webp.webp?fit=300%2C169&ssl=1",300,169,true],"medium_large":["https:\/\/i0.wp.com\/ismaelcolosi.com.br\/wp-content\/uploads\/2024\/09\/Copia-de-Copia-de-Copia-de-TAMANHO-EXATO-PARA-FOTOS-NO-SISTEMA-NOVO-24_2024-09-02_21-10-57_png_2024-09-02_21-10-57.webp.webp?fit=768%2C432&ssl=1",768,432,true],"large":["https:\/\/i0.wp.com\/ismaelcolosi.com.br\/wp-content\/uploads\/2024\/09\/Copia-de-Copia-de-Copia-de-TAMANHO-EXATO-PARA-FOTOS-NO-SISTEMA-NOVO-24_2024-09-02_21-10-57_png_2024-09-02_21-10-57.webp.webp?fit=1024%2C576&ssl=1",1024,576,true],"1536x1536":["https:\/\/i0.wp.com\/ismaelcolosi.com.br\/wp-content\/uploads\/2024\/09\/Copia-de-Copia-de-Copia-de-TAMANHO-EXATO-PARA-FOTOS-NO-SISTEMA-NOVO-24_2024-09-02_21-10-57_png_2024-09-02_21-10-57.webp.webp?fit=1200%2C675&ssl=1",1200,675,true],"2048x2048":["https:\/\/i0.wp.com\/ismaelcolosi.com.br\/wp-content\/uploads\/2024\/09\/Copia-de-Copia-de-Copia-de-TAMANHO-EXATO-PARA-FOTOS-NO-SISTEMA-NOVO-24_2024-09-02_21-10-57_png_2024-09-02_21-10-57.webp.webp?fit=1200%2C675&ssl=1",1200,675,true],"really-simple-thumb":["https:\/\/i0.wp.com\/ismaelcolosi.com.br\/wp-content\/uploads\/2024\/09\/Copia-de-Copia-de-Copia-de-TAMANHO-EXATO-PARA-FOTOS-NO-SISTEMA-NOVO-24_2024-09-02_21-10-57_png_2024-09-02_21-10-57.webp.webp?resize=370%2C247&ssl=1",370,247,true]},"uagb_author_info":{"display_name":"ismaelcolosi.com.br","author_link":"https:\/\/ismaelcolosi.com.br\/index.php\/author\/vidareal-online\/"},"uagb_comment_info":0,"uagb_excerpt":"A paraciclista Mariana Garcia, nascida em Ribeir\u00e3o Preto, disputa nesta quarta (4) e quinta-feira (5) duas provas na categoria handbike WH3 nas Paral\u00edmpiadas de Paris....","jetpack-related-posts":[{"id":51763,"url":"https:\/\/ismaelcolosi.com.br\/index.php\/2024\/05\/30\/atleta-da-regiao-de-ribeirao-preto-faz-melhor-tempo-do-ano-em-prova-de-atletismo\/","url_meta":{"origin":63544,"position":0},"title":"Atleta da regi\u00e3o de Ribeir\u00e3o Preto faz melhor tempo do ano em prova de atletismo","author":"ismaelcolosi.com.br","date":"30 de May de 2024","format":false,"excerpt":"O atleta Alison dos Santos, conhecido como Piu, que \u00e9 de S\u00e3o Joaquim da Barra, na regi\u00e3o de Ribeir\u00e3o Preto, venceu os 400 metros com barreiras da etapa Oslo da Diamond League de atletismo, que aconteceu na Noruega. A disputa contra o noruegu\u00eas Karsten Warholm, que era favorito, aconteceu nesta\u2026","rel":"","context":"In &quot;Not\u00edcias de Ribeir\u00e3o Preto-SP e Regi\u00e3o&quot;","block_context":{"text":"Not\u00edcias de Ribeir\u00e3o Preto-SP e Regi\u00e3o","link":"https:\/\/ismaelcolosi.com.br\/index.php\/category\/noticias-de-ribeirao-preto-sp-e-regiao-ismael-colosi\/"},"img":{"alt_text":"","src":"https:\/\/i0.wp.com\/ismaelcolosi.com.br\/wp-content\/uploads\/2024\/05\/Copia-de-Copia-de-TAMANHO-EXATO-PARA-FOTOS-NO-SISTEMA-NOVO-70_2024-05-30_21-28-54_jpg_2024-05-30_21-28-54.webp.webp?fit=1200%2C675&ssl=1&resize=350%2C200","width":350,"height":200,"srcset":"https:\/\/i0.wp.com\/ismaelcolosi.com.br\/wp-content\/uploads\/2024\/05\/Copia-de-Copia-de-TAMANHO-EXATO-PARA-FOTOS-NO-SISTEMA-NOVO-70_2024-05-30_21-28-54_jpg_2024-05-30_21-28-54.webp.webp?fit=1200%2C675&ssl=1&resize=350%2C200 1x, https:\/\/i0.wp.com\/ismaelcolosi.com.br\/wp-content\/uploads\/2024\/05\/Copia-de-Copia-de-TAMANHO-EXATO-PARA-FOTOS-NO-SISTEMA-NOVO-70_2024-05-30_21-28-54_jpg_2024-05-30_21-28-54.webp.webp?fit=1200%2C675&ssl=1&resize=525%2C300 1.5x, https:\/\/i0.wp.com\/ismaelcolosi.com.br\/wp-content\/uploads\/2024\/05\/Copia-de-Copia-de-TAMANHO-EXATO-PARA-FOTOS-NO-SISTEMA-NOVO-70_2024-05-30_21-28-54_jpg_2024-05-30_21-28-54.webp.webp?fit=1200%2C675&ssl=1&resize=700%2C400 2x, https:\/\/i0.wp.com\/ismaelcolosi.com.br\/wp-content\/uploads\/2024\/05\/Copia-de-Copia-de-TAMANHO-EXATO-PARA-FOTOS-NO-SISTEMA-NOVO-70_2024-05-30_21-28-54_jpg_2024-05-30_21-28-54.webp.webp?fit=1200%2C675&ssl=1&resize=1050%2C600 3x"},"classes":[]},{"id":63563,"url":"https:\/\/ismaelcolosi.com.br\/index.php\/2024\/09\/02\/interior-de-sp-tem-dois-novos-alertas-de-perigo-potencial-veja-regioes-afetadas\/","url_meta":{"origin":63544,"position":1},"title":"Interior de SP tem dois novos alertas de perigo potencial; Veja regi\u00f5es afetadas","author":"ismaelcolosi.com.br","date":"2 de September de 2024","format":false,"excerpt":"O Instituto Nacional de Meteorologia (Inmet) emitiu dois novos alertas de perigo potencial para o interior de S\u00e3o Paulo, nesta segunda-feira (2). Um \u00e9 para onda de calor e o outro para baixa umidade do ar. De acordo com a Climatempo, o tempo seco e com temperaturas acima da m\u00e9dia\u2026","rel":"","context":"In &quot;Not\u00edcias de Ribeir\u00e3o Preto-SP e Regi\u00e3o&quot;","block_context":{"text":"Not\u00edcias de Ribeir\u00e3o Preto-SP e Regi\u00e3o","link":"https:\/\/ismaelcolosi.com.br\/index.php\/category\/noticias-de-ribeirao-preto-sp-e-regiao-ismael-colosi\/"},"img":{"alt_text":"","src":"https:\/\/i0.wp.com\/ismaelcolosi.com.br\/wp-content\/uploads\/2024\/09\/mulher-mais-velha-lutando-com-alta-temperatura-scaled.jpg?fit=1200%2C800&ssl=1&resize=350%2C200","width":350,"height":200,"srcset":"https:\/\/i0.wp.com\/ismaelcolosi.com.br\/wp-content\/uploads\/2024\/09\/mulher-mais-velha-lutando-com-alta-temperatura-scaled.jpg?fit=1200%2C800&ssl=1&resize=350%2C200 1x, https:\/\/i0.wp.com\/ismaelcolosi.com.br\/wp-content\/uploads\/2024\/09\/mulher-mais-velha-lutando-com-alta-temperatura-scaled.jpg?fit=1200%2C800&ssl=1&resize=525%2C300 1.5x, https:\/\/i0.wp.com\/ismaelcolosi.com.br\/wp-content\/uploads\/2024\/09\/mulher-mais-velha-lutando-com-alta-temperatura-scaled.jpg?fit=1200%2C800&ssl=1&resize=700%2C400 2x, https:\/\/i0.wp.com\/ismaelcolosi.com.br\/wp-content\/uploads\/2024\/09\/mulher-mais-velha-lutando-com-alta-temperatura-scaled.jpg?fit=1200%2C800&ssl=1&resize=1050%2C600 3x"},"classes":[]},{"id":59463,"url":"https:\/\/ismaelcolosi.com.br\/index.php\/2024\/08\/08\/conheca-alison-dos-santos-o-piu-atleta-que-disputa-final-olimpica-em-paris\/","url_meta":{"origin":63544,"position":2},"title":"Conhe\u00e7a Alison dos Santos, o Piu, atleta que disputa final ol\u00edmpica em Paris","author":"ismaelcolosi.com.br","date":"8 de August de 2024","format":false,"excerpt":"Nesta sexta-feira (9), o atleta Alison dos Santos, o Piu, disputa a final dos 400 metros com barreiras, nos Jogos Ol\u00edmpicos de Paris 2024. O corredor, que \u00e9 nascido em S\u00e3o Joaquim da Barra, na regi\u00e3o de Ribeir\u00e3o Preto, \u00e9 um dos cotados ao p\u00f3dio na prova, que acontece \u00e0s\u2026","rel":"","context":"In &quot;Not\u00edcias de Ribeir\u00e3o Preto-SP e Regi\u00e3o&quot;","block_context":{"text":"Not\u00edcias de Ribeir\u00e3o Preto-SP e Regi\u00e3o","link":"https:\/\/ismaelcolosi.com.br\/index.php\/category\/noticias-de-ribeirao-preto-sp-e-regiao-ismael-colosi\/"},"img":{"alt_text":"","src":"https:\/\/i0.wp.com\/ismaelcolosi.com.br\/wp-content\/uploads\/2024\/08\/alison-dos-santos-piu_2024-08-08_19-02-19_jpg_2024-08-08_19-02-19.webp.webp?fit=1080%2C717&ssl=1&resize=350%2C200","width":350,"height":200,"srcset":"https:\/\/i0.wp.com\/ismaelcolosi.com.br\/wp-content\/uploads\/2024\/08\/alison-dos-santos-piu_2024-08-08_19-02-19_jpg_2024-08-08_19-02-19.webp.webp?fit=1080%2C717&ssl=1&resize=350%2C200 1x, https:\/\/i0.wp.com\/ismaelcolosi.com.br\/wp-content\/uploads\/2024\/08\/alison-dos-santos-piu_2024-08-08_19-02-19_jpg_2024-08-08_19-02-19.webp.webp?fit=1080%2C717&ssl=1&resize=525%2C300 1.5x, https:\/\/i0.wp.com\/ismaelcolosi.com.br\/wp-content\/uploads\/2024\/08\/alison-dos-santos-piu_2024-08-08_19-02-19_jpg_2024-08-08_19-02-19.webp.webp?fit=1080%2C717&ssl=1&resize=700%2C400 2x, https:\/\/i0.wp.com\/ismaelcolosi.com.br\/wp-content\/uploads\/2024\/08\/alison-dos-santos-piu_2024-08-08_19-02-19_jpg_2024-08-08_19-02-19.webp.webp?fit=1080%2C717&ssl=1&resize=1050%2C600 3x"},"classes":[]},{"id":65355,"url":"https:\/\/ismaelcolosi.com.br\/index.php\/2024\/09\/11\/confira-a-agenda-dos-candidatos-a-prefeitura-de-ribeirao-preto-nesta-quinta-feira-12\/","url_meta":{"origin":63544,"position":3},"title":"Confira a agenda dos candidatos \u00e0 Prefeitura de Ribeir\u00e3o Preto nesta quinta-feira (12)","author":"ismaelcolosi.com.br","date":"11 de September de 2024","format":false,"excerpt":"Os candidatos \u00e0\u00a0Prefeitura de Ribeir\u00e3o Preto\u00a0divulgaram suas agendas de campanha para esta quinta-feira (12). O per\u00edodo de propaganda eleitoral come\u00e7ou no dia 16 de agosto, portanto, candidatos podem apresentar \u00e0s eleitoras e aos eleitores suas ideias e propostas. A publicidade das candidaturas pode ser feita na internet, na rua, na\u2026","rel":"","context":"In &quot;Not\u00edcias de Ribeir\u00e3o Preto-SP e Regi\u00e3o&quot;","block_context":{"text":"Not\u00edcias de Ribeir\u00e3o Preto-SP e Regi\u00e3o","link":"https:\/\/ismaelcolosi.com.br\/index.php\/category\/noticias-de-ribeirao-preto-sp-e-regiao-ismael-colosi\/"},"img":{"alt_text":"","src":"https:\/\/i0.wp.com\/ismaelcolosi.com.br\/wp-content\/uploads\/2024\/09\/praca_xv_1024x576_01022021165036.jpg?fit=1024%2C576&ssl=1&resize=350%2C200","width":350,"height":200,"srcset":"https:\/\/i0.wp.com\/ismaelcolosi.com.br\/wp-content\/uploads\/2024\/09\/praca_xv_1024x576_01022021165036.jpg?fit=1024%2C576&ssl=1&resize=350%2C200 1x, https:\/\/i0.wp.com\/ismaelcolosi.com.br\/wp-content\/uploads\/2024\/09\/praca_xv_1024x576_01022021165036.jpg?fit=1024%2C576&ssl=1&resize=525%2C300 1.5x, https:\/\/i0.wp.com\/ismaelcolosi.com.br\/wp-content\/uploads\/2024\/09\/praca_xv_1024x576_01022021165036.jpg?fit=1024%2C576&ssl=1&resize=700%2C400 2x"},"classes":[]},{"id":62899,"url":"https:\/\/ismaelcolosi.com.br\/index.php\/2024\/08\/29\/atleta-paralimpica-da-regiao-de-ribeirao-disputa-o-triatlo-em-paris-veja-quando\/","url_meta":{"origin":63544,"position":4},"title":"Atleta paral\u00edmpica da regi\u00e3o de Ribeir\u00e3o disputa o Triatlo em Paris; Veja quando","author":"ismaelcolosi.com.br","date":"29 de August de 2024","format":false,"excerpt":"A triatleta brasileira J\u00e9ssica Messali, natural de Jaboticabal, cidade na regi\u00e3o de Ribeir\u00e3o Preto, disputa neste domingo (1\u00ba), o triatlo classe PTWC1 (para cadeirantes) nas Paral\u00edmpiadas de Paris. Em 2021, a brasileira de 36 anos conseguiu o quarto lugar e ficou a 1m24s de garantir medalha ao Brasil nos Jogos\u2026","rel":"","context":"In &quot;Not\u00edcias de Ribeir\u00e3o Preto-SP e Regi\u00e3o&quot;","block_context":{"text":"Not\u00edcias de Ribeir\u00e3o Preto-SP e Regi\u00e3o","link":"https:\/\/ismaelcolosi.com.br\/index.php\/category\/noticias-de-ribeirao-preto-sp-e-regiao-ismael-colosi\/"},"img":{"alt_text":"","src":"https:\/\/i0.wp.com\/ismaelcolosi.com.br\/wp-content\/uploads\/2024\/08\/51408623662_977167cff4_k-1-1024x684-1_2024-08-29_22-05-48.webp.webp?fit=1024%2C684&ssl=1&resize=350%2C200","width":350,"height":200,"srcset":"https:\/\/i0.wp.com\/ismaelcolosi.com.br\/wp-content\/uploads\/2024\/08\/51408623662_977167cff4_k-1-1024x684-1_2024-08-29_22-05-48.webp.webp?fit=1024%2C684&ssl=1&resize=350%2C200 1x, https:\/\/i0.wp.com\/ismaelcolosi.com.br\/wp-content\/uploads\/2024\/08\/51408623662_977167cff4_k-1-1024x684-1_2024-08-29_22-05-48.webp.webp?fit=1024%2C684&ssl=1&resize=525%2C300 1.5x, https:\/\/i0.wp.com\/ismaelcolosi.com.br\/wp-content\/uploads\/2024\/08\/51408623662_977167cff4_k-1-1024x684-1_2024-08-29_22-05-48.webp.webp?fit=1024%2C684&ssl=1&resize=700%2C400 2x"},"classes":[]},{"id":38395,"url":"https:\/\/ismaelcolosi.com.br\/index.php\/2024\/02\/19\/atletas-de-rp-sao-campeoes-da-1a-etapa-do-campeonato-paulista-de-paraciclismo\/","url_meta":{"origin":63544,"position":5},"title":"Atletas de RP s\u00e3o campe\u00f5es da 1\u00aa etapa do Campeonato Paulista de Paraciclismo","author":"ismaelcolosi.com.br","date":"19 de February de 2024","format":false,"excerpt":"19 de fevereiro de 2024 | 17:0019 de fevereiro de 2024 | 14:21 0Tr\u00eas atletas da Secretaria de Esportes de Ribeir\u00e3o Preto participaram da primeira etapa do Campeonato Paulista de Paraciclismo no \u00faltimo domingo, 18. O evento foi realizado em Santa Cruz das Palmeiras e contou com a participa\u00e7\u00e3o de\u2026","rel":"","context":"In &quot;Not\u00edcias de Ribeir\u00e3o Preto-SP e Regi\u00e3o&quot;","block_context":{"text":"Not\u00edcias de Ribeir\u00e3o Preto-SP e Regi\u00e3o","link":"https:\/\/ismaelcolosi.com.br\/index.php\/category\/noticias-de-ribeirao-preto-sp-e-regiao-ismael-colosi\/"},"img":{"alt_text":"","src":"https:\/\/i0.wp.com\/ismaelcolosi.com.br\/wp-content\/uploads\/2024\/02\/paulista_paraciclismo1-scaled.jpeg?fit=838%2C645&ssl=1&resize=350%2C200","width":350,"height":200,"srcset":"https:\/\/i0.wp.com\/ismaelcolosi.com.br\/wp-content\/uploads\/2024\/02\/paulista_paraciclismo1-scaled.jpeg?fit=838%2C645&ssl=1&resize=350%2C200 1x, https:\/\/i0.wp.com\/ismaelcolosi.com.br\/wp-content\/uploads\/2024\/02\/paulista_paraciclismo1-scaled.jpeg?fit=838%2C645&ssl=1&resize=525%2C300 1.5x, https:\/\/i0.wp.com\/ismaelcolosi.com.br\/wp-content\/uploads\/2024\/02\/paulista_paraciclismo1-scaled.jpeg?fit=838%2C645&ssl=1&resize=700%2C400 2x"},"classes":[]}],"jetpack_sharing_enabled":true,"jetpack_shortlink":"https:\/\/wp.me\/pfMlyK-gwU","_links":{"self":[{"href":"https:\/\/ismaelcolosi.com.br\/index.php\/wp-json\/wp\/v2\/posts\/63544","targetHints":{"allow":["GET"]}}],"collection":[{"href":"https:\/\/ismaelcolosi.com.br\/index.php\/wp-json\/wp\/v2\/posts"}],"about":[{"href":"https:\/\/ismaelcolosi.com.br\/index.php\/wp-json\/wp\/v2\/types\/post"}],"author":[{"embeddable":true,"href":"https:\/\/ismaelcolosi.com.br\/index.php\/wp-json\/wp\/v2\/users\/1"}],"replies":[{"embeddable":true,"href":"https:\/\/ismaelcolosi.com.br\/index.php\/wp-json\/wp\/v2\/comments?post=63544"}],"version-history":[{"count":0,"href":"https:\/\/ismaelcolosi.com.br\/index.php\/wp-json\/wp\/v2\/posts\/63544\/revisions"}],"wp:featuredmedia":[{"embeddable":true,"href":"https:\/\/ismaelcolosi.com.br\/index.php\/wp-json\/wp\/v2\/media\/63545"}],"wp:attachment":[{"href":"https:\/\/ismaelcolosi.com.br\/index.php\/wp-json\/wp\/v2\/media?parent=63544"}],"wp:term":[{"taxonomy":"category","embeddable":true,"href":"https:\/\/ismaelcolosi.com.br\/index.php\/wp-json\/wp\/v2\/categories?post=63544"},{"taxonomy":"post_tag","embeddable":true,"href":"https:\/\/ismaelcolosi.com.br\/index.php\/wp-json\/wp\/v2\/tags?post=63544"}],"curies":[{"name":"wp","href":"https:\/\/api.w.org\/{rel}","templated":true}]}}